{"id":118395,"date":"2022-03-05T20:50:03","date_gmt":"2022-03-05T19:50:03","guid":{"rendered":"https:\/\/radioljubuski.ba\/?p=118395"},"modified":"2022-03-05T20:50:04","modified_gmt":"2022-03-05T19:50:04","slug":"christian-schmidt-nece-biti-rata-u-bih","status":"publish","type":"post","link":"https:\/\/radioljubuski.ba\/index.php\/2022\/03\/05\/christian-schmidt-nece-biti-rata-u-bih\/","title":{"rendered":"Christian Schmidt: Ne\u0107e biti rata u BiH!"},"content":{"rendered":"\n<p>Christian Schmidt, visoki predstavnik u BiH, rekao je u otvorenom razgovoru za \u201eAvaz\u201c da nema naznaka da \u0107e do\u0107i do rata u Bosni i Hercegovini, bez obzira na de\u0161avanja u Ukrajini.<\/p>\n\n\n\n<p><strong>Neka \u0161uti<\/strong><br>Osvrnuo se i na sjednicu Predsjedni\u0161tva Bosne i Hercegovine i zahtjev Milorada Dodika da BiH bude neutralna po pitanju Ukrajine iako je na\u0161a dr\u017eava ve\u0107 ranije zauzela jasan stav u vezi s ruskom agresijom.<\/p>\n\n\n\n<p>&#8211; \u0160to re\u0107i o gospodinu Dodiku? \u010cini mi se kao da je malo pogubljen trenutno. Vidite, u situaciji u kojoj djeca pitaju majke \u0161to je rat u Kijevu ili Harkovu nije vi\u0161e mogu\u0107e biti neutralan. A gospodin Dodik, takav je moj utisak, nekako se ulovio u zamku vlastitih rije\u010di. U takvim slu\u010dajevima bi bilo dobro, a to njemu, sigurno, te\u0161ko pada, nekada nekoliko dana mo\u017eda \u0161utjeti i razmisliti &#8211; rekao je Schmidt.<\/p>\n\n\n\n<p>Na pitanje mo\u017ee li se, s obzirom na to da je na sjednici Generalne skup\u0161tine Ujedinjenih naroda \u010dak i Srbija glasala za rezoluciju, o\u010dekivati druga\u010diji pristup i Dodika, odgovorio je:<\/p>\n\n\n\n<p>&#8211; Vidim da je Srbiji bilo vrlo te\u0161ko i imao sam i mogu\u0107nost o tome razgovarati s tamo\u0161njim predsjednikom Vu\u010di\u0107em. Svakako sam ga savjetovao i ohrabrivao da ne budu neutralni. On je to na kraju i u\u010dinio. To je, sigurno, ne\u0161to vrlo va\u017eno. Mo\u017eda bi to bila i ponuda da se svi prema tome na isti na\u010din i odnose, upravo prema pitanju je li sada, u ovim vremenima i u ovoj situaciji u na\u0161oj regiji, ustvari dobro ostati neutralan i biti neutralan ili \u0107emo jednostavno zadr\u017eati sve one koji \u017eele da provode nasilje i sprije\u010diti ih u tome.<\/p>\n\n\n\n<p>Schmidt je dodao da se, kada je rat u pitanju, ne mo\u017ee biti neutralan.<\/p>\n\n\n\n<p>&#8211; Mora se biti protiv rata i to je naj\u010de\u0161\u0107e \u0161to sam u prethodnim godinama koje sam provodio u BiH i radio. Tada sam bio tu i \u017eeljeli smo da ljudi budu u prilici da \u017eive u miru. Onda ustanovite da su Europska unija i NATO, kada je bitno, ipak tu. Svaki rat se mora sprije\u010diti i to je taj zadatak. Ali mora se biti i uz one koji se onda nalaze, moram re\u0107i, u vrlo te\u0161koj situaciji &#8211; kazao je Schmidt.<\/p>\n\n\n\n<p>Pitali smo ga i za komentar u vezi s \u010dinjenicom da su gra\u0111ani u BiH, s obzirom na de\u0161avanja u Ukrajini, upla\u0161eni jer misle da postoji mogu\u0107nost ratnih sukoba i ovdje.<\/p>\n\n\n\n<p>&#8211; Ja to razumijem. Ipak je ovo zemlja u kojoj je prethodna generacija do\u017eivjela rat i svako zna \u0161to to zna\u010di, samo treba pro\u0107i Sarajevom da se osjeti \u0161to se mo\u017ee desiti. Ako su rat i nasilje tu, onda se moramo ne samo brinuti o ljudima ve\u0107 moramo isto tako poslati poruku. Moja poruka je jasna. Mi, Bogu hvala, do sada nemamo nikakvih naznaka da na zapadnom Balkanu i u BiH dolazi do bilo kakvih napetosti da bi se ljudi morali pla\u0161iti da \u0107e do\u0107i do nekog rata ili nasilja &#8211; rekao je visoki predstavnik.<\/p>\n\n\n\n<p>Jasno je potcrtao da \u201emoramo sada u\u010diniti sve da nitko ne do\u0111e ni na kakve glupe misli i ideje\u201c i zbog toga je pove\u0107ano prisustvo EUFOR-ove misije \u201cAlthea\u201d u BiH.<\/p>\n\n\n\n<p>&#8211; Jednostavno, kako bismo tim nekim pojedincima koji misle da mogu pokazivati hrabrost pokazali da ne mogu, da malo ohlade svoje glave, i poru\u010dili im da se mi ovdje zala\u017eemo za mir bez obzira na to koja je etni\u010dka pripadnost, iako oko 95 posto ljudi u Tuzli, Banjoj Luci, Biha\u0107u, Mostaru ili Sarajevu ili negdje na selu jednostavno \u017eeli mir. I me\u0111unarodna zajednica mo\u017ee samo dati doprinos u tom smislu i mi ga moramo dati. I to jeste ustvari moj zadatak &#8211; istakao je Schmidt.<\/p>\n\n\n\n<p>Ni\u0161ta novo<br>Kada su u pitanju izmjene Izbornog zakona BiH i izbori koji nas o\u010dekuju ove godine, ponovio je stav da se oni moraju odr\u017eati prema starom ili novom zakonu.<\/p>\n\n\n\n<p>&#8211; Ja nisam ispri\u010dao nikakve novosti. Samo sam govorio o zakonu kakav je sada trenutno i datumu koji je predvi\u0111en za izbore. Imamo \u010ditav niz stvari u Izbornom zakonu koje nisu dobro rije\u0161ene. To je, recimo, transparentnost, bira\u010di moraju biti sigurni da \u0107e njihov glas biti stvarno prebrojan i dat onome kome su ga i dali &#8211; istakao je.<\/p>\n\n\n\n<p>Spreman povu\u0107i zakon<br>\u0160mit je, govore\u0107i o zakonu o negiranju genocida koji je nametnuo njegov prethodnik Valentin Inzko, kazao da ga je spreman povu\u0107i, ali da&#8230;<\/p>\n\n\n\n<p>&#8211; Zakoni ne poznaju razli\u010dite rase, boje ko\u017ee ili razli\u010dito porijeklo, ovo nije zakon za nekoga ili protiv nekoga, i u tom smislu i oni koji su \u017ertve, oni se svi moraju prona\u0107i u tom zakonu, a u ovoj zemlji, na\u017ealost, nema nikoga tko nije imao \u017ertava.<\/p>\n\n\n\n<p>Moram re\u0107i, kolega Inzko je donio sam takvu odluku. Evo, ja sam spreman da to povu\u010dem ukoliko doma\u0107e institucije naprave zakon, odnosno regulativu po tom pitanju. Mene sada zanima isto tako pitanje da li je s pravne strane to uredu. Ono \u0161to je meni interesantno u BiH jesu reakcije. Kao da neko ho\u0107e nekome da naudi na neki na\u010din. O\u010dekujem da se ka\u017ee: \u201eUredu, to nam se ne\u0161to ne dopada, ovo nije potpuno. Hajdemo malo to doraditi.\u201c To je ono \u0161to dugujemo \u017ertvama, bez obzira na to tko su one i le\u017ee li u mezarovima ili grobovima &#8211; zaklju\u010dio je Schmidt, za&nbsp;<a href=\"https:\/\/avaz.ba\/vijesti\/bih\/723202\/kristijan-smit-visoki-predstavnik-u-bih-za-avaz-nece-biti-rata-u-bih\">Avaz<\/a>.<\/p>\n\n\n\n<p>Izvor:avaz.ba<\/p>\n","protected":false},"excerpt":{"rendered":"<p>Christian Schmidt, visoki predstavnik u BiH, rekao je u otvorenom razgovoru za \u201eAvaz\u201c da nema naznaka da \u0107e do\u0107i do rata u Bosni i Hercegovini, bez obzira na de\u0161avanja u Ukrajini. Neka \u0161utiOsvrnuo se i na sjednicu Predsjedni\u0161tva Bosne i Hercegovine i zahtjev Milorada Dodika da BiH bude neutralna po pitanju Ukrajine iako je na\u0161a [&hellip;]<\/p>\n","protected":false},"author":2,"featured_media":48221,"comment_status":"closed","ping_status":"closed","sticky":false,"template":"","format":"standard","meta":{"h5ap_radio_sources":[],"footnotes":""},"categories":[1],"tags":[],"class_list":["post-118395","post","type-post","status-publish","format-standard","has-post-thumbnail","hentry","category-bihiregija"],"yoast_head":"<!-- This site is optimized with the Yoast SEO plugin v27.5 - https:\/\/yoast.com\/product\/yoast-seo-wordpress\/ -->\n<title>Christian Schmidt: Ne\u0107e biti rata u BiH! - RADIO LJUBU\u0160KI<\/title>\n<meta name=\"robots\" content=\"index, follow, max-snippet:-1, max-image-preview:large, max-video-preview:-1\" \/>\n<link rel=\"canonical\" href=\"https:\/\/radioljubuski.ba\/index.php\/2022\/03\/05\/christian-schmidt-nece-biti-rata-u-bih\/\" \/>\n<meta property=\"og:locale\" content=\"hr_HR\" \/>\n<meta property=\"og:type\" content=\"article\" \/>\n<meta property=\"og:title\" content=\"Christian Schmidt: Ne\u0107e biti rata u BiH! - RADIO LJUBU\u0160KI\" \/>\n<meta property=\"og:description\" content=\"Christian Schmidt, visoki predstavnik u BiH, rekao je u otvorenom razgovoru za \u201eAvaz\u201c da nema naznaka da \u0107e do\u0107i do rata u Bosni i Hercegovini, bez obzira na de\u0161avanja u Ukrajini. Neka \u0161utiOsvrnuo se i na sjednicu Predsjedni\u0161tva Bosne i Hercegovine i zahtjev Milorada Dodika da BiH bude neutralna po pitanju Ukrajine iako je na\u0161a [&hellip;]\" \/>\n<meta property=\"og:url\" content=\"https:\/\/radioljubuski.ba\/index.php\/2022\/03\/05\/christian-schmidt-nece-biti-rata-u-bih\/\" \/>\n<meta property=\"og:site_name\" content=\"RADIO LJUBU\u0160KI\" \/>\n<meta property=\"article:publisher\" content=\"https:\/\/www.facebook.com\/Radiio-Ljubuski-1490835324566332\" \/>\n<meta property=\"article:published_time\" content=\"2022-03-05T19:50:03+00:00\" \/>\n<meta property=\"article:modified_time\" content=\"2022-03-05T19:50:04+00:00\" \/>\n<meta property=\"og:image\" content=\"https:\/\/radioljubuski.ba\/wp-content\/uploads\/2021\/07\/BrP5Vz1H_Christian_Schmidt-3.jpg\" \/>\n\t<meta property=\"og:image:width\" content=\"1000\" \/>\n\t<meta property=\"og:image:height\" content=\"625\" \/>\n\t<meta property=\"og:image:type\" content=\"image\/jpeg\" \/>\n<meta name=\"author\" content=\"Radio Ljubu\u0161ki\" \/>\n<meta name=\"twitter:card\" content=\"summary_large_image\" \/>\n<meta name=\"twitter:creator\" content=\"@radioljubuski\" \/>\n<meta name=\"twitter:site\" content=\"@radioljubuski\" \/>\n<meta name=\"twitter:label1\" content=\"Napisao\/la\" \/>\n\t<meta name=\"twitter:data1\" content=\"Radio Ljubu\u0161ki\" \/>\n\t<meta name=\"twitter:label2\" content=\"Procijenjeno vrijeme \u010ditanja\" \/>\n\t<meta name=\"twitter:data2\" content=\"4 minute\" \/>\n<script type=\"application\/ld+json\" class=\"yoast-schema-graph\">{\"@context\":\"https:\\\/\\\/schema.org\",\"@graph\":[{\"@type\":\"Article\",\"@id\":\"https:\\\/\\\/radioljubuski.ba\\\/index.php\\\/2022\\\/03\\\/05\\\/christian-schmidt-nece-biti-rata-u-bih\\\/#article\",\"isPartOf\":{\"@id\":\"https:\\\/\\\/radioljubuski.ba\\\/index.php\\\/2022\\\/03\\\/05\\\/christian-schmidt-nece-biti-rata-u-bih\\\/\"},\"author\":{\"name\":\"Radio Ljubu\u0161ki\",\"@id\":\"https:\\\/\\\/radioljubuski.ba\\\/#\\\/schema\\\/person\\\/19fc700381a780f69665d7956c469e3b\"},\"headline\":\"Christian Schmidt: Ne\u0107e biti rata u BiH!\",\"datePublished\":\"2022-03-05T19:50:03+00:00\",\"dateModified\":\"2022-03-05T19:50:04+00:00\",\"mainEntityOfPage\":{\"@id\":\"https:\\\/\\\/radioljubuski.ba\\\/index.php\\\/2022\\\/03\\\/05\\\/christian-schmidt-nece-biti-rata-u-bih\\\/\"},\"wordCount\":958,\"publisher\":{\"@id\":\"https:\\\/\\\/radioljubuski.ba\\\/#organization\"},\"image\":{\"@id\":\"https:\\\/\\\/radioljubuski.ba\\\/index.php\\\/2022\\\/03\\\/05\\\/christian-schmidt-nece-biti-rata-u-bih\\\/#primaryimage\"},\"thumbnailUrl\":\"https:\\\/\\\/radioljubuski.ba\\\/wp-content\\\/uploads\\\/2021\\\/07\\\/BrP5Vz1H_Christian_Schmidt-3.jpg\",\"articleSection\":[\"BIH i regija\"],\"inLanguage\":\"hr\"},{\"@type\":\"WebPage\",\"@id\":\"https:\\\/\\\/radioljubuski.ba\\\/index.php\\\/2022\\\/03\\\/05\\\/christian-schmidt-nece-biti-rata-u-bih\\\/\",\"url\":\"https:\\\/\\\/radioljubuski.ba\\\/index.php\\\/2022\\\/03\\\/05\\\/christian-schmidt-nece-biti-rata-u-bih\\\/\",\"name\":\"Christian Schmidt: Ne\u0107e biti rata u BiH! - RADIO LJUBU\u0160KI\",\"isPartOf\":{\"@id\":\"https:\\\/\\\/radioljubuski.ba\\\/#website\"},\"primaryImageOfPage\":{\"@id\":\"https:\\\/\\\/radioljubuski.ba\\\/index.php\\\/2022\\\/03\\\/05\\\/christian-schmidt-nece-biti-rata-u-bih\\\/#primaryimage\"},\"image\":{\"@id\":\"https:\\\/\\\/radioljubuski.ba\\\/index.php\\\/2022\\\/03\\\/05\\\/christian-schmidt-nece-biti-rata-u-bih\\\/#primaryimage\"},\"thumbnailUrl\":\"https:\\\/\\\/radioljubuski.ba\\\/wp-content\\\/uploads\\\/2021\\\/07\\\/BrP5Vz1H_Christian_Schmidt-3.jpg\",\"datePublished\":\"2022-03-05T19:50:03+00:00\",\"dateModified\":\"2022-03-05T19:50:04+00:00\",\"breadcrumb\":{\"@id\":\"https:\\\/\\\/radioljubuski.ba\\\/index.php\\\/2022\\\/03\\\/05\\\/christian-schmidt-nece-biti-rata-u-bih\\\/#breadcrumb\"},\"inLanguage\":\"hr\",\"potentialAction\":[{\"@type\":\"ReadAction\",\"target\":[\"https:\\\/\\\/radioljubuski.ba\\\/index.php\\\/2022\\\/03\\\/05\\\/christian-schmidt-nece-biti-rata-u-bih\\\/\"]}]},{\"@type\":\"ImageObject\",\"inLanguage\":\"hr\",\"@id\":\"https:\\\/\\\/radioljubuski.ba\\\/index.php\\\/2022\\\/03\\\/05\\\/christian-schmidt-nece-biti-rata-u-bih\\\/#primaryimage\",\"url\":\"https:\\\/\\\/radioljubuski.ba\\\/wp-content\\\/uploads\\\/2021\\\/07\\\/BrP5Vz1H_Christian_Schmidt-3.jpg\",\"contentUrl\":\"https:\\\/\\\/radioljubuski.ba\\\/wp-content\\\/uploads\\\/2021\\\/07\\\/BrP5Vz1H_Christian_Schmidt-3.jpg\",\"width\":1000,\"height\":625},{\"@type\":\"BreadcrumbList\",\"@id\":\"https:\\\/\\\/radioljubuski.ba\\\/index.php\\\/2022\\\/03\\\/05\\\/christian-schmidt-nece-biti-rata-u-bih\\\/#breadcrumb\",\"itemListElement\":[{\"@type\":\"ListItem\",\"position\":1,\"name\":\"Po\u010detna stranica\",\"item\":\"https:\\\/\\\/radioljubuski.ba\\\/\"},{\"@type\":\"ListItem\",\"position\":2,\"name\":\"Christian Schmidt: Ne\u0107e biti rata u BiH!\"}]},{\"@type\":\"WebSite\",\"@id\":\"https:\\\/\\\/radioljubuski.ba\\\/#website\",\"url\":\"https:\\\/\\\/radioljubuski.ba\\\/\",\"name\":\"Radio Ljubu\u0161ki\",\"description\":\"Sun\u010dana frekvencija Hercegovine\",\"publisher\":{\"@id\":\"https:\\\/\\\/radioljubuski.ba\\\/#organization\"},\"potentialAction\":[{\"@type\":\"SearchAction\",\"target\":{\"@type\":\"EntryPoint\",\"urlTemplate\":\"https:\\\/\\\/radioljubuski.ba\\\/?s={search_term_string}\"},\"query-input\":{\"@type\":\"PropertyValueSpecification\",\"valueRequired\":true,\"valueName\":\"search_term_string\"}}],\"inLanguage\":\"hr\"},{\"@type\":\"Organization\",\"@id\":\"https:\\\/\\\/radioljubuski.ba\\\/#organization\",\"name\":\"Radio Ljubu\u0161ki\",\"url\":\"https:\\\/\\\/radioljubuski.ba\\\/\",\"logo\":{\"@type\":\"ImageObject\",\"inLanguage\":\"hr\",\"@id\":\"https:\\\/\\\/radioljubuski.ba\\\/#\\\/schema\\\/logo\\\/image\\\/\",\"url\":\"https:\\\/\\\/radioljubuski.ba\\\/wp-content\\\/uploads\\\/2021\\\/02\\\/cropped-Radio_Ljubuski_logo1.jpg\",\"contentUrl\":\"https:\\\/\\\/radioljubuski.ba\\\/wp-content\\\/uploads\\\/2021\\\/02\\\/cropped-Radio_Ljubuski_logo1.jpg\",\"width\":512,\"height\":512,\"caption\":\"Radio Ljubu\u0161ki\"},\"image\":{\"@id\":\"https:\\\/\\\/radioljubuski.ba\\\/#\\\/schema\\\/logo\\\/image\\\/\"},\"sameAs\":[\"https:\\\/\\\/www.facebook.com\\\/Radiio-Ljubuski-1490835324566332\",\"https:\\\/\\\/x.com\\\/radioljubuski\",\"https:\\\/\\\/hr.linkedin.com\\\/company\\\/radio-ljubuski\",\"https:\\\/\\\/www.youtube.com\\\/channel\\\/UCHYaeO_n0Db3tjNGudGpXyw\"]},{\"@type\":\"Person\",\"@id\":\"https:\\\/\\\/radioljubuski.ba\\\/#\\\/schema\\\/person\\\/19fc700381a780f69665d7956c469e3b\",\"name\":\"Radio Ljubu\u0161ki\"}]}<\/script>\n<!-- \/ Yoast SEO plugin. -->","yoast_head_json":{"title":"Christian Schmidt: Ne\u0107e biti rata u BiH! - RADIO LJUBU\u0160KI","robots":{"index":"index","follow":"follow","max-snippet":"max-snippet:-1","max-image-preview":"max-image-preview:large","max-video-preview":"max-video-preview:-1"},"canonical":"https:\/\/radioljubuski.ba\/index.php\/2022\/03\/05\/christian-schmidt-nece-biti-rata-u-bih\/","og_locale":"hr_HR","og_type":"article","og_title":"Christian Schmidt: Ne\u0107e biti rata u BiH! - RADIO LJUBU\u0160KI","og_description":"Christian Schmidt, visoki predstavnik u BiH, rekao je u otvorenom razgovoru za \u201eAvaz\u201c da nema naznaka da \u0107e do\u0107i do rata u Bosni i Hercegovini, bez obzira na de\u0161avanja u Ukrajini. Neka \u0161utiOsvrnuo se i na sjednicu Predsjedni\u0161tva Bosne i Hercegovine i zahtjev Milorada Dodika da BiH bude neutralna po pitanju Ukrajine iako je na\u0161a [&hellip;]","og_url":"https:\/\/radioljubuski.ba\/index.php\/2022\/03\/05\/christian-schmidt-nece-biti-rata-u-bih\/","og_site_name":"RADIO LJUBU\u0160KI","article_publisher":"https:\/\/www.facebook.com\/Radiio-Ljubuski-1490835324566332","article_published_time":"2022-03-05T19:50:03+00:00","article_modified_time":"2022-03-05T19:50:04+00:00","og_image":[{"width":1000,"height":625,"url":"https:\/\/radioljubuski.ba\/wp-content\/uploads\/2021\/07\/BrP5Vz1H_Christian_Schmidt-3.jpg","type":"image\/jpeg"}],"author":"Radio Ljubu\u0161ki","twitter_card":"summary_large_image","twitter_creator":"@radioljubuski","twitter_site":"@radioljubuski","twitter_misc":{"Napisao\/la":"Radio Ljubu\u0161ki","Procijenjeno vrijeme \u010ditanja":"4 minute"},"schema":{"@context":"https:\/\/schema.org","@graph":[{"@type":"Article","@id":"https:\/\/radioljubuski.ba\/index.php\/2022\/03\/05\/christian-schmidt-nece-biti-rata-u-bih\/#article","isPartOf":{"@id":"https:\/\/radioljubuski.ba\/index.php\/2022\/03\/05\/christian-schmidt-nece-biti-rata-u-bih\/"},"author":{"name":"Radio Ljubu\u0161ki","@id":"https:\/\/radioljubuski.ba\/#\/schema\/person\/19fc700381a780f69665d7956c469e3b"},"headline":"Christian Schmidt: Ne\u0107e biti rata u BiH!","datePublished":"2022-03-05T19:50:03+00:00","dateModified":"2022-03-05T19:50:04+00:00","mainEntityOfPage":{"@id":"https:\/\/radioljubuski.ba\/index.php\/2022\/03\/05\/christian-schmidt-nece-biti-rata-u-bih\/"},"wordCount":958,"publisher":{"@id":"https:\/\/radioljubuski.ba\/#organization"},"image":{"@id":"https:\/\/radioljubuski.ba\/index.php\/2022\/03\/05\/christian-schmidt-nece-biti-rata-u-bih\/#primaryimage"},"thumbnailUrl":"https:\/\/radioljubuski.ba\/wp-content\/uploads\/2021\/07\/BrP5Vz1H_Christian_Schmidt-3.jpg","articleSection":["BIH i regija"],"inLanguage":"hr"},{"@type":"WebPage","@id":"https:\/\/radioljubuski.ba\/index.php\/2022\/03\/05\/christian-schmidt-nece-biti-rata-u-bih\/","url":"https:\/\/radioljubuski.ba\/index.php\/2022\/03\/05\/christian-schmidt-nece-biti-rata-u-bih\/","name":"Christian Schmidt: Ne\u0107e biti rata u BiH! - RADIO LJUBU\u0160KI","isPartOf":{"@id":"https:\/\/radioljubuski.ba\/#website"},"primaryImageOfPage":{"@id":"https:\/\/radioljubuski.ba\/index.php\/2022\/03\/05\/christian-schmidt-nece-biti-rata-u-bih\/#primaryimage"},"image":{"@id":"https:\/\/radioljubuski.ba\/index.php\/2022\/03\/05\/christian-schmidt-nece-biti-rata-u-bih\/#primaryimage"},"thumbnailUrl":"https:\/\/radioljubuski.ba\/wp-content\/uploads\/2021\/07\/BrP5Vz1H_Christian_Schmidt-3.jpg","datePublished":"2022-03-05T19:50:03+00:00","dateModified":"2022-03-05T19:50:04+00:00","breadcrumb":{"@id":"https:\/\/radioljubuski.ba\/index.php\/2022\/03\/05\/christian-schmidt-nece-biti-rata-u-bih\/#breadcrumb"},"inLanguage":"hr","potentialAction":[{"@type":"ReadAction","target":["https:\/\/radioljubuski.ba\/index.php\/2022\/03\/05\/christian-schmidt-nece-biti-rata-u-bih\/"]}]},{"@type":"ImageObject","inLanguage":"hr","@id":"https:\/\/radioljubuski.ba\/index.php\/2022\/03\/05\/christian-schmidt-nece-biti-rata-u-bih\/#primaryimage","url":"https:\/\/radioljubuski.ba\/wp-content\/uploads\/2021\/07\/BrP5Vz1H_Christian_Schmidt-3.jpg","contentUrl":"https:\/\/radioljubuski.ba\/wp-content\/uploads\/2021\/07\/BrP5Vz1H_Christian_Schmidt-3.jpg","width":1000,"height":625},{"@type":"BreadcrumbList","@id":"https:\/\/radioljubuski.ba\/index.php\/2022\/03\/05\/christian-schmidt-nece-biti-rata-u-bih\/#breadcrumb","itemListElement":[{"@type":"ListItem","position":1,"name":"Po\u010detna stranica","item":"https:\/\/radioljubuski.ba\/"},{"@type":"ListItem","position":2,"name":"Christian Schmidt: Ne\u0107e biti rata u BiH!"}]},{"@type":"WebSite","@id":"https:\/\/radioljubuski.ba\/#website","url":"https:\/\/radioljubuski.ba\/","name":"Radio Ljubu\u0161ki","description":"Sun\u010dana frekvencija Hercegovine","publisher":{"@id":"https:\/\/radioljubuski.ba\/#organization"},"potentialAction":[{"@type":"SearchAction","target":{"@type":"EntryPoint","urlTemplate":"https:\/\/radioljubuski.ba\/?s={search_term_string}"},"query-input":{"@type":"PropertyValueSpecification","valueRequired":true,"valueName":"search_term_string"}}],"inLanguage":"hr"},{"@type":"Organization","@id":"https:\/\/radioljubuski.ba\/#organization","name":"Radio Ljubu\u0161ki","url":"https:\/\/radioljubuski.ba\/","logo":{"@type":"ImageObject","inLanguage":"hr","@id":"https:\/\/radioljubuski.ba\/#\/schema\/logo\/image\/","url":"https:\/\/radioljubuski.ba\/wp-content\/uploads\/2021\/02\/cropped-Radio_Ljubuski_logo1.jpg","contentUrl":"https:\/\/radioljubuski.ba\/wp-content\/uploads\/2021\/02\/cropped-Radio_Ljubuski_logo1.jpg","width":512,"height":512,"caption":"Radio Ljubu\u0161ki"},"image":{"@id":"https:\/\/radioljubuski.ba\/#\/schema\/logo\/image\/"},"sameAs":["https:\/\/www.facebook.com\/Radiio-Ljubuski-1490835324566332","https:\/\/x.com\/radioljubuski","https:\/\/hr.linkedin.com\/company\/radio-ljubuski","https:\/\/www.youtube.com\/channel\/UCHYaeO_n0Db3tjNGudGpXyw"]},{"@type":"Person","@id":"https:\/\/radioljubuski.ba\/#\/schema\/person\/19fc700381a780f69665d7956c469e3b","name":"Radio Ljubu\u0161ki"}]}},"_links":{"self":[{"href":"https:\/\/radioljubuski.ba\/index.php\/wp-json\/wp\/v2\/posts\/118395","targetHints":{"allow":["GET"]}}],"collection":[{"href":"https:\/\/radioljubuski.ba\/index.php\/wp-json\/wp\/v2\/posts"}],"about":[{"href":"https:\/\/radioljubuski.ba\/index.php\/wp-json\/wp\/v2\/types\/post"}],"author":[{"embeddable":true,"href":"https:\/\/radioljubuski.ba\/index.php\/wp-json\/wp\/v2\/users\/2"}],"replies":[{"embeddable":true,"href":"https:\/\/radioljubuski.ba\/index.php\/wp-json\/wp\/v2\/comments?post=118395"}],"version-history":[{"count":1,"href":"https:\/\/radioljubuski.ba\/index.php\/wp-json\/wp\/v2\/posts\/118395\/revisions"}],"predecessor-version":[{"id":118396,"href":"https:\/\/radioljubuski.ba\/index.php\/wp-json\/wp\/v2\/posts\/118395\/revisions\/118396"}],"wp:featuredmedia":[{"embeddable":true,"href":"https:\/\/radioljubuski.ba\/index.php\/wp-json\/wp\/v2\/media\/48221"}],"wp:attachment":[{"href":"https:\/\/radioljubuski.ba\/index.php\/wp-json\/wp\/v2\/media?parent=118395"}],"wp:term":[{"taxonomy":"category","embeddable":true,"href":"https:\/\/radioljubuski.ba\/index.php\/wp-json\/wp\/v2\/categories?post=118395"},{"taxonomy":"post_tag","embeddable":true,"href":"https:\/\/radioljubuski.ba\/index.php\/wp-json\/wp\/v2\/tags?post=118395"}],"curies":[{"name":"wp","href":"https:\/\/api.w.org\/{rel}","templated":true}]}}