{"id":118397,"date":"2022-03-05T20:51:12","date_gmt":"2022-03-05T19:51:12","guid":{"rendered":"https:\/\/radioljubuski.ba\/?p=118397"},"modified":"2022-03-05T20:51:13","modified_gmt":"2022-03-05T19:51:13","slug":"nenad-peris-potvrdio-da-tijelo-nadeno-u-dunavu-ne-pripada-njegovom-sinu","status":"publish","type":"post","link":"https:\/\/radioljubuski.ba\/index.php\/2022\/03\/05\/nenad-peris-potvrdio-da-tijelo-nadeno-u-dunavu-ne-pripada-njegovom-sinu\/","title":{"rendered":"Nenad Peri\u0161 potvrdio da tijelo na\u0111eno u Dunavu ne pripada njegovom sinu"},"content":{"rendered":"\n<p>Srbijanska policija prona\u0161la je u subotu, u Dunavu kod Kostolovca tijelo mrtve osobe i o tome je izvijestila Nenada Peri\u0161a. Peri\u0161 se jo\u0161 uvijek nalazi u Beogradu, gdje boravi kako bi bio od pomo\u0107i u istrazi oko nestanka svog sina Mateja, koji je nestao u no\u0107i sa 30. na 31. prosinca pro\u0161le godine.<\/p>\n\n\n\n<p>&#8211; Da izvijestili su me o tom pronalasku, kao \u0161to su me do sada svaki puta izvijestili kada bi prona\u0161li neko tijelo ili neku osobu. Me\u0111utim, osoba koja je prona\u0111ena na sebi je imala obu\u010dene tamne tenisice, a kako je moj Matej, u no\u0107i nestanka imao bijele tenisice, otklonjena je mogu\u0107nost kako bi se moglo raditi o njemu, rekao nam je ju\u010der u telefonskom razgovoru Nenad Peri\u0161.<\/p>\n\n\n\n<p>Srbijanska policija ima DNK profil Nenada Peri\u0161a, kako bi mogu\u0107a identifikacija mogla biti obavljena.<\/p>\n\n\n\n<p>&#8211; Ja sam svoj DNK dao nedugo nakon dolaska u Beograd. Moram re\u0107i da se radi o standardnoj proceduri. Na\u017ealost, jo\u0161 uvijek nema informacija o Mateju, a ja do daljnjega ostajem u Beogradu. Srbijanska policija i dalje vrlo odgovorno i profesionalno obavlja svoj posao, kada je u pitanju nestanak mog sina, zaklju\u010dio je Nenad Peri\u0161.<\/p>\n\n\n\n<p>Tijelo prona\u0111eno u Dunavu, prona\u0111eno je na podru\u010dju Policijske uprave Po\u017earevac i odneseno je na patologiju, gdje \u0107e biti obavljena obdukcija, identifikacija i ustanovljen mogu\u0107i uzrok smrti.<\/p>\n\n\n\n<p>Izvor:pogled.ba<\/p>\n","protected":false},"excerpt":{"rendered":"<p>Srbijanska policija prona\u0161la je u subotu, u Dunavu kod Kostolovca tijelo mrtve osobe i o tome je izvijestila Nenada Peri\u0161a. Peri\u0161 se jo\u0161 uvijek nalazi u Beogradu, gdje boravi kako bi bio od pomo\u0107i u istrazi oko nestanka svog sina Mateja, koji je nestao u no\u0107i sa 30. na 31. prosinca pro\u0161le godine. &#8211; Da [&hellip;]<\/p>\n","protected":false},"author":2,"featured_media":118398,"comment_status":"closed","ping_status":"closed","sticky":false,"template":"","format":"standard","meta":{"h5ap_radio_sources":[],"footnotes":""},"categories":[1],"tags":[],"class_list":["post-118397","post","type-post","status-publish","format-standard","has-post-thumbnail","hentry","category-bihiregija"],"yoast_head":"<!-- This site is optimized with the Yoast SEO plugin v27.5 - https:\/\/yoast.com\/product\/yoast-seo-wordpress\/ -->\n<title>Nenad Peri\u0161 potvrdio da tijelo na\u0111eno u Dunavu ne pripada njegovom sinu - RADIO LJUBU\u0160KI<\/title>\n<meta name=\"robots\" content=\"index, follow, max-snippet:-1, max-image-preview:large, max-video-preview:-1\" \/>\n<link rel=\"canonical\" href=\"https:\/\/radioljubuski.ba\/index.php\/2022\/03\/05\/nenad-peris-potvrdio-da-tijelo-nadeno-u-dunavu-ne-pripada-njegovom-sinu\/\" \/>\n<meta property=\"og:locale\" content=\"hr_HR\" \/>\n<meta property=\"og:type\" content=\"article\" \/>\n<meta property=\"og:title\" content=\"Nenad Peri\u0161 potvrdio da tijelo na\u0111eno u Dunavu ne pripada njegovom sinu - RADIO LJUBU\u0160KI\" \/>\n<meta property=\"og:description\" content=\"Srbijanska policija prona\u0161la je u subotu, u Dunavu kod Kostolovca tijelo mrtve osobe i o tome je izvijestila Nenada Peri\u0161a. Peri\u0161 se jo\u0161 uvijek nalazi u Beogradu, gdje boravi kako bi bio od pomo\u0107i u istrazi oko nestanka svog sina Mateja, koji je nestao u no\u0107i sa 30. na 31. prosinca pro\u0161le godine. &#8211; Da [&hellip;]\" \/>\n<meta property=\"og:url\" content=\"https:\/\/radioljubuski.ba\/index.php\/2022\/03\/05\/nenad-peris-potvrdio-da-tijelo-nadeno-u-dunavu-ne-pripada-njegovom-sinu\/\" \/>\n<meta property=\"og:site_name\" content=\"RADIO LJUBU\u0160KI\" \/>\n<meta property=\"article:publisher\" content=\"https:\/\/www.facebook.com\/Radiio-Ljubuski-1490835324566332\" \/>\n<meta property=\"article:published_time\" content=\"2022-03-05T19:51:12+00:00\" \/>\n<meta property=\"article:modified_time\" content=\"2022-03-05T19:51:13+00:00\" \/>\n<meta property=\"og:image\" content=\"https:\/\/radioljubuski.ba\/wp-content\/uploads\/2022\/03\/2-2022-01-31-07-59-50-nenad.jpg\" \/>\n\t<meta property=\"og:image:width\" content=\"1000\" \/>\n\t<meta property=\"og:image:height\" content=\"625\" \/>\n\t<meta property=\"og:image:type\" content=\"image\/jpeg\" \/>\n<meta name=\"author\" content=\"Radio Ljubu\u0161ki\" \/>\n<meta name=\"twitter:card\" content=\"summary_large_image\" \/>\n<meta name=\"twitter:creator\" content=\"@radioljubuski\" \/>\n<meta name=\"twitter:site\" content=\"@radioljubuski\" \/>\n<meta name=\"twitter:label1\" content=\"Napisao\/la\" \/>\n\t<meta name=\"twitter:data1\" content=\"Radio Ljubu\u0161ki\" \/>\n\t<meta name=\"twitter:label2\" content=\"Procijenjeno vrijeme \u010ditanja\" \/>\n\t<meta name=\"twitter:data2\" content=\"1 minuta\" \/>\n<script type=\"application\/ld+json\" class=\"yoast-schema-graph\">{\"@context\":\"https:\\\/\\\/schema.org\",\"@graph\":[{\"@type\":\"Article\",\"@id\":\"https:\\\/\\\/radioljubuski.ba\\\/index.php\\\/2022\\\/03\\\/05\\\/nenad-peris-potvrdio-da-tijelo-nadeno-u-dunavu-ne-pripada-njegovom-sinu\\\/#article\",\"isPartOf\":{\"@id\":\"https:\\\/\\\/radioljubuski.ba\\\/index.php\\\/2022\\\/03\\\/05\\\/nenad-peris-potvrdio-da-tijelo-nadeno-u-dunavu-ne-pripada-njegovom-sinu\\\/\"},\"author\":{\"name\":\"Radio Ljubu\u0161ki\",\"@id\":\"https:\\\/\\\/radioljubuski.ba\\\/#\\\/schema\\\/person\\\/19fc700381a780f69665d7956c469e3b\"},\"headline\":\"Nenad Peri\u0161 potvrdio da tijelo na\u0111eno u Dunavu ne pripada njegovom sinu\",\"datePublished\":\"2022-03-05T19:51:12+00:00\",\"dateModified\":\"2022-03-05T19:51:13+00:00\",\"mainEntityOfPage\":{\"@id\":\"https:\\\/\\\/radioljubuski.ba\\\/index.php\\\/2022\\\/03\\\/05\\\/nenad-peris-potvrdio-da-tijelo-nadeno-u-dunavu-ne-pripada-njegovom-sinu\\\/\"},\"wordCount\":252,\"publisher\":{\"@id\":\"https:\\\/\\\/radioljubuski.ba\\\/#organization\"},\"image\":{\"@id\":\"https:\\\/\\\/radioljubuski.ba\\\/index.php\\\/2022\\\/03\\\/05\\\/nenad-peris-potvrdio-da-tijelo-nadeno-u-dunavu-ne-pripada-njegovom-sinu\\\/#primaryimage\"},\"thumbnailUrl\":\"https:\\\/\\\/radioljubuski.ba\\\/wp-content\\\/uploads\\\/2022\\\/03\\\/2-2022-01-31-07-59-50-nenad.jpg\",\"articleSection\":[\"BIH i regija\"],\"inLanguage\":\"hr\"},{\"@type\":\"WebPage\",\"@id\":\"https:\\\/\\\/radioljubuski.ba\\\/index.php\\\/2022\\\/03\\\/05\\\/nenad-peris-potvrdio-da-tijelo-nadeno-u-dunavu-ne-pripada-njegovom-sinu\\\/\",\"url\":\"https:\\\/\\\/radioljubuski.ba\\\/index.php\\\/2022\\\/03\\\/05\\\/nenad-peris-potvrdio-da-tijelo-nadeno-u-dunavu-ne-pripada-njegovom-sinu\\\/\",\"name\":\"Nenad Peri\u0161 potvrdio da tijelo na\u0111eno u Dunavu ne pripada njegovom sinu - RADIO LJUBU\u0160KI\",\"isPartOf\":{\"@id\":\"https:\\\/\\\/radioljubuski.ba\\\/#website\"},\"primaryImageOfPage\":{\"@id\":\"https:\\\/\\\/radioljubuski.ba\\\/index.php\\\/2022\\\/03\\\/05\\\/nenad-peris-potvrdio-da-tijelo-nadeno-u-dunavu-ne-pripada-njegovom-sinu\\\/#primaryimage\"},\"image\":{\"@id\":\"https:\\\/\\\/radioljubuski.ba\\\/index.php\\\/2022\\\/03\\\/05\\\/nenad-peris-potvrdio-da-tijelo-nadeno-u-dunavu-ne-pripada-njegovom-sinu\\\/#primaryimage\"},\"thumbnailUrl\":\"https:\\\/\\\/radioljubuski.ba\\\/wp-content\\\/uploads\\\/2022\\\/03\\\/2-2022-01-31-07-59-50-nenad.jpg\",\"datePublished\":\"2022-03-05T19:51:12+00:00\",\"dateModified\":\"2022-03-05T19:51:13+00:00\",\"breadcrumb\":{\"@id\":\"https:\\\/\\\/radioljubuski.ba\\\/index.php\\\/2022\\\/03\\\/05\\\/nenad-peris-potvrdio-da-tijelo-nadeno-u-dunavu-ne-pripada-njegovom-sinu\\\/#breadcrumb\"},\"inLanguage\":\"hr\",\"potentialAction\":[{\"@type\":\"ReadAction\",\"target\":[\"https:\\\/\\\/radioljubuski.ba\\\/index.php\\\/2022\\\/03\\\/05\\\/nenad-peris-potvrdio-da-tijelo-nadeno-u-dunavu-ne-pripada-njegovom-sinu\\\/\"]}]},{\"@type\":\"ImageObject\",\"inLanguage\":\"hr\",\"@id\":\"https:\\\/\\\/radioljubuski.ba\\\/index.php\\\/2022\\\/03\\\/05\\\/nenad-peris-potvrdio-da-tijelo-nadeno-u-dunavu-ne-pripada-njegovom-sinu\\\/#primaryimage\",\"url\":\"https:\\\/\\\/radioljubuski.ba\\\/wp-content\\\/uploads\\\/2022\\\/03\\\/2-2022-01-31-07-59-50-nenad.jpg\",\"contentUrl\":\"https:\\\/\\\/radioljubuski.ba\\\/wp-content\\\/uploads\\\/2022\\\/03\\\/2-2022-01-31-07-59-50-nenad.jpg\",\"width\":1000,\"height\":625},{\"@type\":\"BreadcrumbList\",\"@id\":\"https:\\\/\\\/radioljubuski.ba\\\/index.php\\\/2022\\\/03\\\/05\\\/nenad-peris-potvrdio-da-tijelo-nadeno-u-dunavu-ne-pripada-njegovom-sinu\\\/#breadcrumb\",\"itemListElement\":[{\"@type\":\"ListItem\",\"position\":1,\"name\":\"Po\u010detna stranica\",\"item\":\"https:\\\/\\\/radioljubuski.ba\\\/\"},{\"@type\":\"ListItem\",\"position\":2,\"name\":\"Nenad Peri\u0161 potvrdio da tijelo na\u0111eno u Dunavu ne pripada njegovom sinu\"}]},{\"@type\":\"WebSite\",\"@id\":\"https:\\\/\\\/radioljubuski.ba\\\/#website\",\"url\":\"https:\\\/\\\/radioljubuski.ba\\\/\",\"name\":\"Radio Ljubu\u0161ki\",\"description\":\"Sun\u010dana frekvencija Hercegovine\",\"publisher\":{\"@id\":\"https:\\\/\\\/radioljubuski.ba\\\/#organization\"},\"potentialAction\":[{\"@type\":\"SearchAction\",\"target\":{\"@type\":\"EntryPoint\",\"urlTemplate\":\"https:\\\/\\\/radioljubuski.ba\\\/?s={search_term_string}\"},\"query-input\":{\"@type\":\"PropertyValueSpecification\",\"valueRequired\":true,\"valueName\":\"search_term_string\"}}],\"inLanguage\":\"hr\"},{\"@type\":\"Organization\",\"@id\":\"https:\\\/\\\/radioljubuski.ba\\\/#organization\",\"name\":\"Radio Ljubu\u0161ki\",\"url\":\"https:\\\/\\\/radioljubuski.ba\\\/\",\"logo\":{\"@type\":\"ImageObject\",\"inLanguage\":\"hr\",\"@id\":\"https:\\\/\\\/radioljubuski.ba\\\/#\\\/schema\\\/logo\\\/image\\\/\",\"url\":\"https:\\\/\\\/radioljubuski.ba\\\/wp-content\\\/uploads\\\/2021\\\/02\\\/cropped-Radio_Ljubuski_logo1.jpg\",\"contentUrl\":\"https:\\\/\\\/radioljubuski.ba\\\/wp-content\\\/uploads\\\/2021\\\/02\\\/cropped-Radio_Ljubuski_logo1.jpg\",\"width\":512,\"height\":512,\"caption\":\"Radio Ljubu\u0161ki\"},\"image\":{\"@id\":\"https:\\\/\\\/radioljubuski.ba\\\/#\\\/schema\\\/logo\\\/image\\\/\"},\"sameAs\":[\"https:\\\/\\\/www.facebook.com\\\/Radiio-Ljubuski-1490835324566332\",\"https:\\\/\\\/x.com\\\/radioljubuski\",\"https:\\\/\\\/hr.linkedin.com\\\/company\\\/radio-ljubuski\",\"https:\\\/\\\/www.youtube.com\\\/channel\\\/UCHYaeO_n0Db3tjNGudGpXyw\"]},{\"@type\":\"Person\",\"@id\":\"https:\\\/\\\/radioljubuski.ba\\\/#\\\/schema\\\/person\\\/19fc700381a780f69665d7956c469e3b\",\"name\":\"Radio Ljubu\u0161ki\"}]}<\/script>\n<!-- \/ Yoast SEO plugin. -->","yoast_head_json":{"title":"Nenad Peri\u0161 potvrdio da tijelo na\u0111eno u Dunavu ne pripada njegovom sinu - RADIO LJUBU\u0160KI","robots":{"index":"index","follow":"follow","max-snippet":"max-snippet:-1","max-image-preview":"max-image-preview:large","max-video-preview":"max-video-preview:-1"},"canonical":"https:\/\/radioljubuski.ba\/index.php\/2022\/03\/05\/nenad-peris-potvrdio-da-tijelo-nadeno-u-dunavu-ne-pripada-njegovom-sinu\/","og_locale":"hr_HR","og_type":"article","og_title":"Nenad Peri\u0161 potvrdio da tijelo na\u0111eno u Dunavu ne pripada njegovom sinu - RADIO LJUBU\u0160KI","og_description":"Srbijanska policija prona\u0161la je u subotu, u Dunavu kod Kostolovca tijelo mrtve osobe i o tome je izvijestila Nenada Peri\u0161a. Peri\u0161 se jo\u0161 uvijek nalazi u Beogradu, gdje boravi kako bi bio od pomo\u0107i u istrazi oko nestanka svog sina Mateja, koji je nestao u no\u0107i sa 30. na 31. prosinca pro\u0161le godine. &#8211; Da [&hellip;]","og_url":"https:\/\/radioljubuski.ba\/index.php\/2022\/03\/05\/nenad-peris-potvrdio-da-tijelo-nadeno-u-dunavu-ne-pripada-njegovom-sinu\/","og_site_name":"RADIO LJUBU\u0160KI","article_publisher":"https:\/\/www.facebook.com\/Radiio-Ljubuski-1490835324566332","article_published_time":"2022-03-05T19:51:12+00:00","article_modified_time":"2022-03-05T19:51:13+00:00","og_image":[{"width":1000,"height":625,"url":"https:\/\/radioljubuski.ba\/wp-content\/uploads\/2022\/03\/2-2022-01-31-07-59-50-nenad.jpg","type":"image\/jpeg"}],"author":"Radio Ljubu\u0161ki","twitter_card":"summary_large_image","twitter_creator":"@radioljubuski","twitter_site":"@radioljubuski","twitter_misc":{"Napisao\/la":"Radio Ljubu\u0161ki","Procijenjeno vrijeme \u010ditanja":"1 minuta"},"schema":{"@context":"https:\/\/schema.org","@graph":[{"@type":"Article","@id":"https:\/\/radioljubuski.ba\/index.php\/2022\/03\/05\/nenad-peris-potvrdio-da-tijelo-nadeno-u-dunavu-ne-pripada-njegovom-sinu\/#article","isPartOf":{"@id":"https:\/\/radioljubuski.ba\/index.php\/2022\/03\/05\/nenad-peris-potvrdio-da-tijelo-nadeno-u-dunavu-ne-pripada-njegovom-sinu\/"},"author":{"name":"Radio Ljubu\u0161ki","@id":"https:\/\/radioljubuski.ba\/#\/schema\/person\/19fc700381a780f69665d7956c469e3b"},"headline":"Nenad Peri\u0161 potvrdio da tijelo na\u0111eno u Dunavu ne pripada njegovom sinu","datePublished":"2022-03-05T19:51:12+00:00","dateModified":"2022-03-05T19:51:13+00:00","mainEntityOfPage":{"@id":"https:\/\/radioljubuski.ba\/index.php\/2022\/03\/05\/nenad-peris-potvrdio-da-tijelo-nadeno-u-dunavu-ne-pripada-njegovom-sinu\/"},"wordCount":252,"publisher":{"@id":"https:\/\/radioljubuski.ba\/#organization"},"image":{"@id":"https:\/\/radioljubuski.ba\/index.php\/2022\/03\/05\/nenad-peris-potvrdio-da-tijelo-nadeno-u-dunavu-ne-pripada-njegovom-sinu\/#primaryimage"},"thumbnailUrl":"https:\/\/radioljubuski.ba\/wp-content\/uploads\/2022\/03\/2-2022-01-31-07-59-50-nenad.jpg","articleSection":["BIH i regija"],"inLanguage":"hr"},{"@type":"WebPage","@id":"https:\/\/radioljubuski.ba\/index.php\/2022\/03\/05\/nenad-peris-potvrdio-da-tijelo-nadeno-u-dunavu-ne-pripada-njegovom-sinu\/","url":"https:\/\/radioljubuski.ba\/index.php\/2022\/03\/05\/nenad-peris-potvrdio-da-tijelo-nadeno-u-dunavu-ne-pripada-njegovom-sinu\/","name":"Nenad Peri\u0161 potvrdio da tijelo na\u0111eno u Dunavu ne pripada njegovom sinu - RADIO LJUBU\u0160KI","isPartOf":{"@id":"https:\/\/radioljubuski.ba\/#website"},"primaryImageOfPage":{"@id":"https:\/\/radioljubuski.ba\/index.php\/2022\/03\/05\/nenad-peris-potvrdio-da-tijelo-nadeno-u-dunavu-ne-pripada-njegovom-sinu\/#primaryimage"},"image":{"@id":"https:\/\/radioljubuski.ba\/index.php\/2022\/03\/05\/nenad-peris-potvrdio-da-tijelo-nadeno-u-dunavu-ne-pripada-njegovom-sinu\/#primaryimage"},"thumbnailUrl":"https:\/\/radioljubuski.ba\/wp-content\/uploads\/2022\/03\/2-2022-01-31-07-59-50-nenad.jpg","datePublished":"2022-03-05T19:51:12+00:00","dateModified":"2022-03-05T19:51:13+00:00","breadcrumb":{"@id":"https:\/\/radioljubuski.ba\/index.php\/2022\/03\/05\/nenad-peris-potvrdio-da-tijelo-nadeno-u-dunavu-ne-pripada-njegovom-sinu\/#breadcrumb"},"inLanguage":"hr","potentialAction":[{"@type":"ReadAction","target":["https:\/\/radioljubuski.ba\/index.php\/2022\/03\/05\/nenad-peris-potvrdio-da-tijelo-nadeno-u-dunavu-ne-pripada-njegovom-sinu\/"]}]},{"@type":"ImageObject","inLanguage":"hr","@id":"https:\/\/radioljubuski.ba\/index.php\/2022\/03\/05\/nenad-peris-potvrdio-da-tijelo-nadeno-u-dunavu-ne-pripada-njegovom-sinu\/#primaryimage","url":"https:\/\/radioljubuski.ba\/wp-content\/uploads\/2022\/03\/2-2022-01-31-07-59-50-nenad.jpg","contentUrl":"https:\/\/radioljubuski.ba\/wp-content\/uploads\/2022\/03\/2-2022-01-31-07-59-50-nenad.jpg","width":1000,"height":625},{"@type":"BreadcrumbList","@id":"https:\/\/radioljubuski.ba\/index.php\/2022\/03\/05\/nenad-peris-potvrdio-da-tijelo-nadeno-u-dunavu-ne-pripada-njegovom-sinu\/#breadcrumb","itemListElement":[{"@type":"ListItem","position":1,"name":"Po\u010detna stranica","item":"https:\/\/radioljubuski.ba\/"},{"@type":"ListItem","position":2,"name":"Nenad Peri\u0161 potvrdio da tijelo na\u0111eno u Dunavu ne pripada njegovom sinu"}]},{"@type":"WebSite","@id":"https:\/\/radioljubuski.ba\/#website","url":"https:\/\/radioljubuski.ba\/","name":"Radio Ljubu\u0161ki","description":"Sun\u010dana frekvencija Hercegovine","publisher":{"@id":"https:\/\/radioljubuski.ba\/#organization"},"potentialAction":[{"@type":"SearchAction","target":{"@type":"EntryPoint","urlTemplate":"https:\/\/radioljubuski.ba\/?s={search_term_string}"},"query-input":{"@type":"PropertyValueSpecification","valueRequired":true,"valueName":"search_term_string"}}],"inLanguage":"hr"},{"@type":"Organization","@id":"https:\/\/radioljubuski.ba\/#organization","name":"Radio Ljubu\u0161ki","url":"https:\/\/radioljubuski.ba\/","logo":{"@type":"ImageObject","inLanguage":"hr","@id":"https:\/\/radioljubuski.ba\/#\/schema\/logo\/image\/","url":"https:\/\/radioljubuski.ba\/wp-content\/uploads\/2021\/02\/cropped-Radio_Ljubuski_logo1.jpg","contentUrl":"https:\/\/radioljubuski.ba\/wp-content\/uploads\/2021\/02\/cropped-Radio_Ljubuski_logo1.jpg","width":512,"height":512,"caption":"Radio Ljubu\u0161ki"},"image":{"@id":"https:\/\/radioljubuski.ba\/#\/schema\/logo\/image\/"},"sameAs":["https:\/\/www.facebook.com\/Radiio-Ljubuski-1490835324566332","https:\/\/x.com\/radioljubuski","https:\/\/hr.linkedin.com\/company\/radio-ljubuski","https:\/\/www.youtube.com\/channel\/UCHYaeO_n0Db3tjNGudGpXyw"]},{"@type":"Person","@id":"https:\/\/radioljubuski.ba\/#\/schema\/person\/19fc700381a780f69665d7956c469e3b","name":"Radio Ljubu\u0161ki"}]}},"_links":{"self":[{"href":"https:\/\/radioljubuski.ba\/index.php\/wp-json\/wp\/v2\/posts\/118397","targetHints":{"allow":["GET"]}}],"collection":[{"href":"https:\/\/radioljubuski.ba\/index.php\/wp-json\/wp\/v2\/posts"}],"about":[{"href":"https:\/\/radioljubuski.ba\/index.php\/wp-json\/wp\/v2\/types\/post"}],"author":[{"embeddable":true,"href":"https:\/\/radioljubuski.ba\/index.php\/wp-json\/wp\/v2\/users\/2"}],"replies":[{"embeddable":true,"href":"https:\/\/radioljubuski.ba\/index.php\/wp-json\/wp\/v2\/comments?post=118397"}],"version-history":[{"count":1,"href":"https:\/\/radioljubuski.ba\/index.php\/wp-json\/wp\/v2\/posts\/118397\/revisions"}],"predecessor-version":[{"id":118399,"href":"https:\/\/radioljubuski.ba\/index.php\/wp-json\/wp\/v2\/posts\/118397\/revisions\/118399"}],"wp:featuredmedia":[{"embeddable":true,"href":"https:\/\/radioljubuski.ba\/index.php\/wp-json\/wp\/v2\/media\/118398"}],"wp:attachment":[{"href":"https:\/\/radioljubuski.ba\/index.php\/wp-json\/wp\/v2\/media?parent=118397"}],"wp:term":[{"taxonomy":"category","embeddable":true,"href":"https:\/\/radioljubuski.ba\/index.php\/wp-json\/wp\/v2\/categories?post=118397"},{"taxonomy":"post_tag","embeddable":true,"href":"https:\/\/radioljubuski.ba\/index.php\/wp-json\/wp\/v2\/tags?post=118397"}],"curies":[{"name":"wp","href":"https:\/\/api.w.org\/{rel}","templated":true}]}}