{"id":118403,"date":"2022-03-05T20:53:06","date_gmt":"2022-03-05T19:53:06","guid":{"rendered":"https:\/\/radioljubuski.ba\/?p=118403"},"modified":"2022-03-05T20:53:07","modified_gmt":"2022-03-05T19:53:07","slug":"krvavi-raspad-jugoslavije-kao-putinovo-opravdanje-invazije-na-ukrajinu","status":"publish","type":"post","link":"https:\/\/radioljubuski.ba\/index.php\/2022\/03\/05\/krvavi-raspad-jugoslavije-kao-putinovo-opravdanje-invazije-na-ukrajinu\/","title":{"rendered":"\u2018Krvavi raspad Jugoslavije kao Putinovo opravdanje invazije na Ukrajinu\u2019"},"content":{"rendered":"\n<p>Strahuje se da bi &#8220;prorusko srbijansko vodstvo&#8221; moglo poku\u0161ati iskoristiti me\u0111unarodnu pa\u017enju usmjerenu na Ukrajinu za daljnju destabilizaciju svojih susjeda, posebno Bosne i Hercegovine u kojoj etni\u010dki Srbi prijete pridru\u017eivanjem Srbiji, upozorava se u tekstu ameri\u010dkog Associated Pressa, koji uspore\u0111uje de\u0161avanja na Balkanu tijekom 1990-ih i trenutna zbivanja u Ukrajini, te kako je ruski predsjednik iskoristio krvavi raspad Jugoslavije 1990-ih &#8220;kako bi tobo\u017ee ponudio opravdanje za invaziju na suverenu europsku zemlju&#8221;.<\/p>\n\n\n\n<p>Mnogo prije ulaska ruskih tenkova i trupa u Ukrajinu, Vladimir Putin je iskoristio krvavi raspad Jugoslavije 1990-ih kako bi tobo\u017ee ponudio opravdanje za invaziju na suverenu europsku zemlju, pi\u0161e u uvodu testa kojeg je objavio AP.<\/p>\n\n\n\n<p>Dalje se navodi kako je ruski predsjednik bio posebno fokusiran na NATO-vo bombardiranje Srbije 1999. i prihva\u0107anje progla\u0161enja neovisnosti Kosova 2008. od Zapada. Putin tvrdi da se u oba slu\u010daja radi o nezakonitom presedanu koji je razbio me\u0111unarodni zakon i red, o\u010dito mu daju\u0107i izgovor za invaziju na Ukrajinu.<\/p>\n\n\n\n<p>\u010cini se da Putinovi argumenti, ponovljeni nekoliko puta otkako je Rusija anektirala Krim 2014., slijede ovu liniju: Ako razli\u010dite biv\u0161e jugoslavenske republike i biv\u0161a srpska pokrajina Kosovo mogu postati neovisne uz podr\u0161ku Zapada i ratove, za\u0161to ne bi mogao ukrajinski strate\u0161ki crnomorski poluotok, a ve\u0107inski ruska podru\u010dja na istoku zemlje pod kontrolom pobunjenika odvojila su se od svojih mati\u010dnih naroda \u2013 uz rusku pomo\u0107?<\/p>\n\n\n\n<p>Tekst poja\u0161njava kako se Kosovo, u kojem dominiraju etni\u010dki Albanci, uz sna\u017enu podr\u0161ku odcijepilo zbog sna\u017enih prigovora Srbije. Rusija, povijesnih saveznik Srba, tada je ustvrdila da je to predstavljalo presedan koji bi mogao potaknuti niz zahtjeva za dr\u017eavno\u0161\u0107u drugdje u svijetu.<\/p>\n\n\n\n<p>U srpnju 2010. najvi\u0161i sud UN-a presudio je da je progla\u0161enje neovisnosti Kosova legalno, ali nije u potpunosti podr\u017eao polaganje prava Kosova na dr\u017eavnost, dodaje se.<\/p>\n\n\n\n<p>\u201cPostoje mnoge razlike izme\u0111u ruskog napada na Ukrajinu, koji se na Zapadu smatra jednim od najmra\u010dnijih trenutaka za Europu od Drugog svjetskog rata, i ratova na Balkanu koji su ostavili vi\u0161e od 120.000 ljudi mrtvih i milijune bez krova nad glavom. Postoje i neke sli\u010dnosti\u201d, ka\u017ee se u uvodu teksta objavljenog pod naslovom \u201cPutinov balkanski narativni argument za ukrajinski rat\u201c.<\/p>\n\n\n\n<p>KOJE SU GLAVNE RAZLIKE<\/p>\n\n\n\n<p>NATO nije okupirao Kosovo nakon \u0161to je istjerao srpske snage iz biv\u0161e srpske pokrajine, ve\u0107 je poslao mirovne snage. Ruske trupe su u me\u0111uvremenu preuzele kontrolu nad Krimom i prije nego \u0161to je odr\u017ean njegov referendum za pridru\u017eivanje Rusiji.<\/p>\n\n\n\n<p>NATO je intervenirao na Kosovu tek nakon zna\u010dajnih dokaza o srpskim zlostavljanjima etni\u010dkih Albanaca, uklju\u010duju\u0107i masovna ubojstva i deportacije. Ruske snage intervenirale su u Ukrajini bez ve\u0107ih zloupotreba ili nasilja nad etni\u010dkim Rusima.<\/p>\n\n\n\n<p>Kosovari su proglasili neovisnost, ali se nisu pridru\u017eili etni\u010dkim sunarodnjacima u susjednoj Albaniji kao jednoj dr\u017eavi. Krim, koji ima ve\u0107insko rusko stanovni\u0161tvo, potpisao je sporazum o pridru\u017eivanju Rusiji dva dana nakon referenduma koji je Zapad ocijenio manjkavim i nedemokratskim.<\/p>\n\n\n\n<p>KOJE SU GLAVNE SLI\u010cNOSTI<\/p>\n\n\n\n<p>Obje su intervencije po\u010dele la\u017enim tvrdnjama da se etni\u010dke manjine progone u susjednim zemljama. Vojska predvo\u0111ena Srbima pokrenula je 1991. te\u0161ku topni\u010dku salvu na gradove i sela u Hrvatskoj, ne\u0161to sli\u010dno po\u010detnim napadima ruskih snaga na Ukrajinu.<\/p>\n\n\n\n<p>Ba\u0161 kao \u0161to su se Hrvati, Bosanci i Hercegovci te kosovski Albanci bojali srpske represije tokom autokratske vladavine pokojnog srpskog \u010delnika Slobodana Milo\u0161evi\u0107a, etni\u010dki Rusi bojali su se ukrajinskih nacionalista.<\/p>\n\n\n\n<p>\u0160TO KA\u017dE PUTIN<\/p>\n\n\n\n<p>\u201c(Njema\u010dki kancelar Olaf Scholz) upravo je rekao da je ljudima njegove generacije \u2013 a ja svakako pripadam toj generaciji \u2013 te\u0161ko zamisliti neki rat u Europi\u201d, rekao je Putin nakon razgovora sa Scholzom u Moskvi 15. studenog, i dodao:<\/p>\n\n\n\n<p>\u201cAli svi smo mi bili svjedoci rata u Europi koji je NATO pokrenuo protiv Jugoslavije\u201d.<\/p>\n\n\n\n<p>Podsjetio je kako se radilo o velikoj vojnoj operaciji koja uklju\u010duje bombardiranje glavnog europskog grada, Beograda.<\/p>\n\n\n\n<p>\u201cDogodilo se. Bez ikakvih sankcija od strane Vije\u0107a sigurnosti UN-a. To je vrlo tu\u017ean primjer, ali to je surova \u010dinjenica\u201d, rekao je Putin.<\/p>\n\n\n\n<p>Kazao je i da je intervencijom na Kosovu Zapad stvorio presedan s dugogodi\u0161njim posljedicama.<\/p>\n\n\n\n<p>KAKAV JE STAV ZAPADA<\/p>\n\n\n\n<p>Na novinskoj konferenciji s Putinom, Scholz je uzvratio ruskom predsjedniku argumentima u vezi s NATO-vim akcijama na Kosovu, rekav\u0161i da je to u\u010dinjeno kako bi se sprije\u010dio genocid, misle\u0107i na progon kosovskih ve\u0107inskih etni\u010dkih Albanaca od strane srpskih snaga.<\/p>\n\n\n\n<p>Zapadni \u010delnici su vi\u0161e puta odbacili Putinove argumente, rekav\u0161i da je Kosovo jedinstven slu\u010daj zbog velikog broja \u017ertava tijekom balkanskih ratova tijekom raspada Jugoslavije. Biv\u0161a njema\u010dka kancelarka Angela Merkel inzistirala je da su Putinove analogije izme\u0111u akcija Zapada na Kosovu i ruske intervencije na Krimu \u201csramotne\u201d.<\/p>\n\n\n\n<p>KOJE MOGLE BITI POSLJEDICE<\/p>\n\n\n\n<p>Strahuje se da bi prorusko srpsko vodstvo moglo poku\u0161ati iskoristiti me\u0111unarodnu pa\u017enju usmjerenu na Ukrajinu za daljnju destabilizaciju svojih susjeda, posebno Bosne i Hercegovine u kojoj etni\u010dki Srbi prijete pridru\u017eivanjem Srbiji.<\/p>\n\n\n\n<p>Mirovne snage Europske unije u Bosni i Hercegovini najavile su razmje\u0161taj oko 500 dodatnih vojnika, navode\u0107i \u201cpogor\u0161anje me\u0111unarodne sigurnosti (koje) ima potencijal da pro\u0161iri nestabilnost\u201d na regiju.<\/p>\n\n\n\n<p>Kosovsko vodstvo strahuje da bi Rusija mogla potaknuti Srbiju da poku\u0161a intervenirati u svojoj biv\u0161oj pokrajini kako bi zaustavila navodno uznemiravanje manjinskih Srba. Kosovo je zatra\u017eilo od NATO-a ubrzani put do \u010dlanstva nakon ukrajinske krize, ne\u0161to \u0161to ni Srbija ni Rusija vjerojatno ne bi mirno prihvatile.<\/p>\n\n\n\n<p>Kosovski du\u017enosnici odbacili su Putinove paralele izme\u0111u intervencije NATO-a na Kosovu i njegove invazije na Ukrajinu kao \u201cpotpuno neutemeljene i smije\u0161ne\u201d.<\/p>\n\n\n\n<p>Izvor:N1<\/p>\n","protected":false},"excerpt":{"rendered":"<p>Strahuje se da bi &#8220;prorusko srbijansko vodstvo&#8221; moglo poku\u0161ati iskoristiti me\u0111unarodnu pa\u017enju usmjerenu na Ukrajinu za daljnju destabilizaciju svojih susjeda, posebno Bosne i Hercegovine u kojoj etni\u010dki Srbi prijete pridru\u017eivanjem Srbiji, upozorava se u tekstu ameri\u010dkog Associated Pressa, koji uspore\u0111uje de\u0161avanja na Balkanu tijekom 1990-ih i trenutna zbivanja u Ukrajini, te kako je ruski predsjednik [&hellip;]<\/p>\n","protected":false},"author":2,"featured_media":20433,"comment_status":"closed","ping_status":"closed","sticky":false,"template":"","format":"standard","meta":{"h5ap_radio_sources":[],"footnotes":""},"categories":[1],"tags":[],"class_list":["post-118403","post","type-post","status-publish","format-standard","has-post-thumbnail","hentry","category-bihiregija"],"yoast_head":"<!-- This site is optimized with the Yoast SEO plugin v27.5 - https:\/\/yoast.com\/product\/yoast-seo-wordpress\/ -->\n<title>\u2018Krvavi raspad Jugoslavije kao Putinovo opravdanje invazije na Ukrajinu\u2019 - RADIO LJUBU\u0160KI<\/title>\n<meta name=\"robots\" content=\"index, follow, max-snippet:-1, max-image-preview:large, max-video-preview:-1\" \/>\n<link rel=\"canonical\" href=\"https:\/\/radioljubuski.ba\/index.php\/2022\/03\/05\/krvavi-raspad-jugoslavije-kao-putinovo-opravdanje-invazije-na-ukrajinu\/\" \/>\n<meta property=\"og:locale\" content=\"hr_HR\" \/>\n<meta property=\"og:type\" content=\"article\" \/>\n<meta property=\"og:title\" content=\"\u2018Krvavi raspad Jugoslavije kao Putinovo opravdanje invazije na Ukrajinu\u2019 - RADIO LJUBU\u0160KI\" \/>\n<meta property=\"og:description\" content=\"Strahuje se da bi &#8220;prorusko srbijansko vodstvo&#8221; moglo poku\u0161ati iskoristiti me\u0111unarodnu pa\u017enju usmjerenu na Ukrajinu za daljnju destabilizaciju svojih susjeda, posebno Bosne i Hercegovine u kojoj etni\u010dki Srbi prijete pridru\u017eivanjem Srbiji, upozorava se u tekstu ameri\u010dkog Associated Pressa, koji uspore\u0111uje de\u0161avanja na Balkanu tijekom 1990-ih i trenutna zbivanja u Ukrajini, te kako je ruski predsjednik [&hellip;]\" \/>\n<meta property=\"og:url\" content=\"https:\/\/radioljubuski.ba\/index.php\/2022\/03\/05\/krvavi-raspad-jugoslavije-kao-putinovo-opravdanje-invazije-na-ukrajinu\/\" \/>\n<meta property=\"og:site_name\" content=\"RADIO LJUBU\u0160KI\" \/>\n<meta property=\"article:publisher\" content=\"https:\/\/www.facebook.com\/Radiio-Ljubuski-1490835324566332\" \/>\n<meta property=\"article:published_time\" content=\"2022-03-05T19:53:06+00:00\" \/>\n<meta property=\"article:modified_time\" content=\"2022-03-05T19:53:07+00:00\" \/>\n<meta property=\"og:image\" content=\"https:\/\/radioljubuski.ba\/wp-content\/uploads\/2021\/05\/9-2021-03-23-14-28-06-putin-2.jpg\" \/>\n\t<meta property=\"og:image:width\" content=\"1000\" \/>\n\t<meta property=\"og:image:height\" content=\"625\" \/>\n\t<meta property=\"og:image:type\" content=\"image\/jpeg\" \/>\n<meta name=\"author\" content=\"Radio Ljubu\u0161ki\" \/>\n<meta name=\"twitter:card\" content=\"summary_large_image\" \/>\n<meta name=\"twitter:creator\" content=\"@radioljubuski\" \/>\n<meta name=\"twitter:site\" content=\"@radioljubuski\" \/>\n<meta name=\"twitter:label1\" content=\"Napisao\/la\" \/>\n\t<meta name=\"twitter:data1\" content=\"Radio Ljubu\u0161ki\" \/>\n\t<meta name=\"twitter:label2\" content=\"Procijenjeno vrijeme \u010ditanja\" \/>\n\t<meta name=\"twitter:data2\" content=\"4 minute\" \/>\n<script type=\"application\/ld+json\" class=\"yoast-schema-graph\">{\"@context\":\"https:\\\/\\\/schema.org\",\"@graph\":[{\"@type\":\"Article\",\"@id\":\"https:\\\/\\\/radioljubuski.ba\\\/index.php\\\/2022\\\/03\\\/05\\\/krvavi-raspad-jugoslavije-kao-putinovo-opravdanje-invazije-na-ukrajinu\\\/#article\",\"isPartOf\":{\"@id\":\"https:\\\/\\\/radioljubuski.ba\\\/index.php\\\/2022\\\/03\\\/05\\\/krvavi-raspad-jugoslavije-kao-putinovo-opravdanje-invazije-na-ukrajinu\\\/\"},\"author\":{\"name\":\"Radio Ljubu\u0161ki\",\"@id\":\"https:\\\/\\\/radioljubuski.ba\\\/#\\\/schema\\\/person\\\/19fc700381a780f69665d7956c469e3b\"},\"headline\":\"\u2018Krvavi raspad Jugoslavije kao Putinovo opravdanje invazije na Ukrajinu\u2019\",\"datePublished\":\"2022-03-05T19:53:06+00:00\",\"dateModified\":\"2022-03-05T19:53:07+00:00\",\"mainEntityOfPage\":{\"@id\":\"https:\\\/\\\/radioljubuski.ba\\\/index.php\\\/2022\\\/03\\\/05\\\/krvavi-raspad-jugoslavije-kao-putinovo-opravdanje-invazije-na-ukrajinu\\\/\"},\"wordCount\":968,\"publisher\":{\"@id\":\"https:\\\/\\\/radioljubuski.ba\\\/#organization\"},\"image\":{\"@id\":\"https:\\\/\\\/radioljubuski.ba\\\/index.php\\\/2022\\\/03\\\/05\\\/krvavi-raspad-jugoslavije-kao-putinovo-opravdanje-invazije-na-ukrajinu\\\/#primaryimage\"},\"thumbnailUrl\":\"https:\\\/\\\/radioljubuski.ba\\\/wp-content\\\/uploads\\\/2021\\\/05\\\/9-2021-03-23-14-28-06-putin-2.jpg\",\"articleSection\":[\"BIH i regija\"],\"inLanguage\":\"hr\"},{\"@type\":\"WebPage\",\"@id\":\"https:\\\/\\\/radioljubuski.ba\\\/index.php\\\/2022\\\/03\\\/05\\\/krvavi-raspad-jugoslavije-kao-putinovo-opravdanje-invazije-na-ukrajinu\\\/\",\"url\":\"https:\\\/\\\/radioljubuski.ba\\\/index.php\\\/2022\\\/03\\\/05\\\/krvavi-raspad-jugoslavije-kao-putinovo-opravdanje-invazije-na-ukrajinu\\\/\",\"name\":\"\u2018Krvavi raspad Jugoslavije kao Putinovo opravdanje invazije na Ukrajinu\u2019 - RADIO LJUBU\u0160KI\",\"isPartOf\":{\"@id\":\"https:\\\/\\\/radioljubuski.ba\\\/#website\"},\"primaryImageOfPage\":{\"@id\":\"https:\\\/\\\/radioljubuski.ba\\\/index.php\\\/2022\\\/03\\\/05\\\/krvavi-raspad-jugoslavije-kao-putinovo-opravdanje-invazije-na-ukrajinu\\\/#primaryimage\"},\"image\":{\"@id\":\"https:\\\/\\\/radioljubuski.ba\\\/index.php\\\/2022\\\/03\\\/05\\\/krvavi-raspad-jugoslavije-kao-putinovo-opravdanje-invazije-na-ukrajinu\\\/#primaryimage\"},\"thumbnailUrl\":\"https:\\\/\\\/radioljubuski.ba\\\/wp-content\\\/uploads\\\/2021\\\/05\\\/9-2021-03-23-14-28-06-putin-2.jpg\",\"datePublished\":\"2022-03-05T19:53:06+00:00\",\"dateModified\":\"2022-03-05T19:53:07+00:00\",\"breadcrumb\":{\"@id\":\"https:\\\/\\\/radioljubuski.ba\\\/index.php\\\/2022\\\/03\\\/05\\\/krvavi-raspad-jugoslavije-kao-putinovo-opravdanje-invazije-na-ukrajinu\\\/#breadcrumb\"},\"inLanguage\":\"hr\",\"potentialAction\":[{\"@type\":\"ReadAction\",\"target\":[\"https:\\\/\\\/radioljubuski.ba\\\/index.php\\\/2022\\\/03\\\/05\\\/krvavi-raspad-jugoslavije-kao-putinovo-opravdanje-invazije-na-ukrajinu\\\/\"]}]},{\"@type\":\"ImageObject\",\"inLanguage\":\"hr\",\"@id\":\"https:\\\/\\\/radioljubuski.ba\\\/index.php\\\/2022\\\/03\\\/05\\\/krvavi-raspad-jugoslavije-kao-putinovo-opravdanje-invazije-na-ukrajinu\\\/#primaryimage\",\"url\":\"https:\\\/\\\/radioljubuski.ba\\\/wp-content\\\/uploads\\\/2021\\\/05\\\/9-2021-03-23-14-28-06-putin-2.jpg\",\"contentUrl\":\"https:\\\/\\\/radioljubuski.ba\\\/wp-content\\\/uploads\\\/2021\\\/05\\\/9-2021-03-23-14-28-06-putin-2.jpg\",\"width\":1000,\"height\":625},{\"@type\":\"BreadcrumbList\",\"@id\":\"https:\\\/\\\/radioljubuski.ba\\\/index.php\\\/2022\\\/03\\\/05\\\/krvavi-raspad-jugoslavije-kao-putinovo-opravdanje-invazije-na-ukrajinu\\\/#breadcrumb\",\"itemListElement\":[{\"@type\":\"ListItem\",\"position\":1,\"name\":\"Po\u010detna stranica\",\"item\":\"https:\\\/\\\/radioljubuski.ba\\\/\"},{\"@type\":\"ListItem\",\"position\":2,\"name\":\"\u2018Krvavi raspad Jugoslavije kao Putinovo opravdanje invazije na Ukrajinu\u2019\"}]},{\"@type\":\"WebSite\",\"@id\":\"https:\\\/\\\/radioljubuski.ba\\\/#website\",\"url\":\"https:\\\/\\\/radioljubuski.ba\\\/\",\"name\":\"Radio Ljubu\u0161ki\",\"description\":\"Sun\u010dana frekvencija Hercegovine\",\"publisher\":{\"@id\":\"https:\\\/\\\/radioljubuski.ba\\\/#organization\"},\"potentialAction\":[{\"@type\":\"SearchAction\",\"target\":{\"@type\":\"EntryPoint\",\"urlTemplate\":\"https:\\\/\\\/radioljubuski.ba\\\/?s={search_term_string}\"},\"query-input\":{\"@type\":\"PropertyValueSpecification\",\"valueRequired\":true,\"valueName\":\"search_term_string\"}}],\"inLanguage\":\"hr\"},{\"@type\":\"Organization\",\"@id\":\"https:\\\/\\\/radioljubuski.ba\\\/#organization\",\"name\":\"Radio Ljubu\u0161ki\",\"url\":\"https:\\\/\\\/radioljubuski.ba\\\/\",\"logo\":{\"@type\":\"ImageObject\",\"inLanguage\":\"hr\",\"@id\":\"https:\\\/\\\/radioljubuski.ba\\\/#\\\/schema\\\/logo\\\/image\\\/\",\"url\":\"https:\\\/\\\/radioljubuski.ba\\\/wp-content\\\/uploads\\\/2021\\\/02\\\/cropped-Radio_Ljubuski_logo1.jpg\",\"contentUrl\":\"https:\\\/\\\/radioljubuski.ba\\\/wp-content\\\/uploads\\\/2021\\\/02\\\/cropped-Radio_Ljubuski_logo1.jpg\",\"width\":512,\"height\":512,\"caption\":\"Radio Ljubu\u0161ki\"},\"image\":{\"@id\":\"https:\\\/\\\/radioljubuski.ba\\\/#\\\/schema\\\/logo\\\/image\\\/\"},\"sameAs\":[\"https:\\\/\\\/www.facebook.com\\\/Radiio-Ljubuski-1490835324566332\",\"https:\\\/\\\/x.com\\\/radioljubuski\",\"https:\\\/\\\/hr.linkedin.com\\\/company\\\/radio-ljubuski\",\"https:\\\/\\\/www.youtube.com\\\/channel\\\/UCHYaeO_n0Db3tjNGudGpXyw\"]},{\"@type\":\"Person\",\"@id\":\"https:\\\/\\\/radioljubuski.ba\\\/#\\\/schema\\\/person\\\/19fc700381a780f69665d7956c469e3b\",\"name\":\"Radio Ljubu\u0161ki\"}]}<\/script>\n<!-- \/ Yoast SEO plugin. -->","yoast_head_json":{"title":"\u2018Krvavi raspad Jugoslavije kao Putinovo opravdanje invazije na Ukrajinu\u2019 - RADIO LJUBU\u0160KI","robots":{"index":"index","follow":"follow","max-snippet":"max-snippet:-1","max-image-preview":"max-image-preview:large","max-video-preview":"max-video-preview:-1"},"canonical":"https:\/\/radioljubuski.ba\/index.php\/2022\/03\/05\/krvavi-raspad-jugoslavije-kao-putinovo-opravdanje-invazije-na-ukrajinu\/","og_locale":"hr_HR","og_type":"article","og_title":"\u2018Krvavi raspad Jugoslavije kao Putinovo opravdanje invazije na Ukrajinu\u2019 - RADIO LJUBU\u0160KI","og_description":"Strahuje se da bi &#8220;prorusko srbijansko vodstvo&#8221; moglo poku\u0161ati iskoristiti me\u0111unarodnu pa\u017enju usmjerenu na Ukrajinu za daljnju destabilizaciju svojih susjeda, posebno Bosne i Hercegovine u kojoj etni\u010dki Srbi prijete pridru\u017eivanjem Srbiji, upozorava se u tekstu ameri\u010dkog Associated Pressa, koji uspore\u0111uje de\u0161avanja na Balkanu tijekom 1990-ih i trenutna zbivanja u Ukrajini, te kako je ruski predsjednik [&hellip;]","og_url":"https:\/\/radioljubuski.ba\/index.php\/2022\/03\/05\/krvavi-raspad-jugoslavije-kao-putinovo-opravdanje-invazije-na-ukrajinu\/","og_site_name":"RADIO LJUBU\u0160KI","article_publisher":"https:\/\/www.facebook.com\/Radiio-Ljubuski-1490835324566332","article_published_time":"2022-03-05T19:53:06+00:00","article_modified_time":"2022-03-05T19:53:07+00:00","og_image":[{"width":1000,"height":625,"url":"https:\/\/radioljubuski.ba\/wp-content\/uploads\/2021\/05\/9-2021-03-23-14-28-06-putin-2.jpg","type":"image\/jpeg"}],"author":"Radio Ljubu\u0161ki","twitter_card":"summary_large_image","twitter_creator":"@radioljubuski","twitter_site":"@radioljubuski","twitter_misc":{"Napisao\/la":"Radio Ljubu\u0161ki","Procijenjeno vrijeme \u010ditanja":"4 minute"},"schema":{"@context":"https:\/\/schema.org","@graph":[{"@type":"Article","@id":"https:\/\/radioljubuski.ba\/index.php\/2022\/03\/05\/krvavi-raspad-jugoslavije-kao-putinovo-opravdanje-invazije-na-ukrajinu\/#article","isPartOf":{"@id":"https:\/\/radioljubuski.ba\/index.php\/2022\/03\/05\/krvavi-raspad-jugoslavije-kao-putinovo-opravdanje-invazije-na-ukrajinu\/"},"author":{"name":"Radio Ljubu\u0161ki","@id":"https:\/\/radioljubuski.ba\/#\/schema\/person\/19fc700381a780f69665d7956c469e3b"},"headline":"\u2018Krvavi raspad Jugoslavije kao Putinovo opravdanje invazije na Ukrajinu\u2019","datePublished":"2022-03-05T19:53:06+00:00","dateModified":"2022-03-05T19:53:07+00:00","mainEntityOfPage":{"@id":"https:\/\/radioljubuski.ba\/index.php\/2022\/03\/05\/krvavi-raspad-jugoslavije-kao-putinovo-opravdanje-invazije-na-ukrajinu\/"},"wordCount":968,"publisher":{"@id":"https:\/\/radioljubuski.ba\/#organization"},"image":{"@id":"https:\/\/radioljubuski.ba\/index.php\/2022\/03\/05\/krvavi-raspad-jugoslavije-kao-putinovo-opravdanje-invazije-na-ukrajinu\/#primaryimage"},"thumbnailUrl":"https:\/\/radioljubuski.ba\/wp-content\/uploads\/2021\/05\/9-2021-03-23-14-28-06-putin-2.jpg","articleSection":["BIH i regija"],"inLanguage":"hr"},{"@type":"WebPage","@id":"https:\/\/radioljubuski.ba\/index.php\/2022\/03\/05\/krvavi-raspad-jugoslavije-kao-putinovo-opravdanje-invazije-na-ukrajinu\/","url":"https:\/\/radioljubuski.ba\/index.php\/2022\/03\/05\/krvavi-raspad-jugoslavije-kao-putinovo-opravdanje-invazije-na-ukrajinu\/","name":"\u2018Krvavi raspad Jugoslavije kao Putinovo opravdanje invazije na Ukrajinu\u2019 - RADIO LJUBU\u0160KI","isPartOf":{"@id":"https:\/\/radioljubuski.ba\/#website"},"primaryImageOfPage":{"@id":"https:\/\/radioljubuski.ba\/index.php\/2022\/03\/05\/krvavi-raspad-jugoslavije-kao-putinovo-opravdanje-invazije-na-ukrajinu\/#primaryimage"},"image":{"@id":"https:\/\/radioljubuski.ba\/index.php\/2022\/03\/05\/krvavi-raspad-jugoslavije-kao-putinovo-opravdanje-invazije-na-ukrajinu\/#primaryimage"},"thumbnailUrl":"https:\/\/radioljubuski.ba\/wp-content\/uploads\/2021\/05\/9-2021-03-23-14-28-06-putin-2.jpg","datePublished":"2022-03-05T19:53:06+00:00","dateModified":"2022-03-05T19:53:07+00:00","breadcrumb":{"@id":"https:\/\/radioljubuski.ba\/index.php\/2022\/03\/05\/krvavi-raspad-jugoslavije-kao-putinovo-opravdanje-invazije-na-ukrajinu\/#breadcrumb"},"inLanguage":"hr","potentialAction":[{"@type":"ReadAction","target":["https:\/\/radioljubuski.ba\/index.php\/2022\/03\/05\/krvavi-raspad-jugoslavije-kao-putinovo-opravdanje-invazije-na-ukrajinu\/"]}]},{"@type":"ImageObject","inLanguage":"hr","@id":"https:\/\/radioljubuski.ba\/index.php\/2022\/03\/05\/krvavi-raspad-jugoslavije-kao-putinovo-opravdanje-invazije-na-ukrajinu\/#primaryimage","url":"https:\/\/radioljubuski.ba\/wp-content\/uploads\/2021\/05\/9-2021-03-23-14-28-06-putin-2.jpg","contentUrl":"https:\/\/radioljubuski.ba\/wp-content\/uploads\/2021\/05\/9-2021-03-23-14-28-06-putin-2.jpg","width":1000,"height":625},{"@type":"BreadcrumbList","@id":"https:\/\/radioljubuski.ba\/index.php\/2022\/03\/05\/krvavi-raspad-jugoslavije-kao-putinovo-opravdanje-invazije-na-ukrajinu\/#breadcrumb","itemListElement":[{"@type":"ListItem","position":1,"name":"Po\u010detna stranica","item":"https:\/\/radioljubuski.ba\/"},{"@type":"ListItem","position":2,"name":"\u2018Krvavi raspad Jugoslavije kao Putinovo opravdanje invazije na Ukrajinu\u2019"}]},{"@type":"WebSite","@id":"https:\/\/radioljubuski.ba\/#website","url":"https:\/\/radioljubuski.ba\/","name":"Radio Ljubu\u0161ki","description":"Sun\u010dana frekvencija Hercegovine","publisher":{"@id":"https:\/\/radioljubuski.ba\/#organization"},"potentialAction":[{"@type":"SearchAction","target":{"@type":"EntryPoint","urlTemplate":"https:\/\/radioljubuski.ba\/?s={search_term_string}"},"query-input":{"@type":"PropertyValueSpecification","valueRequired":true,"valueName":"search_term_string"}}],"inLanguage":"hr"},{"@type":"Organization","@id":"https:\/\/radioljubuski.ba\/#organization","name":"Radio Ljubu\u0161ki","url":"https:\/\/radioljubuski.ba\/","logo":{"@type":"ImageObject","inLanguage":"hr","@id":"https:\/\/radioljubuski.ba\/#\/schema\/logo\/image\/","url":"https:\/\/radioljubuski.ba\/wp-content\/uploads\/2021\/02\/cropped-Radio_Ljubuski_logo1.jpg","contentUrl":"https:\/\/radioljubuski.ba\/wp-content\/uploads\/2021\/02\/cropped-Radio_Ljubuski_logo1.jpg","width":512,"height":512,"caption":"Radio Ljubu\u0161ki"},"image":{"@id":"https:\/\/radioljubuski.ba\/#\/schema\/logo\/image\/"},"sameAs":["https:\/\/www.facebook.com\/Radiio-Ljubuski-1490835324566332","https:\/\/x.com\/radioljubuski","https:\/\/hr.linkedin.com\/company\/radio-ljubuski","https:\/\/www.youtube.com\/channel\/UCHYaeO_n0Db3tjNGudGpXyw"]},{"@type":"Person","@id":"https:\/\/radioljubuski.ba\/#\/schema\/person\/19fc700381a780f69665d7956c469e3b","name":"Radio Ljubu\u0161ki"}]}},"_links":{"self":[{"href":"https:\/\/radioljubuski.ba\/index.php\/wp-json\/wp\/v2\/posts\/118403","targetHints":{"allow":["GET"]}}],"collection":[{"href":"https:\/\/radioljubuski.ba\/index.php\/wp-json\/wp\/v2\/posts"}],"about":[{"href":"https:\/\/radioljubuski.ba\/index.php\/wp-json\/wp\/v2\/types\/post"}],"author":[{"embeddable":true,"href":"https:\/\/radioljubuski.ba\/index.php\/wp-json\/wp\/v2\/users\/2"}],"replies":[{"embeddable":true,"href":"https:\/\/radioljubuski.ba\/index.php\/wp-json\/wp\/v2\/comments?post=118403"}],"version-history":[{"count":1,"href":"https:\/\/radioljubuski.ba\/index.php\/wp-json\/wp\/v2\/posts\/118403\/revisions"}],"predecessor-version":[{"id":118404,"href":"https:\/\/radioljubuski.ba\/index.php\/wp-json\/wp\/v2\/posts\/118403\/revisions\/118404"}],"wp:featuredmedia":[{"embeddable":true,"href":"https:\/\/radioljubuski.ba\/index.php\/wp-json\/wp\/v2\/media\/20433"}],"wp:attachment":[{"href":"https:\/\/radioljubuski.ba\/index.php\/wp-json\/wp\/v2\/media?parent=118403"}],"wp:term":[{"taxonomy":"category","embeddable":true,"href":"https:\/\/radioljubuski.ba\/index.php\/wp-json\/wp\/v2\/categories?post=118403"},{"taxonomy":"post_tag","embeddable":true,"href":"https:\/\/radioljubuski.ba\/index.php\/wp-json\/wp\/v2\/tags?post=118403"}],"curies":[{"name":"wp","href":"https:\/\/api.w.org\/{rel}","templated":true}]}}