{"id":118411,"date":"2022-03-05T20:59:12","date_gmt":"2022-03-05T19:59:12","guid":{"rendered":"https:\/\/radioljubuski.ba\/?p=118411"},"modified":"2022-03-05T20:59:13","modified_gmt":"2022-03-05T19:59:13","slug":"austrija-maria-podrijetlom-hrvatica-godinama-radila-kao-24-satna-njegovateljica-na-kraju-joj-dali-mirovinu-od-41-40-eura","status":"publish","type":"post","link":"https:\/\/radioljubuski.ba\/index.php\/2022\/03\/05\/austrija-maria-podrijetlom-hrvatica-godinama-radila-kao-24-satna-njegovateljica-na-kraju-joj-dali-mirovinu-od-41-40-eura\/","title":{"rendered":"Austrija: Maria, podrijetlom Hrvatica, godinama radila kao 24-satna njegovateljica. Na kraju joj dali mirovinu od 41, 40 eura"},"content":{"rendered":"\n<p>Maria K. (72) godinama je radila u Austriji kao 24-satna njegovateljica . Austrijski mediji navode da Maria ima hrvatske korijene a ina\u010de je \u017eivjela u Rumunjskoj. U 2016. godini do\u017eivjela je mo\u017edani udar nakon \u010dega je dobila mirovinu od 41 euro, pi\u0161e&nbsp;<a href=\"https:\/\/fenix-magazin.de\/austrija-maria-podrijetlom-hrvatica-godinama-radila-kao-24-satna-njegovateljica-na-kraju-joj-dali-mirovinu-od-41-40-eura\/\" target=\"_blank\" rel=\"noreferrer noopener\">Fenix<\/a>.<\/p>\n\n\n\n<p>No, Marijina obitelj se \u017ealila na to jer zbog pravomo\u0107ne presude 72-godi\u0161njakinja, koja s k\u0107eri \u017eivi u Be\u010du-Penzingu, ima pravo na minimalnu mirovinu. Sada od zavoda socijalnog osiguranja za samozaposlene prima mirovinu od 1.522,32 eura mjese\u010dno, koja je prije iznosila 41,40 eura.<\/p>\n\n\n\n<p>Maria K. do\u0161la je u Be\u010d u sije\u010dnju 2010. u dobi od 60 godina. Radila je kao 24-satna njegovateljica preko agencije \u2013 radila je tri mjeseca, pauzirala tri mjeseca: \u201cU agenciji je tada to bilo normalno\u201d, ka\u017ee njezina k\u0107i Nicole K (44).<\/p>\n\n\n\n<p>Maria K. godinama se brinula o osobama kojima je bila potrebna njega u Austriji: \u201cSve je radila: \u010distila, peglala, kupovala i naravno medicinsku njegu. Ponekad je \u010dak brinula o dvije osobe u istom ku\u0107anstvu.<\/p>\n\n\n\n<p>U po\u010detku je zara\u0111ivala 800 eura neto, kasnije 1.200 eura\u201d, ka\u017ee za Heute Nicole K.<\/p>\n\n\n\n<p>Maria je uglavnom \u017eivjela s k\u0107eri i unukom, ali je sina \u010desto posje\u0107ivala u Rumunjskoj.<\/p>\n\n\n\n<p>\u201cMorala je platiti autobus koji je medicinske sestre vozio iz Rumunjske do Austrije i natrag. Budu\u0107i da je to ionako morala platiti, ponekad je to koristila da posjeti mog brata\u201d, prisje\u0107a se 44-godi\u0161njakinja.<\/p>\n\n\n\n<p>U kolovozu 2016. tada 66-godi\u0161njakinja do\u017eivila je mo\u017edani udar prilikom sadnje vo\u0107aka u Rumunjskoj. Nicole K. dovela je majku u Be\u010d i od tada se o njoj brine kod ku\u0107e danono\u0107no.<\/p>\n\n\n\n<p>\u201cU po\u010detku nije mogla ni govoriti ni kretati se. Dvije godine je bila potpuno prikovana za krevet. Sada je, hvala Bogu, bolje. Malo govori, ali joj treba pomo\u0107 pri hodanju\u201d, ka\u017ee Nicole K.<\/p>\n\n\n\n<p>Kao i gotovo sve od oko 62.000 24-satnih njegovateljica koje rade u Austriji, Maria K. je bila samozaposlena. Nakon mo\u017edanog udara, Zavod socijalnog osiguranja za samozaposlene (SVS) ispla\u0107ivao joj je mjese\u010dnu mirovinu od 41,40 eura, a od domovine je primala i 104,21 euro: \u201cImali smo velikih financijskih problema, za taj iznos nismo mogli ni pelene kupiti \u201c, obja\u0161njava Nicole K.<\/p>\n\n\n\n<p>Nicole K. je stoga 2016. godine podnijela zahtjev za kompenzacijski dodatak (minimalna mirovina) za svoju majku, no SVS je to odbio. Tada je 44-godi\u0161njakinja je uz pomo\u0107 odvjetnice Judith Gingerl oti\u0161la na Radni i socijalni sud.<\/p>\n\n\n\n<p>SVS se pozvao na \u010dinjenicu da Marija K. nije boravila u Austriji pet godina.<\/p>\n\n\n\n<p>Radni i socijalni sud se u prvom stupnju slo\u017eio sa SVS-om, ali se odvjetnica Marije K. \u017ealila. Vi\u0161i regionalni sud u Be\u010du preina\u010dio je tu odluku: \u201cGospo\u0111a K. ne mora biti u Austriji pet godina. Dovoljno je da je svake godine ovdje bila najmanje \u0161est mjeseci\u201d, ka\u017ee Gingerl.<\/p>\n\n\n\n<p>Presuda je postala pravomo\u0107na u ljeto 2021. Maria K. tako ima pravo stalnog boravka i pravo na socijalna primanja. Od rujna SVS je Mariji K. morao isplatiti minimalnu mirovinu od 1.522,32 eura, \u0161to je i u\u010dinio.<\/p>\n\n\n\n<p>No, 72-godi\u0161njakinja ima pravo i na doplatu od 29.304,26 eura. Nakon dugo vremena, taj iznos je kona\u010dno rije\u0161en, ali: \u201cSVS se \u017ealio na doplatu od 4.999,48 eura, \u0161to po na\u0161em mi\u0161ljenju nije zakonito. Ovaj iznos je jo\u0161 uvijek otvoren, ovdje \u0107emo podnijeti zahtjev za ovrhu, \u201c obja\u0161njava odvjetnica Gingerl.<\/p>\n\n\n\n<p>Za Nicole K. i njezinu majku presuda zna\u010di veliko financijsko olak\u0161anje: \u201cSada vi\u0161e ne moram brinuti mogu li platiti maj\u010dine lijekove, invalidska kolica ili pelene. A i moja se majka sada osje\u0107a bolje.\u201d<\/p>\n\n\n\n<p>Izvor:pogled.ba<\/p>\n","protected":false},"excerpt":{"rendered":"<p>Maria K. (72) godinama je radila u Austriji kao 24-satna njegovateljica . Austrijski mediji navode da Maria ima hrvatske korijene a ina\u010de je \u017eivjela u Rumunjskoj. U 2016. godini do\u017eivjela je mo\u017edani udar nakon \u010dega je dobila mirovinu od 41 euro, pi\u0161e&nbsp;Fenix. No, Marijina obitelj se \u017ealila na to jer zbog pravomo\u0107ne presude 72-godi\u0161njakinja, koja [&hellip;]<\/p>\n","protected":false},"author":2,"featured_media":118412,"comment_status":"closed","ping_status":"closed","sticky":false,"template":"","format":"standard","meta":{"h5ap_radio_sources":[],"footnotes":""},"categories":[1],"tags":[],"class_list":["post-118411","post","type-post","status-publish","format-standard","has-post-thumbnail","hentry","category-bihiregija"],"yoast_head":"<!-- This site is optimized with the Yoast SEO plugin v27.5 - https:\/\/yoast.com\/product\/yoast-seo-wordpress\/ -->\n<title>Austrija: Maria, podrijetlom Hrvatica, godinama radila kao 24-satna njegovateljica. Na kraju joj dali mirovinu od 41, 40 eura - RADIO LJUBU\u0160KI<\/title>\n<meta name=\"robots\" content=\"index, follow, max-snippet:-1, max-image-preview:large, max-video-preview:-1\" \/>\n<link rel=\"canonical\" href=\"https:\/\/radioljubuski.ba\/index.php\/2022\/03\/05\/austrija-maria-podrijetlom-hrvatica-godinama-radila-kao-24-satna-njegovateljica-na-kraju-joj-dali-mirovinu-od-41-40-eura\/\" \/>\n<meta property=\"og:locale\" content=\"hr_HR\" \/>\n<meta property=\"og:type\" content=\"article\" \/>\n<meta property=\"og:title\" content=\"Austrija: Maria, podrijetlom Hrvatica, godinama radila kao 24-satna njegovateljica. Na kraju joj dali mirovinu od 41, 40 eura - RADIO LJUBU\u0160KI\" \/>\n<meta property=\"og:description\" content=\"Maria K. (72) godinama je radila u Austriji kao 24-satna njegovateljica . Austrijski mediji navode da Maria ima hrvatske korijene a ina\u010de je \u017eivjela u Rumunjskoj. U 2016. godini do\u017eivjela je mo\u017edani udar nakon \u010dega je dobila mirovinu od 41 euro, pi\u0161e&nbsp;Fenix. No, Marijina obitelj se \u017ealila na to jer zbog pravomo\u0107ne presude 72-godi\u0161njakinja, koja [&hellip;]\" \/>\n<meta property=\"og:url\" content=\"https:\/\/radioljubuski.ba\/index.php\/2022\/03\/05\/austrija-maria-podrijetlom-hrvatica-godinama-radila-kao-24-satna-njegovateljica-na-kraju-joj-dali-mirovinu-od-41-40-eura\/\" \/>\n<meta property=\"og:site_name\" content=\"RADIO LJUBU\u0160KI\" \/>\n<meta property=\"article:publisher\" content=\"https:\/\/www.facebook.com\/Radiio-Ljubuski-1490835324566332\" \/>\n<meta property=\"article:published_time\" content=\"2022-03-05T19:59:12+00:00\" \/>\n<meta property=\"article:modified_time\" content=\"2022-03-05T19:59:13+00:00\" \/>\n<meta property=\"og:image\" content=\"https:\/\/radioljubuski.ba\/wp-content\/uploads\/2022\/03\/8-2021-09-12-11-55-20-EURO-NOVAC.jpg\" \/>\n\t<meta property=\"og:image:width\" content=\"1000\" \/>\n\t<meta property=\"og:image:height\" content=\"625\" \/>\n\t<meta property=\"og:image:type\" content=\"image\/jpeg\" \/>\n<meta name=\"author\" content=\"Radio Ljubu\u0161ki\" \/>\n<meta name=\"twitter:card\" content=\"summary_large_image\" \/>\n<meta name=\"twitter:creator\" content=\"@radioljubuski\" \/>\n<meta name=\"twitter:site\" content=\"@radioljubuski\" \/>\n<meta name=\"twitter:label1\" content=\"Napisao\/la\" \/>\n\t<meta name=\"twitter:data1\" content=\"Radio Ljubu\u0161ki\" \/>\n\t<meta name=\"twitter:label2\" content=\"Procijenjeno vrijeme \u010ditanja\" \/>\n\t<meta name=\"twitter:data2\" content=\"3 minute\" \/>\n<script type=\"application\/ld+json\" class=\"yoast-schema-graph\">{\"@context\":\"https:\\\/\\\/schema.org\",\"@graph\":[{\"@type\":\"Article\",\"@id\":\"https:\\\/\\\/radioljubuski.ba\\\/index.php\\\/2022\\\/03\\\/05\\\/austrija-maria-podrijetlom-hrvatica-godinama-radila-kao-24-satna-njegovateljica-na-kraju-joj-dali-mirovinu-od-41-40-eura\\\/#article\",\"isPartOf\":{\"@id\":\"https:\\\/\\\/radioljubuski.ba\\\/index.php\\\/2022\\\/03\\\/05\\\/austrija-maria-podrijetlom-hrvatica-godinama-radila-kao-24-satna-njegovateljica-na-kraju-joj-dali-mirovinu-od-41-40-eura\\\/\"},\"author\":{\"name\":\"Radio Ljubu\u0161ki\",\"@id\":\"https:\\\/\\\/radioljubuski.ba\\\/#\\\/schema\\\/person\\\/19fc700381a780f69665d7956c469e3b\"},\"headline\":\"Austrija: Maria, podrijetlom Hrvatica, godinama radila kao 24-satna njegovateljica. Na kraju joj dali mirovinu od 41, 40 eura\",\"datePublished\":\"2022-03-05T19:59:12+00:00\",\"dateModified\":\"2022-03-05T19:59:13+00:00\",\"mainEntityOfPage\":{\"@id\":\"https:\\\/\\\/radioljubuski.ba\\\/index.php\\\/2022\\\/03\\\/05\\\/austrija-maria-podrijetlom-hrvatica-godinama-radila-kao-24-satna-njegovateljica-na-kraju-joj-dali-mirovinu-od-41-40-eura\\\/\"},\"wordCount\":616,\"publisher\":{\"@id\":\"https:\\\/\\\/radioljubuski.ba\\\/#organization\"},\"image\":{\"@id\":\"https:\\\/\\\/radioljubuski.ba\\\/index.php\\\/2022\\\/03\\\/05\\\/austrija-maria-podrijetlom-hrvatica-godinama-radila-kao-24-satna-njegovateljica-na-kraju-joj-dali-mirovinu-od-41-40-eura\\\/#primaryimage\"},\"thumbnailUrl\":\"https:\\\/\\\/radioljubuski.ba\\\/wp-content\\\/uploads\\\/2022\\\/03\\\/8-2021-09-12-11-55-20-EURO-NOVAC.jpg\",\"articleSection\":[\"BIH i regija\"],\"inLanguage\":\"hr\"},{\"@type\":\"WebPage\",\"@id\":\"https:\\\/\\\/radioljubuski.ba\\\/index.php\\\/2022\\\/03\\\/05\\\/austrija-maria-podrijetlom-hrvatica-godinama-radila-kao-24-satna-njegovateljica-na-kraju-joj-dali-mirovinu-od-41-40-eura\\\/\",\"url\":\"https:\\\/\\\/radioljubuski.ba\\\/index.php\\\/2022\\\/03\\\/05\\\/austrija-maria-podrijetlom-hrvatica-godinama-radila-kao-24-satna-njegovateljica-na-kraju-joj-dali-mirovinu-od-41-40-eura\\\/\",\"name\":\"Austrija: Maria, podrijetlom Hrvatica, godinama radila kao 24-satna njegovateljica. Na kraju joj dali mirovinu od 41, 40 eura - RADIO LJUBU\u0160KI\",\"isPartOf\":{\"@id\":\"https:\\\/\\\/radioljubuski.ba\\\/#website\"},\"primaryImageOfPage\":{\"@id\":\"https:\\\/\\\/radioljubuski.ba\\\/index.php\\\/2022\\\/03\\\/05\\\/austrija-maria-podrijetlom-hrvatica-godinama-radila-kao-24-satna-njegovateljica-na-kraju-joj-dali-mirovinu-od-41-40-eura\\\/#primaryimage\"},\"image\":{\"@id\":\"https:\\\/\\\/radioljubuski.ba\\\/index.php\\\/2022\\\/03\\\/05\\\/austrija-maria-podrijetlom-hrvatica-godinama-radila-kao-24-satna-njegovateljica-na-kraju-joj-dali-mirovinu-od-41-40-eura\\\/#primaryimage\"},\"thumbnailUrl\":\"https:\\\/\\\/radioljubuski.ba\\\/wp-content\\\/uploads\\\/2022\\\/03\\\/8-2021-09-12-11-55-20-EURO-NOVAC.jpg\",\"datePublished\":\"2022-03-05T19:59:12+00:00\",\"dateModified\":\"2022-03-05T19:59:13+00:00\",\"breadcrumb\":{\"@id\":\"https:\\\/\\\/radioljubuski.ba\\\/index.php\\\/2022\\\/03\\\/05\\\/austrija-maria-podrijetlom-hrvatica-godinama-radila-kao-24-satna-njegovateljica-na-kraju-joj-dali-mirovinu-od-41-40-eura\\\/#breadcrumb\"},\"inLanguage\":\"hr\",\"potentialAction\":[{\"@type\":\"ReadAction\",\"target\":[\"https:\\\/\\\/radioljubuski.ba\\\/index.php\\\/2022\\\/03\\\/05\\\/austrija-maria-podrijetlom-hrvatica-godinama-radila-kao-24-satna-njegovateljica-na-kraju-joj-dali-mirovinu-od-41-40-eura\\\/\"]}]},{\"@type\":\"ImageObject\",\"inLanguage\":\"hr\",\"@id\":\"https:\\\/\\\/radioljubuski.ba\\\/index.php\\\/2022\\\/03\\\/05\\\/austrija-maria-podrijetlom-hrvatica-godinama-radila-kao-24-satna-njegovateljica-na-kraju-joj-dali-mirovinu-od-41-40-eura\\\/#primaryimage\",\"url\":\"https:\\\/\\\/radioljubuski.ba\\\/wp-content\\\/uploads\\\/2022\\\/03\\\/8-2021-09-12-11-55-20-EURO-NOVAC.jpg\",\"contentUrl\":\"https:\\\/\\\/radioljubuski.ba\\\/wp-content\\\/uploads\\\/2022\\\/03\\\/8-2021-09-12-11-55-20-EURO-NOVAC.jpg\",\"width\":1000,\"height\":625},{\"@type\":\"BreadcrumbList\",\"@id\":\"https:\\\/\\\/radioljubuski.ba\\\/index.php\\\/2022\\\/03\\\/05\\\/austrija-maria-podrijetlom-hrvatica-godinama-radila-kao-24-satna-njegovateljica-na-kraju-joj-dali-mirovinu-od-41-40-eura\\\/#breadcrumb\",\"itemListElement\":[{\"@type\":\"ListItem\",\"position\":1,\"name\":\"Po\u010detna stranica\",\"item\":\"https:\\\/\\\/radioljubuski.ba\\\/\"},{\"@type\":\"ListItem\",\"position\":2,\"name\":\"Austrija: Maria, podrijetlom Hrvatica, godinama radila kao 24-satna njegovateljica. Na kraju joj dali mirovinu od 41, 40 eura\"}]},{\"@type\":\"WebSite\",\"@id\":\"https:\\\/\\\/radioljubuski.ba\\\/#website\",\"url\":\"https:\\\/\\\/radioljubuski.ba\\\/\",\"name\":\"Radio Ljubu\u0161ki\",\"description\":\"Sun\u010dana frekvencija Hercegovine\",\"publisher\":{\"@id\":\"https:\\\/\\\/radioljubuski.ba\\\/#organization\"},\"potentialAction\":[{\"@type\":\"SearchAction\",\"target\":{\"@type\":\"EntryPoint\",\"urlTemplate\":\"https:\\\/\\\/radioljubuski.ba\\\/?s={search_term_string}\"},\"query-input\":{\"@type\":\"PropertyValueSpecification\",\"valueRequired\":true,\"valueName\":\"search_term_string\"}}],\"inLanguage\":\"hr\"},{\"@type\":\"Organization\",\"@id\":\"https:\\\/\\\/radioljubuski.ba\\\/#organization\",\"name\":\"Radio Ljubu\u0161ki\",\"url\":\"https:\\\/\\\/radioljubuski.ba\\\/\",\"logo\":{\"@type\":\"ImageObject\",\"inLanguage\":\"hr\",\"@id\":\"https:\\\/\\\/radioljubuski.ba\\\/#\\\/schema\\\/logo\\\/image\\\/\",\"url\":\"https:\\\/\\\/radioljubuski.ba\\\/wp-content\\\/uploads\\\/2021\\\/02\\\/cropped-Radio_Ljubuski_logo1.jpg\",\"contentUrl\":\"https:\\\/\\\/radioljubuski.ba\\\/wp-content\\\/uploads\\\/2021\\\/02\\\/cropped-Radio_Ljubuski_logo1.jpg\",\"width\":512,\"height\":512,\"caption\":\"Radio Ljubu\u0161ki\"},\"image\":{\"@id\":\"https:\\\/\\\/radioljubuski.ba\\\/#\\\/schema\\\/logo\\\/image\\\/\"},\"sameAs\":[\"https:\\\/\\\/www.facebook.com\\\/Radiio-Ljubuski-1490835324566332\",\"https:\\\/\\\/x.com\\\/radioljubuski\",\"https:\\\/\\\/hr.linkedin.com\\\/company\\\/radio-ljubuski\",\"https:\\\/\\\/www.youtube.com\\\/channel\\\/UCHYaeO_n0Db3tjNGudGpXyw\"]},{\"@type\":\"Person\",\"@id\":\"https:\\\/\\\/radioljubuski.ba\\\/#\\\/schema\\\/person\\\/19fc700381a780f69665d7956c469e3b\",\"name\":\"Radio Ljubu\u0161ki\"}]}<\/script>\n<!-- \/ Yoast SEO plugin. -->","yoast_head_json":{"title":"Austrija: Maria, podrijetlom Hrvatica, godinama radila kao 24-satna njegovateljica. Na kraju joj dali mirovinu od 41, 40 eura - RADIO LJUBU\u0160KI","robots":{"index":"index","follow":"follow","max-snippet":"max-snippet:-1","max-image-preview":"max-image-preview:large","max-video-preview":"max-video-preview:-1"},"canonical":"https:\/\/radioljubuski.ba\/index.php\/2022\/03\/05\/austrija-maria-podrijetlom-hrvatica-godinama-radila-kao-24-satna-njegovateljica-na-kraju-joj-dali-mirovinu-od-41-40-eura\/","og_locale":"hr_HR","og_type":"article","og_title":"Austrija: Maria, podrijetlom Hrvatica, godinama radila kao 24-satna njegovateljica. Na kraju joj dali mirovinu od 41, 40 eura - RADIO LJUBU\u0160KI","og_description":"Maria K. (72) godinama je radila u Austriji kao 24-satna njegovateljica . Austrijski mediji navode da Maria ima hrvatske korijene a ina\u010de je \u017eivjela u Rumunjskoj. U 2016. godini do\u017eivjela je mo\u017edani udar nakon \u010dega je dobila mirovinu od 41 euro, pi\u0161e&nbsp;Fenix. No, Marijina obitelj se \u017ealila na to jer zbog pravomo\u0107ne presude 72-godi\u0161njakinja, koja [&hellip;]","og_url":"https:\/\/radioljubuski.ba\/index.php\/2022\/03\/05\/austrija-maria-podrijetlom-hrvatica-godinama-radila-kao-24-satna-njegovateljica-na-kraju-joj-dali-mirovinu-od-41-40-eura\/","og_site_name":"RADIO LJUBU\u0160KI","article_publisher":"https:\/\/www.facebook.com\/Radiio-Ljubuski-1490835324566332","article_published_time":"2022-03-05T19:59:12+00:00","article_modified_time":"2022-03-05T19:59:13+00:00","og_image":[{"width":1000,"height":625,"url":"https:\/\/radioljubuski.ba\/wp-content\/uploads\/2022\/03\/8-2021-09-12-11-55-20-EURO-NOVAC.jpg","type":"image\/jpeg"}],"author":"Radio Ljubu\u0161ki","twitter_card":"summary_large_image","twitter_creator":"@radioljubuski","twitter_site":"@radioljubuski","twitter_misc":{"Napisao\/la":"Radio Ljubu\u0161ki","Procijenjeno vrijeme \u010ditanja":"3 minute"},"schema":{"@context":"https:\/\/schema.org","@graph":[{"@type":"Article","@id":"https:\/\/radioljubuski.ba\/index.php\/2022\/03\/05\/austrija-maria-podrijetlom-hrvatica-godinama-radila-kao-24-satna-njegovateljica-na-kraju-joj-dali-mirovinu-od-41-40-eura\/#article","isPartOf":{"@id":"https:\/\/radioljubuski.ba\/index.php\/2022\/03\/05\/austrija-maria-podrijetlom-hrvatica-godinama-radila-kao-24-satna-njegovateljica-na-kraju-joj-dali-mirovinu-od-41-40-eura\/"},"author":{"name":"Radio Ljubu\u0161ki","@id":"https:\/\/radioljubuski.ba\/#\/schema\/person\/19fc700381a780f69665d7956c469e3b"},"headline":"Austrija: Maria, podrijetlom Hrvatica, godinama radila kao 24-satna njegovateljica. Na kraju joj dali mirovinu od 41, 40 eura","datePublished":"2022-03-05T19:59:12+00:00","dateModified":"2022-03-05T19:59:13+00:00","mainEntityOfPage":{"@id":"https:\/\/radioljubuski.ba\/index.php\/2022\/03\/05\/austrija-maria-podrijetlom-hrvatica-godinama-radila-kao-24-satna-njegovateljica-na-kraju-joj-dali-mirovinu-od-41-40-eura\/"},"wordCount":616,"publisher":{"@id":"https:\/\/radioljubuski.ba\/#organization"},"image":{"@id":"https:\/\/radioljubuski.ba\/index.php\/2022\/03\/05\/austrija-maria-podrijetlom-hrvatica-godinama-radila-kao-24-satna-njegovateljica-na-kraju-joj-dali-mirovinu-od-41-40-eura\/#primaryimage"},"thumbnailUrl":"https:\/\/radioljubuski.ba\/wp-content\/uploads\/2022\/03\/8-2021-09-12-11-55-20-EURO-NOVAC.jpg","articleSection":["BIH i regija"],"inLanguage":"hr"},{"@type":"WebPage","@id":"https:\/\/radioljubuski.ba\/index.php\/2022\/03\/05\/austrija-maria-podrijetlom-hrvatica-godinama-radila-kao-24-satna-njegovateljica-na-kraju-joj-dali-mirovinu-od-41-40-eura\/","url":"https:\/\/radioljubuski.ba\/index.php\/2022\/03\/05\/austrija-maria-podrijetlom-hrvatica-godinama-radila-kao-24-satna-njegovateljica-na-kraju-joj-dali-mirovinu-od-41-40-eura\/","name":"Austrija: Maria, podrijetlom Hrvatica, godinama radila kao 24-satna njegovateljica. Na kraju joj dali mirovinu od 41, 40 eura - RADIO LJUBU\u0160KI","isPartOf":{"@id":"https:\/\/radioljubuski.ba\/#website"},"primaryImageOfPage":{"@id":"https:\/\/radioljubuski.ba\/index.php\/2022\/03\/05\/austrija-maria-podrijetlom-hrvatica-godinama-radila-kao-24-satna-njegovateljica-na-kraju-joj-dali-mirovinu-od-41-40-eura\/#primaryimage"},"image":{"@id":"https:\/\/radioljubuski.ba\/index.php\/2022\/03\/05\/austrija-maria-podrijetlom-hrvatica-godinama-radila-kao-24-satna-njegovateljica-na-kraju-joj-dali-mirovinu-od-41-40-eura\/#primaryimage"},"thumbnailUrl":"https:\/\/radioljubuski.ba\/wp-content\/uploads\/2022\/03\/8-2021-09-12-11-55-20-EURO-NOVAC.jpg","datePublished":"2022-03-05T19:59:12+00:00","dateModified":"2022-03-05T19:59:13+00:00","breadcrumb":{"@id":"https:\/\/radioljubuski.ba\/index.php\/2022\/03\/05\/austrija-maria-podrijetlom-hrvatica-godinama-radila-kao-24-satna-njegovateljica-na-kraju-joj-dali-mirovinu-od-41-40-eura\/#breadcrumb"},"inLanguage":"hr","potentialAction":[{"@type":"ReadAction","target":["https:\/\/radioljubuski.ba\/index.php\/2022\/03\/05\/austrija-maria-podrijetlom-hrvatica-godinama-radila-kao-24-satna-njegovateljica-na-kraju-joj-dali-mirovinu-od-41-40-eura\/"]}]},{"@type":"ImageObject","inLanguage":"hr","@id":"https:\/\/radioljubuski.ba\/index.php\/2022\/03\/05\/austrija-maria-podrijetlom-hrvatica-godinama-radila-kao-24-satna-njegovateljica-na-kraju-joj-dali-mirovinu-od-41-40-eura\/#primaryimage","url":"https:\/\/radioljubuski.ba\/wp-content\/uploads\/2022\/03\/8-2021-09-12-11-55-20-EURO-NOVAC.jpg","contentUrl":"https:\/\/radioljubuski.ba\/wp-content\/uploads\/2022\/03\/8-2021-09-12-11-55-20-EURO-NOVAC.jpg","width":1000,"height":625},{"@type":"BreadcrumbList","@id":"https:\/\/radioljubuski.ba\/index.php\/2022\/03\/05\/austrija-maria-podrijetlom-hrvatica-godinama-radila-kao-24-satna-njegovateljica-na-kraju-joj-dali-mirovinu-od-41-40-eura\/#breadcrumb","itemListElement":[{"@type":"ListItem","position":1,"name":"Po\u010detna stranica","item":"https:\/\/radioljubuski.ba\/"},{"@type":"ListItem","position":2,"name":"Austrija: Maria, podrijetlom Hrvatica, godinama radila kao 24-satna njegovateljica. Na kraju joj dali mirovinu od 41, 40 eura"}]},{"@type":"WebSite","@id":"https:\/\/radioljubuski.ba\/#website","url":"https:\/\/radioljubuski.ba\/","name":"Radio Ljubu\u0161ki","description":"Sun\u010dana frekvencija Hercegovine","publisher":{"@id":"https:\/\/radioljubuski.ba\/#organization"},"potentialAction":[{"@type":"SearchAction","target":{"@type":"EntryPoint","urlTemplate":"https:\/\/radioljubuski.ba\/?s={search_term_string}"},"query-input":{"@type":"PropertyValueSpecification","valueRequired":true,"valueName":"search_term_string"}}],"inLanguage":"hr"},{"@type":"Organization","@id":"https:\/\/radioljubuski.ba\/#organization","name":"Radio Ljubu\u0161ki","url":"https:\/\/radioljubuski.ba\/","logo":{"@type":"ImageObject","inLanguage":"hr","@id":"https:\/\/radioljubuski.ba\/#\/schema\/logo\/image\/","url":"https:\/\/radioljubuski.ba\/wp-content\/uploads\/2021\/02\/cropped-Radio_Ljubuski_logo1.jpg","contentUrl":"https:\/\/radioljubuski.ba\/wp-content\/uploads\/2021\/02\/cropped-Radio_Ljubuski_logo1.jpg","width":512,"height":512,"caption":"Radio Ljubu\u0161ki"},"image":{"@id":"https:\/\/radioljubuski.ba\/#\/schema\/logo\/image\/"},"sameAs":["https:\/\/www.facebook.com\/Radiio-Ljubuski-1490835324566332","https:\/\/x.com\/radioljubuski","https:\/\/hr.linkedin.com\/company\/radio-ljubuski","https:\/\/www.youtube.com\/channel\/UCHYaeO_n0Db3tjNGudGpXyw"]},{"@type":"Person","@id":"https:\/\/radioljubuski.ba\/#\/schema\/person\/19fc700381a780f69665d7956c469e3b","name":"Radio Ljubu\u0161ki"}]}},"_links":{"self":[{"href":"https:\/\/radioljubuski.ba\/index.php\/wp-json\/wp\/v2\/posts\/118411","targetHints":{"allow":["GET"]}}],"collection":[{"href":"https:\/\/radioljubuski.ba\/index.php\/wp-json\/wp\/v2\/posts"}],"about":[{"href":"https:\/\/radioljubuski.ba\/index.php\/wp-json\/wp\/v2\/types\/post"}],"author":[{"embeddable":true,"href":"https:\/\/radioljubuski.ba\/index.php\/wp-json\/wp\/v2\/users\/2"}],"replies":[{"embeddable":true,"href":"https:\/\/radioljubuski.ba\/index.php\/wp-json\/wp\/v2\/comments?post=118411"}],"version-history":[{"count":1,"href":"https:\/\/radioljubuski.ba\/index.php\/wp-json\/wp\/v2\/posts\/118411\/revisions"}],"predecessor-version":[{"id":118413,"href":"https:\/\/radioljubuski.ba\/index.php\/wp-json\/wp\/v2\/posts\/118411\/revisions\/118413"}],"wp:featuredmedia":[{"embeddable":true,"href":"https:\/\/radioljubuski.ba\/index.php\/wp-json\/wp\/v2\/media\/118412"}],"wp:attachment":[{"href":"https:\/\/radioljubuski.ba\/index.php\/wp-json\/wp\/v2\/media?parent=118411"}],"wp:term":[{"taxonomy":"category","embeddable":true,"href":"https:\/\/radioljubuski.ba\/index.php\/wp-json\/wp\/v2\/categories?post=118411"},{"taxonomy":"post_tag","embeddable":true,"href":"https:\/\/radioljubuski.ba\/index.php\/wp-json\/wp\/v2\/tags?post=118411"}],"curies":[{"name":"wp","href":"https:\/\/api.w.org\/{rel}","templated":true}]}}