{"id":118429,"date":"2022-03-05T23:57:47","date_gmt":"2022-03-05T22:57:47","guid":{"rendered":"https:\/\/radioljubuski.ba\/?p=118429"},"modified":"2022-03-05T23:57:48","modified_gmt":"2022-03-05T22:57:48","slug":"austrija-danas-ukinute-gotovo-sve-korona-mjere","status":"publish","type":"post","link":"https:\/\/radioljubuski.ba\/index.php\/2022\/03\/05\/austrija-danas-ukinute-gotovo-sve-korona-mjere\/","title":{"rendered":"Austrija: Danas ukinute gotovo sve korona mjere"},"content":{"rendered":"\n<p>Nakon gotovo dvije godine pandemije Austrija je danas u pono\u0107 ukinula gotovo sve korona mjere i ograni\u010denja, koje su dosad bile na snazi u borbi protiv koronavirusa.<\/p>\n\n\n\n<p><br>&nbsp;\u201cDan slobode\u201d i \u201cpovratak normalnom \u017eivotu\u201d, kako izvje\u0161tavaju austrijski mediji o ovom za Austrijance spektakularnom, ali istovremeno i rizi\u010dnom vladinom potezu potpunog \u201cotklju\u010davanja\u201d Austrije. S obzirom da proteklih dana Austrija i dalje dnevno bilje\u017ei 30 do 40.000 novozara\u017eenih omega sojem i BA.2 podsojem koronavirusa, pi\u0161e&nbsp;<a href=\"https:\/\/fenix-magazin.de\/austrija-danas-ukinute-gotovo-sve-korona-mjere-masovna-navala-na-diskoteke\/\" target=\"_blank\" rel=\"noreferrer noopener\">Fenix-magazin.<\/a><\/p>\n\n\n\n<p>Vlada tvrdi da ima potporu svog stru\u010dnog medicinsko-prognosti\u010dkog tima i pokrajinskih \u010delnika. Izuzev opreznog be\u010dkog gradona\u010delnika Michaela Ludwiga, koji je istakao da Be\u010d , unato\u010d odluci savezne vlade, ne\u0107e ukinuti \u201c2G\u201d pravilo u ugostiteljstvu i no\u0107noj gastronomiji uklju\u010duju\u0107i no\u0107ne klubove, diskoteke i barove, a FFP2 maske i dalje \u0107e biti obvezne u svim be\u010dkim trgovinama. I to prvotno do 31. o\u017eujka i nove procjene epidemiolo\u0161ke situacije u austrijskom glavnom gradu.<\/p>\n\n\n\n<p><br>&nbsp;Austrijska savezna vlada je s dana\u0161njim danom ukinula kako \u201c2G\u201d, tako i \u201c3G\u201d pravilo (cijepljen, covid prebolio, testiran), \u0161to zna\u010di da je ukinula i covid-potvrde, te vi\u0161e nema nikakvih ograni\u010denja i svi gra\u0111ani bez obzira da li su cijepljeni ili nisu mogu u restorane, kafi\u0107e, na kulturne i sportske priredbe, k frizeru &amp; Co, fitness centre, kotele, kina i sli\u010dno.<\/p>\n\n\n\n<p><br>&nbsp;Od danas vi\u0161e nema ni ograni\u010denja radnog vremena u ugostiteljstvu i na kulturnim i drugim priredbama. Osim toga, nakon dvije godine svoja vrata svim posjetiteljima ponovno otvaraju i no\u0107ni klubovi, barovi i diskoteke. Osim u Be\u010du, gdje i dalje vrijedi \u201c2G\u201d pravilo, \u0161to zna\u010di da pristup imaju samo cijepljeni i preboljeli. Isto kao i u be\u010dkim ugostiteljskim objektima. Me\u0111utim ukinuta je obveza no\u0161enja maski kako za goste tako i za zaposlenike ugostiteljskih objekata.<\/p>\n\n\n\n<p>Dosada\u0161nje obvezno \u201c3G\u201d pravilo na radnom mjestu, tako\u0111er je ukinuto na saveznoj razini.<\/p>\n\n\n\n<p>Jedina epidemiolo\u0161ka mjera koja djelomi\u010dno ostaje je obvezno no\u0161enje FFP2 maske, koje su tako\u0111er \u201cpale\u201d na ve\u0107ini podru\u010dja. Obveza no\u0161enja maske ostala je samo jo\u0161 u supermarketima, javnom prijevozu, uklju\u010duju\u0107i taksi prijevoz, ljekarnama, bankama, po\u0161tama, trafikama, auto-moto servisima i sl.<\/p>\n\n\n\n<p>Dakle, gotovo sve korona mjere su ukinute, osim na vrlo ranjivim podru\u010djima poput bolnica i stara\u010dkih i drugih domova za njegu starijih i nemo\u0107nih osoba, gdje je i nadalje na snazi \u201c3G\u201d pravilo, (cijepljen, prebolio, testiran), kako za posjetitelje tako i za zaposlene i pru\u017eatelje usluga, isti\u010du mediji.<\/p>\n\n\n\n<p>Za manifestacije u zatvorenom prostoru tako\u0111er je ukinuto \u201c2G\u201d pravilo, ali obveza no\u0161enja maski i dalje ostaje na snazi.<\/p>\n\n\n\n<p>U be\u010dkim supermarketima i prehrambenim trgovinama kupci, kao i prodava\u010di i osoblje koje je u kontaktu s kupcima i dalje moraju nositit FFP2 masku. Maska se mora nositi i u frizerskim i drugim uslu\u017enim salonima. Ali samo korisnici usluga, dok pru\u017eatelji usluga- frizeri, pedikeri i sl. ne moraju imati masku na licu, \u0161to je izazvalo mnoge kritike i komentare.<\/p>\n\n\n\n<p>Jednako kao i potpuno \u201cotvaranje\u201d Austrije u vrijeme kada se svakog dana bilje\u017ei ogroman broj novozara\u017eenih koronavirusom.<br>Me\u0111u o\u0161trim kriti\u010darima je i be\u010dki gradona\u010delnik Ludwig, koji se je danas oglasio na svom Twitteru sljede\u0107om porukom:<\/p>\n\n\n\n<p>\u201cPosve je neshvatljivo da kod rastu\u0107e dinamike broja novozara\u017eenih dolazi do popu\u0161anja. Svakako se je trebalo jo\u0161 malo pri\u010dekati. Popu\u0161tanje bi trebalo uslijediti onda kada broj novozara\u017eenih po\u010dne padati\u201d.<\/p>\n\n\n\n<p>Me\u0111utim, ne samo politi\u010dari, nego i mnogi stru\u010dnjaci ukazuju da su Austrijanci ve\u0107 siti koronakrize i ograni\u010denja i imaju sve manje razumijevanja za vladine mjere. Ali i na gorku \u010dinjenicu da sve vi\u0161e djece i mladih zbog koronakrize ima ozbiljne psihi\u010dke probleme.<\/p>\n\n\n\n<p>A kada smo kod mladih onda treba spomenuti i dana\u0161nju vijest iz austrijskih medija o \u201cmasovnoj navali\u201d na austrijske diskoteke, koje su od pono\u0107i u radnom pogonu.<\/p>\n\n\n\n<p>U jednoj od diskoteka u Oberndorfu kraj Salzburga, tik uz njema\u010dku granicu, gdje se je kratko prije pono\u0107i sakupilo vi\u0161e stotina ljudi iz susjedne Bavarske i Austrije, do\u0161lo je do izuzetno opasne situacije, pi\u0161e Heute.<\/p>\n\n\n\n<p>\u201cOpasno naguravanje na ulazu i nekoliko onesvije\u0161tenih osoba\u201d, stoji u izvje\u0161\u0107u austrijske policije, koja je morala intervenirati s obzirom na nastalu gu\u017evu. A kako je tek onda bilo unutra, saznati \u0107emo sljede\u0107ih dana i tjedana iz slu\u017ebenih izvje\u0161\u0107a o novozara\u017eenima i incidenciji.<\/p>\n\n\n\n<p>Izvor:fenix-magazin.de<\/p>\n","protected":false},"excerpt":{"rendered":"<p>Nakon gotovo dvije godine pandemije Austrija je danas u pono\u0107 ukinula gotovo sve korona mjere i ograni\u010denja, koje su dosad bile na snazi u borbi protiv koronavirusa. &nbsp;\u201cDan slobode\u201d i \u201cpovratak normalnom \u017eivotu\u201d, kako izvje\u0161tavaju austrijski mediji o ovom za Austrijance spektakularnom, ali istovremeno i rizi\u010dnom vladinom potezu potpunog \u201cotklju\u010davanja\u201d Austrije. S obzirom da proteklih [&hellip;]<\/p>\n","protected":false},"author":2,"featured_media":118430,"comment_status":"closed","ping_status":"closed","sticky":false,"template":"","format":"standard","meta":{"h5ap_radio_sources":[],"footnotes":""},"categories":[1],"tags":[],"class_list":["post-118429","post","type-post","status-publish","format-standard","has-post-thumbnail","hentry","category-bihiregija"],"yoast_head":"<!-- This site is optimized with the Yoast SEO plugin v27.5 - https:\/\/yoast.com\/product\/yoast-seo-wordpress\/ -->\n<title>Austrija: Danas ukinute gotovo sve korona mjere - RADIO LJUBU\u0160KI<\/title>\n<meta name=\"robots\" content=\"index, follow, max-snippet:-1, max-image-preview:large, max-video-preview:-1\" \/>\n<link rel=\"canonical\" href=\"https:\/\/radioljubuski.ba\/index.php\/2022\/03\/05\/austrija-danas-ukinute-gotovo-sve-korona-mjere\/\" \/>\n<meta property=\"og:locale\" content=\"hr_HR\" \/>\n<meta property=\"og:type\" content=\"article\" \/>\n<meta property=\"og:title\" content=\"Austrija: Danas ukinute gotovo sve korona mjere - RADIO LJUBU\u0160KI\" \/>\n<meta property=\"og:description\" content=\"Nakon gotovo dvije godine pandemije Austrija je danas u pono\u0107 ukinula gotovo sve korona mjere i ograni\u010denja, koje su dosad bile na snazi u borbi protiv koronavirusa. &nbsp;\u201cDan slobode\u201d i \u201cpovratak normalnom \u017eivotu\u201d, kako izvje\u0161tavaju austrijski mediji o ovom za Austrijance spektakularnom, ali istovremeno i rizi\u010dnom vladinom potezu potpunog \u201cotklju\u010davanja\u201d Austrije. S obzirom da proteklih [&hellip;]\" \/>\n<meta property=\"og:url\" content=\"https:\/\/radioljubuski.ba\/index.php\/2022\/03\/05\/austrija-danas-ukinute-gotovo-sve-korona-mjere\/\" \/>\n<meta property=\"og:site_name\" content=\"RADIO LJUBU\u0160KI\" \/>\n<meta property=\"article:publisher\" content=\"https:\/\/www.facebook.com\/Radiio-Ljubuski-1490835324566332\" \/>\n<meta property=\"article:published_time\" content=\"2022-03-05T22:57:47+00:00\" \/>\n<meta property=\"article:modified_time\" content=\"2022-03-05T22:57:48+00:00\" \/>\n<meta property=\"og:image\" content=\"https:\/\/radioljubuski.ba\/wp-content\/uploads\/2022\/03\/austrija.jpg\" \/>\n\t<meta property=\"og:image:width\" content=\"1000\" \/>\n\t<meta property=\"og:image:height\" content=\"625\" \/>\n\t<meta property=\"og:image:type\" content=\"image\/jpeg\" \/>\n<meta name=\"author\" content=\"Radio Ljubu\u0161ki\" \/>\n<meta name=\"twitter:card\" content=\"summary_large_image\" \/>\n<meta name=\"twitter:creator\" content=\"@radioljubuski\" \/>\n<meta name=\"twitter:site\" content=\"@radioljubuski\" \/>\n<meta name=\"twitter:label1\" content=\"Napisao\/la\" \/>\n\t<meta name=\"twitter:data1\" content=\"Radio Ljubu\u0161ki\" \/>\n\t<meta name=\"twitter:label2\" content=\"Procijenjeno vrijeme \u010ditanja\" \/>\n\t<meta name=\"twitter:data2\" content=\"3 minute\" \/>\n<script type=\"application\/ld+json\" class=\"yoast-schema-graph\">{\"@context\":\"https:\\\/\\\/schema.org\",\"@graph\":[{\"@type\":\"Article\",\"@id\":\"https:\\\/\\\/radioljubuski.ba\\\/index.php\\\/2022\\\/03\\\/05\\\/austrija-danas-ukinute-gotovo-sve-korona-mjere\\\/#article\",\"isPartOf\":{\"@id\":\"https:\\\/\\\/radioljubuski.ba\\\/index.php\\\/2022\\\/03\\\/05\\\/austrija-danas-ukinute-gotovo-sve-korona-mjere\\\/\"},\"author\":{\"name\":\"Radio Ljubu\u0161ki\",\"@id\":\"https:\\\/\\\/radioljubuski.ba\\\/#\\\/schema\\\/person\\\/19fc700381a780f69665d7956c469e3b\"},\"headline\":\"Austrija: Danas ukinute gotovo sve korona mjere\",\"datePublished\":\"2022-03-05T22:57:47+00:00\",\"dateModified\":\"2022-03-05T22:57:48+00:00\",\"mainEntityOfPage\":{\"@id\":\"https:\\\/\\\/radioljubuski.ba\\\/index.php\\\/2022\\\/03\\\/05\\\/austrija-danas-ukinute-gotovo-sve-korona-mjere\\\/\"},\"wordCount\":767,\"publisher\":{\"@id\":\"https:\\\/\\\/radioljubuski.ba\\\/#organization\"},\"image\":{\"@id\":\"https:\\\/\\\/radioljubuski.ba\\\/index.php\\\/2022\\\/03\\\/05\\\/austrija-danas-ukinute-gotovo-sve-korona-mjere\\\/#primaryimage\"},\"thumbnailUrl\":\"https:\\\/\\\/radioljubuski.ba\\\/wp-content\\\/uploads\\\/2022\\\/03\\\/austrija.jpg\",\"articleSection\":[\"BIH i regija\"],\"inLanguage\":\"hr\"},{\"@type\":\"WebPage\",\"@id\":\"https:\\\/\\\/radioljubuski.ba\\\/index.php\\\/2022\\\/03\\\/05\\\/austrija-danas-ukinute-gotovo-sve-korona-mjere\\\/\",\"url\":\"https:\\\/\\\/radioljubuski.ba\\\/index.php\\\/2022\\\/03\\\/05\\\/austrija-danas-ukinute-gotovo-sve-korona-mjere\\\/\",\"name\":\"Austrija: Danas ukinute gotovo sve korona mjere - RADIO LJUBU\u0160KI\",\"isPartOf\":{\"@id\":\"https:\\\/\\\/radioljubuski.ba\\\/#website\"},\"primaryImageOfPage\":{\"@id\":\"https:\\\/\\\/radioljubuski.ba\\\/index.php\\\/2022\\\/03\\\/05\\\/austrija-danas-ukinute-gotovo-sve-korona-mjere\\\/#primaryimage\"},\"image\":{\"@id\":\"https:\\\/\\\/radioljubuski.ba\\\/index.php\\\/2022\\\/03\\\/05\\\/austrija-danas-ukinute-gotovo-sve-korona-mjere\\\/#primaryimage\"},\"thumbnailUrl\":\"https:\\\/\\\/radioljubuski.ba\\\/wp-content\\\/uploads\\\/2022\\\/03\\\/austrija.jpg\",\"datePublished\":\"2022-03-05T22:57:47+00:00\",\"dateModified\":\"2022-03-05T22:57:48+00:00\",\"breadcrumb\":{\"@id\":\"https:\\\/\\\/radioljubuski.ba\\\/index.php\\\/2022\\\/03\\\/05\\\/austrija-danas-ukinute-gotovo-sve-korona-mjere\\\/#breadcrumb\"},\"inLanguage\":\"hr\",\"potentialAction\":[{\"@type\":\"ReadAction\",\"target\":[\"https:\\\/\\\/radioljubuski.ba\\\/index.php\\\/2022\\\/03\\\/05\\\/austrija-danas-ukinute-gotovo-sve-korona-mjere\\\/\"]}]},{\"@type\":\"ImageObject\",\"inLanguage\":\"hr\",\"@id\":\"https:\\\/\\\/radioljubuski.ba\\\/index.php\\\/2022\\\/03\\\/05\\\/austrija-danas-ukinute-gotovo-sve-korona-mjere\\\/#primaryimage\",\"url\":\"https:\\\/\\\/radioljubuski.ba\\\/wp-content\\\/uploads\\\/2022\\\/03\\\/austrija.jpg\",\"contentUrl\":\"https:\\\/\\\/radioljubuski.ba\\\/wp-content\\\/uploads\\\/2022\\\/03\\\/austrija.jpg\",\"width\":1000,\"height\":625},{\"@type\":\"BreadcrumbList\",\"@id\":\"https:\\\/\\\/radioljubuski.ba\\\/index.php\\\/2022\\\/03\\\/05\\\/austrija-danas-ukinute-gotovo-sve-korona-mjere\\\/#breadcrumb\",\"itemListElement\":[{\"@type\":\"ListItem\",\"position\":1,\"name\":\"Po\u010detna stranica\",\"item\":\"https:\\\/\\\/radioljubuski.ba\\\/\"},{\"@type\":\"ListItem\",\"position\":2,\"name\":\"Austrija: Danas ukinute gotovo sve korona mjere\"}]},{\"@type\":\"WebSite\",\"@id\":\"https:\\\/\\\/radioljubuski.ba\\\/#website\",\"url\":\"https:\\\/\\\/radioljubuski.ba\\\/\",\"name\":\"Radio Ljubu\u0161ki\",\"description\":\"Sun\u010dana frekvencija Hercegovine\",\"publisher\":{\"@id\":\"https:\\\/\\\/radioljubuski.ba\\\/#organization\"},\"potentialAction\":[{\"@type\":\"SearchAction\",\"target\":{\"@type\":\"EntryPoint\",\"urlTemplate\":\"https:\\\/\\\/radioljubuski.ba\\\/?s={search_term_string}\"},\"query-input\":{\"@type\":\"PropertyValueSpecification\",\"valueRequired\":true,\"valueName\":\"search_term_string\"}}],\"inLanguage\":\"hr\"},{\"@type\":\"Organization\",\"@id\":\"https:\\\/\\\/radioljubuski.ba\\\/#organization\",\"name\":\"Radio Ljubu\u0161ki\",\"url\":\"https:\\\/\\\/radioljubuski.ba\\\/\",\"logo\":{\"@type\":\"ImageObject\",\"inLanguage\":\"hr\",\"@id\":\"https:\\\/\\\/radioljubuski.ba\\\/#\\\/schema\\\/logo\\\/image\\\/\",\"url\":\"https:\\\/\\\/radioljubuski.ba\\\/wp-content\\\/uploads\\\/2021\\\/02\\\/cropped-Radio_Ljubuski_logo1.jpg\",\"contentUrl\":\"https:\\\/\\\/radioljubuski.ba\\\/wp-content\\\/uploads\\\/2021\\\/02\\\/cropped-Radio_Ljubuski_logo1.jpg\",\"width\":512,\"height\":512,\"caption\":\"Radio Ljubu\u0161ki\"},\"image\":{\"@id\":\"https:\\\/\\\/radioljubuski.ba\\\/#\\\/schema\\\/logo\\\/image\\\/\"},\"sameAs\":[\"https:\\\/\\\/www.facebook.com\\\/Radiio-Ljubuski-1490835324566332\",\"https:\\\/\\\/x.com\\\/radioljubuski\",\"https:\\\/\\\/hr.linkedin.com\\\/company\\\/radio-ljubuski\",\"https:\\\/\\\/www.youtube.com\\\/channel\\\/UCHYaeO_n0Db3tjNGudGpXyw\"]},{\"@type\":\"Person\",\"@id\":\"https:\\\/\\\/radioljubuski.ba\\\/#\\\/schema\\\/person\\\/19fc700381a780f69665d7956c469e3b\",\"name\":\"Radio Ljubu\u0161ki\"}]}<\/script>\n<!-- \/ Yoast SEO plugin. -->","yoast_head_json":{"title":"Austrija: Danas ukinute gotovo sve korona mjere - RADIO LJUBU\u0160KI","robots":{"index":"index","follow":"follow","max-snippet":"max-snippet:-1","max-image-preview":"max-image-preview:large","max-video-preview":"max-video-preview:-1"},"canonical":"https:\/\/radioljubuski.ba\/index.php\/2022\/03\/05\/austrija-danas-ukinute-gotovo-sve-korona-mjere\/","og_locale":"hr_HR","og_type":"article","og_title":"Austrija: Danas ukinute gotovo sve korona mjere - RADIO LJUBU\u0160KI","og_description":"Nakon gotovo dvije godine pandemije Austrija je danas u pono\u0107 ukinula gotovo sve korona mjere i ograni\u010denja, koje su dosad bile na snazi u borbi protiv koronavirusa. &nbsp;\u201cDan slobode\u201d i \u201cpovratak normalnom \u017eivotu\u201d, kako izvje\u0161tavaju austrijski mediji o ovom za Austrijance spektakularnom, ali istovremeno i rizi\u010dnom vladinom potezu potpunog \u201cotklju\u010davanja\u201d Austrije. S obzirom da proteklih [&hellip;]","og_url":"https:\/\/radioljubuski.ba\/index.php\/2022\/03\/05\/austrija-danas-ukinute-gotovo-sve-korona-mjere\/","og_site_name":"RADIO LJUBU\u0160KI","article_publisher":"https:\/\/www.facebook.com\/Radiio-Ljubuski-1490835324566332","article_published_time":"2022-03-05T22:57:47+00:00","article_modified_time":"2022-03-05T22:57:48+00:00","og_image":[{"width":1000,"height":625,"url":"https:\/\/radioljubuski.ba\/wp-content\/uploads\/2022\/03\/austrija.jpg","type":"image\/jpeg"}],"author":"Radio Ljubu\u0161ki","twitter_card":"summary_large_image","twitter_creator":"@radioljubuski","twitter_site":"@radioljubuski","twitter_misc":{"Napisao\/la":"Radio Ljubu\u0161ki","Procijenjeno vrijeme \u010ditanja":"3 minute"},"schema":{"@context":"https:\/\/schema.org","@graph":[{"@type":"Article","@id":"https:\/\/radioljubuski.ba\/index.php\/2022\/03\/05\/austrija-danas-ukinute-gotovo-sve-korona-mjere\/#article","isPartOf":{"@id":"https:\/\/radioljubuski.ba\/index.php\/2022\/03\/05\/austrija-danas-ukinute-gotovo-sve-korona-mjere\/"},"author":{"name":"Radio Ljubu\u0161ki","@id":"https:\/\/radioljubuski.ba\/#\/schema\/person\/19fc700381a780f69665d7956c469e3b"},"headline":"Austrija: Danas ukinute gotovo sve korona mjere","datePublished":"2022-03-05T22:57:47+00:00","dateModified":"2022-03-05T22:57:48+00:00","mainEntityOfPage":{"@id":"https:\/\/radioljubuski.ba\/index.php\/2022\/03\/05\/austrija-danas-ukinute-gotovo-sve-korona-mjere\/"},"wordCount":767,"publisher":{"@id":"https:\/\/radioljubuski.ba\/#organization"},"image":{"@id":"https:\/\/radioljubuski.ba\/index.php\/2022\/03\/05\/austrija-danas-ukinute-gotovo-sve-korona-mjere\/#primaryimage"},"thumbnailUrl":"https:\/\/radioljubuski.ba\/wp-content\/uploads\/2022\/03\/austrija.jpg","articleSection":["BIH i regija"],"inLanguage":"hr"},{"@type":"WebPage","@id":"https:\/\/radioljubuski.ba\/index.php\/2022\/03\/05\/austrija-danas-ukinute-gotovo-sve-korona-mjere\/","url":"https:\/\/radioljubuski.ba\/index.php\/2022\/03\/05\/austrija-danas-ukinute-gotovo-sve-korona-mjere\/","name":"Austrija: Danas ukinute gotovo sve korona mjere - RADIO LJUBU\u0160KI","isPartOf":{"@id":"https:\/\/radioljubuski.ba\/#website"},"primaryImageOfPage":{"@id":"https:\/\/radioljubuski.ba\/index.php\/2022\/03\/05\/austrija-danas-ukinute-gotovo-sve-korona-mjere\/#primaryimage"},"image":{"@id":"https:\/\/radioljubuski.ba\/index.php\/2022\/03\/05\/austrija-danas-ukinute-gotovo-sve-korona-mjere\/#primaryimage"},"thumbnailUrl":"https:\/\/radioljubuski.ba\/wp-content\/uploads\/2022\/03\/austrija.jpg","datePublished":"2022-03-05T22:57:47+00:00","dateModified":"2022-03-05T22:57:48+00:00","breadcrumb":{"@id":"https:\/\/radioljubuski.ba\/index.php\/2022\/03\/05\/austrija-danas-ukinute-gotovo-sve-korona-mjere\/#breadcrumb"},"inLanguage":"hr","potentialAction":[{"@type":"ReadAction","target":["https:\/\/radioljubuski.ba\/index.php\/2022\/03\/05\/austrija-danas-ukinute-gotovo-sve-korona-mjere\/"]}]},{"@type":"ImageObject","inLanguage":"hr","@id":"https:\/\/radioljubuski.ba\/index.php\/2022\/03\/05\/austrija-danas-ukinute-gotovo-sve-korona-mjere\/#primaryimage","url":"https:\/\/radioljubuski.ba\/wp-content\/uploads\/2022\/03\/austrija.jpg","contentUrl":"https:\/\/radioljubuski.ba\/wp-content\/uploads\/2022\/03\/austrija.jpg","width":1000,"height":625},{"@type":"BreadcrumbList","@id":"https:\/\/radioljubuski.ba\/index.php\/2022\/03\/05\/austrija-danas-ukinute-gotovo-sve-korona-mjere\/#breadcrumb","itemListElement":[{"@type":"ListItem","position":1,"name":"Po\u010detna stranica","item":"https:\/\/radioljubuski.ba\/"},{"@type":"ListItem","position":2,"name":"Austrija: Danas ukinute gotovo sve korona mjere"}]},{"@type":"WebSite","@id":"https:\/\/radioljubuski.ba\/#website","url":"https:\/\/radioljubuski.ba\/","name":"Radio Ljubu\u0161ki","description":"Sun\u010dana frekvencija Hercegovine","publisher":{"@id":"https:\/\/radioljubuski.ba\/#organization"},"potentialAction":[{"@type":"SearchAction","target":{"@type":"EntryPoint","urlTemplate":"https:\/\/radioljubuski.ba\/?s={search_term_string}"},"query-input":{"@type":"PropertyValueSpecification","valueRequired":true,"valueName":"search_term_string"}}],"inLanguage":"hr"},{"@type":"Organization","@id":"https:\/\/radioljubuski.ba\/#organization","name":"Radio Ljubu\u0161ki","url":"https:\/\/radioljubuski.ba\/","logo":{"@type":"ImageObject","inLanguage":"hr","@id":"https:\/\/radioljubuski.ba\/#\/schema\/logo\/image\/","url":"https:\/\/radioljubuski.ba\/wp-content\/uploads\/2021\/02\/cropped-Radio_Ljubuski_logo1.jpg","contentUrl":"https:\/\/radioljubuski.ba\/wp-content\/uploads\/2021\/02\/cropped-Radio_Ljubuski_logo1.jpg","width":512,"height":512,"caption":"Radio Ljubu\u0161ki"},"image":{"@id":"https:\/\/radioljubuski.ba\/#\/schema\/logo\/image\/"},"sameAs":["https:\/\/www.facebook.com\/Radiio-Ljubuski-1490835324566332","https:\/\/x.com\/radioljubuski","https:\/\/hr.linkedin.com\/company\/radio-ljubuski","https:\/\/www.youtube.com\/channel\/UCHYaeO_n0Db3tjNGudGpXyw"]},{"@type":"Person","@id":"https:\/\/radioljubuski.ba\/#\/schema\/person\/19fc700381a780f69665d7956c469e3b","name":"Radio Ljubu\u0161ki"}]}},"_links":{"self":[{"href":"https:\/\/radioljubuski.ba\/index.php\/wp-json\/wp\/v2\/posts\/118429","targetHints":{"allow":["GET"]}}],"collection":[{"href":"https:\/\/radioljubuski.ba\/index.php\/wp-json\/wp\/v2\/posts"}],"about":[{"href":"https:\/\/radioljubuski.ba\/index.php\/wp-json\/wp\/v2\/types\/post"}],"author":[{"embeddable":true,"href":"https:\/\/radioljubuski.ba\/index.php\/wp-json\/wp\/v2\/users\/2"}],"replies":[{"embeddable":true,"href":"https:\/\/radioljubuski.ba\/index.php\/wp-json\/wp\/v2\/comments?post=118429"}],"version-history":[{"count":1,"href":"https:\/\/radioljubuski.ba\/index.php\/wp-json\/wp\/v2\/posts\/118429\/revisions"}],"predecessor-version":[{"id":118431,"href":"https:\/\/radioljubuski.ba\/index.php\/wp-json\/wp\/v2\/posts\/118429\/revisions\/118431"}],"wp:featuredmedia":[{"embeddable":true,"href":"https:\/\/radioljubuski.ba\/index.php\/wp-json\/wp\/v2\/media\/118430"}],"wp:attachment":[{"href":"https:\/\/radioljubuski.ba\/index.php\/wp-json\/wp\/v2\/media?parent=118429"}],"wp:term":[{"taxonomy":"category","embeddable":true,"href":"https:\/\/radioljubuski.ba\/index.php\/wp-json\/wp\/v2\/categories?post=118429"},{"taxonomy":"post_tag","embeddable":true,"href":"https:\/\/radioljubuski.ba\/index.php\/wp-json\/wp\/v2\/tags?post=118429"}],"curies":[{"name":"wp","href":"https:\/\/api.w.org\/{rel}","templated":true}]}}