{"id":118432,"date":"2022-03-05T23:58:51","date_gmt":"2022-03-05T22:58:51","guid":{"rendered":"https:\/\/radioljubuski.ba\/?p=118432"},"modified":"2022-03-05T23:58:52","modified_gmt":"2022-03-05T22:58:52","slug":"ukrajinska-pravda-u-kijevu-ubijen-ukrajinski-pregovarac-odavao-je-tajne-rusima","status":"publish","type":"post","link":"https:\/\/radioljubuski.ba\/index.php\/2022\/03\/05\/ukrajinska-pravda-u-kijevu-ubijen-ukrajinski-pregovarac-odavao-je-tajne-rusima\/","title":{"rendered":"Ukrajinska Pravda: U Kijevu ubijen ukrajinski pregovara\u010d, odavao je tajne Rusima"},"content":{"rendered":"\n<p>Ukrajinska Pravda objavila je da je u Kijevu ubijen Denis Kirejev, jedan od ukrajinskih pregovara\u010da koji su sudjelovali u pregovorima s Rusijom.<\/p>\n\n\n\n<p>Kako navodi Pravda, Kirejev je ubijen dok su ga ukrajinske snage sigurnosti poku\u0161ale uhititi zbog sumnje na izdaju.<\/p>\n\n\n\n<p>Izvori Pravde navode da postoje sna\u017eni dokazi da je Kirejev davao tajne informacije Rusiji. Ukrajinska Slu\u017eba sigurnosti imala je jasne dokaze o izdaji, uklju\u010duju\u0107i telefonske razgovore.<\/p>\n\n\n\n<p>Izvor:index.hr<\/p>\n","protected":false},"excerpt":{"rendered":"<p>Ukrajinska Pravda objavila je da je u Kijevu ubijen Denis Kirejev, jedan od ukrajinskih pregovara\u010da koji su sudjelovali u pregovorima s Rusijom. Kako navodi Pravda, Kirejev je ubijen dok su ga ukrajinske snage sigurnosti poku\u0161ale uhititi zbog sumnje na izdaju. Izvori Pravde navode da postoje sna\u017eni dokazi da je Kirejev davao tajne informacije Rusiji. Ukrajinska [&hellip;]<\/p>\n","protected":false},"author":2,"featured_media":118433,"comment_status":"closed","ping_status":"closed","sticky":false,"template":"","format":"standard","meta":{"h5ap_radio_sources":[],"footnotes":""},"categories":[1],"tags":[],"class_list":["post-118432","post","type-post","status-publish","format-standard","has-post-thumbnail","hentry","category-bihiregija"],"yoast_head":"<!-- This site is optimized with the Yoast SEO plugin v27.5 - https:\/\/yoast.com\/product\/yoast-seo-wordpress\/ -->\n<title>Ukrajinska Pravda: U Kijevu ubijen ukrajinski pregovara\u010d, odavao je tajne Rusima - RADIO LJUBU\u0160KI<\/title>\n<meta name=\"robots\" content=\"index, follow, max-snippet:-1, max-image-preview:large, max-video-preview:-1\" \/>\n<link rel=\"canonical\" href=\"https:\/\/radioljubuski.ba\/index.php\/2022\/03\/05\/ukrajinska-pravda-u-kijevu-ubijen-ukrajinski-pregovarac-odavao-je-tajne-rusima\/\" \/>\n<meta property=\"og:locale\" content=\"hr_HR\" \/>\n<meta property=\"og:type\" content=\"article\" \/>\n<meta property=\"og:title\" content=\"Ukrajinska Pravda: U Kijevu ubijen ukrajinski pregovara\u010d, odavao je tajne Rusima - RADIO LJUBU\u0160KI\" \/>\n<meta property=\"og:description\" content=\"Ukrajinska Pravda objavila je da je u Kijevu ubijen Denis Kirejev, jedan od ukrajinskih pregovara\u010da koji su sudjelovali u pregovorima s Rusijom. Kako navodi Pravda, Kirejev je ubijen dok su ga ukrajinske snage sigurnosti poku\u0161ale uhititi zbog sumnje na izdaju. Izvori Pravde navode da postoje sna\u017eni dokazi da je Kirejev davao tajne informacije Rusiji. Ukrajinska [&hellip;]\" \/>\n<meta property=\"og:url\" content=\"https:\/\/radioljubuski.ba\/index.php\/2022\/03\/05\/ukrajinska-pravda-u-kijevu-ubijen-ukrajinski-pregovarac-odavao-je-tajne-rusima\/\" \/>\n<meta property=\"og:site_name\" content=\"RADIO LJUBU\u0160KI\" \/>\n<meta property=\"article:publisher\" content=\"https:\/\/www.facebook.com\/Radiio-Ljubuski-1490835324566332\" \/>\n<meta property=\"article:published_time\" content=\"2022-03-05T22:58:51+00:00\" \/>\n<meta property=\"article:modified_time\" content=\"2022-03-05T22:58:52+00:00\" \/>\n<meta property=\"og:image\" content=\"https:\/\/radioljubuski.ba\/wp-content\/uploads\/2022\/03\/3-2022-03-05-14-20-53-pregovarac.jpg\" \/>\n\t<meta property=\"og:image:width\" content=\"1000\" \/>\n\t<meta property=\"og:image:height\" content=\"625\" \/>\n\t<meta property=\"og:image:type\" content=\"image\/jpeg\" \/>\n<meta name=\"author\" content=\"Radio Ljubu\u0161ki\" \/>\n<meta name=\"twitter:card\" content=\"summary_large_image\" \/>\n<meta name=\"twitter:creator\" content=\"@radioljubuski\" \/>\n<meta name=\"twitter:site\" content=\"@radioljubuski\" \/>\n<meta name=\"twitter:label1\" content=\"Napisao\/la\" \/>\n\t<meta name=\"twitter:data1\" content=\"Radio Ljubu\u0161ki\" \/>\n\t<meta name=\"twitter:label2\" content=\"Procijenjeno vrijeme \u010ditanja\" \/>\n\t<meta name=\"twitter:data2\" content=\"1 minuta\" \/>\n<script type=\"application\/ld+json\" class=\"yoast-schema-graph\">{\"@context\":\"https:\\\/\\\/schema.org\",\"@graph\":[{\"@type\":\"Article\",\"@id\":\"https:\\\/\\\/radioljubuski.ba\\\/index.php\\\/2022\\\/03\\\/05\\\/ukrajinska-pravda-u-kijevu-ubijen-ukrajinski-pregovarac-odavao-je-tajne-rusima\\\/#article\",\"isPartOf\":{\"@id\":\"https:\\\/\\\/radioljubuski.ba\\\/index.php\\\/2022\\\/03\\\/05\\\/ukrajinska-pravda-u-kijevu-ubijen-ukrajinski-pregovarac-odavao-je-tajne-rusima\\\/\"},\"author\":{\"name\":\"Radio Ljubu\u0161ki\",\"@id\":\"https:\\\/\\\/radioljubuski.ba\\\/#\\\/schema\\\/person\\\/19fc700381a780f69665d7956c469e3b\"},\"headline\":\"Ukrajinska Pravda: U Kijevu ubijen ukrajinski pregovara\u010d, odavao je tajne Rusima\",\"datePublished\":\"2022-03-05T22:58:51+00:00\",\"dateModified\":\"2022-03-05T22:58:52+00:00\",\"mainEntityOfPage\":{\"@id\":\"https:\\\/\\\/radioljubuski.ba\\\/index.php\\\/2022\\\/03\\\/05\\\/ukrajinska-pravda-u-kijevu-ubijen-ukrajinski-pregovarac-odavao-je-tajne-rusima\\\/\"},\"wordCount\":86,\"publisher\":{\"@id\":\"https:\\\/\\\/radioljubuski.ba\\\/#organization\"},\"image\":{\"@id\":\"https:\\\/\\\/radioljubuski.ba\\\/index.php\\\/2022\\\/03\\\/05\\\/ukrajinska-pravda-u-kijevu-ubijen-ukrajinski-pregovarac-odavao-je-tajne-rusima\\\/#primaryimage\"},\"thumbnailUrl\":\"https:\\\/\\\/radioljubuski.ba\\\/wp-content\\\/uploads\\\/2022\\\/03\\\/3-2022-03-05-14-20-53-pregovarac.jpg\",\"articleSection\":[\"BIH i regija\"],\"inLanguage\":\"hr\"},{\"@type\":\"WebPage\",\"@id\":\"https:\\\/\\\/radioljubuski.ba\\\/index.php\\\/2022\\\/03\\\/05\\\/ukrajinska-pravda-u-kijevu-ubijen-ukrajinski-pregovarac-odavao-je-tajne-rusima\\\/\",\"url\":\"https:\\\/\\\/radioljubuski.ba\\\/index.php\\\/2022\\\/03\\\/05\\\/ukrajinska-pravda-u-kijevu-ubijen-ukrajinski-pregovarac-odavao-je-tajne-rusima\\\/\",\"name\":\"Ukrajinska Pravda: U Kijevu ubijen ukrajinski pregovara\u010d, odavao je tajne Rusima - RADIO LJUBU\u0160KI\",\"isPartOf\":{\"@id\":\"https:\\\/\\\/radioljubuski.ba\\\/#website\"},\"primaryImageOfPage\":{\"@id\":\"https:\\\/\\\/radioljubuski.ba\\\/index.php\\\/2022\\\/03\\\/05\\\/ukrajinska-pravda-u-kijevu-ubijen-ukrajinski-pregovarac-odavao-je-tajne-rusima\\\/#primaryimage\"},\"image\":{\"@id\":\"https:\\\/\\\/radioljubuski.ba\\\/index.php\\\/2022\\\/03\\\/05\\\/ukrajinska-pravda-u-kijevu-ubijen-ukrajinski-pregovarac-odavao-je-tajne-rusima\\\/#primaryimage\"},\"thumbnailUrl\":\"https:\\\/\\\/radioljubuski.ba\\\/wp-content\\\/uploads\\\/2022\\\/03\\\/3-2022-03-05-14-20-53-pregovarac.jpg\",\"datePublished\":\"2022-03-05T22:58:51+00:00\",\"dateModified\":\"2022-03-05T22:58:52+00:00\",\"breadcrumb\":{\"@id\":\"https:\\\/\\\/radioljubuski.ba\\\/index.php\\\/2022\\\/03\\\/05\\\/ukrajinska-pravda-u-kijevu-ubijen-ukrajinski-pregovarac-odavao-je-tajne-rusima\\\/#breadcrumb\"},\"inLanguage\":\"hr\",\"potentialAction\":[{\"@type\":\"ReadAction\",\"target\":[\"https:\\\/\\\/radioljubuski.ba\\\/index.php\\\/2022\\\/03\\\/05\\\/ukrajinska-pravda-u-kijevu-ubijen-ukrajinski-pregovarac-odavao-je-tajne-rusima\\\/\"]}]},{\"@type\":\"ImageObject\",\"inLanguage\":\"hr\",\"@id\":\"https:\\\/\\\/radioljubuski.ba\\\/index.php\\\/2022\\\/03\\\/05\\\/ukrajinska-pravda-u-kijevu-ubijen-ukrajinski-pregovarac-odavao-je-tajne-rusima\\\/#primaryimage\",\"url\":\"https:\\\/\\\/radioljubuski.ba\\\/wp-content\\\/uploads\\\/2022\\\/03\\\/3-2022-03-05-14-20-53-pregovarac.jpg\",\"contentUrl\":\"https:\\\/\\\/radioljubuski.ba\\\/wp-content\\\/uploads\\\/2022\\\/03\\\/3-2022-03-05-14-20-53-pregovarac.jpg\",\"width\":1000,\"height\":625},{\"@type\":\"BreadcrumbList\",\"@id\":\"https:\\\/\\\/radioljubuski.ba\\\/index.php\\\/2022\\\/03\\\/05\\\/ukrajinska-pravda-u-kijevu-ubijen-ukrajinski-pregovarac-odavao-je-tajne-rusima\\\/#breadcrumb\",\"itemListElement\":[{\"@type\":\"ListItem\",\"position\":1,\"name\":\"Po\u010detna stranica\",\"item\":\"https:\\\/\\\/radioljubuski.ba\\\/\"},{\"@type\":\"ListItem\",\"position\":2,\"name\":\"Ukrajinska Pravda: U Kijevu ubijen ukrajinski pregovara\u010d, odavao je tajne Rusima\"}]},{\"@type\":\"WebSite\",\"@id\":\"https:\\\/\\\/radioljubuski.ba\\\/#website\",\"url\":\"https:\\\/\\\/radioljubuski.ba\\\/\",\"name\":\"Radio Ljubu\u0161ki\",\"description\":\"Sun\u010dana frekvencija Hercegovine\",\"publisher\":{\"@id\":\"https:\\\/\\\/radioljubuski.ba\\\/#organization\"},\"potentialAction\":[{\"@type\":\"SearchAction\",\"target\":{\"@type\":\"EntryPoint\",\"urlTemplate\":\"https:\\\/\\\/radioljubuski.ba\\\/?s={search_term_string}\"},\"query-input\":{\"@type\":\"PropertyValueSpecification\",\"valueRequired\":true,\"valueName\":\"search_term_string\"}}],\"inLanguage\":\"hr\"},{\"@type\":\"Organization\",\"@id\":\"https:\\\/\\\/radioljubuski.ba\\\/#organization\",\"name\":\"Radio Ljubu\u0161ki\",\"url\":\"https:\\\/\\\/radioljubuski.ba\\\/\",\"logo\":{\"@type\":\"ImageObject\",\"inLanguage\":\"hr\",\"@id\":\"https:\\\/\\\/radioljubuski.ba\\\/#\\\/schema\\\/logo\\\/image\\\/\",\"url\":\"https:\\\/\\\/radioljubuski.ba\\\/wp-content\\\/uploads\\\/2021\\\/02\\\/cropped-Radio_Ljubuski_logo1.jpg\",\"contentUrl\":\"https:\\\/\\\/radioljubuski.ba\\\/wp-content\\\/uploads\\\/2021\\\/02\\\/cropped-Radio_Ljubuski_logo1.jpg\",\"width\":512,\"height\":512,\"caption\":\"Radio Ljubu\u0161ki\"},\"image\":{\"@id\":\"https:\\\/\\\/radioljubuski.ba\\\/#\\\/schema\\\/logo\\\/image\\\/\"},\"sameAs\":[\"https:\\\/\\\/www.facebook.com\\\/Radiio-Ljubuski-1490835324566332\",\"https:\\\/\\\/x.com\\\/radioljubuski\",\"https:\\\/\\\/hr.linkedin.com\\\/company\\\/radio-ljubuski\",\"https:\\\/\\\/www.youtube.com\\\/channel\\\/UCHYaeO_n0Db3tjNGudGpXyw\"]},{\"@type\":\"Person\",\"@id\":\"https:\\\/\\\/radioljubuski.ba\\\/#\\\/schema\\\/person\\\/19fc700381a780f69665d7956c469e3b\",\"name\":\"Radio Ljubu\u0161ki\"}]}<\/script>\n<!-- \/ Yoast SEO plugin. -->","yoast_head_json":{"title":"Ukrajinska Pravda: U Kijevu ubijen ukrajinski pregovara\u010d, odavao je tajne Rusima - RADIO LJUBU\u0160KI","robots":{"index":"index","follow":"follow","max-snippet":"max-snippet:-1","max-image-preview":"max-image-preview:large","max-video-preview":"max-video-preview:-1"},"canonical":"https:\/\/radioljubuski.ba\/index.php\/2022\/03\/05\/ukrajinska-pravda-u-kijevu-ubijen-ukrajinski-pregovarac-odavao-je-tajne-rusima\/","og_locale":"hr_HR","og_type":"article","og_title":"Ukrajinska Pravda: U Kijevu ubijen ukrajinski pregovara\u010d, odavao je tajne Rusima - RADIO LJUBU\u0160KI","og_description":"Ukrajinska Pravda objavila je da je u Kijevu ubijen Denis Kirejev, jedan od ukrajinskih pregovara\u010da koji su sudjelovali u pregovorima s Rusijom. Kako navodi Pravda, Kirejev je ubijen dok su ga ukrajinske snage sigurnosti poku\u0161ale uhititi zbog sumnje na izdaju. Izvori Pravde navode da postoje sna\u017eni dokazi da je Kirejev davao tajne informacije Rusiji. Ukrajinska [&hellip;]","og_url":"https:\/\/radioljubuski.ba\/index.php\/2022\/03\/05\/ukrajinska-pravda-u-kijevu-ubijen-ukrajinski-pregovarac-odavao-je-tajne-rusima\/","og_site_name":"RADIO LJUBU\u0160KI","article_publisher":"https:\/\/www.facebook.com\/Radiio-Ljubuski-1490835324566332","article_published_time":"2022-03-05T22:58:51+00:00","article_modified_time":"2022-03-05T22:58:52+00:00","og_image":[{"width":1000,"height":625,"url":"https:\/\/radioljubuski.ba\/wp-content\/uploads\/2022\/03\/3-2022-03-05-14-20-53-pregovarac.jpg","type":"image\/jpeg"}],"author":"Radio Ljubu\u0161ki","twitter_card":"summary_large_image","twitter_creator":"@radioljubuski","twitter_site":"@radioljubuski","twitter_misc":{"Napisao\/la":"Radio Ljubu\u0161ki","Procijenjeno vrijeme \u010ditanja":"1 minuta"},"schema":{"@context":"https:\/\/schema.org","@graph":[{"@type":"Article","@id":"https:\/\/radioljubuski.ba\/index.php\/2022\/03\/05\/ukrajinska-pravda-u-kijevu-ubijen-ukrajinski-pregovarac-odavao-je-tajne-rusima\/#article","isPartOf":{"@id":"https:\/\/radioljubuski.ba\/index.php\/2022\/03\/05\/ukrajinska-pravda-u-kijevu-ubijen-ukrajinski-pregovarac-odavao-je-tajne-rusima\/"},"author":{"name":"Radio Ljubu\u0161ki","@id":"https:\/\/radioljubuski.ba\/#\/schema\/person\/19fc700381a780f69665d7956c469e3b"},"headline":"Ukrajinska Pravda: U Kijevu ubijen ukrajinski pregovara\u010d, odavao je tajne Rusima","datePublished":"2022-03-05T22:58:51+00:00","dateModified":"2022-03-05T22:58:52+00:00","mainEntityOfPage":{"@id":"https:\/\/radioljubuski.ba\/index.php\/2022\/03\/05\/ukrajinska-pravda-u-kijevu-ubijen-ukrajinski-pregovarac-odavao-je-tajne-rusima\/"},"wordCount":86,"publisher":{"@id":"https:\/\/radioljubuski.ba\/#organization"},"image":{"@id":"https:\/\/radioljubuski.ba\/index.php\/2022\/03\/05\/ukrajinska-pravda-u-kijevu-ubijen-ukrajinski-pregovarac-odavao-je-tajne-rusima\/#primaryimage"},"thumbnailUrl":"https:\/\/radioljubuski.ba\/wp-content\/uploads\/2022\/03\/3-2022-03-05-14-20-53-pregovarac.jpg","articleSection":["BIH i regija"],"inLanguage":"hr"},{"@type":"WebPage","@id":"https:\/\/radioljubuski.ba\/index.php\/2022\/03\/05\/ukrajinska-pravda-u-kijevu-ubijen-ukrajinski-pregovarac-odavao-je-tajne-rusima\/","url":"https:\/\/radioljubuski.ba\/index.php\/2022\/03\/05\/ukrajinska-pravda-u-kijevu-ubijen-ukrajinski-pregovarac-odavao-je-tajne-rusima\/","name":"Ukrajinska Pravda: U Kijevu ubijen ukrajinski pregovara\u010d, odavao je tajne Rusima - RADIO LJUBU\u0160KI","isPartOf":{"@id":"https:\/\/radioljubuski.ba\/#website"},"primaryImageOfPage":{"@id":"https:\/\/radioljubuski.ba\/index.php\/2022\/03\/05\/ukrajinska-pravda-u-kijevu-ubijen-ukrajinski-pregovarac-odavao-je-tajne-rusima\/#primaryimage"},"image":{"@id":"https:\/\/radioljubuski.ba\/index.php\/2022\/03\/05\/ukrajinska-pravda-u-kijevu-ubijen-ukrajinski-pregovarac-odavao-je-tajne-rusima\/#primaryimage"},"thumbnailUrl":"https:\/\/radioljubuski.ba\/wp-content\/uploads\/2022\/03\/3-2022-03-05-14-20-53-pregovarac.jpg","datePublished":"2022-03-05T22:58:51+00:00","dateModified":"2022-03-05T22:58:52+00:00","breadcrumb":{"@id":"https:\/\/radioljubuski.ba\/index.php\/2022\/03\/05\/ukrajinska-pravda-u-kijevu-ubijen-ukrajinski-pregovarac-odavao-je-tajne-rusima\/#breadcrumb"},"inLanguage":"hr","potentialAction":[{"@type":"ReadAction","target":["https:\/\/radioljubuski.ba\/index.php\/2022\/03\/05\/ukrajinska-pravda-u-kijevu-ubijen-ukrajinski-pregovarac-odavao-je-tajne-rusima\/"]}]},{"@type":"ImageObject","inLanguage":"hr","@id":"https:\/\/radioljubuski.ba\/index.php\/2022\/03\/05\/ukrajinska-pravda-u-kijevu-ubijen-ukrajinski-pregovarac-odavao-je-tajne-rusima\/#primaryimage","url":"https:\/\/radioljubuski.ba\/wp-content\/uploads\/2022\/03\/3-2022-03-05-14-20-53-pregovarac.jpg","contentUrl":"https:\/\/radioljubuski.ba\/wp-content\/uploads\/2022\/03\/3-2022-03-05-14-20-53-pregovarac.jpg","width":1000,"height":625},{"@type":"BreadcrumbList","@id":"https:\/\/radioljubuski.ba\/index.php\/2022\/03\/05\/ukrajinska-pravda-u-kijevu-ubijen-ukrajinski-pregovarac-odavao-je-tajne-rusima\/#breadcrumb","itemListElement":[{"@type":"ListItem","position":1,"name":"Po\u010detna stranica","item":"https:\/\/radioljubuski.ba\/"},{"@type":"ListItem","position":2,"name":"Ukrajinska Pravda: U Kijevu ubijen ukrajinski pregovara\u010d, odavao je tajne Rusima"}]},{"@type":"WebSite","@id":"https:\/\/radioljubuski.ba\/#website","url":"https:\/\/radioljubuski.ba\/","name":"Radio Ljubu\u0161ki","description":"Sun\u010dana frekvencija Hercegovine","publisher":{"@id":"https:\/\/radioljubuski.ba\/#organization"},"potentialAction":[{"@type":"SearchAction","target":{"@type":"EntryPoint","urlTemplate":"https:\/\/radioljubuski.ba\/?s={search_term_string}"},"query-input":{"@type":"PropertyValueSpecification","valueRequired":true,"valueName":"search_term_string"}}],"inLanguage":"hr"},{"@type":"Organization","@id":"https:\/\/radioljubuski.ba\/#organization","name":"Radio Ljubu\u0161ki","url":"https:\/\/radioljubuski.ba\/","logo":{"@type":"ImageObject","inLanguage":"hr","@id":"https:\/\/radioljubuski.ba\/#\/schema\/logo\/image\/","url":"https:\/\/radioljubuski.ba\/wp-content\/uploads\/2021\/02\/cropped-Radio_Ljubuski_logo1.jpg","contentUrl":"https:\/\/radioljubuski.ba\/wp-content\/uploads\/2021\/02\/cropped-Radio_Ljubuski_logo1.jpg","width":512,"height":512,"caption":"Radio Ljubu\u0161ki"},"image":{"@id":"https:\/\/radioljubuski.ba\/#\/schema\/logo\/image\/"},"sameAs":["https:\/\/www.facebook.com\/Radiio-Ljubuski-1490835324566332","https:\/\/x.com\/radioljubuski","https:\/\/hr.linkedin.com\/company\/radio-ljubuski","https:\/\/www.youtube.com\/channel\/UCHYaeO_n0Db3tjNGudGpXyw"]},{"@type":"Person","@id":"https:\/\/radioljubuski.ba\/#\/schema\/person\/19fc700381a780f69665d7956c469e3b","name":"Radio Ljubu\u0161ki"}]}},"_links":{"self":[{"href":"https:\/\/radioljubuski.ba\/index.php\/wp-json\/wp\/v2\/posts\/118432","targetHints":{"allow":["GET"]}}],"collection":[{"href":"https:\/\/radioljubuski.ba\/index.php\/wp-json\/wp\/v2\/posts"}],"about":[{"href":"https:\/\/radioljubuski.ba\/index.php\/wp-json\/wp\/v2\/types\/post"}],"author":[{"embeddable":true,"href":"https:\/\/radioljubuski.ba\/index.php\/wp-json\/wp\/v2\/users\/2"}],"replies":[{"embeddable":true,"href":"https:\/\/radioljubuski.ba\/index.php\/wp-json\/wp\/v2\/comments?post=118432"}],"version-history":[{"count":1,"href":"https:\/\/radioljubuski.ba\/index.php\/wp-json\/wp\/v2\/posts\/118432\/revisions"}],"predecessor-version":[{"id":118434,"href":"https:\/\/radioljubuski.ba\/index.php\/wp-json\/wp\/v2\/posts\/118432\/revisions\/118434"}],"wp:featuredmedia":[{"embeddable":true,"href":"https:\/\/radioljubuski.ba\/index.php\/wp-json\/wp\/v2\/media\/118433"}],"wp:attachment":[{"href":"https:\/\/radioljubuski.ba\/index.php\/wp-json\/wp\/v2\/media?parent=118432"}],"wp:term":[{"taxonomy":"category","embeddable":true,"href":"https:\/\/radioljubuski.ba\/index.php\/wp-json\/wp\/v2\/categories?post=118432"},{"taxonomy":"post_tag","embeddable":true,"href":"https:\/\/radioljubuski.ba\/index.php\/wp-json\/wp\/v2\/tags?post=118432"}],"curies":[{"name":"wp","href":"https:\/\/api.w.org\/{rel}","templated":true}]}}