{"id":118466,"date":"2022-03-06T00:14:53","date_gmt":"2022-03-05T23:14:53","guid":{"rendered":"https:\/\/radioljubuski.ba\/?p=118466"},"modified":"2022-03-06T00:14:54","modified_gmt":"2022-03-05T23:14:54","slug":"rusi-zauzeli-psihijatrijsku-bolnicu-60-kilometara-od-kijeva","status":"publish","type":"post","link":"https:\/\/radioljubuski.ba\/index.php\/2022\/03\/06\/rusi-zauzeli-psihijatrijsku-bolnicu-60-kilometara-od-kijeva\/","title":{"rendered":"Rusi zauzeli psihijatrijsku bolnicu 60 kilometara od Kijeva"},"content":{"rendered":"\n<p>Ruske snage provode \u0161iroku ofenzivu u Ukrajini i zauzele su nekoliko gradova i sela, poru\u010dilo je rusko ministarstvo obrane u subotu, dodaju\u0107i da se nastavila i ofenziva na Mariupolj.<\/p>\n\n\n\n<p>Ministarstvo obrane koje navodi agencija Interfax reklo je da su sru\u0161ena \u010detiri ukrajinska borbena zrakoplova Su-27 u zra\u010dnim borbama u blizini \u017ditomira, oko 100 kilometara zapadno od Kijeva.<\/p>\n\n\n\n<p>Novinska agencija TASS je objavila da su ruske snage od po\u010detka sukoba s Ukrajinom 24. velja\u010de uni\u0161tile 69 zrakoplova na tlu i 21 u zraku.<\/p>\n\n\n\n<p>Ruska vojska nastavila je u subotu i ofenzivu na dva grada nakon odgode evakuacije civila, rekao je glasnogovornik ruskog ministarstva obrane Igor Kona\u010denkov.<\/p>\n\n\n\n<p>\u201cZbog oklijevanja ukrajinske strane da utje\u010de na nacionaliste ili da produlji prekid vatre, ofenzivne operacije nastavile su se od 18 sati po moskovskom vremenu\u201d, rekao je u video poruci.<\/p>\n\n\n\n<p>Rusija je ranije najavila prekid vatre i otvaranje humanitarnih koridora za evakuacija civila iz Mariupolja i susjednog grada Volnovahe.<\/p>\n\n\n\n<p>\u201cNijedan civil nije mogao napustiti Mariupolj ni Volnovahu kroz najavljene sigurne prolaze. Stanovni\u0161tvo tih gradova dr\u017ee nacionalisti\u010dke formacije kao ljudski \u0161tit\u201d, dodalo je ministarstvo.<\/p>\n\n\n\n<p>Tako\u0111er je objavilo da su \u201cnacionalisti\u010dke postrojbe\u201d iskoristile prekid vatre da se \u201cpregrupiraju i oja\u010daju polo\u017eaje\u201d.<\/p>\n\n\n\n<p>Ruske snage zauzele su psihijatrijsku bolnicu sa 670 ljudi u gradu Borodjanka u pokrajini Kijeva, rekao je pokrajinski guverner Oleksij Kuleba za lokalne medije.<\/p>\n\n\n\n<p>\u201cNe znamo kako evakuirati te ljude, kako im pomo\u0107i. Oni ostaju bez vode i lijekova. Ti ljudi imaju odre\u0111ene posebne potrebe, potrebna im je stalna pomo\u0107, mnogi od njih su ve\u0107 godinama prikovani uz postelju\u201d, rekao je Kuleba.<\/p>\n\n\n\n<p>Borodjanka se nalazi oko 60 kilometara sjeverozapadno od Kijeva.<\/p>\n\n\n\n<p>Kuleba je dodao da postoji mogu\u0107nost da je zgrada minirana.<\/p>\n\n\n\n<p>BBC je objavio fotografije snimljene dronom koje prikazuju goleme razmjere \u0161tete u mjestu Borodjanki.<\/p>\n\n\n\n<p>Izvor:pogled.ba<\/p>\n","protected":false},"excerpt":{"rendered":"<p>Ruske snage provode \u0161iroku ofenzivu u Ukrajini i zauzele su nekoliko gradova i sela, poru\u010dilo je rusko ministarstvo obrane u subotu, dodaju\u0107i da se nastavila i ofenziva na Mariupolj. Ministarstvo obrane koje navodi agencija Interfax reklo je da su sru\u0161ena \u010detiri ukrajinska borbena zrakoplova Su-27 u zra\u010dnim borbama u blizini \u017ditomira, oko 100 kilometara zapadno [&hellip;]<\/p>\n","protected":false},"author":2,"featured_media":118467,"comment_status":"closed","ping_status":"closed","sticky":false,"template":"","format":"standard","meta":{"h5ap_radio_sources":[],"footnotes":""},"categories":[1],"tags":[],"class_list":["post-118466","post","type-post","status-publish","format-standard","has-post-thumbnail","hentry","category-bihiregija"],"yoast_head":"<!-- This site is optimized with the Yoast SEO plugin v27.5 - https:\/\/yoast.com\/product\/yoast-seo-wordpress\/ -->\n<title>Rusi zauzeli psihijatrijsku bolnicu 60 kilometara od Kijeva - RADIO LJUBU\u0160KI<\/title>\n<meta name=\"robots\" content=\"index, follow, max-snippet:-1, max-image-preview:large, max-video-preview:-1\" \/>\n<link rel=\"canonical\" href=\"https:\/\/radioljubuski.ba\/index.php\/2022\/03\/06\/rusi-zauzeli-psihijatrijsku-bolnicu-60-kilometara-od-kijeva\/\" \/>\n<meta property=\"og:locale\" content=\"hr_HR\" \/>\n<meta property=\"og:type\" content=\"article\" \/>\n<meta property=\"og:title\" content=\"Rusi zauzeli psihijatrijsku bolnicu 60 kilometara od Kijeva - RADIO LJUBU\u0160KI\" \/>\n<meta property=\"og:description\" content=\"Ruske snage provode \u0161iroku ofenzivu u Ukrajini i zauzele su nekoliko gradova i sela, poru\u010dilo je rusko ministarstvo obrane u subotu, dodaju\u0107i da se nastavila i ofenziva na Mariupolj. Ministarstvo obrane koje navodi agencija Interfax reklo je da su sru\u0161ena \u010detiri ukrajinska borbena zrakoplova Su-27 u zra\u010dnim borbama u blizini \u017ditomira, oko 100 kilometara zapadno [&hellip;]\" \/>\n<meta property=\"og:url\" content=\"https:\/\/radioljubuski.ba\/index.php\/2022\/03\/06\/rusi-zauzeli-psihijatrijsku-bolnicu-60-kilometara-od-kijeva\/\" \/>\n<meta property=\"og:site_name\" content=\"RADIO LJUBU\u0160KI\" \/>\n<meta property=\"article:publisher\" content=\"https:\/\/www.facebook.com\/Radiio-Ljubuski-1490835324566332\" \/>\n<meta property=\"article:published_time\" content=\"2022-03-05T23:14:53+00:00\" \/>\n<meta property=\"article:modified_time\" content=\"2022-03-05T23:14:54+00:00\" \/>\n<meta property=\"og:image\" content=\"https:\/\/radioljubuski.ba\/wp-content\/uploads\/2022\/03\/8-2022-03-05-19-42-29-borodijanka.jpg\" \/>\n\t<meta property=\"og:image:width\" content=\"1000\" \/>\n\t<meta property=\"og:image:height\" content=\"625\" \/>\n\t<meta property=\"og:image:type\" content=\"image\/jpeg\" \/>\n<meta name=\"author\" content=\"Radio Ljubu\u0161ki\" \/>\n<meta name=\"twitter:card\" content=\"summary_large_image\" \/>\n<meta name=\"twitter:creator\" content=\"@radioljubuski\" \/>\n<meta name=\"twitter:site\" content=\"@radioljubuski\" \/>\n<meta name=\"twitter:label1\" content=\"Napisao\/la\" \/>\n\t<meta name=\"twitter:data1\" content=\"Radio Ljubu\u0161ki\" \/>\n\t<meta name=\"twitter:label2\" content=\"Procijenjeno vrijeme \u010ditanja\" \/>\n\t<meta name=\"twitter:data2\" content=\"2 minute\" \/>\n<script type=\"application\/ld+json\" class=\"yoast-schema-graph\">{\"@context\":\"https:\\\/\\\/schema.org\",\"@graph\":[{\"@type\":\"Article\",\"@id\":\"https:\\\/\\\/radioljubuski.ba\\\/index.php\\\/2022\\\/03\\\/06\\\/rusi-zauzeli-psihijatrijsku-bolnicu-60-kilometara-od-kijeva\\\/#article\",\"isPartOf\":{\"@id\":\"https:\\\/\\\/radioljubuski.ba\\\/index.php\\\/2022\\\/03\\\/06\\\/rusi-zauzeli-psihijatrijsku-bolnicu-60-kilometara-od-kijeva\\\/\"},\"author\":{\"name\":\"Radio Ljubu\u0161ki\",\"@id\":\"https:\\\/\\\/radioljubuski.ba\\\/#\\\/schema\\\/person\\\/19fc700381a780f69665d7956c469e3b\"},\"headline\":\"Rusi zauzeli psihijatrijsku bolnicu 60 kilometara od Kijeva\",\"datePublished\":\"2022-03-05T23:14:53+00:00\",\"dateModified\":\"2022-03-05T23:14:54+00:00\",\"mainEntityOfPage\":{\"@id\":\"https:\\\/\\\/radioljubuski.ba\\\/index.php\\\/2022\\\/03\\\/06\\\/rusi-zauzeli-psihijatrijsku-bolnicu-60-kilometara-od-kijeva\\\/\"},\"wordCount\":310,\"publisher\":{\"@id\":\"https:\\\/\\\/radioljubuski.ba\\\/#organization\"},\"image\":{\"@id\":\"https:\\\/\\\/radioljubuski.ba\\\/index.php\\\/2022\\\/03\\\/06\\\/rusi-zauzeli-psihijatrijsku-bolnicu-60-kilometara-od-kijeva\\\/#primaryimage\"},\"thumbnailUrl\":\"https:\\\/\\\/radioljubuski.ba\\\/wp-content\\\/uploads\\\/2022\\\/03\\\/8-2022-03-05-19-42-29-borodijanka.jpg\",\"articleSection\":[\"BIH i regija\"],\"inLanguage\":\"hr\"},{\"@type\":\"WebPage\",\"@id\":\"https:\\\/\\\/radioljubuski.ba\\\/index.php\\\/2022\\\/03\\\/06\\\/rusi-zauzeli-psihijatrijsku-bolnicu-60-kilometara-od-kijeva\\\/\",\"url\":\"https:\\\/\\\/radioljubuski.ba\\\/index.php\\\/2022\\\/03\\\/06\\\/rusi-zauzeli-psihijatrijsku-bolnicu-60-kilometara-od-kijeva\\\/\",\"name\":\"Rusi zauzeli psihijatrijsku bolnicu 60 kilometara od Kijeva - RADIO LJUBU\u0160KI\",\"isPartOf\":{\"@id\":\"https:\\\/\\\/radioljubuski.ba\\\/#website\"},\"primaryImageOfPage\":{\"@id\":\"https:\\\/\\\/radioljubuski.ba\\\/index.php\\\/2022\\\/03\\\/06\\\/rusi-zauzeli-psihijatrijsku-bolnicu-60-kilometara-od-kijeva\\\/#primaryimage\"},\"image\":{\"@id\":\"https:\\\/\\\/radioljubuski.ba\\\/index.php\\\/2022\\\/03\\\/06\\\/rusi-zauzeli-psihijatrijsku-bolnicu-60-kilometara-od-kijeva\\\/#primaryimage\"},\"thumbnailUrl\":\"https:\\\/\\\/radioljubuski.ba\\\/wp-content\\\/uploads\\\/2022\\\/03\\\/8-2022-03-05-19-42-29-borodijanka.jpg\",\"datePublished\":\"2022-03-05T23:14:53+00:00\",\"dateModified\":\"2022-03-05T23:14:54+00:00\",\"breadcrumb\":{\"@id\":\"https:\\\/\\\/radioljubuski.ba\\\/index.php\\\/2022\\\/03\\\/06\\\/rusi-zauzeli-psihijatrijsku-bolnicu-60-kilometara-od-kijeva\\\/#breadcrumb\"},\"inLanguage\":\"hr\",\"potentialAction\":[{\"@type\":\"ReadAction\",\"target\":[\"https:\\\/\\\/radioljubuski.ba\\\/index.php\\\/2022\\\/03\\\/06\\\/rusi-zauzeli-psihijatrijsku-bolnicu-60-kilometara-od-kijeva\\\/\"]}]},{\"@type\":\"ImageObject\",\"inLanguage\":\"hr\",\"@id\":\"https:\\\/\\\/radioljubuski.ba\\\/index.php\\\/2022\\\/03\\\/06\\\/rusi-zauzeli-psihijatrijsku-bolnicu-60-kilometara-od-kijeva\\\/#primaryimage\",\"url\":\"https:\\\/\\\/radioljubuski.ba\\\/wp-content\\\/uploads\\\/2022\\\/03\\\/8-2022-03-05-19-42-29-borodijanka.jpg\",\"contentUrl\":\"https:\\\/\\\/radioljubuski.ba\\\/wp-content\\\/uploads\\\/2022\\\/03\\\/8-2022-03-05-19-42-29-borodijanka.jpg\",\"width\":1000,\"height\":625},{\"@type\":\"BreadcrumbList\",\"@id\":\"https:\\\/\\\/radioljubuski.ba\\\/index.php\\\/2022\\\/03\\\/06\\\/rusi-zauzeli-psihijatrijsku-bolnicu-60-kilometara-od-kijeva\\\/#breadcrumb\",\"itemListElement\":[{\"@type\":\"ListItem\",\"position\":1,\"name\":\"Po\u010detna stranica\",\"item\":\"https:\\\/\\\/radioljubuski.ba\\\/\"},{\"@type\":\"ListItem\",\"position\":2,\"name\":\"Rusi zauzeli psihijatrijsku bolnicu 60 kilometara od Kijeva\"}]},{\"@type\":\"WebSite\",\"@id\":\"https:\\\/\\\/radioljubuski.ba\\\/#website\",\"url\":\"https:\\\/\\\/radioljubuski.ba\\\/\",\"name\":\"Radio Ljubu\u0161ki\",\"description\":\"Sun\u010dana frekvencija Hercegovine\",\"publisher\":{\"@id\":\"https:\\\/\\\/radioljubuski.ba\\\/#organization\"},\"potentialAction\":[{\"@type\":\"SearchAction\",\"target\":{\"@type\":\"EntryPoint\",\"urlTemplate\":\"https:\\\/\\\/radioljubuski.ba\\\/?s={search_term_string}\"},\"query-input\":{\"@type\":\"PropertyValueSpecification\",\"valueRequired\":true,\"valueName\":\"search_term_string\"}}],\"inLanguage\":\"hr\"},{\"@type\":\"Organization\",\"@id\":\"https:\\\/\\\/radioljubuski.ba\\\/#organization\",\"name\":\"Radio Ljubu\u0161ki\",\"url\":\"https:\\\/\\\/radioljubuski.ba\\\/\",\"logo\":{\"@type\":\"ImageObject\",\"inLanguage\":\"hr\",\"@id\":\"https:\\\/\\\/radioljubuski.ba\\\/#\\\/schema\\\/logo\\\/image\\\/\",\"url\":\"https:\\\/\\\/radioljubuski.ba\\\/wp-content\\\/uploads\\\/2021\\\/02\\\/cropped-Radio_Ljubuski_logo1.jpg\",\"contentUrl\":\"https:\\\/\\\/radioljubuski.ba\\\/wp-content\\\/uploads\\\/2021\\\/02\\\/cropped-Radio_Ljubuski_logo1.jpg\",\"width\":512,\"height\":512,\"caption\":\"Radio Ljubu\u0161ki\"},\"image\":{\"@id\":\"https:\\\/\\\/radioljubuski.ba\\\/#\\\/schema\\\/logo\\\/image\\\/\"},\"sameAs\":[\"https:\\\/\\\/www.facebook.com\\\/Radiio-Ljubuski-1490835324566332\",\"https:\\\/\\\/x.com\\\/radioljubuski\",\"https:\\\/\\\/hr.linkedin.com\\\/company\\\/radio-ljubuski\",\"https:\\\/\\\/www.youtube.com\\\/channel\\\/UCHYaeO_n0Db3tjNGudGpXyw\"]},{\"@type\":\"Person\",\"@id\":\"https:\\\/\\\/radioljubuski.ba\\\/#\\\/schema\\\/person\\\/19fc700381a780f69665d7956c469e3b\",\"name\":\"Radio Ljubu\u0161ki\"}]}<\/script>\n<!-- \/ Yoast SEO plugin. -->","yoast_head_json":{"title":"Rusi zauzeli psihijatrijsku bolnicu 60 kilometara od Kijeva - RADIO LJUBU\u0160KI","robots":{"index":"index","follow":"follow","max-snippet":"max-snippet:-1","max-image-preview":"max-image-preview:large","max-video-preview":"max-video-preview:-1"},"canonical":"https:\/\/radioljubuski.ba\/index.php\/2022\/03\/06\/rusi-zauzeli-psihijatrijsku-bolnicu-60-kilometara-od-kijeva\/","og_locale":"hr_HR","og_type":"article","og_title":"Rusi zauzeli psihijatrijsku bolnicu 60 kilometara od Kijeva - RADIO LJUBU\u0160KI","og_description":"Ruske snage provode \u0161iroku ofenzivu u Ukrajini i zauzele su nekoliko gradova i sela, poru\u010dilo je rusko ministarstvo obrane u subotu, dodaju\u0107i da se nastavila i ofenziva na Mariupolj. Ministarstvo obrane koje navodi agencija Interfax reklo je da su sru\u0161ena \u010detiri ukrajinska borbena zrakoplova Su-27 u zra\u010dnim borbama u blizini \u017ditomira, oko 100 kilometara zapadno [&hellip;]","og_url":"https:\/\/radioljubuski.ba\/index.php\/2022\/03\/06\/rusi-zauzeli-psihijatrijsku-bolnicu-60-kilometara-od-kijeva\/","og_site_name":"RADIO LJUBU\u0160KI","article_publisher":"https:\/\/www.facebook.com\/Radiio-Ljubuski-1490835324566332","article_published_time":"2022-03-05T23:14:53+00:00","article_modified_time":"2022-03-05T23:14:54+00:00","og_image":[{"width":1000,"height":625,"url":"https:\/\/radioljubuski.ba\/wp-content\/uploads\/2022\/03\/8-2022-03-05-19-42-29-borodijanka.jpg","type":"image\/jpeg"}],"author":"Radio Ljubu\u0161ki","twitter_card":"summary_large_image","twitter_creator":"@radioljubuski","twitter_site":"@radioljubuski","twitter_misc":{"Napisao\/la":"Radio Ljubu\u0161ki","Procijenjeno vrijeme \u010ditanja":"2 minute"},"schema":{"@context":"https:\/\/schema.org","@graph":[{"@type":"Article","@id":"https:\/\/radioljubuski.ba\/index.php\/2022\/03\/06\/rusi-zauzeli-psihijatrijsku-bolnicu-60-kilometara-od-kijeva\/#article","isPartOf":{"@id":"https:\/\/radioljubuski.ba\/index.php\/2022\/03\/06\/rusi-zauzeli-psihijatrijsku-bolnicu-60-kilometara-od-kijeva\/"},"author":{"name":"Radio Ljubu\u0161ki","@id":"https:\/\/radioljubuski.ba\/#\/schema\/person\/19fc700381a780f69665d7956c469e3b"},"headline":"Rusi zauzeli psihijatrijsku bolnicu 60 kilometara od Kijeva","datePublished":"2022-03-05T23:14:53+00:00","dateModified":"2022-03-05T23:14:54+00:00","mainEntityOfPage":{"@id":"https:\/\/radioljubuski.ba\/index.php\/2022\/03\/06\/rusi-zauzeli-psihijatrijsku-bolnicu-60-kilometara-od-kijeva\/"},"wordCount":310,"publisher":{"@id":"https:\/\/radioljubuski.ba\/#organization"},"image":{"@id":"https:\/\/radioljubuski.ba\/index.php\/2022\/03\/06\/rusi-zauzeli-psihijatrijsku-bolnicu-60-kilometara-od-kijeva\/#primaryimage"},"thumbnailUrl":"https:\/\/radioljubuski.ba\/wp-content\/uploads\/2022\/03\/8-2022-03-05-19-42-29-borodijanka.jpg","articleSection":["BIH i regija"],"inLanguage":"hr"},{"@type":"WebPage","@id":"https:\/\/radioljubuski.ba\/index.php\/2022\/03\/06\/rusi-zauzeli-psihijatrijsku-bolnicu-60-kilometara-od-kijeva\/","url":"https:\/\/radioljubuski.ba\/index.php\/2022\/03\/06\/rusi-zauzeli-psihijatrijsku-bolnicu-60-kilometara-od-kijeva\/","name":"Rusi zauzeli psihijatrijsku bolnicu 60 kilometara od Kijeva - RADIO LJUBU\u0160KI","isPartOf":{"@id":"https:\/\/radioljubuski.ba\/#website"},"primaryImageOfPage":{"@id":"https:\/\/radioljubuski.ba\/index.php\/2022\/03\/06\/rusi-zauzeli-psihijatrijsku-bolnicu-60-kilometara-od-kijeva\/#primaryimage"},"image":{"@id":"https:\/\/radioljubuski.ba\/index.php\/2022\/03\/06\/rusi-zauzeli-psihijatrijsku-bolnicu-60-kilometara-od-kijeva\/#primaryimage"},"thumbnailUrl":"https:\/\/radioljubuski.ba\/wp-content\/uploads\/2022\/03\/8-2022-03-05-19-42-29-borodijanka.jpg","datePublished":"2022-03-05T23:14:53+00:00","dateModified":"2022-03-05T23:14:54+00:00","breadcrumb":{"@id":"https:\/\/radioljubuski.ba\/index.php\/2022\/03\/06\/rusi-zauzeli-psihijatrijsku-bolnicu-60-kilometara-od-kijeva\/#breadcrumb"},"inLanguage":"hr","potentialAction":[{"@type":"ReadAction","target":["https:\/\/radioljubuski.ba\/index.php\/2022\/03\/06\/rusi-zauzeli-psihijatrijsku-bolnicu-60-kilometara-od-kijeva\/"]}]},{"@type":"ImageObject","inLanguage":"hr","@id":"https:\/\/radioljubuski.ba\/index.php\/2022\/03\/06\/rusi-zauzeli-psihijatrijsku-bolnicu-60-kilometara-od-kijeva\/#primaryimage","url":"https:\/\/radioljubuski.ba\/wp-content\/uploads\/2022\/03\/8-2022-03-05-19-42-29-borodijanka.jpg","contentUrl":"https:\/\/radioljubuski.ba\/wp-content\/uploads\/2022\/03\/8-2022-03-05-19-42-29-borodijanka.jpg","width":1000,"height":625},{"@type":"BreadcrumbList","@id":"https:\/\/radioljubuski.ba\/index.php\/2022\/03\/06\/rusi-zauzeli-psihijatrijsku-bolnicu-60-kilometara-od-kijeva\/#breadcrumb","itemListElement":[{"@type":"ListItem","position":1,"name":"Po\u010detna stranica","item":"https:\/\/radioljubuski.ba\/"},{"@type":"ListItem","position":2,"name":"Rusi zauzeli psihijatrijsku bolnicu 60 kilometara od Kijeva"}]},{"@type":"WebSite","@id":"https:\/\/radioljubuski.ba\/#website","url":"https:\/\/radioljubuski.ba\/","name":"Radio Ljubu\u0161ki","description":"Sun\u010dana frekvencija Hercegovine","publisher":{"@id":"https:\/\/radioljubuski.ba\/#organization"},"potentialAction":[{"@type":"SearchAction","target":{"@type":"EntryPoint","urlTemplate":"https:\/\/radioljubuski.ba\/?s={search_term_string}"},"query-input":{"@type":"PropertyValueSpecification","valueRequired":true,"valueName":"search_term_string"}}],"inLanguage":"hr"},{"@type":"Organization","@id":"https:\/\/radioljubuski.ba\/#organization","name":"Radio Ljubu\u0161ki","url":"https:\/\/radioljubuski.ba\/","logo":{"@type":"ImageObject","inLanguage":"hr","@id":"https:\/\/radioljubuski.ba\/#\/schema\/logo\/image\/","url":"https:\/\/radioljubuski.ba\/wp-content\/uploads\/2021\/02\/cropped-Radio_Ljubuski_logo1.jpg","contentUrl":"https:\/\/radioljubuski.ba\/wp-content\/uploads\/2021\/02\/cropped-Radio_Ljubuski_logo1.jpg","width":512,"height":512,"caption":"Radio Ljubu\u0161ki"},"image":{"@id":"https:\/\/radioljubuski.ba\/#\/schema\/logo\/image\/"},"sameAs":["https:\/\/www.facebook.com\/Radiio-Ljubuski-1490835324566332","https:\/\/x.com\/radioljubuski","https:\/\/hr.linkedin.com\/company\/radio-ljubuski","https:\/\/www.youtube.com\/channel\/UCHYaeO_n0Db3tjNGudGpXyw"]},{"@type":"Person","@id":"https:\/\/radioljubuski.ba\/#\/schema\/person\/19fc700381a780f69665d7956c469e3b","name":"Radio Ljubu\u0161ki"}]}},"_links":{"self":[{"href":"https:\/\/radioljubuski.ba\/index.php\/wp-json\/wp\/v2\/posts\/118466","targetHints":{"allow":["GET"]}}],"collection":[{"href":"https:\/\/radioljubuski.ba\/index.php\/wp-json\/wp\/v2\/posts"}],"about":[{"href":"https:\/\/radioljubuski.ba\/index.php\/wp-json\/wp\/v2\/types\/post"}],"author":[{"embeddable":true,"href":"https:\/\/radioljubuski.ba\/index.php\/wp-json\/wp\/v2\/users\/2"}],"replies":[{"embeddable":true,"href":"https:\/\/radioljubuski.ba\/index.php\/wp-json\/wp\/v2\/comments?post=118466"}],"version-history":[{"count":1,"href":"https:\/\/radioljubuski.ba\/index.php\/wp-json\/wp\/v2\/posts\/118466\/revisions"}],"predecessor-version":[{"id":118468,"href":"https:\/\/radioljubuski.ba\/index.php\/wp-json\/wp\/v2\/posts\/118466\/revisions\/118468"}],"wp:featuredmedia":[{"embeddable":true,"href":"https:\/\/radioljubuski.ba\/index.php\/wp-json\/wp\/v2\/media\/118467"}],"wp:attachment":[{"href":"https:\/\/radioljubuski.ba\/index.php\/wp-json\/wp\/v2\/media?parent=118466"}],"wp:term":[{"taxonomy":"category","embeddable":true,"href":"https:\/\/radioljubuski.ba\/index.php\/wp-json\/wp\/v2\/categories?post=118466"},{"taxonomy":"post_tag","embeddable":true,"href":"https:\/\/radioljubuski.ba\/index.php\/wp-json\/wp\/v2\/tags?post=118466"}],"curies":[{"name":"wp","href":"https:\/\/api.w.org\/{rel}","templated":true}]}}