{"id":118475,"date":"2022-03-06T00:17:54","date_gmt":"2022-03-05T23:17:54","guid":{"rendered":"https:\/\/radioljubuski.ba\/?p=118475"},"modified":"2022-03-06T00:17:55","modified_gmt":"2022-03-05T23:17:55","slug":"kuleba-nakon-susreta-s-blinkenom-zelimo-nove-sankcije-protiv-rusije-i-jos-oruzja","status":"publish","type":"post","link":"https:\/\/radioljubuski.ba\/index.php\/2022\/03\/06\/kuleba-nakon-susreta-s-blinkenom-zelimo-nove-sankcije-protiv-rusije-i-jos-oruzja\/","title":{"rendered":"Kuleba nakon susreta s Blinkenom: \u017delimo nove sankcije protiv Rusije i jo\u0161 oru\u017eja"},"content":{"rendered":"\n<p>Ukrajinski ministar vanjskih poslova Dmitro Kuleba je u subotu rekao da o\u010dekuje da \u0107e se rezultati njegovih razgovora s ameri\u010dkim dr\u017eavnim tajnikom Antony Blinkenom po\u010deti primjenjivati uskoro, uklju\u010duju\u0107i nove sankcije za Rusiju i vi\u0161e oru\u017eja za Ukrajinu.<\/p>\n\n\n\n<p>Kuleba je zahvalio SAD-u za pomo\u0107 ali je ponovio kako se nada ve\u0107oj vojnoj pomo\u0107i, posebno uspostavi zone neletenja iznad njegove zemlje.<\/p>\n\n\n\n<p>Blinkenov odgovor na taj zahtjev je negativan jer bi zra\u010dne snage dovele NATO u izravan sukob s Rusijom.<\/p>\n\n\n\n<p>Odbijanje NATO saveza da uspostavi zonu neletenja iznad Ukrajine je frustriraju\u0107e i dovest \u0107e do jo\u0161 ve\u0107eg broja civilnih \u017ertava, rekao je Kuleba govore\u0107i na internetskoj tiskovnoj konferenciji nakon susreta.<\/p>\n\n\n\n<p>Okvalificirao je to kao \u201cznak slabosti\u201d.<\/p>\n\n\n\n<p>Blinken i Kuleba sastali su se na ukrajinskoj granici s Poljskom u subotu kako bi raspravljali o podr\u0161ci Zapada za Ukrajinu i izolaciji Rusije u svrhu okon\u010danja 10-dnevnog rata.<\/p>\n\n\n\n<p>Ukrajinski ministar rekao je ameri\u010dkom kolegi da njegova zemlja treba borbene avione i sustav za protuzra\u010dnu obranu.<\/p>\n\n\n\n<p>Blinken se ranije u subotu u poljskom grani\u010dnom gradu Rzeszowu sastao i s poljskim premijerom i ministrom vanjskih poslova.<\/p>\n\n\n\n<p>U susretu u blizini poljsko-ukrajinske granice koju su proteklih dana pre\u0161le stotine tisu\u0107a izbjeglica, Blinken je pohvalio poljski odgovor na djelovanje Rusije.<\/p>\n\n\n\n<p>Izvor:pogled.ba<\/p>\n","protected":false},"excerpt":{"rendered":"<p>Ukrajinski ministar vanjskih poslova Dmitro Kuleba je u subotu rekao da o\u010dekuje da \u0107e se rezultati njegovih razgovora s ameri\u010dkim dr\u017eavnim tajnikom Antony Blinkenom po\u010deti primjenjivati uskoro, uklju\u010duju\u0107i nove sankcije za Rusiju i vi\u0161e oru\u017eja za Ukrajinu. Kuleba je zahvalio SAD-u za pomo\u0107 ali je ponovio kako se nada ve\u0107oj vojnoj pomo\u0107i, posebno uspostavi zone [&hellip;]<\/p>\n","protected":false},"author":2,"featured_media":118476,"comment_status":"closed","ping_status":"closed","sticky":false,"template":"","format":"standard","meta":{"h5ap_radio_sources":[],"footnotes":""},"categories":[1],"tags":[],"class_list":["post-118475","post","type-post","status-publish","format-standard","has-post-thumbnail","hentry","category-bihiregija"],"yoast_head":"<!-- This site is optimized with the Yoast SEO plugin v27.5 - https:\/\/yoast.com\/product\/yoast-seo-wordpress\/ -->\n<title>Kuleba nakon susreta s Blinkenom: \u017delimo nove sankcije protiv Rusije i jo\u0161 oru\u017eja - RADIO LJUBU\u0160KI<\/title>\n<meta name=\"robots\" content=\"index, follow, max-snippet:-1, max-image-preview:large, max-video-preview:-1\" \/>\n<link rel=\"canonical\" href=\"https:\/\/radioljubuski.ba\/index.php\/2022\/03\/06\/kuleba-nakon-susreta-s-blinkenom-zelimo-nove-sankcije-protiv-rusije-i-jos-oruzja\/\" \/>\n<meta property=\"og:locale\" content=\"hr_HR\" \/>\n<meta property=\"og:type\" content=\"article\" \/>\n<meta property=\"og:title\" content=\"Kuleba nakon susreta s Blinkenom: \u017delimo nove sankcije protiv Rusije i jo\u0161 oru\u017eja - RADIO LJUBU\u0160KI\" \/>\n<meta property=\"og:description\" content=\"Ukrajinski ministar vanjskih poslova Dmitro Kuleba je u subotu rekao da o\u010dekuje da \u0107e se rezultati njegovih razgovora s ameri\u010dkim dr\u017eavnim tajnikom Antony Blinkenom po\u010deti primjenjivati uskoro, uklju\u010duju\u0107i nove sankcije za Rusiju i vi\u0161e oru\u017eja za Ukrajinu. Kuleba je zahvalio SAD-u za pomo\u0107 ali je ponovio kako se nada ve\u0107oj vojnoj pomo\u0107i, posebno uspostavi zone [&hellip;]\" \/>\n<meta property=\"og:url\" content=\"https:\/\/radioljubuski.ba\/index.php\/2022\/03\/06\/kuleba-nakon-susreta-s-blinkenom-zelimo-nove-sankcije-protiv-rusije-i-jos-oruzja\/\" \/>\n<meta property=\"og:site_name\" content=\"RADIO LJUBU\u0160KI\" \/>\n<meta property=\"article:publisher\" content=\"https:\/\/www.facebook.com\/Radiio-Ljubuski-1490835324566332\" \/>\n<meta property=\"article:published_time\" content=\"2022-03-05T23:17:54+00:00\" \/>\n<meta property=\"article:modified_time\" content=\"2022-03-05T23:17:55+00:00\" \/>\n<meta property=\"og:image\" content=\"https:\/\/radioljubuski.ba\/wp-content\/uploads\/2022\/03\/8-2022-03-05-20-32-02-kuleba-blinken.jpg\" \/>\n\t<meta property=\"og:image:width\" content=\"1000\" \/>\n\t<meta property=\"og:image:height\" content=\"625\" \/>\n\t<meta property=\"og:image:type\" content=\"image\/jpeg\" \/>\n<meta name=\"author\" content=\"Radio Ljubu\u0161ki\" \/>\n<meta name=\"twitter:card\" content=\"summary_large_image\" \/>\n<meta name=\"twitter:creator\" content=\"@radioljubuski\" \/>\n<meta name=\"twitter:site\" content=\"@radioljubuski\" \/>\n<meta name=\"twitter:label1\" content=\"Napisao\/la\" \/>\n\t<meta name=\"twitter:data1\" content=\"Radio Ljubu\u0161ki\" \/>\n\t<meta name=\"twitter:label2\" content=\"Procijenjeno vrijeme \u010ditanja\" \/>\n\t<meta name=\"twitter:data2\" content=\"1 minuta\" \/>\n<script type=\"application\/ld+json\" class=\"yoast-schema-graph\">{\"@context\":\"https:\\\/\\\/schema.org\",\"@graph\":[{\"@type\":\"Article\",\"@id\":\"https:\\\/\\\/radioljubuski.ba\\\/index.php\\\/2022\\\/03\\\/06\\\/kuleba-nakon-susreta-s-blinkenom-zelimo-nove-sankcije-protiv-rusije-i-jos-oruzja\\\/#article\",\"isPartOf\":{\"@id\":\"https:\\\/\\\/radioljubuski.ba\\\/index.php\\\/2022\\\/03\\\/06\\\/kuleba-nakon-susreta-s-blinkenom-zelimo-nove-sankcije-protiv-rusije-i-jos-oruzja\\\/\"},\"author\":{\"name\":\"Radio Ljubu\u0161ki\",\"@id\":\"https:\\\/\\\/radioljubuski.ba\\\/#\\\/schema\\\/person\\\/19fc700381a780f69665d7956c469e3b\"},\"headline\":\"Kuleba nakon susreta s Blinkenom: \u017delimo nove sankcije protiv Rusije i jo\u0161 oru\u017eja\",\"datePublished\":\"2022-03-05T23:17:54+00:00\",\"dateModified\":\"2022-03-05T23:17:55+00:00\",\"mainEntityOfPage\":{\"@id\":\"https:\\\/\\\/radioljubuski.ba\\\/index.php\\\/2022\\\/03\\\/06\\\/kuleba-nakon-susreta-s-blinkenom-zelimo-nove-sankcije-protiv-rusije-i-jos-oruzja\\\/\"},\"wordCount\":238,\"publisher\":{\"@id\":\"https:\\\/\\\/radioljubuski.ba\\\/#organization\"},\"image\":{\"@id\":\"https:\\\/\\\/radioljubuski.ba\\\/index.php\\\/2022\\\/03\\\/06\\\/kuleba-nakon-susreta-s-blinkenom-zelimo-nove-sankcije-protiv-rusije-i-jos-oruzja\\\/#primaryimage\"},\"thumbnailUrl\":\"https:\\\/\\\/radioljubuski.ba\\\/wp-content\\\/uploads\\\/2022\\\/03\\\/8-2022-03-05-20-32-02-kuleba-blinken.jpg\",\"articleSection\":[\"BIH i regija\"],\"inLanguage\":\"hr\"},{\"@type\":\"WebPage\",\"@id\":\"https:\\\/\\\/radioljubuski.ba\\\/index.php\\\/2022\\\/03\\\/06\\\/kuleba-nakon-susreta-s-blinkenom-zelimo-nove-sankcije-protiv-rusije-i-jos-oruzja\\\/\",\"url\":\"https:\\\/\\\/radioljubuski.ba\\\/index.php\\\/2022\\\/03\\\/06\\\/kuleba-nakon-susreta-s-blinkenom-zelimo-nove-sankcije-protiv-rusije-i-jos-oruzja\\\/\",\"name\":\"Kuleba nakon susreta s Blinkenom: \u017delimo nove sankcije protiv Rusije i jo\u0161 oru\u017eja - RADIO LJUBU\u0160KI\",\"isPartOf\":{\"@id\":\"https:\\\/\\\/radioljubuski.ba\\\/#website\"},\"primaryImageOfPage\":{\"@id\":\"https:\\\/\\\/radioljubuski.ba\\\/index.php\\\/2022\\\/03\\\/06\\\/kuleba-nakon-susreta-s-blinkenom-zelimo-nove-sankcije-protiv-rusije-i-jos-oruzja\\\/#primaryimage\"},\"image\":{\"@id\":\"https:\\\/\\\/radioljubuski.ba\\\/index.php\\\/2022\\\/03\\\/06\\\/kuleba-nakon-susreta-s-blinkenom-zelimo-nove-sankcije-protiv-rusije-i-jos-oruzja\\\/#primaryimage\"},\"thumbnailUrl\":\"https:\\\/\\\/radioljubuski.ba\\\/wp-content\\\/uploads\\\/2022\\\/03\\\/8-2022-03-05-20-32-02-kuleba-blinken.jpg\",\"datePublished\":\"2022-03-05T23:17:54+00:00\",\"dateModified\":\"2022-03-05T23:17:55+00:00\",\"breadcrumb\":{\"@id\":\"https:\\\/\\\/radioljubuski.ba\\\/index.php\\\/2022\\\/03\\\/06\\\/kuleba-nakon-susreta-s-blinkenom-zelimo-nove-sankcije-protiv-rusije-i-jos-oruzja\\\/#breadcrumb\"},\"inLanguage\":\"hr\",\"potentialAction\":[{\"@type\":\"ReadAction\",\"target\":[\"https:\\\/\\\/radioljubuski.ba\\\/index.php\\\/2022\\\/03\\\/06\\\/kuleba-nakon-susreta-s-blinkenom-zelimo-nove-sankcije-protiv-rusije-i-jos-oruzja\\\/\"]}]},{\"@type\":\"ImageObject\",\"inLanguage\":\"hr\",\"@id\":\"https:\\\/\\\/radioljubuski.ba\\\/index.php\\\/2022\\\/03\\\/06\\\/kuleba-nakon-susreta-s-blinkenom-zelimo-nove-sankcije-protiv-rusije-i-jos-oruzja\\\/#primaryimage\",\"url\":\"https:\\\/\\\/radioljubuski.ba\\\/wp-content\\\/uploads\\\/2022\\\/03\\\/8-2022-03-05-20-32-02-kuleba-blinken.jpg\",\"contentUrl\":\"https:\\\/\\\/radioljubuski.ba\\\/wp-content\\\/uploads\\\/2022\\\/03\\\/8-2022-03-05-20-32-02-kuleba-blinken.jpg\",\"width\":1000,\"height\":625},{\"@type\":\"BreadcrumbList\",\"@id\":\"https:\\\/\\\/radioljubuski.ba\\\/index.php\\\/2022\\\/03\\\/06\\\/kuleba-nakon-susreta-s-blinkenom-zelimo-nove-sankcije-protiv-rusije-i-jos-oruzja\\\/#breadcrumb\",\"itemListElement\":[{\"@type\":\"ListItem\",\"position\":1,\"name\":\"Po\u010detna stranica\",\"item\":\"https:\\\/\\\/radioljubuski.ba\\\/\"},{\"@type\":\"ListItem\",\"position\":2,\"name\":\"Kuleba nakon susreta s Blinkenom: \u017delimo nove sankcije protiv Rusije i jo\u0161 oru\u017eja\"}]},{\"@type\":\"WebSite\",\"@id\":\"https:\\\/\\\/radioljubuski.ba\\\/#website\",\"url\":\"https:\\\/\\\/radioljubuski.ba\\\/\",\"name\":\"Radio Ljubu\u0161ki\",\"description\":\"Sun\u010dana frekvencija Hercegovine\",\"publisher\":{\"@id\":\"https:\\\/\\\/radioljubuski.ba\\\/#organization\"},\"potentialAction\":[{\"@type\":\"SearchAction\",\"target\":{\"@type\":\"EntryPoint\",\"urlTemplate\":\"https:\\\/\\\/radioljubuski.ba\\\/?s={search_term_string}\"},\"query-input\":{\"@type\":\"PropertyValueSpecification\",\"valueRequired\":true,\"valueName\":\"search_term_string\"}}],\"inLanguage\":\"hr\"},{\"@type\":\"Organization\",\"@id\":\"https:\\\/\\\/radioljubuski.ba\\\/#organization\",\"name\":\"Radio Ljubu\u0161ki\",\"url\":\"https:\\\/\\\/radioljubuski.ba\\\/\",\"logo\":{\"@type\":\"ImageObject\",\"inLanguage\":\"hr\",\"@id\":\"https:\\\/\\\/radioljubuski.ba\\\/#\\\/schema\\\/logo\\\/image\\\/\",\"url\":\"https:\\\/\\\/radioljubuski.ba\\\/wp-content\\\/uploads\\\/2021\\\/02\\\/cropped-Radio_Ljubuski_logo1.jpg\",\"contentUrl\":\"https:\\\/\\\/radioljubuski.ba\\\/wp-content\\\/uploads\\\/2021\\\/02\\\/cropped-Radio_Ljubuski_logo1.jpg\",\"width\":512,\"height\":512,\"caption\":\"Radio Ljubu\u0161ki\"},\"image\":{\"@id\":\"https:\\\/\\\/radioljubuski.ba\\\/#\\\/schema\\\/logo\\\/image\\\/\"},\"sameAs\":[\"https:\\\/\\\/www.facebook.com\\\/Radiio-Ljubuski-1490835324566332\",\"https:\\\/\\\/x.com\\\/radioljubuski\",\"https:\\\/\\\/hr.linkedin.com\\\/company\\\/radio-ljubuski\",\"https:\\\/\\\/www.youtube.com\\\/channel\\\/UCHYaeO_n0Db3tjNGudGpXyw\"]},{\"@type\":\"Person\",\"@id\":\"https:\\\/\\\/radioljubuski.ba\\\/#\\\/schema\\\/person\\\/19fc700381a780f69665d7956c469e3b\",\"name\":\"Radio Ljubu\u0161ki\"}]}<\/script>\n<!-- \/ Yoast SEO plugin. -->","yoast_head_json":{"title":"Kuleba nakon susreta s Blinkenom: \u017delimo nove sankcije protiv Rusije i jo\u0161 oru\u017eja - RADIO LJUBU\u0160KI","robots":{"index":"index","follow":"follow","max-snippet":"max-snippet:-1","max-image-preview":"max-image-preview:large","max-video-preview":"max-video-preview:-1"},"canonical":"https:\/\/radioljubuski.ba\/index.php\/2022\/03\/06\/kuleba-nakon-susreta-s-blinkenom-zelimo-nove-sankcije-protiv-rusije-i-jos-oruzja\/","og_locale":"hr_HR","og_type":"article","og_title":"Kuleba nakon susreta s Blinkenom: \u017delimo nove sankcije protiv Rusije i jo\u0161 oru\u017eja - RADIO LJUBU\u0160KI","og_description":"Ukrajinski ministar vanjskih poslova Dmitro Kuleba je u subotu rekao da o\u010dekuje da \u0107e se rezultati njegovih razgovora s ameri\u010dkim dr\u017eavnim tajnikom Antony Blinkenom po\u010deti primjenjivati uskoro, uklju\u010duju\u0107i nove sankcije za Rusiju i vi\u0161e oru\u017eja za Ukrajinu. Kuleba je zahvalio SAD-u za pomo\u0107 ali je ponovio kako se nada ve\u0107oj vojnoj pomo\u0107i, posebno uspostavi zone [&hellip;]","og_url":"https:\/\/radioljubuski.ba\/index.php\/2022\/03\/06\/kuleba-nakon-susreta-s-blinkenom-zelimo-nove-sankcije-protiv-rusije-i-jos-oruzja\/","og_site_name":"RADIO LJUBU\u0160KI","article_publisher":"https:\/\/www.facebook.com\/Radiio-Ljubuski-1490835324566332","article_published_time":"2022-03-05T23:17:54+00:00","article_modified_time":"2022-03-05T23:17:55+00:00","og_image":[{"width":1000,"height":625,"url":"https:\/\/radioljubuski.ba\/wp-content\/uploads\/2022\/03\/8-2022-03-05-20-32-02-kuleba-blinken.jpg","type":"image\/jpeg"}],"author":"Radio Ljubu\u0161ki","twitter_card":"summary_large_image","twitter_creator":"@radioljubuski","twitter_site":"@radioljubuski","twitter_misc":{"Napisao\/la":"Radio Ljubu\u0161ki","Procijenjeno vrijeme \u010ditanja":"1 minuta"},"schema":{"@context":"https:\/\/schema.org","@graph":[{"@type":"Article","@id":"https:\/\/radioljubuski.ba\/index.php\/2022\/03\/06\/kuleba-nakon-susreta-s-blinkenom-zelimo-nove-sankcije-protiv-rusije-i-jos-oruzja\/#article","isPartOf":{"@id":"https:\/\/radioljubuski.ba\/index.php\/2022\/03\/06\/kuleba-nakon-susreta-s-blinkenom-zelimo-nove-sankcije-protiv-rusije-i-jos-oruzja\/"},"author":{"name":"Radio Ljubu\u0161ki","@id":"https:\/\/radioljubuski.ba\/#\/schema\/person\/19fc700381a780f69665d7956c469e3b"},"headline":"Kuleba nakon susreta s Blinkenom: \u017delimo nove sankcije protiv Rusije i jo\u0161 oru\u017eja","datePublished":"2022-03-05T23:17:54+00:00","dateModified":"2022-03-05T23:17:55+00:00","mainEntityOfPage":{"@id":"https:\/\/radioljubuski.ba\/index.php\/2022\/03\/06\/kuleba-nakon-susreta-s-blinkenom-zelimo-nove-sankcije-protiv-rusije-i-jos-oruzja\/"},"wordCount":238,"publisher":{"@id":"https:\/\/radioljubuski.ba\/#organization"},"image":{"@id":"https:\/\/radioljubuski.ba\/index.php\/2022\/03\/06\/kuleba-nakon-susreta-s-blinkenom-zelimo-nove-sankcije-protiv-rusije-i-jos-oruzja\/#primaryimage"},"thumbnailUrl":"https:\/\/radioljubuski.ba\/wp-content\/uploads\/2022\/03\/8-2022-03-05-20-32-02-kuleba-blinken.jpg","articleSection":["BIH i regija"],"inLanguage":"hr"},{"@type":"WebPage","@id":"https:\/\/radioljubuski.ba\/index.php\/2022\/03\/06\/kuleba-nakon-susreta-s-blinkenom-zelimo-nove-sankcije-protiv-rusije-i-jos-oruzja\/","url":"https:\/\/radioljubuski.ba\/index.php\/2022\/03\/06\/kuleba-nakon-susreta-s-blinkenom-zelimo-nove-sankcije-protiv-rusije-i-jos-oruzja\/","name":"Kuleba nakon susreta s Blinkenom: \u017delimo nove sankcije protiv Rusije i jo\u0161 oru\u017eja - RADIO LJUBU\u0160KI","isPartOf":{"@id":"https:\/\/radioljubuski.ba\/#website"},"primaryImageOfPage":{"@id":"https:\/\/radioljubuski.ba\/index.php\/2022\/03\/06\/kuleba-nakon-susreta-s-blinkenom-zelimo-nove-sankcije-protiv-rusije-i-jos-oruzja\/#primaryimage"},"image":{"@id":"https:\/\/radioljubuski.ba\/index.php\/2022\/03\/06\/kuleba-nakon-susreta-s-blinkenom-zelimo-nove-sankcije-protiv-rusije-i-jos-oruzja\/#primaryimage"},"thumbnailUrl":"https:\/\/radioljubuski.ba\/wp-content\/uploads\/2022\/03\/8-2022-03-05-20-32-02-kuleba-blinken.jpg","datePublished":"2022-03-05T23:17:54+00:00","dateModified":"2022-03-05T23:17:55+00:00","breadcrumb":{"@id":"https:\/\/radioljubuski.ba\/index.php\/2022\/03\/06\/kuleba-nakon-susreta-s-blinkenom-zelimo-nove-sankcije-protiv-rusije-i-jos-oruzja\/#breadcrumb"},"inLanguage":"hr","potentialAction":[{"@type":"ReadAction","target":["https:\/\/radioljubuski.ba\/index.php\/2022\/03\/06\/kuleba-nakon-susreta-s-blinkenom-zelimo-nove-sankcije-protiv-rusije-i-jos-oruzja\/"]}]},{"@type":"ImageObject","inLanguage":"hr","@id":"https:\/\/radioljubuski.ba\/index.php\/2022\/03\/06\/kuleba-nakon-susreta-s-blinkenom-zelimo-nove-sankcije-protiv-rusije-i-jos-oruzja\/#primaryimage","url":"https:\/\/radioljubuski.ba\/wp-content\/uploads\/2022\/03\/8-2022-03-05-20-32-02-kuleba-blinken.jpg","contentUrl":"https:\/\/radioljubuski.ba\/wp-content\/uploads\/2022\/03\/8-2022-03-05-20-32-02-kuleba-blinken.jpg","width":1000,"height":625},{"@type":"BreadcrumbList","@id":"https:\/\/radioljubuski.ba\/index.php\/2022\/03\/06\/kuleba-nakon-susreta-s-blinkenom-zelimo-nove-sankcije-protiv-rusije-i-jos-oruzja\/#breadcrumb","itemListElement":[{"@type":"ListItem","position":1,"name":"Po\u010detna stranica","item":"https:\/\/radioljubuski.ba\/"},{"@type":"ListItem","position":2,"name":"Kuleba nakon susreta s Blinkenom: \u017delimo nove sankcije protiv Rusije i jo\u0161 oru\u017eja"}]},{"@type":"WebSite","@id":"https:\/\/radioljubuski.ba\/#website","url":"https:\/\/radioljubuski.ba\/","name":"Radio Ljubu\u0161ki","description":"Sun\u010dana frekvencija Hercegovine","publisher":{"@id":"https:\/\/radioljubuski.ba\/#organization"},"potentialAction":[{"@type":"SearchAction","target":{"@type":"EntryPoint","urlTemplate":"https:\/\/radioljubuski.ba\/?s={search_term_string}"},"query-input":{"@type":"PropertyValueSpecification","valueRequired":true,"valueName":"search_term_string"}}],"inLanguage":"hr"},{"@type":"Organization","@id":"https:\/\/radioljubuski.ba\/#organization","name":"Radio Ljubu\u0161ki","url":"https:\/\/radioljubuski.ba\/","logo":{"@type":"ImageObject","inLanguage":"hr","@id":"https:\/\/radioljubuski.ba\/#\/schema\/logo\/image\/","url":"https:\/\/radioljubuski.ba\/wp-content\/uploads\/2021\/02\/cropped-Radio_Ljubuski_logo1.jpg","contentUrl":"https:\/\/radioljubuski.ba\/wp-content\/uploads\/2021\/02\/cropped-Radio_Ljubuski_logo1.jpg","width":512,"height":512,"caption":"Radio Ljubu\u0161ki"},"image":{"@id":"https:\/\/radioljubuski.ba\/#\/schema\/logo\/image\/"},"sameAs":["https:\/\/www.facebook.com\/Radiio-Ljubuski-1490835324566332","https:\/\/x.com\/radioljubuski","https:\/\/hr.linkedin.com\/company\/radio-ljubuski","https:\/\/www.youtube.com\/channel\/UCHYaeO_n0Db3tjNGudGpXyw"]},{"@type":"Person","@id":"https:\/\/radioljubuski.ba\/#\/schema\/person\/19fc700381a780f69665d7956c469e3b","name":"Radio Ljubu\u0161ki"}]}},"_links":{"self":[{"href":"https:\/\/radioljubuski.ba\/index.php\/wp-json\/wp\/v2\/posts\/118475","targetHints":{"allow":["GET"]}}],"collection":[{"href":"https:\/\/radioljubuski.ba\/index.php\/wp-json\/wp\/v2\/posts"}],"about":[{"href":"https:\/\/radioljubuski.ba\/index.php\/wp-json\/wp\/v2\/types\/post"}],"author":[{"embeddable":true,"href":"https:\/\/radioljubuski.ba\/index.php\/wp-json\/wp\/v2\/users\/2"}],"replies":[{"embeddable":true,"href":"https:\/\/radioljubuski.ba\/index.php\/wp-json\/wp\/v2\/comments?post=118475"}],"version-history":[{"count":1,"href":"https:\/\/radioljubuski.ba\/index.php\/wp-json\/wp\/v2\/posts\/118475\/revisions"}],"predecessor-version":[{"id":118477,"href":"https:\/\/radioljubuski.ba\/index.php\/wp-json\/wp\/v2\/posts\/118475\/revisions\/118477"}],"wp:featuredmedia":[{"embeddable":true,"href":"https:\/\/radioljubuski.ba\/index.php\/wp-json\/wp\/v2\/media\/118476"}],"wp:attachment":[{"href":"https:\/\/radioljubuski.ba\/index.php\/wp-json\/wp\/v2\/media?parent=118475"}],"wp:term":[{"taxonomy":"category","embeddable":true,"href":"https:\/\/radioljubuski.ba\/index.php\/wp-json\/wp\/v2\/categories?post=118475"},{"taxonomy":"post_tag","embeddable":true,"href":"https:\/\/radioljubuski.ba\/index.php\/wp-json\/wp\/v2\/tags?post=118475"}],"curies":[{"name":"wp","href":"https:\/\/api.w.org\/{rel}","templated":true}]}}