{"id":118478,"date":"2022-03-06T00:18:56","date_gmt":"2022-03-05T23:18:56","guid":{"rendered":"https:\/\/radioljubuski.ba\/?p=118478"},"modified":"2022-03-06T00:18:57","modified_gmt":"2022-03-05T23:18:57","slug":"direktor-ukrajinske-nuklearke-bojimo-se-ovo-je-bez-presedana","status":"publish","type":"post","link":"https:\/\/radioljubuski.ba\/index.php\/2022\/03\/06\/direktor-ukrajinske-nuklearke-bojimo-se-ovo-je-bez-presedana\/","title":{"rendered":"Direktor ukrajinske nuklearke: Bojimo se, ovo je bez presedana"},"content":{"rendered":"\n<p>Pavel Pavli\u0161in, direktor nuklearne elektrane Rivne i nekada\u0161nji prvi \u010dovjek Energoatoma, dr\u017eavne tvrtke koja upravlja svim nuklearnim elektranama u Ukrajini, za HRT govorio je o situaciji u Ukrajini koja deseti dan zaredom trpi rusku agresiju. O nuklearki Zapori\u017eje rekao je da se nalazi pod kontrolom ruske vojske.<\/p>\n\n\n\n<p>&#8220;Smatramo da je to nuklearni terorizam bez presedana, terorizam koji trebaju osuditi europsko dru\u0161tvo i svijet. Prvi se put u povijesti nuklearne energetike doga\u0111a takvo \u0161to. Prema na\u0161im informacijama, ugro\u017eena je isporuka grijanja. Provode se radovi na obnovi sustava&#8221;, rekao je Pavli\u0161in.<\/p>\n\n\n\n<p>&#8220;Pucaju po na\u0161oj zemlji i istovremeno govore da su ne\u0161to oslobodili, sprije\u010dili nekakve nuklearne incidente. Sve je to potpuna la\u017e jer ina\u010de nuklearna elektrana Zapori\u017eja radi normalno, stabilno, bez ikakvih problema. Te\u0161ko mi je komentirati kako se oni spremaju i \u0161to planiraju&#8221;, nastavio je.<\/p>\n\n\n\n<p>Potvrdio je kako je elektrana Rivne u redu. Normalno rade i proizvode elektri\u010dnu energiju. &#8220;Sve na\u0161e osoblje u drugim gradovima je dobro, svi smo spremni braniti svoju neovisnost, svoje gradove i elektrane&#8221;, izjavio je Pavli\u0161in.<\/p>\n\n\n\n<p>Nuklearnog incidenta boje se u svim nuklearnim elektranama, rekao je. &#8220;Naravno da se bojimo. Sav svijet koji razumno razmi\u0161lja ne bi smio dopustiti da se doga\u0111aju ovakvi slu\u010dajevi. \u010cinimo sve da se to ne bi dogodilo.&#8221;<\/p>\n\n\n\n<p>Ruskim kolegama, tvrdi Pavli\u0161in, rekao je kako &#8220;ne bi smjeli \u0161utjeti o tome \u0161to se doga\u0111a&#8221; u Ukrajini i o tome \u0161to &#8220;\u0161ire ruski mediji o nekakvom procesu oslobo\u0111enja.&#8221; &#8220;To su gluposti i moji kolege u Rusiji trebali bi to razumjeti jako dobro. Profesionalci su, moraju znati \u0161to zna\u010de vojna djelovanja oko nuklearnih elektrana ili u njima, gdje postoji velik rizik&#8221;, nastavio je.<\/p>\n\n\n\n<p>Sva\u0161ta se mo\u017ee dogoditi kada se oru\u017eje koristi blizu elektrana, napomenuo je. &#8220;Osim toga, danas u na\u0161oj zemlji umiru ljudi, obitelji, djeca. Nije jasno koji je cilj, za\u0161to se to doga\u0111a, mi smo vrlo mirna zemlja. Ovdje nema i nije bilo nikakvih radikalno usmjerenih ljudi koji bi prekora\u010dili nekakve granice. Takvih ljudi ima u svim zemljama, uklju\u010duju\u0107i i Rusiju&#8221;, smatra.<\/p>\n\n\n\n<p>Europske zemlje zamolio je da &#8220;bojkotiraju ruske stru\u010dnjake iz podru\u010dja nuklearne energetike i njihovu tehnologiju kako bi oni shvatili da se u 21. stolje\u0107u ne smije postupati s jednom europskom zemljom tako kako oni postupaju s nama.&#8221; Siguran je kako \u0107e Ukrajina pobijediti, zaklju\u010dio je za HRT.<\/p>\n\n\n\n<p>Izvor:pogled.ba\/hrt.hr<\/p>\n","protected":false},"excerpt":{"rendered":"<p>Pavel Pavli\u0161in, direktor nuklearne elektrane Rivne i nekada\u0161nji prvi \u010dovjek Energoatoma, dr\u017eavne tvrtke koja upravlja svim nuklearnim elektranama u Ukrajini, za HRT govorio je o situaciji u Ukrajini koja deseti dan zaredom trpi rusku agresiju. O nuklearki Zapori\u017eje rekao je da se nalazi pod kontrolom ruske vojske. &#8220;Smatramo da je to nuklearni terorizam bez presedana, [&hellip;]<\/p>\n","protected":false},"author":2,"featured_media":118479,"comment_status":"closed","ping_status":"closed","sticky":false,"template":"","format":"standard","meta":{"h5ap_radio_sources":[],"footnotes":""},"categories":[1],"tags":[],"class_list":["post-118478","post","type-post","status-publish","format-standard","has-post-thumbnail","hentry","category-bihiregija"],"yoast_head":"<!-- This site is optimized with the Yoast SEO plugin v27.5 - https:\/\/yoast.com\/product\/yoast-seo-wordpress\/ -->\n<title>Direktor ukrajinske nuklearke: Bojimo se, ovo je bez presedana - RADIO LJUBU\u0160KI<\/title>\n<meta name=\"robots\" content=\"index, follow, max-snippet:-1, max-image-preview:large, max-video-preview:-1\" \/>\n<link rel=\"canonical\" href=\"https:\/\/radioljubuski.ba\/index.php\/2022\/03\/06\/direktor-ukrajinske-nuklearke-bojimo-se-ovo-je-bez-presedana\/\" \/>\n<meta property=\"og:locale\" content=\"hr_HR\" \/>\n<meta property=\"og:type\" content=\"article\" \/>\n<meta property=\"og:title\" content=\"Direktor ukrajinske nuklearke: Bojimo se, ovo je bez presedana - RADIO LJUBU\u0160KI\" \/>\n<meta property=\"og:description\" content=\"Pavel Pavli\u0161in, direktor nuklearne elektrane Rivne i nekada\u0161nji prvi \u010dovjek Energoatoma, dr\u017eavne tvrtke koja upravlja svim nuklearnim elektranama u Ukrajini, za HRT govorio je o situaciji u Ukrajini koja deseti dan zaredom trpi rusku agresiju. O nuklearki Zapori\u017eje rekao je da se nalazi pod kontrolom ruske vojske. &#8220;Smatramo da je to nuklearni terorizam bez presedana, [&hellip;]\" \/>\n<meta property=\"og:url\" content=\"https:\/\/radioljubuski.ba\/index.php\/2022\/03\/06\/direktor-ukrajinske-nuklearke-bojimo-se-ovo-je-bez-presedana\/\" \/>\n<meta property=\"og:site_name\" content=\"RADIO LJUBU\u0160KI\" \/>\n<meta property=\"article:publisher\" content=\"https:\/\/www.facebook.com\/Radiio-Ljubuski-1490835324566332\" \/>\n<meta property=\"article:published_time\" content=\"2022-03-05T23:18:56+00:00\" \/>\n<meta property=\"article:modified_time\" content=\"2022-03-05T23:18:57+00:00\" \/>\n<meta property=\"og:image\" content=\"https:\/\/radioljubuski.ba\/wp-content\/uploads\/2022\/03\/8-2022-03-05-20-44-58-PAVLE.jpg\" \/>\n\t<meta property=\"og:image:width\" content=\"1000\" \/>\n\t<meta property=\"og:image:height\" content=\"625\" \/>\n\t<meta property=\"og:image:type\" content=\"image\/jpeg\" \/>\n<meta name=\"author\" content=\"Radio Ljubu\u0161ki\" \/>\n<meta name=\"twitter:card\" content=\"summary_large_image\" \/>\n<meta name=\"twitter:creator\" content=\"@radioljubuski\" \/>\n<meta name=\"twitter:site\" content=\"@radioljubuski\" \/>\n<meta name=\"twitter:label1\" content=\"Napisao\/la\" \/>\n\t<meta name=\"twitter:data1\" content=\"Radio Ljubu\u0161ki\" \/>\n\t<meta name=\"twitter:label2\" content=\"Procijenjeno vrijeme \u010ditanja\" \/>\n\t<meta name=\"twitter:data2\" content=\"2 minute\" \/>\n<script type=\"application\/ld+json\" class=\"yoast-schema-graph\">{\"@context\":\"https:\\\/\\\/schema.org\",\"@graph\":[{\"@type\":\"Article\",\"@id\":\"https:\\\/\\\/radioljubuski.ba\\\/index.php\\\/2022\\\/03\\\/06\\\/direktor-ukrajinske-nuklearke-bojimo-se-ovo-je-bez-presedana\\\/#article\",\"isPartOf\":{\"@id\":\"https:\\\/\\\/radioljubuski.ba\\\/index.php\\\/2022\\\/03\\\/06\\\/direktor-ukrajinske-nuklearke-bojimo-se-ovo-je-bez-presedana\\\/\"},\"author\":{\"name\":\"Radio Ljubu\u0161ki\",\"@id\":\"https:\\\/\\\/radioljubuski.ba\\\/#\\\/schema\\\/person\\\/19fc700381a780f69665d7956c469e3b\"},\"headline\":\"Direktor ukrajinske nuklearke: Bojimo se, ovo je bez presedana\",\"datePublished\":\"2022-03-05T23:18:56+00:00\",\"dateModified\":\"2022-03-05T23:18:57+00:00\",\"mainEntityOfPage\":{\"@id\":\"https:\\\/\\\/radioljubuski.ba\\\/index.php\\\/2022\\\/03\\\/06\\\/direktor-ukrajinske-nuklearke-bojimo-se-ovo-je-bez-presedana\\\/\"},\"wordCount\":425,\"publisher\":{\"@id\":\"https:\\\/\\\/radioljubuski.ba\\\/#organization\"},\"image\":{\"@id\":\"https:\\\/\\\/radioljubuski.ba\\\/index.php\\\/2022\\\/03\\\/06\\\/direktor-ukrajinske-nuklearke-bojimo-se-ovo-je-bez-presedana\\\/#primaryimage\"},\"thumbnailUrl\":\"https:\\\/\\\/radioljubuski.ba\\\/wp-content\\\/uploads\\\/2022\\\/03\\\/8-2022-03-05-20-44-58-PAVLE.jpg\",\"articleSection\":[\"BIH i regija\"],\"inLanguage\":\"hr\"},{\"@type\":\"WebPage\",\"@id\":\"https:\\\/\\\/radioljubuski.ba\\\/index.php\\\/2022\\\/03\\\/06\\\/direktor-ukrajinske-nuklearke-bojimo-se-ovo-je-bez-presedana\\\/\",\"url\":\"https:\\\/\\\/radioljubuski.ba\\\/index.php\\\/2022\\\/03\\\/06\\\/direktor-ukrajinske-nuklearke-bojimo-se-ovo-je-bez-presedana\\\/\",\"name\":\"Direktor ukrajinske nuklearke: Bojimo se, ovo je bez presedana - RADIO LJUBU\u0160KI\",\"isPartOf\":{\"@id\":\"https:\\\/\\\/radioljubuski.ba\\\/#website\"},\"primaryImageOfPage\":{\"@id\":\"https:\\\/\\\/radioljubuski.ba\\\/index.php\\\/2022\\\/03\\\/06\\\/direktor-ukrajinske-nuklearke-bojimo-se-ovo-je-bez-presedana\\\/#primaryimage\"},\"image\":{\"@id\":\"https:\\\/\\\/radioljubuski.ba\\\/index.php\\\/2022\\\/03\\\/06\\\/direktor-ukrajinske-nuklearke-bojimo-se-ovo-je-bez-presedana\\\/#primaryimage\"},\"thumbnailUrl\":\"https:\\\/\\\/radioljubuski.ba\\\/wp-content\\\/uploads\\\/2022\\\/03\\\/8-2022-03-05-20-44-58-PAVLE.jpg\",\"datePublished\":\"2022-03-05T23:18:56+00:00\",\"dateModified\":\"2022-03-05T23:18:57+00:00\",\"breadcrumb\":{\"@id\":\"https:\\\/\\\/radioljubuski.ba\\\/index.php\\\/2022\\\/03\\\/06\\\/direktor-ukrajinske-nuklearke-bojimo-se-ovo-je-bez-presedana\\\/#breadcrumb\"},\"inLanguage\":\"hr\",\"potentialAction\":[{\"@type\":\"ReadAction\",\"target\":[\"https:\\\/\\\/radioljubuski.ba\\\/index.php\\\/2022\\\/03\\\/06\\\/direktor-ukrajinske-nuklearke-bojimo-se-ovo-je-bez-presedana\\\/\"]}]},{\"@type\":\"ImageObject\",\"inLanguage\":\"hr\",\"@id\":\"https:\\\/\\\/radioljubuski.ba\\\/index.php\\\/2022\\\/03\\\/06\\\/direktor-ukrajinske-nuklearke-bojimo-se-ovo-je-bez-presedana\\\/#primaryimage\",\"url\":\"https:\\\/\\\/radioljubuski.ba\\\/wp-content\\\/uploads\\\/2022\\\/03\\\/8-2022-03-05-20-44-58-PAVLE.jpg\",\"contentUrl\":\"https:\\\/\\\/radioljubuski.ba\\\/wp-content\\\/uploads\\\/2022\\\/03\\\/8-2022-03-05-20-44-58-PAVLE.jpg\",\"width\":1000,\"height\":625},{\"@type\":\"BreadcrumbList\",\"@id\":\"https:\\\/\\\/radioljubuski.ba\\\/index.php\\\/2022\\\/03\\\/06\\\/direktor-ukrajinske-nuklearke-bojimo-se-ovo-je-bez-presedana\\\/#breadcrumb\",\"itemListElement\":[{\"@type\":\"ListItem\",\"position\":1,\"name\":\"Po\u010detna stranica\",\"item\":\"https:\\\/\\\/radioljubuski.ba\\\/\"},{\"@type\":\"ListItem\",\"position\":2,\"name\":\"Direktor ukrajinske nuklearke: Bojimo se, ovo je bez presedana\"}]},{\"@type\":\"WebSite\",\"@id\":\"https:\\\/\\\/radioljubuski.ba\\\/#website\",\"url\":\"https:\\\/\\\/radioljubuski.ba\\\/\",\"name\":\"Radio Ljubu\u0161ki\",\"description\":\"Sun\u010dana frekvencija Hercegovine\",\"publisher\":{\"@id\":\"https:\\\/\\\/radioljubuski.ba\\\/#organization\"},\"potentialAction\":[{\"@type\":\"SearchAction\",\"target\":{\"@type\":\"EntryPoint\",\"urlTemplate\":\"https:\\\/\\\/radioljubuski.ba\\\/?s={search_term_string}\"},\"query-input\":{\"@type\":\"PropertyValueSpecification\",\"valueRequired\":true,\"valueName\":\"search_term_string\"}}],\"inLanguage\":\"hr\"},{\"@type\":\"Organization\",\"@id\":\"https:\\\/\\\/radioljubuski.ba\\\/#organization\",\"name\":\"Radio Ljubu\u0161ki\",\"url\":\"https:\\\/\\\/radioljubuski.ba\\\/\",\"logo\":{\"@type\":\"ImageObject\",\"inLanguage\":\"hr\",\"@id\":\"https:\\\/\\\/radioljubuski.ba\\\/#\\\/schema\\\/logo\\\/image\\\/\",\"url\":\"https:\\\/\\\/radioljubuski.ba\\\/wp-content\\\/uploads\\\/2021\\\/02\\\/cropped-Radio_Ljubuski_logo1.jpg\",\"contentUrl\":\"https:\\\/\\\/radioljubuski.ba\\\/wp-content\\\/uploads\\\/2021\\\/02\\\/cropped-Radio_Ljubuski_logo1.jpg\",\"width\":512,\"height\":512,\"caption\":\"Radio Ljubu\u0161ki\"},\"image\":{\"@id\":\"https:\\\/\\\/radioljubuski.ba\\\/#\\\/schema\\\/logo\\\/image\\\/\"},\"sameAs\":[\"https:\\\/\\\/www.facebook.com\\\/Radiio-Ljubuski-1490835324566332\",\"https:\\\/\\\/x.com\\\/radioljubuski\",\"https:\\\/\\\/hr.linkedin.com\\\/company\\\/radio-ljubuski\",\"https:\\\/\\\/www.youtube.com\\\/channel\\\/UCHYaeO_n0Db3tjNGudGpXyw\"]},{\"@type\":\"Person\",\"@id\":\"https:\\\/\\\/radioljubuski.ba\\\/#\\\/schema\\\/person\\\/19fc700381a780f69665d7956c469e3b\",\"name\":\"Radio Ljubu\u0161ki\"}]}<\/script>\n<!-- \/ Yoast SEO plugin. -->","yoast_head_json":{"title":"Direktor ukrajinske nuklearke: Bojimo se, ovo je bez presedana - RADIO LJUBU\u0160KI","robots":{"index":"index","follow":"follow","max-snippet":"max-snippet:-1","max-image-preview":"max-image-preview:large","max-video-preview":"max-video-preview:-1"},"canonical":"https:\/\/radioljubuski.ba\/index.php\/2022\/03\/06\/direktor-ukrajinske-nuklearke-bojimo-se-ovo-je-bez-presedana\/","og_locale":"hr_HR","og_type":"article","og_title":"Direktor ukrajinske nuklearke: Bojimo se, ovo je bez presedana - RADIO LJUBU\u0160KI","og_description":"Pavel Pavli\u0161in, direktor nuklearne elektrane Rivne i nekada\u0161nji prvi \u010dovjek Energoatoma, dr\u017eavne tvrtke koja upravlja svim nuklearnim elektranama u Ukrajini, za HRT govorio je o situaciji u Ukrajini koja deseti dan zaredom trpi rusku agresiju. O nuklearki Zapori\u017eje rekao je da se nalazi pod kontrolom ruske vojske. &#8220;Smatramo da je to nuklearni terorizam bez presedana, [&hellip;]","og_url":"https:\/\/radioljubuski.ba\/index.php\/2022\/03\/06\/direktor-ukrajinske-nuklearke-bojimo-se-ovo-je-bez-presedana\/","og_site_name":"RADIO LJUBU\u0160KI","article_publisher":"https:\/\/www.facebook.com\/Radiio-Ljubuski-1490835324566332","article_published_time":"2022-03-05T23:18:56+00:00","article_modified_time":"2022-03-05T23:18:57+00:00","og_image":[{"width":1000,"height":625,"url":"https:\/\/radioljubuski.ba\/wp-content\/uploads\/2022\/03\/8-2022-03-05-20-44-58-PAVLE.jpg","type":"image\/jpeg"}],"author":"Radio Ljubu\u0161ki","twitter_card":"summary_large_image","twitter_creator":"@radioljubuski","twitter_site":"@radioljubuski","twitter_misc":{"Napisao\/la":"Radio Ljubu\u0161ki","Procijenjeno vrijeme \u010ditanja":"2 minute"},"schema":{"@context":"https:\/\/schema.org","@graph":[{"@type":"Article","@id":"https:\/\/radioljubuski.ba\/index.php\/2022\/03\/06\/direktor-ukrajinske-nuklearke-bojimo-se-ovo-je-bez-presedana\/#article","isPartOf":{"@id":"https:\/\/radioljubuski.ba\/index.php\/2022\/03\/06\/direktor-ukrajinske-nuklearke-bojimo-se-ovo-je-bez-presedana\/"},"author":{"name":"Radio Ljubu\u0161ki","@id":"https:\/\/radioljubuski.ba\/#\/schema\/person\/19fc700381a780f69665d7956c469e3b"},"headline":"Direktor ukrajinske nuklearke: Bojimo se, ovo je bez presedana","datePublished":"2022-03-05T23:18:56+00:00","dateModified":"2022-03-05T23:18:57+00:00","mainEntityOfPage":{"@id":"https:\/\/radioljubuski.ba\/index.php\/2022\/03\/06\/direktor-ukrajinske-nuklearke-bojimo-se-ovo-je-bez-presedana\/"},"wordCount":425,"publisher":{"@id":"https:\/\/radioljubuski.ba\/#organization"},"image":{"@id":"https:\/\/radioljubuski.ba\/index.php\/2022\/03\/06\/direktor-ukrajinske-nuklearke-bojimo-se-ovo-je-bez-presedana\/#primaryimage"},"thumbnailUrl":"https:\/\/radioljubuski.ba\/wp-content\/uploads\/2022\/03\/8-2022-03-05-20-44-58-PAVLE.jpg","articleSection":["BIH i regija"],"inLanguage":"hr"},{"@type":"WebPage","@id":"https:\/\/radioljubuski.ba\/index.php\/2022\/03\/06\/direktor-ukrajinske-nuklearke-bojimo-se-ovo-je-bez-presedana\/","url":"https:\/\/radioljubuski.ba\/index.php\/2022\/03\/06\/direktor-ukrajinske-nuklearke-bojimo-se-ovo-je-bez-presedana\/","name":"Direktor ukrajinske nuklearke: Bojimo se, ovo je bez presedana - RADIO LJUBU\u0160KI","isPartOf":{"@id":"https:\/\/radioljubuski.ba\/#website"},"primaryImageOfPage":{"@id":"https:\/\/radioljubuski.ba\/index.php\/2022\/03\/06\/direktor-ukrajinske-nuklearke-bojimo-se-ovo-je-bez-presedana\/#primaryimage"},"image":{"@id":"https:\/\/radioljubuski.ba\/index.php\/2022\/03\/06\/direktor-ukrajinske-nuklearke-bojimo-se-ovo-je-bez-presedana\/#primaryimage"},"thumbnailUrl":"https:\/\/radioljubuski.ba\/wp-content\/uploads\/2022\/03\/8-2022-03-05-20-44-58-PAVLE.jpg","datePublished":"2022-03-05T23:18:56+00:00","dateModified":"2022-03-05T23:18:57+00:00","breadcrumb":{"@id":"https:\/\/radioljubuski.ba\/index.php\/2022\/03\/06\/direktor-ukrajinske-nuklearke-bojimo-se-ovo-je-bez-presedana\/#breadcrumb"},"inLanguage":"hr","potentialAction":[{"@type":"ReadAction","target":["https:\/\/radioljubuski.ba\/index.php\/2022\/03\/06\/direktor-ukrajinske-nuklearke-bojimo-se-ovo-je-bez-presedana\/"]}]},{"@type":"ImageObject","inLanguage":"hr","@id":"https:\/\/radioljubuski.ba\/index.php\/2022\/03\/06\/direktor-ukrajinske-nuklearke-bojimo-se-ovo-je-bez-presedana\/#primaryimage","url":"https:\/\/radioljubuski.ba\/wp-content\/uploads\/2022\/03\/8-2022-03-05-20-44-58-PAVLE.jpg","contentUrl":"https:\/\/radioljubuski.ba\/wp-content\/uploads\/2022\/03\/8-2022-03-05-20-44-58-PAVLE.jpg","width":1000,"height":625},{"@type":"BreadcrumbList","@id":"https:\/\/radioljubuski.ba\/index.php\/2022\/03\/06\/direktor-ukrajinske-nuklearke-bojimo-se-ovo-je-bez-presedana\/#breadcrumb","itemListElement":[{"@type":"ListItem","position":1,"name":"Po\u010detna stranica","item":"https:\/\/radioljubuski.ba\/"},{"@type":"ListItem","position":2,"name":"Direktor ukrajinske nuklearke: Bojimo se, ovo je bez presedana"}]},{"@type":"WebSite","@id":"https:\/\/radioljubuski.ba\/#website","url":"https:\/\/radioljubuski.ba\/","name":"Radio Ljubu\u0161ki","description":"Sun\u010dana frekvencija Hercegovine","publisher":{"@id":"https:\/\/radioljubuski.ba\/#organization"},"potentialAction":[{"@type":"SearchAction","target":{"@type":"EntryPoint","urlTemplate":"https:\/\/radioljubuski.ba\/?s={search_term_string}"},"query-input":{"@type":"PropertyValueSpecification","valueRequired":true,"valueName":"search_term_string"}}],"inLanguage":"hr"},{"@type":"Organization","@id":"https:\/\/radioljubuski.ba\/#organization","name":"Radio Ljubu\u0161ki","url":"https:\/\/radioljubuski.ba\/","logo":{"@type":"ImageObject","inLanguage":"hr","@id":"https:\/\/radioljubuski.ba\/#\/schema\/logo\/image\/","url":"https:\/\/radioljubuski.ba\/wp-content\/uploads\/2021\/02\/cropped-Radio_Ljubuski_logo1.jpg","contentUrl":"https:\/\/radioljubuski.ba\/wp-content\/uploads\/2021\/02\/cropped-Radio_Ljubuski_logo1.jpg","width":512,"height":512,"caption":"Radio Ljubu\u0161ki"},"image":{"@id":"https:\/\/radioljubuski.ba\/#\/schema\/logo\/image\/"},"sameAs":["https:\/\/www.facebook.com\/Radiio-Ljubuski-1490835324566332","https:\/\/x.com\/radioljubuski","https:\/\/hr.linkedin.com\/company\/radio-ljubuski","https:\/\/www.youtube.com\/channel\/UCHYaeO_n0Db3tjNGudGpXyw"]},{"@type":"Person","@id":"https:\/\/radioljubuski.ba\/#\/schema\/person\/19fc700381a780f69665d7956c469e3b","name":"Radio Ljubu\u0161ki"}]}},"_links":{"self":[{"href":"https:\/\/radioljubuski.ba\/index.php\/wp-json\/wp\/v2\/posts\/118478","targetHints":{"allow":["GET"]}}],"collection":[{"href":"https:\/\/radioljubuski.ba\/index.php\/wp-json\/wp\/v2\/posts"}],"about":[{"href":"https:\/\/radioljubuski.ba\/index.php\/wp-json\/wp\/v2\/types\/post"}],"author":[{"embeddable":true,"href":"https:\/\/radioljubuski.ba\/index.php\/wp-json\/wp\/v2\/users\/2"}],"replies":[{"embeddable":true,"href":"https:\/\/radioljubuski.ba\/index.php\/wp-json\/wp\/v2\/comments?post=118478"}],"version-history":[{"count":1,"href":"https:\/\/radioljubuski.ba\/index.php\/wp-json\/wp\/v2\/posts\/118478\/revisions"}],"predecessor-version":[{"id":118480,"href":"https:\/\/radioljubuski.ba\/index.php\/wp-json\/wp\/v2\/posts\/118478\/revisions\/118480"}],"wp:featuredmedia":[{"embeddable":true,"href":"https:\/\/radioljubuski.ba\/index.php\/wp-json\/wp\/v2\/media\/118479"}],"wp:attachment":[{"href":"https:\/\/radioljubuski.ba\/index.php\/wp-json\/wp\/v2\/media?parent=118478"}],"wp:term":[{"taxonomy":"category","embeddable":true,"href":"https:\/\/radioljubuski.ba\/index.php\/wp-json\/wp\/v2\/categories?post=118478"},{"taxonomy":"post_tag","embeddable":true,"href":"https:\/\/radioljubuski.ba\/index.php\/wp-json\/wp\/v2\/tags?post=118478"}],"curies":[{"name":"wp","href":"https:\/\/api.w.org\/{rel}","templated":true}]}}