{"id":118501,"date":"2022-03-06T00:30:28","date_gmt":"2022-03-05T23:30:28","guid":{"rendered":"https:\/\/radioljubuski.ba\/?p=118501"},"modified":"2022-03-06T00:30:30","modified_gmt":"2022-03-05T23:30:30","slug":"dosad-nevideno-nakon-21-godinu-objavljen-video-napada-u-new-yorku","status":"publish","type":"post","link":"https:\/\/radioljubuski.ba\/index.php\/2022\/03\/06\/dosad-nevideno-nakon-21-godinu-objavljen-video-napada-u-new-yorku\/","title":{"rendered":"Dosad nevi\u0111eno: Nakon 21 godinu objavljen video napada u New Yorku"},"content":{"rendered":"\n<p><strong>\u0160to ste radili u srijedu prije tjedan dana? S ovim pitanjem ve\u0107ina ljudi po\u010dinje dugo razmi\u0161ljati i duboko kopati po sje\u0107anju. Ali jo\u0161 uvijek to\u010dno znamo \u0161to smo sve radili u utorak prije 20 godina.<\/strong><\/p>\n\n\n\n<p>Dana 11. rujna 2001. cijeli je svijet stao i svi su gledali \u0161okantne slike iz New Yorka. Teroristi\u010dki napadi na Svjetski trgova\u010dki centar smatraju se odlu\u010duju\u0107im povijesnim doga\u0111ajem koji je za mnoge zna\u010dio kraj \u201cnevinog i jednostavnog\u201d svijeta. Gotovo 3000 ljudi poginulo je u napadima zrakoplova u New Yorku i Washingtonu \u2013 pi\u0161e&nbsp;<a href=\"https:\/\/superradio-minhen.de\/nakon-20-godina-izasao-novi-video-napada-na-teroristicki-napad-na-svjetski-trgovacki-centar\/\">Super radio M\u00fcnchen<\/a>.<\/p>\n\n\n\n<p>Teroristi\u010dki napadi na tornjeve blizance zabilje\u017eeni su na brojnim fotografijama i videima. Mnogi od njih do\u0161li su od privatnih ljudi koji su svojim hobi kamerama zabilje\u017eili u\u017easne minute. Na video platformi YouTube sada se pojavio video koji prikazuje napad iz potpuno novog kuta<\/p>\n\n\n\n<iframe loading=\"lazy\" title=\"9-11 Kevin&#039;s Video with raw audio (includes swearing)\" width=\"640\" height=\"480\" src=\"https:\/\/www.youtube.com\/embed\/o6t31R4tI10?feature=oembed\" frameborder=\"0\" allow=\"accelerometer; autoplay; clipboard-write; encrypted-media; gyroscope; picture-in-picture; web-share\" referrerpolicy=\"strict-origin-when-cross-origin\" allowfullscreen><\/iframe>\n\n\n\n<p>Izvor:brotnjo.info<\/p>\n","protected":false},"excerpt":{"rendered":"<p>\u0160to ste radili u srijedu prije tjedan dana? S ovim pitanjem ve\u0107ina ljudi po\u010dinje dugo razmi\u0161ljati i duboko kopati po sje\u0107anju. Ali jo\u0161 uvijek to\u010dno znamo \u0161to smo sve radili u utorak prije 20 godina. Dana 11. rujna 2001. cijeli je svijet stao i svi su gledali \u0161okantne slike iz New Yorka. Teroristi\u010dki napadi na [&hellip;]<\/p>\n","protected":false},"author":2,"featured_media":118502,"comment_status":"closed","ping_status":"closed","sticky":false,"template":"","format":"standard","meta":{"h5ap_radio_sources":[],"footnotes":""},"categories":[1],"tags":[],"class_list":["post-118501","post","type-post","status-publish","format-standard","has-post-thumbnail","hentry","category-bihiregija"],"yoast_head":"<!-- This site is optimized with the Yoast SEO plugin v27.5 - https:\/\/yoast.com\/product\/yoast-seo-wordpress\/ -->\n<title>Dosad nevi\u0111eno: Nakon 21 godinu objavljen video napada u New Yorku - RADIO LJUBU\u0160KI<\/title>\n<meta name=\"robots\" content=\"index, follow, max-snippet:-1, max-image-preview:large, max-video-preview:-1\" \/>\n<link rel=\"canonical\" href=\"https:\/\/radioljubuski.ba\/index.php\/2022\/03\/06\/dosad-nevideno-nakon-21-godinu-objavljen-video-napada-u-new-yorku\/\" \/>\n<meta property=\"og:locale\" content=\"hr_HR\" \/>\n<meta property=\"og:type\" content=\"article\" \/>\n<meta property=\"og:title\" content=\"Dosad nevi\u0111eno: Nakon 21 godinu objavljen video napada u New Yorku - RADIO LJUBU\u0160KI\" \/>\n<meta property=\"og:description\" content=\"\u0160to ste radili u srijedu prije tjedan dana? S ovim pitanjem ve\u0107ina ljudi po\u010dinje dugo razmi\u0161ljati i duboko kopati po sje\u0107anju. Ali jo\u0161 uvijek to\u010dno znamo \u0161to smo sve radili u utorak prije 20 godina. Dana 11. rujna 2001. cijeli je svijet stao i svi su gledali \u0161okantne slike iz New Yorka. Teroristi\u010dki napadi na [&hellip;]\" \/>\n<meta property=\"og:url\" content=\"https:\/\/radioljubuski.ba\/index.php\/2022\/03\/06\/dosad-nevideno-nakon-21-godinu-objavljen-video-napada-u-new-yorku\/\" \/>\n<meta property=\"og:site_name\" content=\"RADIO LJUBU\u0160KI\" \/>\n<meta property=\"article:publisher\" content=\"https:\/\/www.facebook.com\/Radiio-Ljubuski-1490835324566332\" \/>\n<meta property=\"article:published_time\" content=\"2022-03-05T23:30:28+00:00\" \/>\n<meta property=\"article:modified_time\" content=\"2022-03-05T23:30:30+00:00\" \/>\n<meta property=\"og:image\" content=\"https:\/\/radioljubuski.ba\/wp-content\/uploads\/2022\/03\/newyork1109.jpeg\" \/>\n\t<meta property=\"og:image:width\" content=\"1200\" \/>\n\t<meta property=\"og:image:height\" content=\"630\" \/>\n\t<meta property=\"og:image:type\" content=\"image\/jpeg\" \/>\n<meta name=\"author\" content=\"Radio Ljubu\u0161ki\" \/>\n<meta name=\"twitter:card\" content=\"summary_large_image\" \/>\n<meta name=\"twitter:creator\" content=\"@radioljubuski\" \/>\n<meta name=\"twitter:site\" content=\"@radioljubuski\" \/>\n<meta name=\"twitter:label1\" content=\"Napisao\/la\" \/>\n\t<meta name=\"twitter:data1\" content=\"Radio Ljubu\u0161ki\" \/>\n\t<meta name=\"twitter:label2\" content=\"Procijenjeno vrijeme \u010ditanja\" \/>\n\t<meta name=\"twitter:data2\" content=\"1 minuta\" \/>\n<script type=\"application\/ld+json\" class=\"yoast-schema-graph\">{\"@context\":\"https:\\\/\\\/schema.org\",\"@graph\":[{\"@type\":\"Article\",\"@id\":\"https:\\\/\\\/radioljubuski.ba\\\/index.php\\\/2022\\\/03\\\/06\\\/dosad-nevideno-nakon-21-godinu-objavljen-video-napada-u-new-yorku\\\/#article\",\"isPartOf\":{\"@id\":\"https:\\\/\\\/radioljubuski.ba\\\/index.php\\\/2022\\\/03\\\/06\\\/dosad-nevideno-nakon-21-godinu-objavljen-video-napada-u-new-yorku\\\/\"},\"author\":{\"name\":\"Radio Ljubu\u0161ki\",\"@id\":\"https:\\\/\\\/radioljubuski.ba\\\/#\\\/schema\\\/person\\\/19fc700381a780f69665d7956c469e3b\"},\"headline\":\"Dosad nevi\u0111eno: Nakon 21 godinu objavljen video napada u New Yorku\",\"datePublished\":\"2022-03-05T23:30:28+00:00\",\"dateModified\":\"2022-03-05T23:30:30+00:00\",\"mainEntityOfPage\":{\"@id\":\"https:\\\/\\\/radioljubuski.ba\\\/index.php\\\/2022\\\/03\\\/06\\\/dosad-nevideno-nakon-21-godinu-objavljen-video-napada-u-new-yorku\\\/\"},\"wordCount\":172,\"publisher\":{\"@id\":\"https:\\\/\\\/radioljubuski.ba\\\/#organization\"},\"image\":{\"@id\":\"https:\\\/\\\/radioljubuski.ba\\\/index.php\\\/2022\\\/03\\\/06\\\/dosad-nevideno-nakon-21-godinu-objavljen-video-napada-u-new-yorku\\\/#primaryimage\"},\"thumbnailUrl\":\"https:\\\/\\\/radioljubuski.ba\\\/wp-content\\\/uploads\\\/2022\\\/03\\\/newyork1109.jpeg\",\"articleSection\":[\"BIH i regija\"],\"inLanguage\":\"hr\"},{\"@type\":\"WebPage\",\"@id\":\"https:\\\/\\\/radioljubuski.ba\\\/index.php\\\/2022\\\/03\\\/06\\\/dosad-nevideno-nakon-21-godinu-objavljen-video-napada-u-new-yorku\\\/\",\"url\":\"https:\\\/\\\/radioljubuski.ba\\\/index.php\\\/2022\\\/03\\\/06\\\/dosad-nevideno-nakon-21-godinu-objavljen-video-napada-u-new-yorku\\\/\",\"name\":\"Dosad nevi\u0111eno: Nakon 21 godinu objavljen video napada u New Yorku - RADIO LJUBU\u0160KI\",\"isPartOf\":{\"@id\":\"https:\\\/\\\/radioljubuski.ba\\\/#website\"},\"primaryImageOfPage\":{\"@id\":\"https:\\\/\\\/radioljubuski.ba\\\/index.php\\\/2022\\\/03\\\/06\\\/dosad-nevideno-nakon-21-godinu-objavljen-video-napada-u-new-yorku\\\/#primaryimage\"},\"image\":{\"@id\":\"https:\\\/\\\/radioljubuski.ba\\\/index.php\\\/2022\\\/03\\\/06\\\/dosad-nevideno-nakon-21-godinu-objavljen-video-napada-u-new-yorku\\\/#primaryimage\"},\"thumbnailUrl\":\"https:\\\/\\\/radioljubuski.ba\\\/wp-content\\\/uploads\\\/2022\\\/03\\\/newyork1109.jpeg\",\"datePublished\":\"2022-03-05T23:30:28+00:00\",\"dateModified\":\"2022-03-05T23:30:30+00:00\",\"breadcrumb\":{\"@id\":\"https:\\\/\\\/radioljubuski.ba\\\/index.php\\\/2022\\\/03\\\/06\\\/dosad-nevideno-nakon-21-godinu-objavljen-video-napada-u-new-yorku\\\/#breadcrumb\"},\"inLanguage\":\"hr\",\"potentialAction\":[{\"@type\":\"ReadAction\",\"target\":[\"https:\\\/\\\/radioljubuski.ba\\\/index.php\\\/2022\\\/03\\\/06\\\/dosad-nevideno-nakon-21-godinu-objavljen-video-napada-u-new-yorku\\\/\"]}]},{\"@type\":\"ImageObject\",\"inLanguage\":\"hr\",\"@id\":\"https:\\\/\\\/radioljubuski.ba\\\/index.php\\\/2022\\\/03\\\/06\\\/dosad-nevideno-nakon-21-godinu-objavljen-video-napada-u-new-yorku\\\/#primaryimage\",\"url\":\"https:\\\/\\\/radioljubuski.ba\\\/wp-content\\\/uploads\\\/2022\\\/03\\\/newyork1109.jpeg\",\"contentUrl\":\"https:\\\/\\\/radioljubuski.ba\\\/wp-content\\\/uploads\\\/2022\\\/03\\\/newyork1109.jpeg\",\"width\":1200,\"height\":630},{\"@type\":\"BreadcrumbList\",\"@id\":\"https:\\\/\\\/radioljubuski.ba\\\/index.php\\\/2022\\\/03\\\/06\\\/dosad-nevideno-nakon-21-godinu-objavljen-video-napada-u-new-yorku\\\/#breadcrumb\",\"itemListElement\":[{\"@type\":\"ListItem\",\"position\":1,\"name\":\"Po\u010detna stranica\",\"item\":\"https:\\\/\\\/radioljubuski.ba\\\/\"},{\"@type\":\"ListItem\",\"position\":2,\"name\":\"Dosad nevi\u0111eno: Nakon 21 godinu objavljen video napada u New Yorku\"}]},{\"@type\":\"WebSite\",\"@id\":\"https:\\\/\\\/radioljubuski.ba\\\/#website\",\"url\":\"https:\\\/\\\/radioljubuski.ba\\\/\",\"name\":\"Radio Ljubu\u0161ki\",\"description\":\"Sun\u010dana frekvencija Hercegovine\",\"publisher\":{\"@id\":\"https:\\\/\\\/radioljubuski.ba\\\/#organization\"},\"potentialAction\":[{\"@type\":\"SearchAction\",\"target\":{\"@type\":\"EntryPoint\",\"urlTemplate\":\"https:\\\/\\\/radioljubuski.ba\\\/?s={search_term_string}\"},\"query-input\":{\"@type\":\"PropertyValueSpecification\",\"valueRequired\":true,\"valueName\":\"search_term_string\"}}],\"inLanguage\":\"hr\"},{\"@type\":\"Organization\",\"@id\":\"https:\\\/\\\/radioljubuski.ba\\\/#organization\",\"name\":\"Radio Ljubu\u0161ki\",\"url\":\"https:\\\/\\\/radioljubuski.ba\\\/\",\"logo\":{\"@type\":\"ImageObject\",\"inLanguage\":\"hr\",\"@id\":\"https:\\\/\\\/radioljubuski.ba\\\/#\\\/schema\\\/logo\\\/image\\\/\",\"url\":\"https:\\\/\\\/radioljubuski.ba\\\/wp-content\\\/uploads\\\/2021\\\/02\\\/cropped-Radio_Ljubuski_logo1.jpg\",\"contentUrl\":\"https:\\\/\\\/radioljubuski.ba\\\/wp-content\\\/uploads\\\/2021\\\/02\\\/cropped-Radio_Ljubuski_logo1.jpg\",\"width\":512,\"height\":512,\"caption\":\"Radio Ljubu\u0161ki\"},\"image\":{\"@id\":\"https:\\\/\\\/radioljubuski.ba\\\/#\\\/schema\\\/logo\\\/image\\\/\"},\"sameAs\":[\"https:\\\/\\\/www.facebook.com\\\/Radiio-Ljubuski-1490835324566332\",\"https:\\\/\\\/x.com\\\/radioljubuski\",\"https:\\\/\\\/hr.linkedin.com\\\/company\\\/radio-ljubuski\",\"https:\\\/\\\/www.youtube.com\\\/channel\\\/UCHYaeO_n0Db3tjNGudGpXyw\"]},{\"@type\":\"Person\",\"@id\":\"https:\\\/\\\/radioljubuski.ba\\\/#\\\/schema\\\/person\\\/19fc700381a780f69665d7956c469e3b\",\"name\":\"Radio Ljubu\u0161ki\"}]}<\/script>\n<!-- \/ Yoast SEO plugin. -->","yoast_head_json":{"title":"Dosad nevi\u0111eno: Nakon 21 godinu objavljen video napada u New Yorku - RADIO LJUBU\u0160KI","robots":{"index":"index","follow":"follow","max-snippet":"max-snippet:-1","max-image-preview":"max-image-preview:large","max-video-preview":"max-video-preview:-1"},"canonical":"https:\/\/radioljubuski.ba\/index.php\/2022\/03\/06\/dosad-nevideno-nakon-21-godinu-objavljen-video-napada-u-new-yorku\/","og_locale":"hr_HR","og_type":"article","og_title":"Dosad nevi\u0111eno: Nakon 21 godinu objavljen video napada u New Yorku - RADIO LJUBU\u0160KI","og_description":"\u0160to ste radili u srijedu prije tjedan dana? S ovim pitanjem ve\u0107ina ljudi po\u010dinje dugo razmi\u0161ljati i duboko kopati po sje\u0107anju. Ali jo\u0161 uvijek to\u010dno znamo \u0161to smo sve radili u utorak prije 20 godina. Dana 11. rujna 2001. cijeli je svijet stao i svi su gledali \u0161okantne slike iz New Yorka. Teroristi\u010dki napadi na [&hellip;]","og_url":"https:\/\/radioljubuski.ba\/index.php\/2022\/03\/06\/dosad-nevideno-nakon-21-godinu-objavljen-video-napada-u-new-yorku\/","og_site_name":"RADIO LJUBU\u0160KI","article_publisher":"https:\/\/www.facebook.com\/Radiio-Ljubuski-1490835324566332","article_published_time":"2022-03-05T23:30:28+00:00","article_modified_time":"2022-03-05T23:30:30+00:00","og_image":[{"width":1200,"height":630,"url":"https:\/\/radioljubuski.ba\/wp-content\/uploads\/2022\/03\/newyork1109.jpeg","type":"image\/jpeg"}],"author":"Radio Ljubu\u0161ki","twitter_card":"summary_large_image","twitter_creator":"@radioljubuski","twitter_site":"@radioljubuski","twitter_misc":{"Napisao\/la":"Radio Ljubu\u0161ki","Procijenjeno vrijeme \u010ditanja":"1 minuta"},"schema":{"@context":"https:\/\/schema.org","@graph":[{"@type":"Article","@id":"https:\/\/radioljubuski.ba\/index.php\/2022\/03\/06\/dosad-nevideno-nakon-21-godinu-objavljen-video-napada-u-new-yorku\/#article","isPartOf":{"@id":"https:\/\/radioljubuski.ba\/index.php\/2022\/03\/06\/dosad-nevideno-nakon-21-godinu-objavljen-video-napada-u-new-yorku\/"},"author":{"name":"Radio Ljubu\u0161ki","@id":"https:\/\/radioljubuski.ba\/#\/schema\/person\/19fc700381a780f69665d7956c469e3b"},"headline":"Dosad nevi\u0111eno: Nakon 21 godinu objavljen video napada u New Yorku","datePublished":"2022-03-05T23:30:28+00:00","dateModified":"2022-03-05T23:30:30+00:00","mainEntityOfPage":{"@id":"https:\/\/radioljubuski.ba\/index.php\/2022\/03\/06\/dosad-nevideno-nakon-21-godinu-objavljen-video-napada-u-new-yorku\/"},"wordCount":172,"publisher":{"@id":"https:\/\/radioljubuski.ba\/#organization"},"image":{"@id":"https:\/\/radioljubuski.ba\/index.php\/2022\/03\/06\/dosad-nevideno-nakon-21-godinu-objavljen-video-napada-u-new-yorku\/#primaryimage"},"thumbnailUrl":"https:\/\/radioljubuski.ba\/wp-content\/uploads\/2022\/03\/newyork1109.jpeg","articleSection":["BIH i regija"],"inLanguage":"hr"},{"@type":"WebPage","@id":"https:\/\/radioljubuski.ba\/index.php\/2022\/03\/06\/dosad-nevideno-nakon-21-godinu-objavljen-video-napada-u-new-yorku\/","url":"https:\/\/radioljubuski.ba\/index.php\/2022\/03\/06\/dosad-nevideno-nakon-21-godinu-objavljen-video-napada-u-new-yorku\/","name":"Dosad nevi\u0111eno: Nakon 21 godinu objavljen video napada u New Yorku - RADIO LJUBU\u0160KI","isPartOf":{"@id":"https:\/\/radioljubuski.ba\/#website"},"primaryImageOfPage":{"@id":"https:\/\/radioljubuski.ba\/index.php\/2022\/03\/06\/dosad-nevideno-nakon-21-godinu-objavljen-video-napada-u-new-yorku\/#primaryimage"},"image":{"@id":"https:\/\/radioljubuski.ba\/index.php\/2022\/03\/06\/dosad-nevideno-nakon-21-godinu-objavljen-video-napada-u-new-yorku\/#primaryimage"},"thumbnailUrl":"https:\/\/radioljubuski.ba\/wp-content\/uploads\/2022\/03\/newyork1109.jpeg","datePublished":"2022-03-05T23:30:28+00:00","dateModified":"2022-03-05T23:30:30+00:00","breadcrumb":{"@id":"https:\/\/radioljubuski.ba\/index.php\/2022\/03\/06\/dosad-nevideno-nakon-21-godinu-objavljen-video-napada-u-new-yorku\/#breadcrumb"},"inLanguage":"hr","potentialAction":[{"@type":"ReadAction","target":["https:\/\/radioljubuski.ba\/index.php\/2022\/03\/06\/dosad-nevideno-nakon-21-godinu-objavljen-video-napada-u-new-yorku\/"]}]},{"@type":"ImageObject","inLanguage":"hr","@id":"https:\/\/radioljubuski.ba\/index.php\/2022\/03\/06\/dosad-nevideno-nakon-21-godinu-objavljen-video-napada-u-new-yorku\/#primaryimage","url":"https:\/\/radioljubuski.ba\/wp-content\/uploads\/2022\/03\/newyork1109.jpeg","contentUrl":"https:\/\/radioljubuski.ba\/wp-content\/uploads\/2022\/03\/newyork1109.jpeg","width":1200,"height":630},{"@type":"BreadcrumbList","@id":"https:\/\/radioljubuski.ba\/index.php\/2022\/03\/06\/dosad-nevideno-nakon-21-godinu-objavljen-video-napada-u-new-yorku\/#breadcrumb","itemListElement":[{"@type":"ListItem","position":1,"name":"Po\u010detna stranica","item":"https:\/\/radioljubuski.ba\/"},{"@type":"ListItem","position":2,"name":"Dosad nevi\u0111eno: Nakon 21 godinu objavljen video napada u New Yorku"}]},{"@type":"WebSite","@id":"https:\/\/radioljubuski.ba\/#website","url":"https:\/\/radioljubuski.ba\/","name":"Radio Ljubu\u0161ki","description":"Sun\u010dana frekvencija Hercegovine","publisher":{"@id":"https:\/\/radioljubuski.ba\/#organization"},"potentialAction":[{"@type":"SearchAction","target":{"@type":"EntryPoint","urlTemplate":"https:\/\/radioljubuski.ba\/?s={search_term_string}"},"query-input":{"@type":"PropertyValueSpecification","valueRequired":true,"valueName":"search_term_string"}}],"inLanguage":"hr"},{"@type":"Organization","@id":"https:\/\/radioljubuski.ba\/#organization","name":"Radio Ljubu\u0161ki","url":"https:\/\/radioljubuski.ba\/","logo":{"@type":"ImageObject","inLanguage":"hr","@id":"https:\/\/radioljubuski.ba\/#\/schema\/logo\/image\/","url":"https:\/\/radioljubuski.ba\/wp-content\/uploads\/2021\/02\/cropped-Radio_Ljubuski_logo1.jpg","contentUrl":"https:\/\/radioljubuski.ba\/wp-content\/uploads\/2021\/02\/cropped-Radio_Ljubuski_logo1.jpg","width":512,"height":512,"caption":"Radio Ljubu\u0161ki"},"image":{"@id":"https:\/\/radioljubuski.ba\/#\/schema\/logo\/image\/"},"sameAs":["https:\/\/www.facebook.com\/Radiio-Ljubuski-1490835324566332","https:\/\/x.com\/radioljubuski","https:\/\/hr.linkedin.com\/company\/radio-ljubuski","https:\/\/www.youtube.com\/channel\/UCHYaeO_n0Db3tjNGudGpXyw"]},{"@type":"Person","@id":"https:\/\/radioljubuski.ba\/#\/schema\/person\/19fc700381a780f69665d7956c469e3b","name":"Radio Ljubu\u0161ki"}]}},"_links":{"self":[{"href":"https:\/\/radioljubuski.ba\/index.php\/wp-json\/wp\/v2\/posts\/118501","targetHints":{"allow":["GET"]}}],"collection":[{"href":"https:\/\/radioljubuski.ba\/index.php\/wp-json\/wp\/v2\/posts"}],"about":[{"href":"https:\/\/radioljubuski.ba\/index.php\/wp-json\/wp\/v2\/types\/post"}],"author":[{"embeddable":true,"href":"https:\/\/radioljubuski.ba\/index.php\/wp-json\/wp\/v2\/users\/2"}],"replies":[{"embeddable":true,"href":"https:\/\/radioljubuski.ba\/index.php\/wp-json\/wp\/v2\/comments?post=118501"}],"version-history":[{"count":1,"href":"https:\/\/radioljubuski.ba\/index.php\/wp-json\/wp\/v2\/posts\/118501\/revisions"}],"predecessor-version":[{"id":118503,"href":"https:\/\/radioljubuski.ba\/index.php\/wp-json\/wp\/v2\/posts\/118501\/revisions\/118503"}],"wp:featuredmedia":[{"embeddable":true,"href":"https:\/\/radioljubuski.ba\/index.php\/wp-json\/wp\/v2\/media\/118502"}],"wp:attachment":[{"href":"https:\/\/radioljubuski.ba\/index.php\/wp-json\/wp\/v2\/media?parent=118501"}],"wp:term":[{"taxonomy":"category","embeddable":true,"href":"https:\/\/radioljubuski.ba\/index.php\/wp-json\/wp\/v2\/categories?post=118501"},{"taxonomy":"post_tag","embeddable":true,"href":"https:\/\/radioljubuski.ba\/index.php\/wp-json\/wp\/v2\/tags?post=118501"}],"curies":[{"name":"wp","href":"https:\/\/api.w.org\/{rel}","templated":true}]}}