{"id":118559,"date":"2022-03-06T10:49:40","date_gmt":"2022-03-06T09:49:40","guid":{"rendered":"https:\/\/radioljubuski.ba\/?p=118559"},"modified":"2022-03-06T10:49:41","modified_gmt":"2022-03-06T09:49:41","slug":"nemacka-oko-250-000-radnih-mesta-zavisi-od-izvoza-u-rusiju","status":"publish","type":"post","link":"https:\/\/radioljubuski.ba\/index.php\/2022\/03\/06\/nemacka-oko-250-000-radnih-mesta-zavisi-od-izvoza-u-rusiju\/","title":{"rendered":"Nema\u010dka: Oko 250.000 radnih mesta zavisi od izvoza u Rusiju"},"content":{"rendered":"\n<p>Od velikih zapadnih ekonomija, Nema\u010dka najvi\u0161e gubi zbog sankcija prema Rusiji i uru\u0161avanja imid\u017ea te zemlje nakon invazije na Ukrajinu. Ipak, mnoge kompanije poku\u0161avaju da i dalje rade sa Rusijom.<\/p>\n\n\n\n<p>Njema\u010dka industrijska i trgovinska komora (DIHK) ra\u010duna sa smanjenjem izvoza zbog ruske invazije na Ukrajinu. Ranije procjene o rastu izvoza od \u0161est posto vi\u0161e nisu odr\u017eive, ocjenjuje \u0161ef DIHK za spoljnu trgovinu Volker Treyer, ne navode\u0107i pritom nove prognoze, prenosi DW.<\/p>\n\n\n\n<p>Problema sa snabdijevanjem bilo je jo\u0161 prije izbijanja rata u Ukrajini, a sada se situacija dodatno zao\u0161trila. Zapadne sankcije protiv Moskve optere\u0107uju i njema\u010dke kompanije.<\/p>\n\n\n\n<p>Prema navodima Treyera oko 40.000 njema\u010dkih firmi ima poslovne veze s Rusijom, od kojih je 3.650 aktivno u toj zemlji. Prepune knjige narud\u017ebi, obja\u0161njava Treyer, ne\u0107e biti od koristi ako se uskoro ne rije\u0161e problemi u lancu opskrbe.<\/p>\n\n\n\n<p>Oko 250.000 radnih mjesta direktno zavisi od izvoza u Rusiju. Izvoz u tu zemlju pro\u0161le godine je iznosio 26,6 milijardi eura. \u201eOve godine tako vi\u0161e ne\u0107e biti\u201c, istakao je Treyer.<\/p>\n\n\n\n<p><strong>Automobilska industrija naro\u010dito pogo\u0111ena<\/strong><\/p>\n\n\n\n<p>Pored direktnih posljedica sankcija, postoje i indirektne posljedice zbog rata u Ukrajini. Ratna de\u0161avanja usporavaju i proizvodnju vozila u Njema\u010dkoj, zbog nedostatka dijelova. Pritom se prije svega radi o kablovskim snopovima, jer je va\u017ena lokacija za njihovu proizvodnju na zapadu Ukrajine.<\/p>\n\n\n\n<p>Mogu se o\u010dekivati daljnja ka\u0161njenja u isporukama, ka\u017ee Alexander Marcus, predsjednik Njema\u010dko-ukrajinske industrijske i gospodarske komore.<\/p>\n\n\n\n<p>Pro\u0161log tjedna, kada je rat ve\u0107 po\u010deo, pojedine firme su jo\u0161 uvek proizvodile, dodaje Marcus. Ali on pretpostavlja da \u0107e takvih kompanije biti sve manje. \u201ePo pravilu onda se gasi proizvodnja i prestaje rad u tvrtkama. Onda tamo ostaju jo\u0161 samo \u010duvari\u201c, obja\u0161njava Marcus.<\/p>\n\n\n\n<p>Osim toga, prema navodima DIHK, ostaju i trgovinske barijere koje su nastale tijekom korona pandemije. \u201eIsporuke iz Kine morale bi se poja\u010dano prebaciti na morske rute, \u0161to \u0107e jo\u0161 vi\u0161e pove\u0107ati tro\u0161kove transporta tim putem\u201c, ka\u017ee Treyer.<\/p>\n\n\n\n<p>Ostaje da se vidi ho\u0107e li Kina iskoristiti novonastalu situaciju. Narodna Republika je glavni trgovinski partner Rusije. Mogu\u0107e je da \u0107e se ta suradnja intenzivirati. \u201ePritom \u0107e Kina biti ta koja odre\u0111uje cijene\u201c, jer Rusija je u te\u0161koj situaciji.<\/p>\n\n\n\n<p><strong>Sve vi\u0161e kompanija se povla\u010di iz Rusije<\/strong><\/p>\n\n\n\n<p>Ve\u0107 sada gotovo svakodnevno sti\u017eu vesti o firmama koje obustavljaju poslovanje s Rusijom ili barem ne sklapaju vi\u0161e nove poslove. Pored Volkswagena, i druga velika imena najavljuju povla\u010denje: Mercedes Benz, BMW, SAP ili proizvo\u0111a\u010d turbina Siemens Energy. U priop\u0107enju te kompanije se navodi: \u201eSiemens Energy podr\u017eava stav vlada me\u0111unarodne koalicije o uvo\u0111enju sankcija protiv Rusije. Dok nastavljamo s analizirom opse\u017enih sankcija i njihov utjecaj na na\u0161e poslovanje, zaustavili smo sve nove poslove u Rusiji.\u201c<\/p>\n\n\n\n<p>I mati\u010dna kompanije Siemens je nakon 165 godina partnerstva s Rusijom tako\u0111er obustavila sve nove poslove. To se me\u0111utim ne odnosi na teku\u0107e poslovanje.<\/p>\n\n\n\n<p>Jedan glasnogovornik firme je za njema\u010dki javni servis ARD kazao da se kompanija osje\u0107a odgovornom za zaposlene. Pored toga, postoje i ugovorne obveze, a neki radovi su vrlo va\u017eni za sigurnost, na primjer oni koji se ti\u010du vlakova. U Rusiji Siemens ostvaruje manje od jedan posto svog prometa.<\/p>\n\n\n\n<p><strong>Samo manji broj kompanija odlazi zauvijek<\/strong><\/p>\n\n\n\n<p>Stvari su druga\u010dije kada se radi o Henkelu. U jedanaest proizvodnih pogona, proizvo\u0111a\u010d Persila zapo\u0161ljava 2.500 radnika i u Rusiji ostvaruje pet posto svog prometa. Henkel za sada namjerava nastaviti s poslovanjem u Rusiji i tu odluku tako\u0111er opravdava odgovorno\u0161\u0107u prema zaposlenima.<\/p>\n\n\n\n<p>I mnoge kompanije srednje veli\u010dine koje posluju u Rusiji ne mogu tak tako zatvoriti svoje tvornice.<\/p>\n\n\n\n<p>\u201eVi\u0161e se razmi\u0161lja o tome kako da se poslovanje obustavi na kontroliran na\u010din. Da se ne izgube zaposleni, imid\u017e brenda i reputacija\u201c, ka\u017ee Andreas Knaul iz velike odvjetni\u010dke kancelarije \u201eRedl &amp; partneri\u201c. \u201eMo\u017eda ima slu\u010dajeva da kompanije ka\u017eu odlazimo, ne\u0107emo se vi\u0161e anga\u017eirati u Rusiji, ali to je definitivno ekstremna manjina me\u0111u njema\u010dkim kompanijama.\u201c<\/p>\n\n\n\n<p>Od aneksije Krima 2014. godine, iz Rusije se povukla gotovo pola njema\u010dkih kompanija koje su tamo bile aktivne.<\/p>\n\n\n\n<p>Nakon uvo\u0111enja najnovijih sankcija, Kremlj sada ima na meti strane kompanije u svojoj zemlji. \u201eJedna od konkretnih mjera je da su strane kompanije od 1. sije\u010dnja obvezne 80 posto svoje devizne zarade retroaktivno prebaciti u ruske rublje\u201c, ka\u017ee pravni stru\u010dnjak Knaul. Dakle, u valutu koja je u slobodnom padu. Stoga je trenutno upitno je li poslovanje u Rusiji uop\u0107e isplativo. Uz sve to, ve\u0107ina kompanija se nalazi i pred moralnom dilemom.<\/p>\n\n\n\n<p>Predsjednik Saveznog udru\u017eenja njema\u010dke industrije (BDI) Siegfried Russwurm iznio je stav mnogih odgovornih lica kada je rije\u010d o Rusiji. Mi\u0161ljenje koje prevladava me\u0111u njema\u010dkim gospodarstvenicima je da s re\u017eimom u Moskvi vi\u0161e nije mogu\u0107e poslovati.<\/p>\n\n\n\n<p>Izvor:DW<\/p>\n","protected":false},"excerpt":{"rendered":"<p>Od velikih zapadnih ekonomija, Nema\u010dka najvi\u0161e gubi zbog sankcija prema Rusiji i uru\u0161avanja imid\u017ea te zemlje nakon invazije na Ukrajinu. Ipak, mnoge kompanije poku\u0161avaju da i dalje rade sa Rusijom. Njema\u010dka industrijska i trgovinska komora (DIHK) ra\u010duna sa smanjenjem izvoza zbog ruske invazije na Ukrajinu. Ranije procjene o rastu izvoza od \u0161est posto vi\u0161e nisu [&hellip;]<\/p>\n","protected":false},"author":2,"featured_media":118560,"comment_status":"closed","ping_status":"closed","sticky":false,"template":"","format":"standard","meta":{"h5ap_radio_sources":[],"footnotes":""},"categories":[1],"tags":[],"class_list":["post-118559","post","type-post","status-publish","format-standard","has-post-thumbnail","hentry","category-bihiregija"],"yoast_head":"<!-- This site is optimized with the Yoast SEO plugin v27.5 - https:\/\/yoast.com\/product\/yoast-seo-wordpress\/ -->\n<title>Nema\u010dka: Oko 250.000 radnih mesta zavisi od izvoza u Rusiju - RADIO LJUBU\u0160KI<\/title>\n<meta name=\"robots\" content=\"index, follow, max-snippet:-1, max-image-preview:large, max-video-preview:-1\" \/>\n<link rel=\"canonical\" href=\"https:\/\/radioljubuski.ba\/index.php\/2022\/03\/06\/nemacka-oko-250-000-radnih-mesta-zavisi-od-izvoza-u-rusiju\/\" \/>\n<meta property=\"og:locale\" content=\"hr_HR\" \/>\n<meta property=\"og:type\" content=\"article\" \/>\n<meta property=\"og:title\" content=\"Nema\u010dka: Oko 250.000 radnih mesta zavisi od izvoza u Rusiju - RADIO LJUBU\u0160KI\" \/>\n<meta property=\"og:description\" content=\"Od velikih zapadnih ekonomija, Nema\u010dka najvi\u0161e gubi zbog sankcija prema Rusiji i uru\u0161avanja imid\u017ea te zemlje nakon invazije na Ukrajinu. Ipak, mnoge kompanije poku\u0161avaju da i dalje rade sa Rusijom. Njema\u010dka industrijska i trgovinska komora (DIHK) ra\u010duna sa smanjenjem izvoza zbog ruske invazije na Ukrajinu. Ranije procjene o rastu izvoza od \u0161est posto vi\u0161e nisu [&hellip;]\" \/>\n<meta property=\"og:url\" content=\"https:\/\/radioljubuski.ba\/index.php\/2022\/03\/06\/nemacka-oko-250-000-radnih-mesta-zavisi-od-izvoza-u-rusiju\/\" \/>\n<meta property=\"og:site_name\" content=\"RADIO LJUBU\u0160KI\" \/>\n<meta property=\"article:publisher\" content=\"https:\/\/www.facebook.com\/Radiio-Ljubuski-1490835324566332\" \/>\n<meta property=\"article:published_time\" content=\"2022-03-06T09:49:40+00:00\" \/>\n<meta property=\"article:modified_time\" content=\"2022-03-06T09:49:41+00:00\" \/>\n<meta property=\"og:image\" content=\"https:\/\/radioljubuski.ba\/wp-content\/uploads\/2022\/03\/hcQC63tK_industrija_proizvodnja_posao.jpg\" \/>\n\t<meta property=\"og:image:width\" content=\"1000\" \/>\n\t<meta property=\"og:image:height\" content=\"625\" \/>\n\t<meta property=\"og:image:type\" content=\"image\/jpeg\" \/>\n<meta name=\"author\" content=\"Radio Ljubu\u0161ki\" \/>\n<meta name=\"twitter:card\" content=\"summary_large_image\" \/>\n<meta name=\"twitter:creator\" content=\"@radioljubuski\" \/>\n<meta name=\"twitter:site\" content=\"@radioljubuski\" \/>\n<meta name=\"twitter:label1\" content=\"Napisao\/la\" \/>\n\t<meta name=\"twitter:data1\" content=\"Radio Ljubu\u0161ki\" \/>\n\t<meta name=\"twitter:label2\" content=\"Procijenjeno vrijeme \u010ditanja\" \/>\n\t<meta name=\"twitter:data2\" content=\"4 minute\" \/>\n<script type=\"application\/ld+json\" class=\"yoast-schema-graph\">{\"@context\":\"https:\\\/\\\/schema.org\",\"@graph\":[{\"@type\":\"Article\",\"@id\":\"https:\\\/\\\/radioljubuski.ba\\\/index.php\\\/2022\\\/03\\\/06\\\/nemacka-oko-250-000-radnih-mesta-zavisi-od-izvoza-u-rusiju\\\/#article\",\"isPartOf\":{\"@id\":\"https:\\\/\\\/radioljubuski.ba\\\/index.php\\\/2022\\\/03\\\/06\\\/nemacka-oko-250-000-radnih-mesta-zavisi-od-izvoza-u-rusiju\\\/\"},\"author\":{\"name\":\"Radio Ljubu\u0161ki\",\"@id\":\"https:\\\/\\\/radioljubuski.ba\\\/#\\\/schema\\\/person\\\/19fc700381a780f69665d7956c469e3b\"},\"headline\":\"Nema\u010dka: Oko 250.000 radnih mesta zavisi od izvoza u Rusiju\",\"datePublished\":\"2022-03-06T09:49:40+00:00\",\"dateModified\":\"2022-03-06T09:49:41+00:00\",\"mainEntityOfPage\":{\"@id\":\"https:\\\/\\\/radioljubuski.ba\\\/index.php\\\/2022\\\/03\\\/06\\\/nemacka-oko-250-000-radnih-mesta-zavisi-od-izvoza-u-rusiju\\\/\"},\"wordCount\":839,\"publisher\":{\"@id\":\"https:\\\/\\\/radioljubuski.ba\\\/#organization\"},\"image\":{\"@id\":\"https:\\\/\\\/radioljubuski.ba\\\/index.php\\\/2022\\\/03\\\/06\\\/nemacka-oko-250-000-radnih-mesta-zavisi-od-izvoza-u-rusiju\\\/#primaryimage\"},\"thumbnailUrl\":\"https:\\\/\\\/radioljubuski.ba\\\/wp-content\\\/uploads\\\/2022\\\/03\\\/hcQC63tK_industrija_proizvodnja_posao.jpg\",\"articleSection\":[\"BIH i regija\"],\"inLanguage\":\"hr\"},{\"@type\":\"WebPage\",\"@id\":\"https:\\\/\\\/radioljubuski.ba\\\/index.php\\\/2022\\\/03\\\/06\\\/nemacka-oko-250-000-radnih-mesta-zavisi-od-izvoza-u-rusiju\\\/\",\"url\":\"https:\\\/\\\/radioljubuski.ba\\\/index.php\\\/2022\\\/03\\\/06\\\/nemacka-oko-250-000-radnih-mesta-zavisi-od-izvoza-u-rusiju\\\/\",\"name\":\"Nema\u010dka: Oko 250.000 radnih mesta zavisi od izvoza u Rusiju - RADIO LJUBU\u0160KI\",\"isPartOf\":{\"@id\":\"https:\\\/\\\/radioljubuski.ba\\\/#website\"},\"primaryImageOfPage\":{\"@id\":\"https:\\\/\\\/radioljubuski.ba\\\/index.php\\\/2022\\\/03\\\/06\\\/nemacka-oko-250-000-radnih-mesta-zavisi-od-izvoza-u-rusiju\\\/#primaryimage\"},\"image\":{\"@id\":\"https:\\\/\\\/radioljubuski.ba\\\/index.php\\\/2022\\\/03\\\/06\\\/nemacka-oko-250-000-radnih-mesta-zavisi-od-izvoza-u-rusiju\\\/#primaryimage\"},\"thumbnailUrl\":\"https:\\\/\\\/radioljubuski.ba\\\/wp-content\\\/uploads\\\/2022\\\/03\\\/hcQC63tK_industrija_proizvodnja_posao.jpg\",\"datePublished\":\"2022-03-06T09:49:40+00:00\",\"dateModified\":\"2022-03-06T09:49:41+00:00\",\"breadcrumb\":{\"@id\":\"https:\\\/\\\/radioljubuski.ba\\\/index.php\\\/2022\\\/03\\\/06\\\/nemacka-oko-250-000-radnih-mesta-zavisi-od-izvoza-u-rusiju\\\/#breadcrumb\"},\"inLanguage\":\"hr\",\"potentialAction\":[{\"@type\":\"ReadAction\",\"target\":[\"https:\\\/\\\/radioljubuski.ba\\\/index.php\\\/2022\\\/03\\\/06\\\/nemacka-oko-250-000-radnih-mesta-zavisi-od-izvoza-u-rusiju\\\/\"]}]},{\"@type\":\"ImageObject\",\"inLanguage\":\"hr\",\"@id\":\"https:\\\/\\\/radioljubuski.ba\\\/index.php\\\/2022\\\/03\\\/06\\\/nemacka-oko-250-000-radnih-mesta-zavisi-od-izvoza-u-rusiju\\\/#primaryimage\",\"url\":\"https:\\\/\\\/radioljubuski.ba\\\/wp-content\\\/uploads\\\/2022\\\/03\\\/hcQC63tK_industrija_proizvodnja_posao.jpg\",\"contentUrl\":\"https:\\\/\\\/radioljubuski.ba\\\/wp-content\\\/uploads\\\/2022\\\/03\\\/hcQC63tK_industrija_proizvodnja_posao.jpg\",\"width\":1000,\"height\":625},{\"@type\":\"BreadcrumbList\",\"@id\":\"https:\\\/\\\/radioljubuski.ba\\\/index.php\\\/2022\\\/03\\\/06\\\/nemacka-oko-250-000-radnih-mesta-zavisi-od-izvoza-u-rusiju\\\/#breadcrumb\",\"itemListElement\":[{\"@type\":\"ListItem\",\"position\":1,\"name\":\"Po\u010detna stranica\",\"item\":\"https:\\\/\\\/radioljubuski.ba\\\/\"},{\"@type\":\"ListItem\",\"position\":2,\"name\":\"Nema\u010dka: Oko 250.000 radnih mesta zavisi od izvoza u Rusiju\"}]},{\"@type\":\"WebSite\",\"@id\":\"https:\\\/\\\/radioljubuski.ba\\\/#website\",\"url\":\"https:\\\/\\\/radioljubuski.ba\\\/\",\"name\":\"Radio Ljubu\u0161ki\",\"description\":\"Sun\u010dana frekvencija Hercegovine\",\"publisher\":{\"@id\":\"https:\\\/\\\/radioljubuski.ba\\\/#organization\"},\"potentialAction\":[{\"@type\":\"SearchAction\",\"target\":{\"@type\":\"EntryPoint\",\"urlTemplate\":\"https:\\\/\\\/radioljubuski.ba\\\/?s={search_term_string}\"},\"query-input\":{\"@type\":\"PropertyValueSpecification\",\"valueRequired\":true,\"valueName\":\"search_term_string\"}}],\"inLanguage\":\"hr\"},{\"@type\":\"Organization\",\"@id\":\"https:\\\/\\\/radioljubuski.ba\\\/#organization\",\"name\":\"Radio Ljubu\u0161ki\",\"url\":\"https:\\\/\\\/radioljubuski.ba\\\/\",\"logo\":{\"@type\":\"ImageObject\",\"inLanguage\":\"hr\",\"@id\":\"https:\\\/\\\/radioljubuski.ba\\\/#\\\/schema\\\/logo\\\/image\\\/\",\"url\":\"https:\\\/\\\/radioljubuski.ba\\\/wp-content\\\/uploads\\\/2021\\\/02\\\/cropped-Radio_Ljubuski_logo1.jpg\",\"contentUrl\":\"https:\\\/\\\/radioljubuski.ba\\\/wp-content\\\/uploads\\\/2021\\\/02\\\/cropped-Radio_Ljubuski_logo1.jpg\",\"width\":512,\"height\":512,\"caption\":\"Radio Ljubu\u0161ki\"},\"image\":{\"@id\":\"https:\\\/\\\/radioljubuski.ba\\\/#\\\/schema\\\/logo\\\/image\\\/\"},\"sameAs\":[\"https:\\\/\\\/www.facebook.com\\\/Radiio-Ljubuski-1490835324566332\",\"https:\\\/\\\/x.com\\\/radioljubuski\",\"https:\\\/\\\/hr.linkedin.com\\\/company\\\/radio-ljubuski\",\"https:\\\/\\\/www.youtube.com\\\/channel\\\/UCHYaeO_n0Db3tjNGudGpXyw\"]},{\"@type\":\"Person\",\"@id\":\"https:\\\/\\\/radioljubuski.ba\\\/#\\\/schema\\\/person\\\/19fc700381a780f69665d7956c469e3b\",\"name\":\"Radio Ljubu\u0161ki\"}]}<\/script>\n<!-- \/ Yoast SEO plugin. -->","yoast_head_json":{"title":"Nema\u010dka: Oko 250.000 radnih mesta zavisi od izvoza u Rusiju - RADIO LJUBU\u0160KI","robots":{"index":"index","follow":"follow","max-snippet":"max-snippet:-1","max-image-preview":"max-image-preview:large","max-video-preview":"max-video-preview:-1"},"canonical":"https:\/\/radioljubuski.ba\/index.php\/2022\/03\/06\/nemacka-oko-250-000-radnih-mesta-zavisi-od-izvoza-u-rusiju\/","og_locale":"hr_HR","og_type":"article","og_title":"Nema\u010dka: Oko 250.000 radnih mesta zavisi od izvoza u Rusiju - RADIO LJUBU\u0160KI","og_description":"Od velikih zapadnih ekonomija, Nema\u010dka najvi\u0161e gubi zbog sankcija prema Rusiji i uru\u0161avanja imid\u017ea te zemlje nakon invazije na Ukrajinu. Ipak, mnoge kompanije poku\u0161avaju da i dalje rade sa Rusijom. Njema\u010dka industrijska i trgovinska komora (DIHK) ra\u010duna sa smanjenjem izvoza zbog ruske invazije na Ukrajinu. Ranije procjene o rastu izvoza od \u0161est posto vi\u0161e nisu [&hellip;]","og_url":"https:\/\/radioljubuski.ba\/index.php\/2022\/03\/06\/nemacka-oko-250-000-radnih-mesta-zavisi-od-izvoza-u-rusiju\/","og_site_name":"RADIO LJUBU\u0160KI","article_publisher":"https:\/\/www.facebook.com\/Radiio-Ljubuski-1490835324566332","article_published_time":"2022-03-06T09:49:40+00:00","article_modified_time":"2022-03-06T09:49:41+00:00","og_image":[{"width":1000,"height":625,"url":"https:\/\/radioljubuski.ba\/wp-content\/uploads\/2022\/03\/hcQC63tK_industrija_proizvodnja_posao.jpg","type":"image\/jpeg"}],"author":"Radio Ljubu\u0161ki","twitter_card":"summary_large_image","twitter_creator":"@radioljubuski","twitter_site":"@radioljubuski","twitter_misc":{"Napisao\/la":"Radio Ljubu\u0161ki","Procijenjeno vrijeme \u010ditanja":"4 minute"},"schema":{"@context":"https:\/\/schema.org","@graph":[{"@type":"Article","@id":"https:\/\/radioljubuski.ba\/index.php\/2022\/03\/06\/nemacka-oko-250-000-radnih-mesta-zavisi-od-izvoza-u-rusiju\/#article","isPartOf":{"@id":"https:\/\/radioljubuski.ba\/index.php\/2022\/03\/06\/nemacka-oko-250-000-radnih-mesta-zavisi-od-izvoza-u-rusiju\/"},"author":{"name":"Radio Ljubu\u0161ki","@id":"https:\/\/radioljubuski.ba\/#\/schema\/person\/19fc700381a780f69665d7956c469e3b"},"headline":"Nema\u010dka: Oko 250.000 radnih mesta zavisi od izvoza u Rusiju","datePublished":"2022-03-06T09:49:40+00:00","dateModified":"2022-03-06T09:49:41+00:00","mainEntityOfPage":{"@id":"https:\/\/radioljubuski.ba\/index.php\/2022\/03\/06\/nemacka-oko-250-000-radnih-mesta-zavisi-od-izvoza-u-rusiju\/"},"wordCount":839,"publisher":{"@id":"https:\/\/radioljubuski.ba\/#organization"},"image":{"@id":"https:\/\/radioljubuski.ba\/index.php\/2022\/03\/06\/nemacka-oko-250-000-radnih-mesta-zavisi-od-izvoza-u-rusiju\/#primaryimage"},"thumbnailUrl":"https:\/\/radioljubuski.ba\/wp-content\/uploads\/2022\/03\/hcQC63tK_industrija_proizvodnja_posao.jpg","articleSection":["BIH i regija"],"inLanguage":"hr"},{"@type":"WebPage","@id":"https:\/\/radioljubuski.ba\/index.php\/2022\/03\/06\/nemacka-oko-250-000-radnih-mesta-zavisi-od-izvoza-u-rusiju\/","url":"https:\/\/radioljubuski.ba\/index.php\/2022\/03\/06\/nemacka-oko-250-000-radnih-mesta-zavisi-od-izvoza-u-rusiju\/","name":"Nema\u010dka: Oko 250.000 radnih mesta zavisi od izvoza u Rusiju - RADIO LJUBU\u0160KI","isPartOf":{"@id":"https:\/\/radioljubuski.ba\/#website"},"primaryImageOfPage":{"@id":"https:\/\/radioljubuski.ba\/index.php\/2022\/03\/06\/nemacka-oko-250-000-radnih-mesta-zavisi-od-izvoza-u-rusiju\/#primaryimage"},"image":{"@id":"https:\/\/radioljubuski.ba\/index.php\/2022\/03\/06\/nemacka-oko-250-000-radnih-mesta-zavisi-od-izvoza-u-rusiju\/#primaryimage"},"thumbnailUrl":"https:\/\/radioljubuski.ba\/wp-content\/uploads\/2022\/03\/hcQC63tK_industrija_proizvodnja_posao.jpg","datePublished":"2022-03-06T09:49:40+00:00","dateModified":"2022-03-06T09:49:41+00:00","breadcrumb":{"@id":"https:\/\/radioljubuski.ba\/index.php\/2022\/03\/06\/nemacka-oko-250-000-radnih-mesta-zavisi-od-izvoza-u-rusiju\/#breadcrumb"},"inLanguage":"hr","potentialAction":[{"@type":"ReadAction","target":["https:\/\/radioljubuski.ba\/index.php\/2022\/03\/06\/nemacka-oko-250-000-radnih-mesta-zavisi-od-izvoza-u-rusiju\/"]}]},{"@type":"ImageObject","inLanguage":"hr","@id":"https:\/\/radioljubuski.ba\/index.php\/2022\/03\/06\/nemacka-oko-250-000-radnih-mesta-zavisi-od-izvoza-u-rusiju\/#primaryimage","url":"https:\/\/radioljubuski.ba\/wp-content\/uploads\/2022\/03\/hcQC63tK_industrija_proizvodnja_posao.jpg","contentUrl":"https:\/\/radioljubuski.ba\/wp-content\/uploads\/2022\/03\/hcQC63tK_industrija_proizvodnja_posao.jpg","width":1000,"height":625},{"@type":"BreadcrumbList","@id":"https:\/\/radioljubuski.ba\/index.php\/2022\/03\/06\/nemacka-oko-250-000-radnih-mesta-zavisi-od-izvoza-u-rusiju\/#breadcrumb","itemListElement":[{"@type":"ListItem","position":1,"name":"Po\u010detna stranica","item":"https:\/\/radioljubuski.ba\/"},{"@type":"ListItem","position":2,"name":"Nema\u010dka: Oko 250.000 radnih mesta zavisi od izvoza u Rusiju"}]},{"@type":"WebSite","@id":"https:\/\/radioljubuski.ba\/#website","url":"https:\/\/radioljubuski.ba\/","name":"Radio Ljubu\u0161ki","description":"Sun\u010dana frekvencija Hercegovine","publisher":{"@id":"https:\/\/radioljubuski.ba\/#organization"},"potentialAction":[{"@type":"SearchAction","target":{"@type":"EntryPoint","urlTemplate":"https:\/\/radioljubuski.ba\/?s={search_term_string}"},"query-input":{"@type":"PropertyValueSpecification","valueRequired":true,"valueName":"search_term_string"}}],"inLanguage":"hr"},{"@type":"Organization","@id":"https:\/\/radioljubuski.ba\/#organization","name":"Radio Ljubu\u0161ki","url":"https:\/\/radioljubuski.ba\/","logo":{"@type":"ImageObject","inLanguage":"hr","@id":"https:\/\/radioljubuski.ba\/#\/schema\/logo\/image\/","url":"https:\/\/radioljubuski.ba\/wp-content\/uploads\/2021\/02\/cropped-Radio_Ljubuski_logo1.jpg","contentUrl":"https:\/\/radioljubuski.ba\/wp-content\/uploads\/2021\/02\/cropped-Radio_Ljubuski_logo1.jpg","width":512,"height":512,"caption":"Radio Ljubu\u0161ki"},"image":{"@id":"https:\/\/radioljubuski.ba\/#\/schema\/logo\/image\/"},"sameAs":["https:\/\/www.facebook.com\/Radiio-Ljubuski-1490835324566332","https:\/\/x.com\/radioljubuski","https:\/\/hr.linkedin.com\/company\/radio-ljubuski","https:\/\/www.youtube.com\/channel\/UCHYaeO_n0Db3tjNGudGpXyw"]},{"@type":"Person","@id":"https:\/\/radioljubuski.ba\/#\/schema\/person\/19fc700381a780f69665d7956c469e3b","name":"Radio Ljubu\u0161ki"}]}},"_links":{"self":[{"href":"https:\/\/radioljubuski.ba\/index.php\/wp-json\/wp\/v2\/posts\/118559","targetHints":{"allow":["GET"]}}],"collection":[{"href":"https:\/\/radioljubuski.ba\/index.php\/wp-json\/wp\/v2\/posts"}],"about":[{"href":"https:\/\/radioljubuski.ba\/index.php\/wp-json\/wp\/v2\/types\/post"}],"author":[{"embeddable":true,"href":"https:\/\/radioljubuski.ba\/index.php\/wp-json\/wp\/v2\/users\/2"}],"replies":[{"embeddable":true,"href":"https:\/\/radioljubuski.ba\/index.php\/wp-json\/wp\/v2\/comments?post=118559"}],"version-history":[{"count":1,"href":"https:\/\/radioljubuski.ba\/index.php\/wp-json\/wp\/v2\/posts\/118559\/revisions"}],"predecessor-version":[{"id":118561,"href":"https:\/\/radioljubuski.ba\/index.php\/wp-json\/wp\/v2\/posts\/118559\/revisions\/118561"}],"wp:featuredmedia":[{"embeddable":true,"href":"https:\/\/radioljubuski.ba\/index.php\/wp-json\/wp\/v2\/media\/118560"}],"wp:attachment":[{"href":"https:\/\/radioljubuski.ba\/index.php\/wp-json\/wp\/v2\/media?parent=118559"}],"wp:term":[{"taxonomy":"category","embeddable":true,"href":"https:\/\/radioljubuski.ba\/index.php\/wp-json\/wp\/v2\/categories?post=118559"},{"taxonomy":"post_tag","embeddable":true,"href":"https:\/\/radioljubuski.ba\/index.php\/wp-json\/wp\/v2\/tags?post=118559"}],"curies":[{"name":"wp","href":"https:\/\/api.w.org\/{rel}","templated":true}]}}