{"id":118562,"date":"2022-03-06T10:50:48","date_gmt":"2022-03-06T09:50:48","guid":{"rendered":"https:\/\/radioljubuski.ba\/?p=118562"},"modified":"2022-03-06T10:50:49","modified_gmt":"2022-03-06T09:50:49","slug":"dolar-jen-i-franak-rastu-a-euro-i-rublja-dotakle-dno-rat-u-ukrajini-radi-kaos-na-tecajnim-listama","status":"publish","type":"post","link":"https:\/\/radioljubuski.ba\/index.php\/2022\/03\/06\/dolar-jen-i-franak-rastu-a-euro-i-rublja-dotakle-dno-rat-u-ukrajini-radi-kaos-na-tecajnim-listama\/","title":{"rendered":"Dolar, jen i franak rastu, a euro i rublja dotakle dno: Rat u Ukrajini radi kaos na te\u010dajnim listama"},"content":{"rendered":"\n<p>Na svjetskim je tr\u017ei\u0161tima vrijednost dolara prema ko\u0161arici valuta pro\u0161loga tjedna sna\u017eno porasla, dok je te\u010daj eura o\u0161tro pao jer je rat u Ukrajini usmjerio ulaga\u010de prema valutama koje se smatraju sigurnijim uto\u010di\u0161tima za kapital u nesigurna vremena.<\/p>\n\n\n\n<p>Dolarov indeks, koji pokazuje kretanje vrijednosti ameri\u010dke prema ostalih \u0161est najva\u017enijih svjetskih valuta, oja\u010dao je pro\u0161loga tjedna vi\u0161e od 2 posto, pa je u jednom trenutku dosegnuo 98,80 bodova, najvi\u0161u razinu od svibnja 2020. godine.<\/p>\n\n\n\n<p>Pritom je te\u010daj dolara prema japanskoj valuti oslabio 0,6 posto, na 114,85 jena.<\/p>\n\n\n\n<p>No, ameri\u010dka je valuta sna\u017eno oja\u010dala u odnosu na europsku, pa je cijena eura potonula oko 3 posto, na 1,0928 dolara, najni\u017eu razinu od svibnja 2020. godine.<\/p>\n\n\n\n<p>U fokusu ulaga\u010da bili su daljnji napadi ruske vojske na ukrajinske gradove, \u0161to je na financijskim tr\u017ei\u0161tima izazvalo povla\u010denje kapitala iz rizi\u010dnijih investicija, kao \u0161to su dionice, pa su svjetske burze pro\u0161loga tjedna o\u0161tro pale.<\/p>\n\n\n\n<p>S druge strane, porasle su cijene onih investicija, kao i pojedinih valuta koje se smatraju sigurnijim uto\u010di\u0161tima za kapital u nesigurna vremena.<\/p>\n\n\n\n<p>Zbog toga su na valutnim tr\u017ei\u0161tima oja\u010dale ameri\u010dka, japanska i \u0161vicarska valuta.<\/p>\n\n\n\n<p>Europske valute pod pritiskom<\/p>\n\n\n\n<p>Euro je, pak, pod pritiskom budu\u0107i da je rat u Ukrajini smanjio o\u010dekivanja u vezi gospodarskog rasta eurozone.<\/p>\n\n\n\n<p>\u201eEuro se na\u0161ao u epicentru nesklonosti ulaga\u010da prema riziku. S obzirom da cijene energenata rastu, a da se Europska sredi\u0161nja banka suzdr\u017eava od pove\u0107anja kamata, euro bi mogao dodatno oslabiti\u201d, ka\u017ee Neil Jones, direktor u tvrtki Mizuho.<\/p>\n\n\n\n<p>Po rije\u010dima analiti\u010dara, u\u010dinci rasta cijena energije i plina vjerojatno \u0107e potkopati izglede za europsku potro\u0161nju i gospodarski rast.<\/p>\n\n\n\n<p>Zbog toga su se pod pritiskom na\u0161le i druge europske valute. \u010ce\u0161ka sredi\u0161nja banka intervenirala je u petak na tr\u017ei\u0161tima kako bi zaustavila slabljenje krune, \u010diji je te\u010daj prema dolaru pao na najni\u017ee razine u gotovo 20 mjeseci.<\/p>\n\n\n\n<p>Intervenirala je i poljska sredi\u0161nja banka, no te\u010daj zlota prema euru ipak je skliznuo na najni\u017eu razinu u 13 godina.<\/p>\n\n\n\n<p>A kako je te\u010daj ma\u0111arske forinte potonuo na rekordno niske razine, ma\u0111arska sredi\u0161nja banka agresivno je pove\u0107ala kamatne stope.<\/p>\n\n\n\n<p>Zbog toga se sve vi\u0161e \u0161pekulira da \u0107e i Europska sredi\u0161nja banka morati pove\u0107ati kamate prije nego \u0161to se o\u010dekivalo.<\/p>\n\n\n\n<p>&#8220;ECB ne\u0107e imati drugog izbora doli razmotriti ovaj nagli rast inflacije, ali Fed ne\u0107e odgoditi svoje planove, pa \u0107emo ponovno svjedo\u010diti ve\u0107im razlikama u monetarnim politikama&#8221;, rekao je Mike Kelly, analiti\u010dar u PineBridge Investmentsu.<\/p>\n\n\n\n<p>Iako tr\u017ei\u0161ta novca ne o\u010dekuju pove\u0107anje kamatnih stopa na sljede\u0107oj sjednici ECB-a, sigurno je da \u0107e ameri\u010dki Fed pove\u0107ati kamatne stope na sastanku od 15. do 16. o\u017eujka, prvi put nakon izbijanja pandemije koronavirusa.<\/p>\n\n\n\n<p>Predsjednik ameri\u010dke sredi\u0161nje banke Jerome Powell poru\u010dio je da \u0107e poduprijeti po\u010detno pove\u0107anje referentne stope za \u010detvrtinu postotnog boda.<\/p>\n\n\n\n<p>Ruska valuta nikad slabija<\/p>\n\n\n\n<p>Zbog rata u Ukrajini i sankcija, te\u010daj ruskog rublja pao je tijekom tjedna na rekordno niske razine, oko 118 rubalja za dolar.<\/p>\n\n\n\n<p>Ruska sredi\u0161nja banka o\u0161tro je pove\u0107ala kamatne stope i poku\u0161ava podr\u017eati likvidnost na ruskom financijskom tr\u017ei\u0161tu, no zbog sankcija su njezine mogu\u0107nosti ograni\u010dene.<\/p>\n\n\n\n<p>Tijekom tjedna je agencija S&amp;P snizila kreditni rejting Rusije dublje u \u0161pekulativno, neinvesticijsko podru\u010dje.<\/p>\n\n\n\n<p>Izvor:pogled.ba<\/p>\n","protected":false},"excerpt":{"rendered":"<p>Na svjetskim je tr\u017ei\u0161tima vrijednost dolara prema ko\u0161arici valuta pro\u0161loga tjedna sna\u017eno porasla, dok je te\u010daj eura o\u0161tro pao jer je rat u Ukrajini usmjerio ulaga\u010de prema valutama koje se smatraju sigurnijim uto\u010di\u0161tima za kapital u nesigurna vremena. Dolarov indeks, koji pokazuje kretanje vrijednosti ameri\u010dke prema ostalih \u0161est najva\u017enijih svjetskih valuta, oja\u010dao je pro\u0161loga tjedna [&hellip;]<\/p>\n","protected":false},"author":2,"featured_media":26208,"comment_status":"closed","ping_status":"closed","sticky":false,"template":"","format":"standard","meta":{"h5ap_radio_sources":[],"footnotes":""},"categories":[1],"tags":[],"class_list":["post-118562","post","type-post","status-publish","format-standard","has-post-thumbnail","hentry","category-bihiregija"],"yoast_head":"<!-- This site is optimized with the Yoast SEO plugin v27.5 - https:\/\/yoast.com\/product\/yoast-seo-wordpress\/ -->\n<title>Dolar, jen i franak rastu, a euro i rublja dotakle dno: Rat u Ukrajini radi kaos na te\u010dajnim listama - RADIO LJUBU\u0160KI<\/title>\n<meta name=\"robots\" content=\"index, follow, max-snippet:-1, max-image-preview:large, max-video-preview:-1\" \/>\n<link rel=\"canonical\" href=\"https:\/\/radioljubuski.ba\/index.php\/2022\/03\/06\/dolar-jen-i-franak-rastu-a-euro-i-rublja-dotakle-dno-rat-u-ukrajini-radi-kaos-na-tecajnim-listama\/\" \/>\n<meta property=\"og:locale\" content=\"hr_HR\" \/>\n<meta property=\"og:type\" content=\"article\" \/>\n<meta property=\"og:title\" content=\"Dolar, jen i franak rastu, a euro i rublja dotakle dno: Rat u Ukrajini radi kaos na te\u010dajnim listama - RADIO LJUBU\u0160KI\" \/>\n<meta property=\"og:description\" content=\"Na svjetskim je tr\u017ei\u0161tima vrijednost dolara prema ko\u0161arici valuta pro\u0161loga tjedna sna\u017eno porasla, dok je te\u010daj eura o\u0161tro pao jer je rat u Ukrajini usmjerio ulaga\u010de prema valutama koje se smatraju sigurnijim uto\u010di\u0161tima za kapital u nesigurna vremena. Dolarov indeks, koji pokazuje kretanje vrijednosti ameri\u010dke prema ostalih \u0161est najva\u017enijih svjetskih valuta, oja\u010dao je pro\u0161loga tjedna [&hellip;]\" \/>\n<meta property=\"og:url\" content=\"https:\/\/radioljubuski.ba\/index.php\/2022\/03\/06\/dolar-jen-i-franak-rastu-a-euro-i-rublja-dotakle-dno-rat-u-ukrajini-radi-kaos-na-tecajnim-listama\/\" \/>\n<meta property=\"og:site_name\" content=\"RADIO LJUBU\u0160KI\" \/>\n<meta property=\"article:publisher\" content=\"https:\/\/www.facebook.com\/Radiio-Ljubuski-1490835324566332\" \/>\n<meta property=\"article:published_time\" content=\"2022-03-06T09:50:48+00:00\" \/>\n<meta property=\"article:modified_time\" content=\"2022-03-06T09:50:49+00:00\" \/>\n<meta property=\"og:image\" content=\"https:\/\/radioljubuski.ba\/wp-content\/uploads\/2021\/05\/SAOzpk1G_euri.jpg\" \/>\n\t<meta property=\"og:image:width\" content=\"1000\" \/>\n\t<meta property=\"og:image:height\" content=\"625\" \/>\n\t<meta property=\"og:image:type\" content=\"image\/jpeg\" \/>\n<meta name=\"author\" content=\"Radio Ljubu\u0161ki\" \/>\n<meta name=\"twitter:card\" content=\"summary_large_image\" \/>\n<meta name=\"twitter:creator\" content=\"@radioljubuski\" \/>\n<meta name=\"twitter:site\" content=\"@radioljubuski\" \/>\n<meta name=\"twitter:label1\" content=\"Napisao\/la\" \/>\n\t<meta name=\"twitter:data1\" content=\"Radio Ljubu\u0161ki\" \/>\n\t<meta name=\"twitter:label2\" content=\"Procijenjeno vrijeme \u010ditanja\" \/>\n\t<meta name=\"twitter:data2\" content=\"3 minute\" \/>\n<script type=\"application\/ld+json\" class=\"yoast-schema-graph\">{\"@context\":\"https:\\\/\\\/schema.org\",\"@graph\":[{\"@type\":\"Article\",\"@id\":\"https:\\\/\\\/radioljubuski.ba\\\/index.php\\\/2022\\\/03\\\/06\\\/dolar-jen-i-franak-rastu-a-euro-i-rublja-dotakle-dno-rat-u-ukrajini-radi-kaos-na-tecajnim-listama\\\/#article\",\"isPartOf\":{\"@id\":\"https:\\\/\\\/radioljubuski.ba\\\/index.php\\\/2022\\\/03\\\/06\\\/dolar-jen-i-franak-rastu-a-euro-i-rublja-dotakle-dno-rat-u-ukrajini-radi-kaos-na-tecajnim-listama\\\/\"},\"author\":{\"name\":\"Radio Ljubu\u0161ki\",\"@id\":\"https:\\\/\\\/radioljubuski.ba\\\/#\\\/schema\\\/person\\\/19fc700381a780f69665d7956c469e3b\"},\"headline\":\"Dolar, jen i franak rastu, a euro i rublja dotakle dno: Rat u Ukrajini radi kaos na te\u010dajnim listama\",\"datePublished\":\"2022-03-06T09:50:48+00:00\",\"dateModified\":\"2022-03-06T09:50:49+00:00\",\"mainEntityOfPage\":{\"@id\":\"https:\\\/\\\/radioljubuski.ba\\\/index.php\\\/2022\\\/03\\\/06\\\/dolar-jen-i-franak-rastu-a-euro-i-rublja-dotakle-dno-rat-u-ukrajini-radi-kaos-na-tecajnim-listama\\\/\"},\"wordCount\":613,\"publisher\":{\"@id\":\"https:\\\/\\\/radioljubuski.ba\\\/#organization\"},\"image\":{\"@id\":\"https:\\\/\\\/radioljubuski.ba\\\/index.php\\\/2022\\\/03\\\/06\\\/dolar-jen-i-franak-rastu-a-euro-i-rublja-dotakle-dno-rat-u-ukrajini-radi-kaos-na-tecajnim-listama\\\/#primaryimage\"},\"thumbnailUrl\":\"https:\\\/\\\/radioljubuski.ba\\\/wp-content\\\/uploads\\\/2021\\\/05\\\/SAOzpk1G_euri.jpg\",\"articleSection\":[\"BIH i regija\"],\"inLanguage\":\"hr\"},{\"@type\":\"WebPage\",\"@id\":\"https:\\\/\\\/radioljubuski.ba\\\/index.php\\\/2022\\\/03\\\/06\\\/dolar-jen-i-franak-rastu-a-euro-i-rublja-dotakle-dno-rat-u-ukrajini-radi-kaos-na-tecajnim-listama\\\/\",\"url\":\"https:\\\/\\\/radioljubuski.ba\\\/index.php\\\/2022\\\/03\\\/06\\\/dolar-jen-i-franak-rastu-a-euro-i-rublja-dotakle-dno-rat-u-ukrajini-radi-kaos-na-tecajnim-listama\\\/\",\"name\":\"Dolar, jen i franak rastu, a euro i rublja dotakle dno: Rat u Ukrajini radi kaos na te\u010dajnim listama - RADIO LJUBU\u0160KI\",\"isPartOf\":{\"@id\":\"https:\\\/\\\/radioljubuski.ba\\\/#website\"},\"primaryImageOfPage\":{\"@id\":\"https:\\\/\\\/radioljubuski.ba\\\/index.php\\\/2022\\\/03\\\/06\\\/dolar-jen-i-franak-rastu-a-euro-i-rublja-dotakle-dno-rat-u-ukrajini-radi-kaos-na-tecajnim-listama\\\/#primaryimage\"},\"image\":{\"@id\":\"https:\\\/\\\/radioljubuski.ba\\\/index.php\\\/2022\\\/03\\\/06\\\/dolar-jen-i-franak-rastu-a-euro-i-rublja-dotakle-dno-rat-u-ukrajini-radi-kaos-na-tecajnim-listama\\\/#primaryimage\"},\"thumbnailUrl\":\"https:\\\/\\\/radioljubuski.ba\\\/wp-content\\\/uploads\\\/2021\\\/05\\\/SAOzpk1G_euri.jpg\",\"datePublished\":\"2022-03-06T09:50:48+00:00\",\"dateModified\":\"2022-03-06T09:50:49+00:00\",\"breadcrumb\":{\"@id\":\"https:\\\/\\\/radioljubuski.ba\\\/index.php\\\/2022\\\/03\\\/06\\\/dolar-jen-i-franak-rastu-a-euro-i-rublja-dotakle-dno-rat-u-ukrajini-radi-kaos-na-tecajnim-listama\\\/#breadcrumb\"},\"inLanguage\":\"hr\",\"potentialAction\":[{\"@type\":\"ReadAction\",\"target\":[\"https:\\\/\\\/radioljubuski.ba\\\/index.php\\\/2022\\\/03\\\/06\\\/dolar-jen-i-franak-rastu-a-euro-i-rublja-dotakle-dno-rat-u-ukrajini-radi-kaos-na-tecajnim-listama\\\/\"]}]},{\"@type\":\"ImageObject\",\"inLanguage\":\"hr\",\"@id\":\"https:\\\/\\\/radioljubuski.ba\\\/index.php\\\/2022\\\/03\\\/06\\\/dolar-jen-i-franak-rastu-a-euro-i-rublja-dotakle-dno-rat-u-ukrajini-radi-kaos-na-tecajnim-listama\\\/#primaryimage\",\"url\":\"https:\\\/\\\/radioljubuski.ba\\\/wp-content\\\/uploads\\\/2021\\\/05\\\/SAOzpk1G_euri.jpg\",\"contentUrl\":\"https:\\\/\\\/radioljubuski.ba\\\/wp-content\\\/uploads\\\/2021\\\/05\\\/SAOzpk1G_euri.jpg\",\"width\":1000,\"height\":625},{\"@type\":\"BreadcrumbList\",\"@id\":\"https:\\\/\\\/radioljubuski.ba\\\/index.php\\\/2022\\\/03\\\/06\\\/dolar-jen-i-franak-rastu-a-euro-i-rublja-dotakle-dno-rat-u-ukrajini-radi-kaos-na-tecajnim-listama\\\/#breadcrumb\",\"itemListElement\":[{\"@type\":\"ListItem\",\"position\":1,\"name\":\"Po\u010detna stranica\",\"item\":\"https:\\\/\\\/radioljubuski.ba\\\/\"},{\"@type\":\"ListItem\",\"position\":2,\"name\":\"Dolar, jen i franak rastu, a euro i rublja dotakle dno: Rat u Ukrajini radi kaos na te\u010dajnim listama\"}]},{\"@type\":\"WebSite\",\"@id\":\"https:\\\/\\\/radioljubuski.ba\\\/#website\",\"url\":\"https:\\\/\\\/radioljubuski.ba\\\/\",\"name\":\"Radio Ljubu\u0161ki\",\"description\":\"Sun\u010dana frekvencija Hercegovine\",\"publisher\":{\"@id\":\"https:\\\/\\\/radioljubuski.ba\\\/#organization\"},\"potentialAction\":[{\"@type\":\"SearchAction\",\"target\":{\"@type\":\"EntryPoint\",\"urlTemplate\":\"https:\\\/\\\/radioljubuski.ba\\\/?s={search_term_string}\"},\"query-input\":{\"@type\":\"PropertyValueSpecification\",\"valueRequired\":true,\"valueName\":\"search_term_string\"}}],\"inLanguage\":\"hr\"},{\"@type\":\"Organization\",\"@id\":\"https:\\\/\\\/radioljubuski.ba\\\/#organization\",\"name\":\"Radio Ljubu\u0161ki\",\"url\":\"https:\\\/\\\/radioljubuski.ba\\\/\",\"logo\":{\"@type\":\"ImageObject\",\"inLanguage\":\"hr\",\"@id\":\"https:\\\/\\\/radioljubuski.ba\\\/#\\\/schema\\\/logo\\\/image\\\/\",\"url\":\"https:\\\/\\\/radioljubuski.ba\\\/wp-content\\\/uploads\\\/2021\\\/02\\\/cropped-Radio_Ljubuski_logo1.jpg\",\"contentUrl\":\"https:\\\/\\\/radioljubuski.ba\\\/wp-content\\\/uploads\\\/2021\\\/02\\\/cropped-Radio_Ljubuski_logo1.jpg\",\"width\":512,\"height\":512,\"caption\":\"Radio Ljubu\u0161ki\"},\"image\":{\"@id\":\"https:\\\/\\\/radioljubuski.ba\\\/#\\\/schema\\\/logo\\\/image\\\/\"},\"sameAs\":[\"https:\\\/\\\/www.facebook.com\\\/Radiio-Ljubuski-1490835324566332\",\"https:\\\/\\\/x.com\\\/radioljubuski\",\"https:\\\/\\\/hr.linkedin.com\\\/company\\\/radio-ljubuski\",\"https:\\\/\\\/www.youtube.com\\\/channel\\\/UCHYaeO_n0Db3tjNGudGpXyw\"]},{\"@type\":\"Person\",\"@id\":\"https:\\\/\\\/radioljubuski.ba\\\/#\\\/schema\\\/person\\\/19fc700381a780f69665d7956c469e3b\",\"name\":\"Radio Ljubu\u0161ki\"}]}<\/script>\n<!-- \/ Yoast SEO plugin. -->","yoast_head_json":{"title":"Dolar, jen i franak rastu, a euro i rublja dotakle dno: Rat u Ukrajini radi kaos na te\u010dajnim listama - RADIO LJUBU\u0160KI","robots":{"index":"index","follow":"follow","max-snippet":"max-snippet:-1","max-image-preview":"max-image-preview:large","max-video-preview":"max-video-preview:-1"},"canonical":"https:\/\/radioljubuski.ba\/index.php\/2022\/03\/06\/dolar-jen-i-franak-rastu-a-euro-i-rublja-dotakle-dno-rat-u-ukrajini-radi-kaos-na-tecajnim-listama\/","og_locale":"hr_HR","og_type":"article","og_title":"Dolar, jen i franak rastu, a euro i rublja dotakle dno: Rat u Ukrajini radi kaos na te\u010dajnim listama - RADIO LJUBU\u0160KI","og_description":"Na svjetskim je tr\u017ei\u0161tima vrijednost dolara prema ko\u0161arici valuta pro\u0161loga tjedna sna\u017eno porasla, dok je te\u010daj eura o\u0161tro pao jer je rat u Ukrajini usmjerio ulaga\u010de prema valutama koje se smatraju sigurnijim uto\u010di\u0161tima za kapital u nesigurna vremena. Dolarov indeks, koji pokazuje kretanje vrijednosti ameri\u010dke prema ostalih \u0161est najva\u017enijih svjetskih valuta, oja\u010dao je pro\u0161loga tjedna [&hellip;]","og_url":"https:\/\/radioljubuski.ba\/index.php\/2022\/03\/06\/dolar-jen-i-franak-rastu-a-euro-i-rublja-dotakle-dno-rat-u-ukrajini-radi-kaos-na-tecajnim-listama\/","og_site_name":"RADIO LJUBU\u0160KI","article_publisher":"https:\/\/www.facebook.com\/Radiio-Ljubuski-1490835324566332","article_published_time":"2022-03-06T09:50:48+00:00","article_modified_time":"2022-03-06T09:50:49+00:00","og_image":[{"width":1000,"height":625,"url":"https:\/\/radioljubuski.ba\/wp-content\/uploads\/2021\/05\/SAOzpk1G_euri.jpg","type":"image\/jpeg"}],"author":"Radio Ljubu\u0161ki","twitter_card":"summary_large_image","twitter_creator":"@radioljubuski","twitter_site":"@radioljubuski","twitter_misc":{"Napisao\/la":"Radio Ljubu\u0161ki","Procijenjeno vrijeme \u010ditanja":"3 minute"},"schema":{"@context":"https:\/\/schema.org","@graph":[{"@type":"Article","@id":"https:\/\/radioljubuski.ba\/index.php\/2022\/03\/06\/dolar-jen-i-franak-rastu-a-euro-i-rublja-dotakle-dno-rat-u-ukrajini-radi-kaos-na-tecajnim-listama\/#article","isPartOf":{"@id":"https:\/\/radioljubuski.ba\/index.php\/2022\/03\/06\/dolar-jen-i-franak-rastu-a-euro-i-rublja-dotakle-dno-rat-u-ukrajini-radi-kaos-na-tecajnim-listama\/"},"author":{"name":"Radio Ljubu\u0161ki","@id":"https:\/\/radioljubuski.ba\/#\/schema\/person\/19fc700381a780f69665d7956c469e3b"},"headline":"Dolar, jen i franak rastu, a euro i rublja dotakle dno: Rat u Ukrajini radi kaos na te\u010dajnim listama","datePublished":"2022-03-06T09:50:48+00:00","dateModified":"2022-03-06T09:50:49+00:00","mainEntityOfPage":{"@id":"https:\/\/radioljubuski.ba\/index.php\/2022\/03\/06\/dolar-jen-i-franak-rastu-a-euro-i-rublja-dotakle-dno-rat-u-ukrajini-radi-kaos-na-tecajnim-listama\/"},"wordCount":613,"publisher":{"@id":"https:\/\/radioljubuski.ba\/#organization"},"image":{"@id":"https:\/\/radioljubuski.ba\/index.php\/2022\/03\/06\/dolar-jen-i-franak-rastu-a-euro-i-rublja-dotakle-dno-rat-u-ukrajini-radi-kaos-na-tecajnim-listama\/#primaryimage"},"thumbnailUrl":"https:\/\/radioljubuski.ba\/wp-content\/uploads\/2021\/05\/SAOzpk1G_euri.jpg","articleSection":["BIH i regija"],"inLanguage":"hr"},{"@type":"WebPage","@id":"https:\/\/radioljubuski.ba\/index.php\/2022\/03\/06\/dolar-jen-i-franak-rastu-a-euro-i-rublja-dotakle-dno-rat-u-ukrajini-radi-kaos-na-tecajnim-listama\/","url":"https:\/\/radioljubuski.ba\/index.php\/2022\/03\/06\/dolar-jen-i-franak-rastu-a-euro-i-rublja-dotakle-dno-rat-u-ukrajini-radi-kaos-na-tecajnim-listama\/","name":"Dolar, jen i franak rastu, a euro i rublja dotakle dno: Rat u Ukrajini radi kaos na te\u010dajnim listama - RADIO LJUBU\u0160KI","isPartOf":{"@id":"https:\/\/radioljubuski.ba\/#website"},"primaryImageOfPage":{"@id":"https:\/\/radioljubuski.ba\/index.php\/2022\/03\/06\/dolar-jen-i-franak-rastu-a-euro-i-rublja-dotakle-dno-rat-u-ukrajini-radi-kaos-na-tecajnim-listama\/#primaryimage"},"image":{"@id":"https:\/\/radioljubuski.ba\/index.php\/2022\/03\/06\/dolar-jen-i-franak-rastu-a-euro-i-rublja-dotakle-dno-rat-u-ukrajini-radi-kaos-na-tecajnim-listama\/#primaryimage"},"thumbnailUrl":"https:\/\/radioljubuski.ba\/wp-content\/uploads\/2021\/05\/SAOzpk1G_euri.jpg","datePublished":"2022-03-06T09:50:48+00:00","dateModified":"2022-03-06T09:50:49+00:00","breadcrumb":{"@id":"https:\/\/radioljubuski.ba\/index.php\/2022\/03\/06\/dolar-jen-i-franak-rastu-a-euro-i-rublja-dotakle-dno-rat-u-ukrajini-radi-kaos-na-tecajnim-listama\/#breadcrumb"},"inLanguage":"hr","potentialAction":[{"@type":"ReadAction","target":["https:\/\/radioljubuski.ba\/index.php\/2022\/03\/06\/dolar-jen-i-franak-rastu-a-euro-i-rublja-dotakle-dno-rat-u-ukrajini-radi-kaos-na-tecajnim-listama\/"]}]},{"@type":"ImageObject","inLanguage":"hr","@id":"https:\/\/radioljubuski.ba\/index.php\/2022\/03\/06\/dolar-jen-i-franak-rastu-a-euro-i-rublja-dotakle-dno-rat-u-ukrajini-radi-kaos-na-tecajnim-listama\/#primaryimage","url":"https:\/\/radioljubuski.ba\/wp-content\/uploads\/2021\/05\/SAOzpk1G_euri.jpg","contentUrl":"https:\/\/radioljubuski.ba\/wp-content\/uploads\/2021\/05\/SAOzpk1G_euri.jpg","width":1000,"height":625},{"@type":"BreadcrumbList","@id":"https:\/\/radioljubuski.ba\/index.php\/2022\/03\/06\/dolar-jen-i-franak-rastu-a-euro-i-rublja-dotakle-dno-rat-u-ukrajini-radi-kaos-na-tecajnim-listama\/#breadcrumb","itemListElement":[{"@type":"ListItem","position":1,"name":"Po\u010detna stranica","item":"https:\/\/radioljubuski.ba\/"},{"@type":"ListItem","position":2,"name":"Dolar, jen i franak rastu, a euro i rublja dotakle dno: Rat u Ukrajini radi kaos na te\u010dajnim listama"}]},{"@type":"WebSite","@id":"https:\/\/radioljubuski.ba\/#website","url":"https:\/\/radioljubuski.ba\/","name":"Radio Ljubu\u0161ki","description":"Sun\u010dana frekvencija Hercegovine","publisher":{"@id":"https:\/\/radioljubuski.ba\/#organization"},"potentialAction":[{"@type":"SearchAction","target":{"@type":"EntryPoint","urlTemplate":"https:\/\/radioljubuski.ba\/?s={search_term_string}"},"query-input":{"@type":"PropertyValueSpecification","valueRequired":true,"valueName":"search_term_string"}}],"inLanguage":"hr"},{"@type":"Organization","@id":"https:\/\/radioljubuski.ba\/#organization","name":"Radio Ljubu\u0161ki","url":"https:\/\/radioljubuski.ba\/","logo":{"@type":"ImageObject","inLanguage":"hr","@id":"https:\/\/radioljubuski.ba\/#\/schema\/logo\/image\/","url":"https:\/\/radioljubuski.ba\/wp-content\/uploads\/2021\/02\/cropped-Radio_Ljubuski_logo1.jpg","contentUrl":"https:\/\/radioljubuski.ba\/wp-content\/uploads\/2021\/02\/cropped-Radio_Ljubuski_logo1.jpg","width":512,"height":512,"caption":"Radio Ljubu\u0161ki"},"image":{"@id":"https:\/\/radioljubuski.ba\/#\/schema\/logo\/image\/"},"sameAs":["https:\/\/www.facebook.com\/Radiio-Ljubuski-1490835324566332","https:\/\/x.com\/radioljubuski","https:\/\/hr.linkedin.com\/company\/radio-ljubuski","https:\/\/www.youtube.com\/channel\/UCHYaeO_n0Db3tjNGudGpXyw"]},{"@type":"Person","@id":"https:\/\/radioljubuski.ba\/#\/schema\/person\/19fc700381a780f69665d7956c469e3b","name":"Radio Ljubu\u0161ki"}]}},"_links":{"self":[{"href":"https:\/\/radioljubuski.ba\/index.php\/wp-json\/wp\/v2\/posts\/118562","targetHints":{"allow":["GET"]}}],"collection":[{"href":"https:\/\/radioljubuski.ba\/index.php\/wp-json\/wp\/v2\/posts"}],"about":[{"href":"https:\/\/radioljubuski.ba\/index.php\/wp-json\/wp\/v2\/types\/post"}],"author":[{"embeddable":true,"href":"https:\/\/radioljubuski.ba\/index.php\/wp-json\/wp\/v2\/users\/2"}],"replies":[{"embeddable":true,"href":"https:\/\/radioljubuski.ba\/index.php\/wp-json\/wp\/v2\/comments?post=118562"}],"version-history":[{"count":1,"href":"https:\/\/radioljubuski.ba\/index.php\/wp-json\/wp\/v2\/posts\/118562\/revisions"}],"predecessor-version":[{"id":118563,"href":"https:\/\/radioljubuski.ba\/index.php\/wp-json\/wp\/v2\/posts\/118562\/revisions\/118563"}],"wp:featuredmedia":[{"embeddable":true,"href":"https:\/\/radioljubuski.ba\/index.php\/wp-json\/wp\/v2\/media\/26208"}],"wp:attachment":[{"href":"https:\/\/radioljubuski.ba\/index.php\/wp-json\/wp\/v2\/media?parent=118562"}],"wp:term":[{"taxonomy":"category","embeddable":true,"href":"https:\/\/radioljubuski.ba\/index.php\/wp-json\/wp\/v2\/categories?post=118562"},{"taxonomy":"post_tag","embeddable":true,"href":"https:\/\/radioljubuski.ba\/index.php\/wp-json\/wp\/v2\/tags?post=118562"}],"curies":[{"name":"wp","href":"https:\/\/api.w.org\/{rel}","templated":true}]}}