{"id":118567,"date":"2022-03-06T10:53:36","date_gmt":"2022-03-06T09:53:36","guid":{"rendered":"https:\/\/radioljubuski.ba\/?p=118567"},"modified":"2022-03-06T10:53:38","modified_gmt":"2022-03-06T09:53:38","slug":"gradonacelnik-mariupolja-grad-se-suocava-sa-humanitarnom-blokadom","status":"publish","type":"post","link":"https:\/\/radioljubuski.ba\/index.php\/2022\/03\/06\/gradonacelnik-mariupolja-grad-se-suocava-sa-humanitarnom-blokadom\/","title":{"rendered":"Gradona\u010delnik Mariupolja: Grad se suo\u010dava sa &#8220;humanitarnom blokadom&#8221;"},"content":{"rendered":"\n<p>Gradona\u010delnik Mariupolja, luke na jugu Ukrajine, izjavio je da se njegov grad u nesta\u0161ici komunalnih usluga, suo\u010dava sa \u201chumanitarnom blokadom\u201d.<\/p>\n\n\n\n<p>Ruske vojne jedinice prerezale su svih 15 dalekovoda do grada koji je bez elektri\u010dne energije ve\u0107 pet dana, rekao je gradona\u010delnik Vadim Boi\u010denko za ukrajinsku televiziju.&nbsp;<\/p>\n\n\n\n<p>Dodao je kako su se ljudi tresli od zime u svojim stanovima jer su sve toplane imaju pogon na elektri\u010dnu energiju. Niti mobilna komunikacija radi bez struje, objasnio je. \u010cak i prije po\u010detka rata, glavni gradski vodovod je isklju\u010den, pa su pet dana nakon po\u010detka invazije potro\u0161ene sve vodene rezerve.&nbsp;<\/p>\n\n\n\n<p>Optu\u017eio je rusku stranu da je isklju\u010denju svih komunalnih usluga pristupila metodolo\u0161ki i tako podigla pritisak.&nbsp;<\/p>\n\n\n\n<p>Boi\u010denko je optu\u017eio rusku vojsku i za pucanje po autobusima kojima su civili humanitarnim koridorom trebali biti evakuirani iz grada. Od 50 autobusa, ostalo ih je samo 20, rekao je Bio\u010denko.&nbsp;<\/p>\n\n\n\n<p>\u201cMo\u017eda ne\u0107emo imati autobusa do sljede\u0107e prilike za evakuaciju\u201d, izjavio je.&nbsp;<\/p>\n\n\n\n<p>Ovu informaciju nije mogu\u0107e neovisno potvrditi, objavila je Dpa.&nbsp;<\/p>\n\n\n\n<p>Bio\u010denko je ponovio zahtjev za uspostavom koridora kojima \u0107e starije osobe, \u017eene i djeca mo\u0107i napustiti grad.<\/p>\n\n\n\n<p>Izvor:pogled.ba<\/p>\n","protected":false},"excerpt":{"rendered":"<p>Gradona\u010delnik Mariupolja, luke na jugu Ukrajine, izjavio je da se njegov grad u nesta\u0161ici komunalnih usluga, suo\u010dava sa \u201chumanitarnom blokadom\u201d. Ruske vojne jedinice prerezale su svih 15 dalekovoda do grada koji je bez elektri\u010dne energije ve\u0107 pet dana, rekao je gradona\u010delnik Vadim Boi\u010denko za ukrajinsku televiziju.&nbsp; Dodao je kako su se ljudi tresli od zime [&hellip;]<\/p>\n","protected":false},"author":2,"featured_media":118568,"comment_status":"closed","ping_status":"closed","sticky":false,"template":"","format":"standard","meta":{"h5ap_radio_sources":[],"footnotes":""},"categories":[1],"tags":[],"class_list":["post-118567","post","type-post","status-publish","format-standard","has-post-thumbnail","hentry","category-bihiregija"],"yoast_head":"<!-- This site is optimized with the Yoast SEO plugin v27.5 - https:\/\/yoast.com\/product\/yoast-seo-wordpress\/ -->\n<title>Gradona\u010delnik Mariupolja: Grad se suo\u010dava sa &quot;humanitarnom blokadom&quot; - RADIO LJUBU\u0160KI<\/title>\n<meta name=\"robots\" content=\"index, follow, max-snippet:-1, max-image-preview:large, max-video-preview:-1\" \/>\n<link rel=\"canonical\" href=\"https:\/\/radioljubuski.ba\/index.php\/2022\/03\/06\/gradonacelnik-mariupolja-grad-se-suocava-sa-humanitarnom-blokadom\/\" \/>\n<meta property=\"og:locale\" content=\"hr_HR\" \/>\n<meta property=\"og:type\" content=\"article\" \/>\n<meta property=\"og:title\" content=\"Gradona\u010delnik Mariupolja: Grad se suo\u010dava sa &quot;humanitarnom blokadom&quot; - RADIO LJUBU\u0160KI\" \/>\n<meta property=\"og:description\" content=\"Gradona\u010delnik Mariupolja, luke na jugu Ukrajine, izjavio je da se njegov grad u nesta\u0161ici komunalnih usluga, suo\u010dava sa \u201chumanitarnom blokadom\u201d. Ruske vojne jedinice prerezale su svih 15 dalekovoda do grada koji je bez elektri\u010dne energije ve\u0107 pet dana, rekao je gradona\u010delnik Vadim Boi\u010denko za ukrajinsku televiziju.&nbsp; Dodao je kako su se ljudi tresli od zime [&hellip;]\" \/>\n<meta property=\"og:url\" content=\"https:\/\/radioljubuski.ba\/index.php\/2022\/03\/06\/gradonacelnik-mariupolja-grad-se-suocava-sa-humanitarnom-blokadom\/\" \/>\n<meta property=\"og:site_name\" content=\"RADIO LJUBU\u0160KI\" \/>\n<meta property=\"article:publisher\" content=\"https:\/\/www.facebook.com\/Radiio-Ljubuski-1490835324566332\" \/>\n<meta property=\"article:published_time\" content=\"2022-03-06T09:53:36+00:00\" \/>\n<meta property=\"article:modified_time\" content=\"2022-03-06T09:53:38+00:00\" \/>\n<meta property=\"og:image\" content=\"https:\/\/radioljubuski.ba\/wp-content\/uploads\/2022\/03\/2-2022-03-06-07-19-13-321714.jpg\" \/>\n\t<meta property=\"og:image:width\" content=\"1000\" \/>\n\t<meta property=\"og:image:height\" content=\"625\" \/>\n\t<meta property=\"og:image:type\" content=\"image\/jpeg\" \/>\n<meta name=\"author\" content=\"Radio Ljubu\u0161ki\" \/>\n<meta name=\"twitter:card\" content=\"summary_large_image\" \/>\n<meta name=\"twitter:creator\" content=\"@radioljubuski\" \/>\n<meta name=\"twitter:site\" content=\"@radioljubuski\" \/>\n<meta name=\"twitter:label1\" content=\"Napisao\/la\" \/>\n\t<meta name=\"twitter:data1\" content=\"Radio Ljubu\u0161ki\" \/>\n\t<meta name=\"twitter:label2\" content=\"Procijenjeno vrijeme \u010ditanja\" \/>\n\t<meta name=\"twitter:data2\" content=\"1 minuta\" \/>\n<script type=\"application\/ld+json\" class=\"yoast-schema-graph\">{\"@context\":\"https:\\\/\\\/schema.org\",\"@graph\":[{\"@type\":\"Article\",\"@id\":\"https:\\\/\\\/radioljubuski.ba\\\/index.php\\\/2022\\\/03\\\/06\\\/gradonacelnik-mariupolja-grad-se-suocava-sa-humanitarnom-blokadom\\\/#article\",\"isPartOf\":{\"@id\":\"https:\\\/\\\/radioljubuski.ba\\\/index.php\\\/2022\\\/03\\\/06\\\/gradonacelnik-mariupolja-grad-se-suocava-sa-humanitarnom-blokadom\\\/\"},\"author\":{\"name\":\"Radio Ljubu\u0161ki\",\"@id\":\"https:\\\/\\\/radioljubuski.ba\\\/#\\\/schema\\\/person\\\/19fc700381a780f69665d7956c469e3b\"},\"headline\":\"Gradona\u010delnik Mariupolja: Grad se suo\u010dava sa &#8220;humanitarnom blokadom&#8221;\",\"datePublished\":\"2022-03-06T09:53:36+00:00\",\"dateModified\":\"2022-03-06T09:53:38+00:00\",\"mainEntityOfPage\":{\"@id\":\"https:\\\/\\\/radioljubuski.ba\\\/index.php\\\/2022\\\/03\\\/06\\\/gradonacelnik-mariupolja-grad-se-suocava-sa-humanitarnom-blokadom\\\/\"},\"wordCount\":219,\"publisher\":{\"@id\":\"https:\\\/\\\/radioljubuski.ba\\\/#organization\"},\"image\":{\"@id\":\"https:\\\/\\\/radioljubuski.ba\\\/index.php\\\/2022\\\/03\\\/06\\\/gradonacelnik-mariupolja-grad-se-suocava-sa-humanitarnom-blokadom\\\/#primaryimage\"},\"thumbnailUrl\":\"https:\\\/\\\/radioljubuski.ba\\\/wp-content\\\/uploads\\\/2022\\\/03\\\/2-2022-03-06-07-19-13-321714.jpg\",\"articleSection\":[\"BIH i regija\"],\"inLanguage\":\"hr\"},{\"@type\":\"WebPage\",\"@id\":\"https:\\\/\\\/radioljubuski.ba\\\/index.php\\\/2022\\\/03\\\/06\\\/gradonacelnik-mariupolja-grad-se-suocava-sa-humanitarnom-blokadom\\\/\",\"url\":\"https:\\\/\\\/radioljubuski.ba\\\/index.php\\\/2022\\\/03\\\/06\\\/gradonacelnik-mariupolja-grad-se-suocava-sa-humanitarnom-blokadom\\\/\",\"name\":\"Gradona\u010delnik Mariupolja: Grad se suo\u010dava sa \\\"humanitarnom blokadom\\\" - RADIO LJUBU\u0160KI\",\"isPartOf\":{\"@id\":\"https:\\\/\\\/radioljubuski.ba\\\/#website\"},\"primaryImageOfPage\":{\"@id\":\"https:\\\/\\\/radioljubuski.ba\\\/index.php\\\/2022\\\/03\\\/06\\\/gradonacelnik-mariupolja-grad-se-suocava-sa-humanitarnom-blokadom\\\/#primaryimage\"},\"image\":{\"@id\":\"https:\\\/\\\/radioljubuski.ba\\\/index.php\\\/2022\\\/03\\\/06\\\/gradonacelnik-mariupolja-grad-se-suocava-sa-humanitarnom-blokadom\\\/#primaryimage\"},\"thumbnailUrl\":\"https:\\\/\\\/radioljubuski.ba\\\/wp-content\\\/uploads\\\/2022\\\/03\\\/2-2022-03-06-07-19-13-321714.jpg\",\"datePublished\":\"2022-03-06T09:53:36+00:00\",\"dateModified\":\"2022-03-06T09:53:38+00:00\",\"breadcrumb\":{\"@id\":\"https:\\\/\\\/radioljubuski.ba\\\/index.php\\\/2022\\\/03\\\/06\\\/gradonacelnik-mariupolja-grad-se-suocava-sa-humanitarnom-blokadom\\\/#breadcrumb\"},\"inLanguage\":\"hr\",\"potentialAction\":[{\"@type\":\"ReadAction\",\"target\":[\"https:\\\/\\\/radioljubuski.ba\\\/index.php\\\/2022\\\/03\\\/06\\\/gradonacelnik-mariupolja-grad-se-suocava-sa-humanitarnom-blokadom\\\/\"]}]},{\"@type\":\"ImageObject\",\"inLanguage\":\"hr\",\"@id\":\"https:\\\/\\\/radioljubuski.ba\\\/index.php\\\/2022\\\/03\\\/06\\\/gradonacelnik-mariupolja-grad-se-suocava-sa-humanitarnom-blokadom\\\/#primaryimage\",\"url\":\"https:\\\/\\\/radioljubuski.ba\\\/wp-content\\\/uploads\\\/2022\\\/03\\\/2-2022-03-06-07-19-13-321714.jpg\",\"contentUrl\":\"https:\\\/\\\/radioljubuski.ba\\\/wp-content\\\/uploads\\\/2022\\\/03\\\/2-2022-03-06-07-19-13-321714.jpg\",\"width\":1000,\"height\":625},{\"@type\":\"BreadcrumbList\",\"@id\":\"https:\\\/\\\/radioljubuski.ba\\\/index.php\\\/2022\\\/03\\\/06\\\/gradonacelnik-mariupolja-grad-se-suocava-sa-humanitarnom-blokadom\\\/#breadcrumb\",\"itemListElement\":[{\"@type\":\"ListItem\",\"position\":1,\"name\":\"Po\u010detna stranica\",\"item\":\"https:\\\/\\\/radioljubuski.ba\\\/\"},{\"@type\":\"ListItem\",\"position\":2,\"name\":\"Gradona\u010delnik Mariupolja: Grad se suo\u010dava sa &#8220;humanitarnom blokadom&#8221;\"}]},{\"@type\":\"WebSite\",\"@id\":\"https:\\\/\\\/radioljubuski.ba\\\/#website\",\"url\":\"https:\\\/\\\/radioljubuski.ba\\\/\",\"name\":\"Radio Ljubu\u0161ki\",\"description\":\"Sun\u010dana frekvencija Hercegovine\",\"publisher\":{\"@id\":\"https:\\\/\\\/radioljubuski.ba\\\/#organization\"},\"potentialAction\":[{\"@type\":\"SearchAction\",\"target\":{\"@type\":\"EntryPoint\",\"urlTemplate\":\"https:\\\/\\\/radioljubuski.ba\\\/?s={search_term_string}\"},\"query-input\":{\"@type\":\"PropertyValueSpecification\",\"valueRequired\":true,\"valueName\":\"search_term_string\"}}],\"inLanguage\":\"hr\"},{\"@type\":\"Organization\",\"@id\":\"https:\\\/\\\/radioljubuski.ba\\\/#organization\",\"name\":\"Radio Ljubu\u0161ki\",\"url\":\"https:\\\/\\\/radioljubuski.ba\\\/\",\"logo\":{\"@type\":\"ImageObject\",\"inLanguage\":\"hr\",\"@id\":\"https:\\\/\\\/radioljubuski.ba\\\/#\\\/schema\\\/logo\\\/image\\\/\",\"url\":\"https:\\\/\\\/radioljubuski.ba\\\/wp-content\\\/uploads\\\/2021\\\/02\\\/cropped-Radio_Ljubuski_logo1.jpg\",\"contentUrl\":\"https:\\\/\\\/radioljubuski.ba\\\/wp-content\\\/uploads\\\/2021\\\/02\\\/cropped-Radio_Ljubuski_logo1.jpg\",\"width\":512,\"height\":512,\"caption\":\"Radio Ljubu\u0161ki\"},\"image\":{\"@id\":\"https:\\\/\\\/radioljubuski.ba\\\/#\\\/schema\\\/logo\\\/image\\\/\"},\"sameAs\":[\"https:\\\/\\\/www.facebook.com\\\/Radiio-Ljubuski-1490835324566332\",\"https:\\\/\\\/x.com\\\/radioljubuski\",\"https:\\\/\\\/hr.linkedin.com\\\/company\\\/radio-ljubuski\",\"https:\\\/\\\/www.youtube.com\\\/channel\\\/UCHYaeO_n0Db3tjNGudGpXyw\"]},{\"@type\":\"Person\",\"@id\":\"https:\\\/\\\/radioljubuski.ba\\\/#\\\/schema\\\/person\\\/19fc700381a780f69665d7956c469e3b\",\"name\":\"Radio Ljubu\u0161ki\"}]}<\/script>\n<!-- \/ Yoast SEO plugin. -->","yoast_head_json":{"title":"Gradona\u010delnik Mariupolja: Grad se suo\u010dava sa \"humanitarnom blokadom\" - RADIO LJUBU\u0160KI","robots":{"index":"index","follow":"follow","max-snippet":"max-snippet:-1","max-image-preview":"max-image-preview:large","max-video-preview":"max-video-preview:-1"},"canonical":"https:\/\/radioljubuski.ba\/index.php\/2022\/03\/06\/gradonacelnik-mariupolja-grad-se-suocava-sa-humanitarnom-blokadom\/","og_locale":"hr_HR","og_type":"article","og_title":"Gradona\u010delnik Mariupolja: Grad se suo\u010dava sa \"humanitarnom blokadom\" - RADIO LJUBU\u0160KI","og_description":"Gradona\u010delnik Mariupolja, luke na jugu Ukrajine, izjavio je da se njegov grad u nesta\u0161ici komunalnih usluga, suo\u010dava sa \u201chumanitarnom blokadom\u201d. Ruske vojne jedinice prerezale su svih 15 dalekovoda do grada koji je bez elektri\u010dne energije ve\u0107 pet dana, rekao je gradona\u010delnik Vadim Boi\u010denko za ukrajinsku televiziju.&nbsp; Dodao je kako su se ljudi tresli od zime [&hellip;]","og_url":"https:\/\/radioljubuski.ba\/index.php\/2022\/03\/06\/gradonacelnik-mariupolja-grad-se-suocava-sa-humanitarnom-blokadom\/","og_site_name":"RADIO LJUBU\u0160KI","article_publisher":"https:\/\/www.facebook.com\/Radiio-Ljubuski-1490835324566332","article_published_time":"2022-03-06T09:53:36+00:00","article_modified_time":"2022-03-06T09:53:38+00:00","og_image":[{"width":1000,"height":625,"url":"https:\/\/radioljubuski.ba\/wp-content\/uploads\/2022\/03\/2-2022-03-06-07-19-13-321714.jpg","type":"image\/jpeg"}],"author":"Radio Ljubu\u0161ki","twitter_card":"summary_large_image","twitter_creator":"@radioljubuski","twitter_site":"@radioljubuski","twitter_misc":{"Napisao\/la":"Radio Ljubu\u0161ki","Procijenjeno vrijeme \u010ditanja":"1 minuta"},"schema":{"@context":"https:\/\/schema.org","@graph":[{"@type":"Article","@id":"https:\/\/radioljubuski.ba\/index.php\/2022\/03\/06\/gradonacelnik-mariupolja-grad-se-suocava-sa-humanitarnom-blokadom\/#article","isPartOf":{"@id":"https:\/\/radioljubuski.ba\/index.php\/2022\/03\/06\/gradonacelnik-mariupolja-grad-se-suocava-sa-humanitarnom-blokadom\/"},"author":{"name":"Radio Ljubu\u0161ki","@id":"https:\/\/radioljubuski.ba\/#\/schema\/person\/19fc700381a780f69665d7956c469e3b"},"headline":"Gradona\u010delnik Mariupolja: Grad se suo\u010dava sa &#8220;humanitarnom blokadom&#8221;","datePublished":"2022-03-06T09:53:36+00:00","dateModified":"2022-03-06T09:53:38+00:00","mainEntityOfPage":{"@id":"https:\/\/radioljubuski.ba\/index.php\/2022\/03\/06\/gradonacelnik-mariupolja-grad-se-suocava-sa-humanitarnom-blokadom\/"},"wordCount":219,"publisher":{"@id":"https:\/\/radioljubuski.ba\/#organization"},"image":{"@id":"https:\/\/radioljubuski.ba\/index.php\/2022\/03\/06\/gradonacelnik-mariupolja-grad-se-suocava-sa-humanitarnom-blokadom\/#primaryimage"},"thumbnailUrl":"https:\/\/radioljubuski.ba\/wp-content\/uploads\/2022\/03\/2-2022-03-06-07-19-13-321714.jpg","articleSection":["BIH i regija"],"inLanguage":"hr"},{"@type":"WebPage","@id":"https:\/\/radioljubuski.ba\/index.php\/2022\/03\/06\/gradonacelnik-mariupolja-grad-se-suocava-sa-humanitarnom-blokadom\/","url":"https:\/\/radioljubuski.ba\/index.php\/2022\/03\/06\/gradonacelnik-mariupolja-grad-se-suocava-sa-humanitarnom-blokadom\/","name":"Gradona\u010delnik Mariupolja: Grad se suo\u010dava sa \"humanitarnom blokadom\" - RADIO LJUBU\u0160KI","isPartOf":{"@id":"https:\/\/radioljubuski.ba\/#website"},"primaryImageOfPage":{"@id":"https:\/\/radioljubuski.ba\/index.php\/2022\/03\/06\/gradonacelnik-mariupolja-grad-se-suocava-sa-humanitarnom-blokadom\/#primaryimage"},"image":{"@id":"https:\/\/radioljubuski.ba\/index.php\/2022\/03\/06\/gradonacelnik-mariupolja-grad-se-suocava-sa-humanitarnom-blokadom\/#primaryimage"},"thumbnailUrl":"https:\/\/radioljubuski.ba\/wp-content\/uploads\/2022\/03\/2-2022-03-06-07-19-13-321714.jpg","datePublished":"2022-03-06T09:53:36+00:00","dateModified":"2022-03-06T09:53:38+00:00","breadcrumb":{"@id":"https:\/\/radioljubuski.ba\/index.php\/2022\/03\/06\/gradonacelnik-mariupolja-grad-se-suocava-sa-humanitarnom-blokadom\/#breadcrumb"},"inLanguage":"hr","potentialAction":[{"@type":"ReadAction","target":["https:\/\/radioljubuski.ba\/index.php\/2022\/03\/06\/gradonacelnik-mariupolja-grad-se-suocava-sa-humanitarnom-blokadom\/"]}]},{"@type":"ImageObject","inLanguage":"hr","@id":"https:\/\/radioljubuski.ba\/index.php\/2022\/03\/06\/gradonacelnik-mariupolja-grad-se-suocava-sa-humanitarnom-blokadom\/#primaryimage","url":"https:\/\/radioljubuski.ba\/wp-content\/uploads\/2022\/03\/2-2022-03-06-07-19-13-321714.jpg","contentUrl":"https:\/\/radioljubuski.ba\/wp-content\/uploads\/2022\/03\/2-2022-03-06-07-19-13-321714.jpg","width":1000,"height":625},{"@type":"BreadcrumbList","@id":"https:\/\/radioljubuski.ba\/index.php\/2022\/03\/06\/gradonacelnik-mariupolja-grad-se-suocava-sa-humanitarnom-blokadom\/#breadcrumb","itemListElement":[{"@type":"ListItem","position":1,"name":"Po\u010detna stranica","item":"https:\/\/radioljubuski.ba\/"},{"@type":"ListItem","position":2,"name":"Gradona\u010delnik Mariupolja: Grad se suo\u010dava sa &#8220;humanitarnom blokadom&#8221;"}]},{"@type":"WebSite","@id":"https:\/\/radioljubuski.ba\/#website","url":"https:\/\/radioljubuski.ba\/","name":"Radio Ljubu\u0161ki","description":"Sun\u010dana frekvencija Hercegovine","publisher":{"@id":"https:\/\/radioljubuski.ba\/#organization"},"potentialAction":[{"@type":"SearchAction","target":{"@type":"EntryPoint","urlTemplate":"https:\/\/radioljubuski.ba\/?s={search_term_string}"},"query-input":{"@type":"PropertyValueSpecification","valueRequired":true,"valueName":"search_term_string"}}],"inLanguage":"hr"},{"@type":"Organization","@id":"https:\/\/radioljubuski.ba\/#organization","name":"Radio Ljubu\u0161ki","url":"https:\/\/radioljubuski.ba\/","logo":{"@type":"ImageObject","inLanguage":"hr","@id":"https:\/\/radioljubuski.ba\/#\/schema\/logo\/image\/","url":"https:\/\/radioljubuski.ba\/wp-content\/uploads\/2021\/02\/cropped-Radio_Ljubuski_logo1.jpg","contentUrl":"https:\/\/radioljubuski.ba\/wp-content\/uploads\/2021\/02\/cropped-Radio_Ljubuski_logo1.jpg","width":512,"height":512,"caption":"Radio Ljubu\u0161ki"},"image":{"@id":"https:\/\/radioljubuski.ba\/#\/schema\/logo\/image\/"},"sameAs":["https:\/\/www.facebook.com\/Radiio-Ljubuski-1490835324566332","https:\/\/x.com\/radioljubuski","https:\/\/hr.linkedin.com\/company\/radio-ljubuski","https:\/\/www.youtube.com\/channel\/UCHYaeO_n0Db3tjNGudGpXyw"]},{"@type":"Person","@id":"https:\/\/radioljubuski.ba\/#\/schema\/person\/19fc700381a780f69665d7956c469e3b","name":"Radio Ljubu\u0161ki"}]}},"_links":{"self":[{"href":"https:\/\/radioljubuski.ba\/index.php\/wp-json\/wp\/v2\/posts\/118567","targetHints":{"allow":["GET"]}}],"collection":[{"href":"https:\/\/radioljubuski.ba\/index.php\/wp-json\/wp\/v2\/posts"}],"about":[{"href":"https:\/\/radioljubuski.ba\/index.php\/wp-json\/wp\/v2\/types\/post"}],"author":[{"embeddable":true,"href":"https:\/\/radioljubuski.ba\/index.php\/wp-json\/wp\/v2\/users\/2"}],"replies":[{"embeddable":true,"href":"https:\/\/radioljubuski.ba\/index.php\/wp-json\/wp\/v2\/comments?post=118567"}],"version-history":[{"count":1,"href":"https:\/\/radioljubuski.ba\/index.php\/wp-json\/wp\/v2\/posts\/118567\/revisions"}],"predecessor-version":[{"id":118569,"href":"https:\/\/radioljubuski.ba\/index.php\/wp-json\/wp\/v2\/posts\/118567\/revisions\/118569"}],"wp:featuredmedia":[{"embeddable":true,"href":"https:\/\/radioljubuski.ba\/index.php\/wp-json\/wp\/v2\/media\/118568"}],"wp:attachment":[{"href":"https:\/\/radioljubuski.ba\/index.php\/wp-json\/wp\/v2\/media?parent=118567"}],"wp:term":[{"taxonomy":"category","embeddable":true,"href":"https:\/\/radioljubuski.ba\/index.php\/wp-json\/wp\/v2\/categories?post=118567"},{"taxonomy":"post_tag","embeddable":true,"href":"https:\/\/radioljubuski.ba\/index.php\/wp-json\/wp\/v2\/tags?post=118567"}],"curies":[{"name":"wp","href":"https:\/\/api.w.org\/{rel}","templated":true}]}}