{"id":118587,"date":"2022-03-06T11:01:49","date_gmt":"2022-03-06T10:01:49","guid":{"rendered":"https:\/\/radioljubuski.ba\/?p=118587"},"modified":"2022-03-06T11:01:50","modified_gmt":"2022-03-06T10:01:50","slug":"mostarka-natasa-borozan-u-italiji-mi-se-desila-ljubav-na-prvi-pogled","status":"publish","type":"post","link":"https:\/\/radioljubuski.ba\/index.php\/2022\/03\/06\/mostarka-natasa-borozan-u-italiji-mi-se-desila-ljubav-na-prvi-pogled\/","title":{"rendered":"Mostarka Nata\u0161a Borozan: U Italiji mi se desila ljubav na prvi pogled"},"content":{"rendered":"\n<p>Mostarka Nata\u0161a Borozan ni\u017ee uspjehe u modnoj prijestonici Milanu, gdje ve\u0107 deset godina \u017eivi i radi. Ova seksepilna manekenka otkriva kako se nije zaljubila u Italiju na prvi pogled, ali kako joj se ba\u0161 u toj zemlji desila ljubav na prvi pogled u njenog mu\u017ea Alessandra Gesuita, talijanskog frizera.<\/p>\n\n\n\n<p><strong>Veliki profesionalac<\/strong><br>Nedavno ste pozirali ispred objektiva poznatog fotografa Alberta Buzzanca, kako je raditi s njim?<\/p>\n\n\n\n<p>&#8211; Alberto je veliki profesionalac, bilo je veliko zadovoljstvo. S njim sam radila kampanju poznatog italijanskog nakita s dijamantima, a o tome \u0107u vam pri\u010dati neki drugi put jer jo\u0161 nije iza\u0161la. Nakon toga smo ostali u studiju i u nekih pola sata smo odradili par fotki za na\u0161 u\u017eitak.<\/p>\n\n\n\n<p>Je li ina\u010de vi\u0161e u\u017eivate u snimanju ili reviji?<\/p>\n\n\n\n<p>&#8211; Zavisi u kojem periodu karijere pri\u010damo, sad je ve\u0107 pro\u0161lo skoro 20 godina od kada sam prvi put kao dijete pro\u0161etala pistom. Kao mla\u0111a sam u\u017eivala rade\u0107i revije, ali u isto vrijeme ma\u0161tala o nekim bitnim snimanjima, sada kada radim skoro samo slikanja, nedostaje mi &nbsp;taj adrenalin koji se osje\u0107a prije nego \u0161to se iza\u0111e na pistu i za samo oko 20 minuta je ve\u0107 sve gotovo.<\/p>\n\n\n\n<p>Na koju modnu kampanju ste najponosniji?<\/p>\n\n\n\n<p>&#8211; &nbsp;Definitivno \u201eBorsalino\u201c. Ne znam da li su svi \u010duli za najpoznatije \u0161e\u0161ire ikada, ali meni je to bio dugogodi\u0161nji san, jer ih i privatno \u010desto nosim. Radila sam za i mnogo poznatije brandove, ali kad ne\u0161to radi\u0161 svim srcem, sigurno ostavlja ve\u0107i utisak.<\/p>\n\n\n\n<p>Prema Va\u0161em mi\u0161ljenju, koliko je danas modni svijet surov u odnosu na mlade manekenke?<\/p>\n\n\n\n<p>&#8211; Danas je surov, ne toliko zbog neke odre\u0111ene kila\u017ee ili mjera, vi\u0161e su to danas o\u010dekivanja da si ve\u0107 \u201cneko\u201d ili da si \u201cne\u010diji\u201d . Naravno nije uvijek tako, ali olak\u0161ava sigurno u odnosu na modele koji trebaju sami da se izbore da budu primije\u0107eni \u0161to ne zna\u010di da svejedno ne mo\u017eete izgraditi karijeru i postati top-model.<\/p>\n\n\n\n<p>\u0160ta biste im savjetovali?<\/p>\n\n\n\n<p>&#8211; Upornost, odgovornost i strpljenje. Probajte u vi\u0161e modnih prijestonica, samo tako mo\u017eete znati zaista gdje je va\u0161e mjesto i gdje bi najvi\u0161e mogli raditi i odakle bi najbolje mogli rasti kao model. Na kraju, ukoliko stvarno volite ovaj posao, sve \u0107e biti mnogo lak\u0161e, ukoliko ste ro\u0111eni za ovo, onda ste ve\u0107 na pola puta.<\/p>\n\n\n\n<p><strong>Pozitivna strana<\/strong><br>Kako se vi nosite s predrasudama?<\/p>\n\n\n\n<p>&#8211; Predrasudama nikad kraja, a u ovim \u201csocial\u201d godinama nikad gore. Nakon zaista mnogo godina nau\u010dila sam da me to ne doti\u010de, ali znam da nije lako. Moja pozitivna strana je da kad me neko upozna, \u010desto sam prijatno iznena\u0111enje s obzirom da je moj profil dosta poslovan i ne znaju da sam dosta pri\u010dljiva, dru\u0161tvena i autoironi\u010dna.<\/p>\n\n\n\n<p>U Italiji ste prona\u0161li, sada ve\u0107, mu\u017ea. Koliko on ima razumijevanja za Va\u0161 posao?<\/p>\n\n\n\n<p>&#8211; On &nbsp;razumije isto kao i ja ako ne i vi\u0161e. Prisustvovao je na bezbroj modnih revija, slikanja od Europe do Amerike i Kine. Tako da je upravo on taj koji me \u010desto savjetuje oko trenutnog looka, izgleda.<\/p>\n\n\n\n<p><strong>\u017delim promijeniti grad<\/strong><br>&#8211; \u017delim promijeniti grad u kome \u017eivim, odnosno ne bi to bio grad nego priroda, jug mediteranska klima. Planovi su da iza\u0111em iz modnog svijeta ili samo malim djelom da ostanem. Ali sad za sad idemo dalje, iskustvo se cijeni tako da koja jo\u0161 godina me \u010deka u ovim vodama \u2013 priznala nam je Borozan, pi\u0161e Avaz.<\/p>\n\n\n\n<p>Izvor:avaz.ba<\/p>\n","protected":false},"excerpt":{"rendered":"<p>Mostarka Nata\u0161a Borozan ni\u017ee uspjehe u modnoj prijestonici Milanu, gdje ve\u0107 deset godina \u017eivi i radi. Ova seksepilna manekenka otkriva kako se nije zaljubila u Italiju na prvi pogled, ali kako joj se ba\u0161 u toj zemlji desila ljubav na prvi pogled u njenog mu\u017ea Alessandra Gesuita, talijanskog frizera. Veliki profesionalacNedavno ste pozirali ispred objektiva [&hellip;]<\/p>\n","protected":false},"author":2,"featured_media":118588,"comment_status":"closed","ping_status":"closed","sticky":false,"template":"","format":"standard","meta":{"h5ap_radio_sources":[],"footnotes":""},"categories":[1],"tags":[],"class_list":["post-118587","post","type-post","status-publish","format-standard","has-post-thumbnail","hentry","category-bihiregija"],"yoast_head":"<!-- This site is optimized with the Yoast SEO plugin v27.5 - https:\/\/yoast.com\/product\/yoast-seo-wordpress\/ -->\n<title>Mostarka Nata\u0161a Borozan: U Italiji mi se desila ljubav na prvi pogled - RADIO LJUBU\u0160KI<\/title>\n<meta name=\"robots\" content=\"index, follow, max-snippet:-1, max-image-preview:large, max-video-preview:-1\" \/>\n<link rel=\"canonical\" href=\"https:\/\/radioljubuski.ba\/index.php\/2022\/03\/06\/mostarka-natasa-borozan-u-italiji-mi-se-desila-ljubav-na-prvi-pogled\/\" \/>\n<meta property=\"og:locale\" content=\"hr_HR\" \/>\n<meta property=\"og:type\" content=\"article\" \/>\n<meta property=\"og:title\" content=\"Mostarka Nata\u0161a Borozan: U Italiji mi se desila ljubav na prvi pogled - RADIO LJUBU\u0160KI\" \/>\n<meta property=\"og:description\" content=\"Mostarka Nata\u0161a Borozan ni\u017ee uspjehe u modnoj prijestonici Milanu, gdje ve\u0107 deset godina \u017eivi i radi. Ova seksepilna manekenka otkriva kako se nije zaljubila u Italiju na prvi pogled, ali kako joj se ba\u0161 u toj zemlji desila ljubav na prvi pogled u njenog mu\u017ea Alessandra Gesuita, talijanskog frizera. Veliki profesionalacNedavno ste pozirali ispred objektiva [&hellip;]\" \/>\n<meta property=\"og:url\" content=\"https:\/\/radioljubuski.ba\/index.php\/2022\/03\/06\/mostarka-natasa-borozan-u-italiji-mi-se-desila-ljubav-na-prvi-pogled\/\" \/>\n<meta property=\"og:site_name\" content=\"RADIO LJUBU\u0160KI\" \/>\n<meta property=\"article:publisher\" content=\"https:\/\/www.facebook.com\/Radiio-Ljubuski-1490835324566332\" \/>\n<meta property=\"article:published_time\" content=\"2022-03-06T10:01:49+00:00\" \/>\n<meta property=\"article:modified_time\" content=\"2022-03-06T10:01:50+00:00\" \/>\n<meta property=\"og:image\" content=\"https:\/\/radioljubuski.ba\/wp-content\/uploads\/2022\/03\/2-2022-03-06-08-12-08-natasa.jpg\" \/>\n\t<meta property=\"og:image:width\" content=\"1000\" \/>\n\t<meta property=\"og:image:height\" content=\"625\" \/>\n\t<meta property=\"og:image:type\" content=\"image\/jpeg\" \/>\n<meta name=\"author\" content=\"Radio Ljubu\u0161ki\" \/>\n<meta name=\"twitter:card\" content=\"summary_large_image\" \/>\n<meta name=\"twitter:creator\" content=\"@radioljubuski\" \/>\n<meta name=\"twitter:site\" content=\"@radioljubuski\" \/>\n<meta name=\"twitter:label1\" content=\"Napisao\/la\" \/>\n\t<meta name=\"twitter:data1\" content=\"Radio Ljubu\u0161ki\" \/>\n\t<meta name=\"twitter:label2\" content=\"Procijenjeno vrijeme \u010ditanja\" \/>\n\t<meta name=\"twitter:data2\" content=\"3 minute\" \/>\n<script type=\"application\/ld+json\" class=\"yoast-schema-graph\">{\"@context\":\"https:\\\/\\\/schema.org\",\"@graph\":[{\"@type\":\"Article\",\"@id\":\"https:\\\/\\\/radioljubuski.ba\\\/index.php\\\/2022\\\/03\\\/06\\\/mostarka-natasa-borozan-u-italiji-mi-se-desila-ljubav-na-prvi-pogled\\\/#article\",\"isPartOf\":{\"@id\":\"https:\\\/\\\/radioljubuski.ba\\\/index.php\\\/2022\\\/03\\\/06\\\/mostarka-natasa-borozan-u-italiji-mi-se-desila-ljubav-na-prvi-pogled\\\/\"},\"author\":{\"name\":\"Radio Ljubu\u0161ki\",\"@id\":\"https:\\\/\\\/radioljubuski.ba\\\/#\\\/schema\\\/person\\\/19fc700381a780f69665d7956c469e3b\"},\"headline\":\"Mostarka Nata\u0161a Borozan: U Italiji mi se desila ljubav na prvi pogled\",\"datePublished\":\"2022-03-06T10:01:49+00:00\",\"dateModified\":\"2022-03-06T10:01:50+00:00\",\"mainEntityOfPage\":{\"@id\":\"https:\\\/\\\/radioljubuski.ba\\\/index.php\\\/2022\\\/03\\\/06\\\/mostarka-natasa-borozan-u-italiji-mi-se-desila-ljubav-na-prvi-pogled\\\/\"},\"wordCount\":617,\"publisher\":{\"@id\":\"https:\\\/\\\/radioljubuski.ba\\\/#organization\"},\"image\":{\"@id\":\"https:\\\/\\\/radioljubuski.ba\\\/index.php\\\/2022\\\/03\\\/06\\\/mostarka-natasa-borozan-u-italiji-mi-se-desila-ljubav-na-prvi-pogled\\\/#primaryimage\"},\"thumbnailUrl\":\"https:\\\/\\\/radioljubuski.ba\\\/wp-content\\\/uploads\\\/2022\\\/03\\\/2-2022-03-06-08-12-08-natasa.jpg\",\"articleSection\":[\"BIH i regija\"],\"inLanguage\":\"hr\"},{\"@type\":\"WebPage\",\"@id\":\"https:\\\/\\\/radioljubuski.ba\\\/index.php\\\/2022\\\/03\\\/06\\\/mostarka-natasa-borozan-u-italiji-mi-se-desila-ljubav-na-prvi-pogled\\\/\",\"url\":\"https:\\\/\\\/radioljubuski.ba\\\/index.php\\\/2022\\\/03\\\/06\\\/mostarka-natasa-borozan-u-italiji-mi-se-desila-ljubav-na-prvi-pogled\\\/\",\"name\":\"Mostarka Nata\u0161a Borozan: U Italiji mi se desila ljubav na prvi pogled - RADIO LJUBU\u0160KI\",\"isPartOf\":{\"@id\":\"https:\\\/\\\/radioljubuski.ba\\\/#website\"},\"primaryImageOfPage\":{\"@id\":\"https:\\\/\\\/radioljubuski.ba\\\/index.php\\\/2022\\\/03\\\/06\\\/mostarka-natasa-borozan-u-italiji-mi-se-desila-ljubav-na-prvi-pogled\\\/#primaryimage\"},\"image\":{\"@id\":\"https:\\\/\\\/radioljubuski.ba\\\/index.php\\\/2022\\\/03\\\/06\\\/mostarka-natasa-borozan-u-italiji-mi-se-desila-ljubav-na-prvi-pogled\\\/#primaryimage\"},\"thumbnailUrl\":\"https:\\\/\\\/radioljubuski.ba\\\/wp-content\\\/uploads\\\/2022\\\/03\\\/2-2022-03-06-08-12-08-natasa.jpg\",\"datePublished\":\"2022-03-06T10:01:49+00:00\",\"dateModified\":\"2022-03-06T10:01:50+00:00\",\"breadcrumb\":{\"@id\":\"https:\\\/\\\/radioljubuski.ba\\\/index.php\\\/2022\\\/03\\\/06\\\/mostarka-natasa-borozan-u-italiji-mi-se-desila-ljubav-na-prvi-pogled\\\/#breadcrumb\"},\"inLanguage\":\"hr\",\"potentialAction\":[{\"@type\":\"ReadAction\",\"target\":[\"https:\\\/\\\/radioljubuski.ba\\\/index.php\\\/2022\\\/03\\\/06\\\/mostarka-natasa-borozan-u-italiji-mi-se-desila-ljubav-na-prvi-pogled\\\/\"]}]},{\"@type\":\"ImageObject\",\"inLanguage\":\"hr\",\"@id\":\"https:\\\/\\\/radioljubuski.ba\\\/index.php\\\/2022\\\/03\\\/06\\\/mostarka-natasa-borozan-u-italiji-mi-se-desila-ljubav-na-prvi-pogled\\\/#primaryimage\",\"url\":\"https:\\\/\\\/radioljubuski.ba\\\/wp-content\\\/uploads\\\/2022\\\/03\\\/2-2022-03-06-08-12-08-natasa.jpg\",\"contentUrl\":\"https:\\\/\\\/radioljubuski.ba\\\/wp-content\\\/uploads\\\/2022\\\/03\\\/2-2022-03-06-08-12-08-natasa.jpg\",\"width\":1000,\"height\":625},{\"@type\":\"BreadcrumbList\",\"@id\":\"https:\\\/\\\/radioljubuski.ba\\\/index.php\\\/2022\\\/03\\\/06\\\/mostarka-natasa-borozan-u-italiji-mi-se-desila-ljubav-na-prvi-pogled\\\/#breadcrumb\",\"itemListElement\":[{\"@type\":\"ListItem\",\"position\":1,\"name\":\"Po\u010detna stranica\",\"item\":\"https:\\\/\\\/radioljubuski.ba\\\/\"},{\"@type\":\"ListItem\",\"position\":2,\"name\":\"Mostarka Nata\u0161a Borozan: U Italiji mi se desila ljubav na prvi pogled\"}]},{\"@type\":\"WebSite\",\"@id\":\"https:\\\/\\\/radioljubuski.ba\\\/#website\",\"url\":\"https:\\\/\\\/radioljubuski.ba\\\/\",\"name\":\"Radio Ljubu\u0161ki\",\"description\":\"Sun\u010dana frekvencija Hercegovine\",\"publisher\":{\"@id\":\"https:\\\/\\\/radioljubuski.ba\\\/#organization\"},\"potentialAction\":[{\"@type\":\"SearchAction\",\"target\":{\"@type\":\"EntryPoint\",\"urlTemplate\":\"https:\\\/\\\/radioljubuski.ba\\\/?s={search_term_string}\"},\"query-input\":{\"@type\":\"PropertyValueSpecification\",\"valueRequired\":true,\"valueName\":\"search_term_string\"}}],\"inLanguage\":\"hr\"},{\"@type\":\"Organization\",\"@id\":\"https:\\\/\\\/radioljubuski.ba\\\/#organization\",\"name\":\"Radio Ljubu\u0161ki\",\"url\":\"https:\\\/\\\/radioljubuski.ba\\\/\",\"logo\":{\"@type\":\"ImageObject\",\"inLanguage\":\"hr\",\"@id\":\"https:\\\/\\\/radioljubuski.ba\\\/#\\\/schema\\\/logo\\\/image\\\/\",\"url\":\"https:\\\/\\\/radioljubuski.ba\\\/wp-content\\\/uploads\\\/2021\\\/02\\\/cropped-Radio_Ljubuski_logo1.jpg\",\"contentUrl\":\"https:\\\/\\\/radioljubuski.ba\\\/wp-content\\\/uploads\\\/2021\\\/02\\\/cropped-Radio_Ljubuski_logo1.jpg\",\"width\":512,\"height\":512,\"caption\":\"Radio Ljubu\u0161ki\"},\"image\":{\"@id\":\"https:\\\/\\\/radioljubuski.ba\\\/#\\\/schema\\\/logo\\\/image\\\/\"},\"sameAs\":[\"https:\\\/\\\/www.facebook.com\\\/Radiio-Ljubuski-1490835324566332\",\"https:\\\/\\\/x.com\\\/radioljubuski\",\"https:\\\/\\\/hr.linkedin.com\\\/company\\\/radio-ljubuski\",\"https:\\\/\\\/www.youtube.com\\\/channel\\\/UCHYaeO_n0Db3tjNGudGpXyw\"]},{\"@type\":\"Person\",\"@id\":\"https:\\\/\\\/radioljubuski.ba\\\/#\\\/schema\\\/person\\\/19fc700381a780f69665d7956c469e3b\",\"name\":\"Radio Ljubu\u0161ki\"}]}<\/script>\n<!-- \/ Yoast SEO plugin. -->","yoast_head_json":{"title":"Mostarka Nata\u0161a Borozan: U Italiji mi se desila ljubav na prvi pogled - RADIO LJUBU\u0160KI","robots":{"index":"index","follow":"follow","max-snippet":"max-snippet:-1","max-image-preview":"max-image-preview:large","max-video-preview":"max-video-preview:-1"},"canonical":"https:\/\/radioljubuski.ba\/index.php\/2022\/03\/06\/mostarka-natasa-borozan-u-italiji-mi-se-desila-ljubav-na-prvi-pogled\/","og_locale":"hr_HR","og_type":"article","og_title":"Mostarka Nata\u0161a Borozan: U Italiji mi se desila ljubav na prvi pogled - RADIO LJUBU\u0160KI","og_description":"Mostarka Nata\u0161a Borozan ni\u017ee uspjehe u modnoj prijestonici Milanu, gdje ve\u0107 deset godina \u017eivi i radi. Ova seksepilna manekenka otkriva kako se nije zaljubila u Italiju na prvi pogled, ali kako joj se ba\u0161 u toj zemlji desila ljubav na prvi pogled u njenog mu\u017ea Alessandra Gesuita, talijanskog frizera. Veliki profesionalacNedavno ste pozirali ispred objektiva [&hellip;]","og_url":"https:\/\/radioljubuski.ba\/index.php\/2022\/03\/06\/mostarka-natasa-borozan-u-italiji-mi-se-desila-ljubav-na-prvi-pogled\/","og_site_name":"RADIO LJUBU\u0160KI","article_publisher":"https:\/\/www.facebook.com\/Radiio-Ljubuski-1490835324566332","article_published_time":"2022-03-06T10:01:49+00:00","article_modified_time":"2022-03-06T10:01:50+00:00","og_image":[{"width":1000,"height":625,"url":"https:\/\/radioljubuski.ba\/wp-content\/uploads\/2022\/03\/2-2022-03-06-08-12-08-natasa.jpg","type":"image\/jpeg"}],"author":"Radio Ljubu\u0161ki","twitter_card":"summary_large_image","twitter_creator":"@radioljubuski","twitter_site":"@radioljubuski","twitter_misc":{"Napisao\/la":"Radio Ljubu\u0161ki","Procijenjeno vrijeme \u010ditanja":"3 minute"},"schema":{"@context":"https:\/\/schema.org","@graph":[{"@type":"Article","@id":"https:\/\/radioljubuski.ba\/index.php\/2022\/03\/06\/mostarka-natasa-borozan-u-italiji-mi-se-desila-ljubav-na-prvi-pogled\/#article","isPartOf":{"@id":"https:\/\/radioljubuski.ba\/index.php\/2022\/03\/06\/mostarka-natasa-borozan-u-italiji-mi-se-desila-ljubav-na-prvi-pogled\/"},"author":{"name":"Radio Ljubu\u0161ki","@id":"https:\/\/radioljubuski.ba\/#\/schema\/person\/19fc700381a780f69665d7956c469e3b"},"headline":"Mostarka Nata\u0161a Borozan: U Italiji mi se desila ljubav na prvi pogled","datePublished":"2022-03-06T10:01:49+00:00","dateModified":"2022-03-06T10:01:50+00:00","mainEntityOfPage":{"@id":"https:\/\/radioljubuski.ba\/index.php\/2022\/03\/06\/mostarka-natasa-borozan-u-italiji-mi-se-desila-ljubav-na-prvi-pogled\/"},"wordCount":617,"publisher":{"@id":"https:\/\/radioljubuski.ba\/#organization"},"image":{"@id":"https:\/\/radioljubuski.ba\/index.php\/2022\/03\/06\/mostarka-natasa-borozan-u-italiji-mi-se-desila-ljubav-na-prvi-pogled\/#primaryimage"},"thumbnailUrl":"https:\/\/radioljubuski.ba\/wp-content\/uploads\/2022\/03\/2-2022-03-06-08-12-08-natasa.jpg","articleSection":["BIH i regija"],"inLanguage":"hr"},{"@type":"WebPage","@id":"https:\/\/radioljubuski.ba\/index.php\/2022\/03\/06\/mostarka-natasa-borozan-u-italiji-mi-se-desila-ljubav-na-prvi-pogled\/","url":"https:\/\/radioljubuski.ba\/index.php\/2022\/03\/06\/mostarka-natasa-borozan-u-italiji-mi-se-desila-ljubav-na-prvi-pogled\/","name":"Mostarka Nata\u0161a Borozan: U Italiji mi se desila ljubav na prvi pogled - RADIO LJUBU\u0160KI","isPartOf":{"@id":"https:\/\/radioljubuski.ba\/#website"},"primaryImageOfPage":{"@id":"https:\/\/radioljubuski.ba\/index.php\/2022\/03\/06\/mostarka-natasa-borozan-u-italiji-mi-se-desila-ljubav-na-prvi-pogled\/#primaryimage"},"image":{"@id":"https:\/\/radioljubuski.ba\/index.php\/2022\/03\/06\/mostarka-natasa-borozan-u-italiji-mi-se-desila-ljubav-na-prvi-pogled\/#primaryimage"},"thumbnailUrl":"https:\/\/radioljubuski.ba\/wp-content\/uploads\/2022\/03\/2-2022-03-06-08-12-08-natasa.jpg","datePublished":"2022-03-06T10:01:49+00:00","dateModified":"2022-03-06T10:01:50+00:00","breadcrumb":{"@id":"https:\/\/radioljubuski.ba\/index.php\/2022\/03\/06\/mostarka-natasa-borozan-u-italiji-mi-se-desila-ljubav-na-prvi-pogled\/#breadcrumb"},"inLanguage":"hr","potentialAction":[{"@type":"ReadAction","target":["https:\/\/radioljubuski.ba\/index.php\/2022\/03\/06\/mostarka-natasa-borozan-u-italiji-mi-se-desila-ljubav-na-prvi-pogled\/"]}]},{"@type":"ImageObject","inLanguage":"hr","@id":"https:\/\/radioljubuski.ba\/index.php\/2022\/03\/06\/mostarka-natasa-borozan-u-italiji-mi-se-desila-ljubav-na-prvi-pogled\/#primaryimage","url":"https:\/\/radioljubuski.ba\/wp-content\/uploads\/2022\/03\/2-2022-03-06-08-12-08-natasa.jpg","contentUrl":"https:\/\/radioljubuski.ba\/wp-content\/uploads\/2022\/03\/2-2022-03-06-08-12-08-natasa.jpg","width":1000,"height":625},{"@type":"BreadcrumbList","@id":"https:\/\/radioljubuski.ba\/index.php\/2022\/03\/06\/mostarka-natasa-borozan-u-italiji-mi-se-desila-ljubav-na-prvi-pogled\/#breadcrumb","itemListElement":[{"@type":"ListItem","position":1,"name":"Po\u010detna stranica","item":"https:\/\/radioljubuski.ba\/"},{"@type":"ListItem","position":2,"name":"Mostarka Nata\u0161a Borozan: U Italiji mi se desila ljubav na prvi pogled"}]},{"@type":"WebSite","@id":"https:\/\/radioljubuski.ba\/#website","url":"https:\/\/radioljubuski.ba\/","name":"Radio Ljubu\u0161ki","description":"Sun\u010dana frekvencija Hercegovine","publisher":{"@id":"https:\/\/radioljubuski.ba\/#organization"},"potentialAction":[{"@type":"SearchAction","target":{"@type":"EntryPoint","urlTemplate":"https:\/\/radioljubuski.ba\/?s={search_term_string}"},"query-input":{"@type":"PropertyValueSpecification","valueRequired":true,"valueName":"search_term_string"}}],"inLanguage":"hr"},{"@type":"Organization","@id":"https:\/\/radioljubuski.ba\/#organization","name":"Radio Ljubu\u0161ki","url":"https:\/\/radioljubuski.ba\/","logo":{"@type":"ImageObject","inLanguage":"hr","@id":"https:\/\/radioljubuski.ba\/#\/schema\/logo\/image\/","url":"https:\/\/radioljubuski.ba\/wp-content\/uploads\/2021\/02\/cropped-Radio_Ljubuski_logo1.jpg","contentUrl":"https:\/\/radioljubuski.ba\/wp-content\/uploads\/2021\/02\/cropped-Radio_Ljubuski_logo1.jpg","width":512,"height":512,"caption":"Radio Ljubu\u0161ki"},"image":{"@id":"https:\/\/radioljubuski.ba\/#\/schema\/logo\/image\/"},"sameAs":["https:\/\/www.facebook.com\/Radiio-Ljubuski-1490835324566332","https:\/\/x.com\/radioljubuski","https:\/\/hr.linkedin.com\/company\/radio-ljubuski","https:\/\/www.youtube.com\/channel\/UCHYaeO_n0Db3tjNGudGpXyw"]},{"@type":"Person","@id":"https:\/\/radioljubuski.ba\/#\/schema\/person\/19fc700381a780f69665d7956c469e3b","name":"Radio Ljubu\u0161ki"}]}},"_links":{"self":[{"href":"https:\/\/radioljubuski.ba\/index.php\/wp-json\/wp\/v2\/posts\/118587","targetHints":{"allow":["GET"]}}],"collection":[{"href":"https:\/\/radioljubuski.ba\/index.php\/wp-json\/wp\/v2\/posts"}],"about":[{"href":"https:\/\/radioljubuski.ba\/index.php\/wp-json\/wp\/v2\/types\/post"}],"author":[{"embeddable":true,"href":"https:\/\/radioljubuski.ba\/index.php\/wp-json\/wp\/v2\/users\/2"}],"replies":[{"embeddable":true,"href":"https:\/\/radioljubuski.ba\/index.php\/wp-json\/wp\/v2\/comments?post=118587"}],"version-history":[{"count":1,"href":"https:\/\/radioljubuski.ba\/index.php\/wp-json\/wp\/v2\/posts\/118587\/revisions"}],"predecessor-version":[{"id":118589,"href":"https:\/\/radioljubuski.ba\/index.php\/wp-json\/wp\/v2\/posts\/118587\/revisions\/118589"}],"wp:featuredmedia":[{"embeddable":true,"href":"https:\/\/radioljubuski.ba\/index.php\/wp-json\/wp\/v2\/media\/118588"}],"wp:attachment":[{"href":"https:\/\/radioljubuski.ba\/index.php\/wp-json\/wp\/v2\/media?parent=118587"}],"wp:term":[{"taxonomy":"category","embeddable":true,"href":"https:\/\/radioljubuski.ba\/index.php\/wp-json\/wp\/v2\/categories?post=118587"},{"taxonomy":"post_tag","embeddable":true,"href":"https:\/\/radioljubuski.ba\/index.php\/wp-json\/wp\/v2\/tags?post=118587"}],"curies":[{"name":"wp","href":"https:\/\/api.w.org\/{rel}","templated":true}]}}