{"id":118600,"date":"2022-03-06T14:42:15","date_gmt":"2022-03-06T13:42:15","guid":{"rendered":"https:\/\/radioljubuski.ba\/?p=118600"},"modified":"2022-03-06T14:42:16","modified_gmt":"2022-03-06T13:42:16","slug":"sto-ako-rusi-otmu-ili-ubiju-zelenskog-prvi-nasljednik-je-jasan-ali-nakon-njega-javlja-se-problem","status":"publish","type":"post","link":"https:\/\/radioljubuski.ba\/index.php\/2022\/03\/06\/sto-ako-rusi-otmu-ili-ubiju-zelenskog-prvi-nasljednik-je-jasan-ali-nakon-njega-javlja-se-problem\/","title":{"rendered":"\u0160to ako Rusi otmu ili ubiju Zelenskog? Prvi nasljednik je jasan, ali nakon njega javlja se problem&#8230;"},"content":{"rendered":"\n<p>Amerikanci su poku\u0161ali nagovoriti ukrajinskog \u0161efa parlamenta Ruslana Stefan\u010duka da se skloni na sigurno, ali je on to odbio, kao i predsjednik Volodimir Zelenski prije njega. New York Times pi\u0161e da ameri\u010dke obavje\u0161tajne slu\u017ebe prave planove kako pomo\u0107i Ukrajincima u slu\u010daju da Kijev padne u ruske ruke, a i u slu\u010daju da nastrada predsjednik Zelenski.<\/p>\n\n\n\n<p>Amerikanci \u017eele osigurati jasan prijenos vlasti u slu\u010daju da Zelenski bude otet ili ubijen, a problem im je \u0161to su ukrajinski du\u017enosnici neskloni odlasku na sigurna podru\u010dja, a ukrajinski Ustav nije jasan po pitanju tko predstavlja legitimnu vlast nakon predsjednika i \u0161efa parlamenta, prenosi&nbsp;<a href=\"https:\/\/www.jutarnji.hr\/vijesti\/svijet\/sto-ako-rusi-otmu-ili-ubiju-zelenskog-prvi-nasljednik-je-jasan-ali-nakon-njega-javlja-se-problem-15166470\">Jutarnji.hr.<\/a><\/p>\n\n\n\n<p>I u slu\u010daju da padne Kijev i Rusi postave marionetsku vladu, va\u017eno je da ukrajinska vlada zadr\u017ei legitimitet, jer to bitno ote\u017eava instaliranim nasljednicima da se nametnu. Osim toga, tako \u0107e zapadnim saveznicima biti lak\u0161e slati pomo\u0107 i oru\u017eje, svejedno bila ukrajinska vlada na jugu zemlje ili u egzilu u Poljskoj ili Rumunjskoj. &#8220;Trebam oru\u017eje, a ne izlaz&#8221;, odgovorio je Zelenski kad je odlu\u010dio ostati uz svoje ljude. No ameri\u010dki du\u017enosnici demantiraju da su mu ponudili evakuaciju.<\/p>\n\n\n\n<p>Zapadne vlade pozdravile su odluku ukrajinskog predsjednika da ostane uz svoj narod, a njegovi govori jako su bitni za odr\u017eavanje morala. \u010citav pro\u0161li tjedan vodili su se intenzivne rasprave u Bijeloj ku\u0107i i u kabinetima Capitol Hilla o tome kako osigurati pomo\u0107 Ukrajini ako Rusija zauzme Kijev. SAD planira i u toj situaciji nastaviti pru\u017eati vojnu pomo\u0107 Ukrajini, prenosi NYT.<\/p>\n\n\n\n<p>Izvor lista prenosi da su Amerikanci uspjeli natjerati Ukrajince da ne dozvole svojim visokim du\u017enosnicima da se dulje vrijeme zadr\u017eavaju na jednom mjestu. Jo\u0161 jednom su ih pozvali da odu na sigurnija mjesta izvan Kijeva. SAD inzistiraju da Ukrajinci odrede gdje bi moglo biti sjedi\u0161te vlade ukoliko padne Kijev. Razmatra se predsjedni\u010dka vila na Karpatima, ali jo\u0161 nije jasno ima li ta rezidencija dovoljno sigurno skloni\u0161te i potrebne komunikacijske kapacitete.<\/p>\n\n\n\n<p>Sjedinjene Dr\u017eave imaju dugu povijest tajnog opskrbljivanja oru\u017ejem pobunjeni\u010dkim skupinama diljem svijeta, pi\u0161e NYT. To ostaje kao otvorena mogu\u0107nost i za Ukrajinu. Ukrajinski politi\u010dari ponavljaju da su koncentrirani na na borbu i pobjedu u ratu, te da ih ne zanimaju rasprave o tome tko bi koga trebao naslijediti. Zelenski je u \u010detvrtak odr\u017eao konferenciju za novinare u prostoriji s vre\u0107ama pijeska naslaganim uz prozore, svjestan da je u \u017eivotno riskantnoj situaciji. NYT pi\u0161e da je ukrajinski predsjednik, suprotno svojoj retorici, i prije ruske invazije ozbiljno shvatio upozorenje ameri\u010dkih obavje\u0161tajaca da ga Rusi namjeravaju zarobiti ili ubiti.<\/p>\n\n\n\n<p>Khrystyna Holynska, Ukrajinka koja radi kao znanstvenica u RAND Corporationu, rekla je da je nesumnjiva velika uloga Zelenskoga u trenutnim okolnostima. No treba misliti korak unaprijed. &#8220;Ako mu se ne\u0161to dogodi, bilo bi vrlo va\u017eno poslati kristalno jasnu poruku o tome tko sada vodi dr\u017eavu&#8221;, isti\u010de znanstvenica. Osim toga da Zelenskog naslje\u0111uje predsjednik parlamenta Stefan\u010duk, linija naslje\u0111ivanja nije jasna. Kad su se i Zelenski i Stefan\u010duk 2020. razboljeli od covida, ukrajinski pravnici tuma\u010dili su da je premijer Denis \u0160mihal taj koji postaje predsjednik ako Zelenski i Stefan\u010duk budu sprije\u010deni obavljati du\u017enost. &#8220;Ljudi moraju znati tko je na vlasti. Trenutno je Zelenski jako u fokusu. On je u vijestima, posvuda je. Gubitak vo\u0111e ne bi bio dobar za otpor, za volju za borbom, za duh u Ukrajini&#8221;, upozorava Holynska.<\/p>\n\n\n\n<p>Izvor:jutarnji.hr<\/p>\n","protected":false},"excerpt":{"rendered":"<p>Amerikanci su poku\u0161ali nagovoriti ukrajinskog \u0161efa parlamenta Ruslana Stefan\u010duka da se skloni na sigurno, ali je on to odbio, kao i predsjednik Volodimir Zelenski prije njega. New York Times pi\u0161e da ameri\u010dke obavje\u0161tajne slu\u017ebe prave planove kako pomo\u0107i Ukrajincima u slu\u010daju da Kijev padne u ruske ruke, a i u slu\u010daju da nastrada predsjednik Zelenski. [&hellip;]<\/p>\n","protected":false},"author":2,"featured_media":118601,"comment_status":"closed","ping_status":"closed","sticky":false,"template":"","format":"standard","meta":{"h5ap_radio_sources":[],"footnotes":""},"categories":[1],"tags":[],"class_list":["post-118600","post","type-post","status-publish","format-standard","has-post-thumbnail","hentry","category-bihiregija"],"yoast_head":"<!-- This site is optimized with the Yoast SEO plugin v27.5 - https:\/\/yoast.com\/product\/yoast-seo-wordpress\/ -->\n<title>\u0160to ako Rusi otmu ili ubiju Zelenskog? Prvi nasljednik je jasan, ali nakon njega javlja se problem... - RADIO LJUBU\u0160KI<\/title>\n<meta name=\"robots\" content=\"index, follow, max-snippet:-1, max-image-preview:large, max-video-preview:-1\" \/>\n<link rel=\"canonical\" href=\"https:\/\/radioljubuski.ba\/index.php\/2022\/03\/06\/sto-ako-rusi-otmu-ili-ubiju-zelenskog-prvi-nasljednik-je-jasan-ali-nakon-njega-javlja-se-problem\/\" \/>\n<meta property=\"og:locale\" content=\"hr_HR\" \/>\n<meta property=\"og:type\" content=\"article\" \/>\n<meta property=\"og:title\" content=\"\u0160to ako Rusi otmu ili ubiju Zelenskog? Prvi nasljednik je jasan, ali nakon njega javlja se problem... - RADIO LJUBU\u0160KI\" \/>\n<meta property=\"og:description\" content=\"Amerikanci su poku\u0161ali nagovoriti ukrajinskog \u0161efa parlamenta Ruslana Stefan\u010duka da se skloni na sigurno, ali je on to odbio, kao i predsjednik Volodimir Zelenski prije njega. New York Times pi\u0161e da ameri\u010dke obavje\u0161tajne slu\u017ebe prave planove kako pomo\u0107i Ukrajincima u slu\u010daju da Kijev padne u ruske ruke, a i u slu\u010daju da nastrada predsjednik Zelenski. [&hellip;]\" \/>\n<meta property=\"og:url\" content=\"https:\/\/radioljubuski.ba\/index.php\/2022\/03\/06\/sto-ako-rusi-otmu-ili-ubiju-zelenskog-prvi-nasljednik-je-jasan-ali-nakon-njega-javlja-se-problem\/\" \/>\n<meta property=\"og:site_name\" content=\"RADIO LJUBU\u0160KI\" \/>\n<meta property=\"article:publisher\" content=\"https:\/\/www.facebook.com\/Radiio-Ljubuski-1490835324566332\" \/>\n<meta property=\"article:published_time\" content=\"2022-03-06T13:42:15+00:00\" \/>\n<meta property=\"article:modified_time\" content=\"2022-03-06T13:42:16+00:00\" \/>\n<meta property=\"og:image\" content=\"https:\/\/radioljubuski.ba\/wp-content\/uploads\/2022\/03\/2-2022-03-06-09-29-04-f_23918429_1024.jpg\" \/>\n\t<meta property=\"og:image:width\" content=\"1000\" \/>\n\t<meta property=\"og:image:height\" content=\"625\" \/>\n\t<meta property=\"og:image:type\" content=\"image\/jpeg\" \/>\n<meta name=\"author\" content=\"Radio Ljubu\u0161ki\" \/>\n<meta name=\"twitter:card\" content=\"summary_large_image\" \/>\n<meta name=\"twitter:creator\" content=\"@radioljubuski\" \/>\n<meta name=\"twitter:site\" content=\"@radioljubuski\" \/>\n<meta name=\"twitter:label1\" content=\"Napisao\/la\" \/>\n\t<meta name=\"twitter:data1\" content=\"Radio Ljubu\u0161ki\" \/>\n\t<meta name=\"twitter:label2\" content=\"Procijenjeno vrijeme \u010ditanja\" \/>\n\t<meta name=\"twitter:data2\" content=\"3 minute\" \/>\n<script type=\"application\/ld+json\" class=\"yoast-schema-graph\">{\"@context\":\"https:\\\/\\\/schema.org\",\"@graph\":[{\"@type\":\"Article\",\"@id\":\"https:\\\/\\\/radioljubuski.ba\\\/index.php\\\/2022\\\/03\\\/06\\\/sto-ako-rusi-otmu-ili-ubiju-zelenskog-prvi-nasljednik-je-jasan-ali-nakon-njega-javlja-se-problem\\\/#article\",\"isPartOf\":{\"@id\":\"https:\\\/\\\/radioljubuski.ba\\\/index.php\\\/2022\\\/03\\\/06\\\/sto-ako-rusi-otmu-ili-ubiju-zelenskog-prvi-nasljednik-je-jasan-ali-nakon-njega-javlja-se-problem\\\/\"},\"author\":{\"name\":\"Radio Ljubu\u0161ki\",\"@id\":\"https:\\\/\\\/radioljubuski.ba\\\/#\\\/schema\\\/person\\\/19fc700381a780f69665d7956c469e3b\"},\"headline\":\"\u0160to ako Rusi otmu ili ubiju Zelenskog? Prvi nasljednik je jasan, ali nakon njega javlja se problem&#8230;\",\"datePublished\":\"2022-03-06T13:42:15+00:00\",\"dateModified\":\"2022-03-06T13:42:16+00:00\",\"mainEntityOfPage\":{\"@id\":\"https:\\\/\\\/radioljubuski.ba\\\/index.php\\\/2022\\\/03\\\/06\\\/sto-ako-rusi-otmu-ili-ubiju-zelenskog-prvi-nasljednik-je-jasan-ali-nakon-njega-javlja-se-problem\\\/\"},\"wordCount\":607,\"publisher\":{\"@id\":\"https:\\\/\\\/radioljubuski.ba\\\/#organization\"},\"image\":{\"@id\":\"https:\\\/\\\/radioljubuski.ba\\\/index.php\\\/2022\\\/03\\\/06\\\/sto-ako-rusi-otmu-ili-ubiju-zelenskog-prvi-nasljednik-je-jasan-ali-nakon-njega-javlja-se-problem\\\/#primaryimage\"},\"thumbnailUrl\":\"https:\\\/\\\/radioljubuski.ba\\\/wp-content\\\/uploads\\\/2022\\\/03\\\/2-2022-03-06-09-29-04-f_23918429_1024.jpg\",\"articleSection\":[\"BIH i regija\"],\"inLanguage\":\"hr\"},{\"@type\":\"WebPage\",\"@id\":\"https:\\\/\\\/radioljubuski.ba\\\/index.php\\\/2022\\\/03\\\/06\\\/sto-ako-rusi-otmu-ili-ubiju-zelenskog-prvi-nasljednik-je-jasan-ali-nakon-njega-javlja-se-problem\\\/\",\"url\":\"https:\\\/\\\/radioljubuski.ba\\\/index.php\\\/2022\\\/03\\\/06\\\/sto-ako-rusi-otmu-ili-ubiju-zelenskog-prvi-nasljednik-je-jasan-ali-nakon-njega-javlja-se-problem\\\/\",\"name\":\"\u0160to ako Rusi otmu ili ubiju Zelenskog? Prvi nasljednik je jasan, ali nakon njega javlja se problem... - RADIO LJUBU\u0160KI\",\"isPartOf\":{\"@id\":\"https:\\\/\\\/radioljubuski.ba\\\/#website\"},\"primaryImageOfPage\":{\"@id\":\"https:\\\/\\\/radioljubuski.ba\\\/index.php\\\/2022\\\/03\\\/06\\\/sto-ako-rusi-otmu-ili-ubiju-zelenskog-prvi-nasljednik-je-jasan-ali-nakon-njega-javlja-se-problem\\\/#primaryimage\"},\"image\":{\"@id\":\"https:\\\/\\\/radioljubuski.ba\\\/index.php\\\/2022\\\/03\\\/06\\\/sto-ako-rusi-otmu-ili-ubiju-zelenskog-prvi-nasljednik-je-jasan-ali-nakon-njega-javlja-se-problem\\\/#primaryimage\"},\"thumbnailUrl\":\"https:\\\/\\\/radioljubuski.ba\\\/wp-content\\\/uploads\\\/2022\\\/03\\\/2-2022-03-06-09-29-04-f_23918429_1024.jpg\",\"datePublished\":\"2022-03-06T13:42:15+00:00\",\"dateModified\":\"2022-03-06T13:42:16+00:00\",\"breadcrumb\":{\"@id\":\"https:\\\/\\\/radioljubuski.ba\\\/index.php\\\/2022\\\/03\\\/06\\\/sto-ako-rusi-otmu-ili-ubiju-zelenskog-prvi-nasljednik-je-jasan-ali-nakon-njega-javlja-se-problem\\\/#breadcrumb\"},\"inLanguage\":\"hr\",\"potentialAction\":[{\"@type\":\"ReadAction\",\"target\":[\"https:\\\/\\\/radioljubuski.ba\\\/index.php\\\/2022\\\/03\\\/06\\\/sto-ako-rusi-otmu-ili-ubiju-zelenskog-prvi-nasljednik-je-jasan-ali-nakon-njega-javlja-se-problem\\\/\"]}]},{\"@type\":\"ImageObject\",\"inLanguage\":\"hr\",\"@id\":\"https:\\\/\\\/radioljubuski.ba\\\/index.php\\\/2022\\\/03\\\/06\\\/sto-ako-rusi-otmu-ili-ubiju-zelenskog-prvi-nasljednik-je-jasan-ali-nakon-njega-javlja-se-problem\\\/#primaryimage\",\"url\":\"https:\\\/\\\/radioljubuski.ba\\\/wp-content\\\/uploads\\\/2022\\\/03\\\/2-2022-03-06-09-29-04-f_23918429_1024.jpg\",\"contentUrl\":\"https:\\\/\\\/radioljubuski.ba\\\/wp-content\\\/uploads\\\/2022\\\/03\\\/2-2022-03-06-09-29-04-f_23918429_1024.jpg\",\"width\":1000,\"height\":625},{\"@type\":\"BreadcrumbList\",\"@id\":\"https:\\\/\\\/radioljubuski.ba\\\/index.php\\\/2022\\\/03\\\/06\\\/sto-ako-rusi-otmu-ili-ubiju-zelenskog-prvi-nasljednik-je-jasan-ali-nakon-njega-javlja-se-problem\\\/#breadcrumb\",\"itemListElement\":[{\"@type\":\"ListItem\",\"position\":1,\"name\":\"Po\u010detna stranica\",\"item\":\"https:\\\/\\\/radioljubuski.ba\\\/\"},{\"@type\":\"ListItem\",\"position\":2,\"name\":\"\u0160to ako Rusi otmu ili ubiju Zelenskog? Prvi nasljednik je jasan, ali nakon njega javlja se problem&#8230;\"}]},{\"@type\":\"WebSite\",\"@id\":\"https:\\\/\\\/radioljubuski.ba\\\/#website\",\"url\":\"https:\\\/\\\/radioljubuski.ba\\\/\",\"name\":\"Radio Ljubu\u0161ki\",\"description\":\"Sun\u010dana frekvencija Hercegovine\",\"publisher\":{\"@id\":\"https:\\\/\\\/radioljubuski.ba\\\/#organization\"},\"potentialAction\":[{\"@type\":\"SearchAction\",\"target\":{\"@type\":\"EntryPoint\",\"urlTemplate\":\"https:\\\/\\\/radioljubuski.ba\\\/?s={search_term_string}\"},\"query-input\":{\"@type\":\"PropertyValueSpecification\",\"valueRequired\":true,\"valueName\":\"search_term_string\"}}],\"inLanguage\":\"hr\"},{\"@type\":\"Organization\",\"@id\":\"https:\\\/\\\/radioljubuski.ba\\\/#organization\",\"name\":\"Radio Ljubu\u0161ki\",\"url\":\"https:\\\/\\\/radioljubuski.ba\\\/\",\"logo\":{\"@type\":\"ImageObject\",\"inLanguage\":\"hr\",\"@id\":\"https:\\\/\\\/radioljubuski.ba\\\/#\\\/schema\\\/logo\\\/image\\\/\",\"url\":\"https:\\\/\\\/radioljubuski.ba\\\/wp-content\\\/uploads\\\/2021\\\/02\\\/cropped-Radio_Ljubuski_logo1.jpg\",\"contentUrl\":\"https:\\\/\\\/radioljubuski.ba\\\/wp-content\\\/uploads\\\/2021\\\/02\\\/cropped-Radio_Ljubuski_logo1.jpg\",\"width\":512,\"height\":512,\"caption\":\"Radio Ljubu\u0161ki\"},\"image\":{\"@id\":\"https:\\\/\\\/radioljubuski.ba\\\/#\\\/schema\\\/logo\\\/image\\\/\"},\"sameAs\":[\"https:\\\/\\\/www.facebook.com\\\/Radiio-Ljubuski-1490835324566332\",\"https:\\\/\\\/x.com\\\/radioljubuski\",\"https:\\\/\\\/hr.linkedin.com\\\/company\\\/radio-ljubuski\",\"https:\\\/\\\/www.youtube.com\\\/channel\\\/UCHYaeO_n0Db3tjNGudGpXyw\"]},{\"@type\":\"Person\",\"@id\":\"https:\\\/\\\/radioljubuski.ba\\\/#\\\/schema\\\/person\\\/19fc700381a780f69665d7956c469e3b\",\"name\":\"Radio Ljubu\u0161ki\"}]}<\/script>\n<!-- \/ Yoast SEO plugin. -->","yoast_head_json":{"title":"\u0160to ako Rusi otmu ili ubiju Zelenskog? Prvi nasljednik je jasan, ali nakon njega javlja se problem... - RADIO LJUBU\u0160KI","robots":{"index":"index","follow":"follow","max-snippet":"max-snippet:-1","max-image-preview":"max-image-preview:large","max-video-preview":"max-video-preview:-1"},"canonical":"https:\/\/radioljubuski.ba\/index.php\/2022\/03\/06\/sto-ako-rusi-otmu-ili-ubiju-zelenskog-prvi-nasljednik-je-jasan-ali-nakon-njega-javlja-se-problem\/","og_locale":"hr_HR","og_type":"article","og_title":"\u0160to ako Rusi otmu ili ubiju Zelenskog? Prvi nasljednik je jasan, ali nakon njega javlja se problem... - RADIO LJUBU\u0160KI","og_description":"Amerikanci su poku\u0161ali nagovoriti ukrajinskog \u0161efa parlamenta Ruslana Stefan\u010duka da se skloni na sigurno, ali je on to odbio, kao i predsjednik Volodimir Zelenski prije njega. New York Times pi\u0161e da ameri\u010dke obavje\u0161tajne slu\u017ebe prave planove kako pomo\u0107i Ukrajincima u slu\u010daju da Kijev padne u ruske ruke, a i u slu\u010daju da nastrada predsjednik Zelenski. [&hellip;]","og_url":"https:\/\/radioljubuski.ba\/index.php\/2022\/03\/06\/sto-ako-rusi-otmu-ili-ubiju-zelenskog-prvi-nasljednik-je-jasan-ali-nakon-njega-javlja-se-problem\/","og_site_name":"RADIO LJUBU\u0160KI","article_publisher":"https:\/\/www.facebook.com\/Radiio-Ljubuski-1490835324566332","article_published_time":"2022-03-06T13:42:15+00:00","article_modified_time":"2022-03-06T13:42:16+00:00","og_image":[{"width":1000,"height":625,"url":"https:\/\/radioljubuski.ba\/wp-content\/uploads\/2022\/03\/2-2022-03-06-09-29-04-f_23918429_1024.jpg","type":"image\/jpeg"}],"author":"Radio Ljubu\u0161ki","twitter_card":"summary_large_image","twitter_creator":"@radioljubuski","twitter_site":"@radioljubuski","twitter_misc":{"Napisao\/la":"Radio Ljubu\u0161ki","Procijenjeno vrijeme \u010ditanja":"3 minute"},"schema":{"@context":"https:\/\/schema.org","@graph":[{"@type":"Article","@id":"https:\/\/radioljubuski.ba\/index.php\/2022\/03\/06\/sto-ako-rusi-otmu-ili-ubiju-zelenskog-prvi-nasljednik-je-jasan-ali-nakon-njega-javlja-se-problem\/#article","isPartOf":{"@id":"https:\/\/radioljubuski.ba\/index.php\/2022\/03\/06\/sto-ako-rusi-otmu-ili-ubiju-zelenskog-prvi-nasljednik-je-jasan-ali-nakon-njega-javlja-se-problem\/"},"author":{"name":"Radio Ljubu\u0161ki","@id":"https:\/\/radioljubuski.ba\/#\/schema\/person\/19fc700381a780f69665d7956c469e3b"},"headline":"\u0160to ako Rusi otmu ili ubiju Zelenskog? Prvi nasljednik je jasan, ali nakon njega javlja se problem&#8230;","datePublished":"2022-03-06T13:42:15+00:00","dateModified":"2022-03-06T13:42:16+00:00","mainEntityOfPage":{"@id":"https:\/\/radioljubuski.ba\/index.php\/2022\/03\/06\/sto-ako-rusi-otmu-ili-ubiju-zelenskog-prvi-nasljednik-je-jasan-ali-nakon-njega-javlja-se-problem\/"},"wordCount":607,"publisher":{"@id":"https:\/\/radioljubuski.ba\/#organization"},"image":{"@id":"https:\/\/radioljubuski.ba\/index.php\/2022\/03\/06\/sto-ako-rusi-otmu-ili-ubiju-zelenskog-prvi-nasljednik-je-jasan-ali-nakon-njega-javlja-se-problem\/#primaryimage"},"thumbnailUrl":"https:\/\/radioljubuski.ba\/wp-content\/uploads\/2022\/03\/2-2022-03-06-09-29-04-f_23918429_1024.jpg","articleSection":["BIH i regija"],"inLanguage":"hr"},{"@type":"WebPage","@id":"https:\/\/radioljubuski.ba\/index.php\/2022\/03\/06\/sto-ako-rusi-otmu-ili-ubiju-zelenskog-prvi-nasljednik-je-jasan-ali-nakon-njega-javlja-se-problem\/","url":"https:\/\/radioljubuski.ba\/index.php\/2022\/03\/06\/sto-ako-rusi-otmu-ili-ubiju-zelenskog-prvi-nasljednik-je-jasan-ali-nakon-njega-javlja-se-problem\/","name":"\u0160to ako Rusi otmu ili ubiju Zelenskog? Prvi nasljednik je jasan, ali nakon njega javlja se problem... - RADIO LJUBU\u0160KI","isPartOf":{"@id":"https:\/\/radioljubuski.ba\/#website"},"primaryImageOfPage":{"@id":"https:\/\/radioljubuski.ba\/index.php\/2022\/03\/06\/sto-ako-rusi-otmu-ili-ubiju-zelenskog-prvi-nasljednik-je-jasan-ali-nakon-njega-javlja-se-problem\/#primaryimage"},"image":{"@id":"https:\/\/radioljubuski.ba\/index.php\/2022\/03\/06\/sto-ako-rusi-otmu-ili-ubiju-zelenskog-prvi-nasljednik-je-jasan-ali-nakon-njega-javlja-se-problem\/#primaryimage"},"thumbnailUrl":"https:\/\/radioljubuski.ba\/wp-content\/uploads\/2022\/03\/2-2022-03-06-09-29-04-f_23918429_1024.jpg","datePublished":"2022-03-06T13:42:15+00:00","dateModified":"2022-03-06T13:42:16+00:00","breadcrumb":{"@id":"https:\/\/radioljubuski.ba\/index.php\/2022\/03\/06\/sto-ako-rusi-otmu-ili-ubiju-zelenskog-prvi-nasljednik-je-jasan-ali-nakon-njega-javlja-se-problem\/#breadcrumb"},"inLanguage":"hr","potentialAction":[{"@type":"ReadAction","target":["https:\/\/radioljubuski.ba\/index.php\/2022\/03\/06\/sto-ako-rusi-otmu-ili-ubiju-zelenskog-prvi-nasljednik-je-jasan-ali-nakon-njega-javlja-se-problem\/"]}]},{"@type":"ImageObject","inLanguage":"hr","@id":"https:\/\/radioljubuski.ba\/index.php\/2022\/03\/06\/sto-ako-rusi-otmu-ili-ubiju-zelenskog-prvi-nasljednik-je-jasan-ali-nakon-njega-javlja-se-problem\/#primaryimage","url":"https:\/\/radioljubuski.ba\/wp-content\/uploads\/2022\/03\/2-2022-03-06-09-29-04-f_23918429_1024.jpg","contentUrl":"https:\/\/radioljubuski.ba\/wp-content\/uploads\/2022\/03\/2-2022-03-06-09-29-04-f_23918429_1024.jpg","width":1000,"height":625},{"@type":"BreadcrumbList","@id":"https:\/\/radioljubuski.ba\/index.php\/2022\/03\/06\/sto-ako-rusi-otmu-ili-ubiju-zelenskog-prvi-nasljednik-je-jasan-ali-nakon-njega-javlja-se-problem\/#breadcrumb","itemListElement":[{"@type":"ListItem","position":1,"name":"Po\u010detna stranica","item":"https:\/\/radioljubuski.ba\/"},{"@type":"ListItem","position":2,"name":"\u0160to ako Rusi otmu ili ubiju Zelenskog? Prvi nasljednik je jasan, ali nakon njega javlja se problem&#8230;"}]},{"@type":"WebSite","@id":"https:\/\/radioljubuski.ba\/#website","url":"https:\/\/radioljubuski.ba\/","name":"Radio Ljubu\u0161ki","description":"Sun\u010dana frekvencija Hercegovine","publisher":{"@id":"https:\/\/radioljubuski.ba\/#organization"},"potentialAction":[{"@type":"SearchAction","target":{"@type":"EntryPoint","urlTemplate":"https:\/\/radioljubuski.ba\/?s={search_term_string}"},"query-input":{"@type":"PropertyValueSpecification","valueRequired":true,"valueName":"search_term_string"}}],"inLanguage":"hr"},{"@type":"Organization","@id":"https:\/\/radioljubuski.ba\/#organization","name":"Radio Ljubu\u0161ki","url":"https:\/\/radioljubuski.ba\/","logo":{"@type":"ImageObject","inLanguage":"hr","@id":"https:\/\/radioljubuski.ba\/#\/schema\/logo\/image\/","url":"https:\/\/radioljubuski.ba\/wp-content\/uploads\/2021\/02\/cropped-Radio_Ljubuski_logo1.jpg","contentUrl":"https:\/\/radioljubuski.ba\/wp-content\/uploads\/2021\/02\/cropped-Radio_Ljubuski_logo1.jpg","width":512,"height":512,"caption":"Radio Ljubu\u0161ki"},"image":{"@id":"https:\/\/radioljubuski.ba\/#\/schema\/logo\/image\/"},"sameAs":["https:\/\/www.facebook.com\/Radiio-Ljubuski-1490835324566332","https:\/\/x.com\/radioljubuski","https:\/\/hr.linkedin.com\/company\/radio-ljubuski","https:\/\/www.youtube.com\/channel\/UCHYaeO_n0Db3tjNGudGpXyw"]},{"@type":"Person","@id":"https:\/\/radioljubuski.ba\/#\/schema\/person\/19fc700381a780f69665d7956c469e3b","name":"Radio Ljubu\u0161ki"}]}},"_links":{"self":[{"href":"https:\/\/radioljubuski.ba\/index.php\/wp-json\/wp\/v2\/posts\/118600","targetHints":{"allow":["GET"]}}],"collection":[{"href":"https:\/\/radioljubuski.ba\/index.php\/wp-json\/wp\/v2\/posts"}],"about":[{"href":"https:\/\/radioljubuski.ba\/index.php\/wp-json\/wp\/v2\/types\/post"}],"author":[{"embeddable":true,"href":"https:\/\/radioljubuski.ba\/index.php\/wp-json\/wp\/v2\/users\/2"}],"replies":[{"embeddable":true,"href":"https:\/\/radioljubuski.ba\/index.php\/wp-json\/wp\/v2\/comments?post=118600"}],"version-history":[{"count":1,"href":"https:\/\/radioljubuski.ba\/index.php\/wp-json\/wp\/v2\/posts\/118600\/revisions"}],"predecessor-version":[{"id":118602,"href":"https:\/\/radioljubuski.ba\/index.php\/wp-json\/wp\/v2\/posts\/118600\/revisions\/118602"}],"wp:featuredmedia":[{"embeddable":true,"href":"https:\/\/radioljubuski.ba\/index.php\/wp-json\/wp\/v2\/media\/118601"}],"wp:attachment":[{"href":"https:\/\/radioljubuski.ba\/index.php\/wp-json\/wp\/v2\/media?parent=118600"}],"wp:term":[{"taxonomy":"category","embeddable":true,"href":"https:\/\/radioljubuski.ba\/index.php\/wp-json\/wp\/v2\/categories?post=118600"},{"taxonomy":"post_tag","embeddable":true,"href":"https:\/\/radioljubuski.ba\/index.php\/wp-json\/wp\/v2\/tags?post=118600"}],"curies":[{"name":"wp","href":"https:\/\/api.w.org\/{rel}","templated":true}]}}