{"id":118608,"date":"2022-03-06T14:47:15","date_gmt":"2022-03-06T13:47:15","guid":{"rendered":"https:\/\/radioljubuski.ba\/?p=118608"},"modified":"2022-03-06T14:47:16","modified_gmt":"2022-03-06T13:47:16","slug":"speleolosko-drustvo-herceg-istrazuje-tajne-hercegovackog-podzemlja","status":"publish","type":"post","link":"https:\/\/radioljubuski.ba\/index.php\/2022\/03\/06\/speleolosko-drustvo-herceg-istrazuje-tajne-hercegovackog-podzemlja\/","title":{"rendered":"Speleolo\u0161ko dru\u0161tvo &#8216;Herceg&#8217; istra\u017euje tajne hercegova\u010dkog podzemlja"},"content":{"rendered":"\n<p>Grupa od dvadesetak ljudi, zaljubljenika u speleologiju, osnovala je u Mostaru 2012. godine Speleolo\u0161ko dru\u0161tvo \u201dHerceg\u201d i od tada aktivno i organizirano istra\u017euju podru\u010dje hercegova\u010dkog podzemlja, iznimno bogato speleolo\u0161kim objektima.<\/p>\n\n\n\n<p>MOSTAR, 6. o\u017eujka (FENA) \u2013 Grupa od dvadesetak ljudi, zaljubljenika u speleologiju, osnovala je u Mostaru 2012. godine Speleolo\u0161ko dru\u0161tvo \u201dHerceg\u201d i od tada aktivno i organizirano istra\u017euju podru\u010dje hercegova\u010dkog podzemlja, iznimno bogato speleolo\u0161kim objektima.<\/p>\n\n\n\n<p>U razgovoru za Fenu, predsjednica dru\u0161tva \u017dana Marijanovi\u0107 otkrila Je \u0161to je to speleologija i s kakvim se sve stvarima susre\u0107u u kra\u0161kom krajoliku Hercegovine.<\/p>\n\n\n\n<p>&#8211; Istra\u017eujemo podzemne \u0161pilje, jame, razne speleolo\u0161ke fenomene, a na neki na\u010din bavimo se i znanstvenim radom jer sve ono \u0161to pronalazimo zabilje\u017eimo i mapiramo \u2013 rekla je Marijanovi\u0107.<\/p>\n\n\n\n<p>Speleolo\u0161ko dru\u0161tvo \u201dHerceg\u201d ima 21 \u010dlana, od kojih je 10 aktivno, a ostali \u201eusko\u010de\u201d kada je potrebno pomo\u0107i.<\/p>\n\n\n\n<p>Po njezinim rije\u010dima, zbog nedovoljne razvijenosti speleologije na na\u0161em podru\u010dju te \u010dinjenice da ljudi nisu upoznati s ovom multidisciplinarnom aktivno\u0161\u0107u, nema veliki broj ljudi koji bi mogli istra\u017eiti jo\u0161 ve\u0107i broj speleolo\u0161kih objekata u Hercegovini.<\/p>\n\n\n\n<p>Izrazila je nadu da \u0107e se ta situacija promijeniti kroz godine \u0161to slijede i da \u0107e se razvijanjem speleologije pove\u0107ati broj ljudi koje zanima ta znanstvena disciplina.<\/p>\n\n\n\n<p>Speleologija sa sobom nosi dozu opasnosti, ali i odre\u0111enog avanturisti\u010dko-adrenalinskog duha, a uz u\u010denje i iskustvo, mnoge se opasnosti mogu vrlo lako izbje\u0107i, ka\u017ee predsjednica dru\u0161tva.<\/p>\n\n\n\n<p>&#8211; Nekako smo uvijek u\u010dili da postoje objektivne opasnosti na koje ne mo\u017eemo utjecati i subjektivne opasnosti, gdje moramo kontrolirati sami sebe. Mi speleolozi trebali bi \u010de\u0161\u0107e obnavljati svoja znanja i vje\u0161tine \u2013 napomenula je Marijanovi\u0107.<\/p>\n\n\n\n<p>Hercegovina je puna neistra\u017eenih objekata<\/p>\n\n\n\n<p>Kako bi se rizik dodatno smanjio Speleolo\u0161ko dru\u0161tvo \u201dHerceg\u201d u svojim prostorijama, u kontroliranim uvjetima, obu\u010dava svoje \u010dlanove osnovnim tehnikama, poput penjanja uz stijene, a speleolozi se, tako\u0111er, u\u010de disciplini i timskom radu.<\/p>\n\n\n\n<p>Broj nesre\u0107a u speleolo\u0161kim objektima razmjerno je mali, a uglavnom se doga\u0111aju kada osoba precijeni svoje sposobnosti.<\/p>\n\n\n\n<p>&#8211; Koliko znam u BiH nije bilo speleolo\u0161kih nesre\u0107a, a u Hrvatskoj, koja je dosta razvijenija po ovome pitanju, mislim da su bile \u010detiri nesre\u0107e, ali koje su tako\u0111er izazvane osobnom nepa\u017enjom \u2013 navela je Marijanovi\u0107.<\/p>\n\n\n\n<p>Mnogi speleolo\u0161ki objekti u Hercegovini su ili neotkriveni ili slabo istra\u017eeni, \u0161to daje posebnu dra\u017e \u010dlanovima dru\u0161tva da se bave ovom aktivno\u0161\u0107u.<\/p>\n\n\n\n<p>&#8211; Sama pomisao, kad se spustite na jedno mjesto, da ste vi doslovce prva osoba koja stoji tu, to ve\u0107 predstavlja ne\u0161to. Svakim odlaskom u neki speleolo\u0161ki objekt, obradom i istra\u017eivanjem tog objekta vi pi\u0161ete povijest \u2013 istaknula je Marijanovi\u0107.<\/p>\n\n\n\n<p>Speleologija i turizam<\/p>\n\n\n\n<p>Hercegovina je kra\u0161ka regija koja mo\u017ee speleolo\u0161ke objekte uvrstiti u svoju ve\u0107 bogatu turisti\u010dku ponudu, a najbolji primjer toga je \u0161pilja Vjetrenica, smje\u0161tena u op\u0107ini Ravno.<\/p>\n\n\n\n<p>&#8211; Svakako da speleologija i speleolo\u0161ka otkri\u0107a mogu pomo\u0107i turisti\u010dkoj ponudi Hercegovine. Navela bih primjer Vjetrenice koja je prelijep speleolo\u0161ki objekt. Za\u010dudili bi ste se koliko je ona prelijepa i \u0161to je priroda u njoj u\u010dinila sve ove godine i godine \u2013 smatra Marijanovi\u0107.<\/p>\n\n\n\n<p>Ono \u0161to je zanimljivo s Vjetrenicom je da se unutra krije najve\u0107i broj bio-speleolo\u0161kih vrsta, \u010dak 36 endemskih vrsta koje postoje samo u Vjetrenici, tako da je ona ve\u0107 zbog toga poseban speleolo\u0161ki objekt, navodi Marijanovi\u0107.<\/p>\n\n\n\n<p>Kako bi se Vjetrenica dodatno za\u0161titila i valorizirala pokrenut je proces nominacije te \u0161pilje za uvr\u0161tavanje na Unescovu listu svjetske prirodne ba\u0161tine.<\/p>\n\n\n\n<p>Me\u0111utim, pored lijepih pri\u010da koje se ve\u017eu uz speleologiju, postoje i one manje lijepe. Mnogi speleolo\u0161ki objekti slu\u017ee za odlaganje otpada nesavjesnim pojedincim.<\/p>\n\n\n\n<p>&#8211; Na\u017ealost, nekako je postala uobi\u010dajena pojava kada u\u0111emo u neku jamu da prona\u0111emo sme\u0107e i otpad, posebno u onim koje su bli\u017ee prometnicama. Ono \u0161to sada \u017eelimo je da probudimo savjest lokalnog stanovni\u0161tva educiranjem o \u0161tetnosti odbacivanja otpada u speleolo\u0161ke objekte. Sve to zavr\u0161i u izvorima, a na kraju i u na\u0161em organizmu \u2013 rekla je Marijanovi\u0107.<\/p>\n\n\n\n<p>Kako bi ilustrirala s \u010dim se na terenu susre\u0107u predsjednica Speleolo\u0161kog dru\u0161tva \u201dHerceg\u201d navele je primjer jedne jame iz koje je, kako bi se taj objekt mogao istra\u017eiti, izvu\u010deno pet tona sme\u0107a.<\/p>\n\n\n\n<p>Osim prirodnih ljepota, u speleolo\u0161kim objektima prona\u0111e se i par povijesnih artefakta, a Marijanovi\u0107 je rekla da su nedavno prona\u0161li i \u0161ljem iz 1943. godine, za koji ih je mno\u0161tvo ljudi kontaktiralo i pitalo je li predmet na prodaju.<\/p>\n\n\n\n<p>&#8211; Sve ove predmete koje skupljamo i koje skupimo, nekad \u0107emo napraviti svoju bazu i mini muzej gdje \u0107e isti biti izlo\u017eeni kako bi ljudi mogli vidjeti \u0161to se prikupilo \u2013 kazala je Marijanovi\u0107.<\/p>\n\n\n\n<p>Dru\u0161tvo organizira i dane otvorenih vrata, ali i speleolo\u0161ke \u0161kole za sve one koji \u017eele nau\u010diti ne\u0161to vi\u0161e.<\/p>\n\n\n\n<p>&#8211; Speleolo\u0161ka \u0161kola traje \u010detiri vikenda, petkom uve\u010der su teoretska predavanja u vezi speleologije, dok su subota i nedjelja rezervirani za prakti\u010dni rad. Dakle, svi polaznici \u0161kole se uvje\u017ebavaju u kontroliranim uvjetima, a na kraju bi \u0161kolu polo\u017eili s odlascima u speleolo\u0161ke objekte. Napomenula bih da ih pri prvom ulaskom uvijek prati iskusnija osoba \u2013 kazala je Marijanovi\u0107.<\/p>\n\n\n\n<p>Iz SD \u201dHerceg\u201d napominju da uskoro kre\u0107e deveti ciklus speleo-\u0161kole te pozivaju sve zaljubljenike u avanturu i prirodu da se prijave.<\/p>\n\n\n\n<p>Izvor:pogled.ba<\/p>\n","protected":false},"excerpt":{"rendered":"<p>Grupa od dvadesetak ljudi, zaljubljenika u speleologiju, osnovala je u Mostaru 2012. godine Speleolo\u0161ko dru\u0161tvo \u201dHerceg\u201d i od tada aktivno i organizirano istra\u017euju podru\u010dje hercegova\u010dkog podzemlja, iznimno bogato speleolo\u0161kim objektima. MOSTAR, 6. o\u017eujka (FENA) \u2013 Grupa od dvadesetak ljudi, zaljubljenika u speleologiju, osnovala je u Mostaru 2012. godine Speleolo\u0161ko dru\u0161tvo \u201dHerceg\u201d i od tada aktivno [&hellip;]<\/p>\n","protected":false},"author":2,"featured_media":118609,"comment_status":"closed","ping_status":"closed","sticky":false,"template":"","format":"standard","meta":{"h5ap_radio_sources":[],"footnotes":""},"categories":[1],"tags":[],"class_list":["post-118608","post","type-post","status-publish","format-standard","has-post-thumbnail","hentry","category-bihiregija"],"yoast_head":"<!-- This site is optimized with the Yoast SEO plugin v27.5 - https:\/\/yoast.com\/product\/yoast-seo-wordpress\/ -->\n<title>Speleolo\u0161ko dru\u0161tvo &#039;Herceg&#039; istra\u017euje tajne hercegova\u010dkog podzemlja - RADIO LJUBU\u0160KI<\/title>\n<meta name=\"robots\" content=\"index, follow, max-snippet:-1, max-image-preview:large, max-video-preview:-1\" \/>\n<link rel=\"canonical\" href=\"https:\/\/radioljubuski.ba\/index.php\/2022\/03\/06\/speleolosko-drustvo-herceg-istrazuje-tajne-hercegovackog-podzemlja\/\" \/>\n<meta property=\"og:locale\" content=\"hr_HR\" \/>\n<meta property=\"og:type\" content=\"article\" \/>\n<meta property=\"og:title\" content=\"Speleolo\u0161ko dru\u0161tvo &#039;Herceg&#039; istra\u017euje tajne hercegova\u010dkog podzemlja - RADIO LJUBU\u0160KI\" \/>\n<meta property=\"og:description\" content=\"Grupa od dvadesetak ljudi, zaljubljenika u speleologiju, osnovala je u Mostaru 2012. godine Speleolo\u0161ko dru\u0161tvo \u201dHerceg\u201d i od tada aktivno i organizirano istra\u017euju podru\u010dje hercegova\u010dkog podzemlja, iznimno bogato speleolo\u0161kim objektima. MOSTAR, 6. o\u017eujka (FENA) \u2013 Grupa od dvadesetak ljudi, zaljubljenika u speleologiju, osnovala je u Mostaru 2012. godine Speleolo\u0161ko dru\u0161tvo \u201dHerceg\u201d i od tada aktivno [&hellip;]\" \/>\n<meta property=\"og:url\" content=\"https:\/\/radioljubuski.ba\/index.php\/2022\/03\/06\/speleolosko-drustvo-herceg-istrazuje-tajne-hercegovackog-podzemlja\/\" \/>\n<meta property=\"og:site_name\" content=\"RADIO LJUBU\u0160KI\" \/>\n<meta property=\"article:publisher\" content=\"https:\/\/www.facebook.com\/Radiio-Ljubuski-1490835324566332\" \/>\n<meta property=\"article:published_time\" content=\"2022-03-06T13:47:15+00:00\" \/>\n<meta property=\"article:modified_time\" content=\"2022-03-06T13:47:16+00:00\" \/>\n<meta property=\"og:image\" content=\"https:\/\/radioljubuski.ba\/wp-content\/uploads\/2022\/03\/2-2022-03-06-10-25-28-220306_speleologija_sd_herceg_94931.jpg\" \/>\n\t<meta property=\"og:image:width\" content=\"1000\" \/>\n\t<meta property=\"og:image:height\" content=\"625\" \/>\n\t<meta property=\"og:image:type\" content=\"image\/jpeg\" \/>\n<meta name=\"author\" content=\"Radio Ljubu\u0161ki\" \/>\n<meta name=\"twitter:card\" content=\"summary_large_image\" \/>\n<meta name=\"twitter:creator\" content=\"@radioljubuski\" \/>\n<meta name=\"twitter:site\" content=\"@radioljubuski\" \/>\n<meta name=\"twitter:label1\" content=\"Napisao\/la\" \/>\n\t<meta name=\"twitter:data1\" content=\"Radio Ljubu\u0161ki\" \/>\n\t<meta name=\"twitter:label2\" content=\"Procijenjeno vrijeme \u010ditanja\" \/>\n\t<meta name=\"twitter:data2\" content=\"4 minute\" \/>\n<script type=\"application\/ld+json\" class=\"yoast-schema-graph\">{\"@context\":\"https:\\\/\\\/schema.org\",\"@graph\":[{\"@type\":\"Article\",\"@id\":\"https:\\\/\\\/radioljubuski.ba\\\/index.php\\\/2022\\\/03\\\/06\\\/speleolosko-drustvo-herceg-istrazuje-tajne-hercegovackog-podzemlja\\\/#article\",\"isPartOf\":{\"@id\":\"https:\\\/\\\/radioljubuski.ba\\\/index.php\\\/2022\\\/03\\\/06\\\/speleolosko-drustvo-herceg-istrazuje-tajne-hercegovackog-podzemlja\\\/\"},\"author\":{\"name\":\"Radio Ljubu\u0161ki\",\"@id\":\"https:\\\/\\\/radioljubuski.ba\\\/#\\\/schema\\\/person\\\/19fc700381a780f69665d7956c469e3b\"},\"headline\":\"Speleolo\u0161ko dru\u0161tvo &#8216;Herceg&#8217; istra\u017euje tajne hercegova\u010dkog podzemlja\",\"datePublished\":\"2022-03-06T13:47:15+00:00\",\"dateModified\":\"2022-03-06T13:47:16+00:00\",\"mainEntityOfPage\":{\"@id\":\"https:\\\/\\\/radioljubuski.ba\\\/index.php\\\/2022\\\/03\\\/06\\\/speleolosko-drustvo-herceg-istrazuje-tajne-hercegovackog-podzemlja\\\/\"},\"wordCount\":948,\"publisher\":{\"@id\":\"https:\\\/\\\/radioljubuski.ba\\\/#organization\"},\"image\":{\"@id\":\"https:\\\/\\\/radioljubuski.ba\\\/index.php\\\/2022\\\/03\\\/06\\\/speleolosko-drustvo-herceg-istrazuje-tajne-hercegovackog-podzemlja\\\/#primaryimage\"},\"thumbnailUrl\":\"https:\\\/\\\/radioljubuski.ba\\\/wp-content\\\/uploads\\\/2022\\\/03\\\/2-2022-03-06-10-25-28-220306_speleologija_sd_herceg_94931.jpg\",\"articleSection\":[\"BIH i regija\"],\"inLanguage\":\"hr\"},{\"@type\":\"WebPage\",\"@id\":\"https:\\\/\\\/radioljubuski.ba\\\/index.php\\\/2022\\\/03\\\/06\\\/speleolosko-drustvo-herceg-istrazuje-tajne-hercegovackog-podzemlja\\\/\",\"url\":\"https:\\\/\\\/radioljubuski.ba\\\/index.php\\\/2022\\\/03\\\/06\\\/speleolosko-drustvo-herceg-istrazuje-tajne-hercegovackog-podzemlja\\\/\",\"name\":\"Speleolo\u0161ko dru\u0161tvo 'Herceg' istra\u017euje tajne hercegova\u010dkog podzemlja - RADIO LJUBU\u0160KI\",\"isPartOf\":{\"@id\":\"https:\\\/\\\/radioljubuski.ba\\\/#website\"},\"primaryImageOfPage\":{\"@id\":\"https:\\\/\\\/radioljubuski.ba\\\/index.php\\\/2022\\\/03\\\/06\\\/speleolosko-drustvo-herceg-istrazuje-tajne-hercegovackog-podzemlja\\\/#primaryimage\"},\"image\":{\"@id\":\"https:\\\/\\\/radioljubuski.ba\\\/index.php\\\/2022\\\/03\\\/06\\\/speleolosko-drustvo-herceg-istrazuje-tajne-hercegovackog-podzemlja\\\/#primaryimage\"},\"thumbnailUrl\":\"https:\\\/\\\/radioljubuski.ba\\\/wp-content\\\/uploads\\\/2022\\\/03\\\/2-2022-03-06-10-25-28-220306_speleologija_sd_herceg_94931.jpg\",\"datePublished\":\"2022-03-06T13:47:15+00:00\",\"dateModified\":\"2022-03-06T13:47:16+00:00\",\"breadcrumb\":{\"@id\":\"https:\\\/\\\/radioljubuski.ba\\\/index.php\\\/2022\\\/03\\\/06\\\/speleolosko-drustvo-herceg-istrazuje-tajne-hercegovackog-podzemlja\\\/#breadcrumb\"},\"inLanguage\":\"hr\",\"potentialAction\":[{\"@type\":\"ReadAction\",\"target\":[\"https:\\\/\\\/radioljubuski.ba\\\/index.php\\\/2022\\\/03\\\/06\\\/speleolosko-drustvo-herceg-istrazuje-tajne-hercegovackog-podzemlja\\\/\"]}]},{\"@type\":\"ImageObject\",\"inLanguage\":\"hr\",\"@id\":\"https:\\\/\\\/radioljubuski.ba\\\/index.php\\\/2022\\\/03\\\/06\\\/speleolosko-drustvo-herceg-istrazuje-tajne-hercegovackog-podzemlja\\\/#primaryimage\",\"url\":\"https:\\\/\\\/radioljubuski.ba\\\/wp-content\\\/uploads\\\/2022\\\/03\\\/2-2022-03-06-10-25-28-220306_speleologija_sd_herceg_94931.jpg\",\"contentUrl\":\"https:\\\/\\\/radioljubuski.ba\\\/wp-content\\\/uploads\\\/2022\\\/03\\\/2-2022-03-06-10-25-28-220306_speleologija_sd_herceg_94931.jpg\",\"width\":1000,\"height\":625},{\"@type\":\"BreadcrumbList\",\"@id\":\"https:\\\/\\\/radioljubuski.ba\\\/index.php\\\/2022\\\/03\\\/06\\\/speleolosko-drustvo-herceg-istrazuje-tajne-hercegovackog-podzemlja\\\/#breadcrumb\",\"itemListElement\":[{\"@type\":\"ListItem\",\"position\":1,\"name\":\"Po\u010detna stranica\",\"item\":\"https:\\\/\\\/radioljubuski.ba\\\/\"},{\"@type\":\"ListItem\",\"position\":2,\"name\":\"Speleolo\u0161ko dru\u0161tvo &#8216;Herceg&#8217; istra\u017euje tajne hercegova\u010dkog podzemlja\"}]},{\"@type\":\"WebSite\",\"@id\":\"https:\\\/\\\/radioljubuski.ba\\\/#website\",\"url\":\"https:\\\/\\\/radioljubuski.ba\\\/\",\"name\":\"Radio Ljubu\u0161ki\",\"description\":\"Sun\u010dana frekvencija Hercegovine\",\"publisher\":{\"@id\":\"https:\\\/\\\/radioljubuski.ba\\\/#organization\"},\"potentialAction\":[{\"@type\":\"SearchAction\",\"target\":{\"@type\":\"EntryPoint\",\"urlTemplate\":\"https:\\\/\\\/radioljubuski.ba\\\/?s={search_term_string}\"},\"query-input\":{\"@type\":\"PropertyValueSpecification\",\"valueRequired\":true,\"valueName\":\"search_term_string\"}}],\"inLanguage\":\"hr\"},{\"@type\":\"Organization\",\"@id\":\"https:\\\/\\\/radioljubuski.ba\\\/#organization\",\"name\":\"Radio Ljubu\u0161ki\",\"url\":\"https:\\\/\\\/radioljubuski.ba\\\/\",\"logo\":{\"@type\":\"ImageObject\",\"inLanguage\":\"hr\",\"@id\":\"https:\\\/\\\/radioljubuski.ba\\\/#\\\/schema\\\/logo\\\/image\\\/\",\"url\":\"https:\\\/\\\/radioljubuski.ba\\\/wp-content\\\/uploads\\\/2021\\\/02\\\/cropped-Radio_Ljubuski_logo1.jpg\",\"contentUrl\":\"https:\\\/\\\/radioljubuski.ba\\\/wp-content\\\/uploads\\\/2021\\\/02\\\/cropped-Radio_Ljubuski_logo1.jpg\",\"width\":512,\"height\":512,\"caption\":\"Radio Ljubu\u0161ki\"},\"image\":{\"@id\":\"https:\\\/\\\/radioljubuski.ba\\\/#\\\/schema\\\/logo\\\/image\\\/\"},\"sameAs\":[\"https:\\\/\\\/www.facebook.com\\\/Radiio-Ljubuski-1490835324566332\",\"https:\\\/\\\/x.com\\\/radioljubuski\",\"https:\\\/\\\/hr.linkedin.com\\\/company\\\/radio-ljubuski\",\"https:\\\/\\\/www.youtube.com\\\/channel\\\/UCHYaeO_n0Db3tjNGudGpXyw\"]},{\"@type\":\"Person\",\"@id\":\"https:\\\/\\\/radioljubuski.ba\\\/#\\\/schema\\\/person\\\/19fc700381a780f69665d7956c469e3b\",\"name\":\"Radio Ljubu\u0161ki\"}]}<\/script>\n<!-- \/ Yoast SEO plugin. -->","yoast_head_json":{"title":"Speleolo\u0161ko dru\u0161tvo 'Herceg' istra\u017euje tajne hercegova\u010dkog podzemlja - RADIO LJUBU\u0160KI","robots":{"index":"index","follow":"follow","max-snippet":"max-snippet:-1","max-image-preview":"max-image-preview:large","max-video-preview":"max-video-preview:-1"},"canonical":"https:\/\/radioljubuski.ba\/index.php\/2022\/03\/06\/speleolosko-drustvo-herceg-istrazuje-tajne-hercegovackog-podzemlja\/","og_locale":"hr_HR","og_type":"article","og_title":"Speleolo\u0161ko dru\u0161tvo 'Herceg' istra\u017euje tajne hercegova\u010dkog podzemlja - RADIO LJUBU\u0160KI","og_description":"Grupa od dvadesetak ljudi, zaljubljenika u speleologiju, osnovala je u Mostaru 2012. godine Speleolo\u0161ko dru\u0161tvo \u201dHerceg\u201d i od tada aktivno i organizirano istra\u017euju podru\u010dje hercegova\u010dkog podzemlja, iznimno bogato speleolo\u0161kim objektima. MOSTAR, 6. o\u017eujka (FENA) \u2013 Grupa od dvadesetak ljudi, zaljubljenika u speleologiju, osnovala je u Mostaru 2012. godine Speleolo\u0161ko dru\u0161tvo \u201dHerceg\u201d i od tada aktivno [&hellip;]","og_url":"https:\/\/radioljubuski.ba\/index.php\/2022\/03\/06\/speleolosko-drustvo-herceg-istrazuje-tajne-hercegovackog-podzemlja\/","og_site_name":"RADIO LJUBU\u0160KI","article_publisher":"https:\/\/www.facebook.com\/Radiio-Ljubuski-1490835324566332","article_published_time":"2022-03-06T13:47:15+00:00","article_modified_time":"2022-03-06T13:47:16+00:00","og_image":[{"width":1000,"height":625,"url":"https:\/\/radioljubuski.ba\/wp-content\/uploads\/2022\/03\/2-2022-03-06-10-25-28-220306_speleologija_sd_herceg_94931.jpg","type":"image\/jpeg"}],"author":"Radio Ljubu\u0161ki","twitter_card":"summary_large_image","twitter_creator":"@radioljubuski","twitter_site":"@radioljubuski","twitter_misc":{"Napisao\/la":"Radio Ljubu\u0161ki","Procijenjeno vrijeme \u010ditanja":"4 minute"},"schema":{"@context":"https:\/\/schema.org","@graph":[{"@type":"Article","@id":"https:\/\/radioljubuski.ba\/index.php\/2022\/03\/06\/speleolosko-drustvo-herceg-istrazuje-tajne-hercegovackog-podzemlja\/#article","isPartOf":{"@id":"https:\/\/radioljubuski.ba\/index.php\/2022\/03\/06\/speleolosko-drustvo-herceg-istrazuje-tajne-hercegovackog-podzemlja\/"},"author":{"name":"Radio Ljubu\u0161ki","@id":"https:\/\/radioljubuski.ba\/#\/schema\/person\/19fc700381a780f69665d7956c469e3b"},"headline":"Speleolo\u0161ko dru\u0161tvo &#8216;Herceg&#8217; istra\u017euje tajne hercegova\u010dkog podzemlja","datePublished":"2022-03-06T13:47:15+00:00","dateModified":"2022-03-06T13:47:16+00:00","mainEntityOfPage":{"@id":"https:\/\/radioljubuski.ba\/index.php\/2022\/03\/06\/speleolosko-drustvo-herceg-istrazuje-tajne-hercegovackog-podzemlja\/"},"wordCount":948,"publisher":{"@id":"https:\/\/radioljubuski.ba\/#organization"},"image":{"@id":"https:\/\/radioljubuski.ba\/index.php\/2022\/03\/06\/speleolosko-drustvo-herceg-istrazuje-tajne-hercegovackog-podzemlja\/#primaryimage"},"thumbnailUrl":"https:\/\/radioljubuski.ba\/wp-content\/uploads\/2022\/03\/2-2022-03-06-10-25-28-220306_speleologija_sd_herceg_94931.jpg","articleSection":["BIH i regija"],"inLanguage":"hr"},{"@type":"WebPage","@id":"https:\/\/radioljubuski.ba\/index.php\/2022\/03\/06\/speleolosko-drustvo-herceg-istrazuje-tajne-hercegovackog-podzemlja\/","url":"https:\/\/radioljubuski.ba\/index.php\/2022\/03\/06\/speleolosko-drustvo-herceg-istrazuje-tajne-hercegovackog-podzemlja\/","name":"Speleolo\u0161ko dru\u0161tvo 'Herceg' istra\u017euje tajne hercegova\u010dkog podzemlja - RADIO LJUBU\u0160KI","isPartOf":{"@id":"https:\/\/radioljubuski.ba\/#website"},"primaryImageOfPage":{"@id":"https:\/\/radioljubuski.ba\/index.php\/2022\/03\/06\/speleolosko-drustvo-herceg-istrazuje-tajne-hercegovackog-podzemlja\/#primaryimage"},"image":{"@id":"https:\/\/radioljubuski.ba\/index.php\/2022\/03\/06\/speleolosko-drustvo-herceg-istrazuje-tajne-hercegovackog-podzemlja\/#primaryimage"},"thumbnailUrl":"https:\/\/radioljubuski.ba\/wp-content\/uploads\/2022\/03\/2-2022-03-06-10-25-28-220306_speleologija_sd_herceg_94931.jpg","datePublished":"2022-03-06T13:47:15+00:00","dateModified":"2022-03-06T13:47:16+00:00","breadcrumb":{"@id":"https:\/\/radioljubuski.ba\/index.php\/2022\/03\/06\/speleolosko-drustvo-herceg-istrazuje-tajne-hercegovackog-podzemlja\/#breadcrumb"},"inLanguage":"hr","potentialAction":[{"@type":"ReadAction","target":["https:\/\/radioljubuski.ba\/index.php\/2022\/03\/06\/speleolosko-drustvo-herceg-istrazuje-tajne-hercegovackog-podzemlja\/"]}]},{"@type":"ImageObject","inLanguage":"hr","@id":"https:\/\/radioljubuski.ba\/index.php\/2022\/03\/06\/speleolosko-drustvo-herceg-istrazuje-tajne-hercegovackog-podzemlja\/#primaryimage","url":"https:\/\/radioljubuski.ba\/wp-content\/uploads\/2022\/03\/2-2022-03-06-10-25-28-220306_speleologija_sd_herceg_94931.jpg","contentUrl":"https:\/\/radioljubuski.ba\/wp-content\/uploads\/2022\/03\/2-2022-03-06-10-25-28-220306_speleologija_sd_herceg_94931.jpg","width":1000,"height":625},{"@type":"BreadcrumbList","@id":"https:\/\/radioljubuski.ba\/index.php\/2022\/03\/06\/speleolosko-drustvo-herceg-istrazuje-tajne-hercegovackog-podzemlja\/#breadcrumb","itemListElement":[{"@type":"ListItem","position":1,"name":"Po\u010detna stranica","item":"https:\/\/radioljubuski.ba\/"},{"@type":"ListItem","position":2,"name":"Speleolo\u0161ko dru\u0161tvo &#8216;Herceg&#8217; istra\u017euje tajne hercegova\u010dkog podzemlja"}]},{"@type":"WebSite","@id":"https:\/\/radioljubuski.ba\/#website","url":"https:\/\/radioljubuski.ba\/","name":"Radio Ljubu\u0161ki","description":"Sun\u010dana frekvencija Hercegovine","publisher":{"@id":"https:\/\/radioljubuski.ba\/#organization"},"potentialAction":[{"@type":"SearchAction","target":{"@type":"EntryPoint","urlTemplate":"https:\/\/radioljubuski.ba\/?s={search_term_string}"},"query-input":{"@type":"PropertyValueSpecification","valueRequired":true,"valueName":"search_term_string"}}],"inLanguage":"hr"},{"@type":"Organization","@id":"https:\/\/radioljubuski.ba\/#organization","name":"Radio Ljubu\u0161ki","url":"https:\/\/radioljubuski.ba\/","logo":{"@type":"ImageObject","inLanguage":"hr","@id":"https:\/\/radioljubuski.ba\/#\/schema\/logo\/image\/","url":"https:\/\/radioljubuski.ba\/wp-content\/uploads\/2021\/02\/cropped-Radio_Ljubuski_logo1.jpg","contentUrl":"https:\/\/radioljubuski.ba\/wp-content\/uploads\/2021\/02\/cropped-Radio_Ljubuski_logo1.jpg","width":512,"height":512,"caption":"Radio Ljubu\u0161ki"},"image":{"@id":"https:\/\/radioljubuski.ba\/#\/schema\/logo\/image\/"},"sameAs":["https:\/\/www.facebook.com\/Radiio-Ljubuski-1490835324566332","https:\/\/x.com\/radioljubuski","https:\/\/hr.linkedin.com\/company\/radio-ljubuski","https:\/\/www.youtube.com\/channel\/UCHYaeO_n0Db3tjNGudGpXyw"]},{"@type":"Person","@id":"https:\/\/radioljubuski.ba\/#\/schema\/person\/19fc700381a780f69665d7956c469e3b","name":"Radio Ljubu\u0161ki"}]}},"_links":{"self":[{"href":"https:\/\/radioljubuski.ba\/index.php\/wp-json\/wp\/v2\/posts\/118608","targetHints":{"allow":["GET"]}}],"collection":[{"href":"https:\/\/radioljubuski.ba\/index.php\/wp-json\/wp\/v2\/posts"}],"about":[{"href":"https:\/\/radioljubuski.ba\/index.php\/wp-json\/wp\/v2\/types\/post"}],"author":[{"embeddable":true,"href":"https:\/\/radioljubuski.ba\/index.php\/wp-json\/wp\/v2\/users\/2"}],"replies":[{"embeddable":true,"href":"https:\/\/radioljubuski.ba\/index.php\/wp-json\/wp\/v2\/comments?post=118608"}],"version-history":[{"count":1,"href":"https:\/\/radioljubuski.ba\/index.php\/wp-json\/wp\/v2\/posts\/118608\/revisions"}],"predecessor-version":[{"id":118610,"href":"https:\/\/radioljubuski.ba\/index.php\/wp-json\/wp\/v2\/posts\/118608\/revisions\/118610"}],"wp:featuredmedia":[{"embeddable":true,"href":"https:\/\/radioljubuski.ba\/index.php\/wp-json\/wp\/v2\/media\/118609"}],"wp:attachment":[{"href":"https:\/\/radioljubuski.ba\/index.php\/wp-json\/wp\/v2\/media?parent=118608"}],"wp:term":[{"taxonomy":"category","embeddable":true,"href":"https:\/\/radioljubuski.ba\/index.php\/wp-json\/wp\/v2\/categories?post=118608"},{"taxonomy":"post_tag","embeddable":true,"href":"https:\/\/radioljubuski.ba\/index.php\/wp-json\/wp\/v2\/tags?post=118608"}],"curies":[{"name":"wp","href":"https:\/\/api.w.org\/{rel}","templated":true}]}}