{"id":118645,"date":"2022-03-06T15:11:29","date_gmt":"2022-03-06T14:11:29","guid":{"rendered":"https:\/\/radioljubuski.ba\/?p=118645"},"modified":"2022-03-06T15:11:30","modified_gmt":"2022-03-06T14:11:30","slug":"slovenska-tvrtka-napusta-bih-zbog-poskupljenja-struje","status":"publish","type":"post","link":"https:\/\/radioljubuski.ba\/index.php\/2022\/03\/06\/slovenska-tvrtka-napusta-bih-zbog-poskupljenja-struje\/","title":{"rendered":"Slovenska tvrtka napu\u0161ta BiH zbog poskupljenja struje?"},"content":{"rendered":"\n<p>Ekonomski razvoj Bosanskog Petrovca baziran je na nekoliko tvrtki koje posluju u toj op\u0107ini. Jedna od uspje\u0161nijih je slovenska trtka Pirnar, od koje \u017eivi 220 obitelji iz ove i okolnih op\u0107ina. Do kraja godine planirali su zaposliti jo\u0161 40 radnika.<\/p>\n\n\n\n<p>No, planovi su im poljuljani zbog doga\u0111anja u Ukrajini, ali i zbog divljanja cijena u Bosni i Hercegovini, posebno elektri\u010dne energije, prenosi FTV.<\/p>\n\n\n\n<p>Slovenska tvrtka Pirnar radi gotovo 15 godina u Bosanskom Petrovcu i jedna je od vode\u0107ih po ostvarenoj dobiti u Unsko-sanskoj \u017eupaniji. Zapo\u0161ljava 220 radnika s prosje\u010dnom pla\u0107om od 1.200 KM.<\/p>\n\n\n\n<p>-Majka sam dvoje djece, zaposlena sam u Pirnaru dvije i pol godine. Redovna primanja, za\u0161tita na radu, sve po pravilu, pri\u010da radnica Jelena Duki\u0107.<\/p>\n\n\n\n<p>-Najbolji uvjeti, pla\u0107a, radno vrijeme, odnosi, sve korektno, dodaje in\u017eenjer Anel Be\u0107irspahi\u0107.<\/p>\n\n\n\n<p>Radnici su iz Bosanskog Petrovca, Klju\u010da i Drvara, zbog \u010dega su odlu\u010dili i izgraditi zgradu za povoljniji smje\u0161taj radnika.<\/p>\n\n\n\n<p>Ne samo da bi povoljnije stanovali, nego bismo im rije\u0161ili stambeno pitanje jer je jako te\u0161ko na\u0107i stambeni objekt koji je useljiv, ka\u017ee direktor tvrtke Pirnar Sandi Terzi\u0107.<\/p>\n\n\n\n<p>Svu proizvodnju izvoze u Sloveniju i za sada nisu ugro\u017eeni doga\u0111anjima u Ukrajini, ali, ka\u017eu, svjesni su opasnosti.<\/p>\n\n\n\n<p>Najcrnji scenarij je rat i tko \u0107e onda kupovati neku robu, namje\u0161taj, gra\u0111evinski materijal, a dr\u017eava ili Europa u ratu. Realno je da svi o\u010dekujemo probleme, isti\u010de Terzi\u0107.<\/p>\n\n\n\n<p>Iako imaju velike planove, trenutno se bore za golu egzistenciju jer im je, ka\u017eu, Elektroprivreda dostavila ugovor po kojem \u0107e struju morati pla\u0107ati 400 posto skuplje nego ostali gospodarski subjekti u BiH.<\/p>\n\n\n\n<p>Od 7. sije\u010dnja poskupljenje je ograni\u010deno do 20 posto u odnosu na prethodnu godinu, ali to se nije odnosilo na na\u0161u tvrtku za\u0161to zato \u0161to smo u pro\u0161loj godini imali drugog opskrbljiva\u010da za elektri\u010dnu energiju, obja\u0161njava Terzi\u0107.<\/p>\n\n\n\n<p>Kako je Elektroprivreda jedini proizvo\u0111a\u010d elektri\u010dne energije u BiH trtka Pirnar, iako svjesna da njime ugro\u017eava vlastitu egzistenciju, bila je primorana potpisati ovaj ugovor.<\/p>\n\n\n\n<p>Bio sam kod ministra energetike, kod premijera \u017eupanije, kod na\u010delnika op\u0107ine; jednostavno, ka\u017eu da je to dr\u017eava u dr\u017eavi i ne o\u010dekujem nikakvu pomo\u0107, sam sam sebi oslonac, dodaje Terzi\u0107.<\/p>\n\n\n\n<p>Prva mogu\u0107nost je da Federealni parlament izradi autenti\u010dno tuma\u010denje kako bi se svim kvalificiranim kupcima omogu\u0107ilo kori\u0161tenje ograni\u010denja poskupljenja struje do 20 posto bez obzira na dobavlja\u010da u pro\u0161loj godini, a druga mogu\u0107nost je da se izvr\u0161i dopuna zakona kako bi se obuhvatili svi kvalificirani kupci, smatra Jasmin Emri\u0107, zastupnik NES-a u Zastupni\u010dkom domu BiH.<\/p>\n\n\n\n<p>Nadle\u017ene u Elektroprivredi smo pitali za razloge ovog poskupljenja i ho\u0107e li sada svaki novi gospodarstvenik u BiH pla\u0107ati elektri\u010dnu energiju 400 posto skuplje od ve\u0107 postoje\u0107ih kupaca, jer ih to, onda, na samom po\u010detku usmjerava na neke druge dr\u017eave, ali iz Elektroprivrede odgovor nije stigao, navodi FTV.<\/p>\n\n\n\n<p>Dodajmo na kraju da je ova ftvrtka pro\u0161le godine po osnovi PDV-a i doprinosa u dr\u017eavni prora\u010dun uplatila gotovo deset milijuna. Me\u0111utim, ako trend rasta cijene struje bude nastavljen, u skoroj budu\u0107nosti ova \u0107e tvrtka, zbog povoljnijih uvjeta, preseliti vlastite pogone u neku drugu dr\u017eavu gdje \u0107e zapo\u0161ljavati i pla\u0107ati PDV i doprinose.<\/p>\n\n\n\n<p>Izvor:federalna.ba<\/p>\n","protected":false},"excerpt":{"rendered":"<p>Ekonomski razvoj Bosanskog Petrovca baziran je na nekoliko tvrtki koje posluju u toj op\u0107ini. Jedna od uspje\u0161nijih je slovenska trtka Pirnar, od koje \u017eivi 220 obitelji iz ove i okolnih op\u0107ina. Do kraja godine planirali su zaposliti jo\u0161 40 radnika. No, planovi su im poljuljani zbog doga\u0111anja u Ukrajini, ali i zbog divljanja cijena u [&hellip;]<\/p>\n","protected":false},"author":2,"featured_media":118646,"comment_status":"closed","ping_status":"closed","sticky":false,"template":"","format":"standard","meta":{"h5ap_radio_sources":[],"footnotes":""},"categories":[1],"tags":[],"class_list":["post-118645","post","type-post","status-publish","format-standard","has-post-thumbnail","hentry","category-bihiregija"],"yoast_head":"<!-- This site is optimized with the Yoast SEO plugin v27.5 - https:\/\/yoast.com\/product\/yoast-seo-wordpress\/ -->\n<title>Slovenska tvrtka napu\u0161ta BiH zbog poskupljenja struje? - RADIO LJUBU\u0160KI<\/title>\n<meta name=\"robots\" content=\"index, follow, max-snippet:-1, max-image-preview:large, max-video-preview:-1\" \/>\n<link rel=\"canonical\" href=\"https:\/\/radioljubuski.ba\/index.php\/2022\/03\/06\/slovenska-tvrtka-napusta-bih-zbog-poskupljenja-struje\/\" \/>\n<meta property=\"og:locale\" content=\"hr_HR\" \/>\n<meta property=\"og:type\" content=\"article\" \/>\n<meta property=\"og:title\" content=\"Slovenska tvrtka napu\u0161ta BiH zbog poskupljenja struje? - RADIO LJUBU\u0160KI\" \/>\n<meta property=\"og:description\" content=\"Ekonomski razvoj Bosanskog Petrovca baziran je na nekoliko tvrtki koje posluju u toj op\u0107ini. Jedna od uspje\u0161nijih je slovenska trtka Pirnar, od koje \u017eivi 220 obitelji iz ove i okolnih op\u0107ina. Do kraja godine planirali su zaposliti jo\u0161 40 radnika. No, planovi su im poljuljani zbog doga\u0111anja u Ukrajini, ali i zbog divljanja cijena u [&hellip;]\" \/>\n<meta property=\"og:url\" content=\"https:\/\/radioljubuski.ba\/index.php\/2022\/03\/06\/slovenska-tvrtka-napusta-bih-zbog-poskupljenja-struje\/\" \/>\n<meta property=\"og:site_name\" content=\"RADIO LJUBU\u0160KI\" \/>\n<meta property=\"article:publisher\" content=\"https:\/\/www.facebook.com\/Radiio-Ljubuski-1490835324566332\" \/>\n<meta property=\"article:published_time\" content=\"2022-03-06T14:11:29+00:00\" \/>\n<meta property=\"article:modified_time\" content=\"2022-03-06T14:11:30+00:00\" \/>\n<meta property=\"og:image\" content=\"https:\/\/radioljubuski.ba\/wp-content\/uploads\/2022\/03\/8-2022-03-06-13-44-46-tvrtka-pirnar-petrovac.jpg\" \/>\n\t<meta property=\"og:image:width\" content=\"1000\" \/>\n\t<meta property=\"og:image:height\" content=\"625\" \/>\n\t<meta property=\"og:image:type\" content=\"image\/jpeg\" \/>\n<meta name=\"author\" content=\"Radio Ljubu\u0161ki\" \/>\n<meta name=\"twitter:card\" content=\"summary_large_image\" \/>\n<meta name=\"twitter:creator\" content=\"@radioljubuski\" \/>\n<meta name=\"twitter:site\" content=\"@radioljubuski\" \/>\n<meta name=\"twitter:label1\" content=\"Napisao\/la\" \/>\n\t<meta name=\"twitter:data1\" content=\"Radio Ljubu\u0161ki\" \/>\n\t<meta name=\"twitter:label2\" content=\"Procijenjeno vrijeme \u010ditanja\" \/>\n\t<meta name=\"twitter:data2\" content=\"3 minute\" \/>\n<script type=\"application\/ld+json\" class=\"yoast-schema-graph\">{\"@context\":\"https:\\\/\\\/schema.org\",\"@graph\":[{\"@type\":\"Article\",\"@id\":\"https:\\\/\\\/radioljubuski.ba\\\/index.php\\\/2022\\\/03\\\/06\\\/slovenska-tvrtka-napusta-bih-zbog-poskupljenja-struje\\\/#article\",\"isPartOf\":{\"@id\":\"https:\\\/\\\/radioljubuski.ba\\\/index.php\\\/2022\\\/03\\\/06\\\/slovenska-tvrtka-napusta-bih-zbog-poskupljenja-struje\\\/\"},\"author\":{\"name\":\"Radio Ljubu\u0161ki\",\"@id\":\"https:\\\/\\\/radioljubuski.ba\\\/#\\\/schema\\\/person\\\/19fc700381a780f69665d7956c469e3b\"},\"headline\":\"Slovenska tvrtka napu\u0161ta BiH zbog poskupljenja struje?\",\"datePublished\":\"2022-03-06T14:11:29+00:00\",\"dateModified\":\"2022-03-06T14:11:30+00:00\",\"mainEntityOfPage\":{\"@id\":\"https:\\\/\\\/radioljubuski.ba\\\/index.php\\\/2022\\\/03\\\/06\\\/slovenska-tvrtka-napusta-bih-zbog-poskupljenja-struje\\\/\"},\"wordCount\":576,\"publisher\":{\"@id\":\"https:\\\/\\\/radioljubuski.ba\\\/#organization\"},\"image\":{\"@id\":\"https:\\\/\\\/radioljubuski.ba\\\/index.php\\\/2022\\\/03\\\/06\\\/slovenska-tvrtka-napusta-bih-zbog-poskupljenja-struje\\\/#primaryimage\"},\"thumbnailUrl\":\"https:\\\/\\\/radioljubuski.ba\\\/wp-content\\\/uploads\\\/2022\\\/03\\\/8-2022-03-06-13-44-46-tvrtka-pirnar-petrovac.jpg\",\"articleSection\":[\"BIH i regija\"],\"inLanguage\":\"hr\"},{\"@type\":\"WebPage\",\"@id\":\"https:\\\/\\\/radioljubuski.ba\\\/index.php\\\/2022\\\/03\\\/06\\\/slovenska-tvrtka-napusta-bih-zbog-poskupljenja-struje\\\/\",\"url\":\"https:\\\/\\\/radioljubuski.ba\\\/index.php\\\/2022\\\/03\\\/06\\\/slovenska-tvrtka-napusta-bih-zbog-poskupljenja-struje\\\/\",\"name\":\"Slovenska tvrtka napu\u0161ta BiH zbog poskupljenja struje? - RADIO LJUBU\u0160KI\",\"isPartOf\":{\"@id\":\"https:\\\/\\\/radioljubuski.ba\\\/#website\"},\"primaryImageOfPage\":{\"@id\":\"https:\\\/\\\/radioljubuski.ba\\\/index.php\\\/2022\\\/03\\\/06\\\/slovenska-tvrtka-napusta-bih-zbog-poskupljenja-struje\\\/#primaryimage\"},\"image\":{\"@id\":\"https:\\\/\\\/radioljubuski.ba\\\/index.php\\\/2022\\\/03\\\/06\\\/slovenska-tvrtka-napusta-bih-zbog-poskupljenja-struje\\\/#primaryimage\"},\"thumbnailUrl\":\"https:\\\/\\\/radioljubuski.ba\\\/wp-content\\\/uploads\\\/2022\\\/03\\\/8-2022-03-06-13-44-46-tvrtka-pirnar-petrovac.jpg\",\"datePublished\":\"2022-03-06T14:11:29+00:00\",\"dateModified\":\"2022-03-06T14:11:30+00:00\",\"breadcrumb\":{\"@id\":\"https:\\\/\\\/radioljubuski.ba\\\/index.php\\\/2022\\\/03\\\/06\\\/slovenska-tvrtka-napusta-bih-zbog-poskupljenja-struje\\\/#breadcrumb\"},\"inLanguage\":\"hr\",\"potentialAction\":[{\"@type\":\"ReadAction\",\"target\":[\"https:\\\/\\\/radioljubuski.ba\\\/index.php\\\/2022\\\/03\\\/06\\\/slovenska-tvrtka-napusta-bih-zbog-poskupljenja-struje\\\/\"]}]},{\"@type\":\"ImageObject\",\"inLanguage\":\"hr\",\"@id\":\"https:\\\/\\\/radioljubuski.ba\\\/index.php\\\/2022\\\/03\\\/06\\\/slovenska-tvrtka-napusta-bih-zbog-poskupljenja-struje\\\/#primaryimage\",\"url\":\"https:\\\/\\\/radioljubuski.ba\\\/wp-content\\\/uploads\\\/2022\\\/03\\\/8-2022-03-06-13-44-46-tvrtka-pirnar-petrovac.jpg\",\"contentUrl\":\"https:\\\/\\\/radioljubuski.ba\\\/wp-content\\\/uploads\\\/2022\\\/03\\\/8-2022-03-06-13-44-46-tvrtka-pirnar-petrovac.jpg\",\"width\":1000,\"height\":625},{\"@type\":\"BreadcrumbList\",\"@id\":\"https:\\\/\\\/radioljubuski.ba\\\/index.php\\\/2022\\\/03\\\/06\\\/slovenska-tvrtka-napusta-bih-zbog-poskupljenja-struje\\\/#breadcrumb\",\"itemListElement\":[{\"@type\":\"ListItem\",\"position\":1,\"name\":\"Po\u010detna stranica\",\"item\":\"https:\\\/\\\/radioljubuski.ba\\\/\"},{\"@type\":\"ListItem\",\"position\":2,\"name\":\"Slovenska tvrtka napu\u0161ta BiH zbog poskupljenja struje?\"}]},{\"@type\":\"WebSite\",\"@id\":\"https:\\\/\\\/radioljubuski.ba\\\/#website\",\"url\":\"https:\\\/\\\/radioljubuski.ba\\\/\",\"name\":\"Radio Ljubu\u0161ki\",\"description\":\"Sun\u010dana frekvencija Hercegovine\",\"publisher\":{\"@id\":\"https:\\\/\\\/radioljubuski.ba\\\/#organization\"},\"potentialAction\":[{\"@type\":\"SearchAction\",\"target\":{\"@type\":\"EntryPoint\",\"urlTemplate\":\"https:\\\/\\\/radioljubuski.ba\\\/?s={search_term_string}\"},\"query-input\":{\"@type\":\"PropertyValueSpecification\",\"valueRequired\":true,\"valueName\":\"search_term_string\"}}],\"inLanguage\":\"hr\"},{\"@type\":\"Organization\",\"@id\":\"https:\\\/\\\/radioljubuski.ba\\\/#organization\",\"name\":\"Radio Ljubu\u0161ki\",\"url\":\"https:\\\/\\\/radioljubuski.ba\\\/\",\"logo\":{\"@type\":\"ImageObject\",\"inLanguage\":\"hr\",\"@id\":\"https:\\\/\\\/radioljubuski.ba\\\/#\\\/schema\\\/logo\\\/image\\\/\",\"url\":\"https:\\\/\\\/radioljubuski.ba\\\/wp-content\\\/uploads\\\/2021\\\/02\\\/cropped-Radio_Ljubuski_logo1.jpg\",\"contentUrl\":\"https:\\\/\\\/radioljubuski.ba\\\/wp-content\\\/uploads\\\/2021\\\/02\\\/cropped-Radio_Ljubuski_logo1.jpg\",\"width\":512,\"height\":512,\"caption\":\"Radio Ljubu\u0161ki\"},\"image\":{\"@id\":\"https:\\\/\\\/radioljubuski.ba\\\/#\\\/schema\\\/logo\\\/image\\\/\"},\"sameAs\":[\"https:\\\/\\\/www.facebook.com\\\/Radiio-Ljubuski-1490835324566332\",\"https:\\\/\\\/x.com\\\/radioljubuski\",\"https:\\\/\\\/hr.linkedin.com\\\/company\\\/radio-ljubuski\",\"https:\\\/\\\/www.youtube.com\\\/channel\\\/UCHYaeO_n0Db3tjNGudGpXyw\"]},{\"@type\":\"Person\",\"@id\":\"https:\\\/\\\/radioljubuski.ba\\\/#\\\/schema\\\/person\\\/19fc700381a780f69665d7956c469e3b\",\"name\":\"Radio Ljubu\u0161ki\"}]}<\/script>\n<!-- \/ Yoast SEO plugin. -->","yoast_head_json":{"title":"Slovenska tvrtka napu\u0161ta BiH zbog poskupljenja struje? - RADIO LJUBU\u0160KI","robots":{"index":"index","follow":"follow","max-snippet":"max-snippet:-1","max-image-preview":"max-image-preview:large","max-video-preview":"max-video-preview:-1"},"canonical":"https:\/\/radioljubuski.ba\/index.php\/2022\/03\/06\/slovenska-tvrtka-napusta-bih-zbog-poskupljenja-struje\/","og_locale":"hr_HR","og_type":"article","og_title":"Slovenska tvrtka napu\u0161ta BiH zbog poskupljenja struje? - RADIO LJUBU\u0160KI","og_description":"Ekonomski razvoj Bosanskog Petrovca baziran je na nekoliko tvrtki koje posluju u toj op\u0107ini. Jedna od uspje\u0161nijih je slovenska trtka Pirnar, od koje \u017eivi 220 obitelji iz ove i okolnih op\u0107ina. Do kraja godine planirali su zaposliti jo\u0161 40 radnika. No, planovi su im poljuljani zbog doga\u0111anja u Ukrajini, ali i zbog divljanja cijena u [&hellip;]","og_url":"https:\/\/radioljubuski.ba\/index.php\/2022\/03\/06\/slovenska-tvrtka-napusta-bih-zbog-poskupljenja-struje\/","og_site_name":"RADIO LJUBU\u0160KI","article_publisher":"https:\/\/www.facebook.com\/Radiio-Ljubuski-1490835324566332","article_published_time":"2022-03-06T14:11:29+00:00","article_modified_time":"2022-03-06T14:11:30+00:00","og_image":[{"width":1000,"height":625,"url":"https:\/\/radioljubuski.ba\/wp-content\/uploads\/2022\/03\/8-2022-03-06-13-44-46-tvrtka-pirnar-petrovac.jpg","type":"image\/jpeg"}],"author":"Radio Ljubu\u0161ki","twitter_card":"summary_large_image","twitter_creator":"@radioljubuski","twitter_site":"@radioljubuski","twitter_misc":{"Napisao\/la":"Radio Ljubu\u0161ki","Procijenjeno vrijeme \u010ditanja":"3 minute"},"schema":{"@context":"https:\/\/schema.org","@graph":[{"@type":"Article","@id":"https:\/\/radioljubuski.ba\/index.php\/2022\/03\/06\/slovenska-tvrtka-napusta-bih-zbog-poskupljenja-struje\/#article","isPartOf":{"@id":"https:\/\/radioljubuski.ba\/index.php\/2022\/03\/06\/slovenska-tvrtka-napusta-bih-zbog-poskupljenja-struje\/"},"author":{"name":"Radio Ljubu\u0161ki","@id":"https:\/\/radioljubuski.ba\/#\/schema\/person\/19fc700381a780f69665d7956c469e3b"},"headline":"Slovenska tvrtka napu\u0161ta BiH zbog poskupljenja struje?","datePublished":"2022-03-06T14:11:29+00:00","dateModified":"2022-03-06T14:11:30+00:00","mainEntityOfPage":{"@id":"https:\/\/radioljubuski.ba\/index.php\/2022\/03\/06\/slovenska-tvrtka-napusta-bih-zbog-poskupljenja-struje\/"},"wordCount":576,"publisher":{"@id":"https:\/\/radioljubuski.ba\/#organization"},"image":{"@id":"https:\/\/radioljubuski.ba\/index.php\/2022\/03\/06\/slovenska-tvrtka-napusta-bih-zbog-poskupljenja-struje\/#primaryimage"},"thumbnailUrl":"https:\/\/radioljubuski.ba\/wp-content\/uploads\/2022\/03\/8-2022-03-06-13-44-46-tvrtka-pirnar-petrovac.jpg","articleSection":["BIH i regija"],"inLanguage":"hr"},{"@type":"WebPage","@id":"https:\/\/radioljubuski.ba\/index.php\/2022\/03\/06\/slovenska-tvrtka-napusta-bih-zbog-poskupljenja-struje\/","url":"https:\/\/radioljubuski.ba\/index.php\/2022\/03\/06\/slovenska-tvrtka-napusta-bih-zbog-poskupljenja-struje\/","name":"Slovenska tvrtka napu\u0161ta BiH zbog poskupljenja struje? - RADIO LJUBU\u0160KI","isPartOf":{"@id":"https:\/\/radioljubuski.ba\/#website"},"primaryImageOfPage":{"@id":"https:\/\/radioljubuski.ba\/index.php\/2022\/03\/06\/slovenska-tvrtka-napusta-bih-zbog-poskupljenja-struje\/#primaryimage"},"image":{"@id":"https:\/\/radioljubuski.ba\/index.php\/2022\/03\/06\/slovenska-tvrtka-napusta-bih-zbog-poskupljenja-struje\/#primaryimage"},"thumbnailUrl":"https:\/\/radioljubuski.ba\/wp-content\/uploads\/2022\/03\/8-2022-03-06-13-44-46-tvrtka-pirnar-petrovac.jpg","datePublished":"2022-03-06T14:11:29+00:00","dateModified":"2022-03-06T14:11:30+00:00","breadcrumb":{"@id":"https:\/\/radioljubuski.ba\/index.php\/2022\/03\/06\/slovenska-tvrtka-napusta-bih-zbog-poskupljenja-struje\/#breadcrumb"},"inLanguage":"hr","potentialAction":[{"@type":"ReadAction","target":["https:\/\/radioljubuski.ba\/index.php\/2022\/03\/06\/slovenska-tvrtka-napusta-bih-zbog-poskupljenja-struje\/"]}]},{"@type":"ImageObject","inLanguage":"hr","@id":"https:\/\/radioljubuski.ba\/index.php\/2022\/03\/06\/slovenska-tvrtka-napusta-bih-zbog-poskupljenja-struje\/#primaryimage","url":"https:\/\/radioljubuski.ba\/wp-content\/uploads\/2022\/03\/8-2022-03-06-13-44-46-tvrtka-pirnar-petrovac.jpg","contentUrl":"https:\/\/radioljubuski.ba\/wp-content\/uploads\/2022\/03\/8-2022-03-06-13-44-46-tvrtka-pirnar-petrovac.jpg","width":1000,"height":625},{"@type":"BreadcrumbList","@id":"https:\/\/radioljubuski.ba\/index.php\/2022\/03\/06\/slovenska-tvrtka-napusta-bih-zbog-poskupljenja-struje\/#breadcrumb","itemListElement":[{"@type":"ListItem","position":1,"name":"Po\u010detna stranica","item":"https:\/\/radioljubuski.ba\/"},{"@type":"ListItem","position":2,"name":"Slovenska tvrtka napu\u0161ta BiH zbog poskupljenja struje?"}]},{"@type":"WebSite","@id":"https:\/\/radioljubuski.ba\/#website","url":"https:\/\/radioljubuski.ba\/","name":"Radio Ljubu\u0161ki","description":"Sun\u010dana frekvencija Hercegovine","publisher":{"@id":"https:\/\/radioljubuski.ba\/#organization"},"potentialAction":[{"@type":"SearchAction","target":{"@type":"EntryPoint","urlTemplate":"https:\/\/radioljubuski.ba\/?s={search_term_string}"},"query-input":{"@type":"PropertyValueSpecification","valueRequired":true,"valueName":"search_term_string"}}],"inLanguage":"hr"},{"@type":"Organization","@id":"https:\/\/radioljubuski.ba\/#organization","name":"Radio Ljubu\u0161ki","url":"https:\/\/radioljubuski.ba\/","logo":{"@type":"ImageObject","inLanguage":"hr","@id":"https:\/\/radioljubuski.ba\/#\/schema\/logo\/image\/","url":"https:\/\/radioljubuski.ba\/wp-content\/uploads\/2021\/02\/cropped-Radio_Ljubuski_logo1.jpg","contentUrl":"https:\/\/radioljubuski.ba\/wp-content\/uploads\/2021\/02\/cropped-Radio_Ljubuski_logo1.jpg","width":512,"height":512,"caption":"Radio Ljubu\u0161ki"},"image":{"@id":"https:\/\/radioljubuski.ba\/#\/schema\/logo\/image\/"},"sameAs":["https:\/\/www.facebook.com\/Radiio-Ljubuski-1490835324566332","https:\/\/x.com\/radioljubuski","https:\/\/hr.linkedin.com\/company\/radio-ljubuski","https:\/\/www.youtube.com\/channel\/UCHYaeO_n0Db3tjNGudGpXyw"]},{"@type":"Person","@id":"https:\/\/radioljubuski.ba\/#\/schema\/person\/19fc700381a780f69665d7956c469e3b","name":"Radio Ljubu\u0161ki"}]}},"_links":{"self":[{"href":"https:\/\/radioljubuski.ba\/index.php\/wp-json\/wp\/v2\/posts\/118645","targetHints":{"allow":["GET"]}}],"collection":[{"href":"https:\/\/radioljubuski.ba\/index.php\/wp-json\/wp\/v2\/posts"}],"about":[{"href":"https:\/\/radioljubuski.ba\/index.php\/wp-json\/wp\/v2\/types\/post"}],"author":[{"embeddable":true,"href":"https:\/\/radioljubuski.ba\/index.php\/wp-json\/wp\/v2\/users\/2"}],"replies":[{"embeddable":true,"href":"https:\/\/radioljubuski.ba\/index.php\/wp-json\/wp\/v2\/comments?post=118645"}],"version-history":[{"count":1,"href":"https:\/\/radioljubuski.ba\/index.php\/wp-json\/wp\/v2\/posts\/118645\/revisions"}],"predecessor-version":[{"id":118647,"href":"https:\/\/radioljubuski.ba\/index.php\/wp-json\/wp\/v2\/posts\/118645\/revisions\/118647"}],"wp:featuredmedia":[{"embeddable":true,"href":"https:\/\/radioljubuski.ba\/index.php\/wp-json\/wp\/v2\/media\/118646"}],"wp:attachment":[{"href":"https:\/\/radioljubuski.ba\/index.php\/wp-json\/wp\/v2\/media?parent=118645"}],"wp:term":[{"taxonomy":"category","embeddable":true,"href":"https:\/\/radioljubuski.ba\/index.php\/wp-json\/wp\/v2\/categories?post=118645"},{"taxonomy":"post_tag","embeddable":true,"href":"https:\/\/radioljubuski.ba\/index.php\/wp-json\/wp\/v2\/tags?post=118645"}],"curies":[{"name":"wp","href":"https:\/\/api.w.org\/{rel}","templated":true}]}}