{"id":118648,"date":"2022-03-06T15:13:50","date_gmt":"2022-03-06T14:13:50","guid":{"rendered":"https:\/\/radioljubuski.ba\/?p=118648"},"modified":"2022-03-06T15:13:52","modified_gmt":"2022-03-06T14:13:52","slug":"ukrajinka-rodila-u-sklonistu-bolnice-porod-je-bio-trenutak-kad-sam-zaboravila-na-rat","status":"publish","type":"post","link":"https:\/\/radioljubuski.ba\/index.php\/2022\/03\/06\/ukrajinka-rodila-u-sklonistu-bolnice-porod-je-bio-trenutak-kad-sam-zaboravila-na-rat\/","title":{"rendered":"Ukrajinka rodila u skloni\u0161tu bolnice: Porod je bio trenutak kad sam zaboravila na rat"},"content":{"rendered":"\n<p>Ukrajinka Mariia Shostak rodila je u Kijevu 25. velja\u010de. Ve\u0107 je nekoliko dana bila u rodili\u0161tu u podru\u010dju Solomjanskij kako bi lije\u010dnici pratili njezinu rizi\u010dnu trudno\u0107u. Ka\u017ee kako ju je bilo jako strah s obzirom na trenutnu situaciju u Ukrajini.<\/p>\n\n\n\n<p>Lije\u010dnik je Mariiju poku\u0161ao umiriti, govore\u0107i joj: &#8220;Ne boj se. \u017dene su ra\u0111ale \u010dak i u opkoljenom Lenjingradu&#8221;. Me\u0111utim, Kyiv Independent pi\u0161e kako su medicinske sestre bile zbunjene te su \u0161aputale da nemaju upute kako postupiti.\u00a0<\/p>\n\n\n\n<iframe loading=\"lazy\" src=\"https:\/\/www.facebook.com\/plugins\/post.php?href=https%3A%2F%2Fwww.facebook.com%2Fpermalink.php%3Fstory_fbid%3D2156344521184892%26id%3D100004280944942&#038;show_text=true&#038;width=500\" width=\"500\" height=\"710\" style=\"border:none;overflow:hidden\" scrolling=\"no\" frameborder=\"0\" allowfullscreen=\"true\" allow=\"autoplay; clipboard-write; encrypted-media; picture-in-picture; web-share\"><\/iframe>\n\n\n\n<p>Mariia je dobila trudove kada su se u gradu oglasile sirene. Sestre su joj potom pomogle da sjedne na invalidska kolica i si\u0111e u bolni\u010dko skloni\u0161te. Tamo je bila velika gu\u017eva. Osim pacijenata i osoblja, u skloni\u0161te su se od ruskih projektila sakrili stanovnici susjednih domova.&nbsp;<\/p>\n\n\n\n<p>&#8220;Tek za vrijeme poroda sam zaboravila na rat&#8221;<br>Mariia te no\u0107i nije spavala jer su joj trudovi postali sve intenzivniji. Sljede\u0107i dan je ponovno bila u skloni\u0161tu, a lije\u010dnik joj je rekao da \u0107e tamo roditi bebu. Odmah je nazvala supruga i zamolila ga da kupi lijekove i namirnice na putu do bolnice, ali on nije stigao na vrijeme jer je zapeo u prometu.<\/p>\n\n\n\n<p>&#8220;Bila sam toliko ljuta \u0161to nije ranije oti\u0161ao u ljekarnu, a nije bio sa mnom ni kad sam ra\u0111ala. Ne\u0107u ulaziti u detalje, ali vrijeme poroda je bilo jedini put u ovom u\u017easnom tjednu kada sam zaboravila na ovaj bijesni rat i bombardiranje&#8221;, ispri\u010dala je Shostak.<\/p>\n\n\n\n<p>Kada je njezin suprug stigao u bunker, ponovno su se oglasile sirene koje su upozoravale na zra\u010dni napad. Medicinska sestra tada se s njihovim sinom spustila u bunker. Sljede\u0107a tri dana Mariia je sa suprugom i novoro\u0111enim sinom provela u skloni\u0161tu.&nbsp;<\/p>\n\n\n\n<p>&#8220;Stvarnost je druga\u010dija&#8221;<br>&#8220;Suprug i ja smo sjedili u hodniku skloni\u0161ta, ljuljali smo bebu naizmjence. Bilo mi je te\u0161ko jer su mi noge prije i nakon poroda bile u\u017easno ote\u010dene. Samo sam htjela u krevet&#8221;, ispri\u010dala je Shostak.<\/p>\n\n\n\n<p>&#8220;Poku\u0161ala se smiriti ne \u010ditaju\u0107i vijesti o granatiranju i bombardiranju. Ali te\u0161ko je bilo mogu\u0107e zanemariti zvuk projektila koji su pogodili u blizini&#8221;, dodala je. Prvog dana o\u017eujka Mariia je otpu\u0161tena iz bolnice.<\/p>\n\n\n\n<p>&#8220;Naravno da sam sve ovo zami\u0161ljala sasvim druga\u010dije. \u017deljela sam biti okru\u017eena s obitelji, prijateljima, cvije\u0107em&#8230; No stvarnost je druga\u010dija&#8221;, zaklju\u010dila je.&nbsp;<\/p>\n\n\n\n<p>Izvor:index.hr<\/p>\n","protected":false},"excerpt":{"rendered":"<p>Ukrajinka Mariia Shostak rodila je u Kijevu 25. velja\u010de. Ve\u0107 je nekoliko dana bila u rodili\u0161tu u podru\u010dju Solomjanskij kako bi lije\u010dnici pratili njezinu rizi\u010dnu trudno\u0107u. Ka\u017ee kako ju je bilo jako strah s obzirom na trenutnu situaciju u Ukrajini. Lije\u010dnik je Mariiju poku\u0161ao umiriti, govore\u0107i joj: &#8220;Ne boj se. \u017dene su ra\u0111ale \u010dak i [&hellip;]<\/p>\n","protected":false},"author":2,"featured_media":118649,"comment_status":"closed","ping_status":"closed","sticky":false,"template":"","format":"standard","meta":{"h5ap_radio_sources":[],"footnotes":""},"categories":[1],"tags":[],"class_list":["post-118648","post","type-post","status-publish","format-standard","has-post-thumbnail","hentry","category-bihiregija"],"yoast_head":"<!-- This site is optimized with the Yoast SEO plugin v27.5 - https:\/\/yoast.com\/product\/yoast-seo-wordpress\/ -->\n<title>Ukrajinka rodila u skloni\u0161tu bolnice: Porod je bio trenutak kad sam zaboravila na rat - RADIO LJUBU\u0160KI<\/title>\n<meta name=\"robots\" content=\"index, follow, max-snippet:-1, max-image-preview:large, max-video-preview:-1\" \/>\n<link rel=\"canonical\" href=\"https:\/\/radioljubuski.ba\/index.php\/2022\/03\/06\/ukrajinka-rodila-u-sklonistu-bolnice-porod-je-bio-trenutak-kad-sam-zaboravila-na-rat\/\" \/>\n<meta property=\"og:locale\" content=\"hr_HR\" \/>\n<meta property=\"og:type\" content=\"article\" \/>\n<meta property=\"og:title\" content=\"Ukrajinka rodila u skloni\u0161tu bolnice: Porod je bio trenutak kad sam zaboravila na rat - RADIO LJUBU\u0160KI\" \/>\n<meta property=\"og:description\" content=\"Ukrajinka Mariia Shostak rodila je u Kijevu 25. velja\u010de. Ve\u0107 je nekoliko dana bila u rodili\u0161tu u podru\u010dju Solomjanskij kako bi lije\u010dnici pratili njezinu rizi\u010dnu trudno\u0107u. Ka\u017ee kako ju je bilo jako strah s obzirom na trenutnu situaciju u Ukrajini. Lije\u010dnik je Mariiju poku\u0161ao umiriti, govore\u0107i joj: &#8220;Ne boj se. \u017dene su ra\u0111ale \u010dak i [&hellip;]\" \/>\n<meta property=\"og:url\" content=\"https:\/\/radioljubuski.ba\/index.php\/2022\/03\/06\/ukrajinka-rodila-u-sklonistu-bolnice-porod-je-bio-trenutak-kad-sam-zaboravila-na-rat\/\" \/>\n<meta property=\"og:site_name\" content=\"RADIO LJUBU\u0160KI\" \/>\n<meta property=\"article:publisher\" content=\"https:\/\/www.facebook.com\/Radiio-Ljubuski-1490835324566332\" \/>\n<meta property=\"article:published_time\" content=\"2022-03-06T14:13:50+00:00\" \/>\n<meta property=\"article:modified_time\" content=\"2022-03-06T14:13:52+00:00\" \/>\n<meta property=\"og:image\" content=\"https:\/\/radioljubuski.ba\/wp-content\/uploads\/2022\/03\/c2c9d67a-a503-4ef3-b4b1-c5eb7919b81d.png\" \/>\n\t<meta property=\"og:image:width\" content=\"1200\" \/>\n\t<meta property=\"og:image:height\" content=\"630\" \/>\n\t<meta property=\"og:image:type\" content=\"image\/png\" \/>\n<meta name=\"author\" content=\"Radio Ljubu\u0161ki\" \/>\n<meta name=\"twitter:card\" content=\"summary_large_image\" \/>\n<meta name=\"twitter:creator\" content=\"@radioljubuski\" \/>\n<meta name=\"twitter:site\" content=\"@radioljubuski\" \/>\n<meta name=\"twitter:label1\" content=\"Napisao\/la\" \/>\n\t<meta name=\"twitter:data1\" content=\"Radio Ljubu\u0161ki\" \/>\n\t<meta name=\"twitter:label2\" content=\"Procijenjeno vrijeme \u010ditanja\" \/>\n\t<meta name=\"twitter:data2\" content=\"2 minute\" \/>\n<script type=\"application\/ld+json\" class=\"yoast-schema-graph\">{\"@context\":\"https:\\\/\\\/schema.org\",\"@graph\":[{\"@type\":\"Article\",\"@id\":\"https:\\\/\\\/radioljubuski.ba\\\/index.php\\\/2022\\\/03\\\/06\\\/ukrajinka-rodila-u-sklonistu-bolnice-porod-je-bio-trenutak-kad-sam-zaboravila-na-rat\\\/#article\",\"isPartOf\":{\"@id\":\"https:\\\/\\\/radioljubuski.ba\\\/index.php\\\/2022\\\/03\\\/06\\\/ukrajinka-rodila-u-sklonistu-bolnice-porod-je-bio-trenutak-kad-sam-zaboravila-na-rat\\\/\"},\"author\":{\"name\":\"Radio Ljubu\u0161ki\",\"@id\":\"https:\\\/\\\/radioljubuski.ba\\\/#\\\/schema\\\/person\\\/19fc700381a780f69665d7956c469e3b\"},\"headline\":\"Ukrajinka rodila u skloni\u0161tu bolnice: Porod je bio trenutak kad sam zaboravila na rat\",\"datePublished\":\"2022-03-06T14:13:50+00:00\",\"dateModified\":\"2022-03-06T14:13:52+00:00\",\"mainEntityOfPage\":{\"@id\":\"https:\\\/\\\/radioljubuski.ba\\\/index.php\\\/2022\\\/03\\\/06\\\/ukrajinka-rodila-u-sklonistu-bolnice-porod-je-bio-trenutak-kad-sam-zaboravila-na-rat\\\/\"},\"wordCount\":435,\"publisher\":{\"@id\":\"https:\\\/\\\/radioljubuski.ba\\\/#organization\"},\"image\":{\"@id\":\"https:\\\/\\\/radioljubuski.ba\\\/index.php\\\/2022\\\/03\\\/06\\\/ukrajinka-rodila-u-sklonistu-bolnice-porod-je-bio-trenutak-kad-sam-zaboravila-na-rat\\\/#primaryimage\"},\"thumbnailUrl\":\"https:\\\/\\\/radioljubuski.ba\\\/wp-content\\\/uploads\\\/2022\\\/03\\\/c2c9d67a-a503-4ef3-b4b1-c5eb7919b81d.png\",\"articleSection\":[\"BIH i regija\"],\"inLanguage\":\"hr\"},{\"@type\":\"WebPage\",\"@id\":\"https:\\\/\\\/radioljubuski.ba\\\/index.php\\\/2022\\\/03\\\/06\\\/ukrajinka-rodila-u-sklonistu-bolnice-porod-je-bio-trenutak-kad-sam-zaboravila-na-rat\\\/\",\"url\":\"https:\\\/\\\/radioljubuski.ba\\\/index.php\\\/2022\\\/03\\\/06\\\/ukrajinka-rodila-u-sklonistu-bolnice-porod-je-bio-trenutak-kad-sam-zaboravila-na-rat\\\/\",\"name\":\"Ukrajinka rodila u skloni\u0161tu bolnice: Porod je bio trenutak kad sam zaboravila na rat - RADIO LJUBU\u0160KI\",\"isPartOf\":{\"@id\":\"https:\\\/\\\/radioljubuski.ba\\\/#website\"},\"primaryImageOfPage\":{\"@id\":\"https:\\\/\\\/radioljubuski.ba\\\/index.php\\\/2022\\\/03\\\/06\\\/ukrajinka-rodila-u-sklonistu-bolnice-porod-je-bio-trenutak-kad-sam-zaboravila-na-rat\\\/#primaryimage\"},\"image\":{\"@id\":\"https:\\\/\\\/radioljubuski.ba\\\/index.php\\\/2022\\\/03\\\/06\\\/ukrajinka-rodila-u-sklonistu-bolnice-porod-je-bio-trenutak-kad-sam-zaboravila-na-rat\\\/#primaryimage\"},\"thumbnailUrl\":\"https:\\\/\\\/radioljubuski.ba\\\/wp-content\\\/uploads\\\/2022\\\/03\\\/c2c9d67a-a503-4ef3-b4b1-c5eb7919b81d.png\",\"datePublished\":\"2022-03-06T14:13:50+00:00\",\"dateModified\":\"2022-03-06T14:13:52+00:00\",\"breadcrumb\":{\"@id\":\"https:\\\/\\\/radioljubuski.ba\\\/index.php\\\/2022\\\/03\\\/06\\\/ukrajinka-rodila-u-sklonistu-bolnice-porod-je-bio-trenutak-kad-sam-zaboravila-na-rat\\\/#breadcrumb\"},\"inLanguage\":\"hr\",\"potentialAction\":[{\"@type\":\"ReadAction\",\"target\":[\"https:\\\/\\\/radioljubuski.ba\\\/index.php\\\/2022\\\/03\\\/06\\\/ukrajinka-rodila-u-sklonistu-bolnice-porod-je-bio-trenutak-kad-sam-zaboravila-na-rat\\\/\"]}]},{\"@type\":\"ImageObject\",\"inLanguage\":\"hr\",\"@id\":\"https:\\\/\\\/radioljubuski.ba\\\/index.php\\\/2022\\\/03\\\/06\\\/ukrajinka-rodila-u-sklonistu-bolnice-porod-je-bio-trenutak-kad-sam-zaboravila-na-rat\\\/#primaryimage\",\"url\":\"https:\\\/\\\/radioljubuski.ba\\\/wp-content\\\/uploads\\\/2022\\\/03\\\/c2c9d67a-a503-4ef3-b4b1-c5eb7919b81d.png\",\"contentUrl\":\"https:\\\/\\\/radioljubuski.ba\\\/wp-content\\\/uploads\\\/2022\\\/03\\\/c2c9d67a-a503-4ef3-b4b1-c5eb7919b81d.png\",\"width\":1200,\"height\":630},{\"@type\":\"BreadcrumbList\",\"@id\":\"https:\\\/\\\/radioljubuski.ba\\\/index.php\\\/2022\\\/03\\\/06\\\/ukrajinka-rodila-u-sklonistu-bolnice-porod-je-bio-trenutak-kad-sam-zaboravila-na-rat\\\/#breadcrumb\",\"itemListElement\":[{\"@type\":\"ListItem\",\"position\":1,\"name\":\"Po\u010detna stranica\",\"item\":\"https:\\\/\\\/radioljubuski.ba\\\/\"},{\"@type\":\"ListItem\",\"position\":2,\"name\":\"Ukrajinka rodila u skloni\u0161tu bolnice: Porod je bio trenutak kad sam zaboravila na rat\"}]},{\"@type\":\"WebSite\",\"@id\":\"https:\\\/\\\/radioljubuski.ba\\\/#website\",\"url\":\"https:\\\/\\\/radioljubuski.ba\\\/\",\"name\":\"Radio Ljubu\u0161ki\",\"description\":\"Sun\u010dana frekvencija Hercegovine\",\"publisher\":{\"@id\":\"https:\\\/\\\/radioljubuski.ba\\\/#organization\"},\"potentialAction\":[{\"@type\":\"SearchAction\",\"target\":{\"@type\":\"EntryPoint\",\"urlTemplate\":\"https:\\\/\\\/radioljubuski.ba\\\/?s={search_term_string}\"},\"query-input\":{\"@type\":\"PropertyValueSpecification\",\"valueRequired\":true,\"valueName\":\"search_term_string\"}}],\"inLanguage\":\"hr\"},{\"@type\":\"Organization\",\"@id\":\"https:\\\/\\\/radioljubuski.ba\\\/#organization\",\"name\":\"Radio Ljubu\u0161ki\",\"url\":\"https:\\\/\\\/radioljubuski.ba\\\/\",\"logo\":{\"@type\":\"ImageObject\",\"inLanguage\":\"hr\",\"@id\":\"https:\\\/\\\/radioljubuski.ba\\\/#\\\/schema\\\/logo\\\/image\\\/\",\"url\":\"https:\\\/\\\/radioljubuski.ba\\\/wp-content\\\/uploads\\\/2021\\\/02\\\/cropped-Radio_Ljubuski_logo1.jpg\",\"contentUrl\":\"https:\\\/\\\/radioljubuski.ba\\\/wp-content\\\/uploads\\\/2021\\\/02\\\/cropped-Radio_Ljubuski_logo1.jpg\",\"width\":512,\"height\":512,\"caption\":\"Radio Ljubu\u0161ki\"},\"image\":{\"@id\":\"https:\\\/\\\/radioljubuski.ba\\\/#\\\/schema\\\/logo\\\/image\\\/\"},\"sameAs\":[\"https:\\\/\\\/www.facebook.com\\\/Radiio-Ljubuski-1490835324566332\",\"https:\\\/\\\/x.com\\\/radioljubuski\",\"https:\\\/\\\/hr.linkedin.com\\\/company\\\/radio-ljubuski\",\"https:\\\/\\\/www.youtube.com\\\/channel\\\/UCHYaeO_n0Db3tjNGudGpXyw\"]},{\"@type\":\"Person\",\"@id\":\"https:\\\/\\\/radioljubuski.ba\\\/#\\\/schema\\\/person\\\/19fc700381a780f69665d7956c469e3b\",\"name\":\"Radio Ljubu\u0161ki\"}]}<\/script>\n<!-- \/ Yoast SEO plugin. -->","yoast_head_json":{"title":"Ukrajinka rodila u skloni\u0161tu bolnice: Porod je bio trenutak kad sam zaboravila na rat - RADIO LJUBU\u0160KI","robots":{"index":"index","follow":"follow","max-snippet":"max-snippet:-1","max-image-preview":"max-image-preview:large","max-video-preview":"max-video-preview:-1"},"canonical":"https:\/\/radioljubuski.ba\/index.php\/2022\/03\/06\/ukrajinka-rodila-u-sklonistu-bolnice-porod-je-bio-trenutak-kad-sam-zaboravila-na-rat\/","og_locale":"hr_HR","og_type":"article","og_title":"Ukrajinka rodila u skloni\u0161tu bolnice: Porod je bio trenutak kad sam zaboravila na rat - RADIO LJUBU\u0160KI","og_description":"Ukrajinka Mariia Shostak rodila je u Kijevu 25. velja\u010de. Ve\u0107 je nekoliko dana bila u rodili\u0161tu u podru\u010dju Solomjanskij kako bi lije\u010dnici pratili njezinu rizi\u010dnu trudno\u0107u. Ka\u017ee kako ju je bilo jako strah s obzirom na trenutnu situaciju u Ukrajini. Lije\u010dnik je Mariiju poku\u0161ao umiriti, govore\u0107i joj: &#8220;Ne boj se. \u017dene su ra\u0111ale \u010dak i [&hellip;]","og_url":"https:\/\/radioljubuski.ba\/index.php\/2022\/03\/06\/ukrajinka-rodila-u-sklonistu-bolnice-porod-je-bio-trenutak-kad-sam-zaboravila-na-rat\/","og_site_name":"RADIO LJUBU\u0160KI","article_publisher":"https:\/\/www.facebook.com\/Radiio-Ljubuski-1490835324566332","article_published_time":"2022-03-06T14:13:50+00:00","article_modified_time":"2022-03-06T14:13:52+00:00","og_image":[{"width":1200,"height":630,"url":"https:\/\/radioljubuski.ba\/wp-content\/uploads\/2022\/03\/c2c9d67a-a503-4ef3-b4b1-c5eb7919b81d.png","type":"image\/png"}],"author":"Radio Ljubu\u0161ki","twitter_card":"summary_large_image","twitter_creator":"@radioljubuski","twitter_site":"@radioljubuski","twitter_misc":{"Napisao\/la":"Radio Ljubu\u0161ki","Procijenjeno vrijeme \u010ditanja":"2 minute"},"schema":{"@context":"https:\/\/schema.org","@graph":[{"@type":"Article","@id":"https:\/\/radioljubuski.ba\/index.php\/2022\/03\/06\/ukrajinka-rodila-u-sklonistu-bolnice-porod-je-bio-trenutak-kad-sam-zaboravila-na-rat\/#article","isPartOf":{"@id":"https:\/\/radioljubuski.ba\/index.php\/2022\/03\/06\/ukrajinka-rodila-u-sklonistu-bolnice-porod-je-bio-trenutak-kad-sam-zaboravila-na-rat\/"},"author":{"name":"Radio Ljubu\u0161ki","@id":"https:\/\/radioljubuski.ba\/#\/schema\/person\/19fc700381a780f69665d7956c469e3b"},"headline":"Ukrajinka rodila u skloni\u0161tu bolnice: Porod je bio trenutak kad sam zaboravila na rat","datePublished":"2022-03-06T14:13:50+00:00","dateModified":"2022-03-06T14:13:52+00:00","mainEntityOfPage":{"@id":"https:\/\/radioljubuski.ba\/index.php\/2022\/03\/06\/ukrajinka-rodila-u-sklonistu-bolnice-porod-je-bio-trenutak-kad-sam-zaboravila-na-rat\/"},"wordCount":435,"publisher":{"@id":"https:\/\/radioljubuski.ba\/#organization"},"image":{"@id":"https:\/\/radioljubuski.ba\/index.php\/2022\/03\/06\/ukrajinka-rodila-u-sklonistu-bolnice-porod-je-bio-trenutak-kad-sam-zaboravila-na-rat\/#primaryimage"},"thumbnailUrl":"https:\/\/radioljubuski.ba\/wp-content\/uploads\/2022\/03\/c2c9d67a-a503-4ef3-b4b1-c5eb7919b81d.png","articleSection":["BIH i regija"],"inLanguage":"hr"},{"@type":"WebPage","@id":"https:\/\/radioljubuski.ba\/index.php\/2022\/03\/06\/ukrajinka-rodila-u-sklonistu-bolnice-porod-je-bio-trenutak-kad-sam-zaboravila-na-rat\/","url":"https:\/\/radioljubuski.ba\/index.php\/2022\/03\/06\/ukrajinka-rodila-u-sklonistu-bolnice-porod-je-bio-trenutak-kad-sam-zaboravila-na-rat\/","name":"Ukrajinka rodila u skloni\u0161tu bolnice: Porod je bio trenutak kad sam zaboravila na rat - RADIO LJUBU\u0160KI","isPartOf":{"@id":"https:\/\/radioljubuski.ba\/#website"},"primaryImageOfPage":{"@id":"https:\/\/radioljubuski.ba\/index.php\/2022\/03\/06\/ukrajinka-rodila-u-sklonistu-bolnice-porod-je-bio-trenutak-kad-sam-zaboravila-na-rat\/#primaryimage"},"image":{"@id":"https:\/\/radioljubuski.ba\/index.php\/2022\/03\/06\/ukrajinka-rodila-u-sklonistu-bolnice-porod-je-bio-trenutak-kad-sam-zaboravila-na-rat\/#primaryimage"},"thumbnailUrl":"https:\/\/radioljubuski.ba\/wp-content\/uploads\/2022\/03\/c2c9d67a-a503-4ef3-b4b1-c5eb7919b81d.png","datePublished":"2022-03-06T14:13:50+00:00","dateModified":"2022-03-06T14:13:52+00:00","breadcrumb":{"@id":"https:\/\/radioljubuski.ba\/index.php\/2022\/03\/06\/ukrajinka-rodila-u-sklonistu-bolnice-porod-je-bio-trenutak-kad-sam-zaboravila-na-rat\/#breadcrumb"},"inLanguage":"hr","potentialAction":[{"@type":"ReadAction","target":["https:\/\/radioljubuski.ba\/index.php\/2022\/03\/06\/ukrajinka-rodila-u-sklonistu-bolnice-porod-je-bio-trenutak-kad-sam-zaboravila-na-rat\/"]}]},{"@type":"ImageObject","inLanguage":"hr","@id":"https:\/\/radioljubuski.ba\/index.php\/2022\/03\/06\/ukrajinka-rodila-u-sklonistu-bolnice-porod-je-bio-trenutak-kad-sam-zaboravila-na-rat\/#primaryimage","url":"https:\/\/radioljubuski.ba\/wp-content\/uploads\/2022\/03\/c2c9d67a-a503-4ef3-b4b1-c5eb7919b81d.png","contentUrl":"https:\/\/radioljubuski.ba\/wp-content\/uploads\/2022\/03\/c2c9d67a-a503-4ef3-b4b1-c5eb7919b81d.png","width":1200,"height":630},{"@type":"BreadcrumbList","@id":"https:\/\/radioljubuski.ba\/index.php\/2022\/03\/06\/ukrajinka-rodila-u-sklonistu-bolnice-porod-je-bio-trenutak-kad-sam-zaboravila-na-rat\/#breadcrumb","itemListElement":[{"@type":"ListItem","position":1,"name":"Po\u010detna stranica","item":"https:\/\/radioljubuski.ba\/"},{"@type":"ListItem","position":2,"name":"Ukrajinka rodila u skloni\u0161tu bolnice: Porod je bio trenutak kad sam zaboravila na rat"}]},{"@type":"WebSite","@id":"https:\/\/radioljubuski.ba\/#website","url":"https:\/\/radioljubuski.ba\/","name":"Radio Ljubu\u0161ki","description":"Sun\u010dana frekvencija Hercegovine","publisher":{"@id":"https:\/\/radioljubuski.ba\/#organization"},"potentialAction":[{"@type":"SearchAction","target":{"@type":"EntryPoint","urlTemplate":"https:\/\/radioljubuski.ba\/?s={search_term_string}"},"query-input":{"@type":"PropertyValueSpecification","valueRequired":true,"valueName":"search_term_string"}}],"inLanguage":"hr"},{"@type":"Organization","@id":"https:\/\/radioljubuski.ba\/#organization","name":"Radio Ljubu\u0161ki","url":"https:\/\/radioljubuski.ba\/","logo":{"@type":"ImageObject","inLanguage":"hr","@id":"https:\/\/radioljubuski.ba\/#\/schema\/logo\/image\/","url":"https:\/\/radioljubuski.ba\/wp-content\/uploads\/2021\/02\/cropped-Radio_Ljubuski_logo1.jpg","contentUrl":"https:\/\/radioljubuski.ba\/wp-content\/uploads\/2021\/02\/cropped-Radio_Ljubuski_logo1.jpg","width":512,"height":512,"caption":"Radio Ljubu\u0161ki"},"image":{"@id":"https:\/\/radioljubuski.ba\/#\/schema\/logo\/image\/"},"sameAs":["https:\/\/www.facebook.com\/Radiio-Ljubuski-1490835324566332","https:\/\/x.com\/radioljubuski","https:\/\/hr.linkedin.com\/company\/radio-ljubuski","https:\/\/www.youtube.com\/channel\/UCHYaeO_n0Db3tjNGudGpXyw"]},{"@type":"Person","@id":"https:\/\/radioljubuski.ba\/#\/schema\/person\/19fc700381a780f69665d7956c469e3b","name":"Radio Ljubu\u0161ki"}]}},"_links":{"self":[{"href":"https:\/\/radioljubuski.ba\/index.php\/wp-json\/wp\/v2\/posts\/118648","targetHints":{"allow":["GET"]}}],"collection":[{"href":"https:\/\/radioljubuski.ba\/index.php\/wp-json\/wp\/v2\/posts"}],"about":[{"href":"https:\/\/radioljubuski.ba\/index.php\/wp-json\/wp\/v2\/types\/post"}],"author":[{"embeddable":true,"href":"https:\/\/radioljubuski.ba\/index.php\/wp-json\/wp\/v2\/users\/2"}],"replies":[{"embeddable":true,"href":"https:\/\/radioljubuski.ba\/index.php\/wp-json\/wp\/v2\/comments?post=118648"}],"version-history":[{"count":1,"href":"https:\/\/radioljubuski.ba\/index.php\/wp-json\/wp\/v2\/posts\/118648\/revisions"}],"predecessor-version":[{"id":118650,"href":"https:\/\/radioljubuski.ba\/index.php\/wp-json\/wp\/v2\/posts\/118648\/revisions\/118650"}],"wp:featuredmedia":[{"embeddable":true,"href":"https:\/\/radioljubuski.ba\/index.php\/wp-json\/wp\/v2\/media\/118649"}],"wp:attachment":[{"href":"https:\/\/radioljubuski.ba\/index.php\/wp-json\/wp\/v2\/media?parent=118648"}],"wp:term":[{"taxonomy":"category","embeddable":true,"href":"https:\/\/radioljubuski.ba\/index.php\/wp-json\/wp\/v2\/categories?post=118648"},{"taxonomy":"post_tag","embeddable":true,"href":"https:\/\/radioljubuski.ba\/index.php\/wp-json\/wp\/v2\/tags?post=118648"}],"curies":[{"name":"wp","href":"https:\/\/api.w.org\/{rel}","templated":true}]}}