{"id":118651,"date":"2022-03-06T15:15:03","date_gmt":"2022-03-06T14:15:03","guid":{"rendered":"https:\/\/radioljubuski.ba\/?p=118651"},"modified":"2022-03-06T15:15:04","modified_gmt":"2022-03-06T14:15:04","slug":"baustelci-iz-tomislavgrada-ubacili-u-rikverc-bolje-nam-je-u-hrvatskoj-nego-u-njemackoj","status":"publish","type":"post","link":"https:\/\/radioljubuski.ba\/index.php\/2022\/03\/06\/baustelci-iz-tomislavgrada-ubacili-u-rikverc-bolje-nam-je-u-hrvatskoj-nego-u-njemackoj\/","title":{"rendered":"Bau\u0161telci iz Tomislavgrada ubacili u rikverc: Bolje nam je u Hrvatskoj nego u Njema\u010dkoj"},"content":{"rendered":"\n<p>Za razliku od gastarbajtera iz vremena biv\u0161e Jugoslavije, Hrvatska od ulaska u Europsku uniju jo\u0161 br\u017ee gubi radnu snagu. No, sada sve vi\u0161e iseljenika odlazi s obiteljima, a ekonomisti upozoravaju kako ve\u0107ina tih radnika uop\u0107e ne planira povratak, \u0161to sve vi\u0161e brine demografe. Val emigracije poja\u010dan je negativnim u\u010dincima pandemije, a poticaje hrvatske Vlade do 200 tisu\u0107a kuna za povratnike ve\u0107ina smatra nedovoljno razra\u0111enim poku\u0161ajem preokretanja trendova radi ubrzanja ekonomskog razvitka zemlje, pi\u0161e Dubrova\u010dki vjesnik.<\/p>\n\n\n\n<p>No, primjera radnika-povratnika ima i bez poticaja, dio ih je shvatio da &#8220;manje zna\u010di vi\u0161e&#8221; i da ve\u0107e pla\u0107e u inozemstvu istodobno ne zna\u010de bolji \u017eivotni standard. Posebno se to odnosi na gra\u0111evinske radnike koji se me\u0111u prvima vra\u0107aju u Hrvatsku. Uvjerili smo se u to na jednom od lapadskih gradili\u0161ta pored kojeg bi \u017eurno pro\u0161li da zvuci evergreen- gange &#8220;Mala moja br\u017ee ga\u0107e svuci, od Minhena dr\u017eim ga u ruci&#8221; nije nadja\u010dao buku te\u0161ke mehanizacije.<\/p>\n\n\n\n<p>Tomislav \u0106urkovi\u0107, jedan od ganga\u0161a, ima 47 godina i otac je dvoje djece (7 i 14 godina) pri\u010da:<\/p>\n\n\n\n<p>&#8211; \u017divim u Zagrebu, a podrijetlom sam iz Tomislavgrada. Ve\u0107 sam radio u Njema\u010dkoj, terenski i u Francuskoj. Ali, shvatio sam da su cijene sad skoro iste i da ovdje mogu jednako zaraditi te sebi rekoh &#8220;za\u0161to graditi Njema\u010dku kad mogu svoju domovinu&#8221;? Vratio sam se nakon sedam godina po gradili\u0161tima diljem Njema\u010dke, uglavnom suha gradnja, \u017ebuka i fasade. Ina\u010de, automehani\u010dar sam, ali nikad nisam radio u toj bran\u0161i. Kad pogledam, u tih sedam godina izbivanja iselio je grad mladih ljudi veli\u010dine Zadra &#8211; pri\u010da Tomislav i, poja\u0161njavaju\u0107i za\u0161to isti\u010de ba\u0161 taj grad, dodaje:<\/p>\n\n\n\n<p>&#8211; Prezime \u0106urkovi\u0107 se prvi put spominje u okolici Zadra. Osobno, preporu\u010dam svima koji ho\u0107e raditi da i ovdje ima posla i da se vrate! Kad uspore\u0111ujem gdje sam sve radio, tvrdim da je u Njema\u010dkoj bolja organizacija, kvalitetniji su logistika i materijali, ali ih brzo susti\u017eemo. Poslodavcima je te\u0161ko prona\u0107i adekvatne radnike za posao i da sam u njihovoj ko\u017ei, ne znam bih li vrbovao novozaposelne i \u0161kolovane ili radnike tra\u017eio me\u0111u onima koji su ve\u0107 vani i ponudio im da se vrate. Te\u0161ko je re\u0107i \u0161to je bolje, ali znam da smo vani uvijek stranci s problemom komunikacije. A ovdje se jako dobro razumijemo, bez obzira na dalmatinski, zagorski i ostale naglaske. A Hrvatska nam je sve malobrojnija, manja nego prije 10 ili 20 godina. Vlasti bih podsjetio na staru pu\u010dku izreku &#8220;manje kradi, vi\u0161e radi&#8221;- kroz smijeh ka\u017ee \u0106urkovi\u0107 koji je zadovoljan statusom:<\/p>\n\n\n\n<p>&#8211; Znam da sam na dnu piramide, a za one gore bi i \u0160vabe rekle da su &#8220;ober&#8221;. Ne \u017ealim zbog povratka u Hrvatsku, iako uvijek postoji opcija da tamo ponovno odem. No, iako ne znam \u0161to nose dan a \u0161to no\u0107, zadovoljan sam ovdje. Nijemci su me \u010desto pitali za\u0161to odlazimo iz ove ljepote, ali bih im uzvratio kako znam da bi, da dr\u017eava ima normalnu politiku, ovdje bio raj na zemlji. Da ne spominjem raseljenu Slavoniju, njezina bogatstva i ljepote. A opet, tamo su ku\u0107a i zemlja sa sala\u0161em ukupno 7.000 eura! D\u017eaba! Na\u0161em sugovorniku na tren se naboralo \u010delo, kao da mu je val sjete pro\u0161ao kroz misli, ali se trgnuo i zapjevao novi &#8220;ganga- hit&#8221;:<\/p>\n\n\n\n<p>&#8220;Na\u0161i ljudi u Njema\u010dkoj kr\u010de,<\/p>\n\n\n\n<p>kod ku\u0107e im drugi \u017eene&#8230;<\/p>\n\n\n\n<p>Oj Njema\u010dka, ne vidjela sunca,<\/p>\n\n\n\n<p>na\u0161e \u017eene ostale bez&#8230;!<\/p>\n\n\n\n<p>LJEP\u0160E ME\u0110U NA\u0160IMA<br>Rame uz rame s Tomislavom radi i zidar Igor Babi\u0107, tako\u0111er podrijetlom iz Tomislavgrada. Nakon skoro pune \u010detiri godine rada u M\u00fcnchenu, Stuttgartu i Frankfurtu, ali i austrijskom Linzu, pri\u010da &#8211; Tamo je previ\u0161e ubrzan i stresan \u017eivot, a i manje se zaradi, pa sam se odlu\u010dio vratiti. Sad u Hrvatskoj zaradim jednako kao vani, ali se osje\u0107am ljep\u0161e me\u0111u doma\u0107im ljudima. Ne trebam znati strani jezik, ne trebam ni\u0161ta dodatno i nema nostalgije. A za razliku od Hrvatske, barem Dubrovnika, u Njema\u010dkoj poslodavci ne osiguravaju smje\u0161taj, a cijene stanova su ogromne. I te\u0161ko ih je na\u0107i, a treba izdvojiti barem 700 do tisu\u0107u eura za stan u kojem spava \u010detvero do \u0161estero radnika u sobama od 16 kvadrata! Jedan od razloga povratka upravo je ta katastrofa s krevetima na kat i spavanje u sobi &#8220;kao sardine&#8221;. To je lo\u0161a kvaliteta \u017eivota, a ovdje nema brojnih tro\u0161kova kao tamo. Kad sve zbrojim i oduzmem, zaklju\u010dio sam da ovdje bolje pro\u0111em nego na Zapadu!<\/p>\n\n\n\n<p>Igor je otac trogodi\u0161nje djevoj\u010dice, a svima koji razmi\u0161ljaju od odlasku na rad u inozemstvo poru\u010duje:<\/p>\n\n\n\n<p>&#8211; Bolje im je da ne &#8220;kukaju&#8221; i da se ne jadaju. A ako su ve\u0107 oti\u0161li, preporu\u010dam da se vrate jer im je ovdje puno bolje: u su\u0161tini su bolje cijene rada i manji tro\u0161kovi \u017eivota. Tako\u0111er, radnici se sve vi\u0161e cijene, te im je bolje da ne srljaju s odlaskom!<\/p>\n\n\n\n<p>Babi\u0107 je po prirodi optimist, a uspore\u0111uju\u0107i hrvatske i pla\u0107e vani, dodaje:- Pla\u0107e na bau\u0161teli u Njema\u010dkoj, uz normalnu satnicu iznose 2500 do 3000 eura, ali dok plati\u0161 smje\u0161taj i hranu, nigdje te ro\u0111o! Ako jo\u0161 \u017eeli\u0161 stan za obitelj da normalno funkcionira, u Munchenu se cijena uz komunalije i ostalo kre\u0107e oko 1600 eura! Jo\u0161 ako pu\u0161i\u0161, boli glava jer je kutija cigareta 10 eura, pa ti razmisli i o tom luksuzu! &#8211; upozorava Igor.<\/p>\n\n\n\n<p><br>Ekonomisti pak nagla\u0161avaju kako bi stope rasta hrvatskog BDP-a bile znatno ni\u017ee, a razmjeri siroma\u0161tva mnogo ve\u0107i da iseljena Hrvatska ne \u0161alje novac \u010dlanovima obitelji i da iseljenici dio inozemnih zarada ne tro\u0161e tijekom godi\u0161njeg odmora u Hrvatskoj. Nasuprot pozitivnim u\u010dincima priljeva inozemnih deviznih doznaka koje dijelu gra\u0111ana, uz sezonske prihode od turizma, omogu\u0107uju kratkoro\u010dno i srednjoro\u010dno pre\u017eivljavanje, ekonomisti isti\u010du kako iseljavanje dugoro\u010dno djeluje na sni\u017eavanje potencijalne stope rasta BDP-a dr\u017eave te izostanak novih produktivnih investicija kojih ne\u0107e ni biti ako se doma\u0107e tr\u017ei\u0161te stalno su\u017eava zbog sve manjeg broja stanovni\u0161tva koje \u017eivi, tro\u0161i i privre\u0111uje u zemlji. Jer, isti\u010du, smanjivat \u0107e se ukupna produktivnost, a demografska slika \u0107e iz godine u godinu biti sve lo\u0161ija, a mirovinski i zdravstveni sustavi neminovno pucaju po \u0161avovima.<\/p>\n\n\n\n<p>Izvor:dubrova\u010dki vjesnik<\/p>\n","protected":false},"excerpt":{"rendered":"<p>Za razliku od gastarbajtera iz vremena biv\u0161e Jugoslavije, Hrvatska od ulaska u Europsku uniju jo\u0161 br\u017ee gubi radnu snagu. No, sada sve vi\u0161e iseljenika odlazi s obiteljima, a ekonomisti upozoravaju kako ve\u0107ina tih radnika uop\u0107e ne planira povratak, \u0161to sve vi\u0161e brine demografe. Val emigracije poja\u010dan je negativnim u\u010dincima pandemije, a poticaje hrvatske Vlade do [&hellip;]<\/p>\n","protected":false},"author":2,"featured_media":118652,"comment_status":"closed","ping_status":"closed","sticky":false,"template":"","format":"standard","meta":{"h5ap_radio_sources":[],"footnotes":""},"categories":[1],"tags":[],"class_list":["post-118651","post","type-post","status-publish","format-standard","has-post-thumbnail","hentry","category-bihiregija"],"yoast_head":"<!-- This site is optimized with the Yoast SEO plugin v27.5 - https:\/\/yoast.com\/product\/yoast-seo-wordpress\/ -->\n<title>Bau\u0161telci iz Tomislavgrada ubacili u rikverc: Bolje nam je u Hrvatskoj nego u Njema\u010dkoj - RADIO LJUBU\u0160KI<\/title>\n<meta name=\"robots\" content=\"index, follow, max-snippet:-1, max-image-preview:large, max-video-preview:-1\" \/>\n<link rel=\"canonical\" href=\"https:\/\/radioljubuski.ba\/index.php\/2022\/03\/06\/baustelci-iz-tomislavgrada-ubacili-u-rikverc-bolje-nam-je-u-hrvatskoj-nego-u-njemackoj\/\" \/>\n<meta property=\"og:locale\" content=\"hr_HR\" \/>\n<meta property=\"og:type\" content=\"article\" \/>\n<meta property=\"og:title\" content=\"Bau\u0161telci iz Tomislavgrada ubacili u rikverc: Bolje nam je u Hrvatskoj nego u Njema\u010dkoj - RADIO LJUBU\u0160KI\" \/>\n<meta property=\"og:description\" content=\"Za razliku od gastarbajtera iz vremena biv\u0161e Jugoslavije, Hrvatska od ulaska u Europsku uniju jo\u0161 br\u017ee gubi radnu snagu. No, sada sve vi\u0161e iseljenika odlazi s obiteljima, a ekonomisti upozoravaju kako ve\u0107ina tih radnika uop\u0107e ne planira povratak, \u0161to sve vi\u0161e brine demografe. Val emigracije poja\u010dan je negativnim u\u010dincima pandemije, a poticaje hrvatske Vlade do [&hellip;]\" \/>\n<meta property=\"og:url\" content=\"https:\/\/radioljubuski.ba\/index.php\/2022\/03\/06\/baustelci-iz-tomislavgrada-ubacili-u-rikverc-bolje-nam-je-u-hrvatskoj-nego-u-njemackoj\/\" \/>\n<meta property=\"og:site_name\" content=\"RADIO LJUBU\u0160KI\" \/>\n<meta property=\"article:publisher\" content=\"https:\/\/www.facebook.com\/Radiio-Ljubuski-1490835324566332\" \/>\n<meta property=\"article:published_time\" content=\"2022-03-06T14:15:03+00:00\" \/>\n<meta property=\"article:modified_time\" content=\"2022-03-06T14:15:04+00:00\" \/>\n<meta property=\"og:image\" content=\"https:\/\/radioljubuski.ba\/wp-content\/uploads\/2022\/03\/aOcY6oQp_baustela_1.jpg\" \/>\n\t<meta property=\"og:image:width\" content=\"1000\" \/>\n\t<meta property=\"og:image:height\" content=\"625\" \/>\n\t<meta property=\"og:image:type\" content=\"image\/jpeg\" \/>\n<meta name=\"author\" content=\"Radio Ljubu\u0161ki\" \/>\n<meta name=\"twitter:card\" content=\"summary_large_image\" \/>\n<meta name=\"twitter:creator\" content=\"@radioljubuski\" \/>\n<meta name=\"twitter:site\" content=\"@radioljubuski\" \/>\n<meta name=\"twitter:label1\" content=\"Napisao\/la\" \/>\n\t<meta name=\"twitter:data1\" content=\"Radio Ljubu\u0161ki\" \/>\n\t<meta name=\"twitter:label2\" content=\"Procijenjeno vrijeme \u010ditanja\" \/>\n\t<meta name=\"twitter:data2\" content=\"5 minuta\" \/>\n<script type=\"application\/ld+json\" class=\"yoast-schema-graph\">{\"@context\":\"https:\\\/\\\/schema.org\",\"@graph\":[{\"@type\":\"Article\",\"@id\":\"https:\\\/\\\/radioljubuski.ba\\\/index.php\\\/2022\\\/03\\\/06\\\/baustelci-iz-tomislavgrada-ubacili-u-rikverc-bolje-nam-je-u-hrvatskoj-nego-u-njemackoj\\\/#article\",\"isPartOf\":{\"@id\":\"https:\\\/\\\/radioljubuski.ba\\\/index.php\\\/2022\\\/03\\\/06\\\/baustelci-iz-tomislavgrada-ubacili-u-rikverc-bolje-nam-je-u-hrvatskoj-nego-u-njemackoj\\\/\"},\"author\":{\"name\":\"Radio Ljubu\u0161ki\",\"@id\":\"https:\\\/\\\/radioljubuski.ba\\\/#\\\/schema\\\/person\\\/19fc700381a780f69665d7956c469e3b\"},\"headline\":\"Bau\u0161telci iz Tomislavgrada ubacili u rikverc: Bolje nam je u Hrvatskoj nego u Njema\u010dkoj\",\"datePublished\":\"2022-03-06T14:15:03+00:00\",\"dateModified\":\"2022-03-06T14:15:04+00:00\",\"mainEntityOfPage\":{\"@id\":\"https:\\\/\\\/radioljubuski.ba\\\/index.php\\\/2022\\\/03\\\/06\\\/baustelci-iz-tomislavgrada-ubacili-u-rikverc-bolje-nam-je-u-hrvatskoj-nego-u-njemackoj\\\/\"},\"wordCount\":1131,\"publisher\":{\"@id\":\"https:\\\/\\\/radioljubuski.ba\\\/#organization\"},\"image\":{\"@id\":\"https:\\\/\\\/radioljubuski.ba\\\/index.php\\\/2022\\\/03\\\/06\\\/baustelci-iz-tomislavgrada-ubacili-u-rikverc-bolje-nam-je-u-hrvatskoj-nego-u-njemackoj\\\/#primaryimage\"},\"thumbnailUrl\":\"https:\\\/\\\/radioljubuski.ba\\\/wp-content\\\/uploads\\\/2022\\\/03\\\/aOcY6oQp_baustela_1.jpg\",\"articleSection\":[\"BIH i regija\"],\"inLanguage\":\"hr\"},{\"@type\":\"WebPage\",\"@id\":\"https:\\\/\\\/radioljubuski.ba\\\/index.php\\\/2022\\\/03\\\/06\\\/baustelci-iz-tomislavgrada-ubacili-u-rikverc-bolje-nam-je-u-hrvatskoj-nego-u-njemackoj\\\/\",\"url\":\"https:\\\/\\\/radioljubuski.ba\\\/index.php\\\/2022\\\/03\\\/06\\\/baustelci-iz-tomislavgrada-ubacili-u-rikverc-bolje-nam-je-u-hrvatskoj-nego-u-njemackoj\\\/\",\"name\":\"Bau\u0161telci iz Tomislavgrada ubacili u rikverc: Bolje nam je u Hrvatskoj nego u Njema\u010dkoj - RADIO LJUBU\u0160KI\",\"isPartOf\":{\"@id\":\"https:\\\/\\\/radioljubuski.ba\\\/#website\"},\"primaryImageOfPage\":{\"@id\":\"https:\\\/\\\/radioljubuski.ba\\\/index.php\\\/2022\\\/03\\\/06\\\/baustelci-iz-tomislavgrada-ubacili-u-rikverc-bolje-nam-je-u-hrvatskoj-nego-u-njemackoj\\\/#primaryimage\"},\"image\":{\"@id\":\"https:\\\/\\\/radioljubuski.ba\\\/index.php\\\/2022\\\/03\\\/06\\\/baustelci-iz-tomislavgrada-ubacili-u-rikverc-bolje-nam-je-u-hrvatskoj-nego-u-njemackoj\\\/#primaryimage\"},\"thumbnailUrl\":\"https:\\\/\\\/radioljubuski.ba\\\/wp-content\\\/uploads\\\/2022\\\/03\\\/aOcY6oQp_baustela_1.jpg\",\"datePublished\":\"2022-03-06T14:15:03+00:00\",\"dateModified\":\"2022-03-06T14:15:04+00:00\",\"breadcrumb\":{\"@id\":\"https:\\\/\\\/radioljubuski.ba\\\/index.php\\\/2022\\\/03\\\/06\\\/baustelci-iz-tomislavgrada-ubacili-u-rikverc-bolje-nam-je-u-hrvatskoj-nego-u-njemackoj\\\/#breadcrumb\"},\"inLanguage\":\"hr\",\"potentialAction\":[{\"@type\":\"ReadAction\",\"target\":[\"https:\\\/\\\/radioljubuski.ba\\\/index.php\\\/2022\\\/03\\\/06\\\/baustelci-iz-tomislavgrada-ubacili-u-rikverc-bolje-nam-je-u-hrvatskoj-nego-u-njemackoj\\\/\"]}]},{\"@type\":\"ImageObject\",\"inLanguage\":\"hr\",\"@id\":\"https:\\\/\\\/radioljubuski.ba\\\/index.php\\\/2022\\\/03\\\/06\\\/baustelci-iz-tomislavgrada-ubacili-u-rikverc-bolje-nam-je-u-hrvatskoj-nego-u-njemackoj\\\/#primaryimage\",\"url\":\"https:\\\/\\\/radioljubuski.ba\\\/wp-content\\\/uploads\\\/2022\\\/03\\\/aOcY6oQp_baustela_1.jpg\",\"contentUrl\":\"https:\\\/\\\/radioljubuski.ba\\\/wp-content\\\/uploads\\\/2022\\\/03\\\/aOcY6oQp_baustela_1.jpg\",\"width\":1000,\"height\":625},{\"@type\":\"BreadcrumbList\",\"@id\":\"https:\\\/\\\/radioljubuski.ba\\\/index.php\\\/2022\\\/03\\\/06\\\/baustelci-iz-tomislavgrada-ubacili-u-rikverc-bolje-nam-je-u-hrvatskoj-nego-u-njemackoj\\\/#breadcrumb\",\"itemListElement\":[{\"@type\":\"ListItem\",\"position\":1,\"name\":\"Po\u010detna stranica\",\"item\":\"https:\\\/\\\/radioljubuski.ba\\\/\"},{\"@type\":\"ListItem\",\"position\":2,\"name\":\"Bau\u0161telci iz Tomislavgrada ubacili u rikverc: Bolje nam je u Hrvatskoj nego u Njema\u010dkoj\"}]},{\"@type\":\"WebSite\",\"@id\":\"https:\\\/\\\/radioljubuski.ba\\\/#website\",\"url\":\"https:\\\/\\\/radioljubuski.ba\\\/\",\"name\":\"Radio Ljubu\u0161ki\",\"description\":\"Sun\u010dana frekvencija Hercegovine\",\"publisher\":{\"@id\":\"https:\\\/\\\/radioljubuski.ba\\\/#organization\"},\"potentialAction\":[{\"@type\":\"SearchAction\",\"target\":{\"@type\":\"EntryPoint\",\"urlTemplate\":\"https:\\\/\\\/radioljubuski.ba\\\/?s={search_term_string}\"},\"query-input\":{\"@type\":\"PropertyValueSpecification\",\"valueRequired\":true,\"valueName\":\"search_term_string\"}}],\"inLanguage\":\"hr\"},{\"@type\":\"Organization\",\"@id\":\"https:\\\/\\\/radioljubuski.ba\\\/#organization\",\"name\":\"Radio Ljubu\u0161ki\",\"url\":\"https:\\\/\\\/radioljubuski.ba\\\/\",\"logo\":{\"@type\":\"ImageObject\",\"inLanguage\":\"hr\",\"@id\":\"https:\\\/\\\/radioljubuski.ba\\\/#\\\/schema\\\/logo\\\/image\\\/\",\"url\":\"https:\\\/\\\/radioljubuski.ba\\\/wp-content\\\/uploads\\\/2021\\\/02\\\/cropped-Radio_Ljubuski_logo1.jpg\",\"contentUrl\":\"https:\\\/\\\/radioljubuski.ba\\\/wp-content\\\/uploads\\\/2021\\\/02\\\/cropped-Radio_Ljubuski_logo1.jpg\",\"width\":512,\"height\":512,\"caption\":\"Radio Ljubu\u0161ki\"},\"image\":{\"@id\":\"https:\\\/\\\/radioljubuski.ba\\\/#\\\/schema\\\/logo\\\/image\\\/\"},\"sameAs\":[\"https:\\\/\\\/www.facebook.com\\\/Radiio-Ljubuski-1490835324566332\",\"https:\\\/\\\/x.com\\\/radioljubuski\",\"https:\\\/\\\/hr.linkedin.com\\\/company\\\/radio-ljubuski\",\"https:\\\/\\\/www.youtube.com\\\/channel\\\/UCHYaeO_n0Db3tjNGudGpXyw\"]},{\"@type\":\"Person\",\"@id\":\"https:\\\/\\\/radioljubuski.ba\\\/#\\\/schema\\\/person\\\/19fc700381a780f69665d7956c469e3b\",\"name\":\"Radio Ljubu\u0161ki\"}]}<\/script>\n<!-- \/ Yoast SEO plugin. -->","yoast_head_json":{"title":"Bau\u0161telci iz Tomislavgrada ubacili u rikverc: Bolje nam je u Hrvatskoj nego u Njema\u010dkoj - RADIO LJUBU\u0160KI","robots":{"index":"index","follow":"follow","max-snippet":"max-snippet:-1","max-image-preview":"max-image-preview:large","max-video-preview":"max-video-preview:-1"},"canonical":"https:\/\/radioljubuski.ba\/index.php\/2022\/03\/06\/baustelci-iz-tomislavgrada-ubacili-u-rikverc-bolje-nam-je-u-hrvatskoj-nego-u-njemackoj\/","og_locale":"hr_HR","og_type":"article","og_title":"Bau\u0161telci iz Tomislavgrada ubacili u rikverc: Bolje nam je u Hrvatskoj nego u Njema\u010dkoj - RADIO LJUBU\u0160KI","og_description":"Za razliku od gastarbajtera iz vremena biv\u0161e Jugoslavije, Hrvatska od ulaska u Europsku uniju jo\u0161 br\u017ee gubi radnu snagu. No, sada sve vi\u0161e iseljenika odlazi s obiteljima, a ekonomisti upozoravaju kako ve\u0107ina tih radnika uop\u0107e ne planira povratak, \u0161to sve vi\u0161e brine demografe. Val emigracije poja\u010dan je negativnim u\u010dincima pandemije, a poticaje hrvatske Vlade do [&hellip;]","og_url":"https:\/\/radioljubuski.ba\/index.php\/2022\/03\/06\/baustelci-iz-tomislavgrada-ubacili-u-rikverc-bolje-nam-je-u-hrvatskoj-nego-u-njemackoj\/","og_site_name":"RADIO LJUBU\u0160KI","article_publisher":"https:\/\/www.facebook.com\/Radiio-Ljubuski-1490835324566332","article_published_time":"2022-03-06T14:15:03+00:00","article_modified_time":"2022-03-06T14:15:04+00:00","og_image":[{"width":1000,"height":625,"url":"https:\/\/radioljubuski.ba\/wp-content\/uploads\/2022\/03\/aOcY6oQp_baustela_1.jpg","type":"image\/jpeg"}],"author":"Radio Ljubu\u0161ki","twitter_card":"summary_large_image","twitter_creator":"@radioljubuski","twitter_site":"@radioljubuski","twitter_misc":{"Napisao\/la":"Radio Ljubu\u0161ki","Procijenjeno vrijeme \u010ditanja":"5 minuta"},"schema":{"@context":"https:\/\/schema.org","@graph":[{"@type":"Article","@id":"https:\/\/radioljubuski.ba\/index.php\/2022\/03\/06\/baustelci-iz-tomislavgrada-ubacili-u-rikverc-bolje-nam-je-u-hrvatskoj-nego-u-njemackoj\/#article","isPartOf":{"@id":"https:\/\/radioljubuski.ba\/index.php\/2022\/03\/06\/baustelci-iz-tomislavgrada-ubacili-u-rikverc-bolje-nam-je-u-hrvatskoj-nego-u-njemackoj\/"},"author":{"name":"Radio Ljubu\u0161ki","@id":"https:\/\/radioljubuski.ba\/#\/schema\/person\/19fc700381a780f69665d7956c469e3b"},"headline":"Bau\u0161telci iz Tomislavgrada ubacili u rikverc: Bolje nam je u Hrvatskoj nego u Njema\u010dkoj","datePublished":"2022-03-06T14:15:03+00:00","dateModified":"2022-03-06T14:15:04+00:00","mainEntityOfPage":{"@id":"https:\/\/radioljubuski.ba\/index.php\/2022\/03\/06\/baustelci-iz-tomislavgrada-ubacili-u-rikverc-bolje-nam-je-u-hrvatskoj-nego-u-njemackoj\/"},"wordCount":1131,"publisher":{"@id":"https:\/\/radioljubuski.ba\/#organization"},"image":{"@id":"https:\/\/radioljubuski.ba\/index.php\/2022\/03\/06\/baustelci-iz-tomislavgrada-ubacili-u-rikverc-bolje-nam-je-u-hrvatskoj-nego-u-njemackoj\/#primaryimage"},"thumbnailUrl":"https:\/\/radioljubuski.ba\/wp-content\/uploads\/2022\/03\/aOcY6oQp_baustela_1.jpg","articleSection":["BIH i regija"],"inLanguage":"hr"},{"@type":"WebPage","@id":"https:\/\/radioljubuski.ba\/index.php\/2022\/03\/06\/baustelci-iz-tomislavgrada-ubacili-u-rikverc-bolje-nam-je-u-hrvatskoj-nego-u-njemackoj\/","url":"https:\/\/radioljubuski.ba\/index.php\/2022\/03\/06\/baustelci-iz-tomislavgrada-ubacili-u-rikverc-bolje-nam-je-u-hrvatskoj-nego-u-njemackoj\/","name":"Bau\u0161telci iz Tomislavgrada ubacili u rikverc: Bolje nam je u Hrvatskoj nego u Njema\u010dkoj - RADIO LJUBU\u0160KI","isPartOf":{"@id":"https:\/\/radioljubuski.ba\/#website"},"primaryImageOfPage":{"@id":"https:\/\/radioljubuski.ba\/index.php\/2022\/03\/06\/baustelci-iz-tomislavgrada-ubacili-u-rikverc-bolje-nam-je-u-hrvatskoj-nego-u-njemackoj\/#primaryimage"},"image":{"@id":"https:\/\/radioljubuski.ba\/index.php\/2022\/03\/06\/baustelci-iz-tomislavgrada-ubacili-u-rikverc-bolje-nam-je-u-hrvatskoj-nego-u-njemackoj\/#primaryimage"},"thumbnailUrl":"https:\/\/radioljubuski.ba\/wp-content\/uploads\/2022\/03\/aOcY6oQp_baustela_1.jpg","datePublished":"2022-03-06T14:15:03+00:00","dateModified":"2022-03-06T14:15:04+00:00","breadcrumb":{"@id":"https:\/\/radioljubuski.ba\/index.php\/2022\/03\/06\/baustelci-iz-tomislavgrada-ubacili-u-rikverc-bolje-nam-je-u-hrvatskoj-nego-u-njemackoj\/#breadcrumb"},"inLanguage":"hr","potentialAction":[{"@type":"ReadAction","target":["https:\/\/radioljubuski.ba\/index.php\/2022\/03\/06\/baustelci-iz-tomislavgrada-ubacili-u-rikverc-bolje-nam-je-u-hrvatskoj-nego-u-njemackoj\/"]}]},{"@type":"ImageObject","inLanguage":"hr","@id":"https:\/\/radioljubuski.ba\/index.php\/2022\/03\/06\/baustelci-iz-tomislavgrada-ubacili-u-rikverc-bolje-nam-je-u-hrvatskoj-nego-u-njemackoj\/#primaryimage","url":"https:\/\/radioljubuski.ba\/wp-content\/uploads\/2022\/03\/aOcY6oQp_baustela_1.jpg","contentUrl":"https:\/\/radioljubuski.ba\/wp-content\/uploads\/2022\/03\/aOcY6oQp_baustela_1.jpg","width":1000,"height":625},{"@type":"BreadcrumbList","@id":"https:\/\/radioljubuski.ba\/index.php\/2022\/03\/06\/baustelci-iz-tomislavgrada-ubacili-u-rikverc-bolje-nam-je-u-hrvatskoj-nego-u-njemackoj\/#breadcrumb","itemListElement":[{"@type":"ListItem","position":1,"name":"Po\u010detna stranica","item":"https:\/\/radioljubuski.ba\/"},{"@type":"ListItem","position":2,"name":"Bau\u0161telci iz Tomislavgrada ubacili u rikverc: Bolje nam je u Hrvatskoj nego u Njema\u010dkoj"}]},{"@type":"WebSite","@id":"https:\/\/radioljubuski.ba\/#website","url":"https:\/\/radioljubuski.ba\/","name":"Radio Ljubu\u0161ki","description":"Sun\u010dana frekvencija Hercegovine","publisher":{"@id":"https:\/\/radioljubuski.ba\/#organization"},"potentialAction":[{"@type":"SearchAction","target":{"@type":"EntryPoint","urlTemplate":"https:\/\/radioljubuski.ba\/?s={search_term_string}"},"query-input":{"@type":"PropertyValueSpecification","valueRequired":true,"valueName":"search_term_string"}}],"inLanguage":"hr"},{"@type":"Organization","@id":"https:\/\/radioljubuski.ba\/#organization","name":"Radio Ljubu\u0161ki","url":"https:\/\/radioljubuski.ba\/","logo":{"@type":"ImageObject","inLanguage":"hr","@id":"https:\/\/radioljubuski.ba\/#\/schema\/logo\/image\/","url":"https:\/\/radioljubuski.ba\/wp-content\/uploads\/2021\/02\/cropped-Radio_Ljubuski_logo1.jpg","contentUrl":"https:\/\/radioljubuski.ba\/wp-content\/uploads\/2021\/02\/cropped-Radio_Ljubuski_logo1.jpg","width":512,"height":512,"caption":"Radio Ljubu\u0161ki"},"image":{"@id":"https:\/\/radioljubuski.ba\/#\/schema\/logo\/image\/"},"sameAs":["https:\/\/www.facebook.com\/Radiio-Ljubuski-1490835324566332","https:\/\/x.com\/radioljubuski","https:\/\/hr.linkedin.com\/company\/radio-ljubuski","https:\/\/www.youtube.com\/channel\/UCHYaeO_n0Db3tjNGudGpXyw"]},{"@type":"Person","@id":"https:\/\/radioljubuski.ba\/#\/schema\/person\/19fc700381a780f69665d7956c469e3b","name":"Radio Ljubu\u0161ki"}]}},"_links":{"self":[{"href":"https:\/\/radioljubuski.ba\/index.php\/wp-json\/wp\/v2\/posts\/118651","targetHints":{"allow":["GET"]}}],"collection":[{"href":"https:\/\/radioljubuski.ba\/index.php\/wp-json\/wp\/v2\/posts"}],"about":[{"href":"https:\/\/radioljubuski.ba\/index.php\/wp-json\/wp\/v2\/types\/post"}],"author":[{"embeddable":true,"href":"https:\/\/radioljubuski.ba\/index.php\/wp-json\/wp\/v2\/users\/2"}],"replies":[{"embeddable":true,"href":"https:\/\/radioljubuski.ba\/index.php\/wp-json\/wp\/v2\/comments?post=118651"}],"version-history":[{"count":1,"href":"https:\/\/radioljubuski.ba\/index.php\/wp-json\/wp\/v2\/posts\/118651\/revisions"}],"predecessor-version":[{"id":118653,"href":"https:\/\/radioljubuski.ba\/index.php\/wp-json\/wp\/v2\/posts\/118651\/revisions\/118653"}],"wp:featuredmedia":[{"embeddable":true,"href":"https:\/\/radioljubuski.ba\/index.php\/wp-json\/wp\/v2\/media\/118652"}],"wp:attachment":[{"href":"https:\/\/radioljubuski.ba\/index.php\/wp-json\/wp\/v2\/media?parent=118651"}],"wp:term":[{"taxonomy":"category","embeddable":true,"href":"https:\/\/radioljubuski.ba\/index.php\/wp-json\/wp\/v2\/categories?post=118651"},{"taxonomy":"post_tag","embeddable":true,"href":"https:\/\/radioljubuski.ba\/index.php\/wp-json\/wp\/v2\/tags?post=118651"}],"curies":[{"name":"wp","href":"https:\/\/api.w.org\/{rel}","templated":true}]}}