{"id":118654,"date":"2022-03-06T15:15:59","date_gmt":"2022-03-06T14:15:59","guid":{"rendered":"https:\/\/radioljubuski.ba\/?p=118654"},"modified":"2022-03-06T15:16:00","modified_gmt":"2022-03-06T14:16:00","slug":"znamenite-zene-mostara-u-programu-dokumentarnog-teatra-nevidljive","status":"publish","type":"post","link":"https:\/\/radioljubuski.ba\/index.php\/2022\/03\/06\/znamenite-zene-mostara-u-programu-dokumentarnog-teatra-nevidljive\/","title":{"rendered":"Znamenite \u017eene Mostara u programu dokumentarnog teatra &#8216;Nevidljive&#8217;"},"content":{"rendered":"\n<p>U povodu Me\u0111unarodnog dana \u017eena Inicijativa gra\u0111anki i gra\u0111ana Mostara organizira doga\u0111aj pod nazivom \u201eNevidljive\u201c kroz koji \u0107e, u formi dokumentarnog teatra, biti predstavljene znamenite \u017eene iz povijesti Mostara, koje su zabilje\u017eile iznimne uspjehe, a danas su zaboravljene.<\/p>\n\n\n\n<p>Te \u017eene predstavljaju simbol borbenosti i inspiraciju svim \u017eenama bez obzira na nacionalni i vjersku pripadnost, priop\u0107ili su organizatori.<\/p>\n\n\n\n<p>U drugom dijelu programa predstavit \u0107e se uspje\u0161ne \u017eene iz Mostara koje \u0107e govoriti o svom putu do uspjeha.<\/p>\n\n\n\n<p>Program \u201eNevidljive\u201c odr\u017eat \u0107e se u maloj sali Gradske vije\u0107nice Mostar u ponedjeljak, 7. o\u017eujka, u 18 sati.<\/p>\n\n\n\n<p>Izvor:pogled.ba<\/p>\n","protected":false},"excerpt":{"rendered":"<p>U povodu Me\u0111unarodnog dana \u017eena Inicijativa gra\u0111anki i gra\u0111ana Mostara organizira doga\u0111aj pod nazivom \u201eNevidljive\u201c kroz koji \u0107e, u formi dokumentarnog teatra, biti predstavljene znamenite \u017eene iz povijesti Mostara, koje su zabilje\u017eile iznimne uspjehe, a danas su zaboravljene. Te \u017eene predstavljaju simbol borbenosti i inspiraciju svim \u017eenama bez obzira na nacionalni i vjersku pripadnost, priop\u0107ili [&hellip;]<\/p>\n","protected":false},"author":2,"featured_media":118655,"comment_status":"closed","ping_status":"closed","sticky":false,"template":"","format":"standard","meta":{"h5ap_radio_sources":[],"footnotes":""},"categories":[1],"tags":[],"class_list":["post-118654","post","type-post","status-publish","format-standard","has-post-thumbnail","hentry","category-bihiregija"],"yoast_head":"<!-- This site is optimized with the Yoast SEO plugin v27.5 - https:\/\/yoast.com\/product\/yoast-seo-wordpress\/ -->\n<title>Znamenite \u017eene Mostara u programu dokumentarnog teatra &#039;Nevidljive&#039; - RADIO LJUBU\u0160KI<\/title>\n<meta name=\"robots\" content=\"index, follow, max-snippet:-1, max-image-preview:large, max-video-preview:-1\" \/>\n<link rel=\"canonical\" href=\"https:\/\/radioljubuski.ba\/index.php\/2022\/03\/06\/znamenite-zene-mostara-u-programu-dokumentarnog-teatra-nevidljive\/\" \/>\n<meta property=\"og:locale\" content=\"hr_HR\" \/>\n<meta property=\"og:type\" content=\"article\" \/>\n<meta property=\"og:title\" content=\"Znamenite \u017eene Mostara u programu dokumentarnog teatra &#039;Nevidljive&#039; - RADIO LJUBU\u0160KI\" \/>\n<meta property=\"og:description\" content=\"U povodu Me\u0111unarodnog dana \u017eena Inicijativa gra\u0111anki i gra\u0111ana Mostara organizira doga\u0111aj pod nazivom \u201eNevidljive\u201c kroz koji \u0107e, u formi dokumentarnog teatra, biti predstavljene znamenite \u017eene iz povijesti Mostara, koje su zabilje\u017eile iznimne uspjehe, a danas su zaboravljene. Te \u017eene predstavljaju simbol borbenosti i inspiraciju svim \u017eenama bez obzira na nacionalni i vjersku pripadnost, priop\u0107ili [&hellip;]\" \/>\n<meta property=\"og:url\" content=\"https:\/\/radioljubuski.ba\/index.php\/2022\/03\/06\/znamenite-zene-mostara-u-programu-dokumentarnog-teatra-nevidljive\/\" \/>\n<meta property=\"og:site_name\" content=\"RADIO LJUBU\u0160KI\" \/>\n<meta property=\"article:publisher\" content=\"https:\/\/www.facebook.com\/Radiio-Ljubuski-1490835324566332\" \/>\n<meta property=\"article:published_time\" content=\"2022-03-06T14:15:59+00:00\" \/>\n<meta property=\"article:modified_time\" content=\"2022-03-06T14:16:00+00:00\" \/>\n<meta property=\"og:image\" content=\"https:\/\/radioljubuski.ba\/wp-content\/uploads\/2022\/03\/8-2022-02-23-14-09-11-grad-mostar.jpg\" \/>\n\t<meta property=\"og:image:width\" content=\"1000\" \/>\n\t<meta property=\"og:image:height\" content=\"625\" \/>\n\t<meta property=\"og:image:type\" content=\"image\/jpeg\" \/>\n<meta name=\"author\" content=\"Radio Ljubu\u0161ki\" \/>\n<meta name=\"twitter:card\" content=\"summary_large_image\" \/>\n<meta name=\"twitter:creator\" content=\"@radioljubuski\" \/>\n<meta name=\"twitter:site\" content=\"@radioljubuski\" \/>\n<meta name=\"twitter:label1\" content=\"Napisao\/la\" \/>\n\t<meta name=\"twitter:data1\" content=\"Radio Ljubu\u0161ki\" \/>\n\t<meta name=\"twitter:label2\" content=\"Procijenjeno vrijeme \u010ditanja\" \/>\n\t<meta name=\"twitter:data2\" content=\"1 minuta\" \/>\n<script type=\"application\/ld+json\" class=\"yoast-schema-graph\">{\"@context\":\"https:\\\/\\\/schema.org\",\"@graph\":[{\"@type\":\"Article\",\"@id\":\"https:\\\/\\\/radioljubuski.ba\\\/index.php\\\/2022\\\/03\\\/06\\\/znamenite-zene-mostara-u-programu-dokumentarnog-teatra-nevidljive\\\/#article\",\"isPartOf\":{\"@id\":\"https:\\\/\\\/radioljubuski.ba\\\/index.php\\\/2022\\\/03\\\/06\\\/znamenite-zene-mostara-u-programu-dokumentarnog-teatra-nevidljive\\\/\"},\"author\":{\"name\":\"Radio Ljubu\u0161ki\",\"@id\":\"https:\\\/\\\/radioljubuski.ba\\\/#\\\/schema\\\/person\\\/19fc700381a780f69665d7956c469e3b\"},\"headline\":\"Znamenite \u017eene Mostara u programu dokumentarnog teatra &#8216;Nevidljive&#8217;\",\"datePublished\":\"2022-03-06T14:15:59+00:00\",\"dateModified\":\"2022-03-06T14:16:00+00:00\",\"mainEntityOfPage\":{\"@id\":\"https:\\\/\\\/radioljubuski.ba\\\/index.php\\\/2022\\\/03\\\/06\\\/znamenite-zene-mostara-u-programu-dokumentarnog-teatra-nevidljive\\\/\"},\"wordCount\":113,\"publisher\":{\"@id\":\"https:\\\/\\\/radioljubuski.ba\\\/#organization\"},\"image\":{\"@id\":\"https:\\\/\\\/radioljubuski.ba\\\/index.php\\\/2022\\\/03\\\/06\\\/znamenite-zene-mostara-u-programu-dokumentarnog-teatra-nevidljive\\\/#primaryimage\"},\"thumbnailUrl\":\"https:\\\/\\\/radioljubuski.ba\\\/wp-content\\\/uploads\\\/2022\\\/03\\\/8-2022-02-23-14-09-11-grad-mostar.jpg\",\"articleSection\":[\"BIH i regija\"],\"inLanguage\":\"hr\"},{\"@type\":\"WebPage\",\"@id\":\"https:\\\/\\\/radioljubuski.ba\\\/index.php\\\/2022\\\/03\\\/06\\\/znamenite-zene-mostara-u-programu-dokumentarnog-teatra-nevidljive\\\/\",\"url\":\"https:\\\/\\\/radioljubuski.ba\\\/index.php\\\/2022\\\/03\\\/06\\\/znamenite-zene-mostara-u-programu-dokumentarnog-teatra-nevidljive\\\/\",\"name\":\"Znamenite \u017eene Mostara u programu dokumentarnog teatra 'Nevidljive' - RADIO LJUBU\u0160KI\",\"isPartOf\":{\"@id\":\"https:\\\/\\\/radioljubuski.ba\\\/#website\"},\"primaryImageOfPage\":{\"@id\":\"https:\\\/\\\/radioljubuski.ba\\\/index.php\\\/2022\\\/03\\\/06\\\/znamenite-zene-mostara-u-programu-dokumentarnog-teatra-nevidljive\\\/#primaryimage\"},\"image\":{\"@id\":\"https:\\\/\\\/radioljubuski.ba\\\/index.php\\\/2022\\\/03\\\/06\\\/znamenite-zene-mostara-u-programu-dokumentarnog-teatra-nevidljive\\\/#primaryimage\"},\"thumbnailUrl\":\"https:\\\/\\\/radioljubuski.ba\\\/wp-content\\\/uploads\\\/2022\\\/03\\\/8-2022-02-23-14-09-11-grad-mostar.jpg\",\"datePublished\":\"2022-03-06T14:15:59+00:00\",\"dateModified\":\"2022-03-06T14:16:00+00:00\",\"breadcrumb\":{\"@id\":\"https:\\\/\\\/radioljubuski.ba\\\/index.php\\\/2022\\\/03\\\/06\\\/znamenite-zene-mostara-u-programu-dokumentarnog-teatra-nevidljive\\\/#breadcrumb\"},\"inLanguage\":\"hr\",\"potentialAction\":[{\"@type\":\"ReadAction\",\"target\":[\"https:\\\/\\\/radioljubuski.ba\\\/index.php\\\/2022\\\/03\\\/06\\\/znamenite-zene-mostara-u-programu-dokumentarnog-teatra-nevidljive\\\/\"]}]},{\"@type\":\"ImageObject\",\"inLanguage\":\"hr\",\"@id\":\"https:\\\/\\\/radioljubuski.ba\\\/index.php\\\/2022\\\/03\\\/06\\\/znamenite-zene-mostara-u-programu-dokumentarnog-teatra-nevidljive\\\/#primaryimage\",\"url\":\"https:\\\/\\\/radioljubuski.ba\\\/wp-content\\\/uploads\\\/2022\\\/03\\\/8-2022-02-23-14-09-11-grad-mostar.jpg\",\"contentUrl\":\"https:\\\/\\\/radioljubuski.ba\\\/wp-content\\\/uploads\\\/2022\\\/03\\\/8-2022-02-23-14-09-11-grad-mostar.jpg\",\"width\":1000,\"height\":625},{\"@type\":\"BreadcrumbList\",\"@id\":\"https:\\\/\\\/radioljubuski.ba\\\/index.php\\\/2022\\\/03\\\/06\\\/znamenite-zene-mostara-u-programu-dokumentarnog-teatra-nevidljive\\\/#breadcrumb\",\"itemListElement\":[{\"@type\":\"ListItem\",\"position\":1,\"name\":\"Po\u010detna stranica\",\"item\":\"https:\\\/\\\/radioljubuski.ba\\\/\"},{\"@type\":\"ListItem\",\"position\":2,\"name\":\"Znamenite \u017eene Mostara u programu dokumentarnog teatra &#8216;Nevidljive&#8217;\"}]},{\"@type\":\"WebSite\",\"@id\":\"https:\\\/\\\/radioljubuski.ba\\\/#website\",\"url\":\"https:\\\/\\\/radioljubuski.ba\\\/\",\"name\":\"Radio Ljubu\u0161ki\",\"description\":\"Sun\u010dana frekvencija Hercegovine\",\"publisher\":{\"@id\":\"https:\\\/\\\/radioljubuski.ba\\\/#organization\"},\"potentialAction\":[{\"@type\":\"SearchAction\",\"target\":{\"@type\":\"EntryPoint\",\"urlTemplate\":\"https:\\\/\\\/radioljubuski.ba\\\/?s={search_term_string}\"},\"query-input\":{\"@type\":\"PropertyValueSpecification\",\"valueRequired\":true,\"valueName\":\"search_term_string\"}}],\"inLanguage\":\"hr\"},{\"@type\":\"Organization\",\"@id\":\"https:\\\/\\\/radioljubuski.ba\\\/#organization\",\"name\":\"Radio Ljubu\u0161ki\",\"url\":\"https:\\\/\\\/radioljubuski.ba\\\/\",\"logo\":{\"@type\":\"ImageObject\",\"inLanguage\":\"hr\",\"@id\":\"https:\\\/\\\/radioljubuski.ba\\\/#\\\/schema\\\/logo\\\/image\\\/\",\"url\":\"https:\\\/\\\/radioljubuski.ba\\\/wp-content\\\/uploads\\\/2021\\\/02\\\/cropped-Radio_Ljubuski_logo1.jpg\",\"contentUrl\":\"https:\\\/\\\/radioljubuski.ba\\\/wp-content\\\/uploads\\\/2021\\\/02\\\/cropped-Radio_Ljubuski_logo1.jpg\",\"width\":512,\"height\":512,\"caption\":\"Radio Ljubu\u0161ki\"},\"image\":{\"@id\":\"https:\\\/\\\/radioljubuski.ba\\\/#\\\/schema\\\/logo\\\/image\\\/\"},\"sameAs\":[\"https:\\\/\\\/www.facebook.com\\\/Radiio-Ljubuski-1490835324566332\",\"https:\\\/\\\/x.com\\\/radioljubuski\",\"https:\\\/\\\/hr.linkedin.com\\\/company\\\/radio-ljubuski\",\"https:\\\/\\\/www.youtube.com\\\/channel\\\/UCHYaeO_n0Db3tjNGudGpXyw\"]},{\"@type\":\"Person\",\"@id\":\"https:\\\/\\\/radioljubuski.ba\\\/#\\\/schema\\\/person\\\/19fc700381a780f69665d7956c469e3b\",\"name\":\"Radio Ljubu\u0161ki\"}]}<\/script>\n<!-- \/ Yoast SEO plugin. -->","yoast_head_json":{"title":"Znamenite \u017eene Mostara u programu dokumentarnog teatra 'Nevidljive' - RADIO LJUBU\u0160KI","robots":{"index":"index","follow":"follow","max-snippet":"max-snippet:-1","max-image-preview":"max-image-preview:large","max-video-preview":"max-video-preview:-1"},"canonical":"https:\/\/radioljubuski.ba\/index.php\/2022\/03\/06\/znamenite-zene-mostara-u-programu-dokumentarnog-teatra-nevidljive\/","og_locale":"hr_HR","og_type":"article","og_title":"Znamenite \u017eene Mostara u programu dokumentarnog teatra 'Nevidljive' - RADIO LJUBU\u0160KI","og_description":"U povodu Me\u0111unarodnog dana \u017eena Inicijativa gra\u0111anki i gra\u0111ana Mostara organizira doga\u0111aj pod nazivom \u201eNevidljive\u201c kroz koji \u0107e, u formi dokumentarnog teatra, biti predstavljene znamenite \u017eene iz povijesti Mostara, koje su zabilje\u017eile iznimne uspjehe, a danas su zaboravljene. Te \u017eene predstavljaju simbol borbenosti i inspiraciju svim \u017eenama bez obzira na nacionalni i vjersku pripadnost, priop\u0107ili [&hellip;]","og_url":"https:\/\/radioljubuski.ba\/index.php\/2022\/03\/06\/znamenite-zene-mostara-u-programu-dokumentarnog-teatra-nevidljive\/","og_site_name":"RADIO LJUBU\u0160KI","article_publisher":"https:\/\/www.facebook.com\/Radiio-Ljubuski-1490835324566332","article_published_time":"2022-03-06T14:15:59+00:00","article_modified_time":"2022-03-06T14:16:00+00:00","og_image":[{"width":1000,"height":625,"url":"https:\/\/radioljubuski.ba\/wp-content\/uploads\/2022\/03\/8-2022-02-23-14-09-11-grad-mostar.jpg","type":"image\/jpeg"}],"author":"Radio Ljubu\u0161ki","twitter_card":"summary_large_image","twitter_creator":"@radioljubuski","twitter_site":"@radioljubuski","twitter_misc":{"Napisao\/la":"Radio Ljubu\u0161ki","Procijenjeno vrijeme \u010ditanja":"1 minuta"},"schema":{"@context":"https:\/\/schema.org","@graph":[{"@type":"Article","@id":"https:\/\/radioljubuski.ba\/index.php\/2022\/03\/06\/znamenite-zene-mostara-u-programu-dokumentarnog-teatra-nevidljive\/#article","isPartOf":{"@id":"https:\/\/radioljubuski.ba\/index.php\/2022\/03\/06\/znamenite-zene-mostara-u-programu-dokumentarnog-teatra-nevidljive\/"},"author":{"name":"Radio Ljubu\u0161ki","@id":"https:\/\/radioljubuski.ba\/#\/schema\/person\/19fc700381a780f69665d7956c469e3b"},"headline":"Znamenite \u017eene Mostara u programu dokumentarnog teatra &#8216;Nevidljive&#8217;","datePublished":"2022-03-06T14:15:59+00:00","dateModified":"2022-03-06T14:16:00+00:00","mainEntityOfPage":{"@id":"https:\/\/radioljubuski.ba\/index.php\/2022\/03\/06\/znamenite-zene-mostara-u-programu-dokumentarnog-teatra-nevidljive\/"},"wordCount":113,"publisher":{"@id":"https:\/\/radioljubuski.ba\/#organization"},"image":{"@id":"https:\/\/radioljubuski.ba\/index.php\/2022\/03\/06\/znamenite-zene-mostara-u-programu-dokumentarnog-teatra-nevidljive\/#primaryimage"},"thumbnailUrl":"https:\/\/radioljubuski.ba\/wp-content\/uploads\/2022\/03\/8-2022-02-23-14-09-11-grad-mostar.jpg","articleSection":["BIH i regija"],"inLanguage":"hr"},{"@type":"WebPage","@id":"https:\/\/radioljubuski.ba\/index.php\/2022\/03\/06\/znamenite-zene-mostara-u-programu-dokumentarnog-teatra-nevidljive\/","url":"https:\/\/radioljubuski.ba\/index.php\/2022\/03\/06\/znamenite-zene-mostara-u-programu-dokumentarnog-teatra-nevidljive\/","name":"Znamenite \u017eene Mostara u programu dokumentarnog teatra 'Nevidljive' - RADIO LJUBU\u0160KI","isPartOf":{"@id":"https:\/\/radioljubuski.ba\/#website"},"primaryImageOfPage":{"@id":"https:\/\/radioljubuski.ba\/index.php\/2022\/03\/06\/znamenite-zene-mostara-u-programu-dokumentarnog-teatra-nevidljive\/#primaryimage"},"image":{"@id":"https:\/\/radioljubuski.ba\/index.php\/2022\/03\/06\/znamenite-zene-mostara-u-programu-dokumentarnog-teatra-nevidljive\/#primaryimage"},"thumbnailUrl":"https:\/\/radioljubuski.ba\/wp-content\/uploads\/2022\/03\/8-2022-02-23-14-09-11-grad-mostar.jpg","datePublished":"2022-03-06T14:15:59+00:00","dateModified":"2022-03-06T14:16:00+00:00","breadcrumb":{"@id":"https:\/\/radioljubuski.ba\/index.php\/2022\/03\/06\/znamenite-zene-mostara-u-programu-dokumentarnog-teatra-nevidljive\/#breadcrumb"},"inLanguage":"hr","potentialAction":[{"@type":"ReadAction","target":["https:\/\/radioljubuski.ba\/index.php\/2022\/03\/06\/znamenite-zene-mostara-u-programu-dokumentarnog-teatra-nevidljive\/"]}]},{"@type":"ImageObject","inLanguage":"hr","@id":"https:\/\/radioljubuski.ba\/index.php\/2022\/03\/06\/znamenite-zene-mostara-u-programu-dokumentarnog-teatra-nevidljive\/#primaryimage","url":"https:\/\/radioljubuski.ba\/wp-content\/uploads\/2022\/03\/8-2022-02-23-14-09-11-grad-mostar.jpg","contentUrl":"https:\/\/radioljubuski.ba\/wp-content\/uploads\/2022\/03\/8-2022-02-23-14-09-11-grad-mostar.jpg","width":1000,"height":625},{"@type":"BreadcrumbList","@id":"https:\/\/radioljubuski.ba\/index.php\/2022\/03\/06\/znamenite-zene-mostara-u-programu-dokumentarnog-teatra-nevidljive\/#breadcrumb","itemListElement":[{"@type":"ListItem","position":1,"name":"Po\u010detna stranica","item":"https:\/\/radioljubuski.ba\/"},{"@type":"ListItem","position":2,"name":"Znamenite \u017eene Mostara u programu dokumentarnog teatra &#8216;Nevidljive&#8217;"}]},{"@type":"WebSite","@id":"https:\/\/radioljubuski.ba\/#website","url":"https:\/\/radioljubuski.ba\/","name":"Radio Ljubu\u0161ki","description":"Sun\u010dana frekvencija Hercegovine","publisher":{"@id":"https:\/\/radioljubuski.ba\/#organization"},"potentialAction":[{"@type":"SearchAction","target":{"@type":"EntryPoint","urlTemplate":"https:\/\/radioljubuski.ba\/?s={search_term_string}"},"query-input":{"@type":"PropertyValueSpecification","valueRequired":true,"valueName":"search_term_string"}}],"inLanguage":"hr"},{"@type":"Organization","@id":"https:\/\/radioljubuski.ba\/#organization","name":"Radio Ljubu\u0161ki","url":"https:\/\/radioljubuski.ba\/","logo":{"@type":"ImageObject","inLanguage":"hr","@id":"https:\/\/radioljubuski.ba\/#\/schema\/logo\/image\/","url":"https:\/\/radioljubuski.ba\/wp-content\/uploads\/2021\/02\/cropped-Radio_Ljubuski_logo1.jpg","contentUrl":"https:\/\/radioljubuski.ba\/wp-content\/uploads\/2021\/02\/cropped-Radio_Ljubuski_logo1.jpg","width":512,"height":512,"caption":"Radio Ljubu\u0161ki"},"image":{"@id":"https:\/\/radioljubuski.ba\/#\/schema\/logo\/image\/"},"sameAs":["https:\/\/www.facebook.com\/Radiio-Ljubuski-1490835324566332","https:\/\/x.com\/radioljubuski","https:\/\/hr.linkedin.com\/company\/radio-ljubuski","https:\/\/www.youtube.com\/channel\/UCHYaeO_n0Db3tjNGudGpXyw"]},{"@type":"Person","@id":"https:\/\/radioljubuski.ba\/#\/schema\/person\/19fc700381a780f69665d7956c469e3b","name":"Radio Ljubu\u0161ki"}]}},"_links":{"self":[{"href":"https:\/\/radioljubuski.ba\/index.php\/wp-json\/wp\/v2\/posts\/118654","targetHints":{"allow":["GET"]}}],"collection":[{"href":"https:\/\/radioljubuski.ba\/index.php\/wp-json\/wp\/v2\/posts"}],"about":[{"href":"https:\/\/radioljubuski.ba\/index.php\/wp-json\/wp\/v2\/types\/post"}],"author":[{"embeddable":true,"href":"https:\/\/radioljubuski.ba\/index.php\/wp-json\/wp\/v2\/users\/2"}],"replies":[{"embeddable":true,"href":"https:\/\/radioljubuski.ba\/index.php\/wp-json\/wp\/v2\/comments?post=118654"}],"version-history":[{"count":1,"href":"https:\/\/radioljubuski.ba\/index.php\/wp-json\/wp\/v2\/posts\/118654\/revisions"}],"predecessor-version":[{"id":118656,"href":"https:\/\/radioljubuski.ba\/index.php\/wp-json\/wp\/v2\/posts\/118654\/revisions\/118656"}],"wp:featuredmedia":[{"embeddable":true,"href":"https:\/\/radioljubuski.ba\/index.php\/wp-json\/wp\/v2\/media\/118655"}],"wp:attachment":[{"href":"https:\/\/radioljubuski.ba\/index.php\/wp-json\/wp\/v2\/media?parent=118654"}],"wp:term":[{"taxonomy":"category","embeddable":true,"href":"https:\/\/radioljubuski.ba\/index.php\/wp-json\/wp\/v2\/categories?post=118654"},{"taxonomy":"post_tag","embeddable":true,"href":"https:\/\/radioljubuski.ba\/index.php\/wp-json\/wp\/v2\/tags?post=118654"}],"curies":[{"name":"wp","href":"https:\/\/api.w.org\/{rel}","templated":true}]}}