{"id":118680,"date":"2022-03-06T15:28:10","date_gmt":"2022-03-06T14:28:10","guid":{"rendered":"https:\/\/radioljubuski.ba\/?p=118680"},"modified":"2022-03-06T15:28:11","modified_gmt":"2022-03-06T14:28:11","slug":"preminuo-mitchell-ryan-glumac-iz-santa-barbare-i-smrtonosnog-oruzja","status":"publish","type":"post","link":"https:\/\/radioljubuski.ba\/index.php\/2022\/03\/06\/preminuo-mitchell-ryan-glumac-iz-santa-barbare-i-smrtonosnog-oruzja\/","title":{"rendered":"Preminuo Mitchell Ryan, glumac iz Santa Barbare i Smrtonosnog oru\u017eja"},"content":{"rendered":"\n<p>Ameri\u010dki glumac Mitchell Ryan preminuo je u petak u dobi od 88 godina.<\/p>\n\n\n\n<p>Ryan je preminuo od zatajenja srca u svom domu u Los Angelesu, rekla je njegova pok\u0107erka Denise Freed za Hollywood Reporter. Glumac je bio najpoznatiji po tome \u0161to je u prvom filmu Smrtonosno oru\u017eje igrao zlikovca, zatim nemilosrdnog poslovnog \u010dovjeka u televizijskoj seriji Santa Barbara, a imao je i uloge u sapunici Dark Shadows i sitcomu Dharma &amp; Greg.<\/p>\n\n\n\n<p>Robustan, sna\u017ene \u010deljusti i elegantne bujne kose, Ryan je odmah bio prepoznatljiv na televizijskom i velikom ekranu. Njegova karijera trajala je vi\u0161e od pola stolje\u0107a, po\u010dev\u0161i s nekreditiranom ulogom u filmu Roberta Mitchuma Thunder Road iz 1958.<\/p>\n\n\n\n<p>Bio je general koji je postao krijum\u010dar heroina u Smrtonosnom oru\u017eju, policajac u Magnum Forceu i Electra Glide in Blue, te podmukli, ubojiti biznismen iz Las Vegasa Anthony Tonell u televizijskoj sapunici Santa Barbara. Devedesetih je imao ulogu Gregovog bogatog, ekscentri\u010dnog i pijanog oca u filmu Dharma &amp; Greg.<\/p>\n\n\n\n<p>Ryan je jednu sezonu glumio Burkea Devlina u kultnoj sapunici iz 1960-ih &#8220;Dark Shadows&#8221;, ali je dobio otkaz zbog alkoholizma. Priznao je svoje probleme s pi\u0107em u svojoj autobiografiji Fall of a Sparrow iz 2021.<\/p>\n\n\n\n<p>&#8220;Blagoslovljen sam \u0161to sam, bivaju\u0107i 30 godina pijanac, uspio pro\u017eivjeti radni gluma\u010dki \u017eivot na kojem mi mogu zavidjeti. I \u017eivio sam dosta stvarnog \u017eivota dok sam bio u tome. Trijezan sljede\u0107ih 30 godina, re\u010deno mi je da sam iz svega toga iza\u0161ao kao dobro i korisno ljudsko bi\u0107e&#8221;, napisao je.&nbsp;<\/p>\n\n\n\n<p>Izvor:index.hr<\/p>\n","protected":false},"excerpt":{"rendered":"<p>Ameri\u010dki glumac Mitchell Ryan preminuo je u petak u dobi od 88 godina. Ryan je preminuo od zatajenja srca u svom domu u Los Angelesu, rekla je njegova pok\u0107erka Denise Freed za Hollywood Reporter. Glumac je bio najpoznatiji po tome \u0161to je u prvom filmu Smrtonosno oru\u017eje igrao zlikovca, zatim nemilosrdnog poslovnog \u010dovjeka u televizijskoj [&hellip;]<\/p>\n","protected":false},"author":2,"featured_media":118681,"comment_status":"closed","ping_status":"closed","sticky":false,"template":"","format":"standard","meta":{"h5ap_radio_sources":[],"footnotes":""},"categories":[1],"tags":[],"class_list":["post-118680","post","type-post","status-publish","format-standard","has-post-thumbnail","hentry","category-bihiregija"],"yoast_head":"<!-- This site is optimized with the Yoast SEO plugin v27.5 - https:\/\/yoast.com\/product\/yoast-seo-wordpress\/ -->\n<title>Preminuo Mitchell Ryan, glumac iz Santa Barbare i Smrtonosnog oru\u017eja - RADIO LJUBU\u0160KI<\/title>\n<meta name=\"robots\" content=\"index, follow, max-snippet:-1, max-image-preview:large, max-video-preview:-1\" \/>\n<link rel=\"canonical\" href=\"https:\/\/radioljubuski.ba\/index.php\/2022\/03\/06\/preminuo-mitchell-ryan-glumac-iz-santa-barbare-i-smrtonosnog-oruzja\/\" \/>\n<meta property=\"og:locale\" content=\"hr_HR\" \/>\n<meta property=\"og:type\" content=\"article\" \/>\n<meta property=\"og:title\" content=\"Preminuo Mitchell Ryan, glumac iz Santa Barbare i Smrtonosnog oru\u017eja - RADIO LJUBU\u0160KI\" \/>\n<meta property=\"og:description\" content=\"Ameri\u010dki glumac Mitchell Ryan preminuo je u petak u dobi od 88 godina. Ryan je preminuo od zatajenja srca u svom domu u Los Angelesu, rekla je njegova pok\u0107erka Denise Freed za Hollywood Reporter. Glumac je bio najpoznatiji po tome \u0161to je u prvom filmu Smrtonosno oru\u017eje igrao zlikovca, zatim nemilosrdnog poslovnog \u010dovjeka u televizijskoj [&hellip;]\" \/>\n<meta property=\"og:url\" content=\"https:\/\/radioljubuski.ba\/index.php\/2022\/03\/06\/preminuo-mitchell-ryan-glumac-iz-santa-barbare-i-smrtonosnog-oruzja\/\" \/>\n<meta property=\"og:site_name\" content=\"RADIO LJUBU\u0160KI\" \/>\n<meta property=\"article:publisher\" content=\"https:\/\/www.facebook.com\/Radiio-Ljubuski-1490835324566332\" \/>\n<meta property=\"article:published_time\" content=\"2022-03-06T14:28:10+00:00\" \/>\n<meta property=\"article:modified_time\" content=\"2022-03-06T14:28:11+00:00\" \/>\n<meta property=\"og:image\" content=\"https:\/\/radioljubuski.ba\/wp-content\/uploads\/2022\/03\/2-2022-03-06-13-07-10-295a370f-e33e-41c9-a81c-858910d9345a.jpg\" \/>\n\t<meta property=\"og:image:width\" content=\"1000\" \/>\n\t<meta property=\"og:image:height\" content=\"625\" \/>\n\t<meta property=\"og:image:type\" content=\"image\/jpeg\" \/>\n<meta name=\"author\" content=\"Radio Ljubu\u0161ki\" \/>\n<meta name=\"twitter:card\" content=\"summary_large_image\" \/>\n<meta name=\"twitter:creator\" content=\"@radioljubuski\" \/>\n<meta name=\"twitter:site\" content=\"@radioljubuski\" \/>\n<meta name=\"twitter:label1\" content=\"Napisao\/la\" \/>\n\t<meta name=\"twitter:data1\" content=\"Radio Ljubu\u0161ki\" \/>\n\t<meta name=\"twitter:label2\" content=\"Procijenjeno vrijeme \u010ditanja\" \/>\n\t<meta name=\"twitter:data2\" content=\"2 minute\" \/>\n<script type=\"application\/ld+json\" class=\"yoast-schema-graph\">{\"@context\":\"https:\\\/\\\/schema.org\",\"@graph\":[{\"@type\":\"Article\",\"@id\":\"https:\\\/\\\/radioljubuski.ba\\\/index.php\\\/2022\\\/03\\\/06\\\/preminuo-mitchell-ryan-glumac-iz-santa-barbare-i-smrtonosnog-oruzja\\\/#article\",\"isPartOf\":{\"@id\":\"https:\\\/\\\/radioljubuski.ba\\\/index.php\\\/2022\\\/03\\\/06\\\/preminuo-mitchell-ryan-glumac-iz-santa-barbare-i-smrtonosnog-oruzja\\\/\"},\"author\":{\"name\":\"Radio Ljubu\u0161ki\",\"@id\":\"https:\\\/\\\/radioljubuski.ba\\\/#\\\/schema\\\/person\\\/19fc700381a780f69665d7956c469e3b\"},\"headline\":\"Preminuo Mitchell Ryan, glumac iz Santa Barbare i Smrtonosnog oru\u017eja\",\"datePublished\":\"2022-03-06T14:28:10+00:00\",\"dateModified\":\"2022-03-06T14:28:11+00:00\",\"mainEntityOfPage\":{\"@id\":\"https:\\\/\\\/radioljubuski.ba\\\/index.php\\\/2022\\\/03\\\/06\\\/preminuo-mitchell-ryan-glumac-iz-santa-barbare-i-smrtonosnog-oruzja\\\/\"},\"wordCount\":272,\"publisher\":{\"@id\":\"https:\\\/\\\/radioljubuski.ba\\\/#organization\"},\"image\":{\"@id\":\"https:\\\/\\\/radioljubuski.ba\\\/index.php\\\/2022\\\/03\\\/06\\\/preminuo-mitchell-ryan-glumac-iz-santa-barbare-i-smrtonosnog-oruzja\\\/#primaryimage\"},\"thumbnailUrl\":\"https:\\\/\\\/radioljubuski.ba\\\/wp-content\\\/uploads\\\/2022\\\/03\\\/2-2022-03-06-13-07-10-295a370f-e33e-41c9-a81c-858910d9345a.jpg\",\"articleSection\":[\"BIH i regija\"],\"inLanguage\":\"hr\"},{\"@type\":\"WebPage\",\"@id\":\"https:\\\/\\\/radioljubuski.ba\\\/index.php\\\/2022\\\/03\\\/06\\\/preminuo-mitchell-ryan-glumac-iz-santa-barbare-i-smrtonosnog-oruzja\\\/\",\"url\":\"https:\\\/\\\/radioljubuski.ba\\\/index.php\\\/2022\\\/03\\\/06\\\/preminuo-mitchell-ryan-glumac-iz-santa-barbare-i-smrtonosnog-oruzja\\\/\",\"name\":\"Preminuo Mitchell Ryan, glumac iz Santa Barbare i Smrtonosnog oru\u017eja - RADIO LJUBU\u0160KI\",\"isPartOf\":{\"@id\":\"https:\\\/\\\/radioljubuski.ba\\\/#website\"},\"primaryImageOfPage\":{\"@id\":\"https:\\\/\\\/radioljubuski.ba\\\/index.php\\\/2022\\\/03\\\/06\\\/preminuo-mitchell-ryan-glumac-iz-santa-barbare-i-smrtonosnog-oruzja\\\/#primaryimage\"},\"image\":{\"@id\":\"https:\\\/\\\/radioljubuski.ba\\\/index.php\\\/2022\\\/03\\\/06\\\/preminuo-mitchell-ryan-glumac-iz-santa-barbare-i-smrtonosnog-oruzja\\\/#primaryimage\"},\"thumbnailUrl\":\"https:\\\/\\\/radioljubuski.ba\\\/wp-content\\\/uploads\\\/2022\\\/03\\\/2-2022-03-06-13-07-10-295a370f-e33e-41c9-a81c-858910d9345a.jpg\",\"datePublished\":\"2022-03-06T14:28:10+00:00\",\"dateModified\":\"2022-03-06T14:28:11+00:00\",\"breadcrumb\":{\"@id\":\"https:\\\/\\\/radioljubuski.ba\\\/index.php\\\/2022\\\/03\\\/06\\\/preminuo-mitchell-ryan-glumac-iz-santa-barbare-i-smrtonosnog-oruzja\\\/#breadcrumb\"},\"inLanguage\":\"hr\",\"potentialAction\":[{\"@type\":\"ReadAction\",\"target\":[\"https:\\\/\\\/radioljubuski.ba\\\/index.php\\\/2022\\\/03\\\/06\\\/preminuo-mitchell-ryan-glumac-iz-santa-barbare-i-smrtonosnog-oruzja\\\/\"]}]},{\"@type\":\"ImageObject\",\"inLanguage\":\"hr\",\"@id\":\"https:\\\/\\\/radioljubuski.ba\\\/index.php\\\/2022\\\/03\\\/06\\\/preminuo-mitchell-ryan-glumac-iz-santa-barbare-i-smrtonosnog-oruzja\\\/#primaryimage\",\"url\":\"https:\\\/\\\/radioljubuski.ba\\\/wp-content\\\/uploads\\\/2022\\\/03\\\/2-2022-03-06-13-07-10-295a370f-e33e-41c9-a81c-858910d9345a.jpg\",\"contentUrl\":\"https:\\\/\\\/radioljubuski.ba\\\/wp-content\\\/uploads\\\/2022\\\/03\\\/2-2022-03-06-13-07-10-295a370f-e33e-41c9-a81c-858910d9345a.jpg\",\"width\":1000,\"height\":625},{\"@type\":\"BreadcrumbList\",\"@id\":\"https:\\\/\\\/radioljubuski.ba\\\/index.php\\\/2022\\\/03\\\/06\\\/preminuo-mitchell-ryan-glumac-iz-santa-barbare-i-smrtonosnog-oruzja\\\/#breadcrumb\",\"itemListElement\":[{\"@type\":\"ListItem\",\"position\":1,\"name\":\"Po\u010detna stranica\",\"item\":\"https:\\\/\\\/radioljubuski.ba\\\/\"},{\"@type\":\"ListItem\",\"position\":2,\"name\":\"Preminuo Mitchell Ryan, glumac iz Santa Barbare i Smrtonosnog oru\u017eja\"}]},{\"@type\":\"WebSite\",\"@id\":\"https:\\\/\\\/radioljubuski.ba\\\/#website\",\"url\":\"https:\\\/\\\/radioljubuski.ba\\\/\",\"name\":\"Radio Ljubu\u0161ki\",\"description\":\"Sun\u010dana frekvencija Hercegovine\",\"publisher\":{\"@id\":\"https:\\\/\\\/radioljubuski.ba\\\/#organization\"},\"potentialAction\":[{\"@type\":\"SearchAction\",\"target\":{\"@type\":\"EntryPoint\",\"urlTemplate\":\"https:\\\/\\\/radioljubuski.ba\\\/?s={search_term_string}\"},\"query-input\":{\"@type\":\"PropertyValueSpecification\",\"valueRequired\":true,\"valueName\":\"search_term_string\"}}],\"inLanguage\":\"hr\"},{\"@type\":\"Organization\",\"@id\":\"https:\\\/\\\/radioljubuski.ba\\\/#organization\",\"name\":\"Radio Ljubu\u0161ki\",\"url\":\"https:\\\/\\\/radioljubuski.ba\\\/\",\"logo\":{\"@type\":\"ImageObject\",\"inLanguage\":\"hr\",\"@id\":\"https:\\\/\\\/radioljubuski.ba\\\/#\\\/schema\\\/logo\\\/image\\\/\",\"url\":\"https:\\\/\\\/radioljubuski.ba\\\/wp-content\\\/uploads\\\/2021\\\/02\\\/cropped-Radio_Ljubuski_logo1.jpg\",\"contentUrl\":\"https:\\\/\\\/radioljubuski.ba\\\/wp-content\\\/uploads\\\/2021\\\/02\\\/cropped-Radio_Ljubuski_logo1.jpg\",\"width\":512,\"height\":512,\"caption\":\"Radio Ljubu\u0161ki\"},\"image\":{\"@id\":\"https:\\\/\\\/radioljubuski.ba\\\/#\\\/schema\\\/logo\\\/image\\\/\"},\"sameAs\":[\"https:\\\/\\\/www.facebook.com\\\/Radiio-Ljubuski-1490835324566332\",\"https:\\\/\\\/x.com\\\/radioljubuski\",\"https:\\\/\\\/hr.linkedin.com\\\/company\\\/radio-ljubuski\",\"https:\\\/\\\/www.youtube.com\\\/channel\\\/UCHYaeO_n0Db3tjNGudGpXyw\"]},{\"@type\":\"Person\",\"@id\":\"https:\\\/\\\/radioljubuski.ba\\\/#\\\/schema\\\/person\\\/19fc700381a780f69665d7956c469e3b\",\"name\":\"Radio Ljubu\u0161ki\"}]}<\/script>\n<!-- \/ Yoast SEO plugin. -->","yoast_head_json":{"title":"Preminuo Mitchell Ryan, glumac iz Santa Barbare i Smrtonosnog oru\u017eja - RADIO LJUBU\u0160KI","robots":{"index":"index","follow":"follow","max-snippet":"max-snippet:-1","max-image-preview":"max-image-preview:large","max-video-preview":"max-video-preview:-1"},"canonical":"https:\/\/radioljubuski.ba\/index.php\/2022\/03\/06\/preminuo-mitchell-ryan-glumac-iz-santa-barbare-i-smrtonosnog-oruzja\/","og_locale":"hr_HR","og_type":"article","og_title":"Preminuo Mitchell Ryan, glumac iz Santa Barbare i Smrtonosnog oru\u017eja - RADIO LJUBU\u0160KI","og_description":"Ameri\u010dki glumac Mitchell Ryan preminuo je u petak u dobi od 88 godina. Ryan je preminuo od zatajenja srca u svom domu u Los Angelesu, rekla je njegova pok\u0107erka Denise Freed za Hollywood Reporter. Glumac je bio najpoznatiji po tome \u0161to je u prvom filmu Smrtonosno oru\u017eje igrao zlikovca, zatim nemilosrdnog poslovnog \u010dovjeka u televizijskoj [&hellip;]","og_url":"https:\/\/radioljubuski.ba\/index.php\/2022\/03\/06\/preminuo-mitchell-ryan-glumac-iz-santa-barbare-i-smrtonosnog-oruzja\/","og_site_name":"RADIO LJUBU\u0160KI","article_publisher":"https:\/\/www.facebook.com\/Radiio-Ljubuski-1490835324566332","article_published_time":"2022-03-06T14:28:10+00:00","article_modified_time":"2022-03-06T14:28:11+00:00","og_image":[{"width":1000,"height":625,"url":"https:\/\/radioljubuski.ba\/wp-content\/uploads\/2022\/03\/2-2022-03-06-13-07-10-295a370f-e33e-41c9-a81c-858910d9345a.jpg","type":"image\/jpeg"}],"author":"Radio Ljubu\u0161ki","twitter_card":"summary_large_image","twitter_creator":"@radioljubuski","twitter_site":"@radioljubuski","twitter_misc":{"Napisao\/la":"Radio Ljubu\u0161ki","Procijenjeno vrijeme \u010ditanja":"2 minute"},"schema":{"@context":"https:\/\/schema.org","@graph":[{"@type":"Article","@id":"https:\/\/radioljubuski.ba\/index.php\/2022\/03\/06\/preminuo-mitchell-ryan-glumac-iz-santa-barbare-i-smrtonosnog-oruzja\/#article","isPartOf":{"@id":"https:\/\/radioljubuski.ba\/index.php\/2022\/03\/06\/preminuo-mitchell-ryan-glumac-iz-santa-barbare-i-smrtonosnog-oruzja\/"},"author":{"name":"Radio Ljubu\u0161ki","@id":"https:\/\/radioljubuski.ba\/#\/schema\/person\/19fc700381a780f69665d7956c469e3b"},"headline":"Preminuo Mitchell Ryan, glumac iz Santa Barbare i Smrtonosnog oru\u017eja","datePublished":"2022-03-06T14:28:10+00:00","dateModified":"2022-03-06T14:28:11+00:00","mainEntityOfPage":{"@id":"https:\/\/radioljubuski.ba\/index.php\/2022\/03\/06\/preminuo-mitchell-ryan-glumac-iz-santa-barbare-i-smrtonosnog-oruzja\/"},"wordCount":272,"publisher":{"@id":"https:\/\/radioljubuski.ba\/#organization"},"image":{"@id":"https:\/\/radioljubuski.ba\/index.php\/2022\/03\/06\/preminuo-mitchell-ryan-glumac-iz-santa-barbare-i-smrtonosnog-oruzja\/#primaryimage"},"thumbnailUrl":"https:\/\/radioljubuski.ba\/wp-content\/uploads\/2022\/03\/2-2022-03-06-13-07-10-295a370f-e33e-41c9-a81c-858910d9345a.jpg","articleSection":["BIH i regija"],"inLanguage":"hr"},{"@type":"WebPage","@id":"https:\/\/radioljubuski.ba\/index.php\/2022\/03\/06\/preminuo-mitchell-ryan-glumac-iz-santa-barbare-i-smrtonosnog-oruzja\/","url":"https:\/\/radioljubuski.ba\/index.php\/2022\/03\/06\/preminuo-mitchell-ryan-glumac-iz-santa-barbare-i-smrtonosnog-oruzja\/","name":"Preminuo Mitchell Ryan, glumac iz Santa Barbare i Smrtonosnog oru\u017eja - RADIO LJUBU\u0160KI","isPartOf":{"@id":"https:\/\/radioljubuski.ba\/#website"},"primaryImageOfPage":{"@id":"https:\/\/radioljubuski.ba\/index.php\/2022\/03\/06\/preminuo-mitchell-ryan-glumac-iz-santa-barbare-i-smrtonosnog-oruzja\/#primaryimage"},"image":{"@id":"https:\/\/radioljubuski.ba\/index.php\/2022\/03\/06\/preminuo-mitchell-ryan-glumac-iz-santa-barbare-i-smrtonosnog-oruzja\/#primaryimage"},"thumbnailUrl":"https:\/\/radioljubuski.ba\/wp-content\/uploads\/2022\/03\/2-2022-03-06-13-07-10-295a370f-e33e-41c9-a81c-858910d9345a.jpg","datePublished":"2022-03-06T14:28:10+00:00","dateModified":"2022-03-06T14:28:11+00:00","breadcrumb":{"@id":"https:\/\/radioljubuski.ba\/index.php\/2022\/03\/06\/preminuo-mitchell-ryan-glumac-iz-santa-barbare-i-smrtonosnog-oruzja\/#breadcrumb"},"inLanguage":"hr","potentialAction":[{"@type":"ReadAction","target":["https:\/\/radioljubuski.ba\/index.php\/2022\/03\/06\/preminuo-mitchell-ryan-glumac-iz-santa-barbare-i-smrtonosnog-oruzja\/"]}]},{"@type":"ImageObject","inLanguage":"hr","@id":"https:\/\/radioljubuski.ba\/index.php\/2022\/03\/06\/preminuo-mitchell-ryan-glumac-iz-santa-barbare-i-smrtonosnog-oruzja\/#primaryimage","url":"https:\/\/radioljubuski.ba\/wp-content\/uploads\/2022\/03\/2-2022-03-06-13-07-10-295a370f-e33e-41c9-a81c-858910d9345a.jpg","contentUrl":"https:\/\/radioljubuski.ba\/wp-content\/uploads\/2022\/03\/2-2022-03-06-13-07-10-295a370f-e33e-41c9-a81c-858910d9345a.jpg","width":1000,"height":625},{"@type":"BreadcrumbList","@id":"https:\/\/radioljubuski.ba\/index.php\/2022\/03\/06\/preminuo-mitchell-ryan-glumac-iz-santa-barbare-i-smrtonosnog-oruzja\/#breadcrumb","itemListElement":[{"@type":"ListItem","position":1,"name":"Po\u010detna stranica","item":"https:\/\/radioljubuski.ba\/"},{"@type":"ListItem","position":2,"name":"Preminuo Mitchell Ryan, glumac iz Santa Barbare i Smrtonosnog oru\u017eja"}]},{"@type":"WebSite","@id":"https:\/\/radioljubuski.ba\/#website","url":"https:\/\/radioljubuski.ba\/","name":"Radio Ljubu\u0161ki","description":"Sun\u010dana frekvencija Hercegovine","publisher":{"@id":"https:\/\/radioljubuski.ba\/#organization"},"potentialAction":[{"@type":"SearchAction","target":{"@type":"EntryPoint","urlTemplate":"https:\/\/radioljubuski.ba\/?s={search_term_string}"},"query-input":{"@type":"PropertyValueSpecification","valueRequired":true,"valueName":"search_term_string"}}],"inLanguage":"hr"},{"@type":"Organization","@id":"https:\/\/radioljubuski.ba\/#organization","name":"Radio Ljubu\u0161ki","url":"https:\/\/radioljubuski.ba\/","logo":{"@type":"ImageObject","inLanguage":"hr","@id":"https:\/\/radioljubuski.ba\/#\/schema\/logo\/image\/","url":"https:\/\/radioljubuski.ba\/wp-content\/uploads\/2021\/02\/cropped-Radio_Ljubuski_logo1.jpg","contentUrl":"https:\/\/radioljubuski.ba\/wp-content\/uploads\/2021\/02\/cropped-Radio_Ljubuski_logo1.jpg","width":512,"height":512,"caption":"Radio Ljubu\u0161ki"},"image":{"@id":"https:\/\/radioljubuski.ba\/#\/schema\/logo\/image\/"},"sameAs":["https:\/\/www.facebook.com\/Radiio-Ljubuski-1490835324566332","https:\/\/x.com\/radioljubuski","https:\/\/hr.linkedin.com\/company\/radio-ljubuski","https:\/\/www.youtube.com\/channel\/UCHYaeO_n0Db3tjNGudGpXyw"]},{"@type":"Person","@id":"https:\/\/radioljubuski.ba\/#\/schema\/person\/19fc700381a780f69665d7956c469e3b","name":"Radio Ljubu\u0161ki"}]}},"_links":{"self":[{"href":"https:\/\/radioljubuski.ba\/index.php\/wp-json\/wp\/v2\/posts\/118680","targetHints":{"allow":["GET"]}}],"collection":[{"href":"https:\/\/radioljubuski.ba\/index.php\/wp-json\/wp\/v2\/posts"}],"about":[{"href":"https:\/\/radioljubuski.ba\/index.php\/wp-json\/wp\/v2\/types\/post"}],"author":[{"embeddable":true,"href":"https:\/\/radioljubuski.ba\/index.php\/wp-json\/wp\/v2\/users\/2"}],"replies":[{"embeddable":true,"href":"https:\/\/radioljubuski.ba\/index.php\/wp-json\/wp\/v2\/comments?post=118680"}],"version-history":[{"count":1,"href":"https:\/\/radioljubuski.ba\/index.php\/wp-json\/wp\/v2\/posts\/118680\/revisions"}],"predecessor-version":[{"id":118682,"href":"https:\/\/radioljubuski.ba\/index.php\/wp-json\/wp\/v2\/posts\/118680\/revisions\/118682"}],"wp:featuredmedia":[{"embeddable":true,"href":"https:\/\/radioljubuski.ba\/index.php\/wp-json\/wp\/v2\/media\/118681"}],"wp:attachment":[{"href":"https:\/\/radioljubuski.ba\/index.php\/wp-json\/wp\/v2\/media?parent=118680"}],"wp:term":[{"taxonomy":"category","embeddable":true,"href":"https:\/\/radioljubuski.ba\/index.php\/wp-json\/wp\/v2\/categories?post=118680"},{"taxonomy":"post_tag","embeddable":true,"href":"https:\/\/radioljubuski.ba\/index.php\/wp-json\/wp\/v2\/tags?post=118680"}],"curies":[{"name":"wp","href":"https:\/\/api.w.org\/{rel}","templated":true}]}}