{"id":118683,"date":"2022-03-06T15:29:23","date_gmt":"2022-03-06T14:29:23","guid":{"rendered":"https:\/\/radioljubuski.ba\/?p=118683"},"modified":"2022-03-06T15:29:24","modified_gmt":"2022-03-06T14:29:24","slug":"poslodavci-sad-mogu-traziti-izvanrednu-ocjenu-bolovanja","status":"publish","type":"post","link":"https:\/\/radioljubuski.ba\/index.php\/2022\/03\/06\/poslodavci-sad-mogu-traziti-izvanrednu-ocjenu-bolovanja\/","title":{"rendered":"Poslodavci sad mogu tra\u017eiti izvanrednu ocjenu bolovanja"},"content":{"rendered":"\n<p>Novim pravilnikom o bolovanjima poslodavcima u Republici Srpskoj omogu\u0107eno je da zatra\u017ee izvanrednu ocjenu privremene nesposobnosti za rad ukoliko imaju bilo kakvu sumnju u opravdanost bolovanja radnika, priop\u0107eno je iz Fonda zdravstvenog osiguranja (FZO).<\/p>\n\n\n\n<p>Na osnovu Pravilnika o ostvarivanju prava na naknadu pla\u0107e za vrijeme privremene nesposobnosti za rad, koji se primjenjuje od po\u010detka o\u017eujka, poslodavci imaju mogu\u0107nost da FZO podnesu zahtjev radi izvanredne ocjene bolovanja.<\/p>\n\n\n\n<p>&#8220;Na osnovu tog zahtjeva prvostupanjske komisija za bolovanja pozvat \u0107e osiguranika i sprovesti izvanrednu procjenu privremene nesposobnosti, a ishod ove izvanredne ocjene mo\u017ee biti, kako je predvi\u0111eno Pravilnikom, ili nastavak bolovanja ili vra\u0107anje na posao narednog dana, ako se ponovnom analizom medicinske dokumentacije i pregledom osiguranika ustanovi da je radnik sposoban za posao&#8221;, navedeno je u priop\u0107enju iz FZO.<\/p>\n\n\n\n<p>Ovim pravilnikom predvi\u0111eno je i da radnici Fonda budu prisutni na prvostepenim komisijama za ocjenu privremene nesposobnosti za rad s ciljem unapre\u0111enje rada u ovoj oblasti.<\/p>\n\n\n\n<p>&#8220;Cilj je i da radnici FZO koordini\u0161u izme\u0111u zdravstvene ustanove i osiguranika s namjerom da se ubrzaju dijagnosti\u010dke procedure koje su osiguraniku preporu\u010dene kako bi se skratilo trajanje bolovanja ukoliko se ispostavi da je radnik na bolovanju jer \u010deka na odre\u0111ene preglede, poput magnetne rezonance, CT-a i sli\u010dno&#8221;, navedeno je u priop\u0107enju.<\/p>\n\n\n\n<p>Iz Fonda su pojasnili da je cilj ovih novina da sve eventualne zloupotrebe ovog prava budu svedene na minimum.<\/p>\n\n\n\n<p>&#8220;Ovim pravilnikom definisano je da osiguranik za vrijeme bolovanja ne napu\u0161ta mjesto stalnog prebivali\u0161ta, osim kada odlazi obiteljskom lije\u010dniku ili kada je upu\u0107en na dijagnosti\u010dke preglede i lije\u010denja koja se nalaze van mjesta prebivali\u0161ta&#8221;, navodi se u saop\u0161tenju.<\/p>\n\n\n\n<p>Da bi se sprije\u010dilo da bolovanja traju du\u017ee nego \u0161to je neophodno, jedna od novina jeste i da obiteljski lije\u010dnik ne mora da \u010deka 12 mjeseci kako bi osiguranika uputio na ocjenu radne sposobnosti komisije Fonda PIO RS, nego je taj period skra\u0107en na \u0161est mjeseci neprekidne nesposobnosti za rad, izuzev kada je rije\u010d o trudni\u010dkim bolovanjima.<\/p>\n\n\n\n<p>Osim toga, s ciljem jednostavnijeg tuma\u010denja propisa u praksi, u novom pravilniku je jasno definirano i da bolovanje mo\u017ee da se vodi na osnovu pregleda osiguranika kod lije\u010dnika iz odgovaraju\u0107e ugovorene zdravstvene ustanove koja ima ugovor sa Fondom i koji se egzaktno izjasnio da osiguranik nije sposoban za rad.<\/p>\n\n\n\n<p>Cilj dono\u0161enja novog pravilnika nije samo unapre\u0111enje kontrole, nego i pojednostavljenje procedure odobravanja bolovanja za najugro\u017eenije kategorije.<\/p>\n\n\n\n<p>&#8220;Primjera radi, trudnice, nepokretne osobe i osiguranici sa infektivnim bolestima vi\u0161e ne moraju svakog mjeseca li\u010dno da dolaze na ocjenu privremene nesposobnosti za rad, nego to u njihovo ime mo\u017ee da uradi neko drugi&#8221;, navodi se u priop\u0107enju.<\/p>\n\n\n\n<p>Kada elektronsko zdravstvo u potpunosti za\u017eivi, komisija \u0107e elektronskim putem imati uvid u medicinsku dokumentaciju i mo\u0107i \u0107e da na osnovu toga donosi ocjenu za ove kategorije osiguranih osoba. To \u0107e se odnositi i na osoba koja se nalaze na bolni\u010dkom lije\u010denju, te ne\u0107e biti potrebe da neko u njihovo ime donosi dokumentaciju na komisiju.<\/p>\n\n\n\n<p>Cilj Fonda je unaprijediti kako kontrolu bolovanja, tako i preciznije definira medicinske indikacije i dane trajanja kako bi i zdravstvenim radnicima koji u praksi primjenjuju propise bilo mnogo jednostavnije i bez mogu\u0107nosti razli\u010ditih tuma\u010denja.<\/p>\n\n\n\n<p>&#8220;U proces dono\u0161enja novog pravilnika bili su uklju\u010deni kako predstavnici poslodavaca, tako i sindikalnih organizacija, ali i zdravstvenih ustanova, jer nam je cilj da se oblast bolovanja dodatno unaprijedi u saradnji sa svima na koje se odnose ove promjene&#8221;, navodi se u saop\u0161tenju.<\/p>\n\n\n\n<p>Iz Fonda podsje\u0107aju da su i prije dvije godine uveli odre\u0111ene novine u ovu oblast, poput da roditelji djeteta koje se nalazi na bolni\u010dkom lije\u010denju imaju pravo na bolovanje u trajanju bolni\u010dkog lije\u010denja djeteta, \u0161to ranije nije bio slu\u010daj.<\/p>\n\n\n\n<p>Izvor:BHRT<\/p>\n","protected":false},"excerpt":{"rendered":"<p>Novim pravilnikom o bolovanjima poslodavcima u Republici Srpskoj omogu\u0107eno je da zatra\u017ee izvanrednu ocjenu privremene nesposobnosti za rad ukoliko imaju bilo kakvu sumnju u opravdanost bolovanja radnika, priop\u0107eno je iz Fonda zdravstvenog osiguranja (FZO). Na osnovu Pravilnika o ostvarivanju prava na naknadu pla\u0107e za vrijeme privremene nesposobnosti za rad, koji se primjenjuje od po\u010detka o\u017eujka, [&hellip;]<\/p>\n","protected":false},"author":2,"featured_media":118684,"comment_status":"closed","ping_status":"closed","sticky":false,"template":"","format":"standard","meta":{"h5ap_radio_sources":[],"footnotes":""},"categories":[1],"tags":[],"class_list":["post-118683","post","type-post","status-publish","format-standard","has-post-thumbnail","hentry","category-bihiregija"],"yoast_head":"<!-- This site is optimized with the Yoast SEO plugin v27.5 - https:\/\/yoast.com\/product\/yoast-seo-wordpress\/ -->\n<title>Poslodavci sad mogu tra\u017eiti izvanrednu ocjenu bolovanja - RADIO LJUBU\u0160KI<\/title>\n<meta name=\"robots\" content=\"index, follow, max-snippet:-1, max-image-preview:large, max-video-preview:-1\" \/>\n<link rel=\"canonical\" href=\"https:\/\/radioljubuski.ba\/index.php\/2022\/03\/06\/poslodavci-sad-mogu-traziti-izvanrednu-ocjenu-bolovanja\/\" \/>\n<meta property=\"og:locale\" content=\"hr_HR\" \/>\n<meta property=\"og:type\" content=\"article\" \/>\n<meta property=\"og:title\" content=\"Poslodavci sad mogu tra\u017eiti izvanrednu ocjenu bolovanja - RADIO LJUBU\u0160KI\" \/>\n<meta property=\"og:description\" content=\"Novim pravilnikom o bolovanjima poslodavcima u Republici Srpskoj omogu\u0107eno je da zatra\u017ee izvanrednu ocjenu privremene nesposobnosti za rad ukoliko imaju bilo kakvu sumnju u opravdanost bolovanja radnika, priop\u0107eno je iz Fonda zdravstvenog osiguranja (FZO). Na osnovu Pravilnika o ostvarivanju prava na naknadu pla\u0107e za vrijeme privremene nesposobnosti za rad, koji se primjenjuje od po\u010detka o\u017eujka, [&hellip;]\" \/>\n<meta property=\"og:url\" content=\"https:\/\/radioljubuski.ba\/index.php\/2022\/03\/06\/poslodavci-sad-mogu-traziti-izvanrednu-ocjenu-bolovanja\/\" \/>\n<meta property=\"og:site_name\" content=\"RADIO LJUBU\u0160KI\" \/>\n<meta property=\"article:publisher\" content=\"https:\/\/www.facebook.com\/Radiio-Ljubuski-1490835324566332\" \/>\n<meta property=\"article:published_time\" content=\"2022-03-06T14:29:23+00:00\" \/>\n<meta property=\"article:modified_time\" content=\"2022-03-06T14:29:24+00:00\" \/>\n<meta property=\"og:image\" content=\"https:\/\/radioljubuski.ba\/wp-content\/uploads\/2022\/03\/0vG5ZTK3_lijecnik_bolovanje_.jpg\" \/>\n\t<meta property=\"og:image:width\" content=\"1000\" \/>\n\t<meta property=\"og:image:height\" content=\"625\" \/>\n\t<meta property=\"og:image:type\" content=\"image\/jpeg\" \/>\n<meta name=\"author\" content=\"Radio Ljubu\u0161ki\" \/>\n<meta name=\"twitter:card\" content=\"summary_large_image\" \/>\n<meta name=\"twitter:creator\" content=\"@radioljubuski\" \/>\n<meta name=\"twitter:site\" content=\"@radioljubuski\" \/>\n<meta name=\"twitter:label1\" content=\"Napisao\/la\" \/>\n\t<meta name=\"twitter:data1\" content=\"Radio Ljubu\u0161ki\" \/>\n\t<meta name=\"twitter:label2\" content=\"Procijenjeno vrijeme \u010ditanja\" \/>\n\t<meta name=\"twitter:data2\" content=\"3 minute\" \/>\n<script type=\"application\/ld+json\" class=\"yoast-schema-graph\">{\"@context\":\"https:\\\/\\\/schema.org\",\"@graph\":[{\"@type\":\"Article\",\"@id\":\"https:\\\/\\\/radioljubuski.ba\\\/index.php\\\/2022\\\/03\\\/06\\\/poslodavci-sad-mogu-traziti-izvanrednu-ocjenu-bolovanja\\\/#article\",\"isPartOf\":{\"@id\":\"https:\\\/\\\/radioljubuski.ba\\\/index.php\\\/2022\\\/03\\\/06\\\/poslodavci-sad-mogu-traziti-izvanrednu-ocjenu-bolovanja\\\/\"},\"author\":{\"name\":\"Radio Ljubu\u0161ki\",\"@id\":\"https:\\\/\\\/radioljubuski.ba\\\/#\\\/schema\\\/person\\\/19fc700381a780f69665d7956c469e3b\"},\"headline\":\"Poslodavci sad mogu tra\u017eiti izvanrednu ocjenu bolovanja\",\"datePublished\":\"2022-03-06T14:29:23+00:00\",\"dateModified\":\"2022-03-06T14:29:24+00:00\",\"mainEntityOfPage\":{\"@id\":\"https:\\\/\\\/radioljubuski.ba\\\/index.php\\\/2022\\\/03\\\/06\\\/poslodavci-sad-mogu-traziti-izvanrednu-ocjenu-bolovanja\\\/\"},\"wordCount\":663,\"publisher\":{\"@id\":\"https:\\\/\\\/radioljubuski.ba\\\/#organization\"},\"image\":{\"@id\":\"https:\\\/\\\/radioljubuski.ba\\\/index.php\\\/2022\\\/03\\\/06\\\/poslodavci-sad-mogu-traziti-izvanrednu-ocjenu-bolovanja\\\/#primaryimage\"},\"thumbnailUrl\":\"https:\\\/\\\/radioljubuski.ba\\\/wp-content\\\/uploads\\\/2022\\\/03\\\/0vG5ZTK3_lijecnik_bolovanje_.jpg\",\"articleSection\":[\"BIH i regija\"],\"inLanguage\":\"hr\"},{\"@type\":\"WebPage\",\"@id\":\"https:\\\/\\\/radioljubuski.ba\\\/index.php\\\/2022\\\/03\\\/06\\\/poslodavci-sad-mogu-traziti-izvanrednu-ocjenu-bolovanja\\\/\",\"url\":\"https:\\\/\\\/radioljubuski.ba\\\/index.php\\\/2022\\\/03\\\/06\\\/poslodavci-sad-mogu-traziti-izvanrednu-ocjenu-bolovanja\\\/\",\"name\":\"Poslodavci sad mogu tra\u017eiti izvanrednu ocjenu bolovanja - RADIO LJUBU\u0160KI\",\"isPartOf\":{\"@id\":\"https:\\\/\\\/radioljubuski.ba\\\/#website\"},\"primaryImageOfPage\":{\"@id\":\"https:\\\/\\\/radioljubuski.ba\\\/index.php\\\/2022\\\/03\\\/06\\\/poslodavci-sad-mogu-traziti-izvanrednu-ocjenu-bolovanja\\\/#primaryimage\"},\"image\":{\"@id\":\"https:\\\/\\\/radioljubuski.ba\\\/index.php\\\/2022\\\/03\\\/06\\\/poslodavci-sad-mogu-traziti-izvanrednu-ocjenu-bolovanja\\\/#primaryimage\"},\"thumbnailUrl\":\"https:\\\/\\\/radioljubuski.ba\\\/wp-content\\\/uploads\\\/2022\\\/03\\\/0vG5ZTK3_lijecnik_bolovanje_.jpg\",\"datePublished\":\"2022-03-06T14:29:23+00:00\",\"dateModified\":\"2022-03-06T14:29:24+00:00\",\"breadcrumb\":{\"@id\":\"https:\\\/\\\/radioljubuski.ba\\\/index.php\\\/2022\\\/03\\\/06\\\/poslodavci-sad-mogu-traziti-izvanrednu-ocjenu-bolovanja\\\/#breadcrumb\"},\"inLanguage\":\"hr\",\"potentialAction\":[{\"@type\":\"ReadAction\",\"target\":[\"https:\\\/\\\/radioljubuski.ba\\\/index.php\\\/2022\\\/03\\\/06\\\/poslodavci-sad-mogu-traziti-izvanrednu-ocjenu-bolovanja\\\/\"]}]},{\"@type\":\"ImageObject\",\"inLanguage\":\"hr\",\"@id\":\"https:\\\/\\\/radioljubuski.ba\\\/index.php\\\/2022\\\/03\\\/06\\\/poslodavci-sad-mogu-traziti-izvanrednu-ocjenu-bolovanja\\\/#primaryimage\",\"url\":\"https:\\\/\\\/radioljubuski.ba\\\/wp-content\\\/uploads\\\/2022\\\/03\\\/0vG5ZTK3_lijecnik_bolovanje_.jpg\",\"contentUrl\":\"https:\\\/\\\/radioljubuski.ba\\\/wp-content\\\/uploads\\\/2022\\\/03\\\/0vG5ZTK3_lijecnik_bolovanje_.jpg\",\"width\":1000,\"height\":625},{\"@type\":\"BreadcrumbList\",\"@id\":\"https:\\\/\\\/radioljubuski.ba\\\/index.php\\\/2022\\\/03\\\/06\\\/poslodavci-sad-mogu-traziti-izvanrednu-ocjenu-bolovanja\\\/#breadcrumb\",\"itemListElement\":[{\"@type\":\"ListItem\",\"position\":1,\"name\":\"Po\u010detna stranica\",\"item\":\"https:\\\/\\\/radioljubuski.ba\\\/\"},{\"@type\":\"ListItem\",\"position\":2,\"name\":\"Poslodavci sad mogu tra\u017eiti izvanrednu ocjenu bolovanja\"}]},{\"@type\":\"WebSite\",\"@id\":\"https:\\\/\\\/radioljubuski.ba\\\/#website\",\"url\":\"https:\\\/\\\/radioljubuski.ba\\\/\",\"name\":\"Radio Ljubu\u0161ki\",\"description\":\"Sun\u010dana frekvencija Hercegovine\",\"publisher\":{\"@id\":\"https:\\\/\\\/radioljubuski.ba\\\/#organization\"},\"potentialAction\":[{\"@type\":\"SearchAction\",\"target\":{\"@type\":\"EntryPoint\",\"urlTemplate\":\"https:\\\/\\\/radioljubuski.ba\\\/?s={search_term_string}\"},\"query-input\":{\"@type\":\"PropertyValueSpecification\",\"valueRequired\":true,\"valueName\":\"search_term_string\"}}],\"inLanguage\":\"hr\"},{\"@type\":\"Organization\",\"@id\":\"https:\\\/\\\/radioljubuski.ba\\\/#organization\",\"name\":\"Radio Ljubu\u0161ki\",\"url\":\"https:\\\/\\\/radioljubuski.ba\\\/\",\"logo\":{\"@type\":\"ImageObject\",\"inLanguage\":\"hr\",\"@id\":\"https:\\\/\\\/radioljubuski.ba\\\/#\\\/schema\\\/logo\\\/image\\\/\",\"url\":\"https:\\\/\\\/radioljubuski.ba\\\/wp-content\\\/uploads\\\/2021\\\/02\\\/cropped-Radio_Ljubuski_logo1.jpg\",\"contentUrl\":\"https:\\\/\\\/radioljubuski.ba\\\/wp-content\\\/uploads\\\/2021\\\/02\\\/cropped-Radio_Ljubuski_logo1.jpg\",\"width\":512,\"height\":512,\"caption\":\"Radio Ljubu\u0161ki\"},\"image\":{\"@id\":\"https:\\\/\\\/radioljubuski.ba\\\/#\\\/schema\\\/logo\\\/image\\\/\"},\"sameAs\":[\"https:\\\/\\\/www.facebook.com\\\/Radiio-Ljubuski-1490835324566332\",\"https:\\\/\\\/x.com\\\/radioljubuski\",\"https:\\\/\\\/hr.linkedin.com\\\/company\\\/radio-ljubuski\",\"https:\\\/\\\/www.youtube.com\\\/channel\\\/UCHYaeO_n0Db3tjNGudGpXyw\"]},{\"@type\":\"Person\",\"@id\":\"https:\\\/\\\/radioljubuski.ba\\\/#\\\/schema\\\/person\\\/19fc700381a780f69665d7956c469e3b\",\"name\":\"Radio Ljubu\u0161ki\"}]}<\/script>\n<!-- \/ Yoast SEO plugin. -->","yoast_head_json":{"title":"Poslodavci sad mogu tra\u017eiti izvanrednu ocjenu bolovanja - RADIO LJUBU\u0160KI","robots":{"index":"index","follow":"follow","max-snippet":"max-snippet:-1","max-image-preview":"max-image-preview:large","max-video-preview":"max-video-preview:-1"},"canonical":"https:\/\/radioljubuski.ba\/index.php\/2022\/03\/06\/poslodavci-sad-mogu-traziti-izvanrednu-ocjenu-bolovanja\/","og_locale":"hr_HR","og_type":"article","og_title":"Poslodavci sad mogu tra\u017eiti izvanrednu ocjenu bolovanja - RADIO LJUBU\u0160KI","og_description":"Novim pravilnikom o bolovanjima poslodavcima u Republici Srpskoj omogu\u0107eno je da zatra\u017ee izvanrednu ocjenu privremene nesposobnosti za rad ukoliko imaju bilo kakvu sumnju u opravdanost bolovanja radnika, priop\u0107eno je iz Fonda zdravstvenog osiguranja (FZO). Na osnovu Pravilnika o ostvarivanju prava na naknadu pla\u0107e za vrijeme privremene nesposobnosti za rad, koji se primjenjuje od po\u010detka o\u017eujka, [&hellip;]","og_url":"https:\/\/radioljubuski.ba\/index.php\/2022\/03\/06\/poslodavci-sad-mogu-traziti-izvanrednu-ocjenu-bolovanja\/","og_site_name":"RADIO LJUBU\u0160KI","article_publisher":"https:\/\/www.facebook.com\/Radiio-Ljubuski-1490835324566332","article_published_time":"2022-03-06T14:29:23+00:00","article_modified_time":"2022-03-06T14:29:24+00:00","og_image":[{"width":1000,"height":625,"url":"https:\/\/radioljubuski.ba\/wp-content\/uploads\/2022\/03\/0vG5ZTK3_lijecnik_bolovanje_.jpg","type":"image\/jpeg"}],"author":"Radio Ljubu\u0161ki","twitter_card":"summary_large_image","twitter_creator":"@radioljubuski","twitter_site":"@radioljubuski","twitter_misc":{"Napisao\/la":"Radio Ljubu\u0161ki","Procijenjeno vrijeme \u010ditanja":"3 minute"},"schema":{"@context":"https:\/\/schema.org","@graph":[{"@type":"Article","@id":"https:\/\/radioljubuski.ba\/index.php\/2022\/03\/06\/poslodavci-sad-mogu-traziti-izvanrednu-ocjenu-bolovanja\/#article","isPartOf":{"@id":"https:\/\/radioljubuski.ba\/index.php\/2022\/03\/06\/poslodavci-sad-mogu-traziti-izvanrednu-ocjenu-bolovanja\/"},"author":{"name":"Radio Ljubu\u0161ki","@id":"https:\/\/radioljubuski.ba\/#\/schema\/person\/19fc700381a780f69665d7956c469e3b"},"headline":"Poslodavci sad mogu tra\u017eiti izvanrednu ocjenu bolovanja","datePublished":"2022-03-06T14:29:23+00:00","dateModified":"2022-03-06T14:29:24+00:00","mainEntityOfPage":{"@id":"https:\/\/radioljubuski.ba\/index.php\/2022\/03\/06\/poslodavci-sad-mogu-traziti-izvanrednu-ocjenu-bolovanja\/"},"wordCount":663,"publisher":{"@id":"https:\/\/radioljubuski.ba\/#organization"},"image":{"@id":"https:\/\/radioljubuski.ba\/index.php\/2022\/03\/06\/poslodavci-sad-mogu-traziti-izvanrednu-ocjenu-bolovanja\/#primaryimage"},"thumbnailUrl":"https:\/\/radioljubuski.ba\/wp-content\/uploads\/2022\/03\/0vG5ZTK3_lijecnik_bolovanje_.jpg","articleSection":["BIH i regija"],"inLanguage":"hr"},{"@type":"WebPage","@id":"https:\/\/radioljubuski.ba\/index.php\/2022\/03\/06\/poslodavci-sad-mogu-traziti-izvanrednu-ocjenu-bolovanja\/","url":"https:\/\/radioljubuski.ba\/index.php\/2022\/03\/06\/poslodavci-sad-mogu-traziti-izvanrednu-ocjenu-bolovanja\/","name":"Poslodavci sad mogu tra\u017eiti izvanrednu ocjenu bolovanja - RADIO LJUBU\u0160KI","isPartOf":{"@id":"https:\/\/radioljubuski.ba\/#website"},"primaryImageOfPage":{"@id":"https:\/\/radioljubuski.ba\/index.php\/2022\/03\/06\/poslodavci-sad-mogu-traziti-izvanrednu-ocjenu-bolovanja\/#primaryimage"},"image":{"@id":"https:\/\/radioljubuski.ba\/index.php\/2022\/03\/06\/poslodavci-sad-mogu-traziti-izvanrednu-ocjenu-bolovanja\/#primaryimage"},"thumbnailUrl":"https:\/\/radioljubuski.ba\/wp-content\/uploads\/2022\/03\/0vG5ZTK3_lijecnik_bolovanje_.jpg","datePublished":"2022-03-06T14:29:23+00:00","dateModified":"2022-03-06T14:29:24+00:00","breadcrumb":{"@id":"https:\/\/radioljubuski.ba\/index.php\/2022\/03\/06\/poslodavci-sad-mogu-traziti-izvanrednu-ocjenu-bolovanja\/#breadcrumb"},"inLanguage":"hr","potentialAction":[{"@type":"ReadAction","target":["https:\/\/radioljubuski.ba\/index.php\/2022\/03\/06\/poslodavci-sad-mogu-traziti-izvanrednu-ocjenu-bolovanja\/"]}]},{"@type":"ImageObject","inLanguage":"hr","@id":"https:\/\/radioljubuski.ba\/index.php\/2022\/03\/06\/poslodavci-sad-mogu-traziti-izvanrednu-ocjenu-bolovanja\/#primaryimage","url":"https:\/\/radioljubuski.ba\/wp-content\/uploads\/2022\/03\/0vG5ZTK3_lijecnik_bolovanje_.jpg","contentUrl":"https:\/\/radioljubuski.ba\/wp-content\/uploads\/2022\/03\/0vG5ZTK3_lijecnik_bolovanje_.jpg","width":1000,"height":625},{"@type":"BreadcrumbList","@id":"https:\/\/radioljubuski.ba\/index.php\/2022\/03\/06\/poslodavci-sad-mogu-traziti-izvanrednu-ocjenu-bolovanja\/#breadcrumb","itemListElement":[{"@type":"ListItem","position":1,"name":"Po\u010detna stranica","item":"https:\/\/radioljubuski.ba\/"},{"@type":"ListItem","position":2,"name":"Poslodavci sad mogu tra\u017eiti izvanrednu ocjenu bolovanja"}]},{"@type":"WebSite","@id":"https:\/\/radioljubuski.ba\/#website","url":"https:\/\/radioljubuski.ba\/","name":"Radio Ljubu\u0161ki","description":"Sun\u010dana frekvencija Hercegovine","publisher":{"@id":"https:\/\/radioljubuski.ba\/#organization"},"potentialAction":[{"@type":"SearchAction","target":{"@type":"EntryPoint","urlTemplate":"https:\/\/radioljubuski.ba\/?s={search_term_string}"},"query-input":{"@type":"PropertyValueSpecification","valueRequired":true,"valueName":"search_term_string"}}],"inLanguage":"hr"},{"@type":"Organization","@id":"https:\/\/radioljubuski.ba\/#organization","name":"Radio Ljubu\u0161ki","url":"https:\/\/radioljubuski.ba\/","logo":{"@type":"ImageObject","inLanguage":"hr","@id":"https:\/\/radioljubuski.ba\/#\/schema\/logo\/image\/","url":"https:\/\/radioljubuski.ba\/wp-content\/uploads\/2021\/02\/cropped-Radio_Ljubuski_logo1.jpg","contentUrl":"https:\/\/radioljubuski.ba\/wp-content\/uploads\/2021\/02\/cropped-Radio_Ljubuski_logo1.jpg","width":512,"height":512,"caption":"Radio Ljubu\u0161ki"},"image":{"@id":"https:\/\/radioljubuski.ba\/#\/schema\/logo\/image\/"},"sameAs":["https:\/\/www.facebook.com\/Radiio-Ljubuski-1490835324566332","https:\/\/x.com\/radioljubuski","https:\/\/hr.linkedin.com\/company\/radio-ljubuski","https:\/\/www.youtube.com\/channel\/UCHYaeO_n0Db3tjNGudGpXyw"]},{"@type":"Person","@id":"https:\/\/radioljubuski.ba\/#\/schema\/person\/19fc700381a780f69665d7956c469e3b","name":"Radio Ljubu\u0161ki"}]}},"_links":{"self":[{"href":"https:\/\/radioljubuski.ba\/index.php\/wp-json\/wp\/v2\/posts\/118683","targetHints":{"allow":["GET"]}}],"collection":[{"href":"https:\/\/radioljubuski.ba\/index.php\/wp-json\/wp\/v2\/posts"}],"about":[{"href":"https:\/\/radioljubuski.ba\/index.php\/wp-json\/wp\/v2\/types\/post"}],"author":[{"embeddable":true,"href":"https:\/\/radioljubuski.ba\/index.php\/wp-json\/wp\/v2\/users\/2"}],"replies":[{"embeddable":true,"href":"https:\/\/radioljubuski.ba\/index.php\/wp-json\/wp\/v2\/comments?post=118683"}],"version-history":[{"count":1,"href":"https:\/\/radioljubuski.ba\/index.php\/wp-json\/wp\/v2\/posts\/118683\/revisions"}],"predecessor-version":[{"id":118685,"href":"https:\/\/radioljubuski.ba\/index.php\/wp-json\/wp\/v2\/posts\/118683\/revisions\/118685"}],"wp:featuredmedia":[{"embeddable":true,"href":"https:\/\/radioljubuski.ba\/index.php\/wp-json\/wp\/v2\/media\/118684"}],"wp:attachment":[{"href":"https:\/\/radioljubuski.ba\/index.php\/wp-json\/wp\/v2\/media?parent=118683"}],"wp:term":[{"taxonomy":"category","embeddable":true,"href":"https:\/\/radioljubuski.ba\/index.php\/wp-json\/wp\/v2\/categories?post=118683"},{"taxonomy":"post_tag","embeddable":true,"href":"https:\/\/radioljubuski.ba\/index.php\/wp-json\/wp\/v2\/tags?post=118683"}],"curies":[{"name":"wp","href":"https:\/\/api.w.org\/{rel}","templated":true}]}}