{"id":118689,"date":"2022-03-06T15:49:02","date_gmt":"2022-03-06T14:49:02","guid":{"rendered":"https:\/\/radioljubuski.ba\/?p=118689"},"modified":"2022-03-06T15:49:03","modified_gmt":"2022-03-06T14:49:03","slug":"katolike-u-kijevu-ni-granate-ne-mogu-odvojiti-od-mise-pogledajte-mocan-video-iz-sklonista","status":"publish","type":"post","link":"https:\/\/radioljubuski.ba\/index.php\/2022\/03\/06\/katolike-u-kijevu-ni-granate-ne-mogu-odvojiti-od-mise-pogledajte-mocan-video-iz-sklonista\/","title":{"rendered":"Katolike u Kijevu ni granate ne mogu odvojiti od mise, pogledajte mo\u0107an video iz skloni\u0161ta"},"content":{"rendered":"\n<p>Iako stanovnici glavnog ukrajinskog grada Kijeva ve\u0107 danima \u017eive u skloni\u0161tima, skrivaju\u0107i se od ruskih napada, njihov duh jo\u0161 uvijek nije slomljen.<\/p>\n\n\n\n<p>Novi dokaz objavljen je na Twitter profilu poljske redakcije Vatican Newsa, slu\u017ebenog vatikanskog glasila, a prikazuje ukrajinske vjernike koji u prostoru nalik na skloni\u0161te prisustvuju svetoj misi.<\/p>\n\n\n\n<p>\u201cUkrajina i dalje moli, ovako se mole vjernici \u017eupe Uznesenja Bla\u017eene Djevice Marije u Kijevu\u201d, pi\u0161e u objavi iznad videa.<\/p>\n\n\n\n<p>Na snimci se mogu vidjeti \u017eene, djeca i starije osobe kako sudjeluju na euharistiji u mra\u010dnoj i niskoj prostoriji, ome\u0111enoj betonskim i ciglenim zidovima. Prema glazbi, ali i komentarima ispod tweeta, \u010dini se kako se radi o neokatekumenskoj zajednici.<\/p>\n\n\n\n<p>Ina\u010de, katolici u Ukrajini \u010dine oko 10% stanovni\u0161tva te \u017eive uglavnom na zapadu zemlje, oko grada Lavova. Od toga su velika ve\u0107ina grkokatolici, dok katolici latinskog obreda \u010dine oko 1% stanovni\u0161tva.<\/p>\n\n\n\n<blockquote class=\"twitter-tweet\"><p lang=\"pl\" dir=\"ltr\">Ukraina trwa na modlitwie, tak modl\u0105 si\u0119 wierni parafii Za\u015bni\u0119cia Naj\u015bwi\u0119tszej Maryi Panny w Kijowie <a href=\"https:\/\/t.co\/BhL7wW8R5C\">pic.twitter.com\/BhL7wW8R5C<\/a><\/p>&mdash; Radio Watyka\u0144skie \ud83c\uddfb\ud83c\udde6 (@rwatykanskie) <a href=\"https:\/\/twitter.com\/rwatykanskie\/status\/1498993418730627074?ref_src=twsrc%5Etfw\">March 2, 2022<\/a><\/blockquote> <script async src=\"https:\/\/platform.twitter.com\/widgets.js\" charset=\"utf-8\"><\/script>\n\n\n\n<p>Izvor:bitno.net<\/p>\n","protected":false},"excerpt":{"rendered":"<p>Iako stanovnici glavnog ukrajinskog grada Kijeva ve\u0107 danima \u017eive u skloni\u0161tima, skrivaju\u0107i se od ruskih napada, njihov duh jo\u0161 uvijek nije slomljen. Novi dokaz objavljen je na Twitter profilu poljske redakcije Vatican Newsa, slu\u017ebenog vatikanskog glasila, a prikazuje ukrajinske vjernike koji u prostoru nalik na skloni\u0161te prisustvuju svetoj misi. \u201cUkrajina i dalje moli, ovako se [&hellip;]<\/p>\n","protected":false},"author":2,"featured_media":118690,"comment_status":"closed","ping_status":"closed","sticky":false,"template":"","format":"standard","meta":{"h5ap_radio_sources":[],"footnotes":""},"categories":[1],"tags":[],"class_list":["post-118689","post","type-post","status-publish","format-standard","has-post-thumbnail","hentry","category-bihiregija"],"yoast_head":"<!-- This site is optimized with the Yoast SEO plugin v27.5 - https:\/\/yoast.com\/product\/yoast-seo-wordpress\/ -->\n<title>Katolike u Kijevu ni granate ne mogu odvojiti od mise, pogledajte mo\u0107an video iz skloni\u0161ta - RADIO LJUBU\u0160KI<\/title>\n<meta name=\"robots\" content=\"index, follow, max-snippet:-1, max-image-preview:large, max-video-preview:-1\" \/>\n<link rel=\"canonical\" href=\"https:\/\/radioljubuski.ba\/index.php\/2022\/03\/06\/katolike-u-kijevu-ni-granate-ne-mogu-odvojiti-od-mise-pogledajte-mocan-video-iz-sklonista\/\" \/>\n<meta property=\"og:locale\" content=\"hr_HR\" \/>\n<meta property=\"og:type\" content=\"article\" \/>\n<meta property=\"og:title\" content=\"Katolike u Kijevu ni granate ne mogu odvojiti od mise, pogledajte mo\u0107an video iz skloni\u0161ta - RADIO LJUBU\u0160KI\" \/>\n<meta property=\"og:description\" content=\"Iako stanovnici glavnog ukrajinskog grada Kijeva ve\u0107 danima \u017eive u skloni\u0161tima, skrivaju\u0107i se od ruskih napada, njihov duh jo\u0161 uvijek nije slomljen. Novi dokaz objavljen je na Twitter profilu poljske redakcije Vatican Newsa, slu\u017ebenog vatikanskog glasila, a prikazuje ukrajinske vjernike koji u prostoru nalik na skloni\u0161te prisustvuju svetoj misi. \u201cUkrajina i dalje moli, ovako se [&hellip;]\" \/>\n<meta property=\"og:url\" content=\"https:\/\/radioljubuski.ba\/index.php\/2022\/03\/06\/katolike-u-kijevu-ni-granate-ne-mogu-odvojiti-od-mise-pogledajte-mocan-video-iz-sklonista\/\" \/>\n<meta property=\"og:site_name\" content=\"RADIO LJUBU\u0160KI\" \/>\n<meta property=\"article:publisher\" content=\"https:\/\/www.facebook.com\/Radiio-Ljubuski-1490835324566332\" \/>\n<meta property=\"article:published_time\" content=\"2022-03-06T14:49:02+00:00\" \/>\n<meta property=\"article:modified_time\" content=\"2022-03-06T14:49:03+00:00\" \/>\n<meta property=\"og:image\" content=\"https:\/\/radioljubuski.ba\/wp-content\/uploads\/2022\/03\/2-2022-03-06-13-41-26-acn-20220228-124824-1024x560-1-1280x0-c-default.jpeg\" \/>\n\t<meta property=\"og:image:width\" content=\"1000\" \/>\n\t<meta property=\"og:image:height\" content=\"625\" \/>\n\t<meta property=\"og:image:type\" content=\"image\/jpeg\" \/>\n<meta name=\"author\" content=\"Radio Ljubu\u0161ki\" \/>\n<meta name=\"twitter:card\" content=\"summary_large_image\" \/>\n<meta name=\"twitter:creator\" content=\"@radioljubuski\" \/>\n<meta name=\"twitter:site\" content=\"@radioljubuski\" \/>\n<meta name=\"twitter:label1\" content=\"Napisao\/la\" \/>\n\t<meta name=\"twitter:data1\" content=\"Radio Ljubu\u0161ki\" \/>\n\t<meta name=\"twitter:label2\" content=\"Procijenjeno vrijeme \u010ditanja\" \/>\n\t<meta name=\"twitter:data2\" content=\"1 minuta\" \/>\n<script type=\"application\/ld+json\" class=\"yoast-schema-graph\">{\"@context\":\"https:\\\/\\\/schema.org\",\"@graph\":[{\"@type\":\"Article\",\"@id\":\"https:\\\/\\\/radioljubuski.ba\\\/index.php\\\/2022\\\/03\\\/06\\\/katolike-u-kijevu-ni-granate-ne-mogu-odvojiti-od-mise-pogledajte-mocan-video-iz-sklonista\\\/#article\",\"isPartOf\":{\"@id\":\"https:\\\/\\\/radioljubuski.ba\\\/index.php\\\/2022\\\/03\\\/06\\\/katolike-u-kijevu-ni-granate-ne-mogu-odvojiti-od-mise-pogledajte-mocan-video-iz-sklonista\\\/\"},\"author\":{\"name\":\"Radio Ljubu\u0161ki\",\"@id\":\"https:\\\/\\\/radioljubuski.ba\\\/#\\\/schema\\\/person\\\/19fc700381a780f69665d7956c469e3b\"},\"headline\":\"Katolike u Kijevu ni granate ne mogu odvojiti od mise, pogledajte mo\u0107an video iz skloni\u0161ta\",\"datePublished\":\"2022-03-06T14:49:02+00:00\",\"dateModified\":\"2022-03-06T14:49:03+00:00\",\"mainEntityOfPage\":{\"@id\":\"https:\\\/\\\/radioljubuski.ba\\\/index.php\\\/2022\\\/03\\\/06\\\/katolike-u-kijevu-ni-granate-ne-mogu-odvojiti-od-mise-pogledajte-mocan-video-iz-sklonista\\\/\"},\"wordCount\":201,\"publisher\":{\"@id\":\"https:\\\/\\\/radioljubuski.ba\\\/#organization\"},\"image\":{\"@id\":\"https:\\\/\\\/radioljubuski.ba\\\/index.php\\\/2022\\\/03\\\/06\\\/katolike-u-kijevu-ni-granate-ne-mogu-odvojiti-od-mise-pogledajte-mocan-video-iz-sklonista\\\/#primaryimage\"},\"thumbnailUrl\":\"https:\\\/\\\/radioljubuski.ba\\\/wp-content\\\/uploads\\\/2022\\\/03\\\/2-2022-03-06-13-41-26-acn-20220228-124824-1024x560-1-1280x0-c-default.jpeg\",\"articleSection\":[\"BIH i regija\"],\"inLanguage\":\"hr\"},{\"@type\":\"WebPage\",\"@id\":\"https:\\\/\\\/radioljubuski.ba\\\/index.php\\\/2022\\\/03\\\/06\\\/katolike-u-kijevu-ni-granate-ne-mogu-odvojiti-od-mise-pogledajte-mocan-video-iz-sklonista\\\/\",\"url\":\"https:\\\/\\\/radioljubuski.ba\\\/index.php\\\/2022\\\/03\\\/06\\\/katolike-u-kijevu-ni-granate-ne-mogu-odvojiti-od-mise-pogledajte-mocan-video-iz-sklonista\\\/\",\"name\":\"Katolike u Kijevu ni granate ne mogu odvojiti od mise, pogledajte mo\u0107an video iz skloni\u0161ta - RADIO LJUBU\u0160KI\",\"isPartOf\":{\"@id\":\"https:\\\/\\\/radioljubuski.ba\\\/#website\"},\"primaryImageOfPage\":{\"@id\":\"https:\\\/\\\/radioljubuski.ba\\\/index.php\\\/2022\\\/03\\\/06\\\/katolike-u-kijevu-ni-granate-ne-mogu-odvojiti-od-mise-pogledajte-mocan-video-iz-sklonista\\\/#primaryimage\"},\"image\":{\"@id\":\"https:\\\/\\\/radioljubuski.ba\\\/index.php\\\/2022\\\/03\\\/06\\\/katolike-u-kijevu-ni-granate-ne-mogu-odvojiti-od-mise-pogledajte-mocan-video-iz-sklonista\\\/#primaryimage\"},\"thumbnailUrl\":\"https:\\\/\\\/radioljubuski.ba\\\/wp-content\\\/uploads\\\/2022\\\/03\\\/2-2022-03-06-13-41-26-acn-20220228-124824-1024x560-1-1280x0-c-default.jpeg\",\"datePublished\":\"2022-03-06T14:49:02+00:00\",\"dateModified\":\"2022-03-06T14:49:03+00:00\",\"breadcrumb\":{\"@id\":\"https:\\\/\\\/radioljubuski.ba\\\/index.php\\\/2022\\\/03\\\/06\\\/katolike-u-kijevu-ni-granate-ne-mogu-odvojiti-od-mise-pogledajte-mocan-video-iz-sklonista\\\/#breadcrumb\"},\"inLanguage\":\"hr\",\"potentialAction\":[{\"@type\":\"ReadAction\",\"target\":[\"https:\\\/\\\/radioljubuski.ba\\\/index.php\\\/2022\\\/03\\\/06\\\/katolike-u-kijevu-ni-granate-ne-mogu-odvojiti-od-mise-pogledajte-mocan-video-iz-sklonista\\\/\"]}]},{\"@type\":\"ImageObject\",\"inLanguage\":\"hr\",\"@id\":\"https:\\\/\\\/radioljubuski.ba\\\/index.php\\\/2022\\\/03\\\/06\\\/katolike-u-kijevu-ni-granate-ne-mogu-odvojiti-od-mise-pogledajte-mocan-video-iz-sklonista\\\/#primaryimage\",\"url\":\"https:\\\/\\\/radioljubuski.ba\\\/wp-content\\\/uploads\\\/2022\\\/03\\\/2-2022-03-06-13-41-26-acn-20220228-124824-1024x560-1-1280x0-c-default.jpeg\",\"contentUrl\":\"https:\\\/\\\/radioljubuski.ba\\\/wp-content\\\/uploads\\\/2022\\\/03\\\/2-2022-03-06-13-41-26-acn-20220228-124824-1024x560-1-1280x0-c-default.jpeg\",\"width\":1000,\"height\":625},{\"@type\":\"BreadcrumbList\",\"@id\":\"https:\\\/\\\/radioljubuski.ba\\\/index.php\\\/2022\\\/03\\\/06\\\/katolike-u-kijevu-ni-granate-ne-mogu-odvojiti-od-mise-pogledajte-mocan-video-iz-sklonista\\\/#breadcrumb\",\"itemListElement\":[{\"@type\":\"ListItem\",\"position\":1,\"name\":\"Po\u010detna stranica\",\"item\":\"https:\\\/\\\/radioljubuski.ba\\\/\"},{\"@type\":\"ListItem\",\"position\":2,\"name\":\"Katolike u Kijevu ni granate ne mogu odvojiti od mise, pogledajte mo\u0107an video iz skloni\u0161ta\"}]},{\"@type\":\"WebSite\",\"@id\":\"https:\\\/\\\/radioljubuski.ba\\\/#website\",\"url\":\"https:\\\/\\\/radioljubuski.ba\\\/\",\"name\":\"Radio Ljubu\u0161ki\",\"description\":\"Sun\u010dana frekvencija Hercegovine\",\"publisher\":{\"@id\":\"https:\\\/\\\/radioljubuski.ba\\\/#organization\"},\"potentialAction\":[{\"@type\":\"SearchAction\",\"target\":{\"@type\":\"EntryPoint\",\"urlTemplate\":\"https:\\\/\\\/radioljubuski.ba\\\/?s={search_term_string}\"},\"query-input\":{\"@type\":\"PropertyValueSpecification\",\"valueRequired\":true,\"valueName\":\"search_term_string\"}}],\"inLanguage\":\"hr\"},{\"@type\":\"Organization\",\"@id\":\"https:\\\/\\\/radioljubuski.ba\\\/#organization\",\"name\":\"Radio Ljubu\u0161ki\",\"url\":\"https:\\\/\\\/radioljubuski.ba\\\/\",\"logo\":{\"@type\":\"ImageObject\",\"inLanguage\":\"hr\",\"@id\":\"https:\\\/\\\/radioljubuski.ba\\\/#\\\/schema\\\/logo\\\/image\\\/\",\"url\":\"https:\\\/\\\/radioljubuski.ba\\\/wp-content\\\/uploads\\\/2021\\\/02\\\/cropped-Radio_Ljubuski_logo1.jpg\",\"contentUrl\":\"https:\\\/\\\/radioljubuski.ba\\\/wp-content\\\/uploads\\\/2021\\\/02\\\/cropped-Radio_Ljubuski_logo1.jpg\",\"width\":512,\"height\":512,\"caption\":\"Radio Ljubu\u0161ki\"},\"image\":{\"@id\":\"https:\\\/\\\/radioljubuski.ba\\\/#\\\/schema\\\/logo\\\/image\\\/\"},\"sameAs\":[\"https:\\\/\\\/www.facebook.com\\\/Radiio-Ljubuski-1490835324566332\",\"https:\\\/\\\/x.com\\\/radioljubuski\",\"https:\\\/\\\/hr.linkedin.com\\\/company\\\/radio-ljubuski\",\"https:\\\/\\\/www.youtube.com\\\/channel\\\/UCHYaeO_n0Db3tjNGudGpXyw\"]},{\"@type\":\"Person\",\"@id\":\"https:\\\/\\\/radioljubuski.ba\\\/#\\\/schema\\\/person\\\/19fc700381a780f69665d7956c469e3b\",\"name\":\"Radio Ljubu\u0161ki\"}]}<\/script>\n<!-- \/ Yoast SEO plugin. -->","yoast_head_json":{"title":"Katolike u Kijevu ni granate ne mogu odvojiti od mise, pogledajte mo\u0107an video iz skloni\u0161ta - RADIO LJUBU\u0160KI","robots":{"index":"index","follow":"follow","max-snippet":"max-snippet:-1","max-image-preview":"max-image-preview:large","max-video-preview":"max-video-preview:-1"},"canonical":"https:\/\/radioljubuski.ba\/index.php\/2022\/03\/06\/katolike-u-kijevu-ni-granate-ne-mogu-odvojiti-od-mise-pogledajte-mocan-video-iz-sklonista\/","og_locale":"hr_HR","og_type":"article","og_title":"Katolike u Kijevu ni granate ne mogu odvojiti od mise, pogledajte mo\u0107an video iz skloni\u0161ta - RADIO LJUBU\u0160KI","og_description":"Iako stanovnici glavnog ukrajinskog grada Kijeva ve\u0107 danima \u017eive u skloni\u0161tima, skrivaju\u0107i se od ruskih napada, njihov duh jo\u0161 uvijek nije slomljen. Novi dokaz objavljen je na Twitter profilu poljske redakcije Vatican Newsa, slu\u017ebenog vatikanskog glasila, a prikazuje ukrajinske vjernike koji u prostoru nalik na skloni\u0161te prisustvuju svetoj misi. \u201cUkrajina i dalje moli, ovako se [&hellip;]","og_url":"https:\/\/radioljubuski.ba\/index.php\/2022\/03\/06\/katolike-u-kijevu-ni-granate-ne-mogu-odvojiti-od-mise-pogledajte-mocan-video-iz-sklonista\/","og_site_name":"RADIO LJUBU\u0160KI","article_publisher":"https:\/\/www.facebook.com\/Radiio-Ljubuski-1490835324566332","article_published_time":"2022-03-06T14:49:02+00:00","article_modified_time":"2022-03-06T14:49:03+00:00","og_image":[{"width":1000,"height":625,"url":"https:\/\/radioljubuski.ba\/wp-content\/uploads\/2022\/03\/2-2022-03-06-13-41-26-acn-20220228-124824-1024x560-1-1280x0-c-default.jpeg","type":"image\/jpeg"}],"author":"Radio Ljubu\u0161ki","twitter_card":"summary_large_image","twitter_creator":"@radioljubuski","twitter_site":"@radioljubuski","twitter_misc":{"Napisao\/la":"Radio Ljubu\u0161ki","Procijenjeno vrijeme \u010ditanja":"1 minuta"},"schema":{"@context":"https:\/\/schema.org","@graph":[{"@type":"Article","@id":"https:\/\/radioljubuski.ba\/index.php\/2022\/03\/06\/katolike-u-kijevu-ni-granate-ne-mogu-odvojiti-od-mise-pogledajte-mocan-video-iz-sklonista\/#article","isPartOf":{"@id":"https:\/\/radioljubuski.ba\/index.php\/2022\/03\/06\/katolike-u-kijevu-ni-granate-ne-mogu-odvojiti-od-mise-pogledajte-mocan-video-iz-sklonista\/"},"author":{"name":"Radio Ljubu\u0161ki","@id":"https:\/\/radioljubuski.ba\/#\/schema\/person\/19fc700381a780f69665d7956c469e3b"},"headline":"Katolike u Kijevu ni granate ne mogu odvojiti od mise, pogledajte mo\u0107an video iz skloni\u0161ta","datePublished":"2022-03-06T14:49:02+00:00","dateModified":"2022-03-06T14:49:03+00:00","mainEntityOfPage":{"@id":"https:\/\/radioljubuski.ba\/index.php\/2022\/03\/06\/katolike-u-kijevu-ni-granate-ne-mogu-odvojiti-od-mise-pogledajte-mocan-video-iz-sklonista\/"},"wordCount":201,"publisher":{"@id":"https:\/\/radioljubuski.ba\/#organization"},"image":{"@id":"https:\/\/radioljubuski.ba\/index.php\/2022\/03\/06\/katolike-u-kijevu-ni-granate-ne-mogu-odvojiti-od-mise-pogledajte-mocan-video-iz-sklonista\/#primaryimage"},"thumbnailUrl":"https:\/\/radioljubuski.ba\/wp-content\/uploads\/2022\/03\/2-2022-03-06-13-41-26-acn-20220228-124824-1024x560-1-1280x0-c-default.jpeg","articleSection":["BIH i regija"],"inLanguage":"hr"},{"@type":"WebPage","@id":"https:\/\/radioljubuski.ba\/index.php\/2022\/03\/06\/katolike-u-kijevu-ni-granate-ne-mogu-odvojiti-od-mise-pogledajte-mocan-video-iz-sklonista\/","url":"https:\/\/radioljubuski.ba\/index.php\/2022\/03\/06\/katolike-u-kijevu-ni-granate-ne-mogu-odvojiti-od-mise-pogledajte-mocan-video-iz-sklonista\/","name":"Katolike u Kijevu ni granate ne mogu odvojiti od mise, pogledajte mo\u0107an video iz skloni\u0161ta - RADIO LJUBU\u0160KI","isPartOf":{"@id":"https:\/\/radioljubuski.ba\/#website"},"primaryImageOfPage":{"@id":"https:\/\/radioljubuski.ba\/index.php\/2022\/03\/06\/katolike-u-kijevu-ni-granate-ne-mogu-odvojiti-od-mise-pogledajte-mocan-video-iz-sklonista\/#primaryimage"},"image":{"@id":"https:\/\/radioljubuski.ba\/index.php\/2022\/03\/06\/katolike-u-kijevu-ni-granate-ne-mogu-odvojiti-od-mise-pogledajte-mocan-video-iz-sklonista\/#primaryimage"},"thumbnailUrl":"https:\/\/radioljubuski.ba\/wp-content\/uploads\/2022\/03\/2-2022-03-06-13-41-26-acn-20220228-124824-1024x560-1-1280x0-c-default.jpeg","datePublished":"2022-03-06T14:49:02+00:00","dateModified":"2022-03-06T14:49:03+00:00","breadcrumb":{"@id":"https:\/\/radioljubuski.ba\/index.php\/2022\/03\/06\/katolike-u-kijevu-ni-granate-ne-mogu-odvojiti-od-mise-pogledajte-mocan-video-iz-sklonista\/#breadcrumb"},"inLanguage":"hr","potentialAction":[{"@type":"ReadAction","target":["https:\/\/radioljubuski.ba\/index.php\/2022\/03\/06\/katolike-u-kijevu-ni-granate-ne-mogu-odvojiti-od-mise-pogledajte-mocan-video-iz-sklonista\/"]}]},{"@type":"ImageObject","inLanguage":"hr","@id":"https:\/\/radioljubuski.ba\/index.php\/2022\/03\/06\/katolike-u-kijevu-ni-granate-ne-mogu-odvojiti-od-mise-pogledajte-mocan-video-iz-sklonista\/#primaryimage","url":"https:\/\/radioljubuski.ba\/wp-content\/uploads\/2022\/03\/2-2022-03-06-13-41-26-acn-20220228-124824-1024x560-1-1280x0-c-default.jpeg","contentUrl":"https:\/\/radioljubuski.ba\/wp-content\/uploads\/2022\/03\/2-2022-03-06-13-41-26-acn-20220228-124824-1024x560-1-1280x0-c-default.jpeg","width":1000,"height":625},{"@type":"BreadcrumbList","@id":"https:\/\/radioljubuski.ba\/index.php\/2022\/03\/06\/katolike-u-kijevu-ni-granate-ne-mogu-odvojiti-od-mise-pogledajte-mocan-video-iz-sklonista\/#breadcrumb","itemListElement":[{"@type":"ListItem","position":1,"name":"Po\u010detna stranica","item":"https:\/\/radioljubuski.ba\/"},{"@type":"ListItem","position":2,"name":"Katolike u Kijevu ni granate ne mogu odvojiti od mise, pogledajte mo\u0107an video iz skloni\u0161ta"}]},{"@type":"WebSite","@id":"https:\/\/radioljubuski.ba\/#website","url":"https:\/\/radioljubuski.ba\/","name":"Radio Ljubu\u0161ki","description":"Sun\u010dana frekvencija Hercegovine","publisher":{"@id":"https:\/\/radioljubuski.ba\/#organization"},"potentialAction":[{"@type":"SearchAction","target":{"@type":"EntryPoint","urlTemplate":"https:\/\/radioljubuski.ba\/?s={search_term_string}"},"query-input":{"@type":"PropertyValueSpecification","valueRequired":true,"valueName":"search_term_string"}}],"inLanguage":"hr"},{"@type":"Organization","@id":"https:\/\/radioljubuski.ba\/#organization","name":"Radio Ljubu\u0161ki","url":"https:\/\/radioljubuski.ba\/","logo":{"@type":"ImageObject","inLanguage":"hr","@id":"https:\/\/radioljubuski.ba\/#\/schema\/logo\/image\/","url":"https:\/\/radioljubuski.ba\/wp-content\/uploads\/2021\/02\/cropped-Radio_Ljubuski_logo1.jpg","contentUrl":"https:\/\/radioljubuski.ba\/wp-content\/uploads\/2021\/02\/cropped-Radio_Ljubuski_logo1.jpg","width":512,"height":512,"caption":"Radio Ljubu\u0161ki"},"image":{"@id":"https:\/\/radioljubuski.ba\/#\/schema\/logo\/image\/"},"sameAs":["https:\/\/www.facebook.com\/Radiio-Ljubuski-1490835324566332","https:\/\/x.com\/radioljubuski","https:\/\/hr.linkedin.com\/company\/radio-ljubuski","https:\/\/www.youtube.com\/channel\/UCHYaeO_n0Db3tjNGudGpXyw"]},{"@type":"Person","@id":"https:\/\/radioljubuski.ba\/#\/schema\/person\/19fc700381a780f69665d7956c469e3b","name":"Radio Ljubu\u0161ki"}]}},"_links":{"self":[{"href":"https:\/\/radioljubuski.ba\/index.php\/wp-json\/wp\/v2\/posts\/118689","targetHints":{"allow":["GET"]}}],"collection":[{"href":"https:\/\/radioljubuski.ba\/index.php\/wp-json\/wp\/v2\/posts"}],"about":[{"href":"https:\/\/radioljubuski.ba\/index.php\/wp-json\/wp\/v2\/types\/post"}],"author":[{"embeddable":true,"href":"https:\/\/radioljubuski.ba\/index.php\/wp-json\/wp\/v2\/users\/2"}],"replies":[{"embeddable":true,"href":"https:\/\/radioljubuski.ba\/index.php\/wp-json\/wp\/v2\/comments?post=118689"}],"version-history":[{"count":1,"href":"https:\/\/radioljubuski.ba\/index.php\/wp-json\/wp\/v2\/posts\/118689\/revisions"}],"predecessor-version":[{"id":118691,"href":"https:\/\/radioljubuski.ba\/index.php\/wp-json\/wp\/v2\/posts\/118689\/revisions\/118691"}],"wp:featuredmedia":[{"embeddable":true,"href":"https:\/\/radioljubuski.ba\/index.php\/wp-json\/wp\/v2\/media\/118690"}],"wp:attachment":[{"href":"https:\/\/radioljubuski.ba\/index.php\/wp-json\/wp\/v2\/media?parent=118689"}],"wp:term":[{"taxonomy":"category","embeddable":true,"href":"https:\/\/radioljubuski.ba\/index.php\/wp-json\/wp\/v2\/categories?post=118689"},{"taxonomy":"post_tag","embeddable":true,"href":"https:\/\/radioljubuski.ba\/index.php\/wp-json\/wp\/v2\/tags?post=118689"}],"curies":[{"name":"wp","href":"https:\/\/api.w.org\/{rel}","templated":true}]}}