{"id":118709,"date":"2022-03-06T16:06:41","date_gmt":"2022-03-06T15:06:41","guid":{"rendered":"https:\/\/radioljubuski.ba\/?p=118709"},"modified":"2022-03-06T16:06:43","modified_gmt":"2022-03-06T15:06:43","slug":"ivic-kreira-se-paralelna-proslost-istodobno-graditi-identitet-na-kralju-tvrtku-i-mehmedu-osvajacu-pitanje-je-za-psihoanalizu","status":"publish","type":"post","link":"https:\/\/radioljubuski.ba\/index.php\/2022\/03\/06\/ivic-kreira-se-paralelna-proslost-istodobno-graditi-identitet-na-kralju-tvrtku-i-mehmedu-osvajacu-pitanje-je-za-psihoanalizu\/","title":{"rendered":"Ivi\u0107: Kreira se \u2018paralelna pro\u0161lost\u2019. Istodobno graditi identitet na kralju Tvrtku i Mehmedu Osvaja\u010du \u2013 pitanje je za psihoanalizu"},"content":{"rendered":"\n<p><strong>Gradona\u010delnica Sarajeva Benjamina Kari\u0107, koja je u hrvatsku javnost dospjela izjavama kako je stravi\u010dna prijetnja katolicima u Sarajevu za vrijeme adventa zapravo reakcija na izjave predsjednika RH Zorana Milanovi\u0107a, opravdavaju\u0107i na neki na\u010din \u010din prijetnje i zastra\u0161ivanja, ovoga puta predstavila je kako \u0107e izgledati spomenik prvom bosanskom kralju Tvrtku I Kotromani\u0107u, koji \u0107e biti podignut u parku iza zgrade Predsjedni\u0161tva BiH.<\/strong><\/p>\n\n\n\n<p>\u201cNagra\u0111eni rad vjerno prikazuje sna\u017ean lik i autoritet kralja, s podignutom rukom i otvorenom \u0161akom, koja ujedno i pozdravlja i zaustavlja. Ma\u010d za pasom simbolizira spremnost na borbu, a \u0161tit s ljiljanima obranu dr\u017eave Bosne\u201d, objasnila je gradona\u010delnica.<\/p>\n\n\n\n<iframe loading=\"lazy\" src=\"https:\/\/www.facebook.com\/plugins\/post.php?href=https%3A%2F%2Fwww.facebook.com%2FGradonacelnica.Benjamina.Karic%2Fposts%2F331221009059568&#038;show_text=true&#038;width=500\" width=\"500\" height=\"737\" style=\"border:none;overflow:hidden\" scrolling=\"no\" frameborder=\"0\" allowfullscreen=\"true\" allow=\"autoplay; clipboard-write; encrypted-media; picture-in-picture; web-share\"><\/iframe>\n\n\n\n<p>Otkrivanje spomenika kralju Tvrtku, njegov povijesni zna\u010daj te zna\u010denje samog spomenika za portal&nbsp;<a href=\"https:\/\/direktno.hr\/direkt\/ivic-u-nezdravim-odnosima-u-bih-kreira-se-paralelna-proslost-istodobno-graditi-identitet-na-kralju-tvrtku-i-mehmedu-osvajacu-pitanje-je-za-psiho-262589\/\">Direktno<\/a>&nbsp;pojasnio je povjesni\u010dar i kolumnist HMS-a Anto Ivi\u0107, osvrnuv\u0161i se i na povijesnu ulogu kralja Tvrtka u svom vremenu.<\/p>\n\n\n\n<p>\u201cIskazivanje \u010dasti zna\u010dajnim li\u010dnostima iz pro\u0161losti dio je identiteta dru\u0161tva. U Sarajevu na Marijin dvoru postoji Ulica kralja Tvrtka. U Mostaru, u zapadnom dijelu grada, uz imena kraljeva Tomislava, Petra Kre\u0161imira i Zvonimira, ulice su nazvane po kralju Tvrtku, kraljici Katarini kao i vladaru Huma Mihajlu Vi\u0161evi\u0107u, \u010diji je otac najvjerojatniji naru\u010ditelj Vi\u0161eslavove krstionice\u201d, rekao je uvodno i dodao da koriste\u0107i umjetni\u010dki izra\u017eaj, takvu ulogu imaju i spomenici.<\/p>\n\n\n\n<p>\u201cStoga su u Mostaru, tako\u0111er u zapadnom dijelu grada, postavljeni spomenici nobelovcima Vladimiru Prelogu i Ivi Andri\u0107u te kraljici Katarini. Bron\u010dani kralj Tvrtko je dobio zaslu\u017eeno mjesto u sredi\u0161tu grada Prozora u Rami. Osim Hrvata, i pripadnici drugih naroda su tom vladaru dali po\u010dast, skulpturama u Herceg-Novom i u Tuzli, a kako se najavljuje i u Sarajevu\u201d, objasnio je.<\/p>\n\n\n\n<p><strong>Uloga Tvrtka u svom vremenu<\/strong><\/p>\n\n\n\n<p>Osvrnuo se na povijesnu ulogu spomenutog kralja.<\/p>\n\n\n\n<p>\u201cEuropski feudalni odnosi po\u010divali su na osobnim, hijerarhijskim odnosima vazala i seniora kao i na rodbinskim vezama. U slo\u017eenom dru\u0161tvu \u010diji je autoritet na vrhu bio ugarsko-hrvatski kralj, velika\u0161ke obitelji su uspostavljale me\u0111usobne \u017eenidbene veze.<\/p>\n\n\n\n<p>Tvrtko je bio sin bana Vladislava Kotromani\u0107a i Jelene iz obitelji \u0160ubi\u0107a, velika\u0161a \u010diji su \u010dlanovi bili \u017eupani, knezovi i banovi, gospodari Hrvatske, Bosne i Huma, a jedna njihova grana preuzela je naziv Zrinski. Stjepan I. Kotromani\u0107, Vladislavov otac i Tvrtkov djed, o\u017eenio je k\u0107er Dragutina Nemanji\u0107a, koji je vlast nad Banovinom Usorom sa Soli, Banovinom Ma\u010dvom i Srijemom stekao kao zet ugarsko-hrvatskog kralja. Druga Dragutinova k\u0107er udala se za Pavla \u0160ubi\u0107a.<\/p>\n\n\n\n<p>Stjepan Tvrtko I. Kotromani\u0107 (r. oko 1338., ban od 1353.) rano se na\u0161ao u sukobima vlastele. Premda se vratio u Bosnu 1366. pod za\u0161titom ugarskog dvora, u vrijeme pretenzija Ludovika I. na Poljsku, Tvrtko je vje\u0161to \u0161irio utjecaj prema primorju. Okrunio se 1377. ne samo za kralja Bosne, ve\u0107 po nasljednom pravu i krunom Nemanji\u0107a. Godinu dana prije smrti, 1390. naziva se kralj Bosne, Srba, Dalmacije, Hrvatske i Primorja.<\/p>\n\n\n\n<p>Premda je me\u0111unarodno priznato Bosansko Kraljevstvo zapravo postojalo tek od krunjenja Stjepana Toma\u0161evi\u0107a s papinim blagoslovom 1461. do invazije Osmanlija 1463., Tvrtkova epoha je razdoblje povijesti ovog prostora obilje\u017eeno \u0161irenjem njegove vlasti na \u0161ire dinarsko podru\u010dje izvan Bosne. Treba re\u0107i i da se o dr\u017eavi tog vremena ne mo\u017ee govoriti iz iskustva dana\u0161nje dr\u017eave\u201d, u kratkim crticama objasnio je povjesni\u010dar Ivi\u0107 te komentirao dana\u0161nje tuma\u010denje povijesti.<\/p>\n\n\n\n<p><strong>Tuma\u010denje danas i stvaranje mitova o pro\u0161losti<\/strong><\/p>\n\n\n\n<p>Istaknuo je kako pristupi tuma\u010denju li\u010dnosti poput kralja Tvrtka, uostalom kao i pro\u0161losti Bosne i Hercegovine, mogu postati predmet mitomanije.<\/p>\n\n\n\n<p>\u201cU vrijeme suvremenih ratova o\u010dita je \u2018paralelna realnost\u2019 u medijima suprotstavljenih strana, o \u010demu se govori i ovih dana na istoku Europe. U nezdravim odnosima kolektivnih identiteta u BiH na izvjestan na\u010din postoji \u2018paralelna stvarnost\u2019 u kojoj se kreira \u2018paralelna pro\u0161lost\u2019.<\/p>\n\n\n\n<p>Hrvati kralja Tvrtka, katolika i potomka hrvatskih velika\u0161kih obitelji, do\u017eivljavaju kao dio vlastitog povijesnog identiteta. Srbi potenciraju ulogu Tvrtka kao kralja Srba, potkrijepljuju\u0107i to njegovom titulom. Ako zanemarimo vjersku komponentu, Bo\u0161njaci unutar granica BiH, po\u010dev\u0161i od vlastitog imena, koje je zapravo povijesno obilje\u017eje bosanskih Hrvata, identitet grade na pripadnosti i povezanosti s dr\u017eavom. Isticanje zna\u010daja bosanskog kralja uklapa se u sliku mita o povijesnom kontinutetu Bosne, redovito izostavljaju\u0107i spomen Huma\u201d, istaknuo je, a to uostalom mo\u017eemo vidjeti i u gore navedenoj izjavi sarajevske gradona\u010delnice.<\/p>\n\n\n\n<p><strong>\u2018Tvrtko postaje trofej jednog naroda, a trebao bi biti primjer su\u017eivota\u2019<\/strong><\/p>\n\n\n\n<p>Ivi\u0107 isti\u010de kako se time ipak ne mo\u017ee potvrditi teza o \u2019tisu\u0107u godina bosanske dr\u017eavnosti\u2019.<\/p>\n\n\n\n<p>\u201cPoku\u0161ajima manipulacije, ni kriv ni du\u017ean, kralj Tvrtko postaje trofej jednog naroda u BiH, koji sam sebe smatra \u2018temeljnim\u2019, a trebao bi, u ozra\u010dju iskrenog uva\u017eavanja svakog naroda, biti simbol su\u017eivota.<\/p>\n\n\n\n<p>Kad je rije\u010d o konkretnom umjetni\u010dkom djelu koje bi trebalo biti postavljeno u Sarajevu, okrenutost skulpture mogla bi biti predmet prijepora.<\/p>\n\n\n\n<p>Naime, podignuta ruka, koja \u010dini se, ozna\u010dava ne\u0161to izme\u0111u pozdrava i upozorenja, mogla bi se razli\u010dito tuma\u010diti. Usmjerena prema Trebevi\u0107u, ili prema istoku, bila bi poruka Srbima.<\/p>\n\n\n\n<p>Ako, pak, bude okrenuta prema zapadu, \u010dinila bi se kao simboli\u010dno ogra\u0111ivanje od Europe. Premda bi nekima to odgovaralo, to kralj Tvrtko da je \u017eiv, nikako ne bi \u017eelio, kao niti kralj Stjepan Toma\u0161evi\u0107, \u010dijoj su zemlji dr\u017eavnost dokinule Osmanlije.<\/p>\n\n\n\n<p>A kako graditi identitet istodobno na kralju Tvrtku i na Mehmedu Osvaja\u010du, mo\u017eda bi bilo pitanje za psiholo\u0161ku analizu\u201d, zaklju\u010dio je povjesni\u010dar Ivi\u0107.<\/p>\n\n\n\n<p>\/HMS\/<\/p>\n","protected":false},"excerpt":{"rendered":"<p>Gradona\u010delnica Sarajeva Benjamina Kari\u0107, koja je u hrvatsku javnost dospjela izjavama kako je stravi\u010dna prijetnja katolicima u Sarajevu za vrijeme adventa zapravo reakcija na izjave predsjednika RH Zorana Milanovi\u0107a, opravdavaju\u0107i na neki na\u010din \u010din prijetnje i zastra\u0161ivanja, ovoga puta predstavila je kako \u0107e izgledati spomenik prvom bosanskom kralju Tvrtku I Kotromani\u0107u, koji \u0107e biti podignut [&hellip;]<\/p>\n","protected":false},"author":2,"featured_media":118710,"comment_status":"closed","ping_status":"closed","sticky":false,"template":"","format":"standard","meta":{"h5ap_radio_sources":[],"footnotes":""},"categories":[1],"tags":[],"class_list":["post-118709","post","type-post","status-publish","format-standard","has-post-thumbnail","hentry","category-bihiregija"],"yoast_head":"<!-- This site is optimized with the Yoast SEO plugin v27.5 - https:\/\/yoast.com\/product\/yoast-seo-wordpress\/ -->\n<title>Ivi\u0107: Kreira se \u2018paralelna pro\u0161lost\u2019. Istodobno graditi identitet na kralju Tvrtku i Mehmedu Osvaja\u010du \u2013 pitanje je za psihoanalizu - RADIO LJUBU\u0160KI<\/title>\n<meta name=\"robots\" content=\"index, follow, max-snippet:-1, max-image-preview:large, max-video-preview:-1\" \/>\n<link rel=\"canonical\" href=\"https:\/\/radioljubuski.ba\/index.php\/2022\/03\/06\/ivic-kreira-se-paralelna-proslost-istodobno-graditi-identitet-na-kralju-tvrtku-i-mehmedu-osvajacu-pitanje-je-za-psihoanalizu\/\" \/>\n<meta property=\"og:locale\" content=\"hr_HR\" \/>\n<meta property=\"og:type\" content=\"article\" \/>\n<meta property=\"og:title\" content=\"Ivi\u0107: Kreira se \u2018paralelna pro\u0161lost\u2019. Istodobno graditi identitet na kralju Tvrtku i Mehmedu Osvaja\u010du \u2013 pitanje je za psihoanalizu - RADIO LJUBU\u0160KI\" \/>\n<meta property=\"og:description\" content=\"Gradona\u010delnica Sarajeva Benjamina Kari\u0107, koja je u hrvatsku javnost dospjela izjavama kako je stravi\u010dna prijetnja katolicima u Sarajevu za vrijeme adventa zapravo reakcija na izjave predsjednika RH Zorana Milanovi\u0107a, opravdavaju\u0107i na neki na\u010din \u010din prijetnje i zastra\u0161ivanja, ovoga puta predstavila je kako \u0107e izgledati spomenik prvom bosanskom kralju Tvrtku I Kotromani\u0107u, koji \u0107e biti podignut [&hellip;]\" \/>\n<meta property=\"og:url\" content=\"https:\/\/radioljubuski.ba\/index.php\/2022\/03\/06\/ivic-kreira-se-paralelna-proslost-istodobno-graditi-identitet-na-kralju-tvrtku-i-mehmedu-osvajacu-pitanje-je-za-psihoanalizu\/\" \/>\n<meta property=\"og:site_name\" content=\"RADIO LJUBU\u0160KI\" \/>\n<meta property=\"article:publisher\" content=\"https:\/\/www.facebook.com\/Radiio-Ljubuski-1490835324566332\" \/>\n<meta property=\"article:published_time\" content=\"2022-03-06T15:06:41+00:00\" \/>\n<meta property=\"article:modified_time\" content=\"2022-03-06T15:06:43+00:00\" \/>\n<meta property=\"og:image\" content=\"https:\/\/radioljubuski.ba\/wp-content\/uploads\/2022\/03\/ivi-kralj-tvrtko-direktno-fb_622220241ce8e_970x970r.jpg\" \/>\n\t<meta property=\"og:image:width\" content=\"970\" \/>\n\t<meta property=\"og:image:height\" content=\"535\" \/>\n\t<meta property=\"og:image:type\" content=\"image\/jpeg\" \/>\n<meta name=\"author\" content=\"Radio Ljubu\u0161ki\" \/>\n<meta name=\"twitter:card\" content=\"summary_large_image\" \/>\n<meta name=\"twitter:creator\" content=\"@radioljubuski\" \/>\n<meta name=\"twitter:site\" content=\"@radioljubuski\" \/>\n<meta name=\"twitter:label1\" content=\"Napisao\/la\" \/>\n\t<meta name=\"twitter:data1\" content=\"Radio Ljubu\u0161ki\" \/>\n\t<meta name=\"twitter:label2\" content=\"Procijenjeno vrijeme \u010ditanja\" \/>\n\t<meta name=\"twitter:data2\" content=\"4 minute\" \/>\n<script type=\"application\/ld+json\" class=\"yoast-schema-graph\">{\"@context\":\"https:\\\/\\\/schema.org\",\"@graph\":[{\"@type\":\"Article\",\"@id\":\"https:\\\/\\\/radioljubuski.ba\\\/index.php\\\/2022\\\/03\\\/06\\\/ivic-kreira-se-paralelna-proslost-istodobno-graditi-identitet-na-kralju-tvrtku-i-mehmedu-osvajacu-pitanje-je-za-psihoanalizu\\\/#article\",\"isPartOf\":{\"@id\":\"https:\\\/\\\/radioljubuski.ba\\\/index.php\\\/2022\\\/03\\\/06\\\/ivic-kreira-se-paralelna-proslost-istodobno-graditi-identitet-na-kralju-tvrtku-i-mehmedu-osvajacu-pitanje-je-za-psihoanalizu\\\/\"},\"author\":{\"name\":\"Radio Ljubu\u0161ki\",\"@id\":\"https:\\\/\\\/radioljubuski.ba\\\/#\\\/schema\\\/person\\\/19fc700381a780f69665d7956c469e3b\"},\"headline\":\"Ivi\u0107: Kreira se \u2018paralelna pro\u0161lost\u2019. Istodobno graditi identitet na kralju Tvrtku i Mehmedu Osvaja\u010du \u2013 pitanje je za psihoanalizu\",\"datePublished\":\"2022-03-06T15:06:41+00:00\",\"dateModified\":\"2022-03-06T15:06:43+00:00\",\"mainEntityOfPage\":{\"@id\":\"https:\\\/\\\/radioljubuski.ba\\\/index.php\\\/2022\\\/03\\\/06\\\/ivic-kreira-se-paralelna-proslost-istodobno-graditi-identitet-na-kralju-tvrtku-i-mehmedu-osvajacu-pitanje-je-za-psihoanalizu\\\/\"},\"wordCount\":960,\"publisher\":{\"@id\":\"https:\\\/\\\/radioljubuski.ba\\\/#organization\"},\"image\":{\"@id\":\"https:\\\/\\\/radioljubuski.ba\\\/index.php\\\/2022\\\/03\\\/06\\\/ivic-kreira-se-paralelna-proslost-istodobno-graditi-identitet-na-kralju-tvrtku-i-mehmedu-osvajacu-pitanje-je-za-psihoanalizu\\\/#primaryimage\"},\"thumbnailUrl\":\"https:\\\/\\\/radioljubuski.ba\\\/wp-content\\\/uploads\\\/2022\\\/03\\\/ivi-kralj-tvrtko-direktno-fb_622220241ce8e_970x970r.jpg\",\"articleSection\":[\"BIH i regija\"],\"inLanguage\":\"hr\"},{\"@type\":\"WebPage\",\"@id\":\"https:\\\/\\\/radioljubuski.ba\\\/index.php\\\/2022\\\/03\\\/06\\\/ivic-kreira-se-paralelna-proslost-istodobno-graditi-identitet-na-kralju-tvrtku-i-mehmedu-osvajacu-pitanje-je-za-psihoanalizu\\\/\",\"url\":\"https:\\\/\\\/radioljubuski.ba\\\/index.php\\\/2022\\\/03\\\/06\\\/ivic-kreira-se-paralelna-proslost-istodobno-graditi-identitet-na-kralju-tvrtku-i-mehmedu-osvajacu-pitanje-je-za-psihoanalizu\\\/\",\"name\":\"Ivi\u0107: Kreira se \u2018paralelna pro\u0161lost\u2019. Istodobno graditi identitet na kralju Tvrtku i Mehmedu Osvaja\u010du \u2013 pitanje je za psihoanalizu - RADIO LJUBU\u0160KI\",\"isPartOf\":{\"@id\":\"https:\\\/\\\/radioljubuski.ba\\\/#website\"},\"primaryImageOfPage\":{\"@id\":\"https:\\\/\\\/radioljubuski.ba\\\/index.php\\\/2022\\\/03\\\/06\\\/ivic-kreira-se-paralelna-proslost-istodobno-graditi-identitet-na-kralju-tvrtku-i-mehmedu-osvajacu-pitanje-je-za-psihoanalizu\\\/#primaryimage\"},\"image\":{\"@id\":\"https:\\\/\\\/radioljubuski.ba\\\/index.php\\\/2022\\\/03\\\/06\\\/ivic-kreira-se-paralelna-proslost-istodobno-graditi-identitet-na-kralju-tvrtku-i-mehmedu-osvajacu-pitanje-je-za-psihoanalizu\\\/#primaryimage\"},\"thumbnailUrl\":\"https:\\\/\\\/radioljubuski.ba\\\/wp-content\\\/uploads\\\/2022\\\/03\\\/ivi-kralj-tvrtko-direktno-fb_622220241ce8e_970x970r.jpg\",\"datePublished\":\"2022-03-06T15:06:41+00:00\",\"dateModified\":\"2022-03-06T15:06:43+00:00\",\"breadcrumb\":{\"@id\":\"https:\\\/\\\/radioljubuski.ba\\\/index.php\\\/2022\\\/03\\\/06\\\/ivic-kreira-se-paralelna-proslost-istodobno-graditi-identitet-na-kralju-tvrtku-i-mehmedu-osvajacu-pitanje-je-za-psihoanalizu\\\/#breadcrumb\"},\"inLanguage\":\"hr\",\"potentialAction\":[{\"@type\":\"ReadAction\",\"target\":[\"https:\\\/\\\/radioljubuski.ba\\\/index.php\\\/2022\\\/03\\\/06\\\/ivic-kreira-se-paralelna-proslost-istodobno-graditi-identitet-na-kralju-tvrtku-i-mehmedu-osvajacu-pitanje-je-za-psihoanalizu\\\/\"]}]},{\"@type\":\"ImageObject\",\"inLanguage\":\"hr\",\"@id\":\"https:\\\/\\\/radioljubuski.ba\\\/index.php\\\/2022\\\/03\\\/06\\\/ivic-kreira-se-paralelna-proslost-istodobno-graditi-identitet-na-kralju-tvrtku-i-mehmedu-osvajacu-pitanje-je-za-psihoanalizu\\\/#primaryimage\",\"url\":\"https:\\\/\\\/radioljubuski.ba\\\/wp-content\\\/uploads\\\/2022\\\/03\\\/ivi-kralj-tvrtko-direktno-fb_622220241ce8e_970x970r.jpg\",\"contentUrl\":\"https:\\\/\\\/radioljubuski.ba\\\/wp-content\\\/uploads\\\/2022\\\/03\\\/ivi-kralj-tvrtko-direktno-fb_622220241ce8e_970x970r.jpg\",\"width\":970,\"height\":535},{\"@type\":\"BreadcrumbList\",\"@id\":\"https:\\\/\\\/radioljubuski.ba\\\/index.php\\\/2022\\\/03\\\/06\\\/ivic-kreira-se-paralelna-proslost-istodobno-graditi-identitet-na-kralju-tvrtku-i-mehmedu-osvajacu-pitanje-je-za-psihoanalizu\\\/#breadcrumb\",\"itemListElement\":[{\"@type\":\"ListItem\",\"position\":1,\"name\":\"Po\u010detna stranica\",\"item\":\"https:\\\/\\\/radioljubuski.ba\\\/\"},{\"@type\":\"ListItem\",\"position\":2,\"name\":\"Ivi\u0107: Kreira se \u2018paralelna pro\u0161lost\u2019. Istodobno graditi identitet na kralju Tvrtku i Mehmedu Osvaja\u010du \u2013 pitanje je za psihoanalizu\"}]},{\"@type\":\"WebSite\",\"@id\":\"https:\\\/\\\/radioljubuski.ba\\\/#website\",\"url\":\"https:\\\/\\\/radioljubuski.ba\\\/\",\"name\":\"Radio Ljubu\u0161ki\",\"description\":\"Sun\u010dana frekvencija Hercegovine\",\"publisher\":{\"@id\":\"https:\\\/\\\/radioljubuski.ba\\\/#organization\"},\"potentialAction\":[{\"@type\":\"SearchAction\",\"target\":{\"@type\":\"EntryPoint\",\"urlTemplate\":\"https:\\\/\\\/radioljubuski.ba\\\/?s={search_term_string}\"},\"query-input\":{\"@type\":\"PropertyValueSpecification\",\"valueRequired\":true,\"valueName\":\"search_term_string\"}}],\"inLanguage\":\"hr\"},{\"@type\":\"Organization\",\"@id\":\"https:\\\/\\\/radioljubuski.ba\\\/#organization\",\"name\":\"Radio Ljubu\u0161ki\",\"url\":\"https:\\\/\\\/radioljubuski.ba\\\/\",\"logo\":{\"@type\":\"ImageObject\",\"inLanguage\":\"hr\",\"@id\":\"https:\\\/\\\/radioljubuski.ba\\\/#\\\/schema\\\/logo\\\/image\\\/\",\"url\":\"https:\\\/\\\/radioljubuski.ba\\\/wp-content\\\/uploads\\\/2021\\\/02\\\/cropped-Radio_Ljubuski_logo1.jpg\",\"contentUrl\":\"https:\\\/\\\/radioljubuski.ba\\\/wp-content\\\/uploads\\\/2021\\\/02\\\/cropped-Radio_Ljubuski_logo1.jpg\",\"width\":512,\"height\":512,\"caption\":\"Radio Ljubu\u0161ki\"},\"image\":{\"@id\":\"https:\\\/\\\/radioljubuski.ba\\\/#\\\/schema\\\/logo\\\/image\\\/\"},\"sameAs\":[\"https:\\\/\\\/www.facebook.com\\\/Radiio-Ljubuski-1490835324566332\",\"https:\\\/\\\/x.com\\\/radioljubuski\",\"https:\\\/\\\/hr.linkedin.com\\\/company\\\/radio-ljubuski\",\"https:\\\/\\\/www.youtube.com\\\/channel\\\/UCHYaeO_n0Db3tjNGudGpXyw\"]},{\"@type\":\"Person\",\"@id\":\"https:\\\/\\\/radioljubuski.ba\\\/#\\\/schema\\\/person\\\/19fc700381a780f69665d7956c469e3b\",\"name\":\"Radio Ljubu\u0161ki\"}]}<\/script>\n<!-- \/ Yoast SEO plugin. -->","yoast_head_json":{"title":"Ivi\u0107: Kreira se \u2018paralelna pro\u0161lost\u2019. Istodobno graditi identitet na kralju Tvrtku i Mehmedu Osvaja\u010du \u2013 pitanje je za psihoanalizu - RADIO LJUBU\u0160KI","robots":{"index":"index","follow":"follow","max-snippet":"max-snippet:-1","max-image-preview":"max-image-preview:large","max-video-preview":"max-video-preview:-1"},"canonical":"https:\/\/radioljubuski.ba\/index.php\/2022\/03\/06\/ivic-kreira-se-paralelna-proslost-istodobno-graditi-identitet-na-kralju-tvrtku-i-mehmedu-osvajacu-pitanje-je-za-psihoanalizu\/","og_locale":"hr_HR","og_type":"article","og_title":"Ivi\u0107: Kreira se \u2018paralelna pro\u0161lost\u2019. Istodobno graditi identitet na kralju Tvrtku i Mehmedu Osvaja\u010du \u2013 pitanje je za psihoanalizu - RADIO LJUBU\u0160KI","og_description":"Gradona\u010delnica Sarajeva Benjamina Kari\u0107, koja je u hrvatsku javnost dospjela izjavama kako je stravi\u010dna prijetnja katolicima u Sarajevu za vrijeme adventa zapravo reakcija na izjave predsjednika RH Zorana Milanovi\u0107a, opravdavaju\u0107i na neki na\u010din \u010din prijetnje i zastra\u0161ivanja, ovoga puta predstavila je kako \u0107e izgledati spomenik prvom bosanskom kralju Tvrtku I Kotromani\u0107u, koji \u0107e biti podignut [&hellip;]","og_url":"https:\/\/radioljubuski.ba\/index.php\/2022\/03\/06\/ivic-kreira-se-paralelna-proslost-istodobno-graditi-identitet-na-kralju-tvrtku-i-mehmedu-osvajacu-pitanje-je-za-psihoanalizu\/","og_site_name":"RADIO LJUBU\u0160KI","article_publisher":"https:\/\/www.facebook.com\/Radiio-Ljubuski-1490835324566332","article_published_time":"2022-03-06T15:06:41+00:00","article_modified_time":"2022-03-06T15:06:43+00:00","og_image":[{"width":970,"height":535,"url":"https:\/\/radioljubuski.ba\/wp-content\/uploads\/2022\/03\/ivi-kralj-tvrtko-direktno-fb_622220241ce8e_970x970r.jpg","type":"image\/jpeg"}],"author":"Radio Ljubu\u0161ki","twitter_card":"summary_large_image","twitter_creator":"@radioljubuski","twitter_site":"@radioljubuski","twitter_misc":{"Napisao\/la":"Radio Ljubu\u0161ki","Procijenjeno vrijeme \u010ditanja":"4 minute"},"schema":{"@context":"https:\/\/schema.org","@graph":[{"@type":"Article","@id":"https:\/\/radioljubuski.ba\/index.php\/2022\/03\/06\/ivic-kreira-se-paralelna-proslost-istodobno-graditi-identitet-na-kralju-tvrtku-i-mehmedu-osvajacu-pitanje-je-za-psihoanalizu\/#article","isPartOf":{"@id":"https:\/\/radioljubuski.ba\/index.php\/2022\/03\/06\/ivic-kreira-se-paralelna-proslost-istodobno-graditi-identitet-na-kralju-tvrtku-i-mehmedu-osvajacu-pitanje-je-za-psihoanalizu\/"},"author":{"name":"Radio Ljubu\u0161ki","@id":"https:\/\/radioljubuski.ba\/#\/schema\/person\/19fc700381a780f69665d7956c469e3b"},"headline":"Ivi\u0107: Kreira se \u2018paralelna pro\u0161lost\u2019. Istodobno graditi identitet na kralju Tvrtku i Mehmedu Osvaja\u010du \u2013 pitanje je za psihoanalizu","datePublished":"2022-03-06T15:06:41+00:00","dateModified":"2022-03-06T15:06:43+00:00","mainEntityOfPage":{"@id":"https:\/\/radioljubuski.ba\/index.php\/2022\/03\/06\/ivic-kreira-se-paralelna-proslost-istodobno-graditi-identitet-na-kralju-tvrtku-i-mehmedu-osvajacu-pitanje-je-za-psihoanalizu\/"},"wordCount":960,"publisher":{"@id":"https:\/\/radioljubuski.ba\/#organization"},"image":{"@id":"https:\/\/radioljubuski.ba\/index.php\/2022\/03\/06\/ivic-kreira-se-paralelna-proslost-istodobno-graditi-identitet-na-kralju-tvrtku-i-mehmedu-osvajacu-pitanje-je-za-psihoanalizu\/#primaryimage"},"thumbnailUrl":"https:\/\/radioljubuski.ba\/wp-content\/uploads\/2022\/03\/ivi-kralj-tvrtko-direktno-fb_622220241ce8e_970x970r.jpg","articleSection":["BIH i regija"],"inLanguage":"hr"},{"@type":"WebPage","@id":"https:\/\/radioljubuski.ba\/index.php\/2022\/03\/06\/ivic-kreira-se-paralelna-proslost-istodobno-graditi-identitet-na-kralju-tvrtku-i-mehmedu-osvajacu-pitanje-je-za-psihoanalizu\/","url":"https:\/\/radioljubuski.ba\/index.php\/2022\/03\/06\/ivic-kreira-se-paralelna-proslost-istodobno-graditi-identitet-na-kralju-tvrtku-i-mehmedu-osvajacu-pitanje-je-za-psihoanalizu\/","name":"Ivi\u0107: Kreira se \u2018paralelna pro\u0161lost\u2019. Istodobno graditi identitet na kralju Tvrtku i Mehmedu Osvaja\u010du \u2013 pitanje je za psihoanalizu - RADIO LJUBU\u0160KI","isPartOf":{"@id":"https:\/\/radioljubuski.ba\/#website"},"primaryImageOfPage":{"@id":"https:\/\/radioljubuski.ba\/index.php\/2022\/03\/06\/ivic-kreira-se-paralelna-proslost-istodobno-graditi-identitet-na-kralju-tvrtku-i-mehmedu-osvajacu-pitanje-je-za-psihoanalizu\/#primaryimage"},"image":{"@id":"https:\/\/radioljubuski.ba\/index.php\/2022\/03\/06\/ivic-kreira-se-paralelna-proslost-istodobno-graditi-identitet-na-kralju-tvrtku-i-mehmedu-osvajacu-pitanje-je-za-psihoanalizu\/#primaryimage"},"thumbnailUrl":"https:\/\/radioljubuski.ba\/wp-content\/uploads\/2022\/03\/ivi-kralj-tvrtko-direktno-fb_622220241ce8e_970x970r.jpg","datePublished":"2022-03-06T15:06:41+00:00","dateModified":"2022-03-06T15:06:43+00:00","breadcrumb":{"@id":"https:\/\/radioljubuski.ba\/index.php\/2022\/03\/06\/ivic-kreira-se-paralelna-proslost-istodobno-graditi-identitet-na-kralju-tvrtku-i-mehmedu-osvajacu-pitanje-je-za-psihoanalizu\/#breadcrumb"},"inLanguage":"hr","potentialAction":[{"@type":"ReadAction","target":["https:\/\/radioljubuski.ba\/index.php\/2022\/03\/06\/ivic-kreira-se-paralelna-proslost-istodobno-graditi-identitet-na-kralju-tvrtku-i-mehmedu-osvajacu-pitanje-je-za-psihoanalizu\/"]}]},{"@type":"ImageObject","inLanguage":"hr","@id":"https:\/\/radioljubuski.ba\/index.php\/2022\/03\/06\/ivic-kreira-se-paralelna-proslost-istodobno-graditi-identitet-na-kralju-tvrtku-i-mehmedu-osvajacu-pitanje-je-za-psihoanalizu\/#primaryimage","url":"https:\/\/radioljubuski.ba\/wp-content\/uploads\/2022\/03\/ivi-kralj-tvrtko-direktno-fb_622220241ce8e_970x970r.jpg","contentUrl":"https:\/\/radioljubuski.ba\/wp-content\/uploads\/2022\/03\/ivi-kralj-tvrtko-direktno-fb_622220241ce8e_970x970r.jpg","width":970,"height":535},{"@type":"BreadcrumbList","@id":"https:\/\/radioljubuski.ba\/index.php\/2022\/03\/06\/ivic-kreira-se-paralelna-proslost-istodobno-graditi-identitet-na-kralju-tvrtku-i-mehmedu-osvajacu-pitanje-je-za-psihoanalizu\/#breadcrumb","itemListElement":[{"@type":"ListItem","position":1,"name":"Po\u010detna stranica","item":"https:\/\/radioljubuski.ba\/"},{"@type":"ListItem","position":2,"name":"Ivi\u0107: Kreira se \u2018paralelna pro\u0161lost\u2019. Istodobno graditi identitet na kralju Tvrtku i Mehmedu Osvaja\u010du \u2013 pitanje je za psihoanalizu"}]},{"@type":"WebSite","@id":"https:\/\/radioljubuski.ba\/#website","url":"https:\/\/radioljubuski.ba\/","name":"Radio Ljubu\u0161ki","description":"Sun\u010dana frekvencija Hercegovine","publisher":{"@id":"https:\/\/radioljubuski.ba\/#organization"},"potentialAction":[{"@type":"SearchAction","target":{"@type":"EntryPoint","urlTemplate":"https:\/\/radioljubuski.ba\/?s={search_term_string}"},"query-input":{"@type":"PropertyValueSpecification","valueRequired":true,"valueName":"search_term_string"}}],"inLanguage":"hr"},{"@type":"Organization","@id":"https:\/\/radioljubuski.ba\/#organization","name":"Radio Ljubu\u0161ki","url":"https:\/\/radioljubuski.ba\/","logo":{"@type":"ImageObject","inLanguage":"hr","@id":"https:\/\/radioljubuski.ba\/#\/schema\/logo\/image\/","url":"https:\/\/radioljubuski.ba\/wp-content\/uploads\/2021\/02\/cropped-Radio_Ljubuski_logo1.jpg","contentUrl":"https:\/\/radioljubuski.ba\/wp-content\/uploads\/2021\/02\/cropped-Radio_Ljubuski_logo1.jpg","width":512,"height":512,"caption":"Radio Ljubu\u0161ki"},"image":{"@id":"https:\/\/radioljubuski.ba\/#\/schema\/logo\/image\/"},"sameAs":["https:\/\/www.facebook.com\/Radiio-Ljubuski-1490835324566332","https:\/\/x.com\/radioljubuski","https:\/\/hr.linkedin.com\/company\/radio-ljubuski","https:\/\/www.youtube.com\/channel\/UCHYaeO_n0Db3tjNGudGpXyw"]},{"@type":"Person","@id":"https:\/\/radioljubuski.ba\/#\/schema\/person\/19fc700381a780f69665d7956c469e3b","name":"Radio Ljubu\u0161ki"}]}},"_links":{"self":[{"href":"https:\/\/radioljubuski.ba\/index.php\/wp-json\/wp\/v2\/posts\/118709","targetHints":{"allow":["GET"]}}],"collection":[{"href":"https:\/\/radioljubuski.ba\/index.php\/wp-json\/wp\/v2\/posts"}],"about":[{"href":"https:\/\/radioljubuski.ba\/index.php\/wp-json\/wp\/v2\/types\/post"}],"author":[{"embeddable":true,"href":"https:\/\/radioljubuski.ba\/index.php\/wp-json\/wp\/v2\/users\/2"}],"replies":[{"embeddable":true,"href":"https:\/\/radioljubuski.ba\/index.php\/wp-json\/wp\/v2\/comments?post=118709"}],"version-history":[{"count":1,"href":"https:\/\/radioljubuski.ba\/index.php\/wp-json\/wp\/v2\/posts\/118709\/revisions"}],"predecessor-version":[{"id":118711,"href":"https:\/\/radioljubuski.ba\/index.php\/wp-json\/wp\/v2\/posts\/118709\/revisions\/118711"}],"wp:featuredmedia":[{"embeddable":true,"href":"https:\/\/radioljubuski.ba\/index.php\/wp-json\/wp\/v2\/media\/118710"}],"wp:attachment":[{"href":"https:\/\/radioljubuski.ba\/index.php\/wp-json\/wp\/v2\/media?parent=118709"}],"wp:term":[{"taxonomy":"category","embeddable":true,"href":"https:\/\/radioljubuski.ba\/index.php\/wp-json\/wp\/v2\/categories?post=118709"},{"taxonomy":"post_tag","embeddable":true,"href":"https:\/\/radioljubuski.ba\/index.php\/wp-json\/wp\/v2\/tags?post=118709"}],"curies":[{"name":"wp","href":"https:\/\/api.w.org\/{rel}","templated":true}]}}