{"id":118712,"date":"2022-03-06T16:08:14","date_gmt":"2022-03-06T15:08:14","guid":{"rendered":"https:\/\/radioljubuski.ba\/?p=118712"},"modified":"2022-03-06T16:08:15","modified_gmt":"2022-03-06T15:08:15","slug":"zzh-razgovaralo-se-o-osnivanju-turistickih-zajednica-u-sirokom-brijegu-grudama-i-posusju","status":"publish","type":"post","link":"https:\/\/radioljubuski.ba\/index.php\/2022\/03\/06\/zzh-razgovaralo-se-o-osnivanju-turistickih-zajednica-u-sirokom-brijegu-grudama-i-posusju\/","title":{"rendered":"\u017dZH: Razgovaralo se o osnivanju turisti\u010dkih zajednica u \u0160irokom Brijegu, Grudama i Posu\u0161ju"},"content":{"rendered":"\n<p>U zgradi Vlade \u017dZH, proteklog tjedna, odr\u017eana je dvanaesta sjednica Vije\u0107a za razvojno planiranje i upravljanje razvojem u \u017dZH \u010diji su \u010dlanovi predsjednik Vlade \u017dZH, ministri financija i gospodarstva \u017dZH, gradona\u010delnici \u0160irokog Brijega i Ljubu\u0161kog i na\u010delnici Posu\u0161ja i Gruda.<\/p>\n\n\n\n<p>Na ovom sastanku predstavljen je Prijedlog \/Smjernice za planiranje rada \u017eupanijskih tijela za razdoblje 2023.-2025. godine.<\/p>\n\n\n\n<p>Svrha smjernica je operacionalizacija Strategije razvoja \u017dZH kroz trogodi\u0161nje planiranje rada \u017eupanijskih tijela odnosno izradu programa rada Vlade \u017dZH, te u\u010dinkovitu provedbu i pra\u0107enja provedbe Strategije razvoja \u017dZH.<\/p>\n\n\n\n<p>Ove smjernice tako\u0111er trebaju poslu\u017eiti kao instrument za uspravno i vodoravno uskla\u0111ivanje trogodi\u0161njih planova rada izme\u0111u \u017eupanijskih tijela, te da se postigne bolja sinergija i olak\u0161a provedba Strategije razvoja \u017dZH kao i ostalih usvojenih strate\u0161ko planskih dokumenata u \u017dZH.<\/p>\n\n\n\n<p>Uzimaju\u0107i u obzir da je proces izrade smjernica za planiranje rada za razdoblje 2022 \u2013 2024, zbog ka\u0161njenja u procesu dono\u0161enja nove Metodologije izrade i dono\u0161enja plana i programa rada i izvje\u0161\u0107a o radu Vlade \u017dZH, zavr\u0161eno krajem 2022. godine tako se i razvojni kontekst u kojem su pripremane smjernice za planiranje rada 2022-2024 nije drasti\u010dno promijenio.<\/p>\n\n\n\n<p>Stoga se i Smjernice za planiranje rada za razdoblje 2023-2025 godina oslanjaju na manje-vi\u0161e isti razvojni kontekst s odre\u0111enim dopunjenim informacijama koje nadopunjuju razvojni kontekst za pripremu Smjernica za planiranje rada za sljede\u0107e trogodi\u0161nje razdoblje.<\/p>\n\n\n\n<p>Isto tako na sastanku se raspravljalo o procesu formiranja ureda ili turisti\u010dkih zajednica na podru\u010dju op\u0107ina Grude i Posu\u0161je, te na podru\u010dju Grada \u0160iroki Brijeg. Grad Ljubu\u0161ki \u0107e pomo\u0107i u tome procesu jer je ve\u0107 iskustveno oboga\u0107en i jedina jedinica lokalne samouprave u \u017dZH koja ima funkcionalnu Turisti\u010dku zajednicu.<\/p>\n\n\n\n<p>Definirane su i aktivnosti oko pripreme zajedni\u010dkog izlaga\u010dkog prostora u okviru 23. Me\u0111unarodnog sajama gospodarstva Mostar 2022.<\/p>\n\n\n\n<p>Sajam je afirmiran kao najve\u0107a i najzna\u010dajnija gospodarska manifestacija u \u0161irim razmjerima.<\/p>\n\n\n\n<p>Podsajamska manifestacija Sajam turizma Mostar je mjesto predstavljanja i umre\u017eavanja turisti\u010dke ponude i turisti\u010dkih agencija, turoperatora, destinacija i posjetitelja, mjesto prezentacije i populariziranja vina i vinogradarsko-vinarskih proizvoda, te \u0107e se zbog nepostojanja \u017eupanijske turisti\u010dke zajednice predstaviti turisti\u010dku ponudu \u017dupanije Zapadnohercegova\u010dke kroz individualne pod svake jedinice lokalne samouprave(op\u0107ine i gradovi) na jednom zajedni\u010dkom izlaga\u010dkom prostoru.<\/p>\n\n\n\n<p>Podsjetimo, uloga Vije\u0107a za razvojno planiranje i upravljanje razvojem u \u017dupaniji Zapadnohercegova\u010dkoj je razmatranje i davanje preporuka tijekom cijelog procesa izrade Strategije razvoja \u017dupanije Zapadnohercegova\u010dke za razdoblje 2021.-2027. godine, te suglasnost na njen kona\u010dan prijedlog prije samog upu\u0107ivanja prijedloga na usvajanje, priop\u0107eno je.<\/p>\n\n\n\n<p>\/HMS\/<\/p>\n","protected":false},"excerpt":{"rendered":"<p>U zgradi Vlade \u017dZH, proteklog tjedna, odr\u017eana je dvanaesta sjednica Vije\u0107a za razvojno planiranje i upravljanje razvojem u \u017dZH \u010diji su \u010dlanovi predsjednik Vlade \u017dZH, ministri financija i gospodarstva \u017dZH, gradona\u010delnici \u0160irokog Brijega i Ljubu\u0161kog i na\u010delnici Posu\u0161ja i Gruda. Na ovom sastanku predstavljen je Prijedlog \/Smjernice za planiranje rada \u017eupanijskih tijela za razdoblje 2023.-2025. [&hellip;]<\/p>\n","protected":false},"author":2,"featured_media":1057,"comment_status":"closed","ping_status":"closed","sticky":false,"template":"","format":"standard","meta":{"h5ap_radio_sources":[],"footnotes":""},"categories":[1],"tags":[],"class_list":["post-118712","post","type-post","status-publish","format-standard","has-post-thumbnail","hentry","category-bihiregija"],"yoast_head":"<!-- This site is optimized with the Yoast SEO plugin v27.5 - https:\/\/yoast.com\/product\/yoast-seo-wordpress\/ -->\n<title>\u017dZH: Razgovaralo se o osnivanju turisti\u010dkih zajednica u \u0160irokom Brijegu, Grudama i Posu\u0161ju - RADIO LJUBU\u0160KI<\/title>\n<meta name=\"robots\" content=\"index, follow, max-snippet:-1, max-image-preview:large, max-video-preview:-1\" \/>\n<link rel=\"canonical\" href=\"https:\/\/radioljubuski.ba\/index.php\/2022\/03\/06\/zzh-razgovaralo-se-o-osnivanju-turistickih-zajednica-u-sirokom-brijegu-grudama-i-posusju\/\" \/>\n<meta property=\"og:locale\" content=\"hr_HR\" \/>\n<meta property=\"og:type\" content=\"article\" \/>\n<meta property=\"og:title\" content=\"\u017dZH: Razgovaralo se o osnivanju turisti\u010dkih zajednica u \u0160irokom Brijegu, Grudama i Posu\u0161ju - RADIO LJUBU\u0160KI\" \/>\n<meta property=\"og:description\" content=\"U zgradi Vlade \u017dZH, proteklog tjedna, odr\u017eana je dvanaesta sjednica Vije\u0107a za razvojno planiranje i upravljanje razvojem u \u017dZH \u010diji su \u010dlanovi predsjednik Vlade \u017dZH, ministri financija i gospodarstva \u017dZH, gradona\u010delnici \u0160irokog Brijega i Ljubu\u0161kog i na\u010delnici Posu\u0161ja i Gruda. Na ovom sastanku predstavljen je Prijedlog \/Smjernice za planiranje rada \u017eupanijskih tijela za razdoblje 2023.-2025. [&hellip;]\" \/>\n<meta property=\"og:url\" content=\"https:\/\/radioljubuski.ba\/index.php\/2022\/03\/06\/zzh-razgovaralo-se-o-osnivanju-turistickih-zajednica-u-sirokom-brijegu-grudama-i-posusju\/\" \/>\n<meta property=\"og:site_name\" content=\"RADIO LJUBU\u0160KI\" \/>\n<meta property=\"article:publisher\" content=\"https:\/\/www.facebook.com\/Radiio-Ljubuski-1490835324566332\" \/>\n<meta property=\"article:published_time\" content=\"2022-03-06T15:08:14+00:00\" \/>\n<meta property=\"article:modified_time\" content=\"2022-03-06T15:08:15+00:00\" \/>\n<meta property=\"og:image\" content=\"https:\/\/radioljubuski.ba\/wp-content\/uploads\/2021\/03\/vlada-zzh.jpg\" \/>\n\t<meta property=\"og:image:width\" content=\"900\" \/>\n\t<meta property=\"og:image:height\" content=\"500\" \/>\n\t<meta property=\"og:image:type\" content=\"image\/jpeg\" \/>\n<meta name=\"author\" content=\"Radio Ljubu\u0161ki\" \/>\n<meta name=\"twitter:card\" content=\"summary_large_image\" \/>\n<meta name=\"twitter:creator\" content=\"@radioljubuski\" \/>\n<meta name=\"twitter:site\" content=\"@radioljubuski\" \/>\n<meta name=\"twitter:label1\" content=\"Napisao\/la\" \/>\n\t<meta name=\"twitter:data1\" content=\"Radio Ljubu\u0161ki\" \/>\n\t<meta name=\"twitter:label2\" content=\"Procijenjeno vrijeme \u010ditanja\" \/>\n\t<meta name=\"twitter:data2\" content=\"2 minute\" \/>\n<script type=\"application\/ld+json\" class=\"yoast-schema-graph\">{\"@context\":\"https:\\\/\\\/schema.org\",\"@graph\":[{\"@type\":\"Article\",\"@id\":\"https:\\\/\\\/radioljubuski.ba\\\/index.php\\\/2022\\\/03\\\/06\\\/zzh-razgovaralo-se-o-osnivanju-turistickih-zajednica-u-sirokom-brijegu-grudama-i-posusju\\\/#article\",\"isPartOf\":{\"@id\":\"https:\\\/\\\/radioljubuski.ba\\\/index.php\\\/2022\\\/03\\\/06\\\/zzh-razgovaralo-se-o-osnivanju-turistickih-zajednica-u-sirokom-brijegu-grudama-i-posusju\\\/\"},\"author\":{\"name\":\"Radio Ljubu\u0161ki\",\"@id\":\"https:\\\/\\\/radioljubuski.ba\\\/#\\\/schema\\\/person\\\/19fc700381a780f69665d7956c469e3b\"},\"headline\":\"\u017dZH: Razgovaralo se o osnivanju turisti\u010dkih zajednica u \u0160irokom Brijegu, Grudama i Posu\u0161ju\",\"datePublished\":\"2022-03-06T15:08:14+00:00\",\"dateModified\":\"2022-03-06T15:08:15+00:00\",\"mainEntityOfPage\":{\"@id\":\"https:\\\/\\\/radioljubuski.ba\\\/index.php\\\/2022\\\/03\\\/06\\\/zzh-razgovaralo-se-o-osnivanju-turistickih-zajednica-u-sirokom-brijegu-grudama-i-posusju\\\/\"},\"wordCount\":457,\"publisher\":{\"@id\":\"https:\\\/\\\/radioljubuski.ba\\\/#organization\"},\"image\":{\"@id\":\"https:\\\/\\\/radioljubuski.ba\\\/index.php\\\/2022\\\/03\\\/06\\\/zzh-razgovaralo-se-o-osnivanju-turistickih-zajednica-u-sirokom-brijegu-grudama-i-posusju\\\/#primaryimage\"},\"thumbnailUrl\":\"https:\\\/\\\/radioljubuski.ba\\\/wp-content\\\/uploads\\\/2021\\\/03\\\/vlada-zzh.jpg\",\"articleSection\":[\"BIH i regija\"],\"inLanguage\":\"hr\"},{\"@type\":\"WebPage\",\"@id\":\"https:\\\/\\\/radioljubuski.ba\\\/index.php\\\/2022\\\/03\\\/06\\\/zzh-razgovaralo-se-o-osnivanju-turistickih-zajednica-u-sirokom-brijegu-grudama-i-posusju\\\/\",\"url\":\"https:\\\/\\\/radioljubuski.ba\\\/index.php\\\/2022\\\/03\\\/06\\\/zzh-razgovaralo-se-o-osnivanju-turistickih-zajednica-u-sirokom-brijegu-grudama-i-posusju\\\/\",\"name\":\"\u017dZH: Razgovaralo se o osnivanju turisti\u010dkih zajednica u \u0160irokom Brijegu, Grudama i Posu\u0161ju - RADIO LJUBU\u0160KI\",\"isPartOf\":{\"@id\":\"https:\\\/\\\/radioljubuski.ba\\\/#website\"},\"primaryImageOfPage\":{\"@id\":\"https:\\\/\\\/radioljubuski.ba\\\/index.php\\\/2022\\\/03\\\/06\\\/zzh-razgovaralo-se-o-osnivanju-turistickih-zajednica-u-sirokom-brijegu-grudama-i-posusju\\\/#primaryimage\"},\"image\":{\"@id\":\"https:\\\/\\\/radioljubuski.ba\\\/index.php\\\/2022\\\/03\\\/06\\\/zzh-razgovaralo-se-o-osnivanju-turistickih-zajednica-u-sirokom-brijegu-grudama-i-posusju\\\/#primaryimage\"},\"thumbnailUrl\":\"https:\\\/\\\/radioljubuski.ba\\\/wp-content\\\/uploads\\\/2021\\\/03\\\/vlada-zzh.jpg\",\"datePublished\":\"2022-03-06T15:08:14+00:00\",\"dateModified\":\"2022-03-06T15:08:15+00:00\",\"breadcrumb\":{\"@id\":\"https:\\\/\\\/radioljubuski.ba\\\/index.php\\\/2022\\\/03\\\/06\\\/zzh-razgovaralo-se-o-osnivanju-turistickih-zajednica-u-sirokom-brijegu-grudama-i-posusju\\\/#breadcrumb\"},\"inLanguage\":\"hr\",\"potentialAction\":[{\"@type\":\"ReadAction\",\"target\":[\"https:\\\/\\\/radioljubuski.ba\\\/index.php\\\/2022\\\/03\\\/06\\\/zzh-razgovaralo-se-o-osnivanju-turistickih-zajednica-u-sirokom-brijegu-grudama-i-posusju\\\/\"]}]},{\"@type\":\"ImageObject\",\"inLanguage\":\"hr\",\"@id\":\"https:\\\/\\\/radioljubuski.ba\\\/index.php\\\/2022\\\/03\\\/06\\\/zzh-razgovaralo-se-o-osnivanju-turistickih-zajednica-u-sirokom-brijegu-grudama-i-posusju\\\/#primaryimage\",\"url\":\"https:\\\/\\\/radioljubuski.ba\\\/wp-content\\\/uploads\\\/2021\\\/03\\\/vlada-zzh.jpg\",\"contentUrl\":\"https:\\\/\\\/radioljubuski.ba\\\/wp-content\\\/uploads\\\/2021\\\/03\\\/vlada-zzh.jpg\",\"width\":900,\"height\":500},{\"@type\":\"BreadcrumbList\",\"@id\":\"https:\\\/\\\/radioljubuski.ba\\\/index.php\\\/2022\\\/03\\\/06\\\/zzh-razgovaralo-se-o-osnivanju-turistickih-zajednica-u-sirokom-brijegu-grudama-i-posusju\\\/#breadcrumb\",\"itemListElement\":[{\"@type\":\"ListItem\",\"position\":1,\"name\":\"Po\u010detna stranica\",\"item\":\"https:\\\/\\\/radioljubuski.ba\\\/\"},{\"@type\":\"ListItem\",\"position\":2,\"name\":\"\u017dZH: Razgovaralo se o osnivanju turisti\u010dkih zajednica u \u0160irokom Brijegu, Grudama i Posu\u0161ju\"}]},{\"@type\":\"WebSite\",\"@id\":\"https:\\\/\\\/radioljubuski.ba\\\/#website\",\"url\":\"https:\\\/\\\/radioljubuski.ba\\\/\",\"name\":\"Radio Ljubu\u0161ki\",\"description\":\"Sun\u010dana frekvencija Hercegovine\",\"publisher\":{\"@id\":\"https:\\\/\\\/radioljubuski.ba\\\/#organization\"},\"potentialAction\":[{\"@type\":\"SearchAction\",\"target\":{\"@type\":\"EntryPoint\",\"urlTemplate\":\"https:\\\/\\\/radioljubuski.ba\\\/?s={search_term_string}\"},\"query-input\":{\"@type\":\"PropertyValueSpecification\",\"valueRequired\":true,\"valueName\":\"search_term_string\"}}],\"inLanguage\":\"hr\"},{\"@type\":\"Organization\",\"@id\":\"https:\\\/\\\/radioljubuski.ba\\\/#organization\",\"name\":\"Radio Ljubu\u0161ki\",\"url\":\"https:\\\/\\\/radioljubuski.ba\\\/\",\"logo\":{\"@type\":\"ImageObject\",\"inLanguage\":\"hr\",\"@id\":\"https:\\\/\\\/radioljubuski.ba\\\/#\\\/schema\\\/logo\\\/image\\\/\",\"url\":\"https:\\\/\\\/radioljubuski.ba\\\/wp-content\\\/uploads\\\/2021\\\/02\\\/cropped-Radio_Ljubuski_logo1.jpg\",\"contentUrl\":\"https:\\\/\\\/radioljubuski.ba\\\/wp-content\\\/uploads\\\/2021\\\/02\\\/cropped-Radio_Ljubuski_logo1.jpg\",\"width\":512,\"height\":512,\"caption\":\"Radio Ljubu\u0161ki\"},\"image\":{\"@id\":\"https:\\\/\\\/radioljubuski.ba\\\/#\\\/schema\\\/logo\\\/image\\\/\"},\"sameAs\":[\"https:\\\/\\\/www.facebook.com\\\/Radiio-Ljubuski-1490835324566332\",\"https:\\\/\\\/x.com\\\/radioljubuski\",\"https:\\\/\\\/hr.linkedin.com\\\/company\\\/radio-ljubuski\",\"https:\\\/\\\/www.youtube.com\\\/channel\\\/UCHYaeO_n0Db3tjNGudGpXyw\"]},{\"@type\":\"Person\",\"@id\":\"https:\\\/\\\/radioljubuski.ba\\\/#\\\/schema\\\/person\\\/19fc700381a780f69665d7956c469e3b\",\"name\":\"Radio Ljubu\u0161ki\"}]}<\/script>\n<!-- \/ Yoast SEO plugin. -->","yoast_head_json":{"title":"\u017dZH: Razgovaralo se o osnivanju turisti\u010dkih zajednica u \u0160irokom Brijegu, Grudama i Posu\u0161ju - RADIO LJUBU\u0160KI","robots":{"index":"index","follow":"follow","max-snippet":"max-snippet:-1","max-image-preview":"max-image-preview:large","max-video-preview":"max-video-preview:-1"},"canonical":"https:\/\/radioljubuski.ba\/index.php\/2022\/03\/06\/zzh-razgovaralo-se-o-osnivanju-turistickih-zajednica-u-sirokom-brijegu-grudama-i-posusju\/","og_locale":"hr_HR","og_type":"article","og_title":"\u017dZH: Razgovaralo se o osnivanju turisti\u010dkih zajednica u \u0160irokom Brijegu, Grudama i Posu\u0161ju - RADIO LJUBU\u0160KI","og_description":"U zgradi Vlade \u017dZH, proteklog tjedna, odr\u017eana je dvanaesta sjednica Vije\u0107a za razvojno planiranje i upravljanje razvojem u \u017dZH \u010diji su \u010dlanovi predsjednik Vlade \u017dZH, ministri financija i gospodarstva \u017dZH, gradona\u010delnici \u0160irokog Brijega i Ljubu\u0161kog i na\u010delnici Posu\u0161ja i Gruda. Na ovom sastanku predstavljen je Prijedlog \/Smjernice za planiranje rada \u017eupanijskih tijela za razdoblje 2023.-2025. [&hellip;]","og_url":"https:\/\/radioljubuski.ba\/index.php\/2022\/03\/06\/zzh-razgovaralo-se-o-osnivanju-turistickih-zajednica-u-sirokom-brijegu-grudama-i-posusju\/","og_site_name":"RADIO LJUBU\u0160KI","article_publisher":"https:\/\/www.facebook.com\/Radiio-Ljubuski-1490835324566332","article_published_time":"2022-03-06T15:08:14+00:00","article_modified_time":"2022-03-06T15:08:15+00:00","og_image":[{"width":900,"height":500,"url":"https:\/\/radioljubuski.ba\/wp-content\/uploads\/2021\/03\/vlada-zzh.jpg","type":"image\/jpeg"}],"author":"Radio Ljubu\u0161ki","twitter_card":"summary_large_image","twitter_creator":"@radioljubuski","twitter_site":"@radioljubuski","twitter_misc":{"Napisao\/la":"Radio Ljubu\u0161ki","Procijenjeno vrijeme \u010ditanja":"2 minute"},"schema":{"@context":"https:\/\/schema.org","@graph":[{"@type":"Article","@id":"https:\/\/radioljubuski.ba\/index.php\/2022\/03\/06\/zzh-razgovaralo-se-o-osnivanju-turistickih-zajednica-u-sirokom-brijegu-grudama-i-posusju\/#article","isPartOf":{"@id":"https:\/\/radioljubuski.ba\/index.php\/2022\/03\/06\/zzh-razgovaralo-se-o-osnivanju-turistickih-zajednica-u-sirokom-brijegu-grudama-i-posusju\/"},"author":{"name":"Radio Ljubu\u0161ki","@id":"https:\/\/radioljubuski.ba\/#\/schema\/person\/19fc700381a780f69665d7956c469e3b"},"headline":"\u017dZH: Razgovaralo se o osnivanju turisti\u010dkih zajednica u \u0160irokom Brijegu, Grudama i Posu\u0161ju","datePublished":"2022-03-06T15:08:14+00:00","dateModified":"2022-03-06T15:08:15+00:00","mainEntityOfPage":{"@id":"https:\/\/radioljubuski.ba\/index.php\/2022\/03\/06\/zzh-razgovaralo-se-o-osnivanju-turistickih-zajednica-u-sirokom-brijegu-grudama-i-posusju\/"},"wordCount":457,"publisher":{"@id":"https:\/\/radioljubuski.ba\/#organization"},"image":{"@id":"https:\/\/radioljubuski.ba\/index.php\/2022\/03\/06\/zzh-razgovaralo-se-o-osnivanju-turistickih-zajednica-u-sirokom-brijegu-grudama-i-posusju\/#primaryimage"},"thumbnailUrl":"https:\/\/radioljubuski.ba\/wp-content\/uploads\/2021\/03\/vlada-zzh.jpg","articleSection":["BIH i regija"],"inLanguage":"hr"},{"@type":"WebPage","@id":"https:\/\/radioljubuski.ba\/index.php\/2022\/03\/06\/zzh-razgovaralo-se-o-osnivanju-turistickih-zajednica-u-sirokom-brijegu-grudama-i-posusju\/","url":"https:\/\/radioljubuski.ba\/index.php\/2022\/03\/06\/zzh-razgovaralo-se-o-osnivanju-turistickih-zajednica-u-sirokom-brijegu-grudama-i-posusju\/","name":"\u017dZH: Razgovaralo se o osnivanju turisti\u010dkih zajednica u \u0160irokom Brijegu, Grudama i Posu\u0161ju - RADIO LJUBU\u0160KI","isPartOf":{"@id":"https:\/\/radioljubuski.ba\/#website"},"primaryImageOfPage":{"@id":"https:\/\/radioljubuski.ba\/index.php\/2022\/03\/06\/zzh-razgovaralo-se-o-osnivanju-turistickih-zajednica-u-sirokom-brijegu-grudama-i-posusju\/#primaryimage"},"image":{"@id":"https:\/\/radioljubuski.ba\/index.php\/2022\/03\/06\/zzh-razgovaralo-se-o-osnivanju-turistickih-zajednica-u-sirokom-brijegu-grudama-i-posusju\/#primaryimage"},"thumbnailUrl":"https:\/\/radioljubuski.ba\/wp-content\/uploads\/2021\/03\/vlada-zzh.jpg","datePublished":"2022-03-06T15:08:14+00:00","dateModified":"2022-03-06T15:08:15+00:00","breadcrumb":{"@id":"https:\/\/radioljubuski.ba\/index.php\/2022\/03\/06\/zzh-razgovaralo-se-o-osnivanju-turistickih-zajednica-u-sirokom-brijegu-grudama-i-posusju\/#breadcrumb"},"inLanguage":"hr","potentialAction":[{"@type":"ReadAction","target":["https:\/\/radioljubuski.ba\/index.php\/2022\/03\/06\/zzh-razgovaralo-se-o-osnivanju-turistickih-zajednica-u-sirokom-brijegu-grudama-i-posusju\/"]}]},{"@type":"ImageObject","inLanguage":"hr","@id":"https:\/\/radioljubuski.ba\/index.php\/2022\/03\/06\/zzh-razgovaralo-se-o-osnivanju-turistickih-zajednica-u-sirokom-brijegu-grudama-i-posusju\/#primaryimage","url":"https:\/\/radioljubuski.ba\/wp-content\/uploads\/2021\/03\/vlada-zzh.jpg","contentUrl":"https:\/\/radioljubuski.ba\/wp-content\/uploads\/2021\/03\/vlada-zzh.jpg","width":900,"height":500},{"@type":"BreadcrumbList","@id":"https:\/\/radioljubuski.ba\/index.php\/2022\/03\/06\/zzh-razgovaralo-se-o-osnivanju-turistickih-zajednica-u-sirokom-brijegu-grudama-i-posusju\/#breadcrumb","itemListElement":[{"@type":"ListItem","position":1,"name":"Po\u010detna stranica","item":"https:\/\/radioljubuski.ba\/"},{"@type":"ListItem","position":2,"name":"\u017dZH: Razgovaralo se o osnivanju turisti\u010dkih zajednica u \u0160irokom Brijegu, Grudama i Posu\u0161ju"}]},{"@type":"WebSite","@id":"https:\/\/radioljubuski.ba\/#website","url":"https:\/\/radioljubuski.ba\/","name":"Radio Ljubu\u0161ki","description":"Sun\u010dana frekvencija Hercegovine","publisher":{"@id":"https:\/\/radioljubuski.ba\/#organization"},"potentialAction":[{"@type":"SearchAction","target":{"@type":"EntryPoint","urlTemplate":"https:\/\/radioljubuski.ba\/?s={search_term_string}"},"query-input":{"@type":"PropertyValueSpecification","valueRequired":true,"valueName":"search_term_string"}}],"inLanguage":"hr"},{"@type":"Organization","@id":"https:\/\/radioljubuski.ba\/#organization","name":"Radio Ljubu\u0161ki","url":"https:\/\/radioljubuski.ba\/","logo":{"@type":"ImageObject","inLanguage":"hr","@id":"https:\/\/radioljubuski.ba\/#\/schema\/logo\/image\/","url":"https:\/\/radioljubuski.ba\/wp-content\/uploads\/2021\/02\/cropped-Radio_Ljubuski_logo1.jpg","contentUrl":"https:\/\/radioljubuski.ba\/wp-content\/uploads\/2021\/02\/cropped-Radio_Ljubuski_logo1.jpg","width":512,"height":512,"caption":"Radio Ljubu\u0161ki"},"image":{"@id":"https:\/\/radioljubuski.ba\/#\/schema\/logo\/image\/"},"sameAs":["https:\/\/www.facebook.com\/Radiio-Ljubuski-1490835324566332","https:\/\/x.com\/radioljubuski","https:\/\/hr.linkedin.com\/company\/radio-ljubuski","https:\/\/www.youtube.com\/channel\/UCHYaeO_n0Db3tjNGudGpXyw"]},{"@type":"Person","@id":"https:\/\/radioljubuski.ba\/#\/schema\/person\/19fc700381a780f69665d7956c469e3b","name":"Radio Ljubu\u0161ki"}]}},"_links":{"self":[{"href":"https:\/\/radioljubuski.ba\/index.php\/wp-json\/wp\/v2\/posts\/118712","targetHints":{"allow":["GET"]}}],"collection":[{"href":"https:\/\/radioljubuski.ba\/index.php\/wp-json\/wp\/v2\/posts"}],"about":[{"href":"https:\/\/radioljubuski.ba\/index.php\/wp-json\/wp\/v2\/types\/post"}],"author":[{"embeddable":true,"href":"https:\/\/radioljubuski.ba\/index.php\/wp-json\/wp\/v2\/users\/2"}],"replies":[{"embeddable":true,"href":"https:\/\/radioljubuski.ba\/index.php\/wp-json\/wp\/v2\/comments?post=118712"}],"version-history":[{"count":1,"href":"https:\/\/radioljubuski.ba\/index.php\/wp-json\/wp\/v2\/posts\/118712\/revisions"}],"predecessor-version":[{"id":118713,"href":"https:\/\/radioljubuski.ba\/index.php\/wp-json\/wp\/v2\/posts\/118712\/revisions\/118713"}],"wp:featuredmedia":[{"embeddable":true,"href":"https:\/\/radioljubuski.ba\/index.php\/wp-json\/wp\/v2\/media\/1057"}],"wp:attachment":[{"href":"https:\/\/radioljubuski.ba\/index.php\/wp-json\/wp\/v2\/media?parent=118712"}],"wp:term":[{"taxonomy":"category","embeddable":true,"href":"https:\/\/radioljubuski.ba\/index.php\/wp-json\/wp\/v2\/categories?post=118712"},{"taxonomy":"post_tag","embeddable":true,"href":"https:\/\/radioljubuski.ba\/index.php\/wp-json\/wp\/v2\/tags?post=118712"}],"curies":[{"name":"wp","href":"https:\/\/api.w.org\/{rel}","templated":true}]}}