{"id":118722,"date":"2022-03-06T16:14:25","date_gmt":"2022-03-06T15:14:25","guid":{"rendered":"https:\/\/radioljubuski.ba\/?p=118722"},"modified":"2022-03-06T16:14:26","modified_gmt":"2022-03-06T15:14:26","slug":"odrzana-rekreativna-biciklijada-pocitelj-stolac","status":"publish","type":"post","link":"https:\/\/radioljubuski.ba\/index.php\/2022\/03\/06\/odrzana-rekreativna-biciklijada-pocitelj-stolac\/","title":{"rendered":"Odr\u017eana rekreativna biciklijada Po\u010ditelj &#8211; Stolac"},"content":{"rendered":"\n<p>U okviru projekta \u201e\u0106iro \u2013 staza svjetske ba\u0161tine\u201c u nedjelju je sedamdesetak biciklista sudjelovalo u rekreativnoj biciklijadi na dionici od Po\u010ditelja do Stoca.<\/p>\n\n\n\n<p>Ciklovodi\u010di su upoznali sudionike s kulturnim i povijesnim vrijednostima Po\u010ditelja, Stoca, nekropole ste\u0107aka Radimlja i srednjovjekovnog grada Vido\u0161ki.<\/p>\n\n\n\n<figure class=\"wp-block-image\"><img decoding=\"async\" src=\"https:\/\/storage.pogled.ba\/images\/24a2\/a537\/223406\/original\/8-2022-03-06-15-29-08-ciro.jpg\" alt=\"Po\u010ditelj - Stolac\"\/><\/figure>\n\n\n\n<p>Tijekom 60 kilometara duge ture biciklisti su imali priliku ku\u0161ati doma\u0107e specijalitete lokalnih gospodarstvenika poput smokvare, smokvenjaka, smokvolade, \u010dipsa od japanske jabuke, doma\u0107ih badema i lje\u0161njaka, soka od zove i drenjine, priop\u0107ili su organizatori.<\/p>\n\n\n\n<p>&#8211; Biciklisti su danas istinski u\u017eivali u divnim zimskim pejza\u017eima Hercegovine, ku\u0161ali doma\u0107u hranu i upoznali bogatu kulturu i povijest ovoga kraja. Iskusili su sve \u0161to promovira projekt \u201e\u0106iro \u2013 staza svjetske ba\u0161tine\u201d &#8211; kazao je predsjednik kluba Herzegovina Bike i \u010dlan tima za organizaciju Toni Zori\u0107.<\/p>\n\n\n\n<p>On je pozvao sve zainteresirane da se priklju\u010de sljede\u0107oj biciklijadi koja je planirana za nedjelju, 13. o\u017eujka, na relaciji Hutovo blato \u2013 Ravno. U okviru tog doga\u0111aja bit \u0107e organiziran i obilazak \u0161oilje Vjetrenica.<\/p>\n\n\n\n<p>Projekt \u201e\u0106iro \u2013 staza svjetske ba\u0161tine\u201c, koga financira Europska unija i Vlada SR Njema\u010dke, promovira kulturalni turizam i turizam na otvorenom du\u017e stare \u017eeljezni\u010dke pruge koja povezuje Ravno, \u010capljinu i Mostar.<\/p>\n\n\n\n<p>Cilj projekta je izvr\u0161iti utjecaj na pove\u0107anje broja posjetitelja i pobolj\u0161anje lokalnog gospodarstva, kreiranjem i uvezivanjem sadr\u017eaja i ponude du\u017e biciklisti\u010dke staze.<\/p>\n\n\n\n<p>&#8211; Tijekom provedbe projekta proveden je niz razli\u010ditih aktivnosti koje su pobolj\u0161ale poslovno okru\u017eenje za djelovanje u sektoru turizma na podru\u010dju op\u0107ina i gradova kojima prolazi biciklisti\u010dka staza \u0106iro. Trasiranjem dodatne biciklisti\u010dke staze i op\u0107ina Stolac zna\u010dajnije se uklju\u010dila u razvoj ovog segmenta turizma. Podr\u0161ka je pru\u017eena i javnom i privatnom sektoru kroz nabavku opreme, certificiranjem po bike friendly standardu, te razvojem novih turisti\u010dkih proizvoda \u2013 kazao je Ivica Sivri\u0107, direktor Regionalne razvojne agencije za Hercegovinu REDAH, organizacije koja provodi projekt.<\/p>\n\n\n\n<p>U okviru realizacije projekta posebna je pa\u017enja dana promotivnim i marketin\u0161kim aktivnostima kori\u0161tenjem prvenstveno digitalnih alata, te su tako u sklopu projekta pobolj\u0161ane pojedine web stranice, napravljene su web aplikacija za info bord, nabavljena su dva info borda, te je ura\u0111ena Strategija digitalnog marketinga za podru\u010dje Hercegovine.<\/p>\n\n\n\n<p>Projekt \u201e\u0106iro \u2013 staza svjetske ba\u0161tine\u201c traje 18 mjeseci, a ukupna vrijednost projekta je 738.000 KM od \u010dega Europska unija i Vlada SR Njema\u010dke sufinanciraju 590.000 KM kroz EU4Business projekt.<\/p>\n\n\n\n<p>Projekt EU4Business, koji poti\u010de razvoj poduzetni\u0161tva, izvozno orijentiranih sektora, turizma i poljoprivrede, kao i ruralni razvoj, financira Europska unija s 15 milijuna eura i Savezna Republika Njema\u010dka s 1,1 miliona eura. EU4Business zajedno provode GIZ, ILO i UNDP, od travnja 2018. godine do o\u017eujka 2022. godine.<\/p>\n\n\n\n<p>Izvor:pogled.ba<\/p>\n","protected":false},"excerpt":{"rendered":"<p>U okviru projekta \u201e\u0106iro \u2013 staza svjetske ba\u0161tine\u201c u nedjelju je sedamdesetak biciklista sudjelovalo u rekreativnoj biciklijadi na dionici od Po\u010ditelja do Stoca. Ciklovodi\u010di su upoznali sudionike s kulturnim i povijesnim vrijednostima Po\u010ditelja, Stoca, nekropole ste\u0107aka Radimlja i srednjovjekovnog grada Vido\u0161ki. Tijekom 60 kilometara duge ture biciklisti su imali priliku ku\u0161ati doma\u0107e specijalitete lokalnih gospodarstvenika [&hellip;]<\/p>\n","protected":false},"author":2,"featured_media":118723,"comment_status":"closed","ping_status":"closed","sticky":false,"template":"","format":"standard","meta":{"h5ap_radio_sources":[],"footnotes":""},"categories":[1],"tags":[],"class_list":["post-118722","post","type-post","status-publish","format-standard","has-post-thumbnail","hentry","category-bihiregija"],"yoast_head":"<!-- This site is optimized with the Yoast SEO plugin v27.5 - https:\/\/yoast.com\/product\/yoast-seo-wordpress\/ -->\n<title>Odr\u017eana rekreativna biciklijada Po\u010ditelj - Stolac - RADIO LJUBU\u0160KI<\/title>\n<meta name=\"robots\" content=\"index, follow, max-snippet:-1, max-image-preview:large, max-video-preview:-1\" \/>\n<link rel=\"canonical\" href=\"https:\/\/radioljubuski.ba\/index.php\/2022\/03\/06\/odrzana-rekreativna-biciklijada-pocitelj-stolac\/\" \/>\n<meta property=\"og:locale\" content=\"hr_HR\" \/>\n<meta property=\"og:type\" content=\"article\" \/>\n<meta property=\"og:title\" content=\"Odr\u017eana rekreativna biciklijada Po\u010ditelj - Stolac - RADIO LJUBU\u0160KI\" \/>\n<meta property=\"og:description\" content=\"U okviru projekta \u201e\u0106iro \u2013 staza svjetske ba\u0161tine\u201c u nedjelju je sedamdesetak biciklista sudjelovalo u rekreativnoj biciklijadi na dionici od Po\u010ditelja do Stoca. Ciklovodi\u010di su upoznali sudionike s kulturnim i povijesnim vrijednostima Po\u010ditelja, Stoca, nekropole ste\u0107aka Radimlja i srednjovjekovnog grada Vido\u0161ki. Tijekom 60 kilometara duge ture biciklisti su imali priliku ku\u0161ati doma\u0107e specijalitete lokalnih gospodarstvenika [&hellip;]\" \/>\n<meta property=\"og:url\" content=\"https:\/\/radioljubuski.ba\/index.php\/2022\/03\/06\/odrzana-rekreativna-biciklijada-pocitelj-stolac\/\" \/>\n<meta property=\"og:site_name\" content=\"RADIO LJUBU\u0160KI\" \/>\n<meta property=\"article:publisher\" content=\"https:\/\/www.facebook.com\/Radiio-Ljubuski-1490835324566332\" \/>\n<meta property=\"article:published_time\" content=\"2022-03-06T15:14:25+00:00\" \/>\n<meta property=\"article:modified_time\" content=\"2022-03-06T15:14:26+00:00\" \/>\n<meta property=\"og:image\" content=\"https:\/\/radioljubuski.ba\/wp-content\/uploads\/2022\/03\/8-2022-03-06-14-57-04-Biciklijada-Ciro-Staza-svjetske-bastine-Pocitelj-2.jpg\" \/>\n\t<meta property=\"og:image:width\" content=\"1000\" \/>\n\t<meta property=\"og:image:height\" content=\"625\" \/>\n\t<meta property=\"og:image:type\" content=\"image\/jpeg\" \/>\n<meta name=\"author\" content=\"Radio Ljubu\u0161ki\" \/>\n<meta name=\"twitter:card\" content=\"summary_large_image\" \/>\n<meta name=\"twitter:creator\" content=\"@radioljubuski\" \/>\n<meta name=\"twitter:site\" content=\"@radioljubuski\" \/>\n<meta name=\"twitter:label1\" content=\"Napisao\/la\" \/>\n\t<meta name=\"twitter:data1\" content=\"Radio Ljubu\u0161ki\" \/>\n\t<meta name=\"twitter:label2\" content=\"Procijenjeno vrijeme \u010ditanja\" \/>\n\t<meta name=\"twitter:data2\" content=\"2 minute\" \/>\n<script type=\"application\/ld+json\" class=\"yoast-schema-graph\">{\"@context\":\"https:\\\/\\\/schema.org\",\"@graph\":[{\"@type\":\"Article\",\"@id\":\"https:\\\/\\\/radioljubuski.ba\\\/index.php\\\/2022\\\/03\\\/06\\\/odrzana-rekreativna-biciklijada-pocitelj-stolac\\\/#article\",\"isPartOf\":{\"@id\":\"https:\\\/\\\/radioljubuski.ba\\\/index.php\\\/2022\\\/03\\\/06\\\/odrzana-rekreativna-biciklijada-pocitelj-stolac\\\/\"},\"author\":{\"name\":\"Radio Ljubu\u0161ki\",\"@id\":\"https:\\\/\\\/radioljubuski.ba\\\/#\\\/schema\\\/person\\\/19fc700381a780f69665d7956c469e3b\"},\"headline\":\"Odr\u017eana rekreativna biciklijada Po\u010ditelj &#8211; Stolac\",\"datePublished\":\"2022-03-06T15:14:25+00:00\",\"dateModified\":\"2022-03-06T15:14:26+00:00\",\"mainEntityOfPage\":{\"@id\":\"https:\\\/\\\/radioljubuski.ba\\\/index.php\\\/2022\\\/03\\\/06\\\/odrzana-rekreativna-biciklijada-pocitelj-stolac\\\/\"},\"wordCount\":465,\"publisher\":{\"@id\":\"https:\\\/\\\/radioljubuski.ba\\\/#organization\"},\"image\":{\"@id\":\"https:\\\/\\\/radioljubuski.ba\\\/index.php\\\/2022\\\/03\\\/06\\\/odrzana-rekreativna-biciklijada-pocitelj-stolac\\\/#primaryimage\"},\"thumbnailUrl\":\"https:\\\/\\\/radioljubuski.ba\\\/wp-content\\\/uploads\\\/2022\\\/03\\\/8-2022-03-06-14-57-04-Biciklijada-Ciro-Staza-svjetske-bastine-Pocitelj-2.jpg\",\"articleSection\":[\"BIH i regija\"],\"inLanguage\":\"hr\"},{\"@type\":\"WebPage\",\"@id\":\"https:\\\/\\\/radioljubuski.ba\\\/index.php\\\/2022\\\/03\\\/06\\\/odrzana-rekreativna-biciklijada-pocitelj-stolac\\\/\",\"url\":\"https:\\\/\\\/radioljubuski.ba\\\/index.php\\\/2022\\\/03\\\/06\\\/odrzana-rekreativna-biciklijada-pocitelj-stolac\\\/\",\"name\":\"Odr\u017eana rekreativna biciklijada Po\u010ditelj - Stolac - RADIO LJUBU\u0160KI\",\"isPartOf\":{\"@id\":\"https:\\\/\\\/radioljubuski.ba\\\/#website\"},\"primaryImageOfPage\":{\"@id\":\"https:\\\/\\\/radioljubuski.ba\\\/index.php\\\/2022\\\/03\\\/06\\\/odrzana-rekreativna-biciklijada-pocitelj-stolac\\\/#primaryimage\"},\"image\":{\"@id\":\"https:\\\/\\\/radioljubuski.ba\\\/index.php\\\/2022\\\/03\\\/06\\\/odrzana-rekreativna-biciklijada-pocitelj-stolac\\\/#primaryimage\"},\"thumbnailUrl\":\"https:\\\/\\\/radioljubuski.ba\\\/wp-content\\\/uploads\\\/2022\\\/03\\\/8-2022-03-06-14-57-04-Biciklijada-Ciro-Staza-svjetske-bastine-Pocitelj-2.jpg\",\"datePublished\":\"2022-03-06T15:14:25+00:00\",\"dateModified\":\"2022-03-06T15:14:26+00:00\",\"breadcrumb\":{\"@id\":\"https:\\\/\\\/radioljubuski.ba\\\/index.php\\\/2022\\\/03\\\/06\\\/odrzana-rekreativna-biciklijada-pocitelj-stolac\\\/#breadcrumb\"},\"inLanguage\":\"hr\",\"potentialAction\":[{\"@type\":\"ReadAction\",\"target\":[\"https:\\\/\\\/radioljubuski.ba\\\/index.php\\\/2022\\\/03\\\/06\\\/odrzana-rekreativna-biciklijada-pocitelj-stolac\\\/\"]}]},{\"@type\":\"ImageObject\",\"inLanguage\":\"hr\",\"@id\":\"https:\\\/\\\/radioljubuski.ba\\\/index.php\\\/2022\\\/03\\\/06\\\/odrzana-rekreativna-biciklijada-pocitelj-stolac\\\/#primaryimage\",\"url\":\"https:\\\/\\\/radioljubuski.ba\\\/wp-content\\\/uploads\\\/2022\\\/03\\\/8-2022-03-06-14-57-04-Biciklijada-Ciro-Staza-svjetske-bastine-Pocitelj-2.jpg\",\"contentUrl\":\"https:\\\/\\\/radioljubuski.ba\\\/wp-content\\\/uploads\\\/2022\\\/03\\\/8-2022-03-06-14-57-04-Biciklijada-Ciro-Staza-svjetske-bastine-Pocitelj-2.jpg\",\"width\":1000,\"height\":625},{\"@type\":\"BreadcrumbList\",\"@id\":\"https:\\\/\\\/radioljubuski.ba\\\/index.php\\\/2022\\\/03\\\/06\\\/odrzana-rekreativna-biciklijada-pocitelj-stolac\\\/#breadcrumb\",\"itemListElement\":[{\"@type\":\"ListItem\",\"position\":1,\"name\":\"Po\u010detna stranica\",\"item\":\"https:\\\/\\\/radioljubuski.ba\\\/\"},{\"@type\":\"ListItem\",\"position\":2,\"name\":\"Odr\u017eana rekreativna biciklijada Po\u010ditelj &#8211; Stolac\"}]},{\"@type\":\"WebSite\",\"@id\":\"https:\\\/\\\/radioljubuski.ba\\\/#website\",\"url\":\"https:\\\/\\\/radioljubuski.ba\\\/\",\"name\":\"Radio Ljubu\u0161ki\",\"description\":\"Sun\u010dana frekvencija Hercegovine\",\"publisher\":{\"@id\":\"https:\\\/\\\/radioljubuski.ba\\\/#organization\"},\"potentialAction\":[{\"@type\":\"SearchAction\",\"target\":{\"@type\":\"EntryPoint\",\"urlTemplate\":\"https:\\\/\\\/radioljubuski.ba\\\/?s={search_term_string}\"},\"query-input\":{\"@type\":\"PropertyValueSpecification\",\"valueRequired\":true,\"valueName\":\"search_term_string\"}}],\"inLanguage\":\"hr\"},{\"@type\":\"Organization\",\"@id\":\"https:\\\/\\\/radioljubuski.ba\\\/#organization\",\"name\":\"Radio Ljubu\u0161ki\",\"url\":\"https:\\\/\\\/radioljubuski.ba\\\/\",\"logo\":{\"@type\":\"ImageObject\",\"inLanguage\":\"hr\",\"@id\":\"https:\\\/\\\/radioljubuski.ba\\\/#\\\/schema\\\/logo\\\/image\\\/\",\"url\":\"https:\\\/\\\/radioljubuski.ba\\\/wp-content\\\/uploads\\\/2021\\\/02\\\/cropped-Radio_Ljubuski_logo1.jpg\",\"contentUrl\":\"https:\\\/\\\/radioljubuski.ba\\\/wp-content\\\/uploads\\\/2021\\\/02\\\/cropped-Radio_Ljubuski_logo1.jpg\",\"width\":512,\"height\":512,\"caption\":\"Radio Ljubu\u0161ki\"},\"image\":{\"@id\":\"https:\\\/\\\/radioljubuski.ba\\\/#\\\/schema\\\/logo\\\/image\\\/\"},\"sameAs\":[\"https:\\\/\\\/www.facebook.com\\\/Radiio-Ljubuski-1490835324566332\",\"https:\\\/\\\/x.com\\\/radioljubuski\",\"https:\\\/\\\/hr.linkedin.com\\\/company\\\/radio-ljubuski\",\"https:\\\/\\\/www.youtube.com\\\/channel\\\/UCHYaeO_n0Db3tjNGudGpXyw\"]},{\"@type\":\"Person\",\"@id\":\"https:\\\/\\\/radioljubuski.ba\\\/#\\\/schema\\\/person\\\/19fc700381a780f69665d7956c469e3b\",\"name\":\"Radio Ljubu\u0161ki\"}]}<\/script>\n<!-- \/ Yoast SEO plugin. -->","yoast_head_json":{"title":"Odr\u017eana rekreativna biciklijada Po\u010ditelj - Stolac - RADIO LJUBU\u0160KI","robots":{"index":"index","follow":"follow","max-snippet":"max-snippet:-1","max-image-preview":"max-image-preview:large","max-video-preview":"max-video-preview:-1"},"canonical":"https:\/\/radioljubuski.ba\/index.php\/2022\/03\/06\/odrzana-rekreativna-biciklijada-pocitelj-stolac\/","og_locale":"hr_HR","og_type":"article","og_title":"Odr\u017eana rekreativna biciklijada Po\u010ditelj - Stolac - RADIO LJUBU\u0160KI","og_description":"U okviru projekta \u201e\u0106iro \u2013 staza svjetske ba\u0161tine\u201c u nedjelju je sedamdesetak biciklista sudjelovalo u rekreativnoj biciklijadi na dionici od Po\u010ditelja do Stoca. Ciklovodi\u010di su upoznali sudionike s kulturnim i povijesnim vrijednostima Po\u010ditelja, Stoca, nekropole ste\u0107aka Radimlja i srednjovjekovnog grada Vido\u0161ki. Tijekom 60 kilometara duge ture biciklisti su imali priliku ku\u0161ati doma\u0107e specijalitete lokalnih gospodarstvenika [&hellip;]","og_url":"https:\/\/radioljubuski.ba\/index.php\/2022\/03\/06\/odrzana-rekreativna-biciklijada-pocitelj-stolac\/","og_site_name":"RADIO LJUBU\u0160KI","article_publisher":"https:\/\/www.facebook.com\/Radiio-Ljubuski-1490835324566332","article_published_time":"2022-03-06T15:14:25+00:00","article_modified_time":"2022-03-06T15:14:26+00:00","og_image":[{"width":1000,"height":625,"url":"https:\/\/radioljubuski.ba\/wp-content\/uploads\/2022\/03\/8-2022-03-06-14-57-04-Biciklijada-Ciro-Staza-svjetske-bastine-Pocitelj-2.jpg","type":"image\/jpeg"}],"author":"Radio Ljubu\u0161ki","twitter_card":"summary_large_image","twitter_creator":"@radioljubuski","twitter_site":"@radioljubuski","twitter_misc":{"Napisao\/la":"Radio Ljubu\u0161ki","Procijenjeno vrijeme \u010ditanja":"2 minute"},"schema":{"@context":"https:\/\/schema.org","@graph":[{"@type":"Article","@id":"https:\/\/radioljubuski.ba\/index.php\/2022\/03\/06\/odrzana-rekreativna-biciklijada-pocitelj-stolac\/#article","isPartOf":{"@id":"https:\/\/radioljubuski.ba\/index.php\/2022\/03\/06\/odrzana-rekreativna-biciklijada-pocitelj-stolac\/"},"author":{"name":"Radio Ljubu\u0161ki","@id":"https:\/\/radioljubuski.ba\/#\/schema\/person\/19fc700381a780f69665d7956c469e3b"},"headline":"Odr\u017eana rekreativna biciklijada Po\u010ditelj &#8211; Stolac","datePublished":"2022-03-06T15:14:25+00:00","dateModified":"2022-03-06T15:14:26+00:00","mainEntityOfPage":{"@id":"https:\/\/radioljubuski.ba\/index.php\/2022\/03\/06\/odrzana-rekreativna-biciklijada-pocitelj-stolac\/"},"wordCount":465,"publisher":{"@id":"https:\/\/radioljubuski.ba\/#organization"},"image":{"@id":"https:\/\/radioljubuski.ba\/index.php\/2022\/03\/06\/odrzana-rekreativna-biciklijada-pocitelj-stolac\/#primaryimage"},"thumbnailUrl":"https:\/\/radioljubuski.ba\/wp-content\/uploads\/2022\/03\/8-2022-03-06-14-57-04-Biciklijada-Ciro-Staza-svjetske-bastine-Pocitelj-2.jpg","articleSection":["BIH i regija"],"inLanguage":"hr"},{"@type":"WebPage","@id":"https:\/\/radioljubuski.ba\/index.php\/2022\/03\/06\/odrzana-rekreativna-biciklijada-pocitelj-stolac\/","url":"https:\/\/radioljubuski.ba\/index.php\/2022\/03\/06\/odrzana-rekreativna-biciklijada-pocitelj-stolac\/","name":"Odr\u017eana rekreativna biciklijada Po\u010ditelj - Stolac - RADIO LJUBU\u0160KI","isPartOf":{"@id":"https:\/\/radioljubuski.ba\/#website"},"primaryImageOfPage":{"@id":"https:\/\/radioljubuski.ba\/index.php\/2022\/03\/06\/odrzana-rekreativna-biciklijada-pocitelj-stolac\/#primaryimage"},"image":{"@id":"https:\/\/radioljubuski.ba\/index.php\/2022\/03\/06\/odrzana-rekreativna-biciklijada-pocitelj-stolac\/#primaryimage"},"thumbnailUrl":"https:\/\/radioljubuski.ba\/wp-content\/uploads\/2022\/03\/8-2022-03-06-14-57-04-Biciklijada-Ciro-Staza-svjetske-bastine-Pocitelj-2.jpg","datePublished":"2022-03-06T15:14:25+00:00","dateModified":"2022-03-06T15:14:26+00:00","breadcrumb":{"@id":"https:\/\/radioljubuski.ba\/index.php\/2022\/03\/06\/odrzana-rekreativna-biciklijada-pocitelj-stolac\/#breadcrumb"},"inLanguage":"hr","potentialAction":[{"@type":"ReadAction","target":["https:\/\/radioljubuski.ba\/index.php\/2022\/03\/06\/odrzana-rekreativna-biciklijada-pocitelj-stolac\/"]}]},{"@type":"ImageObject","inLanguage":"hr","@id":"https:\/\/radioljubuski.ba\/index.php\/2022\/03\/06\/odrzana-rekreativna-biciklijada-pocitelj-stolac\/#primaryimage","url":"https:\/\/radioljubuski.ba\/wp-content\/uploads\/2022\/03\/8-2022-03-06-14-57-04-Biciklijada-Ciro-Staza-svjetske-bastine-Pocitelj-2.jpg","contentUrl":"https:\/\/radioljubuski.ba\/wp-content\/uploads\/2022\/03\/8-2022-03-06-14-57-04-Biciklijada-Ciro-Staza-svjetske-bastine-Pocitelj-2.jpg","width":1000,"height":625},{"@type":"BreadcrumbList","@id":"https:\/\/radioljubuski.ba\/index.php\/2022\/03\/06\/odrzana-rekreativna-biciklijada-pocitelj-stolac\/#breadcrumb","itemListElement":[{"@type":"ListItem","position":1,"name":"Po\u010detna stranica","item":"https:\/\/radioljubuski.ba\/"},{"@type":"ListItem","position":2,"name":"Odr\u017eana rekreativna biciklijada Po\u010ditelj &#8211; Stolac"}]},{"@type":"WebSite","@id":"https:\/\/radioljubuski.ba\/#website","url":"https:\/\/radioljubuski.ba\/","name":"Radio Ljubu\u0161ki","description":"Sun\u010dana frekvencija Hercegovine","publisher":{"@id":"https:\/\/radioljubuski.ba\/#organization"},"potentialAction":[{"@type":"SearchAction","target":{"@type":"EntryPoint","urlTemplate":"https:\/\/radioljubuski.ba\/?s={search_term_string}"},"query-input":{"@type":"PropertyValueSpecification","valueRequired":true,"valueName":"search_term_string"}}],"inLanguage":"hr"},{"@type":"Organization","@id":"https:\/\/radioljubuski.ba\/#organization","name":"Radio Ljubu\u0161ki","url":"https:\/\/radioljubuski.ba\/","logo":{"@type":"ImageObject","inLanguage":"hr","@id":"https:\/\/radioljubuski.ba\/#\/schema\/logo\/image\/","url":"https:\/\/radioljubuski.ba\/wp-content\/uploads\/2021\/02\/cropped-Radio_Ljubuski_logo1.jpg","contentUrl":"https:\/\/radioljubuski.ba\/wp-content\/uploads\/2021\/02\/cropped-Radio_Ljubuski_logo1.jpg","width":512,"height":512,"caption":"Radio Ljubu\u0161ki"},"image":{"@id":"https:\/\/radioljubuski.ba\/#\/schema\/logo\/image\/"},"sameAs":["https:\/\/www.facebook.com\/Radiio-Ljubuski-1490835324566332","https:\/\/x.com\/radioljubuski","https:\/\/hr.linkedin.com\/company\/radio-ljubuski","https:\/\/www.youtube.com\/channel\/UCHYaeO_n0Db3tjNGudGpXyw"]},{"@type":"Person","@id":"https:\/\/radioljubuski.ba\/#\/schema\/person\/19fc700381a780f69665d7956c469e3b","name":"Radio Ljubu\u0161ki"}]}},"_links":{"self":[{"href":"https:\/\/radioljubuski.ba\/index.php\/wp-json\/wp\/v2\/posts\/118722","targetHints":{"allow":["GET"]}}],"collection":[{"href":"https:\/\/radioljubuski.ba\/index.php\/wp-json\/wp\/v2\/posts"}],"about":[{"href":"https:\/\/radioljubuski.ba\/index.php\/wp-json\/wp\/v2\/types\/post"}],"author":[{"embeddable":true,"href":"https:\/\/radioljubuski.ba\/index.php\/wp-json\/wp\/v2\/users\/2"}],"replies":[{"embeddable":true,"href":"https:\/\/radioljubuski.ba\/index.php\/wp-json\/wp\/v2\/comments?post=118722"}],"version-history":[{"count":1,"href":"https:\/\/radioljubuski.ba\/index.php\/wp-json\/wp\/v2\/posts\/118722\/revisions"}],"predecessor-version":[{"id":118724,"href":"https:\/\/radioljubuski.ba\/index.php\/wp-json\/wp\/v2\/posts\/118722\/revisions\/118724"}],"wp:featuredmedia":[{"embeddable":true,"href":"https:\/\/radioljubuski.ba\/index.php\/wp-json\/wp\/v2\/media\/118723"}],"wp:attachment":[{"href":"https:\/\/radioljubuski.ba\/index.php\/wp-json\/wp\/v2\/media?parent=118722"}],"wp:term":[{"taxonomy":"category","embeddable":true,"href":"https:\/\/radioljubuski.ba\/index.php\/wp-json\/wp\/v2\/categories?post=118722"},{"taxonomy":"post_tag","embeddable":true,"href":"https:\/\/radioljubuski.ba\/index.php\/wp-json\/wp\/v2\/tags?post=118722"}],"curies":[{"name":"wp","href":"https:\/\/api.w.org\/{rel}","templated":true}]}}