{"id":118747,"date":"2022-03-07T10:26:24","date_gmt":"2022-03-07T09:26:24","guid":{"rendered":"https:\/\/radioljubuski.ba\/?p=118747"},"modified":"2022-03-07T10:26:25","modified_gmt":"2022-03-07T09:26:25","slug":"zivot-u-fbih-u-kojoj-su-zupaniji-place-najvise-a-gdje-su-radnici-placeni-znatno-ispod-prosjeka","status":"publish","type":"post","link":"https:\/\/radioljubuski.ba\/index.php\/2022\/03\/07\/zivot-u-fbih-u-kojoj-su-zupaniji-place-najvise-a-gdje-su-radnici-placeni-znatno-ispod-prosjeka\/","title":{"rendered":"\u017divot u FBiH: U kojoj su \u017eupaniji pla\u0107e najvi\u0161e, a gdje su radnici pla\u0107eni znatno ispod prosjeka?"},"content":{"rendered":"\n<p>Sindikalna potro\u0161a\u010dka ko\u0161arica koju je Savez samostalnih sindikata BiH izra\u010dunao za sije\u010danj 2022. godine iznosila je 2357,04 KM i za 91,37 KM je skuplja od potro\u0161a\u010dke ko\u0161arice za prethodni mjesec, pi\u0161e <a href=\"https:\/\/www.vecernji.ba\/vijesti\/place-iznad-prosjeka-u-sarajevskoj-i-hn-zupaniji-a-u-sbz-i-pz-znatno-nize-1568715\" target=\"_blank\" rel=\"noreferrer noopener\">Ve\u010dernji list BiH.<\/a><\/p>\n\n\n\n<p>Iz mjeseca u mjesec gra\u0111ani za svoju pla\u0107u mogu priskrbiti manje proizvoda i usluga. Prosje\u010dna pla\u0107a dostatna je tek za hranu, a potrebno je izmiriti re\u017eije, kupiti higijenske potrep\u0161tine&#8230;<\/p>\n\n\n\n<p><strong>Zavod za statistiku FBiH<\/strong><\/p>\n\n\n\n<p>Prosje\u010dna neto pla\u0107a u FBiH u prosincu pro\u0161le godine iznosila je 1046 KM i nominalno je ve\u0107a za 2,3 posto, a realno za 1,5 posto u odnosu na studeni. U odnosu na prosinac 2020. prosje\u010dna pla\u0107a ve\u0107a je za 5,3 posto, dok je realno ni\u017ea za 1,1 posto, objavio je Federalni zavod za statistiku.<\/p>\n\n\n\n<p>Premalo u odnosu na tro\u0161kove, no ogromne su razlike od \u017eupanije do \u017eupanije.<\/p>\n\n\n\n<p>Provjerili smo u kojoj su \u017eupaniji pla\u0107e najvi\u0161e, a gdje su radnici pla\u0107eni znatno ispod prosjeka. Rije\u010d je o neto iznosima, dakle, o novcu koji zaposleni dobiju na kraju mjeseca.<\/p>\n\n\n\n<p>Tako je, prema podacima Federalnog zavoda za statistiku, prosje\u010dna pla\u0107a u prosincu 2021. godine u HN\u017d-u iznosila 1138 KM. U Zapadnohercegova\u010dkoj \u017eupaniji prosje\u010dna pla\u0107a u prosincu iznosila je 931 KM, u US\u017d-u 957 KM, u Posavskoj \u017eupaniji 917 KM, u Tuzlanskoj \u017eupaniji 955 KM, u Zeni\u010dko-dobojskoj \u017eupaniji 895 KM, u Bosansko-podrinjskoj \u017eupaniji 968 KM, u Srednjobosanskoj \u017eupaniji prosje\u010dna pla\u0107a iznosila je 837 KM, a Sarajevskoj \u017eupaniji 1312 KM.<\/p>\n\n\n\n<p>U Hercegbosanskoj \u017eupaniji prosjek u prosincu iznosio je 962 KM.<\/p>\n\n\n\n<p>Dakle, pla\u0107e su najve\u0107e u Sarajevskoj i Hercegova\u010dko-neretvanskoj \u017eupaniji, a najmanje u Srednjobosanskoj i Posavskoj \u017eupaniji.<\/p>\n\n\n\n<p>Razlike nisu male pa tako radnik u S\u017d-u naplati 417 KM vi\u0161e od onog u SB\u017d-u.<\/p>\n\n\n\n<p>Prosje\u010dna pla\u0107a u S\u017d-u ve\u0107a je za 266 KM od federalnog prosjeka, dok je u SB\u017d-u ona 209 KM ni\u017ea.<\/p>\n\n\n\n<p>Samo za hranu \u010detvero\u010dlana obitelj u prosincu trebala je izdvojiti 1027,06 KM, dakle, u samo dvije \u017eupanije prosje\u010dna pla\u0107a mogla je pokriti tro\u0161kove hrane. S pla\u0107om manjom od 1000 KM ili mirovinom od 382 KM, te\u0161ko da mo\u017eemo pri\u010dati o bilo \u010demu osim mogu\u0107nosti da gra\u0111ani uredno plate svoje re\u017eije, za koje obitelji mjese\u010dno moraju izdvojiti vi\u0161e od 200 KM i da im ostane par maraka dnevno da pre\u017eive cijeli mjesec. To je \u017eivot u velikom siroma\u0161tvu i nije dostojan bilo \u010dega.<\/p>\n\n\n\n<p>Jo\u0161 poraznija je \u010dinjenica da ve\u0107ina pla\u0107a ljudi koji su oti\u0161li ili odlaze iz BiH mnogo je ni\u017ea nego \u0161to to govori prosjek.<\/p>\n\n\n\n<p><strong>Iza regije po prosjeku<\/strong><\/p>\n\n\n\n<p>Nerijetko su radili i za minimalac od 406 KM, sramotan iznos koji im maltene slu\u017ei da pokriju tro\u0161kove koje imaju zbog odlaska na posao. I dok se BiH ne mo\u017ee uspore\u0111ivati sa zemljama zapadne Europe, sve je vi\u0161e i onih iz okru\u017eenja koje ju pretje\u010du po prosjeku pla\u0107e. Ponajprije se to odnosi na Srbiju koja je do prije dvije godine imala ni\u017eu prosje\u010dnu pla\u0107u.<\/p>\n\n\n\n<p>Danas srbijanski dr\u017eavljani imaju oko 100 KM ve\u0107u prosje\u010dnu pla\u0107u od onih iz BiH. Prosje\u010dna pla\u0107a u Hrvatskoj iznosi 965 eura.<\/p>\n\n\n\n<p>Nakon RH od zemalja biv\u0161e Jugoslavije slijedi Srbija u kojoj radnici mjese\u010dno u prosjeku dobivaju 555 eura. Potom slijedi Crna Gora s 527 eura, \u0161to je nekih 30 eura u prosjeku vi\u0161e nego \u0161to ih u ku\u0107nom prora\u010dunu mjese\u010dno imaju radnici u BiH.<\/p>\n\n\n\n<p>Stanovnici Sjeverne Makedonije prosje\u010dno dobivaju 458 eura mjese\u010dno, a Albanija je daleko najlo\u0161ija.<\/p>\n\n\n\n<p>U toj je zemlji prosje\u010dna pla\u0107a 364 eura. Vlada je donijela odluku da minimalac u FBiH u ovoj godini iznosi 543 KM, me\u0111utim, dio radnika to pove\u0107anje nije osjetio. Prema tvrdnjama pojedinih zaposlenika, oni u kona\u010dnici nisu dobili ni marku vi\u0161e. Iako im je obra\u010dunata ve\u0107a pla\u0107a, smanjen im je topli obrok pa su u kona\u010dnici ostali na istom.<\/p>\n\n\n\n<p>U Bosni i Hercegovini je sve vi\u0161e primjetan nedostatak radne snage i ne promjeni li se odnos poslodavaca prema radnicima i ne pove\u0107aju li se pla\u0107e, prvenstveno one minimalne, ali i ostale, veliki broj poslodavaca mo\u0107i \u0107e staviti klju\u010d u bravu, vi\u0161e im ne\u0107e imati tko raditi.<\/p>\n\n\n\n<p>Izvor:vecernji.ba<\/p>\n","protected":false},"excerpt":{"rendered":"<p>Sindikalna potro\u0161a\u010dka ko\u0161arica koju je Savez samostalnih sindikata BiH izra\u010dunao za sije\u010danj 2022. godine iznosila je 2357,04 KM i za 91,37 KM je skuplja od potro\u0161a\u010dke ko\u0161arice za prethodni mjesec, pi\u0161e Ve\u010dernji list BiH. Iz mjeseca u mjesec gra\u0111ani za svoju pla\u0107u mogu priskrbiti manje proizvoda i usluga. Prosje\u010dna pla\u0107a dostatna je tek za hranu, [&hellip;]<\/p>\n","protected":false},"author":2,"featured_media":56875,"comment_status":"closed","ping_status":"closed","sticky":false,"template":"","format":"standard","meta":{"h5ap_radio_sources":[],"footnotes":""},"categories":[1],"tags":[],"class_list":["post-118747","post","type-post","status-publish","format-standard","has-post-thumbnail","hentry","category-bihiregija"],"yoast_head":"<!-- This site is optimized with the Yoast SEO plugin v27.5 - https:\/\/yoast.com\/product\/yoast-seo-wordpress\/ -->\n<title>\u017divot u FBiH: U kojoj su \u017eupaniji pla\u0107e najvi\u0161e, a gdje su radnici pla\u0107eni znatno ispod prosjeka? - RADIO LJUBU\u0160KI<\/title>\n<meta name=\"robots\" content=\"index, follow, max-snippet:-1, max-image-preview:large, max-video-preview:-1\" \/>\n<link rel=\"canonical\" href=\"https:\/\/radioljubuski.ba\/index.php\/2022\/03\/07\/zivot-u-fbih-u-kojoj-su-zupaniji-place-najvise-a-gdje-su-radnici-placeni-znatno-ispod-prosjeka\/\" \/>\n<meta property=\"og:locale\" content=\"hr_HR\" \/>\n<meta property=\"og:type\" content=\"article\" \/>\n<meta property=\"og:title\" content=\"\u017divot u FBiH: U kojoj su \u017eupaniji pla\u0107e najvi\u0161e, a gdje su radnici pla\u0107eni znatno ispod prosjeka? - RADIO LJUBU\u0160KI\" \/>\n<meta property=\"og:description\" content=\"Sindikalna potro\u0161a\u010dka ko\u0161arica koju je Savez samostalnih sindikata BiH izra\u010dunao za sije\u010danj 2022. godine iznosila je 2357,04 KM i za 91,37 KM je skuplja od potro\u0161a\u010dke ko\u0161arice za prethodni mjesec, pi\u0161e Ve\u010dernji list BiH. Iz mjeseca u mjesec gra\u0111ani za svoju pla\u0107u mogu priskrbiti manje proizvoda i usluga. Prosje\u010dna pla\u0107a dostatna je tek za hranu, [&hellip;]\" \/>\n<meta property=\"og:url\" content=\"https:\/\/radioljubuski.ba\/index.php\/2022\/03\/07\/zivot-u-fbih-u-kojoj-su-zupaniji-place-najvise-a-gdje-su-radnici-placeni-znatno-ispod-prosjeka\/\" \/>\n<meta property=\"og:site_name\" content=\"RADIO LJUBU\u0160KI\" \/>\n<meta property=\"article:publisher\" content=\"https:\/\/www.facebook.com\/Radiio-Ljubuski-1490835324566332\" \/>\n<meta property=\"article:published_time\" content=\"2022-03-07T09:26:24+00:00\" \/>\n<meta property=\"article:modified_time\" content=\"2022-03-07T09:26:25+00:00\" \/>\n<meta property=\"og:image\" content=\"https:\/\/radioljubuski.ba\/wp-content\/uploads\/2021\/08\/QvoMzd4K_novac_placa_marke_810x497.jpg\" \/>\n\t<meta property=\"og:image:width\" content=\"1000\" \/>\n\t<meta property=\"og:image:height\" content=\"625\" \/>\n\t<meta property=\"og:image:type\" content=\"image\/jpeg\" \/>\n<meta name=\"author\" content=\"Radio Ljubu\u0161ki\" \/>\n<meta name=\"twitter:card\" content=\"summary_large_image\" \/>\n<meta name=\"twitter:creator\" content=\"@radioljubuski\" \/>\n<meta name=\"twitter:site\" content=\"@radioljubuski\" \/>\n<meta name=\"twitter:label1\" content=\"Napisao\/la\" \/>\n\t<meta name=\"twitter:data1\" content=\"Radio Ljubu\u0161ki\" \/>\n\t<meta name=\"twitter:label2\" content=\"Procijenjeno vrijeme \u010ditanja\" \/>\n\t<meta name=\"twitter:data2\" content=\"3 minute\" \/>\n<script type=\"application\/ld+json\" class=\"yoast-schema-graph\">{\"@context\":\"https:\\\/\\\/schema.org\",\"@graph\":[{\"@type\":\"Article\",\"@id\":\"https:\\\/\\\/radioljubuski.ba\\\/index.php\\\/2022\\\/03\\\/07\\\/zivot-u-fbih-u-kojoj-su-zupaniji-place-najvise-a-gdje-su-radnici-placeni-znatno-ispod-prosjeka\\\/#article\",\"isPartOf\":{\"@id\":\"https:\\\/\\\/radioljubuski.ba\\\/index.php\\\/2022\\\/03\\\/07\\\/zivot-u-fbih-u-kojoj-su-zupaniji-place-najvise-a-gdje-su-radnici-placeni-znatno-ispod-prosjeka\\\/\"},\"author\":{\"name\":\"Radio Ljubu\u0161ki\",\"@id\":\"https:\\\/\\\/radioljubuski.ba\\\/#\\\/schema\\\/person\\\/19fc700381a780f69665d7956c469e3b\"},\"headline\":\"\u017divot u FBiH: U kojoj su \u017eupaniji pla\u0107e najvi\u0161e, a gdje su radnici pla\u0107eni znatno ispod prosjeka?\",\"datePublished\":\"2022-03-07T09:26:24+00:00\",\"dateModified\":\"2022-03-07T09:26:25+00:00\",\"mainEntityOfPage\":{\"@id\":\"https:\\\/\\\/radioljubuski.ba\\\/index.php\\\/2022\\\/03\\\/07\\\/zivot-u-fbih-u-kojoj-su-zupaniji-place-najvise-a-gdje-su-radnici-placeni-znatno-ispod-prosjeka\\\/\"},\"wordCount\":748,\"publisher\":{\"@id\":\"https:\\\/\\\/radioljubuski.ba\\\/#organization\"},\"image\":{\"@id\":\"https:\\\/\\\/radioljubuski.ba\\\/index.php\\\/2022\\\/03\\\/07\\\/zivot-u-fbih-u-kojoj-su-zupaniji-place-najvise-a-gdje-su-radnici-placeni-znatno-ispod-prosjeka\\\/#primaryimage\"},\"thumbnailUrl\":\"https:\\\/\\\/radioljubuski.ba\\\/wp-content\\\/uploads\\\/2021\\\/08\\\/QvoMzd4K_novac_placa_marke_810x497.jpg\",\"articleSection\":[\"BIH i regija\"],\"inLanguage\":\"hr\"},{\"@type\":\"WebPage\",\"@id\":\"https:\\\/\\\/radioljubuski.ba\\\/index.php\\\/2022\\\/03\\\/07\\\/zivot-u-fbih-u-kojoj-su-zupaniji-place-najvise-a-gdje-su-radnici-placeni-znatno-ispod-prosjeka\\\/\",\"url\":\"https:\\\/\\\/radioljubuski.ba\\\/index.php\\\/2022\\\/03\\\/07\\\/zivot-u-fbih-u-kojoj-su-zupaniji-place-najvise-a-gdje-su-radnici-placeni-znatno-ispod-prosjeka\\\/\",\"name\":\"\u017divot u FBiH: U kojoj su \u017eupaniji pla\u0107e najvi\u0161e, a gdje su radnici pla\u0107eni znatno ispod prosjeka? - RADIO LJUBU\u0160KI\",\"isPartOf\":{\"@id\":\"https:\\\/\\\/radioljubuski.ba\\\/#website\"},\"primaryImageOfPage\":{\"@id\":\"https:\\\/\\\/radioljubuski.ba\\\/index.php\\\/2022\\\/03\\\/07\\\/zivot-u-fbih-u-kojoj-su-zupaniji-place-najvise-a-gdje-su-radnici-placeni-znatno-ispod-prosjeka\\\/#primaryimage\"},\"image\":{\"@id\":\"https:\\\/\\\/radioljubuski.ba\\\/index.php\\\/2022\\\/03\\\/07\\\/zivot-u-fbih-u-kojoj-su-zupaniji-place-najvise-a-gdje-su-radnici-placeni-znatno-ispod-prosjeka\\\/#primaryimage\"},\"thumbnailUrl\":\"https:\\\/\\\/radioljubuski.ba\\\/wp-content\\\/uploads\\\/2021\\\/08\\\/QvoMzd4K_novac_placa_marke_810x497.jpg\",\"datePublished\":\"2022-03-07T09:26:24+00:00\",\"dateModified\":\"2022-03-07T09:26:25+00:00\",\"breadcrumb\":{\"@id\":\"https:\\\/\\\/radioljubuski.ba\\\/index.php\\\/2022\\\/03\\\/07\\\/zivot-u-fbih-u-kojoj-su-zupaniji-place-najvise-a-gdje-su-radnici-placeni-znatno-ispod-prosjeka\\\/#breadcrumb\"},\"inLanguage\":\"hr\",\"potentialAction\":[{\"@type\":\"ReadAction\",\"target\":[\"https:\\\/\\\/radioljubuski.ba\\\/index.php\\\/2022\\\/03\\\/07\\\/zivot-u-fbih-u-kojoj-su-zupaniji-place-najvise-a-gdje-su-radnici-placeni-znatno-ispod-prosjeka\\\/\"]}]},{\"@type\":\"ImageObject\",\"inLanguage\":\"hr\",\"@id\":\"https:\\\/\\\/radioljubuski.ba\\\/index.php\\\/2022\\\/03\\\/07\\\/zivot-u-fbih-u-kojoj-su-zupaniji-place-najvise-a-gdje-su-radnici-placeni-znatno-ispod-prosjeka\\\/#primaryimage\",\"url\":\"https:\\\/\\\/radioljubuski.ba\\\/wp-content\\\/uploads\\\/2021\\\/08\\\/QvoMzd4K_novac_placa_marke_810x497.jpg\",\"contentUrl\":\"https:\\\/\\\/radioljubuski.ba\\\/wp-content\\\/uploads\\\/2021\\\/08\\\/QvoMzd4K_novac_placa_marke_810x497.jpg\",\"width\":1000,\"height\":625},{\"@type\":\"BreadcrumbList\",\"@id\":\"https:\\\/\\\/radioljubuski.ba\\\/index.php\\\/2022\\\/03\\\/07\\\/zivot-u-fbih-u-kojoj-su-zupaniji-place-najvise-a-gdje-su-radnici-placeni-znatno-ispod-prosjeka\\\/#breadcrumb\",\"itemListElement\":[{\"@type\":\"ListItem\",\"position\":1,\"name\":\"Po\u010detna stranica\",\"item\":\"https:\\\/\\\/radioljubuski.ba\\\/\"},{\"@type\":\"ListItem\",\"position\":2,\"name\":\"\u017divot u FBiH: U kojoj su \u017eupaniji pla\u0107e najvi\u0161e, a gdje su radnici pla\u0107eni znatno ispod prosjeka?\"}]},{\"@type\":\"WebSite\",\"@id\":\"https:\\\/\\\/radioljubuski.ba\\\/#website\",\"url\":\"https:\\\/\\\/radioljubuski.ba\\\/\",\"name\":\"Radio Ljubu\u0161ki\",\"description\":\"Sun\u010dana frekvencija Hercegovine\",\"publisher\":{\"@id\":\"https:\\\/\\\/radioljubuski.ba\\\/#organization\"},\"potentialAction\":[{\"@type\":\"SearchAction\",\"target\":{\"@type\":\"EntryPoint\",\"urlTemplate\":\"https:\\\/\\\/radioljubuski.ba\\\/?s={search_term_string}\"},\"query-input\":{\"@type\":\"PropertyValueSpecification\",\"valueRequired\":true,\"valueName\":\"search_term_string\"}}],\"inLanguage\":\"hr\"},{\"@type\":\"Organization\",\"@id\":\"https:\\\/\\\/radioljubuski.ba\\\/#organization\",\"name\":\"Radio Ljubu\u0161ki\",\"url\":\"https:\\\/\\\/radioljubuski.ba\\\/\",\"logo\":{\"@type\":\"ImageObject\",\"inLanguage\":\"hr\",\"@id\":\"https:\\\/\\\/radioljubuski.ba\\\/#\\\/schema\\\/logo\\\/image\\\/\",\"url\":\"https:\\\/\\\/radioljubuski.ba\\\/wp-content\\\/uploads\\\/2021\\\/02\\\/cropped-Radio_Ljubuski_logo1.jpg\",\"contentUrl\":\"https:\\\/\\\/radioljubuski.ba\\\/wp-content\\\/uploads\\\/2021\\\/02\\\/cropped-Radio_Ljubuski_logo1.jpg\",\"width\":512,\"height\":512,\"caption\":\"Radio Ljubu\u0161ki\"},\"image\":{\"@id\":\"https:\\\/\\\/radioljubuski.ba\\\/#\\\/schema\\\/logo\\\/image\\\/\"},\"sameAs\":[\"https:\\\/\\\/www.facebook.com\\\/Radiio-Ljubuski-1490835324566332\",\"https:\\\/\\\/x.com\\\/radioljubuski\",\"https:\\\/\\\/hr.linkedin.com\\\/company\\\/radio-ljubuski\",\"https:\\\/\\\/www.youtube.com\\\/channel\\\/UCHYaeO_n0Db3tjNGudGpXyw\"]},{\"@type\":\"Person\",\"@id\":\"https:\\\/\\\/radioljubuski.ba\\\/#\\\/schema\\\/person\\\/19fc700381a780f69665d7956c469e3b\",\"name\":\"Radio Ljubu\u0161ki\"}]}<\/script>\n<!-- \/ Yoast SEO plugin. -->","yoast_head_json":{"title":"\u017divot u FBiH: U kojoj su \u017eupaniji pla\u0107e najvi\u0161e, a gdje su radnici pla\u0107eni znatno ispod prosjeka? - RADIO LJUBU\u0160KI","robots":{"index":"index","follow":"follow","max-snippet":"max-snippet:-1","max-image-preview":"max-image-preview:large","max-video-preview":"max-video-preview:-1"},"canonical":"https:\/\/radioljubuski.ba\/index.php\/2022\/03\/07\/zivot-u-fbih-u-kojoj-su-zupaniji-place-najvise-a-gdje-su-radnici-placeni-znatno-ispod-prosjeka\/","og_locale":"hr_HR","og_type":"article","og_title":"\u017divot u FBiH: U kojoj su \u017eupaniji pla\u0107e najvi\u0161e, a gdje su radnici pla\u0107eni znatno ispod prosjeka? - RADIO LJUBU\u0160KI","og_description":"Sindikalna potro\u0161a\u010dka ko\u0161arica koju je Savez samostalnih sindikata BiH izra\u010dunao za sije\u010danj 2022. godine iznosila je 2357,04 KM i za 91,37 KM je skuplja od potro\u0161a\u010dke ko\u0161arice za prethodni mjesec, pi\u0161e Ve\u010dernji list BiH. Iz mjeseca u mjesec gra\u0111ani za svoju pla\u0107u mogu priskrbiti manje proizvoda i usluga. Prosje\u010dna pla\u0107a dostatna je tek za hranu, [&hellip;]","og_url":"https:\/\/radioljubuski.ba\/index.php\/2022\/03\/07\/zivot-u-fbih-u-kojoj-su-zupaniji-place-najvise-a-gdje-su-radnici-placeni-znatno-ispod-prosjeka\/","og_site_name":"RADIO LJUBU\u0160KI","article_publisher":"https:\/\/www.facebook.com\/Radiio-Ljubuski-1490835324566332","article_published_time":"2022-03-07T09:26:24+00:00","article_modified_time":"2022-03-07T09:26:25+00:00","og_image":[{"width":1000,"height":625,"url":"https:\/\/radioljubuski.ba\/wp-content\/uploads\/2021\/08\/QvoMzd4K_novac_placa_marke_810x497.jpg","type":"image\/jpeg"}],"author":"Radio Ljubu\u0161ki","twitter_card":"summary_large_image","twitter_creator":"@radioljubuski","twitter_site":"@radioljubuski","twitter_misc":{"Napisao\/la":"Radio Ljubu\u0161ki","Procijenjeno vrijeme \u010ditanja":"3 minute"},"schema":{"@context":"https:\/\/schema.org","@graph":[{"@type":"Article","@id":"https:\/\/radioljubuski.ba\/index.php\/2022\/03\/07\/zivot-u-fbih-u-kojoj-su-zupaniji-place-najvise-a-gdje-su-radnici-placeni-znatno-ispod-prosjeka\/#article","isPartOf":{"@id":"https:\/\/radioljubuski.ba\/index.php\/2022\/03\/07\/zivot-u-fbih-u-kojoj-su-zupaniji-place-najvise-a-gdje-su-radnici-placeni-znatno-ispod-prosjeka\/"},"author":{"name":"Radio Ljubu\u0161ki","@id":"https:\/\/radioljubuski.ba\/#\/schema\/person\/19fc700381a780f69665d7956c469e3b"},"headline":"\u017divot u FBiH: U kojoj su \u017eupaniji pla\u0107e najvi\u0161e, a gdje su radnici pla\u0107eni znatno ispod prosjeka?","datePublished":"2022-03-07T09:26:24+00:00","dateModified":"2022-03-07T09:26:25+00:00","mainEntityOfPage":{"@id":"https:\/\/radioljubuski.ba\/index.php\/2022\/03\/07\/zivot-u-fbih-u-kojoj-su-zupaniji-place-najvise-a-gdje-su-radnici-placeni-znatno-ispod-prosjeka\/"},"wordCount":748,"publisher":{"@id":"https:\/\/radioljubuski.ba\/#organization"},"image":{"@id":"https:\/\/radioljubuski.ba\/index.php\/2022\/03\/07\/zivot-u-fbih-u-kojoj-su-zupaniji-place-najvise-a-gdje-su-radnici-placeni-znatno-ispod-prosjeka\/#primaryimage"},"thumbnailUrl":"https:\/\/radioljubuski.ba\/wp-content\/uploads\/2021\/08\/QvoMzd4K_novac_placa_marke_810x497.jpg","articleSection":["BIH i regija"],"inLanguage":"hr"},{"@type":"WebPage","@id":"https:\/\/radioljubuski.ba\/index.php\/2022\/03\/07\/zivot-u-fbih-u-kojoj-su-zupaniji-place-najvise-a-gdje-su-radnici-placeni-znatno-ispod-prosjeka\/","url":"https:\/\/radioljubuski.ba\/index.php\/2022\/03\/07\/zivot-u-fbih-u-kojoj-su-zupaniji-place-najvise-a-gdje-su-radnici-placeni-znatno-ispod-prosjeka\/","name":"\u017divot u FBiH: U kojoj su \u017eupaniji pla\u0107e najvi\u0161e, a gdje su radnici pla\u0107eni znatno ispod prosjeka? - RADIO LJUBU\u0160KI","isPartOf":{"@id":"https:\/\/radioljubuski.ba\/#website"},"primaryImageOfPage":{"@id":"https:\/\/radioljubuski.ba\/index.php\/2022\/03\/07\/zivot-u-fbih-u-kojoj-su-zupaniji-place-najvise-a-gdje-su-radnici-placeni-znatno-ispod-prosjeka\/#primaryimage"},"image":{"@id":"https:\/\/radioljubuski.ba\/index.php\/2022\/03\/07\/zivot-u-fbih-u-kojoj-su-zupaniji-place-najvise-a-gdje-su-radnici-placeni-znatno-ispod-prosjeka\/#primaryimage"},"thumbnailUrl":"https:\/\/radioljubuski.ba\/wp-content\/uploads\/2021\/08\/QvoMzd4K_novac_placa_marke_810x497.jpg","datePublished":"2022-03-07T09:26:24+00:00","dateModified":"2022-03-07T09:26:25+00:00","breadcrumb":{"@id":"https:\/\/radioljubuski.ba\/index.php\/2022\/03\/07\/zivot-u-fbih-u-kojoj-su-zupaniji-place-najvise-a-gdje-su-radnici-placeni-znatno-ispod-prosjeka\/#breadcrumb"},"inLanguage":"hr","potentialAction":[{"@type":"ReadAction","target":["https:\/\/radioljubuski.ba\/index.php\/2022\/03\/07\/zivot-u-fbih-u-kojoj-su-zupaniji-place-najvise-a-gdje-su-radnici-placeni-znatno-ispod-prosjeka\/"]}]},{"@type":"ImageObject","inLanguage":"hr","@id":"https:\/\/radioljubuski.ba\/index.php\/2022\/03\/07\/zivot-u-fbih-u-kojoj-su-zupaniji-place-najvise-a-gdje-su-radnici-placeni-znatno-ispod-prosjeka\/#primaryimage","url":"https:\/\/radioljubuski.ba\/wp-content\/uploads\/2021\/08\/QvoMzd4K_novac_placa_marke_810x497.jpg","contentUrl":"https:\/\/radioljubuski.ba\/wp-content\/uploads\/2021\/08\/QvoMzd4K_novac_placa_marke_810x497.jpg","width":1000,"height":625},{"@type":"BreadcrumbList","@id":"https:\/\/radioljubuski.ba\/index.php\/2022\/03\/07\/zivot-u-fbih-u-kojoj-su-zupaniji-place-najvise-a-gdje-su-radnici-placeni-znatno-ispod-prosjeka\/#breadcrumb","itemListElement":[{"@type":"ListItem","position":1,"name":"Po\u010detna stranica","item":"https:\/\/radioljubuski.ba\/"},{"@type":"ListItem","position":2,"name":"\u017divot u FBiH: U kojoj su \u017eupaniji pla\u0107e najvi\u0161e, a gdje su radnici pla\u0107eni znatno ispod prosjeka?"}]},{"@type":"WebSite","@id":"https:\/\/radioljubuski.ba\/#website","url":"https:\/\/radioljubuski.ba\/","name":"Radio Ljubu\u0161ki","description":"Sun\u010dana frekvencija Hercegovine","publisher":{"@id":"https:\/\/radioljubuski.ba\/#organization"},"potentialAction":[{"@type":"SearchAction","target":{"@type":"EntryPoint","urlTemplate":"https:\/\/radioljubuski.ba\/?s={search_term_string}"},"query-input":{"@type":"PropertyValueSpecification","valueRequired":true,"valueName":"search_term_string"}}],"inLanguage":"hr"},{"@type":"Organization","@id":"https:\/\/radioljubuski.ba\/#organization","name":"Radio Ljubu\u0161ki","url":"https:\/\/radioljubuski.ba\/","logo":{"@type":"ImageObject","inLanguage":"hr","@id":"https:\/\/radioljubuski.ba\/#\/schema\/logo\/image\/","url":"https:\/\/radioljubuski.ba\/wp-content\/uploads\/2021\/02\/cropped-Radio_Ljubuski_logo1.jpg","contentUrl":"https:\/\/radioljubuski.ba\/wp-content\/uploads\/2021\/02\/cropped-Radio_Ljubuski_logo1.jpg","width":512,"height":512,"caption":"Radio Ljubu\u0161ki"},"image":{"@id":"https:\/\/radioljubuski.ba\/#\/schema\/logo\/image\/"},"sameAs":["https:\/\/www.facebook.com\/Radiio-Ljubuski-1490835324566332","https:\/\/x.com\/radioljubuski","https:\/\/hr.linkedin.com\/company\/radio-ljubuski","https:\/\/www.youtube.com\/channel\/UCHYaeO_n0Db3tjNGudGpXyw"]},{"@type":"Person","@id":"https:\/\/radioljubuski.ba\/#\/schema\/person\/19fc700381a780f69665d7956c469e3b","name":"Radio Ljubu\u0161ki"}]}},"_links":{"self":[{"href":"https:\/\/radioljubuski.ba\/index.php\/wp-json\/wp\/v2\/posts\/118747","targetHints":{"allow":["GET"]}}],"collection":[{"href":"https:\/\/radioljubuski.ba\/index.php\/wp-json\/wp\/v2\/posts"}],"about":[{"href":"https:\/\/radioljubuski.ba\/index.php\/wp-json\/wp\/v2\/types\/post"}],"author":[{"embeddable":true,"href":"https:\/\/radioljubuski.ba\/index.php\/wp-json\/wp\/v2\/users\/2"}],"replies":[{"embeddable":true,"href":"https:\/\/radioljubuski.ba\/index.php\/wp-json\/wp\/v2\/comments?post=118747"}],"version-history":[{"count":1,"href":"https:\/\/radioljubuski.ba\/index.php\/wp-json\/wp\/v2\/posts\/118747\/revisions"}],"predecessor-version":[{"id":118748,"href":"https:\/\/radioljubuski.ba\/index.php\/wp-json\/wp\/v2\/posts\/118747\/revisions\/118748"}],"wp:featuredmedia":[{"embeddable":true,"href":"https:\/\/radioljubuski.ba\/index.php\/wp-json\/wp\/v2\/media\/56875"}],"wp:attachment":[{"href":"https:\/\/radioljubuski.ba\/index.php\/wp-json\/wp\/v2\/media?parent=118747"}],"wp:term":[{"taxonomy":"category","embeddable":true,"href":"https:\/\/radioljubuski.ba\/index.php\/wp-json\/wp\/v2\/categories?post=118747"},{"taxonomy":"post_tag","embeddable":true,"href":"https:\/\/radioljubuski.ba\/index.php\/wp-json\/wp\/v2\/tags?post=118747"}],"curies":[{"name":"wp","href":"https:\/\/api.w.org\/{rel}","templated":true}]}}