{"id":118755,"date":"2022-03-07T10:29:56","date_gmt":"2022-03-07T09:29:56","guid":{"rendered":"https:\/\/radioljubuski.ba\/?p=118755"},"modified":"2022-03-07T10:29:56","modified_gmt":"2022-03-07T09:29:56","slug":"zelenskij-ako-nam-ne-date-avione-zelite-da-nas-da-ubiju","status":"publish","type":"post","link":"https:\/\/radioljubuski.ba\/index.php\/2022\/03\/07\/zelenskij-ako-nam-ne-date-avione-zelite-da-nas-da-ubiju\/","title":{"rendered":"Zelenskij: \u2018Ako nam ne date avione, \u017eelite da nas da ubiju\u2018"},"content":{"rendered":"\n<p>Ukrajinski predsjednik Volodimir Zelenski izvijestio je o potpunom uni\u0161tenju civilne zra\u010dne luke u gradu Vinica, jugozapadno od Kijeva, a u videu objavljenom na dru\u0161tvenim mre\u017eama ponovio je svoju molbu svjetskim \u010delnicima za uspostavu zone zabrane letova.<\/p>\n\n\n\n<p>&#8220;Mi smo ljudi i va\u0161a je humanitarna du\u017enost \u0161tititi nas, \u0161tititi ljude. I vi to mo\u017eete&#8221;, ka\u017ee. &#8220;Ako to ne u\u010dinite, ako nam barem ne date zrakoplove da se mo\u017eemo za\u0161tititi, zaklju\u010dak mo\u017ee biti samo jedan &#8211; \u017eelite da nas polako ubijaju&#8221;.<\/p>\n\n\n\n<p>Ukrajinske snage zarobile su stotine ruskih vojnika, tvrdi ukrajinski predsjednik Volodimir Zelenskij.&nbsp;<\/p>\n\n\n\n<p>\u201eStotine, stotine zarobljenika. Me\u0111u njima su piloti aviona koji su bombardirali na\u0161e gradove. Na\u0161e civile\u201c, rekao je Zelenskij u nedjelju u videoporuci objavljenoj putem dru\u0161tvene mre\u017ee Telegram. Njegove tvrdnje jo\u0161 nisu verificirane, pi\u0161e agencija dpa.&nbsp;<\/p>\n\n\n\n<p>Zelenskij je u obra\u0107anju Ukrajincima rekao \u201eborimo se za mjesto gdje \u0107e biti granica\u201c i \u201eizme\u0111u \u017eivota i ropstva\u201c.&nbsp;<\/p>\n\n\n\n<p>Jo\u0161 jednom se obratio ruskim dr\u017eavljanima: \u201eStanovnici Ruske Federacije \u010dine isti odabir sada. Ovih dana, ovih sati. Izme\u0111u \u017eivota i ropstva\u201c, kazao je.&nbsp;<\/p>\n\n\n\n<p>Ranije u nedjelju Zelenskij je izravno pozvao Ruse da izi\u0111u na ulice u znak prosvjeda protiv invazije Kremlja na njegovu zemlju ili riskiraju siroma\u0161tvo i represiju u vlastitoj dr\u017eavi.<\/p>\n\n\n\n<p>Od pro\u0161log tjedna u Rusiji su privedene tisu\u0107e stanovnika zbog prosvjeda protiv ruske invazije na Ukrajinu ili, kako ruske vlasti vole kazati &#8211; &#8220;specijalne vojne operacije&#8221; koja je po\u010dela 24. velja\u010de, a prema informacijama nevladinih udruga broj privedenih Rusa diljem zemlje u nedjelju je privedeno vi\u0161e od tri tisu\u0107e ljudi koji mar\u0161iraju i izvikuju &#8220;Ne ratu&#8221;.<\/p>\n\n\n\n<p>Ukrajinski predsjednik neumorno se obra\u0107a svojim sugra\u0111anima i me\u0111unarodnoj zajednici putem dru\u0161tvenih mre\u017ea pozivaju\u0107i na otpor, ali i izvje\u0161tava o djelovanju ruskog ratnog stroja pri \u010demu ne prestaje bodriti stanovni\u0161tvo.&nbsp;<\/p>\n\n\n\n<p>Tako je Zelenskij izvijestio da su ruske rakete u nedjelju potpuno uni\u0161tile civilnu zra\u010dnu luku u podru\u010dju Vinicje, glavnoga grada srednjozapadne regije.<\/p>\n\n\n\n<p>Tako\u0111er je ranije u nedjelju rekao da se ruske snage spremaju bombardirati grad Odesu na ukrajinskoj obali Crnog mora i naglasio da \u0107e to &#8220;biti ratni zlo\u010din&#8221;.<\/p>\n\n\n\n<p>U videoporuci u subotu Zelenskij je rekao da ruska vojska nije postigla svoje ciljeve, ali da je gotovo 10.000 ruskih vojnika poginulo u borbama.<\/p>\n\n\n\n<p>Taj se broj nije mogao neovisno provjeriti i daleko je ve\u0107i od 498 smrti koje je Moskva priznala ranije ovog tjedna.<\/p>\n\n\n\n<p>Izvor:pogled.ba<\/p>\n","protected":false},"excerpt":{"rendered":"<p>Ukrajinski predsjednik Volodimir Zelenski izvijestio je o potpunom uni\u0161tenju civilne zra\u010dne luke u gradu Vinica, jugozapadno od Kijeva, a u videu objavljenom na dru\u0161tvenim mre\u017eama ponovio je svoju molbu svjetskim \u010delnicima za uspostavu zone zabrane letova. &#8220;Mi smo ljudi i va\u0161a je humanitarna du\u017enost \u0161tititi nas, \u0161tititi ljude. I vi to mo\u017eete&#8221;, ka\u017ee. &#8220;Ako to [&hellip;]<\/p>\n","protected":false},"author":2,"featured_media":116726,"comment_status":"closed","ping_status":"closed","sticky":false,"template":"","format":"standard","meta":{"h5ap_radio_sources":[],"footnotes":""},"categories":[1],"tags":[],"class_list":["post-118755","post","type-post","status-publish","format-standard","has-post-thumbnail","hentry","category-bihiregija"],"yoast_head":"<!-- This site is optimized with the Yoast SEO plugin v27.5 - https:\/\/yoast.com\/product\/yoast-seo-wordpress\/ -->\n<title>Zelenskij: \u2018Ako nam ne date avione, \u017eelite da nas da ubiju\u2018 - RADIO LJUBU\u0160KI<\/title>\n<meta name=\"robots\" content=\"index, follow, max-snippet:-1, max-image-preview:large, max-video-preview:-1\" \/>\n<link rel=\"canonical\" href=\"https:\/\/radioljubuski.ba\/index.php\/2022\/03\/07\/zelenskij-ako-nam-ne-date-avione-zelite-da-nas-da-ubiju\/\" \/>\n<meta property=\"og:locale\" content=\"hr_HR\" \/>\n<meta property=\"og:type\" content=\"article\" \/>\n<meta property=\"og:title\" content=\"Zelenskij: \u2018Ako nam ne date avione, \u017eelite da nas da ubiju\u2018 - RADIO LJUBU\u0160KI\" \/>\n<meta property=\"og:description\" content=\"Ukrajinski predsjednik Volodimir Zelenski izvijestio je o potpunom uni\u0161tenju civilne zra\u010dne luke u gradu Vinica, jugozapadno od Kijeva, a u videu objavljenom na dru\u0161tvenim mre\u017eama ponovio je svoju molbu svjetskim \u010delnicima za uspostavu zone zabrane letova. &#8220;Mi smo ljudi i va\u0161a je humanitarna du\u017enost \u0161tititi nas, \u0161tititi ljude. I vi to mo\u017eete&#8221;, ka\u017ee. &#8220;Ako to [&hellip;]\" \/>\n<meta property=\"og:url\" content=\"https:\/\/radioljubuski.ba\/index.php\/2022\/03\/07\/zelenskij-ako-nam-ne-date-avione-zelite-da-nas-da-ubiju\/\" \/>\n<meta property=\"og:site_name\" content=\"RADIO LJUBU\u0160KI\" \/>\n<meta property=\"article:publisher\" content=\"https:\/\/www.facebook.com\/Radiio-Ljubuski-1490835324566332\" \/>\n<meta property=\"article:published_time\" content=\"2022-03-07T09:29:56+00:00\" \/>\n<meta property=\"og:image\" content=\"https:\/\/radioljubuski.ba\/wp-content\/uploads\/2022\/02\/8-2022-02-26-12-39-43-ZELENSKI-VOLODOMIR.png\" \/>\n\t<meta property=\"og:image:width\" content=\"1000\" \/>\n\t<meta property=\"og:image:height\" content=\"625\" \/>\n\t<meta property=\"og:image:type\" content=\"image\/png\" \/>\n<meta name=\"author\" content=\"Radio Ljubu\u0161ki\" \/>\n<meta name=\"twitter:card\" content=\"summary_large_image\" \/>\n<meta name=\"twitter:creator\" content=\"@radioljubuski\" \/>\n<meta name=\"twitter:site\" content=\"@radioljubuski\" \/>\n<meta name=\"twitter:label1\" content=\"Napisao\/la\" \/>\n\t<meta name=\"twitter:data1\" content=\"Radio Ljubu\u0161ki\" \/>\n\t<meta name=\"twitter:label2\" content=\"Procijenjeno vrijeme \u010ditanja\" \/>\n\t<meta name=\"twitter:data2\" content=\"2 minute\" \/>\n<script type=\"application\/ld+json\" class=\"yoast-schema-graph\">{\"@context\":\"https:\\\/\\\/schema.org\",\"@graph\":[{\"@type\":\"Article\",\"@id\":\"https:\\\/\\\/radioljubuski.ba\\\/index.php\\\/2022\\\/03\\\/07\\\/zelenskij-ako-nam-ne-date-avione-zelite-da-nas-da-ubiju\\\/#article\",\"isPartOf\":{\"@id\":\"https:\\\/\\\/radioljubuski.ba\\\/index.php\\\/2022\\\/03\\\/07\\\/zelenskij-ako-nam-ne-date-avione-zelite-da-nas-da-ubiju\\\/\"},\"author\":{\"name\":\"Radio Ljubu\u0161ki\",\"@id\":\"https:\\\/\\\/radioljubuski.ba\\\/#\\\/schema\\\/person\\\/19fc700381a780f69665d7956c469e3b\"},\"headline\":\"Zelenskij: \u2018Ako nam ne date avione, \u017eelite da nas da ubiju\u2018\",\"datePublished\":\"2022-03-07T09:29:56+00:00\",\"mainEntityOfPage\":{\"@id\":\"https:\\\/\\\/radioljubuski.ba\\\/index.php\\\/2022\\\/03\\\/07\\\/zelenskij-ako-nam-ne-date-avione-zelite-da-nas-da-ubiju\\\/\"},\"wordCount\":439,\"publisher\":{\"@id\":\"https:\\\/\\\/radioljubuski.ba\\\/#organization\"},\"image\":{\"@id\":\"https:\\\/\\\/radioljubuski.ba\\\/index.php\\\/2022\\\/03\\\/07\\\/zelenskij-ako-nam-ne-date-avione-zelite-da-nas-da-ubiju\\\/#primaryimage\"},\"thumbnailUrl\":\"https:\\\/\\\/radioljubuski.ba\\\/wp-content\\\/uploads\\\/2022\\\/02\\\/8-2022-02-26-12-39-43-ZELENSKI-VOLODOMIR.png\",\"articleSection\":[\"BIH i regija\"],\"inLanguage\":\"hr\"},{\"@type\":\"WebPage\",\"@id\":\"https:\\\/\\\/radioljubuski.ba\\\/index.php\\\/2022\\\/03\\\/07\\\/zelenskij-ako-nam-ne-date-avione-zelite-da-nas-da-ubiju\\\/\",\"url\":\"https:\\\/\\\/radioljubuski.ba\\\/index.php\\\/2022\\\/03\\\/07\\\/zelenskij-ako-nam-ne-date-avione-zelite-da-nas-da-ubiju\\\/\",\"name\":\"Zelenskij: \u2018Ako nam ne date avione, \u017eelite da nas da ubiju\u2018 - RADIO LJUBU\u0160KI\",\"isPartOf\":{\"@id\":\"https:\\\/\\\/radioljubuski.ba\\\/#website\"},\"primaryImageOfPage\":{\"@id\":\"https:\\\/\\\/radioljubuski.ba\\\/index.php\\\/2022\\\/03\\\/07\\\/zelenskij-ako-nam-ne-date-avione-zelite-da-nas-da-ubiju\\\/#primaryimage\"},\"image\":{\"@id\":\"https:\\\/\\\/radioljubuski.ba\\\/index.php\\\/2022\\\/03\\\/07\\\/zelenskij-ako-nam-ne-date-avione-zelite-da-nas-da-ubiju\\\/#primaryimage\"},\"thumbnailUrl\":\"https:\\\/\\\/radioljubuski.ba\\\/wp-content\\\/uploads\\\/2022\\\/02\\\/8-2022-02-26-12-39-43-ZELENSKI-VOLODOMIR.png\",\"datePublished\":\"2022-03-07T09:29:56+00:00\",\"breadcrumb\":{\"@id\":\"https:\\\/\\\/radioljubuski.ba\\\/index.php\\\/2022\\\/03\\\/07\\\/zelenskij-ako-nam-ne-date-avione-zelite-da-nas-da-ubiju\\\/#breadcrumb\"},\"inLanguage\":\"hr\",\"potentialAction\":[{\"@type\":\"ReadAction\",\"target\":[\"https:\\\/\\\/radioljubuski.ba\\\/index.php\\\/2022\\\/03\\\/07\\\/zelenskij-ako-nam-ne-date-avione-zelite-da-nas-da-ubiju\\\/\"]}]},{\"@type\":\"ImageObject\",\"inLanguage\":\"hr\",\"@id\":\"https:\\\/\\\/radioljubuski.ba\\\/index.php\\\/2022\\\/03\\\/07\\\/zelenskij-ako-nam-ne-date-avione-zelite-da-nas-da-ubiju\\\/#primaryimage\",\"url\":\"https:\\\/\\\/radioljubuski.ba\\\/wp-content\\\/uploads\\\/2022\\\/02\\\/8-2022-02-26-12-39-43-ZELENSKI-VOLODOMIR.png\",\"contentUrl\":\"https:\\\/\\\/radioljubuski.ba\\\/wp-content\\\/uploads\\\/2022\\\/02\\\/8-2022-02-26-12-39-43-ZELENSKI-VOLODOMIR.png\",\"width\":1000,\"height\":625},{\"@type\":\"BreadcrumbList\",\"@id\":\"https:\\\/\\\/radioljubuski.ba\\\/index.php\\\/2022\\\/03\\\/07\\\/zelenskij-ako-nam-ne-date-avione-zelite-da-nas-da-ubiju\\\/#breadcrumb\",\"itemListElement\":[{\"@type\":\"ListItem\",\"position\":1,\"name\":\"Po\u010detna stranica\",\"item\":\"https:\\\/\\\/radioljubuski.ba\\\/\"},{\"@type\":\"ListItem\",\"position\":2,\"name\":\"Zelenskij: \u2018Ako nam ne date avione, \u017eelite da nas da ubiju\u2018\"}]},{\"@type\":\"WebSite\",\"@id\":\"https:\\\/\\\/radioljubuski.ba\\\/#website\",\"url\":\"https:\\\/\\\/radioljubuski.ba\\\/\",\"name\":\"Radio Ljubu\u0161ki\",\"description\":\"Sun\u010dana frekvencija Hercegovine\",\"publisher\":{\"@id\":\"https:\\\/\\\/radioljubuski.ba\\\/#organization\"},\"potentialAction\":[{\"@type\":\"SearchAction\",\"target\":{\"@type\":\"EntryPoint\",\"urlTemplate\":\"https:\\\/\\\/radioljubuski.ba\\\/?s={search_term_string}\"},\"query-input\":{\"@type\":\"PropertyValueSpecification\",\"valueRequired\":true,\"valueName\":\"search_term_string\"}}],\"inLanguage\":\"hr\"},{\"@type\":\"Organization\",\"@id\":\"https:\\\/\\\/radioljubuski.ba\\\/#organization\",\"name\":\"Radio Ljubu\u0161ki\",\"url\":\"https:\\\/\\\/radioljubuski.ba\\\/\",\"logo\":{\"@type\":\"ImageObject\",\"inLanguage\":\"hr\",\"@id\":\"https:\\\/\\\/radioljubuski.ba\\\/#\\\/schema\\\/logo\\\/image\\\/\",\"url\":\"https:\\\/\\\/radioljubuski.ba\\\/wp-content\\\/uploads\\\/2021\\\/02\\\/cropped-Radio_Ljubuski_logo1.jpg\",\"contentUrl\":\"https:\\\/\\\/radioljubuski.ba\\\/wp-content\\\/uploads\\\/2021\\\/02\\\/cropped-Radio_Ljubuski_logo1.jpg\",\"width\":512,\"height\":512,\"caption\":\"Radio Ljubu\u0161ki\"},\"image\":{\"@id\":\"https:\\\/\\\/radioljubuski.ba\\\/#\\\/schema\\\/logo\\\/image\\\/\"},\"sameAs\":[\"https:\\\/\\\/www.facebook.com\\\/Radiio-Ljubuski-1490835324566332\",\"https:\\\/\\\/x.com\\\/radioljubuski\",\"https:\\\/\\\/hr.linkedin.com\\\/company\\\/radio-ljubuski\",\"https:\\\/\\\/www.youtube.com\\\/channel\\\/UCHYaeO_n0Db3tjNGudGpXyw\"]},{\"@type\":\"Person\",\"@id\":\"https:\\\/\\\/radioljubuski.ba\\\/#\\\/schema\\\/person\\\/19fc700381a780f69665d7956c469e3b\",\"name\":\"Radio Ljubu\u0161ki\"}]}<\/script>\n<!-- \/ Yoast SEO plugin. -->","yoast_head_json":{"title":"Zelenskij: \u2018Ako nam ne date avione, \u017eelite da nas da ubiju\u2018 - RADIO LJUBU\u0160KI","robots":{"index":"index","follow":"follow","max-snippet":"max-snippet:-1","max-image-preview":"max-image-preview:large","max-video-preview":"max-video-preview:-1"},"canonical":"https:\/\/radioljubuski.ba\/index.php\/2022\/03\/07\/zelenskij-ako-nam-ne-date-avione-zelite-da-nas-da-ubiju\/","og_locale":"hr_HR","og_type":"article","og_title":"Zelenskij: \u2018Ako nam ne date avione, \u017eelite da nas da ubiju\u2018 - RADIO LJUBU\u0160KI","og_description":"Ukrajinski predsjednik Volodimir Zelenski izvijestio je o potpunom uni\u0161tenju civilne zra\u010dne luke u gradu Vinica, jugozapadno od Kijeva, a u videu objavljenom na dru\u0161tvenim mre\u017eama ponovio je svoju molbu svjetskim \u010delnicima za uspostavu zone zabrane letova. &#8220;Mi smo ljudi i va\u0161a je humanitarna du\u017enost \u0161tititi nas, \u0161tititi ljude. I vi to mo\u017eete&#8221;, ka\u017ee. &#8220;Ako to [&hellip;]","og_url":"https:\/\/radioljubuski.ba\/index.php\/2022\/03\/07\/zelenskij-ako-nam-ne-date-avione-zelite-da-nas-da-ubiju\/","og_site_name":"RADIO LJUBU\u0160KI","article_publisher":"https:\/\/www.facebook.com\/Radiio-Ljubuski-1490835324566332","article_published_time":"2022-03-07T09:29:56+00:00","og_image":[{"width":1000,"height":625,"url":"https:\/\/radioljubuski.ba\/wp-content\/uploads\/2022\/02\/8-2022-02-26-12-39-43-ZELENSKI-VOLODOMIR.png","type":"image\/png"}],"author":"Radio Ljubu\u0161ki","twitter_card":"summary_large_image","twitter_creator":"@radioljubuski","twitter_site":"@radioljubuski","twitter_misc":{"Napisao\/la":"Radio Ljubu\u0161ki","Procijenjeno vrijeme \u010ditanja":"2 minute"},"schema":{"@context":"https:\/\/schema.org","@graph":[{"@type":"Article","@id":"https:\/\/radioljubuski.ba\/index.php\/2022\/03\/07\/zelenskij-ako-nam-ne-date-avione-zelite-da-nas-da-ubiju\/#article","isPartOf":{"@id":"https:\/\/radioljubuski.ba\/index.php\/2022\/03\/07\/zelenskij-ako-nam-ne-date-avione-zelite-da-nas-da-ubiju\/"},"author":{"name":"Radio Ljubu\u0161ki","@id":"https:\/\/radioljubuski.ba\/#\/schema\/person\/19fc700381a780f69665d7956c469e3b"},"headline":"Zelenskij: \u2018Ako nam ne date avione, \u017eelite da nas da ubiju\u2018","datePublished":"2022-03-07T09:29:56+00:00","mainEntityOfPage":{"@id":"https:\/\/radioljubuski.ba\/index.php\/2022\/03\/07\/zelenskij-ako-nam-ne-date-avione-zelite-da-nas-da-ubiju\/"},"wordCount":439,"publisher":{"@id":"https:\/\/radioljubuski.ba\/#organization"},"image":{"@id":"https:\/\/radioljubuski.ba\/index.php\/2022\/03\/07\/zelenskij-ako-nam-ne-date-avione-zelite-da-nas-da-ubiju\/#primaryimage"},"thumbnailUrl":"https:\/\/radioljubuski.ba\/wp-content\/uploads\/2022\/02\/8-2022-02-26-12-39-43-ZELENSKI-VOLODOMIR.png","articleSection":["BIH i regija"],"inLanguage":"hr"},{"@type":"WebPage","@id":"https:\/\/radioljubuski.ba\/index.php\/2022\/03\/07\/zelenskij-ako-nam-ne-date-avione-zelite-da-nas-da-ubiju\/","url":"https:\/\/radioljubuski.ba\/index.php\/2022\/03\/07\/zelenskij-ako-nam-ne-date-avione-zelite-da-nas-da-ubiju\/","name":"Zelenskij: \u2018Ako nam ne date avione, \u017eelite da nas da ubiju\u2018 - RADIO LJUBU\u0160KI","isPartOf":{"@id":"https:\/\/radioljubuski.ba\/#website"},"primaryImageOfPage":{"@id":"https:\/\/radioljubuski.ba\/index.php\/2022\/03\/07\/zelenskij-ako-nam-ne-date-avione-zelite-da-nas-da-ubiju\/#primaryimage"},"image":{"@id":"https:\/\/radioljubuski.ba\/index.php\/2022\/03\/07\/zelenskij-ako-nam-ne-date-avione-zelite-da-nas-da-ubiju\/#primaryimage"},"thumbnailUrl":"https:\/\/radioljubuski.ba\/wp-content\/uploads\/2022\/02\/8-2022-02-26-12-39-43-ZELENSKI-VOLODOMIR.png","datePublished":"2022-03-07T09:29:56+00:00","breadcrumb":{"@id":"https:\/\/radioljubuski.ba\/index.php\/2022\/03\/07\/zelenskij-ako-nam-ne-date-avione-zelite-da-nas-da-ubiju\/#breadcrumb"},"inLanguage":"hr","potentialAction":[{"@type":"ReadAction","target":["https:\/\/radioljubuski.ba\/index.php\/2022\/03\/07\/zelenskij-ako-nam-ne-date-avione-zelite-da-nas-da-ubiju\/"]}]},{"@type":"ImageObject","inLanguage":"hr","@id":"https:\/\/radioljubuski.ba\/index.php\/2022\/03\/07\/zelenskij-ako-nam-ne-date-avione-zelite-da-nas-da-ubiju\/#primaryimage","url":"https:\/\/radioljubuski.ba\/wp-content\/uploads\/2022\/02\/8-2022-02-26-12-39-43-ZELENSKI-VOLODOMIR.png","contentUrl":"https:\/\/radioljubuski.ba\/wp-content\/uploads\/2022\/02\/8-2022-02-26-12-39-43-ZELENSKI-VOLODOMIR.png","width":1000,"height":625},{"@type":"BreadcrumbList","@id":"https:\/\/radioljubuski.ba\/index.php\/2022\/03\/07\/zelenskij-ako-nam-ne-date-avione-zelite-da-nas-da-ubiju\/#breadcrumb","itemListElement":[{"@type":"ListItem","position":1,"name":"Po\u010detna stranica","item":"https:\/\/radioljubuski.ba\/"},{"@type":"ListItem","position":2,"name":"Zelenskij: \u2018Ako nam ne date avione, \u017eelite da nas da ubiju\u2018"}]},{"@type":"WebSite","@id":"https:\/\/radioljubuski.ba\/#website","url":"https:\/\/radioljubuski.ba\/","name":"Radio Ljubu\u0161ki","description":"Sun\u010dana frekvencija Hercegovine","publisher":{"@id":"https:\/\/radioljubuski.ba\/#organization"},"potentialAction":[{"@type":"SearchAction","target":{"@type":"EntryPoint","urlTemplate":"https:\/\/radioljubuski.ba\/?s={search_term_string}"},"query-input":{"@type":"PropertyValueSpecification","valueRequired":true,"valueName":"search_term_string"}}],"inLanguage":"hr"},{"@type":"Organization","@id":"https:\/\/radioljubuski.ba\/#organization","name":"Radio Ljubu\u0161ki","url":"https:\/\/radioljubuski.ba\/","logo":{"@type":"ImageObject","inLanguage":"hr","@id":"https:\/\/radioljubuski.ba\/#\/schema\/logo\/image\/","url":"https:\/\/radioljubuski.ba\/wp-content\/uploads\/2021\/02\/cropped-Radio_Ljubuski_logo1.jpg","contentUrl":"https:\/\/radioljubuski.ba\/wp-content\/uploads\/2021\/02\/cropped-Radio_Ljubuski_logo1.jpg","width":512,"height":512,"caption":"Radio Ljubu\u0161ki"},"image":{"@id":"https:\/\/radioljubuski.ba\/#\/schema\/logo\/image\/"},"sameAs":["https:\/\/www.facebook.com\/Radiio-Ljubuski-1490835324566332","https:\/\/x.com\/radioljubuski","https:\/\/hr.linkedin.com\/company\/radio-ljubuski","https:\/\/www.youtube.com\/channel\/UCHYaeO_n0Db3tjNGudGpXyw"]},{"@type":"Person","@id":"https:\/\/radioljubuski.ba\/#\/schema\/person\/19fc700381a780f69665d7956c469e3b","name":"Radio Ljubu\u0161ki"}]}},"_links":{"self":[{"href":"https:\/\/radioljubuski.ba\/index.php\/wp-json\/wp\/v2\/posts\/118755","targetHints":{"allow":["GET"]}}],"collection":[{"href":"https:\/\/radioljubuski.ba\/index.php\/wp-json\/wp\/v2\/posts"}],"about":[{"href":"https:\/\/radioljubuski.ba\/index.php\/wp-json\/wp\/v2\/types\/post"}],"author":[{"embeddable":true,"href":"https:\/\/radioljubuski.ba\/index.php\/wp-json\/wp\/v2\/users\/2"}],"replies":[{"embeddable":true,"href":"https:\/\/radioljubuski.ba\/index.php\/wp-json\/wp\/v2\/comments?post=118755"}],"version-history":[{"count":1,"href":"https:\/\/radioljubuski.ba\/index.php\/wp-json\/wp\/v2\/posts\/118755\/revisions"}],"predecessor-version":[{"id":118756,"href":"https:\/\/radioljubuski.ba\/index.php\/wp-json\/wp\/v2\/posts\/118755\/revisions\/118756"}],"wp:featuredmedia":[{"embeddable":true,"href":"https:\/\/radioljubuski.ba\/index.php\/wp-json\/wp\/v2\/media\/116726"}],"wp:attachment":[{"href":"https:\/\/radioljubuski.ba\/index.php\/wp-json\/wp\/v2\/media?parent=118755"}],"wp:term":[{"taxonomy":"category","embeddable":true,"href":"https:\/\/radioljubuski.ba\/index.php\/wp-json\/wp\/v2\/categories?post=118755"},{"taxonomy":"post_tag","embeddable":true,"href":"https:\/\/radioljubuski.ba\/index.php\/wp-json\/wp\/v2\/tags?post=118755"}],"curies":[{"name":"wp","href":"https:\/\/api.w.org\/{rel}","templated":true}]}}