{"id":118763,"date":"2022-03-07T10:35:08","date_gmt":"2022-03-07T09:35:08","guid":{"rendered":"https:\/\/radioljubuski.ba\/?p=118763"},"modified":"2022-03-07T10:35:10","modified_gmt":"2022-03-07T09:35:10","slug":"poljaci-na-granici-i-zeljeznickim-postajama-ostavljaju-djecja-kolica-za-ukrajinske-majke","status":"publish","type":"post","link":"https:\/\/radioljubuski.ba\/index.php\/2022\/03\/07\/poljaci-na-granici-i-zeljeznickim-postajama-ostavljaju-djecja-kolica-za-ukrajinske-majke\/","title":{"rendered":"Poljaci na granici i \u017eeljezni\u010dkim postajama ostavljaju dje\u010dja kolica za ukrajinske majke"},"content":{"rendered":"\n<p>Fotografija reportera iz Poljske gdje ve\u0107 danima sti\u017eu stotine tisu\u0107a ukrajinskih izbjeglica, govori vi\u0161e od tisu\u0107u rije\u010di.&nbsp;<\/p>\n\n\n\n<p>Majke iz Poljske ostavljaju dje\u010dja kolica na \u017eeljezni\u010dkim stanicama kako bi pomogle izbjeglicama iz Ukrajine koje masovno pristi\u017eu s djecom, objavljeno je na Redditu uz fotografiju jedne od takvih scena.<\/p>\n\n\n\n<p>Od vihora rata, smrti i zla svaki dan iz Ukrajine tra\u017ee\u0107i spas bje\u017ee tisu\u0107e mali\u0161ana. U kolonama, pje\u0161a\u010de\u0107i, \u017eele prona\u0107i mjesto gdje \u0107e ponovno mo\u0107i nastaviti \u017eivjeti bezbri\u017eno i sretno, ako je to mogu\u0107e. Mala, nevina bi\u0107a koja jo\u0161 ne mogu shvatiti za\u0161to ljudi imaju potrebu pucati jedni na druge, morala su prekinuti svoje igre, bezbri\u017ene \u0161kolske dane, morala su ostaviti svoje o\u010deve i zaputiti se u nepoznato.<\/p>\n\n\n\n<p>Na granici Ukrajine i Poljske pa\u017enju&nbsp; novinara privukla su prazna dje\u010dja kolica koja Poljakinje ostavljaju na mjestima gdje pristi\u017eu izbjeglice, prenosi N1.<\/p>\n\n\n\n<p>Kolica su namijenjena mali\u0161anima koji sti\u017eu u tu zemlju. U kolicima se naj\u010de\u0161\u0107e nalaze i sve ostale potrep\u0161tine za bebe.<\/p>\n\n\n\n<blockquote class=\"twitter-tweet\"><p lang=\"en\" dir=\"ltr\">IMAGE: Parents in Poland left their baby strollers in rail road stations for the Ukrainian moms that fled carrying their children. <a href=\"https:\/\/t.co\/ydBdR1Kha0\">pic.twitter.com\/ydBdR1Kha0<\/a><\/p>&mdash; Pubity Latest (@pubitylatest) <a href=\"https:\/\/twitter.com\/pubitylatest\/status\/1500469246350209028?ref_src=twsrc%5Etfw\">March 6, 2022<\/a><\/blockquote> <script async src=\"https:\/\/platform.twitter.com\/widgets.js\" charset=\"utf-8\"><\/script> \n\n\n\n<p>Izvor:N1<\/p>\n","protected":false},"excerpt":{"rendered":"<p>Fotografija reportera iz Poljske gdje ve\u0107 danima sti\u017eu stotine tisu\u0107a ukrajinskih izbjeglica, govori vi\u0161e od tisu\u0107u rije\u010di.&nbsp; Majke iz Poljske ostavljaju dje\u010dja kolica na \u017eeljezni\u010dkim stanicama kako bi pomogle izbjeglicama iz Ukrajine koje masovno pristi\u017eu s djecom, objavljeno je na Redditu uz fotografiju jedne od takvih scena. Od vihora rata, smrti i zla svaki dan [&hellip;]<\/p>\n","protected":false},"author":2,"featured_media":118764,"comment_status":"closed","ping_status":"closed","sticky":false,"template":"","format":"standard","meta":{"h5ap_radio_sources":[],"footnotes":""},"categories":[1],"tags":[],"class_list":["post-118763","post","type-post","status-publish","format-standard","has-post-thumbnail","hentry","category-bihiregija"],"yoast_head":"<!-- This site is optimized with the Yoast SEO plugin v27.5 - https:\/\/yoast.com\/product\/yoast-seo-wordpress\/ -->\n<title>Poljaci na granici i \u017eeljezni\u010dkim postajama ostavljaju dje\u010dja kolica za ukrajinske majke - RADIO LJUBU\u0160KI<\/title>\n<meta name=\"robots\" content=\"index, follow, max-snippet:-1, max-image-preview:large, max-video-preview:-1\" \/>\n<link rel=\"canonical\" href=\"https:\/\/radioljubuski.ba\/index.php\/2022\/03\/07\/poljaci-na-granici-i-zeljeznickim-postajama-ostavljaju-djecja-kolica-za-ukrajinske-majke\/\" \/>\n<meta property=\"og:locale\" content=\"hr_HR\" \/>\n<meta property=\"og:type\" content=\"article\" \/>\n<meta property=\"og:title\" content=\"Poljaci na granici i \u017eeljezni\u010dkim postajama ostavljaju dje\u010dja kolica za ukrajinske majke - RADIO LJUBU\u0160KI\" \/>\n<meta property=\"og:description\" content=\"Fotografija reportera iz Poljske gdje ve\u0107 danima sti\u017eu stotine tisu\u0107a ukrajinskih izbjeglica, govori vi\u0161e od tisu\u0107u rije\u010di.&nbsp; Majke iz Poljske ostavljaju dje\u010dja kolica na \u017eeljezni\u010dkim stanicama kako bi pomogle izbjeglicama iz Ukrajine koje masovno pristi\u017eu s djecom, objavljeno je na Redditu uz fotografiju jedne od takvih scena. Od vihora rata, smrti i zla svaki dan [&hellip;]\" \/>\n<meta property=\"og:url\" content=\"https:\/\/radioljubuski.ba\/index.php\/2022\/03\/07\/poljaci-na-granici-i-zeljeznickim-postajama-ostavljaju-djecja-kolica-za-ukrajinske-majke\/\" \/>\n<meta property=\"og:site_name\" content=\"RADIO LJUBU\u0160KI\" \/>\n<meta property=\"article:publisher\" content=\"https:\/\/www.facebook.com\/Radiio-Ljubuski-1490835324566332\" \/>\n<meta property=\"article:published_time\" content=\"2022-03-07T09:35:08+00:00\" \/>\n<meta property=\"article:modified_time\" content=\"2022-03-07T09:35:10+00:00\" \/>\n<meta property=\"og:image\" content=\"https:\/\/radioljubuski.ba\/wp-content\/uploads\/2022\/03\/11.png\" \/>\n\t<meta property=\"og:image:width\" content=\"835\" \/>\n\t<meta property=\"og:image:height\" content=\"525\" \/>\n\t<meta property=\"og:image:type\" content=\"image\/png\" \/>\n<meta name=\"author\" content=\"Radio Ljubu\u0161ki\" \/>\n<meta name=\"twitter:card\" content=\"summary_large_image\" \/>\n<meta name=\"twitter:creator\" content=\"@radioljubuski\" \/>\n<meta name=\"twitter:site\" content=\"@radioljubuski\" \/>\n<meta name=\"twitter:label1\" content=\"Napisao\/la\" \/>\n\t<meta name=\"twitter:data1\" content=\"Radio Ljubu\u0161ki\" \/>\n\t<meta name=\"twitter:label2\" content=\"Procijenjeno vrijeme \u010ditanja\" \/>\n\t<meta name=\"twitter:data2\" content=\"1 minuta\" \/>\n<script type=\"application\/ld+json\" class=\"yoast-schema-graph\">{\"@context\":\"https:\\\/\\\/schema.org\",\"@graph\":[{\"@type\":\"Article\",\"@id\":\"https:\\\/\\\/radioljubuski.ba\\\/index.php\\\/2022\\\/03\\\/07\\\/poljaci-na-granici-i-zeljeznickim-postajama-ostavljaju-djecja-kolica-za-ukrajinske-majke\\\/#article\",\"isPartOf\":{\"@id\":\"https:\\\/\\\/radioljubuski.ba\\\/index.php\\\/2022\\\/03\\\/07\\\/poljaci-na-granici-i-zeljeznickim-postajama-ostavljaju-djecja-kolica-za-ukrajinske-majke\\\/\"},\"author\":{\"name\":\"Radio Ljubu\u0161ki\",\"@id\":\"https:\\\/\\\/radioljubuski.ba\\\/#\\\/schema\\\/person\\\/19fc700381a780f69665d7956c469e3b\"},\"headline\":\"Poljaci na granici i \u017eeljezni\u010dkim postajama ostavljaju dje\u010dja kolica za ukrajinske majke\",\"datePublished\":\"2022-03-07T09:35:08+00:00\",\"dateModified\":\"2022-03-07T09:35:10+00:00\",\"mainEntityOfPage\":{\"@id\":\"https:\\\/\\\/radioljubuski.ba\\\/index.php\\\/2022\\\/03\\\/07\\\/poljaci-na-granici-i-zeljeznickim-postajama-ostavljaju-djecja-kolica-za-ukrajinske-majke\\\/\"},\"wordCount\":238,\"publisher\":{\"@id\":\"https:\\\/\\\/radioljubuski.ba\\\/#organization\"},\"image\":{\"@id\":\"https:\\\/\\\/radioljubuski.ba\\\/index.php\\\/2022\\\/03\\\/07\\\/poljaci-na-granici-i-zeljeznickim-postajama-ostavljaju-djecja-kolica-za-ukrajinske-majke\\\/#primaryimage\"},\"thumbnailUrl\":\"https:\\\/\\\/radioljubuski.ba\\\/wp-content\\\/uploads\\\/2022\\\/03\\\/11.png\",\"articleSection\":[\"BIH i regija\"],\"inLanguage\":\"hr\"},{\"@type\":\"WebPage\",\"@id\":\"https:\\\/\\\/radioljubuski.ba\\\/index.php\\\/2022\\\/03\\\/07\\\/poljaci-na-granici-i-zeljeznickim-postajama-ostavljaju-djecja-kolica-za-ukrajinske-majke\\\/\",\"url\":\"https:\\\/\\\/radioljubuski.ba\\\/index.php\\\/2022\\\/03\\\/07\\\/poljaci-na-granici-i-zeljeznickim-postajama-ostavljaju-djecja-kolica-za-ukrajinske-majke\\\/\",\"name\":\"Poljaci na granici i \u017eeljezni\u010dkim postajama ostavljaju dje\u010dja kolica za ukrajinske majke - RADIO LJUBU\u0160KI\",\"isPartOf\":{\"@id\":\"https:\\\/\\\/radioljubuski.ba\\\/#website\"},\"primaryImageOfPage\":{\"@id\":\"https:\\\/\\\/radioljubuski.ba\\\/index.php\\\/2022\\\/03\\\/07\\\/poljaci-na-granici-i-zeljeznickim-postajama-ostavljaju-djecja-kolica-za-ukrajinske-majke\\\/#primaryimage\"},\"image\":{\"@id\":\"https:\\\/\\\/radioljubuski.ba\\\/index.php\\\/2022\\\/03\\\/07\\\/poljaci-na-granici-i-zeljeznickim-postajama-ostavljaju-djecja-kolica-za-ukrajinske-majke\\\/#primaryimage\"},\"thumbnailUrl\":\"https:\\\/\\\/radioljubuski.ba\\\/wp-content\\\/uploads\\\/2022\\\/03\\\/11.png\",\"datePublished\":\"2022-03-07T09:35:08+00:00\",\"dateModified\":\"2022-03-07T09:35:10+00:00\",\"breadcrumb\":{\"@id\":\"https:\\\/\\\/radioljubuski.ba\\\/index.php\\\/2022\\\/03\\\/07\\\/poljaci-na-granici-i-zeljeznickim-postajama-ostavljaju-djecja-kolica-za-ukrajinske-majke\\\/#breadcrumb\"},\"inLanguage\":\"hr\",\"potentialAction\":[{\"@type\":\"ReadAction\",\"target\":[\"https:\\\/\\\/radioljubuski.ba\\\/index.php\\\/2022\\\/03\\\/07\\\/poljaci-na-granici-i-zeljeznickim-postajama-ostavljaju-djecja-kolica-za-ukrajinske-majke\\\/\"]}]},{\"@type\":\"ImageObject\",\"inLanguage\":\"hr\",\"@id\":\"https:\\\/\\\/radioljubuski.ba\\\/index.php\\\/2022\\\/03\\\/07\\\/poljaci-na-granici-i-zeljeznickim-postajama-ostavljaju-djecja-kolica-za-ukrajinske-majke\\\/#primaryimage\",\"url\":\"https:\\\/\\\/radioljubuski.ba\\\/wp-content\\\/uploads\\\/2022\\\/03\\\/11.png\",\"contentUrl\":\"https:\\\/\\\/radioljubuski.ba\\\/wp-content\\\/uploads\\\/2022\\\/03\\\/11.png\",\"width\":835,\"height\":525},{\"@type\":\"BreadcrumbList\",\"@id\":\"https:\\\/\\\/radioljubuski.ba\\\/index.php\\\/2022\\\/03\\\/07\\\/poljaci-na-granici-i-zeljeznickim-postajama-ostavljaju-djecja-kolica-za-ukrajinske-majke\\\/#breadcrumb\",\"itemListElement\":[{\"@type\":\"ListItem\",\"position\":1,\"name\":\"Po\u010detna stranica\",\"item\":\"https:\\\/\\\/radioljubuski.ba\\\/\"},{\"@type\":\"ListItem\",\"position\":2,\"name\":\"Poljaci na granici i \u017eeljezni\u010dkim postajama ostavljaju dje\u010dja kolica za ukrajinske majke\"}]},{\"@type\":\"WebSite\",\"@id\":\"https:\\\/\\\/radioljubuski.ba\\\/#website\",\"url\":\"https:\\\/\\\/radioljubuski.ba\\\/\",\"name\":\"Radio Ljubu\u0161ki\",\"description\":\"Sun\u010dana frekvencija Hercegovine\",\"publisher\":{\"@id\":\"https:\\\/\\\/radioljubuski.ba\\\/#organization\"},\"potentialAction\":[{\"@type\":\"SearchAction\",\"target\":{\"@type\":\"EntryPoint\",\"urlTemplate\":\"https:\\\/\\\/radioljubuski.ba\\\/?s={search_term_string}\"},\"query-input\":{\"@type\":\"PropertyValueSpecification\",\"valueRequired\":true,\"valueName\":\"search_term_string\"}}],\"inLanguage\":\"hr\"},{\"@type\":\"Organization\",\"@id\":\"https:\\\/\\\/radioljubuski.ba\\\/#organization\",\"name\":\"Radio Ljubu\u0161ki\",\"url\":\"https:\\\/\\\/radioljubuski.ba\\\/\",\"logo\":{\"@type\":\"ImageObject\",\"inLanguage\":\"hr\",\"@id\":\"https:\\\/\\\/radioljubuski.ba\\\/#\\\/schema\\\/logo\\\/image\\\/\",\"url\":\"https:\\\/\\\/radioljubuski.ba\\\/wp-content\\\/uploads\\\/2021\\\/02\\\/cropped-Radio_Ljubuski_logo1.jpg\",\"contentUrl\":\"https:\\\/\\\/radioljubuski.ba\\\/wp-content\\\/uploads\\\/2021\\\/02\\\/cropped-Radio_Ljubuski_logo1.jpg\",\"width\":512,\"height\":512,\"caption\":\"Radio Ljubu\u0161ki\"},\"image\":{\"@id\":\"https:\\\/\\\/radioljubuski.ba\\\/#\\\/schema\\\/logo\\\/image\\\/\"},\"sameAs\":[\"https:\\\/\\\/www.facebook.com\\\/Radiio-Ljubuski-1490835324566332\",\"https:\\\/\\\/x.com\\\/radioljubuski\",\"https:\\\/\\\/hr.linkedin.com\\\/company\\\/radio-ljubuski\",\"https:\\\/\\\/www.youtube.com\\\/channel\\\/UCHYaeO_n0Db3tjNGudGpXyw\"]},{\"@type\":\"Person\",\"@id\":\"https:\\\/\\\/radioljubuski.ba\\\/#\\\/schema\\\/person\\\/19fc700381a780f69665d7956c469e3b\",\"name\":\"Radio Ljubu\u0161ki\"}]}<\/script>\n<!-- \/ Yoast SEO plugin. -->","yoast_head_json":{"title":"Poljaci na granici i \u017eeljezni\u010dkim postajama ostavljaju dje\u010dja kolica za ukrajinske majke - RADIO LJUBU\u0160KI","robots":{"index":"index","follow":"follow","max-snippet":"max-snippet:-1","max-image-preview":"max-image-preview:large","max-video-preview":"max-video-preview:-1"},"canonical":"https:\/\/radioljubuski.ba\/index.php\/2022\/03\/07\/poljaci-na-granici-i-zeljeznickim-postajama-ostavljaju-djecja-kolica-za-ukrajinske-majke\/","og_locale":"hr_HR","og_type":"article","og_title":"Poljaci na granici i \u017eeljezni\u010dkim postajama ostavljaju dje\u010dja kolica za ukrajinske majke - RADIO LJUBU\u0160KI","og_description":"Fotografija reportera iz Poljske gdje ve\u0107 danima sti\u017eu stotine tisu\u0107a ukrajinskih izbjeglica, govori vi\u0161e od tisu\u0107u rije\u010di.&nbsp; Majke iz Poljske ostavljaju dje\u010dja kolica na \u017eeljezni\u010dkim stanicama kako bi pomogle izbjeglicama iz Ukrajine koje masovno pristi\u017eu s djecom, objavljeno je na Redditu uz fotografiju jedne od takvih scena. Od vihora rata, smrti i zla svaki dan [&hellip;]","og_url":"https:\/\/radioljubuski.ba\/index.php\/2022\/03\/07\/poljaci-na-granici-i-zeljeznickim-postajama-ostavljaju-djecja-kolica-za-ukrajinske-majke\/","og_site_name":"RADIO LJUBU\u0160KI","article_publisher":"https:\/\/www.facebook.com\/Radiio-Ljubuski-1490835324566332","article_published_time":"2022-03-07T09:35:08+00:00","article_modified_time":"2022-03-07T09:35:10+00:00","og_image":[{"width":835,"height":525,"url":"https:\/\/radioljubuski.ba\/wp-content\/uploads\/2022\/03\/11.png","type":"image\/png"}],"author":"Radio Ljubu\u0161ki","twitter_card":"summary_large_image","twitter_creator":"@radioljubuski","twitter_site":"@radioljubuski","twitter_misc":{"Napisao\/la":"Radio Ljubu\u0161ki","Procijenjeno vrijeme \u010ditanja":"1 minuta"},"schema":{"@context":"https:\/\/schema.org","@graph":[{"@type":"Article","@id":"https:\/\/radioljubuski.ba\/index.php\/2022\/03\/07\/poljaci-na-granici-i-zeljeznickim-postajama-ostavljaju-djecja-kolica-za-ukrajinske-majke\/#article","isPartOf":{"@id":"https:\/\/radioljubuski.ba\/index.php\/2022\/03\/07\/poljaci-na-granici-i-zeljeznickim-postajama-ostavljaju-djecja-kolica-za-ukrajinske-majke\/"},"author":{"name":"Radio Ljubu\u0161ki","@id":"https:\/\/radioljubuski.ba\/#\/schema\/person\/19fc700381a780f69665d7956c469e3b"},"headline":"Poljaci na granici i \u017eeljezni\u010dkim postajama ostavljaju dje\u010dja kolica za ukrajinske majke","datePublished":"2022-03-07T09:35:08+00:00","dateModified":"2022-03-07T09:35:10+00:00","mainEntityOfPage":{"@id":"https:\/\/radioljubuski.ba\/index.php\/2022\/03\/07\/poljaci-na-granici-i-zeljeznickim-postajama-ostavljaju-djecja-kolica-za-ukrajinske-majke\/"},"wordCount":238,"publisher":{"@id":"https:\/\/radioljubuski.ba\/#organization"},"image":{"@id":"https:\/\/radioljubuski.ba\/index.php\/2022\/03\/07\/poljaci-na-granici-i-zeljeznickim-postajama-ostavljaju-djecja-kolica-za-ukrajinske-majke\/#primaryimage"},"thumbnailUrl":"https:\/\/radioljubuski.ba\/wp-content\/uploads\/2022\/03\/11.png","articleSection":["BIH i regija"],"inLanguage":"hr"},{"@type":"WebPage","@id":"https:\/\/radioljubuski.ba\/index.php\/2022\/03\/07\/poljaci-na-granici-i-zeljeznickim-postajama-ostavljaju-djecja-kolica-za-ukrajinske-majke\/","url":"https:\/\/radioljubuski.ba\/index.php\/2022\/03\/07\/poljaci-na-granici-i-zeljeznickim-postajama-ostavljaju-djecja-kolica-za-ukrajinske-majke\/","name":"Poljaci na granici i \u017eeljezni\u010dkim postajama ostavljaju dje\u010dja kolica za ukrajinske majke - RADIO LJUBU\u0160KI","isPartOf":{"@id":"https:\/\/radioljubuski.ba\/#website"},"primaryImageOfPage":{"@id":"https:\/\/radioljubuski.ba\/index.php\/2022\/03\/07\/poljaci-na-granici-i-zeljeznickim-postajama-ostavljaju-djecja-kolica-za-ukrajinske-majke\/#primaryimage"},"image":{"@id":"https:\/\/radioljubuski.ba\/index.php\/2022\/03\/07\/poljaci-na-granici-i-zeljeznickim-postajama-ostavljaju-djecja-kolica-za-ukrajinske-majke\/#primaryimage"},"thumbnailUrl":"https:\/\/radioljubuski.ba\/wp-content\/uploads\/2022\/03\/11.png","datePublished":"2022-03-07T09:35:08+00:00","dateModified":"2022-03-07T09:35:10+00:00","breadcrumb":{"@id":"https:\/\/radioljubuski.ba\/index.php\/2022\/03\/07\/poljaci-na-granici-i-zeljeznickim-postajama-ostavljaju-djecja-kolica-za-ukrajinske-majke\/#breadcrumb"},"inLanguage":"hr","potentialAction":[{"@type":"ReadAction","target":["https:\/\/radioljubuski.ba\/index.php\/2022\/03\/07\/poljaci-na-granici-i-zeljeznickim-postajama-ostavljaju-djecja-kolica-za-ukrajinske-majke\/"]}]},{"@type":"ImageObject","inLanguage":"hr","@id":"https:\/\/radioljubuski.ba\/index.php\/2022\/03\/07\/poljaci-na-granici-i-zeljeznickim-postajama-ostavljaju-djecja-kolica-za-ukrajinske-majke\/#primaryimage","url":"https:\/\/radioljubuski.ba\/wp-content\/uploads\/2022\/03\/11.png","contentUrl":"https:\/\/radioljubuski.ba\/wp-content\/uploads\/2022\/03\/11.png","width":835,"height":525},{"@type":"BreadcrumbList","@id":"https:\/\/radioljubuski.ba\/index.php\/2022\/03\/07\/poljaci-na-granici-i-zeljeznickim-postajama-ostavljaju-djecja-kolica-za-ukrajinske-majke\/#breadcrumb","itemListElement":[{"@type":"ListItem","position":1,"name":"Po\u010detna stranica","item":"https:\/\/radioljubuski.ba\/"},{"@type":"ListItem","position":2,"name":"Poljaci na granici i \u017eeljezni\u010dkim postajama ostavljaju dje\u010dja kolica za ukrajinske majke"}]},{"@type":"WebSite","@id":"https:\/\/radioljubuski.ba\/#website","url":"https:\/\/radioljubuski.ba\/","name":"Radio Ljubu\u0161ki","description":"Sun\u010dana frekvencija Hercegovine","publisher":{"@id":"https:\/\/radioljubuski.ba\/#organization"},"potentialAction":[{"@type":"SearchAction","target":{"@type":"EntryPoint","urlTemplate":"https:\/\/radioljubuski.ba\/?s={search_term_string}"},"query-input":{"@type":"PropertyValueSpecification","valueRequired":true,"valueName":"search_term_string"}}],"inLanguage":"hr"},{"@type":"Organization","@id":"https:\/\/radioljubuski.ba\/#organization","name":"Radio Ljubu\u0161ki","url":"https:\/\/radioljubuski.ba\/","logo":{"@type":"ImageObject","inLanguage":"hr","@id":"https:\/\/radioljubuski.ba\/#\/schema\/logo\/image\/","url":"https:\/\/radioljubuski.ba\/wp-content\/uploads\/2021\/02\/cropped-Radio_Ljubuski_logo1.jpg","contentUrl":"https:\/\/radioljubuski.ba\/wp-content\/uploads\/2021\/02\/cropped-Radio_Ljubuski_logo1.jpg","width":512,"height":512,"caption":"Radio Ljubu\u0161ki"},"image":{"@id":"https:\/\/radioljubuski.ba\/#\/schema\/logo\/image\/"},"sameAs":["https:\/\/www.facebook.com\/Radiio-Ljubuski-1490835324566332","https:\/\/x.com\/radioljubuski","https:\/\/hr.linkedin.com\/company\/radio-ljubuski","https:\/\/www.youtube.com\/channel\/UCHYaeO_n0Db3tjNGudGpXyw"]},{"@type":"Person","@id":"https:\/\/radioljubuski.ba\/#\/schema\/person\/19fc700381a780f69665d7956c469e3b","name":"Radio Ljubu\u0161ki"}]}},"_links":{"self":[{"href":"https:\/\/radioljubuski.ba\/index.php\/wp-json\/wp\/v2\/posts\/118763","targetHints":{"allow":["GET"]}}],"collection":[{"href":"https:\/\/radioljubuski.ba\/index.php\/wp-json\/wp\/v2\/posts"}],"about":[{"href":"https:\/\/radioljubuski.ba\/index.php\/wp-json\/wp\/v2\/types\/post"}],"author":[{"embeddable":true,"href":"https:\/\/radioljubuski.ba\/index.php\/wp-json\/wp\/v2\/users\/2"}],"replies":[{"embeddable":true,"href":"https:\/\/radioljubuski.ba\/index.php\/wp-json\/wp\/v2\/comments?post=118763"}],"version-history":[{"count":1,"href":"https:\/\/radioljubuski.ba\/index.php\/wp-json\/wp\/v2\/posts\/118763\/revisions"}],"predecessor-version":[{"id":118766,"href":"https:\/\/radioljubuski.ba\/index.php\/wp-json\/wp\/v2\/posts\/118763\/revisions\/118766"}],"wp:featuredmedia":[{"embeddable":true,"href":"https:\/\/radioljubuski.ba\/index.php\/wp-json\/wp\/v2\/media\/118764"}],"wp:attachment":[{"href":"https:\/\/radioljubuski.ba\/index.php\/wp-json\/wp\/v2\/media?parent=118763"}],"wp:term":[{"taxonomy":"category","embeddable":true,"href":"https:\/\/radioljubuski.ba\/index.php\/wp-json\/wp\/v2\/categories?post=118763"},{"taxonomy":"post_tag","embeddable":true,"href":"https:\/\/radioljubuski.ba\/index.php\/wp-json\/wp\/v2\/tags?post=118763"}],"curies":[{"name":"wp","href":"https:\/\/api.w.org\/{rel}","templated":true}]}}