{"id":118772,"date":"2022-03-07T10:39:40","date_gmt":"2022-03-07T09:39:40","guid":{"rendered":"https:\/\/radioljubuski.ba\/?p=118772"},"modified":"2022-03-07T10:39:41","modified_gmt":"2022-03-07T09:39:41","slug":"ruski-plin-i-dalje-preko-ukrajine-ide-za-europu","status":"publish","type":"post","link":"https:\/\/radioljubuski.ba\/index.php\/2022\/03\/07\/ruski-plin-i-dalje-preko-ukrajine-ide-za-europu\/","title":{"rendered":"Ruski plin i dalje preko Ukrajine ide za Europu"},"content":{"rendered":"\n<p>Rusija nastavlja isporuke plina Europi preko Ukrajine u redovitim koli\u010dinama, izvijestio je ruski dr\u017eavni energetski gigant Gazprom u nedjelju.<\/p>\n\n\n\n<p>Gazprom provodi tranzit ruskog plina preko ukrajinskog teritorija u redovitim koli\u010dinama prema zahtjevima europskih potro\u0161a\u010da, kazao je glasnogovornik Gazproma Sergej Kuprijanov u nedjelju, a prenosi ruska novinska agencija Interfax. Sukladno tome, u nedjelju je u tranzit pu\u0161teno 109,5 milijuna kubi\u010dnih metara plina.<\/p>\n\n\n\n<p>Od ruske invazije na Ukrajinu, zemlje zapadne Europe Rusiji uvele su stroge sankcije zbog \u010dega su mnogi u strahu da \u0107e Moskva odgovoriti zaustavljanjem opskrbe plinom.<\/p>\n\n\n\n<p><strong><em>Plinovodi o\u0161te\u0107eni na \u0161est mjesta<\/em><\/strong><\/p>\n\n\n\n<p>Po izvje\u0161\u0107ima se \u010dini da su tijekom borbi u Ukrajini plinovodi o\u0161te\u0107eni na \u0161est mjesta. Zbog toga su tisu\u0107e ljudi ostale bez plina, prenijeli su iz ukrajinske novinske agencije UNIAN izvje\u0161\u0107e operatera ukrajinskog plinskog sustava. \u0160esnaest postaja za distribuciju plina u Ukrajini uklju\u010duju\u0107i i one oko Harkiva, Kijeva, Zaporo\u017eja, Donjecka i Luganska vi\u0161e nije u funkciji, prenose u izvje\u0161\u0107u.<\/p>\n\n\n\n<p><strong><em>Ja\u010danje veze Europe i Katara<\/em><\/strong><\/p>\n\n\n\n<p>Zabrinutost zbog mogu\u0107e obustave isporuka plina raste diljem Europske unije \u0161to je potaknulo Italiju da oja\u010da veze s Katarom koji je i do sada bio njihov najve\u0107i opskrbljiva\u010d plinom, a sve s ciljem osiguravanja ve\u0107ih koli\u010dina plina u budu\u0107nosti.<\/p>\n\n\n\n<p>Talijanski premijer Mario Draghi u ponedjeljak bi se u Bruxellesu trebao sastati s predsjednicom Europske komisije Ursulom von der Leyen. Talijanska vlada najavila je i da planira pove\u0107ati proizvodnju plina na obalama Sicilije.<\/p>\n\n\n\n<p>Izvor.pogled.ba<\/p>\n","protected":false},"excerpt":{"rendered":"<p>Rusija nastavlja isporuke plina Europi preko Ukrajine u redovitim koli\u010dinama, izvijestio je ruski dr\u017eavni energetski gigant Gazprom u nedjelju. Gazprom provodi tranzit ruskog plina preko ukrajinskog teritorija u redovitim koli\u010dinama prema zahtjevima europskih potro\u0161a\u010da, kazao je glasnogovornik Gazproma Sergej Kuprijanov u nedjelju, a prenosi ruska novinska agencija Interfax. Sukladno tome, u nedjelju je u tranzit [&hellip;]<\/p>\n","protected":false},"author":2,"featured_media":118774,"comment_status":"closed","ping_status":"closed","sticky":false,"template":"","format":"standard","meta":{"h5ap_radio_sources":[],"footnotes":""},"categories":[1],"tags":[],"class_list":["post-118772","post","type-post","status-publish","format-standard","has-post-thumbnail","hentry","category-bihiregija"],"yoast_head":"<!-- This site is optimized with the Yoast SEO plugin v27.5 - https:\/\/yoast.com\/product\/yoast-seo-wordpress\/ -->\n<title>Ruski plin i dalje preko Ukrajine ide za Europu - RADIO LJUBU\u0160KI<\/title>\n<meta name=\"robots\" content=\"index, follow, max-snippet:-1, max-image-preview:large, max-video-preview:-1\" \/>\n<link rel=\"canonical\" href=\"https:\/\/radioljubuski.ba\/index.php\/2022\/03\/07\/ruski-plin-i-dalje-preko-ukrajine-ide-za-europu\/\" \/>\n<meta property=\"og:locale\" content=\"hr_HR\" \/>\n<meta property=\"og:type\" content=\"article\" \/>\n<meta property=\"og:title\" content=\"Ruski plin i dalje preko Ukrajine ide za Europu - RADIO LJUBU\u0160KI\" \/>\n<meta property=\"og:description\" content=\"Rusija nastavlja isporuke plina Europi preko Ukrajine u redovitim koli\u010dinama, izvijestio je ruski dr\u017eavni energetski gigant Gazprom u nedjelju. Gazprom provodi tranzit ruskog plina preko ukrajinskog teritorija u redovitim koli\u010dinama prema zahtjevima europskih potro\u0161a\u010da, kazao je glasnogovornik Gazproma Sergej Kuprijanov u nedjelju, a prenosi ruska novinska agencija Interfax. Sukladno tome, u nedjelju je u tranzit [&hellip;]\" \/>\n<meta property=\"og:url\" content=\"https:\/\/radioljubuski.ba\/index.php\/2022\/03\/07\/ruski-plin-i-dalje-preko-ukrajine-ide-za-europu\/\" \/>\n<meta property=\"og:site_name\" content=\"RADIO LJUBU\u0160KI\" \/>\n<meta property=\"article:publisher\" content=\"https:\/\/www.facebook.com\/Radiio-Ljubuski-1490835324566332\" \/>\n<meta property=\"article:published_time\" content=\"2022-03-07T09:39:40+00:00\" \/>\n<meta property=\"article:modified_time\" content=\"2022-03-07T09:39:41+00:00\" \/>\n<meta property=\"og:image\" content=\"https:\/\/radioljubuski.ba\/wp-content\/uploads\/2022\/03\/3goNUx2J_plinovod.png\" \/>\n\t<meta property=\"og:image:width\" content=\"1000\" \/>\n\t<meta property=\"og:image:height\" content=\"625\" \/>\n\t<meta property=\"og:image:type\" content=\"image\/png\" \/>\n<meta name=\"author\" content=\"Radio Ljubu\u0161ki\" \/>\n<meta name=\"twitter:card\" content=\"summary_large_image\" \/>\n<meta name=\"twitter:creator\" content=\"@radioljubuski\" \/>\n<meta name=\"twitter:site\" content=\"@radioljubuski\" \/>\n<meta name=\"twitter:label1\" content=\"Napisao\/la\" \/>\n\t<meta name=\"twitter:data1\" content=\"Radio Ljubu\u0161ki\" \/>\n\t<meta name=\"twitter:label2\" content=\"Procijenjeno vrijeme \u010ditanja\" \/>\n\t<meta name=\"twitter:data2\" content=\"2 minute\" \/>\n<script type=\"application\/ld+json\" class=\"yoast-schema-graph\">{\"@context\":\"https:\\\/\\\/schema.org\",\"@graph\":[{\"@type\":\"Article\",\"@id\":\"https:\\\/\\\/radioljubuski.ba\\\/index.php\\\/2022\\\/03\\\/07\\\/ruski-plin-i-dalje-preko-ukrajine-ide-za-europu\\\/#article\",\"isPartOf\":{\"@id\":\"https:\\\/\\\/radioljubuski.ba\\\/index.php\\\/2022\\\/03\\\/07\\\/ruski-plin-i-dalje-preko-ukrajine-ide-za-europu\\\/\"},\"author\":{\"name\":\"Radio Ljubu\u0161ki\",\"@id\":\"https:\\\/\\\/radioljubuski.ba\\\/#\\\/schema\\\/person\\\/19fc700381a780f69665d7956c469e3b\"},\"headline\":\"Ruski plin i dalje preko Ukrajine ide za Europu\",\"datePublished\":\"2022-03-07T09:39:40+00:00\",\"dateModified\":\"2022-03-07T09:39:41+00:00\",\"mainEntityOfPage\":{\"@id\":\"https:\\\/\\\/radioljubuski.ba\\\/index.php\\\/2022\\\/03\\\/07\\\/ruski-plin-i-dalje-preko-ukrajine-ide-za-europu\\\/\"},\"wordCount\":266,\"publisher\":{\"@id\":\"https:\\\/\\\/radioljubuski.ba\\\/#organization\"},\"image\":{\"@id\":\"https:\\\/\\\/radioljubuski.ba\\\/index.php\\\/2022\\\/03\\\/07\\\/ruski-plin-i-dalje-preko-ukrajine-ide-za-europu\\\/#primaryimage\"},\"thumbnailUrl\":\"https:\\\/\\\/radioljubuski.ba\\\/wp-content\\\/uploads\\\/2022\\\/03\\\/3goNUx2J_plinovod.png\",\"articleSection\":[\"BIH i regija\"],\"inLanguage\":\"hr\"},{\"@type\":\"WebPage\",\"@id\":\"https:\\\/\\\/radioljubuski.ba\\\/index.php\\\/2022\\\/03\\\/07\\\/ruski-plin-i-dalje-preko-ukrajine-ide-za-europu\\\/\",\"url\":\"https:\\\/\\\/radioljubuski.ba\\\/index.php\\\/2022\\\/03\\\/07\\\/ruski-plin-i-dalje-preko-ukrajine-ide-za-europu\\\/\",\"name\":\"Ruski plin i dalje preko Ukrajine ide za Europu - RADIO LJUBU\u0160KI\",\"isPartOf\":{\"@id\":\"https:\\\/\\\/radioljubuski.ba\\\/#website\"},\"primaryImageOfPage\":{\"@id\":\"https:\\\/\\\/radioljubuski.ba\\\/index.php\\\/2022\\\/03\\\/07\\\/ruski-plin-i-dalje-preko-ukrajine-ide-za-europu\\\/#primaryimage\"},\"image\":{\"@id\":\"https:\\\/\\\/radioljubuski.ba\\\/index.php\\\/2022\\\/03\\\/07\\\/ruski-plin-i-dalje-preko-ukrajine-ide-za-europu\\\/#primaryimage\"},\"thumbnailUrl\":\"https:\\\/\\\/radioljubuski.ba\\\/wp-content\\\/uploads\\\/2022\\\/03\\\/3goNUx2J_plinovod.png\",\"datePublished\":\"2022-03-07T09:39:40+00:00\",\"dateModified\":\"2022-03-07T09:39:41+00:00\",\"breadcrumb\":{\"@id\":\"https:\\\/\\\/radioljubuski.ba\\\/index.php\\\/2022\\\/03\\\/07\\\/ruski-plin-i-dalje-preko-ukrajine-ide-za-europu\\\/#breadcrumb\"},\"inLanguage\":\"hr\",\"potentialAction\":[{\"@type\":\"ReadAction\",\"target\":[\"https:\\\/\\\/radioljubuski.ba\\\/index.php\\\/2022\\\/03\\\/07\\\/ruski-plin-i-dalje-preko-ukrajine-ide-za-europu\\\/\"]}]},{\"@type\":\"ImageObject\",\"inLanguage\":\"hr\",\"@id\":\"https:\\\/\\\/radioljubuski.ba\\\/index.php\\\/2022\\\/03\\\/07\\\/ruski-plin-i-dalje-preko-ukrajine-ide-za-europu\\\/#primaryimage\",\"url\":\"https:\\\/\\\/radioljubuski.ba\\\/wp-content\\\/uploads\\\/2022\\\/03\\\/3goNUx2J_plinovod.png\",\"contentUrl\":\"https:\\\/\\\/radioljubuski.ba\\\/wp-content\\\/uploads\\\/2022\\\/03\\\/3goNUx2J_plinovod.png\",\"width\":1000,\"height\":625},{\"@type\":\"BreadcrumbList\",\"@id\":\"https:\\\/\\\/radioljubuski.ba\\\/index.php\\\/2022\\\/03\\\/07\\\/ruski-plin-i-dalje-preko-ukrajine-ide-za-europu\\\/#breadcrumb\",\"itemListElement\":[{\"@type\":\"ListItem\",\"position\":1,\"name\":\"Po\u010detna stranica\",\"item\":\"https:\\\/\\\/radioljubuski.ba\\\/\"},{\"@type\":\"ListItem\",\"position\":2,\"name\":\"Ruski plin i dalje preko Ukrajine ide za Europu\"}]},{\"@type\":\"WebSite\",\"@id\":\"https:\\\/\\\/radioljubuski.ba\\\/#website\",\"url\":\"https:\\\/\\\/radioljubuski.ba\\\/\",\"name\":\"Radio Ljubu\u0161ki\",\"description\":\"Sun\u010dana frekvencija Hercegovine\",\"publisher\":{\"@id\":\"https:\\\/\\\/radioljubuski.ba\\\/#organization\"},\"potentialAction\":[{\"@type\":\"SearchAction\",\"target\":{\"@type\":\"EntryPoint\",\"urlTemplate\":\"https:\\\/\\\/radioljubuski.ba\\\/?s={search_term_string}\"},\"query-input\":{\"@type\":\"PropertyValueSpecification\",\"valueRequired\":true,\"valueName\":\"search_term_string\"}}],\"inLanguage\":\"hr\"},{\"@type\":\"Organization\",\"@id\":\"https:\\\/\\\/radioljubuski.ba\\\/#organization\",\"name\":\"Radio Ljubu\u0161ki\",\"url\":\"https:\\\/\\\/radioljubuski.ba\\\/\",\"logo\":{\"@type\":\"ImageObject\",\"inLanguage\":\"hr\",\"@id\":\"https:\\\/\\\/radioljubuski.ba\\\/#\\\/schema\\\/logo\\\/image\\\/\",\"url\":\"https:\\\/\\\/radioljubuski.ba\\\/wp-content\\\/uploads\\\/2021\\\/02\\\/cropped-Radio_Ljubuski_logo1.jpg\",\"contentUrl\":\"https:\\\/\\\/radioljubuski.ba\\\/wp-content\\\/uploads\\\/2021\\\/02\\\/cropped-Radio_Ljubuski_logo1.jpg\",\"width\":512,\"height\":512,\"caption\":\"Radio Ljubu\u0161ki\"},\"image\":{\"@id\":\"https:\\\/\\\/radioljubuski.ba\\\/#\\\/schema\\\/logo\\\/image\\\/\"},\"sameAs\":[\"https:\\\/\\\/www.facebook.com\\\/Radiio-Ljubuski-1490835324566332\",\"https:\\\/\\\/x.com\\\/radioljubuski\",\"https:\\\/\\\/hr.linkedin.com\\\/company\\\/radio-ljubuski\",\"https:\\\/\\\/www.youtube.com\\\/channel\\\/UCHYaeO_n0Db3tjNGudGpXyw\"]},{\"@type\":\"Person\",\"@id\":\"https:\\\/\\\/radioljubuski.ba\\\/#\\\/schema\\\/person\\\/19fc700381a780f69665d7956c469e3b\",\"name\":\"Radio Ljubu\u0161ki\"}]}<\/script>\n<!-- \/ Yoast SEO plugin. -->","yoast_head_json":{"title":"Ruski plin i dalje preko Ukrajine ide za Europu - RADIO LJUBU\u0160KI","robots":{"index":"index","follow":"follow","max-snippet":"max-snippet:-1","max-image-preview":"max-image-preview:large","max-video-preview":"max-video-preview:-1"},"canonical":"https:\/\/radioljubuski.ba\/index.php\/2022\/03\/07\/ruski-plin-i-dalje-preko-ukrajine-ide-za-europu\/","og_locale":"hr_HR","og_type":"article","og_title":"Ruski plin i dalje preko Ukrajine ide za Europu - RADIO LJUBU\u0160KI","og_description":"Rusija nastavlja isporuke plina Europi preko Ukrajine u redovitim koli\u010dinama, izvijestio je ruski dr\u017eavni energetski gigant Gazprom u nedjelju. Gazprom provodi tranzit ruskog plina preko ukrajinskog teritorija u redovitim koli\u010dinama prema zahtjevima europskih potro\u0161a\u010da, kazao je glasnogovornik Gazproma Sergej Kuprijanov u nedjelju, a prenosi ruska novinska agencija Interfax. Sukladno tome, u nedjelju je u tranzit [&hellip;]","og_url":"https:\/\/radioljubuski.ba\/index.php\/2022\/03\/07\/ruski-plin-i-dalje-preko-ukrajine-ide-za-europu\/","og_site_name":"RADIO LJUBU\u0160KI","article_publisher":"https:\/\/www.facebook.com\/Radiio-Ljubuski-1490835324566332","article_published_time":"2022-03-07T09:39:40+00:00","article_modified_time":"2022-03-07T09:39:41+00:00","og_image":[{"width":1000,"height":625,"url":"https:\/\/radioljubuski.ba\/wp-content\/uploads\/2022\/03\/3goNUx2J_plinovod.png","type":"image\/png"}],"author":"Radio Ljubu\u0161ki","twitter_card":"summary_large_image","twitter_creator":"@radioljubuski","twitter_site":"@radioljubuski","twitter_misc":{"Napisao\/la":"Radio Ljubu\u0161ki","Procijenjeno vrijeme \u010ditanja":"2 minute"},"schema":{"@context":"https:\/\/schema.org","@graph":[{"@type":"Article","@id":"https:\/\/radioljubuski.ba\/index.php\/2022\/03\/07\/ruski-plin-i-dalje-preko-ukrajine-ide-za-europu\/#article","isPartOf":{"@id":"https:\/\/radioljubuski.ba\/index.php\/2022\/03\/07\/ruski-plin-i-dalje-preko-ukrajine-ide-za-europu\/"},"author":{"name":"Radio Ljubu\u0161ki","@id":"https:\/\/radioljubuski.ba\/#\/schema\/person\/19fc700381a780f69665d7956c469e3b"},"headline":"Ruski plin i dalje preko Ukrajine ide za Europu","datePublished":"2022-03-07T09:39:40+00:00","dateModified":"2022-03-07T09:39:41+00:00","mainEntityOfPage":{"@id":"https:\/\/radioljubuski.ba\/index.php\/2022\/03\/07\/ruski-plin-i-dalje-preko-ukrajine-ide-za-europu\/"},"wordCount":266,"publisher":{"@id":"https:\/\/radioljubuski.ba\/#organization"},"image":{"@id":"https:\/\/radioljubuski.ba\/index.php\/2022\/03\/07\/ruski-plin-i-dalje-preko-ukrajine-ide-za-europu\/#primaryimage"},"thumbnailUrl":"https:\/\/radioljubuski.ba\/wp-content\/uploads\/2022\/03\/3goNUx2J_plinovod.png","articleSection":["BIH i regija"],"inLanguage":"hr"},{"@type":"WebPage","@id":"https:\/\/radioljubuski.ba\/index.php\/2022\/03\/07\/ruski-plin-i-dalje-preko-ukrajine-ide-za-europu\/","url":"https:\/\/radioljubuski.ba\/index.php\/2022\/03\/07\/ruski-plin-i-dalje-preko-ukrajine-ide-za-europu\/","name":"Ruski plin i dalje preko Ukrajine ide za Europu - RADIO LJUBU\u0160KI","isPartOf":{"@id":"https:\/\/radioljubuski.ba\/#website"},"primaryImageOfPage":{"@id":"https:\/\/radioljubuski.ba\/index.php\/2022\/03\/07\/ruski-plin-i-dalje-preko-ukrajine-ide-za-europu\/#primaryimage"},"image":{"@id":"https:\/\/radioljubuski.ba\/index.php\/2022\/03\/07\/ruski-plin-i-dalje-preko-ukrajine-ide-za-europu\/#primaryimage"},"thumbnailUrl":"https:\/\/radioljubuski.ba\/wp-content\/uploads\/2022\/03\/3goNUx2J_plinovod.png","datePublished":"2022-03-07T09:39:40+00:00","dateModified":"2022-03-07T09:39:41+00:00","breadcrumb":{"@id":"https:\/\/radioljubuski.ba\/index.php\/2022\/03\/07\/ruski-plin-i-dalje-preko-ukrajine-ide-za-europu\/#breadcrumb"},"inLanguage":"hr","potentialAction":[{"@type":"ReadAction","target":["https:\/\/radioljubuski.ba\/index.php\/2022\/03\/07\/ruski-plin-i-dalje-preko-ukrajine-ide-za-europu\/"]}]},{"@type":"ImageObject","inLanguage":"hr","@id":"https:\/\/radioljubuski.ba\/index.php\/2022\/03\/07\/ruski-plin-i-dalje-preko-ukrajine-ide-za-europu\/#primaryimage","url":"https:\/\/radioljubuski.ba\/wp-content\/uploads\/2022\/03\/3goNUx2J_plinovod.png","contentUrl":"https:\/\/radioljubuski.ba\/wp-content\/uploads\/2022\/03\/3goNUx2J_plinovod.png","width":1000,"height":625},{"@type":"BreadcrumbList","@id":"https:\/\/radioljubuski.ba\/index.php\/2022\/03\/07\/ruski-plin-i-dalje-preko-ukrajine-ide-za-europu\/#breadcrumb","itemListElement":[{"@type":"ListItem","position":1,"name":"Po\u010detna stranica","item":"https:\/\/radioljubuski.ba\/"},{"@type":"ListItem","position":2,"name":"Ruski plin i dalje preko Ukrajine ide za Europu"}]},{"@type":"WebSite","@id":"https:\/\/radioljubuski.ba\/#website","url":"https:\/\/radioljubuski.ba\/","name":"Radio Ljubu\u0161ki","description":"Sun\u010dana frekvencija Hercegovine","publisher":{"@id":"https:\/\/radioljubuski.ba\/#organization"},"potentialAction":[{"@type":"SearchAction","target":{"@type":"EntryPoint","urlTemplate":"https:\/\/radioljubuski.ba\/?s={search_term_string}"},"query-input":{"@type":"PropertyValueSpecification","valueRequired":true,"valueName":"search_term_string"}}],"inLanguage":"hr"},{"@type":"Organization","@id":"https:\/\/radioljubuski.ba\/#organization","name":"Radio Ljubu\u0161ki","url":"https:\/\/radioljubuski.ba\/","logo":{"@type":"ImageObject","inLanguage":"hr","@id":"https:\/\/radioljubuski.ba\/#\/schema\/logo\/image\/","url":"https:\/\/radioljubuski.ba\/wp-content\/uploads\/2021\/02\/cropped-Radio_Ljubuski_logo1.jpg","contentUrl":"https:\/\/radioljubuski.ba\/wp-content\/uploads\/2021\/02\/cropped-Radio_Ljubuski_logo1.jpg","width":512,"height":512,"caption":"Radio Ljubu\u0161ki"},"image":{"@id":"https:\/\/radioljubuski.ba\/#\/schema\/logo\/image\/"},"sameAs":["https:\/\/www.facebook.com\/Radiio-Ljubuski-1490835324566332","https:\/\/x.com\/radioljubuski","https:\/\/hr.linkedin.com\/company\/radio-ljubuski","https:\/\/www.youtube.com\/channel\/UCHYaeO_n0Db3tjNGudGpXyw"]},{"@type":"Person","@id":"https:\/\/radioljubuski.ba\/#\/schema\/person\/19fc700381a780f69665d7956c469e3b","name":"Radio Ljubu\u0161ki"}]}},"_links":{"self":[{"href":"https:\/\/radioljubuski.ba\/index.php\/wp-json\/wp\/v2\/posts\/118772","targetHints":{"allow":["GET"]}}],"collection":[{"href":"https:\/\/radioljubuski.ba\/index.php\/wp-json\/wp\/v2\/posts"}],"about":[{"href":"https:\/\/radioljubuski.ba\/index.php\/wp-json\/wp\/v2\/types\/post"}],"author":[{"embeddable":true,"href":"https:\/\/radioljubuski.ba\/index.php\/wp-json\/wp\/v2\/users\/2"}],"replies":[{"embeddable":true,"href":"https:\/\/radioljubuski.ba\/index.php\/wp-json\/wp\/v2\/comments?post=118772"}],"version-history":[{"count":1,"href":"https:\/\/radioljubuski.ba\/index.php\/wp-json\/wp\/v2\/posts\/118772\/revisions"}],"predecessor-version":[{"id":118775,"href":"https:\/\/radioljubuski.ba\/index.php\/wp-json\/wp\/v2\/posts\/118772\/revisions\/118775"}],"wp:featuredmedia":[{"embeddable":true,"href":"https:\/\/radioljubuski.ba\/index.php\/wp-json\/wp\/v2\/media\/118774"}],"wp:attachment":[{"href":"https:\/\/radioljubuski.ba\/index.php\/wp-json\/wp\/v2\/media?parent=118772"}],"wp:term":[{"taxonomy":"category","embeddable":true,"href":"https:\/\/radioljubuski.ba\/index.php\/wp-json\/wp\/v2\/categories?post=118772"},{"taxonomy":"post_tag","embeddable":true,"href":"https:\/\/radioljubuski.ba\/index.php\/wp-json\/wp\/v2\/tags?post=118772"}],"curies":[{"name":"wp","href":"https:\/\/api.w.org\/{rel}","templated":true}]}}