{"id":118802,"date":"2022-03-07T11:41:23","date_gmt":"2022-03-07T10:41:23","guid":{"rendered":"https:\/\/radioljubuski.ba\/?p=118802"},"modified":"2022-03-07T11:41:24","modified_gmt":"2022-03-07T10:41:24","slug":"mazalica-ahmetovic-svojim-ratnohuskackim-i-kataklizmicnim-izjavama-siri-paniku-i-strah","status":"publish","type":"post","link":"https:\/\/radioljubuski.ba\/index.php\/2022\/03\/07\/mazalica-ahmetovic-svojim-ratnohuskackim-i-kataklizmicnim-izjavama-siri-paniku-i-strah\/","title":{"rendered":"Mazalica: Ahmetovi\u0107 svojim ratnohu\u0161ka\u010dkim i kataklizmi\u010dnim izjavama \u0161iri paniku i strah"},"content":{"rendered":"\n<p>Zastupnik SNSD-a u Narodnoj skup\u0161tini Republike Srpske Sr\u0111an Mazalica izjavio je Srni da specijalni izvjestitelj Bundestaga za Bosnu i Hercegovinu Adis Ahmetovi\u0107 \u0161iri strah, paniku i neizvijesnost me\u0111u gra\u0111anima i narodima u BiH.<\/p>\n\n\n\n<p>-Nemam ni\u0161ta protiv nijednog naroda i posebno nemam ni\u0161ta protiv da BiH poma\u017ee svako tko to mo\u017ee i \u017eeli sa ovih prostora. Ali jesam protiv toga da se njema\u010dki parlament mije\u0161a u unutarnja pitanja u BiH, da donosi odluke na bazi samo jednog, bo\u0161nja\u010dkog vi\u0111enja stvari u BiH, a posebno sam protiv toga da njema\u010dki parlamentarci porijeklom sa ovih prostora svojim ratnohu\u0161ka\u010dkim i kataklizmi\u010dnim izjavama \u0161ire paniku i strah, nanose\u0107i ogromnu \u0161tetu politi\u010dkoj stabilnosti i ekonomiji ove zemlje &#8211; istaknuo je Mazalica komentiraju\u0107i Ahmetovi\u0107evu izjavu da, kako ka\u017ee, malo nedostaje da u BiH izbije novi rat, samo se \u010deka prilika.<\/p>\n\n\n\n<p>Mazalica je naglasio da bi parlamentarca Ahmetovi\u0107a trebalo podsjetiti da rat u BiH nije izbio jer je netko izvana propustio priliku da ovdje intervenira, ve\u0107 zbog toga \u0161to njegov sunarodnjak Alija Izetbegovi\u0107 nije potpisao mirovni plan, a to jesu uradili Radovan Karad\u017ei\u0107 i Mate Boban.<\/p>\n\n\n\n<p>On je ocijenio da bi bilo dobro kad bi njema\u010dki parlamentarci sa vi\u0161e opreza spominjali i preporu\u010divali dodatno razmje\u0161tanje vojske u BiH, kao i davanje izjava koje ne doprinose stabilizaciji ovda\u0161njih politi\u010dkih i ekonomskih prilika, budu\u0107i da ova zemlja sa Njema\u010dkom ima prili\u010dno bolna, da ne ka\u017ee i tragi\u010dna iskustva iz pro\u0161losti.<\/p>\n\n\n\n<p>Izvor:pogled.ba<\/p>\n","protected":false},"excerpt":{"rendered":"<p>Zastupnik SNSD-a u Narodnoj skup\u0161tini Republike Srpske Sr\u0111an Mazalica izjavio je Srni da specijalni izvjestitelj Bundestaga za Bosnu i Hercegovinu Adis Ahmetovi\u0107 \u0161iri strah, paniku i neizvijesnost me\u0111u gra\u0111anima i narodima u BiH. -Nemam ni\u0161ta protiv nijednog naroda i posebno nemam ni\u0161ta protiv da BiH poma\u017ee svako tko to mo\u017ee i \u017eeli sa ovih prostora. [&hellip;]<\/p>\n","protected":false},"author":2,"featured_media":118803,"comment_status":"closed","ping_status":"closed","sticky":false,"template":"","format":"standard","meta":{"h5ap_radio_sources":[],"footnotes":""},"categories":[1],"tags":[],"class_list":["post-118802","post","type-post","status-publish","format-standard","has-post-thumbnail","hentry","category-bihiregija"],"yoast_head":"<!-- This site is optimized with the Yoast SEO plugin v27.5 - https:\/\/yoast.com\/product\/yoast-seo-wordpress\/ -->\n<title>Mazalica: Ahmetovi\u0107 svojim ratnohu\u0161ka\u010dkim i kataklizmi\u010dnim izjavama \u0161iri paniku i strah - RADIO LJUBU\u0160KI<\/title>\n<meta name=\"robots\" content=\"index, follow, max-snippet:-1, max-image-preview:large, max-video-preview:-1\" \/>\n<link rel=\"canonical\" href=\"https:\/\/radioljubuski.ba\/index.php\/2022\/03\/07\/mazalica-ahmetovic-svojim-ratnohuskackim-i-kataklizmicnim-izjavama-siri-paniku-i-strah\/\" \/>\n<meta property=\"og:locale\" content=\"hr_HR\" \/>\n<meta property=\"og:type\" content=\"article\" \/>\n<meta property=\"og:title\" content=\"Mazalica: Ahmetovi\u0107 svojim ratnohu\u0161ka\u010dkim i kataklizmi\u010dnim izjavama \u0161iri paniku i strah - RADIO LJUBU\u0160KI\" \/>\n<meta property=\"og:description\" content=\"Zastupnik SNSD-a u Narodnoj skup\u0161tini Republike Srpske Sr\u0111an Mazalica izjavio je Srni da specijalni izvjestitelj Bundestaga za Bosnu i Hercegovinu Adis Ahmetovi\u0107 \u0161iri strah, paniku i neizvijesnost me\u0111u gra\u0111anima i narodima u BiH. -Nemam ni\u0161ta protiv nijednog naroda i posebno nemam ni\u0161ta protiv da BiH poma\u017ee svako tko to mo\u017ee i \u017eeli sa ovih prostora. [&hellip;]\" \/>\n<meta property=\"og:url\" content=\"https:\/\/radioljubuski.ba\/index.php\/2022\/03\/07\/mazalica-ahmetovic-svojim-ratnohuskackim-i-kataklizmicnim-izjavama-siri-paniku-i-strah\/\" \/>\n<meta property=\"og:site_name\" content=\"RADIO LJUBU\u0160KI\" \/>\n<meta property=\"article:publisher\" content=\"https:\/\/www.facebook.com\/Radiio-Ljubuski-1490835324566332\" \/>\n<meta property=\"article:published_time\" content=\"2022-03-07T10:41:23+00:00\" \/>\n<meta property=\"article:modified_time\" content=\"2022-03-07T10:41:24+00:00\" \/>\n<meta property=\"og:image\" content=\"https:\/\/radioljubuski.ba\/wp-content\/uploads\/2022\/03\/2-2022-03-07-08-12-19-mazalica.jpg\" \/>\n\t<meta property=\"og:image:width\" content=\"1000\" \/>\n\t<meta property=\"og:image:height\" content=\"625\" \/>\n\t<meta property=\"og:image:type\" content=\"image\/jpeg\" \/>\n<meta name=\"author\" content=\"Radio Ljubu\u0161ki\" \/>\n<meta name=\"twitter:card\" content=\"summary_large_image\" \/>\n<meta name=\"twitter:creator\" content=\"@radioljubuski\" \/>\n<meta name=\"twitter:site\" content=\"@radioljubuski\" \/>\n<meta name=\"twitter:label1\" content=\"Napisao\/la\" \/>\n\t<meta name=\"twitter:data1\" content=\"Radio Ljubu\u0161ki\" \/>\n\t<meta name=\"twitter:label2\" content=\"Procijenjeno vrijeme \u010ditanja\" \/>\n\t<meta name=\"twitter:data2\" content=\"2 minute\" \/>\n<script type=\"application\/ld+json\" class=\"yoast-schema-graph\">{\"@context\":\"https:\\\/\\\/schema.org\",\"@graph\":[{\"@type\":\"Article\",\"@id\":\"https:\\\/\\\/radioljubuski.ba\\\/index.php\\\/2022\\\/03\\\/07\\\/mazalica-ahmetovic-svojim-ratnohuskackim-i-kataklizmicnim-izjavama-siri-paniku-i-strah\\\/#article\",\"isPartOf\":{\"@id\":\"https:\\\/\\\/radioljubuski.ba\\\/index.php\\\/2022\\\/03\\\/07\\\/mazalica-ahmetovic-svojim-ratnohuskackim-i-kataklizmicnim-izjavama-siri-paniku-i-strah\\\/\"},\"author\":{\"name\":\"Radio Ljubu\u0161ki\",\"@id\":\"https:\\\/\\\/radioljubuski.ba\\\/#\\\/schema\\\/person\\\/19fc700381a780f69665d7956c469e3b\"},\"headline\":\"Mazalica: Ahmetovi\u0107 svojim ratnohu\u0161ka\u010dkim i kataklizmi\u010dnim izjavama \u0161iri paniku i strah\",\"datePublished\":\"2022-03-07T10:41:23+00:00\",\"dateModified\":\"2022-03-07T10:41:24+00:00\",\"mainEntityOfPage\":{\"@id\":\"https:\\\/\\\/radioljubuski.ba\\\/index.php\\\/2022\\\/03\\\/07\\\/mazalica-ahmetovic-svojim-ratnohuskackim-i-kataklizmicnim-izjavama-siri-paniku-i-strah\\\/\"},\"wordCount\":283,\"publisher\":{\"@id\":\"https:\\\/\\\/radioljubuski.ba\\\/#organization\"},\"image\":{\"@id\":\"https:\\\/\\\/radioljubuski.ba\\\/index.php\\\/2022\\\/03\\\/07\\\/mazalica-ahmetovic-svojim-ratnohuskackim-i-kataklizmicnim-izjavama-siri-paniku-i-strah\\\/#primaryimage\"},\"thumbnailUrl\":\"https:\\\/\\\/radioljubuski.ba\\\/wp-content\\\/uploads\\\/2022\\\/03\\\/2-2022-03-07-08-12-19-mazalica.jpg\",\"articleSection\":[\"BIH i regija\"],\"inLanguage\":\"hr\"},{\"@type\":\"WebPage\",\"@id\":\"https:\\\/\\\/radioljubuski.ba\\\/index.php\\\/2022\\\/03\\\/07\\\/mazalica-ahmetovic-svojim-ratnohuskackim-i-kataklizmicnim-izjavama-siri-paniku-i-strah\\\/\",\"url\":\"https:\\\/\\\/radioljubuski.ba\\\/index.php\\\/2022\\\/03\\\/07\\\/mazalica-ahmetovic-svojim-ratnohuskackim-i-kataklizmicnim-izjavama-siri-paniku-i-strah\\\/\",\"name\":\"Mazalica: Ahmetovi\u0107 svojim ratnohu\u0161ka\u010dkim i kataklizmi\u010dnim izjavama \u0161iri paniku i strah - RADIO LJUBU\u0160KI\",\"isPartOf\":{\"@id\":\"https:\\\/\\\/radioljubuski.ba\\\/#website\"},\"primaryImageOfPage\":{\"@id\":\"https:\\\/\\\/radioljubuski.ba\\\/index.php\\\/2022\\\/03\\\/07\\\/mazalica-ahmetovic-svojim-ratnohuskackim-i-kataklizmicnim-izjavama-siri-paniku-i-strah\\\/#primaryimage\"},\"image\":{\"@id\":\"https:\\\/\\\/radioljubuski.ba\\\/index.php\\\/2022\\\/03\\\/07\\\/mazalica-ahmetovic-svojim-ratnohuskackim-i-kataklizmicnim-izjavama-siri-paniku-i-strah\\\/#primaryimage\"},\"thumbnailUrl\":\"https:\\\/\\\/radioljubuski.ba\\\/wp-content\\\/uploads\\\/2022\\\/03\\\/2-2022-03-07-08-12-19-mazalica.jpg\",\"datePublished\":\"2022-03-07T10:41:23+00:00\",\"dateModified\":\"2022-03-07T10:41:24+00:00\",\"breadcrumb\":{\"@id\":\"https:\\\/\\\/radioljubuski.ba\\\/index.php\\\/2022\\\/03\\\/07\\\/mazalica-ahmetovic-svojim-ratnohuskackim-i-kataklizmicnim-izjavama-siri-paniku-i-strah\\\/#breadcrumb\"},\"inLanguage\":\"hr\",\"potentialAction\":[{\"@type\":\"ReadAction\",\"target\":[\"https:\\\/\\\/radioljubuski.ba\\\/index.php\\\/2022\\\/03\\\/07\\\/mazalica-ahmetovic-svojim-ratnohuskackim-i-kataklizmicnim-izjavama-siri-paniku-i-strah\\\/\"]}]},{\"@type\":\"ImageObject\",\"inLanguage\":\"hr\",\"@id\":\"https:\\\/\\\/radioljubuski.ba\\\/index.php\\\/2022\\\/03\\\/07\\\/mazalica-ahmetovic-svojim-ratnohuskackim-i-kataklizmicnim-izjavama-siri-paniku-i-strah\\\/#primaryimage\",\"url\":\"https:\\\/\\\/radioljubuski.ba\\\/wp-content\\\/uploads\\\/2022\\\/03\\\/2-2022-03-07-08-12-19-mazalica.jpg\",\"contentUrl\":\"https:\\\/\\\/radioljubuski.ba\\\/wp-content\\\/uploads\\\/2022\\\/03\\\/2-2022-03-07-08-12-19-mazalica.jpg\",\"width\":1000,\"height\":625},{\"@type\":\"BreadcrumbList\",\"@id\":\"https:\\\/\\\/radioljubuski.ba\\\/index.php\\\/2022\\\/03\\\/07\\\/mazalica-ahmetovic-svojim-ratnohuskackim-i-kataklizmicnim-izjavama-siri-paniku-i-strah\\\/#breadcrumb\",\"itemListElement\":[{\"@type\":\"ListItem\",\"position\":1,\"name\":\"Po\u010detna stranica\",\"item\":\"https:\\\/\\\/radioljubuski.ba\\\/\"},{\"@type\":\"ListItem\",\"position\":2,\"name\":\"Mazalica: Ahmetovi\u0107 svojim ratnohu\u0161ka\u010dkim i kataklizmi\u010dnim izjavama \u0161iri paniku i strah\"}]},{\"@type\":\"WebSite\",\"@id\":\"https:\\\/\\\/radioljubuski.ba\\\/#website\",\"url\":\"https:\\\/\\\/radioljubuski.ba\\\/\",\"name\":\"Radio Ljubu\u0161ki\",\"description\":\"Sun\u010dana frekvencija Hercegovine\",\"publisher\":{\"@id\":\"https:\\\/\\\/radioljubuski.ba\\\/#organization\"},\"potentialAction\":[{\"@type\":\"SearchAction\",\"target\":{\"@type\":\"EntryPoint\",\"urlTemplate\":\"https:\\\/\\\/radioljubuski.ba\\\/?s={search_term_string}\"},\"query-input\":{\"@type\":\"PropertyValueSpecification\",\"valueRequired\":true,\"valueName\":\"search_term_string\"}}],\"inLanguage\":\"hr\"},{\"@type\":\"Organization\",\"@id\":\"https:\\\/\\\/radioljubuski.ba\\\/#organization\",\"name\":\"Radio Ljubu\u0161ki\",\"url\":\"https:\\\/\\\/radioljubuski.ba\\\/\",\"logo\":{\"@type\":\"ImageObject\",\"inLanguage\":\"hr\",\"@id\":\"https:\\\/\\\/radioljubuski.ba\\\/#\\\/schema\\\/logo\\\/image\\\/\",\"url\":\"https:\\\/\\\/radioljubuski.ba\\\/wp-content\\\/uploads\\\/2021\\\/02\\\/cropped-Radio_Ljubuski_logo1.jpg\",\"contentUrl\":\"https:\\\/\\\/radioljubuski.ba\\\/wp-content\\\/uploads\\\/2021\\\/02\\\/cropped-Radio_Ljubuski_logo1.jpg\",\"width\":512,\"height\":512,\"caption\":\"Radio Ljubu\u0161ki\"},\"image\":{\"@id\":\"https:\\\/\\\/radioljubuski.ba\\\/#\\\/schema\\\/logo\\\/image\\\/\"},\"sameAs\":[\"https:\\\/\\\/www.facebook.com\\\/Radiio-Ljubuski-1490835324566332\",\"https:\\\/\\\/x.com\\\/radioljubuski\",\"https:\\\/\\\/hr.linkedin.com\\\/company\\\/radio-ljubuski\",\"https:\\\/\\\/www.youtube.com\\\/channel\\\/UCHYaeO_n0Db3tjNGudGpXyw\"]},{\"@type\":\"Person\",\"@id\":\"https:\\\/\\\/radioljubuski.ba\\\/#\\\/schema\\\/person\\\/19fc700381a780f69665d7956c469e3b\",\"name\":\"Radio Ljubu\u0161ki\"}]}<\/script>\n<!-- \/ Yoast SEO plugin. -->","yoast_head_json":{"title":"Mazalica: Ahmetovi\u0107 svojim ratnohu\u0161ka\u010dkim i kataklizmi\u010dnim izjavama \u0161iri paniku i strah - RADIO LJUBU\u0160KI","robots":{"index":"index","follow":"follow","max-snippet":"max-snippet:-1","max-image-preview":"max-image-preview:large","max-video-preview":"max-video-preview:-1"},"canonical":"https:\/\/radioljubuski.ba\/index.php\/2022\/03\/07\/mazalica-ahmetovic-svojim-ratnohuskackim-i-kataklizmicnim-izjavama-siri-paniku-i-strah\/","og_locale":"hr_HR","og_type":"article","og_title":"Mazalica: Ahmetovi\u0107 svojim ratnohu\u0161ka\u010dkim i kataklizmi\u010dnim izjavama \u0161iri paniku i strah - RADIO LJUBU\u0160KI","og_description":"Zastupnik SNSD-a u Narodnoj skup\u0161tini Republike Srpske Sr\u0111an Mazalica izjavio je Srni da specijalni izvjestitelj Bundestaga za Bosnu i Hercegovinu Adis Ahmetovi\u0107 \u0161iri strah, paniku i neizvijesnost me\u0111u gra\u0111anima i narodima u BiH. -Nemam ni\u0161ta protiv nijednog naroda i posebno nemam ni\u0161ta protiv da BiH poma\u017ee svako tko to mo\u017ee i \u017eeli sa ovih prostora. [&hellip;]","og_url":"https:\/\/radioljubuski.ba\/index.php\/2022\/03\/07\/mazalica-ahmetovic-svojim-ratnohuskackim-i-kataklizmicnim-izjavama-siri-paniku-i-strah\/","og_site_name":"RADIO LJUBU\u0160KI","article_publisher":"https:\/\/www.facebook.com\/Radiio-Ljubuski-1490835324566332","article_published_time":"2022-03-07T10:41:23+00:00","article_modified_time":"2022-03-07T10:41:24+00:00","og_image":[{"width":1000,"height":625,"url":"https:\/\/radioljubuski.ba\/wp-content\/uploads\/2022\/03\/2-2022-03-07-08-12-19-mazalica.jpg","type":"image\/jpeg"}],"author":"Radio Ljubu\u0161ki","twitter_card":"summary_large_image","twitter_creator":"@radioljubuski","twitter_site":"@radioljubuski","twitter_misc":{"Napisao\/la":"Radio Ljubu\u0161ki","Procijenjeno vrijeme \u010ditanja":"2 minute"},"schema":{"@context":"https:\/\/schema.org","@graph":[{"@type":"Article","@id":"https:\/\/radioljubuski.ba\/index.php\/2022\/03\/07\/mazalica-ahmetovic-svojim-ratnohuskackim-i-kataklizmicnim-izjavama-siri-paniku-i-strah\/#article","isPartOf":{"@id":"https:\/\/radioljubuski.ba\/index.php\/2022\/03\/07\/mazalica-ahmetovic-svojim-ratnohuskackim-i-kataklizmicnim-izjavama-siri-paniku-i-strah\/"},"author":{"name":"Radio Ljubu\u0161ki","@id":"https:\/\/radioljubuski.ba\/#\/schema\/person\/19fc700381a780f69665d7956c469e3b"},"headline":"Mazalica: Ahmetovi\u0107 svojim ratnohu\u0161ka\u010dkim i kataklizmi\u010dnim izjavama \u0161iri paniku i strah","datePublished":"2022-03-07T10:41:23+00:00","dateModified":"2022-03-07T10:41:24+00:00","mainEntityOfPage":{"@id":"https:\/\/radioljubuski.ba\/index.php\/2022\/03\/07\/mazalica-ahmetovic-svojim-ratnohuskackim-i-kataklizmicnim-izjavama-siri-paniku-i-strah\/"},"wordCount":283,"publisher":{"@id":"https:\/\/radioljubuski.ba\/#organization"},"image":{"@id":"https:\/\/radioljubuski.ba\/index.php\/2022\/03\/07\/mazalica-ahmetovic-svojim-ratnohuskackim-i-kataklizmicnim-izjavama-siri-paniku-i-strah\/#primaryimage"},"thumbnailUrl":"https:\/\/radioljubuski.ba\/wp-content\/uploads\/2022\/03\/2-2022-03-07-08-12-19-mazalica.jpg","articleSection":["BIH i regija"],"inLanguage":"hr"},{"@type":"WebPage","@id":"https:\/\/radioljubuski.ba\/index.php\/2022\/03\/07\/mazalica-ahmetovic-svojim-ratnohuskackim-i-kataklizmicnim-izjavama-siri-paniku-i-strah\/","url":"https:\/\/radioljubuski.ba\/index.php\/2022\/03\/07\/mazalica-ahmetovic-svojim-ratnohuskackim-i-kataklizmicnim-izjavama-siri-paniku-i-strah\/","name":"Mazalica: Ahmetovi\u0107 svojim ratnohu\u0161ka\u010dkim i kataklizmi\u010dnim izjavama \u0161iri paniku i strah - RADIO LJUBU\u0160KI","isPartOf":{"@id":"https:\/\/radioljubuski.ba\/#website"},"primaryImageOfPage":{"@id":"https:\/\/radioljubuski.ba\/index.php\/2022\/03\/07\/mazalica-ahmetovic-svojim-ratnohuskackim-i-kataklizmicnim-izjavama-siri-paniku-i-strah\/#primaryimage"},"image":{"@id":"https:\/\/radioljubuski.ba\/index.php\/2022\/03\/07\/mazalica-ahmetovic-svojim-ratnohuskackim-i-kataklizmicnim-izjavama-siri-paniku-i-strah\/#primaryimage"},"thumbnailUrl":"https:\/\/radioljubuski.ba\/wp-content\/uploads\/2022\/03\/2-2022-03-07-08-12-19-mazalica.jpg","datePublished":"2022-03-07T10:41:23+00:00","dateModified":"2022-03-07T10:41:24+00:00","breadcrumb":{"@id":"https:\/\/radioljubuski.ba\/index.php\/2022\/03\/07\/mazalica-ahmetovic-svojim-ratnohuskackim-i-kataklizmicnim-izjavama-siri-paniku-i-strah\/#breadcrumb"},"inLanguage":"hr","potentialAction":[{"@type":"ReadAction","target":["https:\/\/radioljubuski.ba\/index.php\/2022\/03\/07\/mazalica-ahmetovic-svojim-ratnohuskackim-i-kataklizmicnim-izjavama-siri-paniku-i-strah\/"]}]},{"@type":"ImageObject","inLanguage":"hr","@id":"https:\/\/radioljubuski.ba\/index.php\/2022\/03\/07\/mazalica-ahmetovic-svojim-ratnohuskackim-i-kataklizmicnim-izjavama-siri-paniku-i-strah\/#primaryimage","url":"https:\/\/radioljubuski.ba\/wp-content\/uploads\/2022\/03\/2-2022-03-07-08-12-19-mazalica.jpg","contentUrl":"https:\/\/radioljubuski.ba\/wp-content\/uploads\/2022\/03\/2-2022-03-07-08-12-19-mazalica.jpg","width":1000,"height":625},{"@type":"BreadcrumbList","@id":"https:\/\/radioljubuski.ba\/index.php\/2022\/03\/07\/mazalica-ahmetovic-svojim-ratnohuskackim-i-kataklizmicnim-izjavama-siri-paniku-i-strah\/#breadcrumb","itemListElement":[{"@type":"ListItem","position":1,"name":"Po\u010detna stranica","item":"https:\/\/radioljubuski.ba\/"},{"@type":"ListItem","position":2,"name":"Mazalica: Ahmetovi\u0107 svojim ratnohu\u0161ka\u010dkim i kataklizmi\u010dnim izjavama \u0161iri paniku i strah"}]},{"@type":"WebSite","@id":"https:\/\/radioljubuski.ba\/#website","url":"https:\/\/radioljubuski.ba\/","name":"Radio Ljubu\u0161ki","description":"Sun\u010dana frekvencija Hercegovine","publisher":{"@id":"https:\/\/radioljubuski.ba\/#organization"},"potentialAction":[{"@type":"SearchAction","target":{"@type":"EntryPoint","urlTemplate":"https:\/\/radioljubuski.ba\/?s={search_term_string}"},"query-input":{"@type":"PropertyValueSpecification","valueRequired":true,"valueName":"search_term_string"}}],"inLanguage":"hr"},{"@type":"Organization","@id":"https:\/\/radioljubuski.ba\/#organization","name":"Radio Ljubu\u0161ki","url":"https:\/\/radioljubuski.ba\/","logo":{"@type":"ImageObject","inLanguage":"hr","@id":"https:\/\/radioljubuski.ba\/#\/schema\/logo\/image\/","url":"https:\/\/radioljubuski.ba\/wp-content\/uploads\/2021\/02\/cropped-Radio_Ljubuski_logo1.jpg","contentUrl":"https:\/\/radioljubuski.ba\/wp-content\/uploads\/2021\/02\/cropped-Radio_Ljubuski_logo1.jpg","width":512,"height":512,"caption":"Radio Ljubu\u0161ki"},"image":{"@id":"https:\/\/radioljubuski.ba\/#\/schema\/logo\/image\/"},"sameAs":["https:\/\/www.facebook.com\/Radiio-Ljubuski-1490835324566332","https:\/\/x.com\/radioljubuski","https:\/\/hr.linkedin.com\/company\/radio-ljubuski","https:\/\/www.youtube.com\/channel\/UCHYaeO_n0Db3tjNGudGpXyw"]},{"@type":"Person","@id":"https:\/\/radioljubuski.ba\/#\/schema\/person\/19fc700381a780f69665d7956c469e3b","name":"Radio Ljubu\u0161ki"}]}},"_links":{"self":[{"href":"https:\/\/radioljubuski.ba\/index.php\/wp-json\/wp\/v2\/posts\/118802","targetHints":{"allow":["GET"]}}],"collection":[{"href":"https:\/\/radioljubuski.ba\/index.php\/wp-json\/wp\/v2\/posts"}],"about":[{"href":"https:\/\/radioljubuski.ba\/index.php\/wp-json\/wp\/v2\/types\/post"}],"author":[{"embeddable":true,"href":"https:\/\/radioljubuski.ba\/index.php\/wp-json\/wp\/v2\/users\/2"}],"replies":[{"embeddable":true,"href":"https:\/\/radioljubuski.ba\/index.php\/wp-json\/wp\/v2\/comments?post=118802"}],"version-history":[{"count":1,"href":"https:\/\/radioljubuski.ba\/index.php\/wp-json\/wp\/v2\/posts\/118802\/revisions"}],"predecessor-version":[{"id":118804,"href":"https:\/\/radioljubuski.ba\/index.php\/wp-json\/wp\/v2\/posts\/118802\/revisions\/118804"}],"wp:featuredmedia":[{"embeddable":true,"href":"https:\/\/radioljubuski.ba\/index.php\/wp-json\/wp\/v2\/media\/118803"}],"wp:attachment":[{"href":"https:\/\/radioljubuski.ba\/index.php\/wp-json\/wp\/v2\/media?parent=118802"}],"wp:term":[{"taxonomy":"category","embeddable":true,"href":"https:\/\/radioljubuski.ba\/index.php\/wp-json\/wp\/v2\/categories?post=118802"},{"taxonomy":"post_tag","embeddable":true,"href":"https:\/\/radioljubuski.ba\/index.php\/wp-json\/wp\/v2\/tags?post=118802"}],"curies":[{"name":"wp","href":"https:\/\/api.w.org\/{rel}","templated":true}]}}