{"id":118810,"date":"2022-03-07T11:45:10","date_gmt":"2022-03-07T10:45:10","guid":{"rendered":"https:\/\/radioljubuski.ba\/?p=118810"},"modified":"2022-03-07T11:45:11","modified_gmt":"2022-03-07T10:45:11","slug":"pustite-bih-na-miru-nitko-u-ovoj-zemlji-ne-zeli-rat","status":"publish","type":"post","link":"https:\/\/radioljubuski.ba\/index.php\/2022\/03\/07\/pustite-bih-na-miru-nitko-u-ovoj-zemlji-ne-zeli-rat\/","title":{"rendered":"Pustite BiH na miru, nitko u ovoj zemlji ne \u017eeli rat"},"content":{"rendered":"\n<p>Glavni tajnik NATO-a Jens Stoltenberg u zadnjih tjedan dana u svakome svome izlaganju spominjao Bosnu i Hercegovinu kao zemlju koju \u0107e strane sile za\u0161titi zbog mogu\u0107nosti izbijanja novog rata. I nije on jedini. Jaha\u010d Bundestag fotelje, mla\u0111ahni Adis Ahmetovi\u0107 \u010diji su roditelji spra\u0161ili u Njema\u010dku 1992., a on koji se rodio 1993. pri\u010da o mukama ratnog Sarajeva tako\u0111er ovih dana laprda o ratu u BiH.<\/p>\n\n\n\n<p>Sino\u0107 su agencije objavile vijest kako je na mirovnom skupu u Berlinu je ukazano na opasnost od rata u Bosni i Hercegovini. Neki se pribojavaju ukrajinskog scenarija. Prijatelj mi govori kako ga tetka iz Njema\u010dke zove, pita imamo li bra\u0161na i osnovnih namirnica jer njema\u010dki mediji prenose kako smo sve pokupovali u strahu od rata??? I jo\u0161 je niz ovakvih primjera.<\/p>\n\n\n\n<p>TKO FORSIRA PRI\u010cU O RATU U BIH? Je li ovo jo\u0161 jedan u nizu unitaristi\u010dkih spinova kojima se \u017eeli udaljiti javnost od stvarnih problema kao \u0161to je kra\u0111a stolje\u0107a na respiratorima, problem sa diplomom prve dame u Bo\u0161njaka ili niz drugih afera koje su kreirane oko unitaristi\u010dkog Sarajeva zadnjih godina? Za\u0161to \u0107e NATO \u0161titi BiH kad treba pomo\u0107i onoj sirotinji u Ukrajini koja slu\u017ei kao topovsko meso ruskim hordama? Jesmo li im mi alibi? \u0160aljete nama vojnike i transporetere da nas \u010duvaju od \u010dega? Kom\u0161i\u0107eve stola\u010dke pri\u010de o desantima? Jedini desant koji se ovdje dogodio i kojeg je me\u0111unarodna zajednica trebala sprije\u010diti je desant \u017deljka Kom\u0161i\u0107a bo\u0161nja\u010dkim glasovima na Predsjedni\u0161tvo BiH. Takvi desanti uru\u0161avaju ovu zemlju!&nbsp;<\/p>\n\n\n\n<p>Svima njima treba jasno re\u0107i da se ODMAKNU OD BIH I NE DOVODE NAS U BILO KAKAV KONTAKT SA RATNIM PRI\u010cAMA. Ovo dru\u0161tvo se jo\u0161 nije oporavilo od onoga \u0161to se doga\u0111alo prije 30 godina i svatko tko je \u010duo barem jednu granatu ili pucanj nikada vi\u0161e ne\u0107e po\u017eeljeti biti u sli\u010dnoj situaciji.<\/p>\n\n\n\n<p>Tetke i svi ostali po dijaspori bi trebali znati kako imamo i bra\u0161na i ulja i toalet papira. Ali imamo i premijera koji na poskupljenja reagira tako \u0161to nam govori da manje jedemo. Imamo premijera koji je na optu\u017eeni\u010dkoj klupi gdje su mu se sudi zbog kriminala sa kupovinom respiratora dok su gra\u0111ani ove zemlje umirali od korone. Imamo umirovljenike koji primaju ne\u0161to vi\u0161e od 200 eura mirovine, radnike koji rade za 450 eura pla\u0107e i imamo ministra trgovine Zlatana Vujanovi\u0107a koji nam govori kako cijena goriva od 3 KM nije problem. Nije njemu! Ne bi ni nama problem bila kada bi nam ga dr\u017eava pla\u0107ala. Ali nama koji sami pla\u0107amo gorivo koje tro\u0161imo ovakve cijene goriva su veliki problem.<\/p>\n\n\n\n<p>Protiv toga su ju\u010der u Berlinu trebali prosvjedovati, a ne protiv nekih ubleha i rata za kojeg nitko u BiH nema ni snage, ni volje, a ni para.<\/p>\n\n\n\n<p>Lo\u017ea\u010de ratnih pri\u010da u BiH treba javno ozna\u010diti, osuditi i blokirati u medijskom prostoru. Takvu pri\u010du treba u\u010diniti i zakonski ka\u017enjivom jer zbog upornog sijanja takvih pri\u010da za o\u010dekivati je da \u0107e narodi u BiH u jednom trenutku i po\u010deti vjerovati u njih. Ludilo koje kreiraju pojedini krugovi mora biti zaustavljeno. Izetbegovi\u0107 koji je jo\u0161 prije nekoliko mjeseci brojio pu\u0161ke i tenkove kod Bo\u0161njaka morao je biti ka\u017enjen zbog toga. Birtija\u0161 Helez koji je na FTV-u govorio o kupovini krstare\u0107ih raketa kojima bi ga\u0111ao Zagreb i Beograd isto je trebao biti ka\u017enjen. Kao i svatko drugi tko koristi takav narativ.<\/p>\n\n\n\n<p><strong>Autor: M.K.\/pogled.ba<\/strong><\/p>\n","protected":false},"excerpt":{"rendered":"<p>Glavni tajnik NATO-a Jens Stoltenberg u zadnjih tjedan dana u svakome svome izlaganju spominjao Bosnu i Hercegovinu kao zemlju koju \u0107e strane sile za\u0161titi zbog mogu\u0107nosti izbijanja novog rata. I nije on jedini. Jaha\u010d Bundestag fotelje, mla\u0111ahni Adis Ahmetovi\u0107 \u010diji su roditelji spra\u0161ili u Njema\u010dku 1992., a on koji se rodio 1993. pri\u010da o mukama [&hellip;]<\/p>\n","protected":false},"author":2,"featured_media":118811,"comment_status":"closed","ping_status":"closed","sticky":false,"template":"","format":"standard","meta":{"h5ap_radio_sources":[],"footnotes":""},"categories":[1],"tags":[],"class_list":["post-118810","post","type-post","status-publish","format-standard","has-post-thumbnail","hentry","category-bihiregija"],"yoast_head":"<!-- This site is optimized with the Yoast SEO plugin v27.5 - https:\/\/yoast.com\/product\/yoast-seo-wordpress\/ -->\n<title>Pustite BiH na miru, nitko u ovoj zemlji ne \u017eeli rat - RADIO LJUBU\u0160KI<\/title>\n<meta name=\"robots\" content=\"index, follow, max-snippet:-1, max-image-preview:large, max-video-preview:-1\" \/>\n<link rel=\"canonical\" href=\"https:\/\/radioljubuski.ba\/index.php\/2022\/03\/07\/pustite-bih-na-miru-nitko-u-ovoj-zemlji-ne-zeli-rat\/\" \/>\n<meta property=\"og:locale\" content=\"hr_HR\" \/>\n<meta property=\"og:type\" content=\"article\" \/>\n<meta property=\"og:title\" content=\"Pustite BiH na miru, nitko u ovoj zemlji ne \u017eeli rat - RADIO LJUBU\u0160KI\" \/>\n<meta property=\"og:description\" content=\"Glavni tajnik NATO-a Jens Stoltenberg u zadnjih tjedan dana u svakome svome izlaganju spominjao Bosnu i Hercegovinu kao zemlju koju \u0107e strane sile za\u0161titi zbog mogu\u0107nosti izbijanja novog rata. I nije on jedini. Jaha\u010d Bundestag fotelje, mla\u0111ahni Adis Ahmetovi\u0107 \u010diji su roditelji spra\u0161ili u Njema\u010dku 1992., a on koji se rodio 1993. pri\u010da o mukama [&hellip;]\" \/>\n<meta property=\"og:url\" content=\"https:\/\/radioljubuski.ba\/index.php\/2022\/03\/07\/pustite-bih-na-miru-nitko-u-ovoj-zemlji-ne-zeli-rat\/\" \/>\n<meta property=\"og:site_name\" content=\"RADIO LJUBU\u0160KI\" \/>\n<meta property=\"article:publisher\" content=\"https:\/\/www.facebook.com\/Radiio-Ljubuski-1490835324566332\" \/>\n<meta property=\"article:published_time\" content=\"2022-03-07T10:45:10+00:00\" \/>\n<meta property=\"article:modified_time\" content=\"2022-03-07T10:45:11+00:00\" \/>\n<meta property=\"og:image\" content=\"https:\/\/radioljubuski.ba\/wp-content\/uploads\/2022\/03\/2-2022-03-07-08-49-31-berlin.jpg\" \/>\n\t<meta property=\"og:image:width\" content=\"1000\" \/>\n\t<meta property=\"og:image:height\" content=\"625\" \/>\n\t<meta property=\"og:image:type\" content=\"image\/jpeg\" \/>\n<meta name=\"author\" content=\"Radio Ljubu\u0161ki\" \/>\n<meta name=\"twitter:card\" content=\"summary_large_image\" \/>\n<meta name=\"twitter:creator\" content=\"@radioljubuski\" \/>\n<meta name=\"twitter:site\" content=\"@radioljubuski\" \/>\n<meta name=\"twitter:label1\" content=\"Napisao\/la\" \/>\n\t<meta name=\"twitter:data1\" content=\"Radio Ljubu\u0161ki\" \/>\n\t<meta name=\"twitter:label2\" content=\"Procijenjeno vrijeme \u010ditanja\" \/>\n\t<meta name=\"twitter:data2\" content=\"3 minute\" \/>\n<script type=\"application\/ld+json\" class=\"yoast-schema-graph\">{\"@context\":\"https:\\\/\\\/schema.org\",\"@graph\":[{\"@type\":\"Article\",\"@id\":\"https:\\\/\\\/radioljubuski.ba\\\/index.php\\\/2022\\\/03\\\/07\\\/pustite-bih-na-miru-nitko-u-ovoj-zemlji-ne-zeli-rat\\\/#article\",\"isPartOf\":{\"@id\":\"https:\\\/\\\/radioljubuski.ba\\\/index.php\\\/2022\\\/03\\\/07\\\/pustite-bih-na-miru-nitko-u-ovoj-zemlji-ne-zeli-rat\\\/\"},\"author\":{\"name\":\"Radio Ljubu\u0161ki\",\"@id\":\"https:\\\/\\\/radioljubuski.ba\\\/#\\\/schema\\\/person\\\/19fc700381a780f69665d7956c469e3b\"},\"headline\":\"Pustite BiH na miru, nitko u ovoj zemlji ne \u017eeli rat\",\"datePublished\":\"2022-03-07T10:45:10+00:00\",\"dateModified\":\"2022-03-07T10:45:11+00:00\",\"mainEntityOfPage\":{\"@id\":\"https:\\\/\\\/radioljubuski.ba\\\/index.php\\\/2022\\\/03\\\/07\\\/pustite-bih-na-miru-nitko-u-ovoj-zemlji-ne-zeli-rat\\\/\"},\"wordCount\":622,\"publisher\":{\"@id\":\"https:\\\/\\\/radioljubuski.ba\\\/#organization\"},\"image\":{\"@id\":\"https:\\\/\\\/radioljubuski.ba\\\/index.php\\\/2022\\\/03\\\/07\\\/pustite-bih-na-miru-nitko-u-ovoj-zemlji-ne-zeli-rat\\\/#primaryimage\"},\"thumbnailUrl\":\"https:\\\/\\\/radioljubuski.ba\\\/wp-content\\\/uploads\\\/2022\\\/03\\\/2-2022-03-07-08-49-31-berlin.jpg\",\"articleSection\":[\"BIH i regija\"],\"inLanguage\":\"hr\"},{\"@type\":\"WebPage\",\"@id\":\"https:\\\/\\\/radioljubuski.ba\\\/index.php\\\/2022\\\/03\\\/07\\\/pustite-bih-na-miru-nitko-u-ovoj-zemlji-ne-zeli-rat\\\/\",\"url\":\"https:\\\/\\\/radioljubuski.ba\\\/index.php\\\/2022\\\/03\\\/07\\\/pustite-bih-na-miru-nitko-u-ovoj-zemlji-ne-zeli-rat\\\/\",\"name\":\"Pustite BiH na miru, nitko u ovoj zemlji ne \u017eeli rat - RADIO LJUBU\u0160KI\",\"isPartOf\":{\"@id\":\"https:\\\/\\\/radioljubuski.ba\\\/#website\"},\"primaryImageOfPage\":{\"@id\":\"https:\\\/\\\/radioljubuski.ba\\\/index.php\\\/2022\\\/03\\\/07\\\/pustite-bih-na-miru-nitko-u-ovoj-zemlji-ne-zeli-rat\\\/#primaryimage\"},\"image\":{\"@id\":\"https:\\\/\\\/radioljubuski.ba\\\/index.php\\\/2022\\\/03\\\/07\\\/pustite-bih-na-miru-nitko-u-ovoj-zemlji-ne-zeli-rat\\\/#primaryimage\"},\"thumbnailUrl\":\"https:\\\/\\\/radioljubuski.ba\\\/wp-content\\\/uploads\\\/2022\\\/03\\\/2-2022-03-07-08-49-31-berlin.jpg\",\"datePublished\":\"2022-03-07T10:45:10+00:00\",\"dateModified\":\"2022-03-07T10:45:11+00:00\",\"breadcrumb\":{\"@id\":\"https:\\\/\\\/radioljubuski.ba\\\/index.php\\\/2022\\\/03\\\/07\\\/pustite-bih-na-miru-nitko-u-ovoj-zemlji-ne-zeli-rat\\\/#breadcrumb\"},\"inLanguage\":\"hr\",\"potentialAction\":[{\"@type\":\"ReadAction\",\"target\":[\"https:\\\/\\\/radioljubuski.ba\\\/index.php\\\/2022\\\/03\\\/07\\\/pustite-bih-na-miru-nitko-u-ovoj-zemlji-ne-zeli-rat\\\/\"]}]},{\"@type\":\"ImageObject\",\"inLanguage\":\"hr\",\"@id\":\"https:\\\/\\\/radioljubuski.ba\\\/index.php\\\/2022\\\/03\\\/07\\\/pustite-bih-na-miru-nitko-u-ovoj-zemlji-ne-zeli-rat\\\/#primaryimage\",\"url\":\"https:\\\/\\\/radioljubuski.ba\\\/wp-content\\\/uploads\\\/2022\\\/03\\\/2-2022-03-07-08-49-31-berlin.jpg\",\"contentUrl\":\"https:\\\/\\\/radioljubuski.ba\\\/wp-content\\\/uploads\\\/2022\\\/03\\\/2-2022-03-07-08-49-31-berlin.jpg\",\"width\":1000,\"height\":625},{\"@type\":\"BreadcrumbList\",\"@id\":\"https:\\\/\\\/radioljubuski.ba\\\/index.php\\\/2022\\\/03\\\/07\\\/pustite-bih-na-miru-nitko-u-ovoj-zemlji-ne-zeli-rat\\\/#breadcrumb\",\"itemListElement\":[{\"@type\":\"ListItem\",\"position\":1,\"name\":\"Po\u010detna stranica\",\"item\":\"https:\\\/\\\/radioljubuski.ba\\\/\"},{\"@type\":\"ListItem\",\"position\":2,\"name\":\"Pustite BiH na miru, nitko u ovoj zemlji ne \u017eeli rat\"}]},{\"@type\":\"WebSite\",\"@id\":\"https:\\\/\\\/radioljubuski.ba\\\/#website\",\"url\":\"https:\\\/\\\/radioljubuski.ba\\\/\",\"name\":\"Radio Ljubu\u0161ki\",\"description\":\"Sun\u010dana frekvencija Hercegovine\",\"publisher\":{\"@id\":\"https:\\\/\\\/radioljubuski.ba\\\/#organization\"},\"potentialAction\":[{\"@type\":\"SearchAction\",\"target\":{\"@type\":\"EntryPoint\",\"urlTemplate\":\"https:\\\/\\\/radioljubuski.ba\\\/?s={search_term_string}\"},\"query-input\":{\"@type\":\"PropertyValueSpecification\",\"valueRequired\":true,\"valueName\":\"search_term_string\"}}],\"inLanguage\":\"hr\"},{\"@type\":\"Organization\",\"@id\":\"https:\\\/\\\/radioljubuski.ba\\\/#organization\",\"name\":\"Radio Ljubu\u0161ki\",\"url\":\"https:\\\/\\\/radioljubuski.ba\\\/\",\"logo\":{\"@type\":\"ImageObject\",\"inLanguage\":\"hr\",\"@id\":\"https:\\\/\\\/radioljubuski.ba\\\/#\\\/schema\\\/logo\\\/image\\\/\",\"url\":\"https:\\\/\\\/radioljubuski.ba\\\/wp-content\\\/uploads\\\/2021\\\/02\\\/cropped-Radio_Ljubuski_logo1.jpg\",\"contentUrl\":\"https:\\\/\\\/radioljubuski.ba\\\/wp-content\\\/uploads\\\/2021\\\/02\\\/cropped-Radio_Ljubuski_logo1.jpg\",\"width\":512,\"height\":512,\"caption\":\"Radio Ljubu\u0161ki\"},\"image\":{\"@id\":\"https:\\\/\\\/radioljubuski.ba\\\/#\\\/schema\\\/logo\\\/image\\\/\"},\"sameAs\":[\"https:\\\/\\\/www.facebook.com\\\/Radiio-Ljubuski-1490835324566332\",\"https:\\\/\\\/x.com\\\/radioljubuski\",\"https:\\\/\\\/hr.linkedin.com\\\/company\\\/radio-ljubuski\",\"https:\\\/\\\/www.youtube.com\\\/channel\\\/UCHYaeO_n0Db3tjNGudGpXyw\"]},{\"@type\":\"Person\",\"@id\":\"https:\\\/\\\/radioljubuski.ba\\\/#\\\/schema\\\/person\\\/19fc700381a780f69665d7956c469e3b\",\"name\":\"Radio Ljubu\u0161ki\"}]}<\/script>\n<!-- \/ Yoast SEO plugin. -->","yoast_head_json":{"title":"Pustite BiH na miru, nitko u ovoj zemlji ne \u017eeli rat - RADIO LJUBU\u0160KI","robots":{"index":"index","follow":"follow","max-snippet":"max-snippet:-1","max-image-preview":"max-image-preview:large","max-video-preview":"max-video-preview:-1"},"canonical":"https:\/\/radioljubuski.ba\/index.php\/2022\/03\/07\/pustite-bih-na-miru-nitko-u-ovoj-zemlji-ne-zeli-rat\/","og_locale":"hr_HR","og_type":"article","og_title":"Pustite BiH na miru, nitko u ovoj zemlji ne \u017eeli rat - RADIO LJUBU\u0160KI","og_description":"Glavni tajnik NATO-a Jens Stoltenberg u zadnjih tjedan dana u svakome svome izlaganju spominjao Bosnu i Hercegovinu kao zemlju koju \u0107e strane sile za\u0161titi zbog mogu\u0107nosti izbijanja novog rata. I nije on jedini. Jaha\u010d Bundestag fotelje, mla\u0111ahni Adis Ahmetovi\u0107 \u010diji su roditelji spra\u0161ili u Njema\u010dku 1992., a on koji se rodio 1993. pri\u010da o mukama [&hellip;]","og_url":"https:\/\/radioljubuski.ba\/index.php\/2022\/03\/07\/pustite-bih-na-miru-nitko-u-ovoj-zemlji-ne-zeli-rat\/","og_site_name":"RADIO LJUBU\u0160KI","article_publisher":"https:\/\/www.facebook.com\/Radiio-Ljubuski-1490835324566332","article_published_time":"2022-03-07T10:45:10+00:00","article_modified_time":"2022-03-07T10:45:11+00:00","og_image":[{"width":1000,"height":625,"url":"https:\/\/radioljubuski.ba\/wp-content\/uploads\/2022\/03\/2-2022-03-07-08-49-31-berlin.jpg","type":"image\/jpeg"}],"author":"Radio Ljubu\u0161ki","twitter_card":"summary_large_image","twitter_creator":"@radioljubuski","twitter_site":"@radioljubuski","twitter_misc":{"Napisao\/la":"Radio Ljubu\u0161ki","Procijenjeno vrijeme \u010ditanja":"3 minute"},"schema":{"@context":"https:\/\/schema.org","@graph":[{"@type":"Article","@id":"https:\/\/radioljubuski.ba\/index.php\/2022\/03\/07\/pustite-bih-na-miru-nitko-u-ovoj-zemlji-ne-zeli-rat\/#article","isPartOf":{"@id":"https:\/\/radioljubuski.ba\/index.php\/2022\/03\/07\/pustite-bih-na-miru-nitko-u-ovoj-zemlji-ne-zeli-rat\/"},"author":{"name":"Radio Ljubu\u0161ki","@id":"https:\/\/radioljubuski.ba\/#\/schema\/person\/19fc700381a780f69665d7956c469e3b"},"headline":"Pustite BiH na miru, nitko u ovoj zemlji ne \u017eeli rat","datePublished":"2022-03-07T10:45:10+00:00","dateModified":"2022-03-07T10:45:11+00:00","mainEntityOfPage":{"@id":"https:\/\/radioljubuski.ba\/index.php\/2022\/03\/07\/pustite-bih-na-miru-nitko-u-ovoj-zemlji-ne-zeli-rat\/"},"wordCount":622,"publisher":{"@id":"https:\/\/radioljubuski.ba\/#organization"},"image":{"@id":"https:\/\/radioljubuski.ba\/index.php\/2022\/03\/07\/pustite-bih-na-miru-nitko-u-ovoj-zemlji-ne-zeli-rat\/#primaryimage"},"thumbnailUrl":"https:\/\/radioljubuski.ba\/wp-content\/uploads\/2022\/03\/2-2022-03-07-08-49-31-berlin.jpg","articleSection":["BIH i regija"],"inLanguage":"hr"},{"@type":"WebPage","@id":"https:\/\/radioljubuski.ba\/index.php\/2022\/03\/07\/pustite-bih-na-miru-nitko-u-ovoj-zemlji-ne-zeli-rat\/","url":"https:\/\/radioljubuski.ba\/index.php\/2022\/03\/07\/pustite-bih-na-miru-nitko-u-ovoj-zemlji-ne-zeli-rat\/","name":"Pustite BiH na miru, nitko u ovoj zemlji ne \u017eeli rat - RADIO LJUBU\u0160KI","isPartOf":{"@id":"https:\/\/radioljubuski.ba\/#website"},"primaryImageOfPage":{"@id":"https:\/\/radioljubuski.ba\/index.php\/2022\/03\/07\/pustite-bih-na-miru-nitko-u-ovoj-zemlji-ne-zeli-rat\/#primaryimage"},"image":{"@id":"https:\/\/radioljubuski.ba\/index.php\/2022\/03\/07\/pustite-bih-na-miru-nitko-u-ovoj-zemlji-ne-zeli-rat\/#primaryimage"},"thumbnailUrl":"https:\/\/radioljubuski.ba\/wp-content\/uploads\/2022\/03\/2-2022-03-07-08-49-31-berlin.jpg","datePublished":"2022-03-07T10:45:10+00:00","dateModified":"2022-03-07T10:45:11+00:00","breadcrumb":{"@id":"https:\/\/radioljubuski.ba\/index.php\/2022\/03\/07\/pustite-bih-na-miru-nitko-u-ovoj-zemlji-ne-zeli-rat\/#breadcrumb"},"inLanguage":"hr","potentialAction":[{"@type":"ReadAction","target":["https:\/\/radioljubuski.ba\/index.php\/2022\/03\/07\/pustite-bih-na-miru-nitko-u-ovoj-zemlji-ne-zeli-rat\/"]}]},{"@type":"ImageObject","inLanguage":"hr","@id":"https:\/\/radioljubuski.ba\/index.php\/2022\/03\/07\/pustite-bih-na-miru-nitko-u-ovoj-zemlji-ne-zeli-rat\/#primaryimage","url":"https:\/\/radioljubuski.ba\/wp-content\/uploads\/2022\/03\/2-2022-03-07-08-49-31-berlin.jpg","contentUrl":"https:\/\/radioljubuski.ba\/wp-content\/uploads\/2022\/03\/2-2022-03-07-08-49-31-berlin.jpg","width":1000,"height":625},{"@type":"BreadcrumbList","@id":"https:\/\/radioljubuski.ba\/index.php\/2022\/03\/07\/pustite-bih-na-miru-nitko-u-ovoj-zemlji-ne-zeli-rat\/#breadcrumb","itemListElement":[{"@type":"ListItem","position":1,"name":"Po\u010detna stranica","item":"https:\/\/radioljubuski.ba\/"},{"@type":"ListItem","position":2,"name":"Pustite BiH na miru, nitko u ovoj zemlji ne \u017eeli rat"}]},{"@type":"WebSite","@id":"https:\/\/radioljubuski.ba\/#website","url":"https:\/\/radioljubuski.ba\/","name":"Radio Ljubu\u0161ki","description":"Sun\u010dana frekvencija Hercegovine","publisher":{"@id":"https:\/\/radioljubuski.ba\/#organization"},"potentialAction":[{"@type":"SearchAction","target":{"@type":"EntryPoint","urlTemplate":"https:\/\/radioljubuski.ba\/?s={search_term_string}"},"query-input":{"@type":"PropertyValueSpecification","valueRequired":true,"valueName":"search_term_string"}}],"inLanguage":"hr"},{"@type":"Organization","@id":"https:\/\/radioljubuski.ba\/#organization","name":"Radio Ljubu\u0161ki","url":"https:\/\/radioljubuski.ba\/","logo":{"@type":"ImageObject","inLanguage":"hr","@id":"https:\/\/radioljubuski.ba\/#\/schema\/logo\/image\/","url":"https:\/\/radioljubuski.ba\/wp-content\/uploads\/2021\/02\/cropped-Radio_Ljubuski_logo1.jpg","contentUrl":"https:\/\/radioljubuski.ba\/wp-content\/uploads\/2021\/02\/cropped-Radio_Ljubuski_logo1.jpg","width":512,"height":512,"caption":"Radio Ljubu\u0161ki"},"image":{"@id":"https:\/\/radioljubuski.ba\/#\/schema\/logo\/image\/"},"sameAs":["https:\/\/www.facebook.com\/Radiio-Ljubuski-1490835324566332","https:\/\/x.com\/radioljubuski","https:\/\/hr.linkedin.com\/company\/radio-ljubuski","https:\/\/www.youtube.com\/channel\/UCHYaeO_n0Db3tjNGudGpXyw"]},{"@type":"Person","@id":"https:\/\/radioljubuski.ba\/#\/schema\/person\/19fc700381a780f69665d7956c469e3b","name":"Radio Ljubu\u0161ki"}]}},"_links":{"self":[{"href":"https:\/\/radioljubuski.ba\/index.php\/wp-json\/wp\/v2\/posts\/118810","targetHints":{"allow":["GET"]}}],"collection":[{"href":"https:\/\/radioljubuski.ba\/index.php\/wp-json\/wp\/v2\/posts"}],"about":[{"href":"https:\/\/radioljubuski.ba\/index.php\/wp-json\/wp\/v2\/types\/post"}],"author":[{"embeddable":true,"href":"https:\/\/radioljubuski.ba\/index.php\/wp-json\/wp\/v2\/users\/2"}],"replies":[{"embeddable":true,"href":"https:\/\/radioljubuski.ba\/index.php\/wp-json\/wp\/v2\/comments?post=118810"}],"version-history":[{"count":1,"href":"https:\/\/radioljubuski.ba\/index.php\/wp-json\/wp\/v2\/posts\/118810\/revisions"}],"predecessor-version":[{"id":118812,"href":"https:\/\/radioljubuski.ba\/index.php\/wp-json\/wp\/v2\/posts\/118810\/revisions\/118812"}],"wp:featuredmedia":[{"embeddable":true,"href":"https:\/\/radioljubuski.ba\/index.php\/wp-json\/wp\/v2\/media\/118811"}],"wp:attachment":[{"href":"https:\/\/radioljubuski.ba\/index.php\/wp-json\/wp\/v2\/media?parent=118810"}],"wp:term":[{"taxonomy":"category","embeddable":true,"href":"https:\/\/radioljubuski.ba\/index.php\/wp-json\/wp\/v2\/categories?post=118810"},{"taxonomy":"post_tag","embeddable":true,"href":"https:\/\/radioljubuski.ba\/index.php\/wp-json\/wp\/v2\/tags?post=118810"}],"curies":[{"name":"wp","href":"https:\/\/api.w.org\/{rel}","templated":true}]}}