{"id":118816,"date":"2022-03-07T11:47:33","date_gmt":"2022-03-07T10:47:33","guid":{"rendered":"https:\/\/radioljubuski.ba\/?p=118816"},"modified":"2022-03-07T11:47:34","modified_gmt":"2022-03-07T10:47:34","slug":"stanovnici-lavova-kulturne-prijestolnice-ukrajine-omotavaju-spomenike-pjenom-otpornom-na-vatru","status":"publish","type":"post","link":"https:\/\/radioljubuski.ba\/index.php\/2022\/03\/07\/stanovnici-lavova-kulturne-prijestolnice-ukrajine-omotavaju-spomenike-pjenom-otpornom-na-vatru\/","title":{"rendered":"Stanovnici Lavova, kulturne prijestolnice Ukrajine, omotavaju spomenike pjenom otpornom na vatru"},"content":{"rendered":"\n<p>Statue umotane u pjenu i material otporan na po\u017ear i visoke temperature mogu se vidjeti \u0161irom povijesnog grada Lavova u Ukrajini, gdje je u tijeku akcija za za\u0161titu kulturnog blaga od mogu\u0107eg ruskog bombardiranja, javlja AFP.&nbsp;<\/p>\n\n\n\n<p>Na Pija\u010dnom trgu u gradu Lavovu, na zapadu Ukrajine, samo se trozubac mo\u017ee vidjeti kako viri iz statue Neptuna, rimskog boga mora, koja je u potpunosti omotana plasti\u010dnom folijom.<\/p>\n\n\n\n<p>-Skupio sam ne\u0161to novca, okupio sam tim i kupio materijal &#8211; rekao je Andrij Saljuk, \u010delnik Dru\u0161tva za za\u0161titu spomenika i jedan od glavnih pokreta\u010da ove akcije za\u0161tite spomenika i kulturnih znamenitosti u Lavovu. &nbsp;<\/p>\n\n\n\n<p>Fotografije snimljene na glavnoj gradskoj tr\u017enici u \u010detvrtak prikazuju mu\u0161karce na ljestvama koji obavijaju skulpture rimskog boga Neptuna i gr\u010dke bo\u017eice Amfitrite u plasti\u010dnu foliju.<\/p>\n\n\n\n<p>Pred obli\u017enjom Latinskom katedralom, izgra\u0111enom u 14. stolje\u0107u, &nbsp;manji kip tako\u0111er je prekriven i pri\u010dvr\u0161\u0107en trakom.<\/p>\n\n\n\n<p>Volonteri su se udru\u017eili s gradskim radnicima i gra\u0111evinarima u obrani bogatog kulturnog naslije\u0111a Lavova, grada od 700.000 stanovnika \u010diji je centar na UNESCO-voj listi svjetske ba\u0161tine.<\/p>\n\n\n\n<p>Govore\u0107i za AFP u kancelariji ukra\u0161enoj ukrajinskim zastavama i bojama raznih bataljona koji se bore u isto\u010dnoj Ukrajini, on je rekao da su ve\u0107 primili donacije od bogatih dobrotvora.<\/p>\n\n\n\n<p>Okupili su nevjerovatnu koaliciju, uklju\u010duju\u0107i gra\u0111evinske tvrtke koje su dale savjete koji je najbolji materijal za za\u0161titu vitra\u017ea mnogobrojnih crkava.<\/p>\n\n\n\n<p>Izvor:pogled.ba<\/p>\n","protected":false},"excerpt":{"rendered":"<p>Statue umotane u pjenu i material otporan na po\u017ear i visoke temperature mogu se vidjeti \u0161irom povijesnog grada Lavova u Ukrajini, gdje je u tijeku akcija za za\u0161titu kulturnog blaga od mogu\u0107eg ruskog bombardiranja, javlja AFP.&nbsp; Na Pija\u010dnom trgu u gradu Lavovu, na zapadu Ukrajine, samo se trozubac mo\u017ee vidjeti kako viri iz statue Neptuna, [&hellip;]<\/p>\n","protected":false},"author":2,"featured_media":118817,"comment_status":"closed","ping_status":"closed","sticky":false,"template":"","format":"standard","meta":{"h5ap_radio_sources":[],"footnotes":""},"categories":[1],"tags":[],"class_list":["post-118816","post","type-post","status-publish","format-standard","has-post-thumbnail","hentry","category-bihiregija"],"yoast_head":"<!-- This site is optimized with the Yoast SEO plugin v27.5 - https:\/\/yoast.com\/product\/yoast-seo-wordpress\/ -->\n<title>Stanovnici Lavova, kulturne prijestolnice Ukrajine, omotavaju spomenike pjenom otpornom na vatru - RADIO LJUBU\u0160KI<\/title>\n<meta name=\"robots\" content=\"index, follow, max-snippet:-1, max-image-preview:large, max-video-preview:-1\" \/>\n<link rel=\"canonical\" href=\"https:\/\/radioljubuski.ba\/index.php\/2022\/03\/07\/stanovnici-lavova-kulturne-prijestolnice-ukrajine-omotavaju-spomenike-pjenom-otpornom-na-vatru\/\" \/>\n<meta property=\"og:locale\" content=\"hr_HR\" \/>\n<meta property=\"og:type\" content=\"article\" \/>\n<meta property=\"og:title\" content=\"Stanovnici Lavova, kulturne prijestolnice Ukrajine, omotavaju spomenike pjenom otpornom na vatru - RADIO LJUBU\u0160KI\" \/>\n<meta property=\"og:description\" content=\"Statue umotane u pjenu i material otporan na po\u017ear i visoke temperature mogu se vidjeti \u0161irom povijesnog grada Lavova u Ukrajini, gdje je u tijeku akcija za za\u0161titu kulturnog blaga od mogu\u0107eg ruskog bombardiranja, javlja AFP.&nbsp; Na Pija\u010dnom trgu u gradu Lavovu, na zapadu Ukrajine, samo se trozubac mo\u017ee vidjeti kako viri iz statue Neptuna, [&hellip;]\" \/>\n<meta property=\"og:url\" content=\"https:\/\/radioljubuski.ba\/index.php\/2022\/03\/07\/stanovnici-lavova-kulturne-prijestolnice-ukrajine-omotavaju-spomenike-pjenom-otpornom-na-vatru\/\" \/>\n<meta property=\"og:site_name\" content=\"RADIO LJUBU\u0160KI\" \/>\n<meta property=\"article:publisher\" content=\"https:\/\/www.facebook.com\/Radiio-Ljubuski-1490835324566332\" \/>\n<meta property=\"article:published_time\" content=\"2022-03-07T10:47:33+00:00\" \/>\n<meta property=\"article:modified_time\" content=\"2022-03-07T10:47:34+00:00\" \/>\n<meta property=\"og:image\" content=\"https:\/\/radioljubuski.ba\/wp-content\/uploads\/2022\/03\/2-2022-03-07-09-04-34-lavov.jpg\" \/>\n\t<meta property=\"og:image:width\" content=\"1000\" \/>\n\t<meta property=\"og:image:height\" content=\"625\" \/>\n\t<meta property=\"og:image:type\" content=\"image\/jpeg\" \/>\n<meta name=\"author\" content=\"Radio Ljubu\u0161ki\" \/>\n<meta name=\"twitter:card\" content=\"summary_large_image\" \/>\n<meta name=\"twitter:creator\" content=\"@radioljubuski\" \/>\n<meta name=\"twitter:site\" content=\"@radioljubuski\" \/>\n<meta name=\"twitter:label1\" content=\"Napisao\/la\" \/>\n\t<meta name=\"twitter:data1\" content=\"Radio Ljubu\u0161ki\" \/>\n\t<meta name=\"twitter:label2\" content=\"Procijenjeno vrijeme \u010ditanja\" \/>\n\t<meta name=\"twitter:data2\" content=\"1 minuta\" \/>\n<script type=\"application\/ld+json\" class=\"yoast-schema-graph\">{\"@context\":\"https:\\\/\\\/schema.org\",\"@graph\":[{\"@type\":\"Article\",\"@id\":\"https:\\\/\\\/radioljubuski.ba\\\/index.php\\\/2022\\\/03\\\/07\\\/stanovnici-lavova-kulturne-prijestolnice-ukrajine-omotavaju-spomenike-pjenom-otpornom-na-vatru\\\/#article\",\"isPartOf\":{\"@id\":\"https:\\\/\\\/radioljubuski.ba\\\/index.php\\\/2022\\\/03\\\/07\\\/stanovnici-lavova-kulturne-prijestolnice-ukrajine-omotavaju-spomenike-pjenom-otpornom-na-vatru\\\/\"},\"author\":{\"name\":\"Radio Ljubu\u0161ki\",\"@id\":\"https:\\\/\\\/radioljubuski.ba\\\/#\\\/schema\\\/person\\\/19fc700381a780f69665d7956c469e3b\"},\"headline\":\"Stanovnici Lavova, kulturne prijestolnice Ukrajine, omotavaju spomenike pjenom otpornom na vatru\",\"datePublished\":\"2022-03-07T10:47:33+00:00\",\"dateModified\":\"2022-03-07T10:47:34+00:00\",\"mainEntityOfPage\":{\"@id\":\"https:\\\/\\\/radioljubuski.ba\\\/index.php\\\/2022\\\/03\\\/07\\\/stanovnici-lavova-kulturne-prijestolnice-ukrajine-omotavaju-spomenike-pjenom-otpornom-na-vatru\\\/\"},\"wordCount\":265,\"publisher\":{\"@id\":\"https:\\\/\\\/radioljubuski.ba\\\/#organization\"},\"image\":{\"@id\":\"https:\\\/\\\/radioljubuski.ba\\\/index.php\\\/2022\\\/03\\\/07\\\/stanovnici-lavova-kulturne-prijestolnice-ukrajine-omotavaju-spomenike-pjenom-otpornom-na-vatru\\\/#primaryimage\"},\"thumbnailUrl\":\"https:\\\/\\\/radioljubuski.ba\\\/wp-content\\\/uploads\\\/2022\\\/03\\\/2-2022-03-07-09-04-34-lavov.jpg\",\"articleSection\":[\"BIH i regija\"],\"inLanguage\":\"hr\"},{\"@type\":\"WebPage\",\"@id\":\"https:\\\/\\\/radioljubuski.ba\\\/index.php\\\/2022\\\/03\\\/07\\\/stanovnici-lavova-kulturne-prijestolnice-ukrajine-omotavaju-spomenike-pjenom-otpornom-na-vatru\\\/\",\"url\":\"https:\\\/\\\/radioljubuski.ba\\\/index.php\\\/2022\\\/03\\\/07\\\/stanovnici-lavova-kulturne-prijestolnice-ukrajine-omotavaju-spomenike-pjenom-otpornom-na-vatru\\\/\",\"name\":\"Stanovnici Lavova, kulturne prijestolnice Ukrajine, omotavaju spomenike pjenom otpornom na vatru - RADIO LJUBU\u0160KI\",\"isPartOf\":{\"@id\":\"https:\\\/\\\/radioljubuski.ba\\\/#website\"},\"primaryImageOfPage\":{\"@id\":\"https:\\\/\\\/radioljubuski.ba\\\/index.php\\\/2022\\\/03\\\/07\\\/stanovnici-lavova-kulturne-prijestolnice-ukrajine-omotavaju-spomenike-pjenom-otpornom-na-vatru\\\/#primaryimage\"},\"image\":{\"@id\":\"https:\\\/\\\/radioljubuski.ba\\\/index.php\\\/2022\\\/03\\\/07\\\/stanovnici-lavova-kulturne-prijestolnice-ukrajine-omotavaju-spomenike-pjenom-otpornom-na-vatru\\\/#primaryimage\"},\"thumbnailUrl\":\"https:\\\/\\\/radioljubuski.ba\\\/wp-content\\\/uploads\\\/2022\\\/03\\\/2-2022-03-07-09-04-34-lavov.jpg\",\"datePublished\":\"2022-03-07T10:47:33+00:00\",\"dateModified\":\"2022-03-07T10:47:34+00:00\",\"breadcrumb\":{\"@id\":\"https:\\\/\\\/radioljubuski.ba\\\/index.php\\\/2022\\\/03\\\/07\\\/stanovnici-lavova-kulturne-prijestolnice-ukrajine-omotavaju-spomenike-pjenom-otpornom-na-vatru\\\/#breadcrumb\"},\"inLanguage\":\"hr\",\"potentialAction\":[{\"@type\":\"ReadAction\",\"target\":[\"https:\\\/\\\/radioljubuski.ba\\\/index.php\\\/2022\\\/03\\\/07\\\/stanovnici-lavova-kulturne-prijestolnice-ukrajine-omotavaju-spomenike-pjenom-otpornom-na-vatru\\\/\"]}]},{\"@type\":\"ImageObject\",\"inLanguage\":\"hr\",\"@id\":\"https:\\\/\\\/radioljubuski.ba\\\/index.php\\\/2022\\\/03\\\/07\\\/stanovnici-lavova-kulturne-prijestolnice-ukrajine-omotavaju-spomenike-pjenom-otpornom-na-vatru\\\/#primaryimage\",\"url\":\"https:\\\/\\\/radioljubuski.ba\\\/wp-content\\\/uploads\\\/2022\\\/03\\\/2-2022-03-07-09-04-34-lavov.jpg\",\"contentUrl\":\"https:\\\/\\\/radioljubuski.ba\\\/wp-content\\\/uploads\\\/2022\\\/03\\\/2-2022-03-07-09-04-34-lavov.jpg\",\"width\":1000,\"height\":625},{\"@type\":\"BreadcrumbList\",\"@id\":\"https:\\\/\\\/radioljubuski.ba\\\/index.php\\\/2022\\\/03\\\/07\\\/stanovnici-lavova-kulturne-prijestolnice-ukrajine-omotavaju-spomenike-pjenom-otpornom-na-vatru\\\/#breadcrumb\",\"itemListElement\":[{\"@type\":\"ListItem\",\"position\":1,\"name\":\"Po\u010detna stranica\",\"item\":\"https:\\\/\\\/radioljubuski.ba\\\/\"},{\"@type\":\"ListItem\",\"position\":2,\"name\":\"Stanovnici Lavova, kulturne prijestolnice Ukrajine, omotavaju spomenike pjenom otpornom na vatru\"}]},{\"@type\":\"WebSite\",\"@id\":\"https:\\\/\\\/radioljubuski.ba\\\/#website\",\"url\":\"https:\\\/\\\/radioljubuski.ba\\\/\",\"name\":\"Radio Ljubu\u0161ki\",\"description\":\"Sun\u010dana frekvencija Hercegovine\",\"publisher\":{\"@id\":\"https:\\\/\\\/radioljubuski.ba\\\/#organization\"},\"potentialAction\":[{\"@type\":\"SearchAction\",\"target\":{\"@type\":\"EntryPoint\",\"urlTemplate\":\"https:\\\/\\\/radioljubuski.ba\\\/?s={search_term_string}\"},\"query-input\":{\"@type\":\"PropertyValueSpecification\",\"valueRequired\":true,\"valueName\":\"search_term_string\"}}],\"inLanguage\":\"hr\"},{\"@type\":\"Organization\",\"@id\":\"https:\\\/\\\/radioljubuski.ba\\\/#organization\",\"name\":\"Radio Ljubu\u0161ki\",\"url\":\"https:\\\/\\\/radioljubuski.ba\\\/\",\"logo\":{\"@type\":\"ImageObject\",\"inLanguage\":\"hr\",\"@id\":\"https:\\\/\\\/radioljubuski.ba\\\/#\\\/schema\\\/logo\\\/image\\\/\",\"url\":\"https:\\\/\\\/radioljubuski.ba\\\/wp-content\\\/uploads\\\/2021\\\/02\\\/cropped-Radio_Ljubuski_logo1.jpg\",\"contentUrl\":\"https:\\\/\\\/radioljubuski.ba\\\/wp-content\\\/uploads\\\/2021\\\/02\\\/cropped-Radio_Ljubuski_logo1.jpg\",\"width\":512,\"height\":512,\"caption\":\"Radio Ljubu\u0161ki\"},\"image\":{\"@id\":\"https:\\\/\\\/radioljubuski.ba\\\/#\\\/schema\\\/logo\\\/image\\\/\"},\"sameAs\":[\"https:\\\/\\\/www.facebook.com\\\/Radiio-Ljubuski-1490835324566332\",\"https:\\\/\\\/x.com\\\/radioljubuski\",\"https:\\\/\\\/hr.linkedin.com\\\/company\\\/radio-ljubuski\",\"https:\\\/\\\/www.youtube.com\\\/channel\\\/UCHYaeO_n0Db3tjNGudGpXyw\"]},{\"@type\":\"Person\",\"@id\":\"https:\\\/\\\/radioljubuski.ba\\\/#\\\/schema\\\/person\\\/19fc700381a780f69665d7956c469e3b\",\"name\":\"Radio Ljubu\u0161ki\"}]}<\/script>\n<!-- \/ Yoast SEO plugin. -->","yoast_head_json":{"title":"Stanovnici Lavova, kulturne prijestolnice Ukrajine, omotavaju spomenike pjenom otpornom na vatru - RADIO LJUBU\u0160KI","robots":{"index":"index","follow":"follow","max-snippet":"max-snippet:-1","max-image-preview":"max-image-preview:large","max-video-preview":"max-video-preview:-1"},"canonical":"https:\/\/radioljubuski.ba\/index.php\/2022\/03\/07\/stanovnici-lavova-kulturne-prijestolnice-ukrajine-omotavaju-spomenike-pjenom-otpornom-na-vatru\/","og_locale":"hr_HR","og_type":"article","og_title":"Stanovnici Lavova, kulturne prijestolnice Ukrajine, omotavaju spomenike pjenom otpornom na vatru - RADIO LJUBU\u0160KI","og_description":"Statue umotane u pjenu i material otporan na po\u017ear i visoke temperature mogu se vidjeti \u0161irom povijesnog grada Lavova u Ukrajini, gdje je u tijeku akcija za za\u0161titu kulturnog blaga od mogu\u0107eg ruskog bombardiranja, javlja AFP.&nbsp; Na Pija\u010dnom trgu u gradu Lavovu, na zapadu Ukrajine, samo se trozubac mo\u017ee vidjeti kako viri iz statue Neptuna, [&hellip;]","og_url":"https:\/\/radioljubuski.ba\/index.php\/2022\/03\/07\/stanovnici-lavova-kulturne-prijestolnice-ukrajine-omotavaju-spomenike-pjenom-otpornom-na-vatru\/","og_site_name":"RADIO LJUBU\u0160KI","article_publisher":"https:\/\/www.facebook.com\/Radiio-Ljubuski-1490835324566332","article_published_time":"2022-03-07T10:47:33+00:00","article_modified_time":"2022-03-07T10:47:34+00:00","og_image":[{"width":1000,"height":625,"url":"https:\/\/radioljubuski.ba\/wp-content\/uploads\/2022\/03\/2-2022-03-07-09-04-34-lavov.jpg","type":"image\/jpeg"}],"author":"Radio Ljubu\u0161ki","twitter_card":"summary_large_image","twitter_creator":"@radioljubuski","twitter_site":"@radioljubuski","twitter_misc":{"Napisao\/la":"Radio Ljubu\u0161ki","Procijenjeno vrijeme \u010ditanja":"1 minuta"},"schema":{"@context":"https:\/\/schema.org","@graph":[{"@type":"Article","@id":"https:\/\/radioljubuski.ba\/index.php\/2022\/03\/07\/stanovnici-lavova-kulturne-prijestolnice-ukrajine-omotavaju-spomenike-pjenom-otpornom-na-vatru\/#article","isPartOf":{"@id":"https:\/\/radioljubuski.ba\/index.php\/2022\/03\/07\/stanovnici-lavova-kulturne-prijestolnice-ukrajine-omotavaju-spomenike-pjenom-otpornom-na-vatru\/"},"author":{"name":"Radio Ljubu\u0161ki","@id":"https:\/\/radioljubuski.ba\/#\/schema\/person\/19fc700381a780f69665d7956c469e3b"},"headline":"Stanovnici Lavova, kulturne prijestolnice Ukrajine, omotavaju spomenike pjenom otpornom na vatru","datePublished":"2022-03-07T10:47:33+00:00","dateModified":"2022-03-07T10:47:34+00:00","mainEntityOfPage":{"@id":"https:\/\/radioljubuski.ba\/index.php\/2022\/03\/07\/stanovnici-lavova-kulturne-prijestolnice-ukrajine-omotavaju-spomenike-pjenom-otpornom-na-vatru\/"},"wordCount":265,"publisher":{"@id":"https:\/\/radioljubuski.ba\/#organization"},"image":{"@id":"https:\/\/radioljubuski.ba\/index.php\/2022\/03\/07\/stanovnici-lavova-kulturne-prijestolnice-ukrajine-omotavaju-spomenike-pjenom-otpornom-na-vatru\/#primaryimage"},"thumbnailUrl":"https:\/\/radioljubuski.ba\/wp-content\/uploads\/2022\/03\/2-2022-03-07-09-04-34-lavov.jpg","articleSection":["BIH i regija"],"inLanguage":"hr"},{"@type":"WebPage","@id":"https:\/\/radioljubuski.ba\/index.php\/2022\/03\/07\/stanovnici-lavova-kulturne-prijestolnice-ukrajine-omotavaju-spomenike-pjenom-otpornom-na-vatru\/","url":"https:\/\/radioljubuski.ba\/index.php\/2022\/03\/07\/stanovnici-lavova-kulturne-prijestolnice-ukrajine-omotavaju-spomenike-pjenom-otpornom-na-vatru\/","name":"Stanovnici Lavova, kulturne prijestolnice Ukrajine, omotavaju spomenike pjenom otpornom na vatru - RADIO LJUBU\u0160KI","isPartOf":{"@id":"https:\/\/radioljubuski.ba\/#website"},"primaryImageOfPage":{"@id":"https:\/\/radioljubuski.ba\/index.php\/2022\/03\/07\/stanovnici-lavova-kulturne-prijestolnice-ukrajine-omotavaju-spomenike-pjenom-otpornom-na-vatru\/#primaryimage"},"image":{"@id":"https:\/\/radioljubuski.ba\/index.php\/2022\/03\/07\/stanovnici-lavova-kulturne-prijestolnice-ukrajine-omotavaju-spomenike-pjenom-otpornom-na-vatru\/#primaryimage"},"thumbnailUrl":"https:\/\/radioljubuski.ba\/wp-content\/uploads\/2022\/03\/2-2022-03-07-09-04-34-lavov.jpg","datePublished":"2022-03-07T10:47:33+00:00","dateModified":"2022-03-07T10:47:34+00:00","breadcrumb":{"@id":"https:\/\/radioljubuski.ba\/index.php\/2022\/03\/07\/stanovnici-lavova-kulturne-prijestolnice-ukrajine-omotavaju-spomenike-pjenom-otpornom-na-vatru\/#breadcrumb"},"inLanguage":"hr","potentialAction":[{"@type":"ReadAction","target":["https:\/\/radioljubuski.ba\/index.php\/2022\/03\/07\/stanovnici-lavova-kulturne-prijestolnice-ukrajine-omotavaju-spomenike-pjenom-otpornom-na-vatru\/"]}]},{"@type":"ImageObject","inLanguage":"hr","@id":"https:\/\/radioljubuski.ba\/index.php\/2022\/03\/07\/stanovnici-lavova-kulturne-prijestolnice-ukrajine-omotavaju-spomenike-pjenom-otpornom-na-vatru\/#primaryimage","url":"https:\/\/radioljubuski.ba\/wp-content\/uploads\/2022\/03\/2-2022-03-07-09-04-34-lavov.jpg","contentUrl":"https:\/\/radioljubuski.ba\/wp-content\/uploads\/2022\/03\/2-2022-03-07-09-04-34-lavov.jpg","width":1000,"height":625},{"@type":"BreadcrumbList","@id":"https:\/\/radioljubuski.ba\/index.php\/2022\/03\/07\/stanovnici-lavova-kulturne-prijestolnice-ukrajine-omotavaju-spomenike-pjenom-otpornom-na-vatru\/#breadcrumb","itemListElement":[{"@type":"ListItem","position":1,"name":"Po\u010detna stranica","item":"https:\/\/radioljubuski.ba\/"},{"@type":"ListItem","position":2,"name":"Stanovnici Lavova, kulturne prijestolnice Ukrajine, omotavaju spomenike pjenom otpornom na vatru"}]},{"@type":"WebSite","@id":"https:\/\/radioljubuski.ba\/#website","url":"https:\/\/radioljubuski.ba\/","name":"Radio Ljubu\u0161ki","description":"Sun\u010dana frekvencija Hercegovine","publisher":{"@id":"https:\/\/radioljubuski.ba\/#organization"},"potentialAction":[{"@type":"SearchAction","target":{"@type":"EntryPoint","urlTemplate":"https:\/\/radioljubuski.ba\/?s={search_term_string}"},"query-input":{"@type":"PropertyValueSpecification","valueRequired":true,"valueName":"search_term_string"}}],"inLanguage":"hr"},{"@type":"Organization","@id":"https:\/\/radioljubuski.ba\/#organization","name":"Radio Ljubu\u0161ki","url":"https:\/\/radioljubuski.ba\/","logo":{"@type":"ImageObject","inLanguage":"hr","@id":"https:\/\/radioljubuski.ba\/#\/schema\/logo\/image\/","url":"https:\/\/radioljubuski.ba\/wp-content\/uploads\/2021\/02\/cropped-Radio_Ljubuski_logo1.jpg","contentUrl":"https:\/\/radioljubuski.ba\/wp-content\/uploads\/2021\/02\/cropped-Radio_Ljubuski_logo1.jpg","width":512,"height":512,"caption":"Radio Ljubu\u0161ki"},"image":{"@id":"https:\/\/radioljubuski.ba\/#\/schema\/logo\/image\/"},"sameAs":["https:\/\/www.facebook.com\/Radiio-Ljubuski-1490835324566332","https:\/\/x.com\/radioljubuski","https:\/\/hr.linkedin.com\/company\/radio-ljubuski","https:\/\/www.youtube.com\/channel\/UCHYaeO_n0Db3tjNGudGpXyw"]},{"@type":"Person","@id":"https:\/\/radioljubuski.ba\/#\/schema\/person\/19fc700381a780f69665d7956c469e3b","name":"Radio Ljubu\u0161ki"}]}},"_links":{"self":[{"href":"https:\/\/radioljubuski.ba\/index.php\/wp-json\/wp\/v2\/posts\/118816","targetHints":{"allow":["GET"]}}],"collection":[{"href":"https:\/\/radioljubuski.ba\/index.php\/wp-json\/wp\/v2\/posts"}],"about":[{"href":"https:\/\/radioljubuski.ba\/index.php\/wp-json\/wp\/v2\/types\/post"}],"author":[{"embeddable":true,"href":"https:\/\/radioljubuski.ba\/index.php\/wp-json\/wp\/v2\/users\/2"}],"replies":[{"embeddable":true,"href":"https:\/\/radioljubuski.ba\/index.php\/wp-json\/wp\/v2\/comments?post=118816"}],"version-history":[{"count":1,"href":"https:\/\/radioljubuski.ba\/index.php\/wp-json\/wp\/v2\/posts\/118816\/revisions"}],"predecessor-version":[{"id":118818,"href":"https:\/\/radioljubuski.ba\/index.php\/wp-json\/wp\/v2\/posts\/118816\/revisions\/118818"}],"wp:featuredmedia":[{"embeddable":true,"href":"https:\/\/radioljubuski.ba\/index.php\/wp-json\/wp\/v2\/media\/118817"}],"wp:attachment":[{"href":"https:\/\/radioljubuski.ba\/index.php\/wp-json\/wp\/v2\/media?parent=118816"}],"wp:term":[{"taxonomy":"category","embeddable":true,"href":"https:\/\/radioljubuski.ba\/index.php\/wp-json\/wp\/v2\/categories?post=118816"},{"taxonomy":"post_tag","embeddable":true,"href":"https:\/\/radioljubuski.ba\/index.php\/wp-json\/wp\/v2\/tags?post=118816"}],"curies":[{"name":"wp","href":"https:\/\/api.w.org\/{rel}","templated":true}]}}