{"id":118822,"date":"2022-03-07T11:50:44","date_gmt":"2022-03-07T10:50:44","guid":{"rendered":"https:\/\/radioljubuski.ba\/?p=118822"},"modified":"2022-03-07T11:51:11","modified_gmt":"2022-03-07T10:51:11","slug":"strucnjaci-strahuju-od-izbijanja-ospica-na-balkanu","status":"publish","type":"post","link":"https:\/\/radioljubuski.ba\/index.php\/2022\/03\/07\/strucnjaci-strahuju-od-izbijanja-ospica-na-balkanu\/","title":{"rendered":"Stru\u010dnjaci strahuju od izbijanja ospica na Balkanu"},"content":{"rendered":"\n<p>Unato\u010d tome \u0161to je cijepila svoje prvo dijete, Vanja je podvukla crtu kad je do\u0161ao red na mla\u0111eg sina i odlu\u010dila je da se on ne\u0107e cijepiti protiv ospica.<\/p>\n\n\n\n<p>Psihologinja koja \u017eivi u Podgorici, glavnom gradu Crne Gore, ka\u017ee da se predomislila, nakon \u0161to je pro\u010ditala mnogo stvari u online grupi kojoj pripada.<\/p>\n\n\n\n<p>&#8211; Nemam povjerenja u sustav cijepljenja. Nedostaje nam informacija i edukacije, izjavila je 44-godi\u0161nja Vanja za AFP i zatra\u017eila da se njeno prezime ne navodi.<\/p>\n\n\n\n<p>&#8211; Osje\u0107am veliku odgovornost i nije bilo jednostavno donijeti ovu odluku, govori.<\/p>\n\n\n\n<p>Vanjin stav je sve \u010de\u0161\u0107i u Crnoj Gori koja ima najni\u017ei broj djece cijepljene protiv ospica u svijetu. Samo 23,8 posto dojen\u010dadi u 2020. cijepljeno je objema dozama, podaci su Svjetske zdravstvene organizacije (WHO).<\/p>\n\n\n\n<p>Dramati\u010dan pad stope inokulacije prisilio je stru\u010dnjake za javno zdravstvo da se pripremaju za skoru epidemiju ospica u Crnoj Gori i susjednim dr\u017eavama Balkana u kojima je cijepljenje tako\u0111er palo, u velikoj mjeri zbog porasta dezinformacija, posebice tijekom pandemije covida-19.<\/p>\n\n\n\n<p>&#8211; Rizik izbijanja epidemije ospica je visok, rekao je za AFP slu\u017ebenik za imunizaciju u WHO-u Dragan Jankovi\u0107.<\/p>\n\n\n\n<p>&#8211; Uvoz virusa ospica samo je pitanje vremena&#8230; \u010dim se uveze u podlo\u017enu populaciju, po\u010det \u0107e \u0161irenje.<\/p>\n\n\n\n<p>U susjednoj Sjevernoj Makedoniji, 63 posto djece je cijepljeno prvom dozom cjepiva za ospice, zau\u0161njake i rubeolu (MMR), dok je u Srbiji cjepivo primilo 78 posto djece.<\/p>\n\n\n\n<p><strong><em>Savr\u0161ena oluja<\/em><\/strong><\/p>\n\n\n\n<p>Stru\u010dnjaci tvrde da je potrebno najmanje 95 posto cijepljenih dvjema dozama kako bi se izbjeglo \u0161irenje ospica, vrlo zarazne bolesti koja se prenosi zrakom i mo\u017ee biti smrtonosna.<\/p>\n\n\n\n<p>Virus mo\u017ee uzrokovati komplikacije koje uklju\u010duju sljepo\u0107u, oticanje mozga i upalu plu\u0107a, a u necijepljene djece je uo\u010den najve\u0107i rizik od razvoja ozbiljnih slu\u010dajeva bolesti &#8211; uklju\u010duju\u0107i i smrt.<\/p>\n\n\n\n<p>Ipak, desetlje\u0107ima postoji averzija prema MMR cjepivu koja je ukorijenjena u ra\u0161irenim dezinformacijama vezanim uz studiju iz 1998. koja je ukazivala na vezu izme\u0111u autizma i cjepiva, a u me\u0111uvremenu je znanstveno opovrgnuta.<\/p>\n\n\n\n<p>Ujedinjeni narodi su u vi\u0161e navrata upozoravali da se sprema &#8220;savr\u0161ena oluja&#8221; za nove epidemije bolesti koje se mogu sprije\u010diti, uz pandemiju koja je poremetila rutinsko cijepljenje.<\/p>\n\n\n\n<p>I premda su ospice 2019. ubile vi\u0161e od 207.000 ljudi u svijetu, u mnogim su njegovim dijelovima pale stope cijepljenja.<\/p>\n\n\n\n<p>Stopa cijepljenja prvom dozom pala je s 86 na 84 posto na globalnoj razini izme\u0111u 2019. i 2020., dok je prema podacima WHO-a tijekom istog razdoblja samo 70 posto djece primilo drugu dozu.<\/p>\n\n\n\n<p>Epidemiolozi smatraju da antivakserski stavovi na Balkanu nastaju zbog nekoliko \u010dimbenika, a to su nepovjerenje u vladu, nedostatak ozbiljnih provedbenih mjera i poplava dezinformacija koje su preplavile dru\u0161tvene mre\u017ee tijekom pandemije koronavirusa.<\/p>\n\n\n\n<p>U Crnoj Gori lije\u010dnici su pozvali vladu da ozbiljnije pristupi ovom problemu te su upozorili da male nov\u010dane kazne za roditelje koji odbiju obvezno cjepivo nisu dovoljne da se antivakserski pokret zaustavi.<\/p>\n\n\n\n<p>&#8211; MMR cjepivo trenutno nije uvjet za upis u \u0161kole i vrti\u0107e, rekla je za AFP Milena Popovi\u0107 Samard\u017ei\u0107, epidemiologinja crnogorskog Instituta za javno zdravlje.<\/p>\n\n\n\n<p>Gotovo tre\u0107ina Crnogoraca vjeruje u teoriju zavjere po kojoj lije\u010dnici i vlada nastoje cijepiti djecu cjepivima koja uzrokuju autizam, pokazalo je istra\u017eivanje Ipsosa objavljeno 2021. godine.<\/p>\n\n\n\n<p>Isto izvje\u0161\u0107e je utvrdilo i da je vi\u0161e od polovice stanovni\u0161tva zemlje uvjereno da su &#8220;globalne elite&#8221; stvorile koronavirus kako bi srezale populaciju planeta.<\/p>\n\n\n\n<p><strong><em>Dosta mi je<\/em><\/strong><\/p>\n\n\n\n<p>U Srbiji je cjepivo obvezno za upis u\u010denika u \u0161kole, ali stru\u010dnjaci ka\u017eu da du\u017enosnici \u010desto zatvaraju o\u010di pred problemom sve dok ih epidemija ne prisili na reakciju.<\/p>\n\n\n\n<p>&#8211; Dr\u017eava samo treba slijediti pravila koja je sama postavila, rekao je Georgios Konstantinidis, \u0161ef srpske udruge pedijatara.<\/p>\n\n\n\n<p>&#8211; Ali nitko to ne radi &#8211; ni roditelji, ni ljudi u vrti\u0107ima koji upisuju djecu preko veze&#8217;, govori.<\/p>\n\n\n\n<p>Srbija je posljednji put epidemijom ospica pogo\u0111ena 2017., \u0161to je rezultiralo s 3800 zabilje\u017eenih slu\u010dajeva i 12 smrtnih ishoda, uklju\u010duju\u0107i i dvoje djece.<\/p>\n\n\n\n<p>&#8211; Nakon izbijanja zaraze, dr\u017eavni tu\u017eitelji pokrenuli su postupke protiv 43 istaknuta antivaksera zbog &#8220;izazivanja panike&#8221;, ali nitko nije osu\u0111en, rekao je Vladimir Cimerman, beogradski lije\u010dnik koji je pomogao u podizanju tu\u017ebe.<\/p>\n\n\n\n<p>Lije\u010dnici u Srbiji sve su vi\u0161e frustrirani \u0161to se upozorenja ignoriraju.<\/p>\n\n\n\n<p>&#8211; Nedostaje nam dru\u0161tvena odgovornost. Dosta mi je svega, rekao je Konstantinidis.<\/p>\n\n\n\n<p>&#8211; Osnovna ljudskost nestala je iz ovog dru\u0161tva, \u010dak i na globalnoj razini, dodaje.<\/p>\n\n\n\n<p>Izvor.pogled.ba<\/p>\n","protected":false},"excerpt":{"rendered":"<p>Unato\u010d tome \u0161to je cijepila svoje prvo dijete, Vanja je podvukla crtu kad je do\u0161ao red na mla\u0111eg sina i odlu\u010dila je da se on ne\u0107e cijepiti protiv ospica. Psihologinja koja \u017eivi u Podgorici, glavnom gradu Crne Gore, ka\u017ee da se predomislila, nakon \u0161to je pro\u010ditala mnogo stvari u online grupi kojoj pripada. &#8211; Nemam [&hellip;]<\/p>\n","protected":false},"author":2,"featured_media":118824,"comment_status":"closed","ping_status":"closed","sticky":false,"template":"","format":"standard","meta":{"h5ap_radio_sources":[],"footnotes":""},"categories":[1],"tags":[],"class_list":["post-118822","post","type-post","status-publish","format-standard","has-post-thumbnail","hentry","category-bihiregija"],"yoast_head":"<!-- This site is optimized with the Yoast SEO plugin v27.5 - https:\/\/yoast.com\/product\/yoast-seo-wordpress\/ -->\n<title>Stru\u010dnjaci strahuju od izbijanja ospica na Balkanu - RADIO LJUBU\u0160KI<\/title>\n<meta name=\"robots\" content=\"index, follow, max-snippet:-1, max-image-preview:large, max-video-preview:-1\" \/>\n<link rel=\"canonical\" href=\"https:\/\/radioljubuski.ba\/index.php\/2022\/03\/07\/strucnjaci-strahuju-od-izbijanja-ospica-na-balkanu\/\" \/>\n<meta property=\"og:locale\" content=\"hr_HR\" \/>\n<meta property=\"og:type\" content=\"article\" \/>\n<meta property=\"og:title\" content=\"Stru\u010dnjaci strahuju od izbijanja ospica na Balkanu - RADIO LJUBU\u0160KI\" \/>\n<meta property=\"og:description\" content=\"Unato\u010d tome \u0161to je cijepila svoje prvo dijete, Vanja je podvukla crtu kad je do\u0161ao red na mla\u0111eg sina i odlu\u010dila je da se on ne\u0107e cijepiti protiv ospica. Psihologinja koja \u017eivi u Podgorici, glavnom gradu Crne Gore, ka\u017ee da se predomislila, nakon \u0161to je pro\u010ditala mnogo stvari u online grupi kojoj pripada. &#8211; Nemam [&hellip;]\" \/>\n<meta property=\"og:url\" content=\"https:\/\/radioljubuski.ba\/index.php\/2022\/03\/07\/strucnjaci-strahuju-od-izbijanja-ospica-na-balkanu\/\" \/>\n<meta property=\"og:site_name\" content=\"RADIO LJUBU\u0160KI\" \/>\n<meta property=\"article:publisher\" content=\"https:\/\/www.facebook.com\/Radiio-Ljubuski-1490835324566332\" \/>\n<meta property=\"article:published_time\" content=\"2022-03-07T10:50:44+00:00\" \/>\n<meta property=\"article:modified_time\" content=\"2022-03-07T10:51:11+00:00\" \/>\n<meta property=\"og:image\" content=\"https:\/\/radioljubuski.ba\/wp-content\/uploads\/2022\/03\/9agnhIX8_ospice.jpg\" \/>\n\t<meta property=\"og:image:width\" content=\"1000\" \/>\n\t<meta property=\"og:image:height\" content=\"625\" \/>\n\t<meta property=\"og:image:type\" content=\"image\/jpeg\" \/>\n<meta name=\"author\" content=\"Radio Ljubu\u0161ki\" \/>\n<meta name=\"twitter:card\" content=\"summary_large_image\" \/>\n<meta name=\"twitter:creator\" content=\"@radioljubuski\" \/>\n<meta name=\"twitter:site\" content=\"@radioljubuski\" \/>\n<meta name=\"twitter:label1\" content=\"Napisao\/la\" \/>\n\t<meta name=\"twitter:data1\" content=\"Radio Ljubu\u0161ki\" \/>\n\t<meta name=\"twitter:label2\" content=\"Procijenjeno vrijeme \u010ditanja\" \/>\n\t<meta name=\"twitter:data2\" content=\"4 minute\" \/>\n<script type=\"application\/ld+json\" class=\"yoast-schema-graph\">{\"@context\":\"https:\\\/\\\/schema.org\",\"@graph\":[{\"@type\":\"Article\",\"@id\":\"https:\\\/\\\/radioljubuski.ba\\\/index.php\\\/2022\\\/03\\\/07\\\/strucnjaci-strahuju-od-izbijanja-ospica-na-balkanu\\\/#article\",\"isPartOf\":{\"@id\":\"https:\\\/\\\/radioljubuski.ba\\\/index.php\\\/2022\\\/03\\\/07\\\/strucnjaci-strahuju-od-izbijanja-ospica-na-balkanu\\\/\"},\"author\":{\"name\":\"Radio Ljubu\u0161ki\",\"@id\":\"https:\\\/\\\/radioljubuski.ba\\\/#\\\/schema\\\/person\\\/19fc700381a780f69665d7956c469e3b\"},\"headline\":\"Stru\u010dnjaci strahuju od izbijanja ospica na Balkanu\",\"datePublished\":\"2022-03-07T10:50:44+00:00\",\"dateModified\":\"2022-03-07T10:51:11+00:00\",\"mainEntityOfPage\":{\"@id\":\"https:\\\/\\\/radioljubuski.ba\\\/index.php\\\/2022\\\/03\\\/07\\\/strucnjaci-strahuju-od-izbijanja-ospica-na-balkanu\\\/\"},\"wordCount\":764,\"publisher\":{\"@id\":\"https:\\\/\\\/radioljubuski.ba\\\/#organization\"},\"image\":{\"@id\":\"https:\\\/\\\/radioljubuski.ba\\\/index.php\\\/2022\\\/03\\\/07\\\/strucnjaci-strahuju-od-izbijanja-ospica-na-balkanu\\\/#primaryimage\"},\"thumbnailUrl\":\"https:\\\/\\\/radioljubuski.ba\\\/wp-content\\\/uploads\\\/2022\\\/03\\\/9agnhIX8_ospice.jpg\",\"articleSection\":[\"BIH i regija\"],\"inLanguage\":\"hr\"},{\"@type\":\"WebPage\",\"@id\":\"https:\\\/\\\/radioljubuski.ba\\\/index.php\\\/2022\\\/03\\\/07\\\/strucnjaci-strahuju-od-izbijanja-ospica-na-balkanu\\\/\",\"url\":\"https:\\\/\\\/radioljubuski.ba\\\/index.php\\\/2022\\\/03\\\/07\\\/strucnjaci-strahuju-od-izbijanja-ospica-na-balkanu\\\/\",\"name\":\"Stru\u010dnjaci strahuju od izbijanja ospica na Balkanu - RADIO LJUBU\u0160KI\",\"isPartOf\":{\"@id\":\"https:\\\/\\\/radioljubuski.ba\\\/#website\"},\"primaryImageOfPage\":{\"@id\":\"https:\\\/\\\/radioljubuski.ba\\\/index.php\\\/2022\\\/03\\\/07\\\/strucnjaci-strahuju-od-izbijanja-ospica-na-balkanu\\\/#primaryimage\"},\"image\":{\"@id\":\"https:\\\/\\\/radioljubuski.ba\\\/index.php\\\/2022\\\/03\\\/07\\\/strucnjaci-strahuju-od-izbijanja-ospica-na-balkanu\\\/#primaryimage\"},\"thumbnailUrl\":\"https:\\\/\\\/radioljubuski.ba\\\/wp-content\\\/uploads\\\/2022\\\/03\\\/9agnhIX8_ospice.jpg\",\"datePublished\":\"2022-03-07T10:50:44+00:00\",\"dateModified\":\"2022-03-07T10:51:11+00:00\",\"breadcrumb\":{\"@id\":\"https:\\\/\\\/radioljubuski.ba\\\/index.php\\\/2022\\\/03\\\/07\\\/strucnjaci-strahuju-od-izbijanja-ospica-na-balkanu\\\/#breadcrumb\"},\"inLanguage\":\"hr\",\"potentialAction\":[{\"@type\":\"ReadAction\",\"target\":[\"https:\\\/\\\/radioljubuski.ba\\\/index.php\\\/2022\\\/03\\\/07\\\/strucnjaci-strahuju-od-izbijanja-ospica-na-balkanu\\\/\"]}]},{\"@type\":\"ImageObject\",\"inLanguage\":\"hr\",\"@id\":\"https:\\\/\\\/radioljubuski.ba\\\/index.php\\\/2022\\\/03\\\/07\\\/strucnjaci-strahuju-od-izbijanja-ospica-na-balkanu\\\/#primaryimage\",\"url\":\"https:\\\/\\\/radioljubuski.ba\\\/wp-content\\\/uploads\\\/2022\\\/03\\\/9agnhIX8_ospice.jpg\",\"contentUrl\":\"https:\\\/\\\/radioljubuski.ba\\\/wp-content\\\/uploads\\\/2022\\\/03\\\/9agnhIX8_ospice.jpg\",\"width\":1000,\"height\":625},{\"@type\":\"BreadcrumbList\",\"@id\":\"https:\\\/\\\/radioljubuski.ba\\\/index.php\\\/2022\\\/03\\\/07\\\/strucnjaci-strahuju-od-izbijanja-ospica-na-balkanu\\\/#breadcrumb\",\"itemListElement\":[{\"@type\":\"ListItem\",\"position\":1,\"name\":\"Po\u010detna stranica\",\"item\":\"https:\\\/\\\/radioljubuski.ba\\\/\"},{\"@type\":\"ListItem\",\"position\":2,\"name\":\"Stru\u010dnjaci strahuju od izbijanja ospica na Balkanu\"}]},{\"@type\":\"WebSite\",\"@id\":\"https:\\\/\\\/radioljubuski.ba\\\/#website\",\"url\":\"https:\\\/\\\/radioljubuski.ba\\\/\",\"name\":\"Radio Ljubu\u0161ki\",\"description\":\"Sun\u010dana frekvencija Hercegovine\",\"publisher\":{\"@id\":\"https:\\\/\\\/radioljubuski.ba\\\/#organization\"},\"potentialAction\":[{\"@type\":\"SearchAction\",\"target\":{\"@type\":\"EntryPoint\",\"urlTemplate\":\"https:\\\/\\\/radioljubuski.ba\\\/?s={search_term_string}\"},\"query-input\":{\"@type\":\"PropertyValueSpecification\",\"valueRequired\":true,\"valueName\":\"search_term_string\"}}],\"inLanguage\":\"hr\"},{\"@type\":\"Organization\",\"@id\":\"https:\\\/\\\/radioljubuski.ba\\\/#organization\",\"name\":\"Radio Ljubu\u0161ki\",\"url\":\"https:\\\/\\\/radioljubuski.ba\\\/\",\"logo\":{\"@type\":\"ImageObject\",\"inLanguage\":\"hr\",\"@id\":\"https:\\\/\\\/radioljubuski.ba\\\/#\\\/schema\\\/logo\\\/image\\\/\",\"url\":\"https:\\\/\\\/radioljubuski.ba\\\/wp-content\\\/uploads\\\/2021\\\/02\\\/cropped-Radio_Ljubuski_logo1.jpg\",\"contentUrl\":\"https:\\\/\\\/radioljubuski.ba\\\/wp-content\\\/uploads\\\/2021\\\/02\\\/cropped-Radio_Ljubuski_logo1.jpg\",\"width\":512,\"height\":512,\"caption\":\"Radio Ljubu\u0161ki\"},\"image\":{\"@id\":\"https:\\\/\\\/radioljubuski.ba\\\/#\\\/schema\\\/logo\\\/image\\\/\"},\"sameAs\":[\"https:\\\/\\\/www.facebook.com\\\/Radiio-Ljubuski-1490835324566332\",\"https:\\\/\\\/x.com\\\/radioljubuski\",\"https:\\\/\\\/hr.linkedin.com\\\/company\\\/radio-ljubuski\",\"https:\\\/\\\/www.youtube.com\\\/channel\\\/UCHYaeO_n0Db3tjNGudGpXyw\"]},{\"@type\":\"Person\",\"@id\":\"https:\\\/\\\/radioljubuski.ba\\\/#\\\/schema\\\/person\\\/19fc700381a780f69665d7956c469e3b\",\"name\":\"Radio Ljubu\u0161ki\"}]}<\/script>\n<!-- \/ Yoast SEO plugin. -->","yoast_head_json":{"title":"Stru\u010dnjaci strahuju od izbijanja ospica na Balkanu - RADIO LJUBU\u0160KI","robots":{"index":"index","follow":"follow","max-snippet":"max-snippet:-1","max-image-preview":"max-image-preview:large","max-video-preview":"max-video-preview:-1"},"canonical":"https:\/\/radioljubuski.ba\/index.php\/2022\/03\/07\/strucnjaci-strahuju-od-izbijanja-ospica-na-balkanu\/","og_locale":"hr_HR","og_type":"article","og_title":"Stru\u010dnjaci strahuju od izbijanja ospica na Balkanu - RADIO LJUBU\u0160KI","og_description":"Unato\u010d tome \u0161to je cijepila svoje prvo dijete, Vanja je podvukla crtu kad je do\u0161ao red na mla\u0111eg sina i odlu\u010dila je da se on ne\u0107e cijepiti protiv ospica. Psihologinja koja \u017eivi u Podgorici, glavnom gradu Crne Gore, ka\u017ee da se predomislila, nakon \u0161to je pro\u010ditala mnogo stvari u online grupi kojoj pripada. &#8211; Nemam [&hellip;]","og_url":"https:\/\/radioljubuski.ba\/index.php\/2022\/03\/07\/strucnjaci-strahuju-od-izbijanja-ospica-na-balkanu\/","og_site_name":"RADIO LJUBU\u0160KI","article_publisher":"https:\/\/www.facebook.com\/Radiio-Ljubuski-1490835324566332","article_published_time":"2022-03-07T10:50:44+00:00","article_modified_time":"2022-03-07T10:51:11+00:00","og_image":[{"width":1000,"height":625,"url":"https:\/\/radioljubuski.ba\/wp-content\/uploads\/2022\/03\/9agnhIX8_ospice.jpg","type":"image\/jpeg"}],"author":"Radio Ljubu\u0161ki","twitter_card":"summary_large_image","twitter_creator":"@radioljubuski","twitter_site":"@radioljubuski","twitter_misc":{"Napisao\/la":"Radio Ljubu\u0161ki","Procijenjeno vrijeme \u010ditanja":"4 minute"},"schema":{"@context":"https:\/\/schema.org","@graph":[{"@type":"Article","@id":"https:\/\/radioljubuski.ba\/index.php\/2022\/03\/07\/strucnjaci-strahuju-od-izbijanja-ospica-na-balkanu\/#article","isPartOf":{"@id":"https:\/\/radioljubuski.ba\/index.php\/2022\/03\/07\/strucnjaci-strahuju-od-izbijanja-ospica-na-balkanu\/"},"author":{"name":"Radio Ljubu\u0161ki","@id":"https:\/\/radioljubuski.ba\/#\/schema\/person\/19fc700381a780f69665d7956c469e3b"},"headline":"Stru\u010dnjaci strahuju od izbijanja ospica na Balkanu","datePublished":"2022-03-07T10:50:44+00:00","dateModified":"2022-03-07T10:51:11+00:00","mainEntityOfPage":{"@id":"https:\/\/radioljubuski.ba\/index.php\/2022\/03\/07\/strucnjaci-strahuju-od-izbijanja-ospica-na-balkanu\/"},"wordCount":764,"publisher":{"@id":"https:\/\/radioljubuski.ba\/#organization"},"image":{"@id":"https:\/\/radioljubuski.ba\/index.php\/2022\/03\/07\/strucnjaci-strahuju-od-izbijanja-ospica-na-balkanu\/#primaryimage"},"thumbnailUrl":"https:\/\/radioljubuski.ba\/wp-content\/uploads\/2022\/03\/9agnhIX8_ospice.jpg","articleSection":["BIH i regija"],"inLanguage":"hr"},{"@type":"WebPage","@id":"https:\/\/radioljubuski.ba\/index.php\/2022\/03\/07\/strucnjaci-strahuju-od-izbijanja-ospica-na-balkanu\/","url":"https:\/\/radioljubuski.ba\/index.php\/2022\/03\/07\/strucnjaci-strahuju-od-izbijanja-ospica-na-balkanu\/","name":"Stru\u010dnjaci strahuju od izbijanja ospica na Balkanu - RADIO LJUBU\u0160KI","isPartOf":{"@id":"https:\/\/radioljubuski.ba\/#website"},"primaryImageOfPage":{"@id":"https:\/\/radioljubuski.ba\/index.php\/2022\/03\/07\/strucnjaci-strahuju-od-izbijanja-ospica-na-balkanu\/#primaryimage"},"image":{"@id":"https:\/\/radioljubuski.ba\/index.php\/2022\/03\/07\/strucnjaci-strahuju-od-izbijanja-ospica-na-balkanu\/#primaryimage"},"thumbnailUrl":"https:\/\/radioljubuski.ba\/wp-content\/uploads\/2022\/03\/9agnhIX8_ospice.jpg","datePublished":"2022-03-07T10:50:44+00:00","dateModified":"2022-03-07T10:51:11+00:00","breadcrumb":{"@id":"https:\/\/radioljubuski.ba\/index.php\/2022\/03\/07\/strucnjaci-strahuju-od-izbijanja-ospica-na-balkanu\/#breadcrumb"},"inLanguage":"hr","potentialAction":[{"@type":"ReadAction","target":["https:\/\/radioljubuski.ba\/index.php\/2022\/03\/07\/strucnjaci-strahuju-od-izbijanja-ospica-na-balkanu\/"]}]},{"@type":"ImageObject","inLanguage":"hr","@id":"https:\/\/radioljubuski.ba\/index.php\/2022\/03\/07\/strucnjaci-strahuju-od-izbijanja-ospica-na-balkanu\/#primaryimage","url":"https:\/\/radioljubuski.ba\/wp-content\/uploads\/2022\/03\/9agnhIX8_ospice.jpg","contentUrl":"https:\/\/radioljubuski.ba\/wp-content\/uploads\/2022\/03\/9agnhIX8_ospice.jpg","width":1000,"height":625},{"@type":"BreadcrumbList","@id":"https:\/\/radioljubuski.ba\/index.php\/2022\/03\/07\/strucnjaci-strahuju-od-izbijanja-ospica-na-balkanu\/#breadcrumb","itemListElement":[{"@type":"ListItem","position":1,"name":"Po\u010detna stranica","item":"https:\/\/radioljubuski.ba\/"},{"@type":"ListItem","position":2,"name":"Stru\u010dnjaci strahuju od izbijanja ospica na Balkanu"}]},{"@type":"WebSite","@id":"https:\/\/radioljubuski.ba\/#website","url":"https:\/\/radioljubuski.ba\/","name":"Radio Ljubu\u0161ki","description":"Sun\u010dana frekvencija Hercegovine","publisher":{"@id":"https:\/\/radioljubuski.ba\/#organization"},"potentialAction":[{"@type":"SearchAction","target":{"@type":"EntryPoint","urlTemplate":"https:\/\/radioljubuski.ba\/?s={search_term_string}"},"query-input":{"@type":"PropertyValueSpecification","valueRequired":true,"valueName":"search_term_string"}}],"inLanguage":"hr"},{"@type":"Organization","@id":"https:\/\/radioljubuski.ba\/#organization","name":"Radio Ljubu\u0161ki","url":"https:\/\/radioljubuski.ba\/","logo":{"@type":"ImageObject","inLanguage":"hr","@id":"https:\/\/radioljubuski.ba\/#\/schema\/logo\/image\/","url":"https:\/\/radioljubuski.ba\/wp-content\/uploads\/2021\/02\/cropped-Radio_Ljubuski_logo1.jpg","contentUrl":"https:\/\/radioljubuski.ba\/wp-content\/uploads\/2021\/02\/cropped-Radio_Ljubuski_logo1.jpg","width":512,"height":512,"caption":"Radio Ljubu\u0161ki"},"image":{"@id":"https:\/\/radioljubuski.ba\/#\/schema\/logo\/image\/"},"sameAs":["https:\/\/www.facebook.com\/Radiio-Ljubuski-1490835324566332","https:\/\/x.com\/radioljubuski","https:\/\/hr.linkedin.com\/company\/radio-ljubuski","https:\/\/www.youtube.com\/channel\/UCHYaeO_n0Db3tjNGudGpXyw"]},{"@type":"Person","@id":"https:\/\/radioljubuski.ba\/#\/schema\/person\/19fc700381a780f69665d7956c469e3b","name":"Radio Ljubu\u0161ki"}]}},"_links":{"self":[{"href":"https:\/\/radioljubuski.ba\/index.php\/wp-json\/wp\/v2\/posts\/118822","targetHints":{"allow":["GET"]}}],"collection":[{"href":"https:\/\/radioljubuski.ba\/index.php\/wp-json\/wp\/v2\/posts"}],"about":[{"href":"https:\/\/radioljubuski.ba\/index.php\/wp-json\/wp\/v2\/types\/post"}],"author":[{"embeddable":true,"href":"https:\/\/radioljubuski.ba\/index.php\/wp-json\/wp\/v2\/users\/2"}],"replies":[{"embeddable":true,"href":"https:\/\/radioljubuski.ba\/index.php\/wp-json\/wp\/v2\/comments?post=118822"}],"version-history":[{"count":1,"href":"https:\/\/radioljubuski.ba\/index.php\/wp-json\/wp\/v2\/posts\/118822\/revisions"}],"predecessor-version":[{"id":118823,"href":"https:\/\/radioljubuski.ba\/index.php\/wp-json\/wp\/v2\/posts\/118822\/revisions\/118823"}],"wp:featuredmedia":[{"embeddable":true,"href":"https:\/\/radioljubuski.ba\/index.php\/wp-json\/wp\/v2\/media\/118824"}],"wp:attachment":[{"href":"https:\/\/radioljubuski.ba\/index.php\/wp-json\/wp\/v2\/media?parent=118822"}],"wp:term":[{"taxonomy":"category","embeddable":true,"href":"https:\/\/radioljubuski.ba\/index.php\/wp-json\/wp\/v2\/categories?post=118822"},{"taxonomy":"post_tag","embeddable":true,"href":"https:\/\/radioljubuski.ba\/index.php\/wp-json\/wp\/v2\/tags?post=118822"}],"curies":[{"name":"wp","href":"https:\/\/api.w.org\/{rel}","templated":true}]}}