{"id":118831,"date":"2022-03-07T11:54:46","date_gmt":"2022-03-07T10:54:46","guid":{"rendered":"https:\/\/radioljubuski.ba\/?p=118831"},"modified":"2022-03-07T11:54:47","modified_gmt":"2022-03-07T10:54:47","slug":"adnanu-sljivicu-tri-i-po-godine-zatvora-za-pucnjavu-i-pokusaj-ubojstva","status":"publish","type":"post","link":"https:\/\/radioljubuski.ba\/index.php\/2022\/03\/07\/adnanu-sljivicu-tri-i-po-godine-zatvora-za-pucnjavu-i-pokusaj-ubojstva\/","title":{"rendered":"Adnanu \u0160ljivi\u0107u tri i po godine zatvora za pucnjavu i poku\u0161aj ubojstva"},"content":{"rendered":"\n<p>Adnan \u0160ljivi\u0107 (35) je u petak presudom \u017dupanijskog suda Mostar, koju je izreklo Sudsko vije\u0107e u sastavu Marin Zadri\u0107, kao predsjedavaju\u0107i, te Azra \u0160unje i Elis Sultani\u0107, osu\u0111en na jedinstvenu zatvorsku kaznu u trajanju od tri godine i \u0161est mjeseci.<\/p>\n\n\n\n<p>On je osu\u0111en zbog krivi\u010dnog djela izazivanje op\u0107e opasnosti u stjecaju s ubojstvom u poku\u0161aju i nano\u0161enjem lake tjelesne povrede, kao i zbog nedozvoljenog dr\u017eanja oru\u017eja ili eksplozivnih materija, ali i neovla\u0161tene nabave oru\u017eja, pi\u0161e <a href=\"https:\/\/avaz.ba\/vijesti\/crna-hronika\/723610\/adnanu-sljivicu-tri-i-po-godine-zatvora-za-pucnjavu-i-pokusaj-ubistva\">Avaz<\/a>.<\/p>\n\n\n\n<p>Prema optu\u017enici Tu\u017eiteljstva HN\u017d, \u0160ljivi\u0107 je 14. kolovoza 2021. godine u ulici Mar\u0161ala Tita zapucao u pravcu za\u0161titara koji su ranije udaljili trojicu stranih dr\u017eavljana iz ugostiteljskog objekta \u201ePe\u0107ina\u201c.<\/p>\n\n\n\n<p>Hitac koji je ispalio iz poluautomatskog pi\u0161tolja CZ 7,65 u njihovom pravcu pogodio je parkirani automobil. Za\u0161titari su zbog incidenta pozvali policiju, a \u0160ljivi\u0107 se udaljio u pravcu stana koji koristi u ulici Bra\u0107e Bala\u0107a.<\/p>\n\n\n\n<p>U me\u0111uvremenu je ispred njegovog stana stiglo \u0161est pripadnika Policijske uprave Mostar, a na istom mjestu se okupila ve\u0107a grupa ljudi.<\/p>\n\n\n\n<p>\u0160ljivi\u0107 se tada pojavio na prozoru svog stana te se po\u010deo verbalno sukobljavati s Denisom \u0106emalovi\u0107em, koji se nalazio u toj grupi gra\u0111ana. Nakon toga je iz pi\u0161tolja ispalio hitac koji je pogodio Armina Vra\u010du, koji je zadobio prostrelnu ranu desne podlaktice. Zatim je ponovo ispalio dva hica raniv\u0161i \u0106emalovi\u0107a, koji je zadobio vi\u0161e prostrelnih rana, i to u desnoj preponskoj regiji i donjem dijelu natkoljene regije.<\/p>\n\n\n\n<p>Nakon uhi\u0107enja u stanu koji je koristio, uz pi\u0161tolj CZ 7,65, prona\u0111ena je i municija za automatsku i poluautomatsku pu\u0161ku, a koje je dr\u017eao neovla\u0161teno i bez va\u017ee\u0107ih dozvola.<\/p>\n\n\n\n<p>-Dakle, pucanjem iz vatrenog oru\u017eja izazvao je opasnost po \u017eivot ljudi, poku\u0161ao je usmrtiti jednu osobu, a drugu je lak\u0161e povrijedio. Osim toga, optu\u017enica ga tereti za neovla\u0161teno dr\u017eanje vatrenog oru\u017eja bez odgovaraju\u0107e isprave te oru\u017eja \u010dija nabavka gra\u0111anima nije dopu\u0161tena &#8211; navedeno je u presudi.<\/p>\n\n\n\n<p>Zadri\u0107 se u obrazlo\u017eenju presude posebno osvrnuo na krivi\u010dno djelo poku\u0161aj ubojstva, \u0161to je \u0160ljivi\u0107eva obrana poku\u0161ala osporiti, a kako je naveo, iako je \u0106emalovi\u0107, kako je to i medicinski utvr\u0111eno, zadobio lak\u0161e povrede, ipak je jedna od prostrelnih rana nanesena uz samu arteriju femoralis. Tako\u0111er, naveo je da je \u0160ljivi\u0107 i ranije osu\u0111ivan skoro za ista krivi\u010dna djela te da je o\u010digledno kako prethodno izre\u010dene kazne nisu imale nikakav u\u010dinak na njegovo pona\u0161anje, pi\u0161e <a href=\"https:\/\/avaz.ba\/vijesti\/crna-hronika\/723610\/adnanu-sljivicu-tri-i-po-godine-zatvora-za-pucnjavu-i-pokusaj-ubistva\">Avaz<\/a>.<\/p>\n\n\n\n<p>Izvor.avaz.ba<\/p>\n","protected":false},"excerpt":{"rendered":"<p>Adnan \u0160ljivi\u0107 (35) je u petak presudom \u017dupanijskog suda Mostar, koju je izreklo Sudsko vije\u0107e u sastavu Marin Zadri\u0107, kao predsjedavaju\u0107i, te Azra \u0160unje i Elis Sultani\u0107, osu\u0111en na jedinstvenu zatvorsku kaznu u trajanju od tri godine i \u0161est mjeseci. On je osu\u0111en zbog krivi\u010dnog djela izazivanje op\u0107e opasnosti u stjecaju s ubojstvom u poku\u0161aju [&hellip;]<\/p>\n","protected":false},"author":2,"featured_media":118832,"comment_status":"closed","ping_status":"closed","sticky":false,"template":"","format":"standard","meta":{"h5ap_radio_sources":[],"footnotes":""},"categories":[1],"tags":[],"class_list":["post-118831","post","type-post","status-publish","format-standard","has-post-thumbnail","hentry","category-bihiregija"],"yoast_head":"<!-- This site is optimized with the Yoast SEO plugin v27.5 - https:\/\/yoast.com\/product\/yoast-seo-wordpress\/ -->\n<title>Adnanu \u0160ljivi\u0107u tri i po godine zatvora za pucnjavu i poku\u0161aj ubojstva - RADIO LJUBU\u0160KI<\/title>\n<meta name=\"robots\" content=\"index, follow, max-snippet:-1, max-image-preview:large, max-video-preview:-1\" \/>\n<link rel=\"canonical\" href=\"https:\/\/radioljubuski.ba\/index.php\/2022\/03\/07\/adnanu-sljivicu-tri-i-po-godine-zatvora-za-pucnjavu-i-pokusaj-ubojstva\/\" \/>\n<meta property=\"og:locale\" content=\"hr_HR\" \/>\n<meta property=\"og:type\" content=\"article\" \/>\n<meta property=\"og:title\" content=\"Adnanu \u0160ljivi\u0107u tri i po godine zatvora za pucnjavu i poku\u0161aj ubojstva - RADIO LJUBU\u0160KI\" \/>\n<meta property=\"og:description\" content=\"Adnan \u0160ljivi\u0107 (35) je u petak presudom \u017dupanijskog suda Mostar, koju je izreklo Sudsko vije\u0107e u sastavu Marin Zadri\u0107, kao predsjedavaju\u0107i, te Azra \u0160unje i Elis Sultani\u0107, osu\u0111en na jedinstvenu zatvorsku kaznu u trajanju od tri godine i \u0161est mjeseci. On je osu\u0111en zbog krivi\u010dnog djela izazivanje op\u0107e opasnosti u stjecaju s ubojstvom u poku\u0161aju [&hellip;]\" \/>\n<meta property=\"og:url\" content=\"https:\/\/radioljubuski.ba\/index.php\/2022\/03\/07\/adnanu-sljivicu-tri-i-po-godine-zatvora-za-pucnjavu-i-pokusaj-ubojstva\/\" \/>\n<meta property=\"og:site_name\" content=\"RADIO LJUBU\u0160KI\" \/>\n<meta property=\"article:publisher\" content=\"https:\/\/www.facebook.com\/Radiio-Ljubuski-1490835324566332\" \/>\n<meta property=\"article:published_time\" content=\"2022-03-07T10:54:46+00:00\" \/>\n<meta property=\"article:modified_time\" content=\"2022-03-07T10:54:47+00:00\" \/>\n<meta property=\"og:image\" content=\"https:\/\/radioljubuski.ba\/wp-content\/uploads\/2022\/03\/2-2022-03-07-09-50-12-sljivic.jpg\" \/>\n\t<meta property=\"og:image:width\" content=\"1000\" \/>\n\t<meta property=\"og:image:height\" content=\"625\" \/>\n\t<meta property=\"og:image:type\" content=\"image\/jpeg\" \/>\n<meta name=\"author\" content=\"Radio Ljubu\u0161ki\" \/>\n<meta name=\"twitter:card\" content=\"summary_large_image\" \/>\n<meta name=\"twitter:creator\" content=\"@radioljubuski\" \/>\n<meta name=\"twitter:site\" content=\"@radioljubuski\" \/>\n<meta name=\"twitter:label1\" content=\"Napisao\/la\" \/>\n\t<meta name=\"twitter:data1\" content=\"Radio Ljubu\u0161ki\" \/>\n\t<meta name=\"twitter:label2\" content=\"Procijenjeno vrijeme \u010ditanja\" \/>\n\t<meta name=\"twitter:data2\" content=\"2 minute\" \/>\n<script type=\"application\/ld+json\" class=\"yoast-schema-graph\">{\"@context\":\"https:\\\/\\\/schema.org\",\"@graph\":[{\"@type\":\"Article\",\"@id\":\"https:\\\/\\\/radioljubuski.ba\\\/index.php\\\/2022\\\/03\\\/07\\\/adnanu-sljivicu-tri-i-po-godine-zatvora-za-pucnjavu-i-pokusaj-ubojstva\\\/#article\",\"isPartOf\":{\"@id\":\"https:\\\/\\\/radioljubuski.ba\\\/index.php\\\/2022\\\/03\\\/07\\\/adnanu-sljivicu-tri-i-po-godine-zatvora-za-pucnjavu-i-pokusaj-ubojstva\\\/\"},\"author\":{\"name\":\"Radio Ljubu\u0161ki\",\"@id\":\"https:\\\/\\\/radioljubuski.ba\\\/#\\\/schema\\\/person\\\/19fc700381a780f69665d7956c469e3b\"},\"headline\":\"Adnanu \u0160ljivi\u0107u tri i po godine zatvora za pucnjavu i poku\u0161aj ubojstva\",\"datePublished\":\"2022-03-07T10:54:46+00:00\",\"dateModified\":\"2022-03-07T10:54:47+00:00\",\"mainEntityOfPage\":{\"@id\":\"https:\\\/\\\/radioljubuski.ba\\\/index.php\\\/2022\\\/03\\\/07\\\/adnanu-sljivicu-tri-i-po-godine-zatvora-za-pucnjavu-i-pokusaj-ubojstva\\\/\"},\"wordCount\":458,\"publisher\":{\"@id\":\"https:\\\/\\\/radioljubuski.ba\\\/#organization\"},\"image\":{\"@id\":\"https:\\\/\\\/radioljubuski.ba\\\/index.php\\\/2022\\\/03\\\/07\\\/adnanu-sljivicu-tri-i-po-godine-zatvora-za-pucnjavu-i-pokusaj-ubojstva\\\/#primaryimage\"},\"thumbnailUrl\":\"https:\\\/\\\/radioljubuski.ba\\\/wp-content\\\/uploads\\\/2022\\\/03\\\/2-2022-03-07-09-50-12-sljivic.jpg\",\"articleSection\":[\"BIH i regija\"],\"inLanguage\":\"hr\"},{\"@type\":\"WebPage\",\"@id\":\"https:\\\/\\\/radioljubuski.ba\\\/index.php\\\/2022\\\/03\\\/07\\\/adnanu-sljivicu-tri-i-po-godine-zatvora-za-pucnjavu-i-pokusaj-ubojstva\\\/\",\"url\":\"https:\\\/\\\/radioljubuski.ba\\\/index.php\\\/2022\\\/03\\\/07\\\/adnanu-sljivicu-tri-i-po-godine-zatvora-za-pucnjavu-i-pokusaj-ubojstva\\\/\",\"name\":\"Adnanu \u0160ljivi\u0107u tri i po godine zatvora za pucnjavu i poku\u0161aj ubojstva - RADIO LJUBU\u0160KI\",\"isPartOf\":{\"@id\":\"https:\\\/\\\/radioljubuski.ba\\\/#website\"},\"primaryImageOfPage\":{\"@id\":\"https:\\\/\\\/radioljubuski.ba\\\/index.php\\\/2022\\\/03\\\/07\\\/adnanu-sljivicu-tri-i-po-godine-zatvora-za-pucnjavu-i-pokusaj-ubojstva\\\/#primaryimage\"},\"image\":{\"@id\":\"https:\\\/\\\/radioljubuski.ba\\\/index.php\\\/2022\\\/03\\\/07\\\/adnanu-sljivicu-tri-i-po-godine-zatvora-za-pucnjavu-i-pokusaj-ubojstva\\\/#primaryimage\"},\"thumbnailUrl\":\"https:\\\/\\\/radioljubuski.ba\\\/wp-content\\\/uploads\\\/2022\\\/03\\\/2-2022-03-07-09-50-12-sljivic.jpg\",\"datePublished\":\"2022-03-07T10:54:46+00:00\",\"dateModified\":\"2022-03-07T10:54:47+00:00\",\"breadcrumb\":{\"@id\":\"https:\\\/\\\/radioljubuski.ba\\\/index.php\\\/2022\\\/03\\\/07\\\/adnanu-sljivicu-tri-i-po-godine-zatvora-za-pucnjavu-i-pokusaj-ubojstva\\\/#breadcrumb\"},\"inLanguage\":\"hr\",\"potentialAction\":[{\"@type\":\"ReadAction\",\"target\":[\"https:\\\/\\\/radioljubuski.ba\\\/index.php\\\/2022\\\/03\\\/07\\\/adnanu-sljivicu-tri-i-po-godine-zatvora-za-pucnjavu-i-pokusaj-ubojstva\\\/\"]}]},{\"@type\":\"ImageObject\",\"inLanguage\":\"hr\",\"@id\":\"https:\\\/\\\/radioljubuski.ba\\\/index.php\\\/2022\\\/03\\\/07\\\/adnanu-sljivicu-tri-i-po-godine-zatvora-za-pucnjavu-i-pokusaj-ubojstva\\\/#primaryimage\",\"url\":\"https:\\\/\\\/radioljubuski.ba\\\/wp-content\\\/uploads\\\/2022\\\/03\\\/2-2022-03-07-09-50-12-sljivic.jpg\",\"contentUrl\":\"https:\\\/\\\/radioljubuski.ba\\\/wp-content\\\/uploads\\\/2022\\\/03\\\/2-2022-03-07-09-50-12-sljivic.jpg\",\"width\":1000,\"height\":625},{\"@type\":\"BreadcrumbList\",\"@id\":\"https:\\\/\\\/radioljubuski.ba\\\/index.php\\\/2022\\\/03\\\/07\\\/adnanu-sljivicu-tri-i-po-godine-zatvora-za-pucnjavu-i-pokusaj-ubojstva\\\/#breadcrumb\",\"itemListElement\":[{\"@type\":\"ListItem\",\"position\":1,\"name\":\"Po\u010detna stranica\",\"item\":\"https:\\\/\\\/radioljubuski.ba\\\/\"},{\"@type\":\"ListItem\",\"position\":2,\"name\":\"Adnanu \u0160ljivi\u0107u tri i po godine zatvora za pucnjavu i poku\u0161aj ubojstva\"}]},{\"@type\":\"WebSite\",\"@id\":\"https:\\\/\\\/radioljubuski.ba\\\/#website\",\"url\":\"https:\\\/\\\/radioljubuski.ba\\\/\",\"name\":\"Radio Ljubu\u0161ki\",\"description\":\"Sun\u010dana frekvencija Hercegovine\",\"publisher\":{\"@id\":\"https:\\\/\\\/radioljubuski.ba\\\/#organization\"},\"potentialAction\":[{\"@type\":\"SearchAction\",\"target\":{\"@type\":\"EntryPoint\",\"urlTemplate\":\"https:\\\/\\\/radioljubuski.ba\\\/?s={search_term_string}\"},\"query-input\":{\"@type\":\"PropertyValueSpecification\",\"valueRequired\":true,\"valueName\":\"search_term_string\"}}],\"inLanguage\":\"hr\"},{\"@type\":\"Organization\",\"@id\":\"https:\\\/\\\/radioljubuski.ba\\\/#organization\",\"name\":\"Radio Ljubu\u0161ki\",\"url\":\"https:\\\/\\\/radioljubuski.ba\\\/\",\"logo\":{\"@type\":\"ImageObject\",\"inLanguage\":\"hr\",\"@id\":\"https:\\\/\\\/radioljubuski.ba\\\/#\\\/schema\\\/logo\\\/image\\\/\",\"url\":\"https:\\\/\\\/radioljubuski.ba\\\/wp-content\\\/uploads\\\/2021\\\/02\\\/cropped-Radio_Ljubuski_logo1.jpg\",\"contentUrl\":\"https:\\\/\\\/radioljubuski.ba\\\/wp-content\\\/uploads\\\/2021\\\/02\\\/cropped-Radio_Ljubuski_logo1.jpg\",\"width\":512,\"height\":512,\"caption\":\"Radio Ljubu\u0161ki\"},\"image\":{\"@id\":\"https:\\\/\\\/radioljubuski.ba\\\/#\\\/schema\\\/logo\\\/image\\\/\"},\"sameAs\":[\"https:\\\/\\\/www.facebook.com\\\/Radiio-Ljubuski-1490835324566332\",\"https:\\\/\\\/x.com\\\/radioljubuski\",\"https:\\\/\\\/hr.linkedin.com\\\/company\\\/radio-ljubuski\",\"https:\\\/\\\/www.youtube.com\\\/channel\\\/UCHYaeO_n0Db3tjNGudGpXyw\"]},{\"@type\":\"Person\",\"@id\":\"https:\\\/\\\/radioljubuski.ba\\\/#\\\/schema\\\/person\\\/19fc700381a780f69665d7956c469e3b\",\"name\":\"Radio Ljubu\u0161ki\"}]}<\/script>\n<!-- \/ Yoast SEO plugin. -->","yoast_head_json":{"title":"Adnanu \u0160ljivi\u0107u tri i po godine zatvora za pucnjavu i poku\u0161aj ubojstva - RADIO LJUBU\u0160KI","robots":{"index":"index","follow":"follow","max-snippet":"max-snippet:-1","max-image-preview":"max-image-preview:large","max-video-preview":"max-video-preview:-1"},"canonical":"https:\/\/radioljubuski.ba\/index.php\/2022\/03\/07\/adnanu-sljivicu-tri-i-po-godine-zatvora-za-pucnjavu-i-pokusaj-ubojstva\/","og_locale":"hr_HR","og_type":"article","og_title":"Adnanu \u0160ljivi\u0107u tri i po godine zatvora za pucnjavu i poku\u0161aj ubojstva - RADIO LJUBU\u0160KI","og_description":"Adnan \u0160ljivi\u0107 (35) je u petak presudom \u017dupanijskog suda Mostar, koju je izreklo Sudsko vije\u0107e u sastavu Marin Zadri\u0107, kao predsjedavaju\u0107i, te Azra \u0160unje i Elis Sultani\u0107, osu\u0111en na jedinstvenu zatvorsku kaznu u trajanju od tri godine i \u0161est mjeseci. On je osu\u0111en zbog krivi\u010dnog djela izazivanje op\u0107e opasnosti u stjecaju s ubojstvom u poku\u0161aju [&hellip;]","og_url":"https:\/\/radioljubuski.ba\/index.php\/2022\/03\/07\/adnanu-sljivicu-tri-i-po-godine-zatvora-za-pucnjavu-i-pokusaj-ubojstva\/","og_site_name":"RADIO LJUBU\u0160KI","article_publisher":"https:\/\/www.facebook.com\/Radiio-Ljubuski-1490835324566332","article_published_time":"2022-03-07T10:54:46+00:00","article_modified_time":"2022-03-07T10:54:47+00:00","og_image":[{"width":1000,"height":625,"url":"https:\/\/radioljubuski.ba\/wp-content\/uploads\/2022\/03\/2-2022-03-07-09-50-12-sljivic.jpg","type":"image\/jpeg"}],"author":"Radio Ljubu\u0161ki","twitter_card":"summary_large_image","twitter_creator":"@radioljubuski","twitter_site":"@radioljubuski","twitter_misc":{"Napisao\/la":"Radio Ljubu\u0161ki","Procijenjeno vrijeme \u010ditanja":"2 minute"},"schema":{"@context":"https:\/\/schema.org","@graph":[{"@type":"Article","@id":"https:\/\/radioljubuski.ba\/index.php\/2022\/03\/07\/adnanu-sljivicu-tri-i-po-godine-zatvora-za-pucnjavu-i-pokusaj-ubojstva\/#article","isPartOf":{"@id":"https:\/\/radioljubuski.ba\/index.php\/2022\/03\/07\/adnanu-sljivicu-tri-i-po-godine-zatvora-za-pucnjavu-i-pokusaj-ubojstva\/"},"author":{"name":"Radio Ljubu\u0161ki","@id":"https:\/\/radioljubuski.ba\/#\/schema\/person\/19fc700381a780f69665d7956c469e3b"},"headline":"Adnanu \u0160ljivi\u0107u tri i po godine zatvora za pucnjavu i poku\u0161aj ubojstva","datePublished":"2022-03-07T10:54:46+00:00","dateModified":"2022-03-07T10:54:47+00:00","mainEntityOfPage":{"@id":"https:\/\/radioljubuski.ba\/index.php\/2022\/03\/07\/adnanu-sljivicu-tri-i-po-godine-zatvora-za-pucnjavu-i-pokusaj-ubojstva\/"},"wordCount":458,"publisher":{"@id":"https:\/\/radioljubuski.ba\/#organization"},"image":{"@id":"https:\/\/radioljubuski.ba\/index.php\/2022\/03\/07\/adnanu-sljivicu-tri-i-po-godine-zatvora-za-pucnjavu-i-pokusaj-ubojstva\/#primaryimage"},"thumbnailUrl":"https:\/\/radioljubuski.ba\/wp-content\/uploads\/2022\/03\/2-2022-03-07-09-50-12-sljivic.jpg","articleSection":["BIH i regija"],"inLanguage":"hr"},{"@type":"WebPage","@id":"https:\/\/radioljubuski.ba\/index.php\/2022\/03\/07\/adnanu-sljivicu-tri-i-po-godine-zatvora-za-pucnjavu-i-pokusaj-ubojstva\/","url":"https:\/\/radioljubuski.ba\/index.php\/2022\/03\/07\/adnanu-sljivicu-tri-i-po-godine-zatvora-za-pucnjavu-i-pokusaj-ubojstva\/","name":"Adnanu \u0160ljivi\u0107u tri i po godine zatvora za pucnjavu i poku\u0161aj ubojstva - RADIO LJUBU\u0160KI","isPartOf":{"@id":"https:\/\/radioljubuski.ba\/#website"},"primaryImageOfPage":{"@id":"https:\/\/radioljubuski.ba\/index.php\/2022\/03\/07\/adnanu-sljivicu-tri-i-po-godine-zatvora-za-pucnjavu-i-pokusaj-ubojstva\/#primaryimage"},"image":{"@id":"https:\/\/radioljubuski.ba\/index.php\/2022\/03\/07\/adnanu-sljivicu-tri-i-po-godine-zatvora-za-pucnjavu-i-pokusaj-ubojstva\/#primaryimage"},"thumbnailUrl":"https:\/\/radioljubuski.ba\/wp-content\/uploads\/2022\/03\/2-2022-03-07-09-50-12-sljivic.jpg","datePublished":"2022-03-07T10:54:46+00:00","dateModified":"2022-03-07T10:54:47+00:00","breadcrumb":{"@id":"https:\/\/radioljubuski.ba\/index.php\/2022\/03\/07\/adnanu-sljivicu-tri-i-po-godine-zatvora-za-pucnjavu-i-pokusaj-ubojstva\/#breadcrumb"},"inLanguage":"hr","potentialAction":[{"@type":"ReadAction","target":["https:\/\/radioljubuski.ba\/index.php\/2022\/03\/07\/adnanu-sljivicu-tri-i-po-godine-zatvora-za-pucnjavu-i-pokusaj-ubojstva\/"]}]},{"@type":"ImageObject","inLanguage":"hr","@id":"https:\/\/radioljubuski.ba\/index.php\/2022\/03\/07\/adnanu-sljivicu-tri-i-po-godine-zatvora-za-pucnjavu-i-pokusaj-ubojstva\/#primaryimage","url":"https:\/\/radioljubuski.ba\/wp-content\/uploads\/2022\/03\/2-2022-03-07-09-50-12-sljivic.jpg","contentUrl":"https:\/\/radioljubuski.ba\/wp-content\/uploads\/2022\/03\/2-2022-03-07-09-50-12-sljivic.jpg","width":1000,"height":625},{"@type":"BreadcrumbList","@id":"https:\/\/radioljubuski.ba\/index.php\/2022\/03\/07\/adnanu-sljivicu-tri-i-po-godine-zatvora-za-pucnjavu-i-pokusaj-ubojstva\/#breadcrumb","itemListElement":[{"@type":"ListItem","position":1,"name":"Po\u010detna stranica","item":"https:\/\/radioljubuski.ba\/"},{"@type":"ListItem","position":2,"name":"Adnanu \u0160ljivi\u0107u tri i po godine zatvora za pucnjavu i poku\u0161aj ubojstva"}]},{"@type":"WebSite","@id":"https:\/\/radioljubuski.ba\/#website","url":"https:\/\/radioljubuski.ba\/","name":"Radio Ljubu\u0161ki","description":"Sun\u010dana frekvencija Hercegovine","publisher":{"@id":"https:\/\/radioljubuski.ba\/#organization"},"potentialAction":[{"@type":"SearchAction","target":{"@type":"EntryPoint","urlTemplate":"https:\/\/radioljubuski.ba\/?s={search_term_string}"},"query-input":{"@type":"PropertyValueSpecification","valueRequired":true,"valueName":"search_term_string"}}],"inLanguage":"hr"},{"@type":"Organization","@id":"https:\/\/radioljubuski.ba\/#organization","name":"Radio Ljubu\u0161ki","url":"https:\/\/radioljubuski.ba\/","logo":{"@type":"ImageObject","inLanguage":"hr","@id":"https:\/\/radioljubuski.ba\/#\/schema\/logo\/image\/","url":"https:\/\/radioljubuski.ba\/wp-content\/uploads\/2021\/02\/cropped-Radio_Ljubuski_logo1.jpg","contentUrl":"https:\/\/radioljubuski.ba\/wp-content\/uploads\/2021\/02\/cropped-Radio_Ljubuski_logo1.jpg","width":512,"height":512,"caption":"Radio Ljubu\u0161ki"},"image":{"@id":"https:\/\/radioljubuski.ba\/#\/schema\/logo\/image\/"},"sameAs":["https:\/\/www.facebook.com\/Radiio-Ljubuski-1490835324566332","https:\/\/x.com\/radioljubuski","https:\/\/hr.linkedin.com\/company\/radio-ljubuski","https:\/\/www.youtube.com\/channel\/UCHYaeO_n0Db3tjNGudGpXyw"]},{"@type":"Person","@id":"https:\/\/radioljubuski.ba\/#\/schema\/person\/19fc700381a780f69665d7956c469e3b","name":"Radio Ljubu\u0161ki"}]}},"_links":{"self":[{"href":"https:\/\/radioljubuski.ba\/index.php\/wp-json\/wp\/v2\/posts\/118831","targetHints":{"allow":["GET"]}}],"collection":[{"href":"https:\/\/radioljubuski.ba\/index.php\/wp-json\/wp\/v2\/posts"}],"about":[{"href":"https:\/\/radioljubuski.ba\/index.php\/wp-json\/wp\/v2\/types\/post"}],"author":[{"embeddable":true,"href":"https:\/\/radioljubuski.ba\/index.php\/wp-json\/wp\/v2\/users\/2"}],"replies":[{"embeddable":true,"href":"https:\/\/radioljubuski.ba\/index.php\/wp-json\/wp\/v2\/comments?post=118831"}],"version-history":[{"count":1,"href":"https:\/\/radioljubuski.ba\/index.php\/wp-json\/wp\/v2\/posts\/118831\/revisions"}],"predecessor-version":[{"id":118833,"href":"https:\/\/radioljubuski.ba\/index.php\/wp-json\/wp\/v2\/posts\/118831\/revisions\/118833"}],"wp:featuredmedia":[{"embeddable":true,"href":"https:\/\/radioljubuski.ba\/index.php\/wp-json\/wp\/v2\/media\/118832"}],"wp:attachment":[{"href":"https:\/\/radioljubuski.ba\/index.php\/wp-json\/wp\/v2\/media?parent=118831"}],"wp:term":[{"taxonomy":"category","embeddable":true,"href":"https:\/\/radioljubuski.ba\/index.php\/wp-json\/wp\/v2\/categories?post=118831"},{"taxonomy":"post_tag","embeddable":true,"href":"https:\/\/radioljubuski.ba\/index.php\/wp-json\/wp\/v2\/tags?post=118831"}],"curies":[{"name":"wp","href":"https:\/\/api.w.org\/{rel}","templated":true}]}}