{"id":118834,"date":"2022-03-07T11:55:56","date_gmt":"2022-03-07T10:55:56","guid":{"rendered":"https:\/\/radioljubuski.ba\/?p=118834"},"modified":"2022-03-07T11:55:57","modified_gmt":"2022-03-07T10:55:57","slug":"novi-teleskop-na-la-palmi-u-guinnessovoj-knjizi-rekorda","status":"publish","type":"post","link":"https:\/\/radioljubuski.ba\/index.php\/2022\/03\/07\/novi-teleskop-na-la-palmi-u-guinnessovoj-knjizi-rekorda\/","title":{"rendered":"Novi teleskop na La Palmi u Guinnessovoj knjizi rekorda"},"content":{"rendered":"\n<p>Stanovnici La Palme, \u0161panjolskog otoka nedavno pogo\u0111enog razornom vulkanskom erupcijom, napokon se mogu pohvaliti dobrim vijestima. Predstavili su novu atrakciju, golemi astronomski teleskop, Gran Telescopia Canarias, koji je toliko velik da je zaslu\u017eio mjesto u Guinnessovoj knjizi rekorda.&nbsp;<\/p>\n\n\n\n<p>Teleskop nazvan Gran Telescopia Canaris Guinnessova knjiga rekorda zabilje\u017eila je kao najve\u0107i nordijski opti\u010dki teleskop na svijetu.<\/p>\n\n\n\n<p>Dok oto\u010dani uklanjaju ostatke pro\u0161logodi\u0161nje dugotrajne vulkanske erupcije, turisti\u010dki radnici Kanarskog oto\u010dja pozivaju turiste da se vrate i posjete ovo svjetski poznato mjesto za promatranje zvijezda.<\/p>\n\n\n\n<p>Promjer glavnoga zrcala Gran Telescopia Canariasa (skra\u0107eno GranTeCan) je ne\u0161to vi\u0161e od 10 metara, a nalazi se na, kako isti\u010du gradski du\u017enosnici, jednom od najboljih mjesta na planetu za promatranje zvijezda.<\/p>\n\n\n\n<p>Teleskop je dio zvjezdarnice smje\u0161tene na najvi\u0161em vrhu La Palme, Roque de los Muchachos, koji se uzdi\u017ee iznad oblaka na 2426 m nadmorske visine.<\/p>\n\n\n\n<p>Astroturisti dolaze sa svih strana svijeta da bi promatrali no\u0107no nebo onako kako ga ne mogu vidjeti iz napu\u010denih gradova.<\/p>\n\n\n\n<p>Zbog isturenog polo\u017eaja i minimalnog svjetlosnog one\u010di\u0161\u0107enja, zvjezdarnica Roque de los Muchachos smje\u0161tena je na jednoj od najboljih lokacija sjeverne hemisfere za promatranje svemira. Otprije je poznata ljubiteljima tamnoga neba i redovito poziva turiste na promatranje astralnih doga\u0111aja, poput ki\u0161e meteora.<\/p>\n\n\n\n<p>Osim na La Palmi, astroturizam je popularan i na kanarskome otoku Tenerife, jer se i na vulkanu Mount Teide nalazi jo\u0161 jedna velika zvjezdarnica.<\/p>\n\n\n\n<p>Izvor:pogled.ba<\/p>\n","protected":false},"excerpt":{"rendered":"<p>Stanovnici La Palme, \u0161panjolskog otoka nedavno pogo\u0111enog razornom vulkanskom erupcijom, napokon se mogu pohvaliti dobrim vijestima. Predstavili su novu atrakciju, golemi astronomski teleskop, Gran Telescopia Canarias, koji je toliko velik da je zaslu\u017eio mjesto u Guinnessovoj knjizi rekorda.&nbsp; Teleskop nazvan Gran Telescopia Canaris Guinnessova knjiga rekorda zabilje\u017eila je kao najve\u0107i nordijski opti\u010dki teleskop na svijetu. [&hellip;]<\/p>\n","protected":false},"author":2,"featured_media":118835,"comment_status":"closed","ping_status":"closed","sticky":false,"template":"","format":"standard","meta":{"h5ap_radio_sources":[],"footnotes":""},"categories":[1],"tags":[],"class_list":["post-118834","post","type-post","status-publish","format-standard","has-post-thumbnail","hentry","category-bihiregija"],"yoast_head":"<!-- This site is optimized with the Yoast SEO plugin v27.5 - https:\/\/yoast.com\/product\/yoast-seo-wordpress\/ -->\n<title>Novi teleskop na La Palmi u Guinnessovoj knjizi rekorda - RADIO LJUBU\u0160KI<\/title>\n<meta name=\"robots\" content=\"index, follow, max-snippet:-1, max-image-preview:large, max-video-preview:-1\" \/>\n<link rel=\"canonical\" href=\"https:\/\/radioljubuski.ba\/index.php\/2022\/03\/07\/novi-teleskop-na-la-palmi-u-guinnessovoj-knjizi-rekorda\/\" \/>\n<meta property=\"og:locale\" content=\"hr_HR\" \/>\n<meta property=\"og:type\" content=\"article\" \/>\n<meta property=\"og:title\" content=\"Novi teleskop na La Palmi u Guinnessovoj knjizi rekorda - RADIO LJUBU\u0160KI\" \/>\n<meta property=\"og:description\" content=\"Stanovnici La Palme, \u0161panjolskog otoka nedavno pogo\u0111enog razornom vulkanskom erupcijom, napokon se mogu pohvaliti dobrim vijestima. Predstavili su novu atrakciju, golemi astronomski teleskop, Gran Telescopia Canarias, koji je toliko velik da je zaslu\u017eio mjesto u Guinnessovoj knjizi rekorda.&nbsp; Teleskop nazvan Gran Telescopia Canaris Guinnessova knjiga rekorda zabilje\u017eila je kao najve\u0107i nordijski opti\u010dki teleskop na svijetu. [&hellip;]\" \/>\n<meta property=\"og:url\" content=\"https:\/\/radioljubuski.ba\/index.php\/2022\/03\/07\/novi-teleskop-na-la-palmi-u-guinnessovoj-knjizi-rekorda\/\" \/>\n<meta property=\"og:site_name\" content=\"RADIO LJUBU\u0160KI\" \/>\n<meta property=\"article:publisher\" content=\"https:\/\/www.facebook.com\/Radiio-Ljubuski-1490835324566332\" \/>\n<meta property=\"article:published_time\" content=\"2022-03-07T10:55:56+00:00\" \/>\n<meta property=\"article:modified_time\" content=\"2022-03-07T10:55:57+00:00\" \/>\n<meta property=\"og:image\" content=\"https:\/\/radioljubuski.ba\/wp-content\/uploads\/2022\/03\/2-2022-03-07-10-01-46-teleskop.jpg\" \/>\n\t<meta property=\"og:image:width\" content=\"1000\" \/>\n\t<meta property=\"og:image:height\" content=\"625\" \/>\n\t<meta property=\"og:image:type\" content=\"image\/jpeg\" \/>\n<meta name=\"author\" content=\"Radio Ljubu\u0161ki\" \/>\n<meta name=\"twitter:card\" content=\"summary_large_image\" \/>\n<meta name=\"twitter:creator\" content=\"@radioljubuski\" \/>\n<meta name=\"twitter:site\" content=\"@radioljubuski\" \/>\n<meta name=\"twitter:label1\" content=\"Napisao\/la\" \/>\n\t<meta name=\"twitter:data1\" content=\"Radio Ljubu\u0161ki\" \/>\n\t<meta name=\"twitter:label2\" content=\"Procijenjeno vrijeme \u010ditanja\" \/>\n\t<meta name=\"twitter:data2\" content=\"1 minuta\" \/>\n<script type=\"application\/ld+json\" class=\"yoast-schema-graph\">{\"@context\":\"https:\\\/\\\/schema.org\",\"@graph\":[{\"@type\":\"Article\",\"@id\":\"https:\\\/\\\/radioljubuski.ba\\\/index.php\\\/2022\\\/03\\\/07\\\/novi-teleskop-na-la-palmi-u-guinnessovoj-knjizi-rekorda\\\/#article\",\"isPartOf\":{\"@id\":\"https:\\\/\\\/radioljubuski.ba\\\/index.php\\\/2022\\\/03\\\/07\\\/novi-teleskop-na-la-palmi-u-guinnessovoj-knjizi-rekorda\\\/\"},\"author\":{\"name\":\"Radio Ljubu\u0161ki\",\"@id\":\"https:\\\/\\\/radioljubuski.ba\\\/#\\\/schema\\\/person\\\/19fc700381a780f69665d7956c469e3b\"},\"headline\":\"Novi teleskop na La Palmi u Guinnessovoj knjizi rekorda\",\"datePublished\":\"2022-03-07T10:55:56+00:00\",\"dateModified\":\"2022-03-07T10:55:57+00:00\",\"mainEntityOfPage\":{\"@id\":\"https:\\\/\\\/radioljubuski.ba\\\/index.php\\\/2022\\\/03\\\/07\\\/novi-teleskop-na-la-palmi-u-guinnessovoj-knjizi-rekorda\\\/\"},\"wordCount\":258,\"publisher\":{\"@id\":\"https:\\\/\\\/radioljubuski.ba\\\/#organization\"},\"image\":{\"@id\":\"https:\\\/\\\/radioljubuski.ba\\\/index.php\\\/2022\\\/03\\\/07\\\/novi-teleskop-na-la-palmi-u-guinnessovoj-knjizi-rekorda\\\/#primaryimage\"},\"thumbnailUrl\":\"https:\\\/\\\/radioljubuski.ba\\\/wp-content\\\/uploads\\\/2022\\\/03\\\/2-2022-03-07-10-01-46-teleskop.jpg\",\"articleSection\":[\"BIH i regija\"],\"inLanguage\":\"hr\"},{\"@type\":\"WebPage\",\"@id\":\"https:\\\/\\\/radioljubuski.ba\\\/index.php\\\/2022\\\/03\\\/07\\\/novi-teleskop-na-la-palmi-u-guinnessovoj-knjizi-rekorda\\\/\",\"url\":\"https:\\\/\\\/radioljubuski.ba\\\/index.php\\\/2022\\\/03\\\/07\\\/novi-teleskop-na-la-palmi-u-guinnessovoj-knjizi-rekorda\\\/\",\"name\":\"Novi teleskop na La Palmi u Guinnessovoj knjizi rekorda - RADIO LJUBU\u0160KI\",\"isPartOf\":{\"@id\":\"https:\\\/\\\/radioljubuski.ba\\\/#website\"},\"primaryImageOfPage\":{\"@id\":\"https:\\\/\\\/radioljubuski.ba\\\/index.php\\\/2022\\\/03\\\/07\\\/novi-teleskop-na-la-palmi-u-guinnessovoj-knjizi-rekorda\\\/#primaryimage\"},\"image\":{\"@id\":\"https:\\\/\\\/radioljubuski.ba\\\/index.php\\\/2022\\\/03\\\/07\\\/novi-teleskop-na-la-palmi-u-guinnessovoj-knjizi-rekorda\\\/#primaryimage\"},\"thumbnailUrl\":\"https:\\\/\\\/radioljubuski.ba\\\/wp-content\\\/uploads\\\/2022\\\/03\\\/2-2022-03-07-10-01-46-teleskop.jpg\",\"datePublished\":\"2022-03-07T10:55:56+00:00\",\"dateModified\":\"2022-03-07T10:55:57+00:00\",\"breadcrumb\":{\"@id\":\"https:\\\/\\\/radioljubuski.ba\\\/index.php\\\/2022\\\/03\\\/07\\\/novi-teleskop-na-la-palmi-u-guinnessovoj-knjizi-rekorda\\\/#breadcrumb\"},\"inLanguage\":\"hr\",\"potentialAction\":[{\"@type\":\"ReadAction\",\"target\":[\"https:\\\/\\\/radioljubuski.ba\\\/index.php\\\/2022\\\/03\\\/07\\\/novi-teleskop-na-la-palmi-u-guinnessovoj-knjizi-rekorda\\\/\"]}]},{\"@type\":\"ImageObject\",\"inLanguage\":\"hr\",\"@id\":\"https:\\\/\\\/radioljubuski.ba\\\/index.php\\\/2022\\\/03\\\/07\\\/novi-teleskop-na-la-palmi-u-guinnessovoj-knjizi-rekorda\\\/#primaryimage\",\"url\":\"https:\\\/\\\/radioljubuski.ba\\\/wp-content\\\/uploads\\\/2022\\\/03\\\/2-2022-03-07-10-01-46-teleskop.jpg\",\"contentUrl\":\"https:\\\/\\\/radioljubuski.ba\\\/wp-content\\\/uploads\\\/2022\\\/03\\\/2-2022-03-07-10-01-46-teleskop.jpg\",\"width\":1000,\"height\":625},{\"@type\":\"BreadcrumbList\",\"@id\":\"https:\\\/\\\/radioljubuski.ba\\\/index.php\\\/2022\\\/03\\\/07\\\/novi-teleskop-na-la-palmi-u-guinnessovoj-knjizi-rekorda\\\/#breadcrumb\",\"itemListElement\":[{\"@type\":\"ListItem\",\"position\":1,\"name\":\"Po\u010detna stranica\",\"item\":\"https:\\\/\\\/radioljubuski.ba\\\/\"},{\"@type\":\"ListItem\",\"position\":2,\"name\":\"Novi teleskop na La Palmi u Guinnessovoj knjizi rekorda\"}]},{\"@type\":\"WebSite\",\"@id\":\"https:\\\/\\\/radioljubuski.ba\\\/#website\",\"url\":\"https:\\\/\\\/radioljubuski.ba\\\/\",\"name\":\"Radio Ljubu\u0161ki\",\"description\":\"Sun\u010dana frekvencija Hercegovine\",\"publisher\":{\"@id\":\"https:\\\/\\\/radioljubuski.ba\\\/#organization\"},\"potentialAction\":[{\"@type\":\"SearchAction\",\"target\":{\"@type\":\"EntryPoint\",\"urlTemplate\":\"https:\\\/\\\/radioljubuski.ba\\\/?s={search_term_string}\"},\"query-input\":{\"@type\":\"PropertyValueSpecification\",\"valueRequired\":true,\"valueName\":\"search_term_string\"}}],\"inLanguage\":\"hr\"},{\"@type\":\"Organization\",\"@id\":\"https:\\\/\\\/radioljubuski.ba\\\/#organization\",\"name\":\"Radio Ljubu\u0161ki\",\"url\":\"https:\\\/\\\/radioljubuski.ba\\\/\",\"logo\":{\"@type\":\"ImageObject\",\"inLanguage\":\"hr\",\"@id\":\"https:\\\/\\\/radioljubuski.ba\\\/#\\\/schema\\\/logo\\\/image\\\/\",\"url\":\"https:\\\/\\\/radioljubuski.ba\\\/wp-content\\\/uploads\\\/2021\\\/02\\\/cropped-Radio_Ljubuski_logo1.jpg\",\"contentUrl\":\"https:\\\/\\\/radioljubuski.ba\\\/wp-content\\\/uploads\\\/2021\\\/02\\\/cropped-Radio_Ljubuski_logo1.jpg\",\"width\":512,\"height\":512,\"caption\":\"Radio Ljubu\u0161ki\"},\"image\":{\"@id\":\"https:\\\/\\\/radioljubuski.ba\\\/#\\\/schema\\\/logo\\\/image\\\/\"},\"sameAs\":[\"https:\\\/\\\/www.facebook.com\\\/Radiio-Ljubuski-1490835324566332\",\"https:\\\/\\\/x.com\\\/radioljubuski\",\"https:\\\/\\\/hr.linkedin.com\\\/company\\\/radio-ljubuski\",\"https:\\\/\\\/www.youtube.com\\\/channel\\\/UCHYaeO_n0Db3tjNGudGpXyw\"]},{\"@type\":\"Person\",\"@id\":\"https:\\\/\\\/radioljubuski.ba\\\/#\\\/schema\\\/person\\\/19fc700381a780f69665d7956c469e3b\",\"name\":\"Radio Ljubu\u0161ki\"}]}<\/script>\n<!-- \/ Yoast SEO plugin. -->","yoast_head_json":{"title":"Novi teleskop na La Palmi u Guinnessovoj knjizi rekorda - RADIO LJUBU\u0160KI","robots":{"index":"index","follow":"follow","max-snippet":"max-snippet:-1","max-image-preview":"max-image-preview:large","max-video-preview":"max-video-preview:-1"},"canonical":"https:\/\/radioljubuski.ba\/index.php\/2022\/03\/07\/novi-teleskop-na-la-palmi-u-guinnessovoj-knjizi-rekorda\/","og_locale":"hr_HR","og_type":"article","og_title":"Novi teleskop na La Palmi u Guinnessovoj knjizi rekorda - RADIO LJUBU\u0160KI","og_description":"Stanovnici La Palme, \u0161panjolskog otoka nedavno pogo\u0111enog razornom vulkanskom erupcijom, napokon se mogu pohvaliti dobrim vijestima. Predstavili su novu atrakciju, golemi astronomski teleskop, Gran Telescopia Canarias, koji je toliko velik da je zaslu\u017eio mjesto u Guinnessovoj knjizi rekorda.&nbsp; Teleskop nazvan Gran Telescopia Canaris Guinnessova knjiga rekorda zabilje\u017eila je kao najve\u0107i nordijski opti\u010dki teleskop na svijetu. [&hellip;]","og_url":"https:\/\/radioljubuski.ba\/index.php\/2022\/03\/07\/novi-teleskop-na-la-palmi-u-guinnessovoj-knjizi-rekorda\/","og_site_name":"RADIO LJUBU\u0160KI","article_publisher":"https:\/\/www.facebook.com\/Radiio-Ljubuski-1490835324566332","article_published_time":"2022-03-07T10:55:56+00:00","article_modified_time":"2022-03-07T10:55:57+00:00","og_image":[{"width":1000,"height":625,"url":"https:\/\/radioljubuski.ba\/wp-content\/uploads\/2022\/03\/2-2022-03-07-10-01-46-teleskop.jpg","type":"image\/jpeg"}],"author":"Radio Ljubu\u0161ki","twitter_card":"summary_large_image","twitter_creator":"@radioljubuski","twitter_site":"@radioljubuski","twitter_misc":{"Napisao\/la":"Radio Ljubu\u0161ki","Procijenjeno vrijeme \u010ditanja":"1 minuta"},"schema":{"@context":"https:\/\/schema.org","@graph":[{"@type":"Article","@id":"https:\/\/radioljubuski.ba\/index.php\/2022\/03\/07\/novi-teleskop-na-la-palmi-u-guinnessovoj-knjizi-rekorda\/#article","isPartOf":{"@id":"https:\/\/radioljubuski.ba\/index.php\/2022\/03\/07\/novi-teleskop-na-la-palmi-u-guinnessovoj-knjizi-rekorda\/"},"author":{"name":"Radio Ljubu\u0161ki","@id":"https:\/\/radioljubuski.ba\/#\/schema\/person\/19fc700381a780f69665d7956c469e3b"},"headline":"Novi teleskop na La Palmi u Guinnessovoj knjizi rekorda","datePublished":"2022-03-07T10:55:56+00:00","dateModified":"2022-03-07T10:55:57+00:00","mainEntityOfPage":{"@id":"https:\/\/radioljubuski.ba\/index.php\/2022\/03\/07\/novi-teleskop-na-la-palmi-u-guinnessovoj-knjizi-rekorda\/"},"wordCount":258,"publisher":{"@id":"https:\/\/radioljubuski.ba\/#organization"},"image":{"@id":"https:\/\/radioljubuski.ba\/index.php\/2022\/03\/07\/novi-teleskop-na-la-palmi-u-guinnessovoj-knjizi-rekorda\/#primaryimage"},"thumbnailUrl":"https:\/\/radioljubuski.ba\/wp-content\/uploads\/2022\/03\/2-2022-03-07-10-01-46-teleskop.jpg","articleSection":["BIH i regija"],"inLanguage":"hr"},{"@type":"WebPage","@id":"https:\/\/radioljubuski.ba\/index.php\/2022\/03\/07\/novi-teleskop-na-la-palmi-u-guinnessovoj-knjizi-rekorda\/","url":"https:\/\/radioljubuski.ba\/index.php\/2022\/03\/07\/novi-teleskop-na-la-palmi-u-guinnessovoj-knjizi-rekorda\/","name":"Novi teleskop na La Palmi u Guinnessovoj knjizi rekorda - RADIO LJUBU\u0160KI","isPartOf":{"@id":"https:\/\/radioljubuski.ba\/#website"},"primaryImageOfPage":{"@id":"https:\/\/radioljubuski.ba\/index.php\/2022\/03\/07\/novi-teleskop-na-la-palmi-u-guinnessovoj-knjizi-rekorda\/#primaryimage"},"image":{"@id":"https:\/\/radioljubuski.ba\/index.php\/2022\/03\/07\/novi-teleskop-na-la-palmi-u-guinnessovoj-knjizi-rekorda\/#primaryimage"},"thumbnailUrl":"https:\/\/radioljubuski.ba\/wp-content\/uploads\/2022\/03\/2-2022-03-07-10-01-46-teleskop.jpg","datePublished":"2022-03-07T10:55:56+00:00","dateModified":"2022-03-07T10:55:57+00:00","breadcrumb":{"@id":"https:\/\/radioljubuski.ba\/index.php\/2022\/03\/07\/novi-teleskop-na-la-palmi-u-guinnessovoj-knjizi-rekorda\/#breadcrumb"},"inLanguage":"hr","potentialAction":[{"@type":"ReadAction","target":["https:\/\/radioljubuski.ba\/index.php\/2022\/03\/07\/novi-teleskop-na-la-palmi-u-guinnessovoj-knjizi-rekorda\/"]}]},{"@type":"ImageObject","inLanguage":"hr","@id":"https:\/\/radioljubuski.ba\/index.php\/2022\/03\/07\/novi-teleskop-na-la-palmi-u-guinnessovoj-knjizi-rekorda\/#primaryimage","url":"https:\/\/radioljubuski.ba\/wp-content\/uploads\/2022\/03\/2-2022-03-07-10-01-46-teleskop.jpg","contentUrl":"https:\/\/radioljubuski.ba\/wp-content\/uploads\/2022\/03\/2-2022-03-07-10-01-46-teleskop.jpg","width":1000,"height":625},{"@type":"BreadcrumbList","@id":"https:\/\/radioljubuski.ba\/index.php\/2022\/03\/07\/novi-teleskop-na-la-palmi-u-guinnessovoj-knjizi-rekorda\/#breadcrumb","itemListElement":[{"@type":"ListItem","position":1,"name":"Po\u010detna stranica","item":"https:\/\/radioljubuski.ba\/"},{"@type":"ListItem","position":2,"name":"Novi teleskop na La Palmi u Guinnessovoj knjizi rekorda"}]},{"@type":"WebSite","@id":"https:\/\/radioljubuski.ba\/#website","url":"https:\/\/radioljubuski.ba\/","name":"Radio Ljubu\u0161ki","description":"Sun\u010dana frekvencija Hercegovine","publisher":{"@id":"https:\/\/radioljubuski.ba\/#organization"},"potentialAction":[{"@type":"SearchAction","target":{"@type":"EntryPoint","urlTemplate":"https:\/\/radioljubuski.ba\/?s={search_term_string}"},"query-input":{"@type":"PropertyValueSpecification","valueRequired":true,"valueName":"search_term_string"}}],"inLanguage":"hr"},{"@type":"Organization","@id":"https:\/\/radioljubuski.ba\/#organization","name":"Radio Ljubu\u0161ki","url":"https:\/\/radioljubuski.ba\/","logo":{"@type":"ImageObject","inLanguage":"hr","@id":"https:\/\/radioljubuski.ba\/#\/schema\/logo\/image\/","url":"https:\/\/radioljubuski.ba\/wp-content\/uploads\/2021\/02\/cropped-Radio_Ljubuski_logo1.jpg","contentUrl":"https:\/\/radioljubuski.ba\/wp-content\/uploads\/2021\/02\/cropped-Radio_Ljubuski_logo1.jpg","width":512,"height":512,"caption":"Radio Ljubu\u0161ki"},"image":{"@id":"https:\/\/radioljubuski.ba\/#\/schema\/logo\/image\/"},"sameAs":["https:\/\/www.facebook.com\/Radiio-Ljubuski-1490835324566332","https:\/\/x.com\/radioljubuski","https:\/\/hr.linkedin.com\/company\/radio-ljubuski","https:\/\/www.youtube.com\/channel\/UCHYaeO_n0Db3tjNGudGpXyw"]},{"@type":"Person","@id":"https:\/\/radioljubuski.ba\/#\/schema\/person\/19fc700381a780f69665d7956c469e3b","name":"Radio Ljubu\u0161ki"}]}},"_links":{"self":[{"href":"https:\/\/radioljubuski.ba\/index.php\/wp-json\/wp\/v2\/posts\/118834","targetHints":{"allow":["GET"]}}],"collection":[{"href":"https:\/\/radioljubuski.ba\/index.php\/wp-json\/wp\/v2\/posts"}],"about":[{"href":"https:\/\/radioljubuski.ba\/index.php\/wp-json\/wp\/v2\/types\/post"}],"author":[{"embeddable":true,"href":"https:\/\/radioljubuski.ba\/index.php\/wp-json\/wp\/v2\/users\/2"}],"replies":[{"embeddable":true,"href":"https:\/\/radioljubuski.ba\/index.php\/wp-json\/wp\/v2\/comments?post=118834"}],"version-history":[{"count":1,"href":"https:\/\/radioljubuski.ba\/index.php\/wp-json\/wp\/v2\/posts\/118834\/revisions"}],"predecessor-version":[{"id":118836,"href":"https:\/\/radioljubuski.ba\/index.php\/wp-json\/wp\/v2\/posts\/118834\/revisions\/118836"}],"wp:featuredmedia":[{"embeddable":true,"href":"https:\/\/radioljubuski.ba\/index.php\/wp-json\/wp\/v2\/media\/118835"}],"wp:attachment":[{"href":"https:\/\/radioljubuski.ba\/index.php\/wp-json\/wp\/v2\/media?parent=118834"}],"wp:term":[{"taxonomy":"category","embeddable":true,"href":"https:\/\/radioljubuski.ba\/index.php\/wp-json\/wp\/v2\/categories?post=118834"},{"taxonomy":"post_tag","embeddable":true,"href":"https:\/\/radioljubuski.ba\/index.php\/wp-json\/wp\/v2\/tags?post=118834"}],"curies":[{"name":"wp","href":"https:\/\/api.w.org\/{rel}","templated":true}]}}