{"id":118837,"date":"2022-03-07T11:57:03","date_gmt":"2022-03-07T10:57:03","guid":{"rendered":"https:\/\/radioljubuski.ba\/?p=118837"},"modified":"2022-03-07T11:57:04","modified_gmt":"2022-03-07T10:57:04","slug":"nastavak-pozitivnog-poslovanja-hp-mostar-u-prosloj-godini-povecani-koeficijenti-najnizih-placa","status":"publish","type":"post","link":"https:\/\/radioljubuski.ba\/index.php\/2022\/03\/07\/nastavak-pozitivnog-poslovanja-hp-mostar-u-prosloj-godini-povecani-koeficijenti-najnizih-placa\/","title":{"rendered":"Nastavak pozitivnog poslovanja HP Mostar, u pro\u0161loj godini pove\u0107ani koeficijenti najni\u017eih pla\u0107a"},"content":{"rendered":"\n<p>Hrvatska po\u0161ta Mostar poslovnu 2021. godinu zavr\u0161ila je sa zna\u010dajnim rastom u svim podru\u010djima poslovanja, unato\u010d brojnim izazovima i specifi\u010dnim uvjetima rada i poslovanja u pandemiji koronavirusa &#8211; priop\u0107eno je u ponedjeljak iz HP Mostar.<\/p>\n\n\n\n<p>Navedeno je kako je ostvarena EBITDA (dobit prije poreza, kamata, amortizacije) u iznosu od 1.862.000 maraka i rastom od 24,6 posto u odnosu na 2020. godinu.<\/p>\n\n\n\n<p>Poslovnu 2021. godinu Hrvatska po\u0161ta Mostar zaklju\u010dila je s dobiti od 342.000 maraka.<\/p>\n\n\n\n<p>Ukupan prihod za 2021. godinu iznosio je 28.311.000 maraka, te predstavlja rast od 5,2 posto u odnosu na 2020. godinu, dok su rashodi iznosili 27.969.000 maraka s rastom od 4,1 posto.<\/p>\n\n\n\n<p>Poseban rast zabilje\u017een je, kako se isti\u010de, u dijelu pru\u017eanja financijskih usluga koje su iznosile 7.396.000 maraka i rastom od 16,5 posto, zatim prihod od brze po\u0161te koji je iznosio 3.102.000 maraka, s rastom od 7,5 posto, dok je prihod od po\u0161tanskih usluga iznosio 15.928.000 maraka i rast ovih prihoda je bio 2,6 posto.<\/p>\n\n\n\n<p>Ukupan broj usluga koje je Dru\u0161tvo pru\u017eilo u 2021. godini je bio 20.206.000 komada, \u0161to je 1,1 posto vi\u0161e nego godinu ranije.&nbsp;<\/p>\n\n\n\n<p>&#8220;Tijekom 2021. godine investirano je 1.074.000 maraka, a najzna\u010dajnija ulaganja su bila u softvere i licence u iznosu od 437.000 maraka, te obnovu voznog parka u iznosu od 329.000 maraka. &nbsp;Proces izgradnje Glavnog po\u0161tanskog logisti\u010dkog sredi\u0161ta u Mostaru je bio u fokusu u 2021. godini, te su zavr\u0161ene sve aktivnosti oko izrade projektne dokumentacije, dobivanja dozvola za gradnju, kao i provo\u0111enje postupka javnih nabava&#8221;, navodi se u priop\u0107enju.<\/p>\n\n\n\n<p>U 2022. godini planirano je ulaganje u Glavno po\u0161tansko logisti\u010dko sredi\u0161te od 7,9 milijuna maraka, kao i okon\u010danje izgradnje.<\/p>\n\n\n\n<p>Posebno je nagla\u0161eno kako su u 2021. godini u okviru procesa digitalizacije usluga pokrenuli zna\u010dajne aktivnosti na izgradnji novog Integriranog informacijskog sustava za po\u0161tansko poslovanje (IISP), te kako je plan zavr\u0161etka i pu\u0161tanja u produkciju istog kraj 2022. godine.<\/p>\n\n\n\n<p>&#8220;Novi informacijski sustav zna\u010dajno \u0107e olak\u0161ati i pojednostaviti kori\u0161tenje po\u0161tanskih, financijskih i logisti\u010dkih usluga (brza po\u0161ta), koje nudimo na tr\u017ei\u0161tu za na\u0161e poslovne korisnike, a i za gra\u0111ane. Neke od inovacija koje planiramo nuditi na tr\u017ei\u0161tu su elektroni\u010dka prijamna knjiga (ePrijamna knjiga), elektroni\u010dki pretinac (ePretinac) i digitalni po\u0161tar, \u010dime \u0107emo zna\u010dajno optimizirati poslovne procese, a ujedno i pru\u017eati kvalitetniju uslugu&#8221;, objasnili su iz HP Mostar.<\/p>\n\n\n\n<p>Planirano je da do konca 2022. godine tr\u017ei\u0161tu BiH ponude jo\u0161 jednu mobilnu aplikaciju koja \u0107e gra\u0111anima BiH omogu\u0107iti dostupne po\u0161tanske, financijske i logisti\u010dke usluge na mobilnom ure\u0111aju.<\/p>\n\n\n\n<p>U 2021. godini poduzimane su aktivnosti vezane za transformaciju poslovanja, te je u tom smislu donesen i novi Pravilnik o radu, organizaciji i sistematizaciji radnih mjesta.<\/p>\n\n\n\n<p>Dodali su kako su novim pravilnikom su, u skladu s mogu\u0107nostima, pove\u0107ani i koeficijenti najni\u017eih pla\u0107a radnika u Dru\u0161tvu.<\/p>\n\n\n\n<p>&#8220;Pred nama je jo\u0161 jedna neizvjesna i te\u0161ka godina. Ekonomske poreme\u0107aje koje je ve\u0107 prouzro\u010dila pandemija koronavirusom, sad dodatno uslo\u017enjava sukob u Ukrajini i stanje u Europi, \u0161to \u0107e biti veliki izazov za po\u0161tansku djelatnost u regiji uzimaju\u0107i u obzir zna\u010dajnost i utjecaj cijene goriva i energenata na poslovanje&#8221;, istaknuto je.<\/p>\n\n\n\n<p>Strate\u0161ko opredjeljenje Hrvatske po\u0161te Mostar jest digitalizacija i kreiranje logisti\u010dkih usluga, kao i kontinuirani rad na optimizaciji i kvaliteti svih usluga koje pru\u017eaju na tr\u017ei\u0161tu, a sve kako bi u budu\u0107nosti sa\u010duvali radna mjesta i kontinuirano pobolj\u0161avali materijalne uvjete radnika, zaklju\u010deno je u priop\u0107enju.<\/p>\n\n\n\n<p>Izvor:pogled.ba<\/p>\n","protected":false},"excerpt":{"rendered":"<p>Hrvatska po\u0161ta Mostar poslovnu 2021. godinu zavr\u0161ila je sa zna\u010dajnim rastom u svim podru\u010djima poslovanja, unato\u010d brojnim izazovima i specifi\u010dnim uvjetima rada i poslovanja u pandemiji koronavirusa &#8211; priop\u0107eno je u ponedjeljak iz HP Mostar. Navedeno je kako je ostvarena EBITDA (dobit prije poreza, kamata, amortizacije) u iznosu od 1.862.000 maraka i rastom od 24,6 [&hellip;]<\/p>\n","protected":false},"author":2,"featured_media":118838,"comment_status":"closed","ping_status":"closed","sticky":false,"template":"","format":"standard","meta":{"h5ap_radio_sources":[],"footnotes":""},"categories":[1],"tags":[],"class_list":["post-118837","post","type-post","status-publish","format-standard","has-post-thumbnail","hentry","category-bihiregija"],"yoast_head":"<!-- This site is optimized with the Yoast SEO plugin v27.5 - https:\/\/yoast.com\/product\/yoast-seo-wordpress\/ -->\n<title>Nastavak pozitivnog poslovanja HP Mostar, u pro\u0161loj godini pove\u0107ani koeficijenti najni\u017eih pla\u0107a - RADIO LJUBU\u0160KI<\/title>\n<meta name=\"robots\" content=\"index, follow, max-snippet:-1, max-image-preview:large, max-video-preview:-1\" \/>\n<link rel=\"canonical\" href=\"https:\/\/radioljubuski.ba\/index.php\/2022\/03\/07\/nastavak-pozitivnog-poslovanja-hp-mostar-u-prosloj-godini-povecani-koeficijenti-najnizih-placa\/\" \/>\n<meta property=\"og:locale\" content=\"hr_HR\" \/>\n<meta property=\"og:type\" content=\"article\" \/>\n<meta property=\"og:title\" content=\"Nastavak pozitivnog poslovanja HP Mostar, u pro\u0161loj godini pove\u0107ani koeficijenti najni\u017eih pla\u0107a - RADIO LJUBU\u0160KI\" \/>\n<meta property=\"og:description\" content=\"Hrvatska po\u0161ta Mostar poslovnu 2021. godinu zavr\u0161ila je sa zna\u010dajnim rastom u svim podru\u010djima poslovanja, unato\u010d brojnim izazovima i specifi\u010dnim uvjetima rada i poslovanja u pandemiji koronavirusa &#8211; priop\u0107eno je u ponedjeljak iz HP Mostar. Navedeno je kako je ostvarena EBITDA (dobit prije poreza, kamata, amortizacije) u iznosu od 1.862.000 maraka i rastom od 24,6 [&hellip;]\" \/>\n<meta property=\"og:url\" content=\"https:\/\/radioljubuski.ba\/index.php\/2022\/03\/07\/nastavak-pozitivnog-poslovanja-hp-mostar-u-prosloj-godini-povecani-koeficijenti-najnizih-placa\/\" \/>\n<meta property=\"og:site_name\" content=\"RADIO LJUBU\u0160KI\" \/>\n<meta property=\"article:publisher\" content=\"https:\/\/www.facebook.com\/Radiio-Ljubuski-1490835324566332\" \/>\n<meta property=\"article:published_time\" content=\"2022-03-07T10:57:03+00:00\" \/>\n<meta property=\"article:modified_time\" content=\"2022-03-07T10:57:04+00:00\" \/>\n<meta property=\"og:image\" content=\"https:\/\/radioljubuski.ba\/wp-content\/uploads\/2022\/03\/2-2022-03-07-10-17-12-posta.jpg\" \/>\n\t<meta property=\"og:image:width\" content=\"1000\" \/>\n\t<meta property=\"og:image:height\" content=\"625\" \/>\n\t<meta property=\"og:image:type\" content=\"image\/jpeg\" \/>\n<meta name=\"author\" content=\"Radio Ljubu\u0161ki\" \/>\n<meta name=\"twitter:card\" content=\"summary_large_image\" \/>\n<meta name=\"twitter:creator\" content=\"@radioljubuski\" \/>\n<meta name=\"twitter:site\" content=\"@radioljubuski\" \/>\n<meta name=\"twitter:label1\" content=\"Napisao\/la\" \/>\n\t<meta name=\"twitter:data1\" content=\"Radio Ljubu\u0161ki\" \/>\n\t<meta name=\"twitter:label2\" content=\"Procijenjeno vrijeme \u010ditanja\" \/>\n\t<meta name=\"twitter:data2\" content=\"3 minute\" \/>\n<script type=\"application\/ld+json\" class=\"yoast-schema-graph\">{\"@context\":\"https:\\\/\\\/schema.org\",\"@graph\":[{\"@type\":\"Article\",\"@id\":\"https:\\\/\\\/radioljubuski.ba\\\/index.php\\\/2022\\\/03\\\/07\\\/nastavak-pozitivnog-poslovanja-hp-mostar-u-prosloj-godini-povecani-koeficijenti-najnizih-placa\\\/#article\",\"isPartOf\":{\"@id\":\"https:\\\/\\\/radioljubuski.ba\\\/index.php\\\/2022\\\/03\\\/07\\\/nastavak-pozitivnog-poslovanja-hp-mostar-u-prosloj-godini-povecani-koeficijenti-najnizih-placa\\\/\"},\"author\":{\"name\":\"Radio Ljubu\u0161ki\",\"@id\":\"https:\\\/\\\/radioljubuski.ba\\\/#\\\/schema\\\/person\\\/19fc700381a780f69665d7956c469e3b\"},\"headline\":\"Nastavak pozitivnog poslovanja HP Mostar, u pro\u0161loj godini pove\u0107ani koeficijenti najni\u017eih pla\u0107a\",\"datePublished\":\"2022-03-07T10:57:03+00:00\",\"dateModified\":\"2022-03-07T10:57:04+00:00\",\"mainEntityOfPage\":{\"@id\":\"https:\\\/\\\/radioljubuski.ba\\\/index.php\\\/2022\\\/03\\\/07\\\/nastavak-pozitivnog-poslovanja-hp-mostar-u-prosloj-godini-povecani-koeficijenti-najnizih-placa\\\/\"},\"wordCount\":608,\"publisher\":{\"@id\":\"https:\\\/\\\/radioljubuski.ba\\\/#organization\"},\"image\":{\"@id\":\"https:\\\/\\\/radioljubuski.ba\\\/index.php\\\/2022\\\/03\\\/07\\\/nastavak-pozitivnog-poslovanja-hp-mostar-u-prosloj-godini-povecani-koeficijenti-najnizih-placa\\\/#primaryimage\"},\"thumbnailUrl\":\"https:\\\/\\\/radioljubuski.ba\\\/wp-content\\\/uploads\\\/2022\\\/03\\\/2-2022-03-07-10-17-12-posta.jpg\",\"articleSection\":[\"BIH i regija\"],\"inLanguage\":\"hr\"},{\"@type\":\"WebPage\",\"@id\":\"https:\\\/\\\/radioljubuski.ba\\\/index.php\\\/2022\\\/03\\\/07\\\/nastavak-pozitivnog-poslovanja-hp-mostar-u-prosloj-godini-povecani-koeficijenti-najnizih-placa\\\/\",\"url\":\"https:\\\/\\\/radioljubuski.ba\\\/index.php\\\/2022\\\/03\\\/07\\\/nastavak-pozitivnog-poslovanja-hp-mostar-u-prosloj-godini-povecani-koeficijenti-najnizih-placa\\\/\",\"name\":\"Nastavak pozitivnog poslovanja HP Mostar, u pro\u0161loj godini pove\u0107ani koeficijenti najni\u017eih pla\u0107a - RADIO LJUBU\u0160KI\",\"isPartOf\":{\"@id\":\"https:\\\/\\\/radioljubuski.ba\\\/#website\"},\"primaryImageOfPage\":{\"@id\":\"https:\\\/\\\/radioljubuski.ba\\\/index.php\\\/2022\\\/03\\\/07\\\/nastavak-pozitivnog-poslovanja-hp-mostar-u-prosloj-godini-povecani-koeficijenti-najnizih-placa\\\/#primaryimage\"},\"image\":{\"@id\":\"https:\\\/\\\/radioljubuski.ba\\\/index.php\\\/2022\\\/03\\\/07\\\/nastavak-pozitivnog-poslovanja-hp-mostar-u-prosloj-godini-povecani-koeficijenti-najnizih-placa\\\/#primaryimage\"},\"thumbnailUrl\":\"https:\\\/\\\/radioljubuski.ba\\\/wp-content\\\/uploads\\\/2022\\\/03\\\/2-2022-03-07-10-17-12-posta.jpg\",\"datePublished\":\"2022-03-07T10:57:03+00:00\",\"dateModified\":\"2022-03-07T10:57:04+00:00\",\"breadcrumb\":{\"@id\":\"https:\\\/\\\/radioljubuski.ba\\\/index.php\\\/2022\\\/03\\\/07\\\/nastavak-pozitivnog-poslovanja-hp-mostar-u-prosloj-godini-povecani-koeficijenti-najnizih-placa\\\/#breadcrumb\"},\"inLanguage\":\"hr\",\"potentialAction\":[{\"@type\":\"ReadAction\",\"target\":[\"https:\\\/\\\/radioljubuski.ba\\\/index.php\\\/2022\\\/03\\\/07\\\/nastavak-pozitivnog-poslovanja-hp-mostar-u-prosloj-godini-povecani-koeficijenti-najnizih-placa\\\/\"]}]},{\"@type\":\"ImageObject\",\"inLanguage\":\"hr\",\"@id\":\"https:\\\/\\\/radioljubuski.ba\\\/index.php\\\/2022\\\/03\\\/07\\\/nastavak-pozitivnog-poslovanja-hp-mostar-u-prosloj-godini-povecani-koeficijenti-najnizih-placa\\\/#primaryimage\",\"url\":\"https:\\\/\\\/radioljubuski.ba\\\/wp-content\\\/uploads\\\/2022\\\/03\\\/2-2022-03-07-10-17-12-posta.jpg\",\"contentUrl\":\"https:\\\/\\\/radioljubuski.ba\\\/wp-content\\\/uploads\\\/2022\\\/03\\\/2-2022-03-07-10-17-12-posta.jpg\",\"width\":1000,\"height\":625},{\"@type\":\"BreadcrumbList\",\"@id\":\"https:\\\/\\\/radioljubuski.ba\\\/index.php\\\/2022\\\/03\\\/07\\\/nastavak-pozitivnog-poslovanja-hp-mostar-u-prosloj-godini-povecani-koeficijenti-najnizih-placa\\\/#breadcrumb\",\"itemListElement\":[{\"@type\":\"ListItem\",\"position\":1,\"name\":\"Po\u010detna stranica\",\"item\":\"https:\\\/\\\/radioljubuski.ba\\\/\"},{\"@type\":\"ListItem\",\"position\":2,\"name\":\"Nastavak pozitivnog poslovanja HP Mostar, u pro\u0161loj godini pove\u0107ani koeficijenti najni\u017eih pla\u0107a\"}]},{\"@type\":\"WebSite\",\"@id\":\"https:\\\/\\\/radioljubuski.ba\\\/#website\",\"url\":\"https:\\\/\\\/radioljubuski.ba\\\/\",\"name\":\"Radio Ljubu\u0161ki\",\"description\":\"Sun\u010dana frekvencija Hercegovine\",\"publisher\":{\"@id\":\"https:\\\/\\\/radioljubuski.ba\\\/#organization\"},\"potentialAction\":[{\"@type\":\"SearchAction\",\"target\":{\"@type\":\"EntryPoint\",\"urlTemplate\":\"https:\\\/\\\/radioljubuski.ba\\\/?s={search_term_string}\"},\"query-input\":{\"@type\":\"PropertyValueSpecification\",\"valueRequired\":true,\"valueName\":\"search_term_string\"}}],\"inLanguage\":\"hr\"},{\"@type\":\"Organization\",\"@id\":\"https:\\\/\\\/radioljubuski.ba\\\/#organization\",\"name\":\"Radio Ljubu\u0161ki\",\"url\":\"https:\\\/\\\/radioljubuski.ba\\\/\",\"logo\":{\"@type\":\"ImageObject\",\"inLanguage\":\"hr\",\"@id\":\"https:\\\/\\\/radioljubuski.ba\\\/#\\\/schema\\\/logo\\\/image\\\/\",\"url\":\"https:\\\/\\\/radioljubuski.ba\\\/wp-content\\\/uploads\\\/2021\\\/02\\\/cropped-Radio_Ljubuski_logo1.jpg\",\"contentUrl\":\"https:\\\/\\\/radioljubuski.ba\\\/wp-content\\\/uploads\\\/2021\\\/02\\\/cropped-Radio_Ljubuski_logo1.jpg\",\"width\":512,\"height\":512,\"caption\":\"Radio Ljubu\u0161ki\"},\"image\":{\"@id\":\"https:\\\/\\\/radioljubuski.ba\\\/#\\\/schema\\\/logo\\\/image\\\/\"},\"sameAs\":[\"https:\\\/\\\/www.facebook.com\\\/Radiio-Ljubuski-1490835324566332\",\"https:\\\/\\\/x.com\\\/radioljubuski\",\"https:\\\/\\\/hr.linkedin.com\\\/company\\\/radio-ljubuski\",\"https:\\\/\\\/www.youtube.com\\\/channel\\\/UCHYaeO_n0Db3tjNGudGpXyw\"]},{\"@type\":\"Person\",\"@id\":\"https:\\\/\\\/radioljubuski.ba\\\/#\\\/schema\\\/person\\\/19fc700381a780f69665d7956c469e3b\",\"name\":\"Radio Ljubu\u0161ki\"}]}<\/script>\n<!-- \/ Yoast SEO plugin. -->","yoast_head_json":{"title":"Nastavak pozitivnog poslovanja HP Mostar, u pro\u0161loj godini pove\u0107ani koeficijenti najni\u017eih pla\u0107a - RADIO LJUBU\u0160KI","robots":{"index":"index","follow":"follow","max-snippet":"max-snippet:-1","max-image-preview":"max-image-preview:large","max-video-preview":"max-video-preview:-1"},"canonical":"https:\/\/radioljubuski.ba\/index.php\/2022\/03\/07\/nastavak-pozitivnog-poslovanja-hp-mostar-u-prosloj-godini-povecani-koeficijenti-najnizih-placa\/","og_locale":"hr_HR","og_type":"article","og_title":"Nastavak pozitivnog poslovanja HP Mostar, u pro\u0161loj godini pove\u0107ani koeficijenti najni\u017eih pla\u0107a - RADIO LJUBU\u0160KI","og_description":"Hrvatska po\u0161ta Mostar poslovnu 2021. godinu zavr\u0161ila je sa zna\u010dajnim rastom u svim podru\u010djima poslovanja, unato\u010d brojnim izazovima i specifi\u010dnim uvjetima rada i poslovanja u pandemiji koronavirusa &#8211; priop\u0107eno je u ponedjeljak iz HP Mostar. Navedeno je kako je ostvarena EBITDA (dobit prije poreza, kamata, amortizacije) u iznosu od 1.862.000 maraka i rastom od 24,6 [&hellip;]","og_url":"https:\/\/radioljubuski.ba\/index.php\/2022\/03\/07\/nastavak-pozitivnog-poslovanja-hp-mostar-u-prosloj-godini-povecani-koeficijenti-najnizih-placa\/","og_site_name":"RADIO LJUBU\u0160KI","article_publisher":"https:\/\/www.facebook.com\/Radiio-Ljubuski-1490835324566332","article_published_time":"2022-03-07T10:57:03+00:00","article_modified_time":"2022-03-07T10:57:04+00:00","og_image":[{"width":1000,"height":625,"url":"https:\/\/radioljubuski.ba\/wp-content\/uploads\/2022\/03\/2-2022-03-07-10-17-12-posta.jpg","type":"image\/jpeg"}],"author":"Radio Ljubu\u0161ki","twitter_card":"summary_large_image","twitter_creator":"@radioljubuski","twitter_site":"@radioljubuski","twitter_misc":{"Napisao\/la":"Radio Ljubu\u0161ki","Procijenjeno vrijeme \u010ditanja":"3 minute"},"schema":{"@context":"https:\/\/schema.org","@graph":[{"@type":"Article","@id":"https:\/\/radioljubuski.ba\/index.php\/2022\/03\/07\/nastavak-pozitivnog-poslovanja-hp-mostar-u-prosloj-godini-povecani-koeficijenti-najnizih-placa\/#article","isPartOf":{"@id":"https:\/\/radioljubuski.ba\/index.php\/2022\/03\/07\/nastavak-pozitivnog-poslovanja-hp-mostar-u-prosloj-godini-povecani-koeficijenti-najnizih-placa\/"},"author":{"name":"Radio Ljubu\u0161ki","@id":"https:\/\/radioljubuski.ba\/#\/schema\/person\/19fc700381a780f69665d7956c469e3b"},"headline":"Nastavak pozitivnog poslovanja HP Mostar, u pro\u0161loj godini pove\u0107ani koeficijenti najni\u017eih pla\u0107a","datePublished":"2022-03-07T10:57:03+00:00","dateModified":"2022-03-07T10:57:04+00:00","mainEntityOfPage":{"@id":"https:\/\/radioljubuski.ba\/index.php\/2022\/03\/07\/nastavak-pozitivnog-poslovanja-hp-mostar-u-prosloj-godini-povecani-koeficijenti-najnizih-placa\/"},"wordCount":608,"publisher":{"@id":"https:\/\/radioljubuski.ba\/#organization"},"image":{"@id":"https:\/\/radioljubuski.ba\/index.php\/2022\/03\/07\/nastavak-pozitivnog-poslovanja-hp-mostar-u-prosloj-godini-povecani-koeficijenti-najnizih-placa\/#primaryimage"},"thumbnailUrl":"https:\/\/radioljubuski.ba\/wp-content\/uploads\/2022\/03\/2-2022-03-07-10-17-12-posta.jpg","articleSection":["BIH i regija"],"inLanguage":"hr"},{"@type":"WebPage","@id":"https:\/\/radioljubuski.ba\/index.php\/2022\/03\/07\/nastavak-pozitivnog-poslovanja-hp-mostar-u-prosloj-godini-povecani-koeficijenti-najnizih-placa\/","url":"https:\/\/radioljubuski.ba\/index.php\/2022\/03\/07\/nastavak-pozitivnog-poslovanja-hp-mostar-u-prosloj-godini-povecani-koeficijenti-najnizih-placa\/","name":"Nastavak pozitivnog poslovanja HP Mostar, u pro\u0161loj godini pove\u0107ani koeficijenti najni\u017eih pla\u0107a - RADIO LJUBU\u0160KI","isPartOf":{"@id":"https:\/\/radioljubuski.ba\/#website"},"primaryImageOfPage":{"@id":"https:\/\/radioljubuski.ba\/index.php\/2022\/03\/07\/nastavak-pozitivnog-poslovanja-hp-mostar-u-prosloj-godini-povecani-koeficijenti-najnizih-placa\/#primaryimage"},"image":{"@id":"https:\/\/radioljubuski.ba\/index.php\/2022\/03\/07\/nastavak-pozitivnog-poslovanja-hp-mostar-u-prosloj-godini-povecani-koeficijenti-najnizih-placa\/#primaryimage"},"thumbnailUrl":"https:\/\/radioljubuski.ba\/wp-content\/uploads\/2022\/03\/2-2022-03-07-10-17-12-posta.jpg","datePublished":"2022-03-07T10:57:03+00:00","dateModified":"2022-03-07T10:57:04+00:00","breadcrumb":{"@id":"https:\/\/radioljubuski.ba\/index.php\/2022\/03\/07\/nastavak-pozitivnog-poslovanja-hp-mostar-u-prosloj-godini-povecani-koeficijenti-najnizih-placa\/#breadcrumb"},"inLanguage":"hr","potentialAction":[{"@type":"ReadAction","target":["https:\/\/radioljubuski.ba\/index.php\/2022\/03\/07\/nastavak-pozitivnog-poslovanja-hp-mostar-u-prosloj-godini-povecani-koeficijenti-najnizih-placa\/"]}]},{"@type":"ImageObject","inLanguage":"hr","@id":"https:\/\/radioljubuski.ba\/index.php\/2022\/03\/07\/nastavak-pozitivnog-poslovanja-hp-mostar-u-prosloj-godini-povecani-koeficijenti-najnizih-placa\/#primaryimage","url":"https:\/\/radioljubuski.ba\/wp-content\/uploads\/2022\/03\/2-2022-03-07-10-17-12-posta.jpg","contentUrl":"https:\/\/radioljubuski.ba\/wp-content\/uploads\/2022\/03\/2-2022-03-07-10-17-12-posta.jpg","width":1000,"height":625},{"@type":"BreadcrumbList","@id":"https:\/\/radioljubuski.ba\/index.php\/2022\/03\/07\/nastavak-pozitivnog-poslovanja-hp-mostar-u-prosloj-godini-povecani-koeficijenti-najnizih-placa\/#breadcrumb","itemListElement":[{"@type":"ListItem","position":1,"name":"Po\u010detna stranica","item":"https:\/\/radioljubuski.ba\/"},{"@type":"ListItem","position":2,"name":"Nastavak pozitivnog poslovanja HP Mostar, u pro\u0161loj godini pove\u0107ani koeficijenti najni\u017eih pla\u0107a"}]},{"@type":"WebSite","@id":"https:\/\/radioljubuski.ba\/#website","url":"https:\/\/radioljubuski.ba\/","name":"Radio Ljubu\u0161ki","description":"Sun\u010dana frekvencija Hercegovine","publisher":{"@id":"https:\/\/radioljubuski.ba\/#organization"},"potentialAction":[{"@type":"SearchAction","target":{"@type":"EntryPoint","urlTemplate":"https:\/\/radioljubuski.ba\/?s={search_term_string}"},"query-input":{"@type":"PropertyValueSpecification","valueRequired":true,"valueName":"search_term_string"}}],"inLanguage":"hr"},{"@type":"Organization","@id":"https:\/\/radioljubuski.ba\/#organization","name":"Radio Ljubu\u0161ki","url":"https:\/\/radioljubuski.ba\/","logo":{"@type":"ImageObject","inLanguage":"hr","@id":"https:\/\/radioljubuski.ba\/#\/schema\/logo\/image\/","url":"https:\/\/radioljubuski.ba\/wp-content\/uploads\/2021\/02\/cropped-Radio_Ljubuski_logo1.jpg","contentUrl":"https:\/\/radioljubuski.ba\/wp-content\/uploads\/2021\/02\/cropped-Radio_Ljubuski_logo1.jpg","width":512,"height":512,"caption":"Radio Ljubu\u0161ki"},"image":{"@id":"https:\/\/radioljubuski.ba\/#\/schema\/logo\/image\/"},"sameAs":["https:\/\/www.facebook.com\/Radiio-Ljubuski-1490835324566332","https:\/\/x.com\/radioljubuski","https:\/\/hr.linkedin.com\/company\/radio-ljubuski","https:\/\/www.youtube.com\/channel\/UCHYaeO_n0Db3tjNGudGpXyw"]},{"@type":"Person","@id":"https:\/\/radioljubuski.ba\/#\/schema\/person\/19fc700381a780f69665d7956c469e3b","name":"Radio Ljubu\u0161ki"}]}},"_links":{"self":[{"href":"https:\/\/radioljubuski.ba\/index.php\/wp-json\/wp\/v2\/posts\/118837","targetHints":{"allow":["GET"]}}],"collection":[{"href":"https:\/\/radioljubuski.ba\/index.php\/wp-json\/wp\/v2\/posts"}],"about":[{"href":"https:\/\/radioljubuski.ba\/index.php\/wp-json\/wp\/v2\/types\/post"}],"author":[{"embeddable":true,"href":"https:\/\/radioljubuski.ba\/index.php\/wp-json\/wp\/v2\/users\/2"}],"replies":[{"embeddable":true,"href":"https:\/\/radioljubuski.ba\/index.php\/wp-json\/wp\/v2\/comments?post=118837"}],"version-history":[{"count":1,"href":"https:\/\/radioljubuski.ba\/index.php\/wp-json\/wp\/v2\/posts\/118837\/revisions"}],"predecessor-version":[{"id":118839,"href":"https:\/\/radioljubuski.ba\/index.php\/wp-json\/wp\/v2\/posts\/118837\/revisions\/118839"}],"wp:featuredmedia":[{"embeddable":true,"href":"https:\/\/radioljubuski.ba\/index.php\/wp-json\/wp\/v2\/media\/118838"}],"wp:attachment":[{"href":"https:\/\/radioljubuski.ba\/index.php\/wp-json\/wp\/v2\/media?parent=118837"}],"wp:term":[{"taxonomy":"category","embeddable":true,"href":"https:\/\/radioljubuski.ba\/index.php\/wp-json\/wp\/v2\/categories?post=118837"},{"taxonomy":"post_tag","embeddable":true,"href":"https:\/\/radioljubuski.ba\/index.php\/wp-json\/wp\/v2\/tags?post=118837"}],"curies":[{"name":"wp","href":"https:\/\/api.w.org\/{rel}","templated":true}]}}