{"id":118874,"date":"2022-03-07T13:13:48","date_gmt":"2022-03-07T12:13:48","guid":{"rendered":"https:\/\/radioljubuski.ba\/?p=118874"},"modified":"2022-03-07T13:13:49","modified_gmt":"2022-03-07T12:13:49","slug":"ruski-vojnik-zarobljen-u-ukrajini-osjecam-stid-ne-znam-zasto-to-radimo","status":"publish","type":"post","link":"https:\/\/radioljubuski.ba\/index.php\/2022\/03\/07\/ruski-vojnik-zarobljen-u-ukrajini-osjecam-stid-ne-znam-zasto-to-radimo\/","title":{"rendered":"Ruski vojnik zarobljen u Ukrajini: Osje\u0107am stid, ne znam za\u0161to to radimo"},"content":{"rendered":"\n<p>Ruski vojnik zarobljen u Ukrajini je tokom svog obra\u0107anja objasnio da je do\u0161ao u tu zemlju jer je bio pogre\u0161no informisan da su Ukrajinu \u201cpreuzeli nacisti\u201d, da osje\u0107a stid zbog onoga \u0161to ruske vojne snage \u010dine u toj u zemlji, te ih je pozvao da se zaustave \u201cdok ne bude kasno\u201d, prenosi <a href=\"https:\/\/ba.n1info.com\/svijet\/ruski-vojnik-zarobljen-u-ukrajini-osjecam-stid-ne-znam-zasto-to-radimo-video\/\" target=\"_blank\" rel=\"noreferrer noopener\">N1.<\/a><\/p>\n\n\n\n<p>\u201cRe\u010deno nam je da \u2026 to nam je re\u010deno dok smo bili u Rusiji u medijima, da Ukrajinom dominira \u2026. fa\u0161isti\u010dki re\u017eim. Da su nacionalisti, nacisti preuzeli vlast, da obi\u010dnim ljudima treba pomo\u0107 da se oslobode toga\u201d, objasnio je ovaj vojnik u obra\u0107anju novinarima koje je prenio ukrajinski <strong><a href=\"https:\/\/www.youtube.com\/watch?v=oS8ktqe5LEY\" target=\"_blank\" rel=\"noreferrer noopener\">Kanal 24.<\/a><\/strong><\/p>\n\n\n\n<p>\u201cO\u010digledno je da su te informacije bile jednostrane. Naravno imamo internet. Ponekad ne\u0161to dobijemo iz nekih drugih izvora. Mogli smo analizirati, ali smo imali sumnje. Nismo sa sigurno\u0161\u0107u znali kakva je situacija.\u201d<\/p>\n\n\n\n<p>On je rekao da ga je dodatno navelo da preispita situaciju kada je vidio obra\u0107anja ukrajinskih boksa\u010da Oleksandra Usyka i Vasiliya Lomachenka, te dodao da su to njegovi favoriti.<\/p>\n\n\n\n<p>\u201cOvi ljudi su samo spremni da uzmu oru\u017eje, rekli su: Nismo vas mi zvali. I sramota me je \u0161to smo do\u0161li u ovu zemlju, na ovu teritoriju, u Ukrajinu\u201d, rekao je on.<\/p>\n\n\n\n<p>\u201cOsje\u0107am stid. Ne znam za\u0161to to radimo. Znali smo vrlo malo. Premalo smo mislili svojom glavom. Donijeli smo tugu ovoj zemlji\u201d, dodao je.<\/p>\n\n\n\n<blockquote class=\"twitter-tweet\"><p lang=\"en\" dir=\"ltr\">This, out of <a href=\"https:\/\/twitter.com\/hashtag\/Ukraine?src=hash&amp;ref_src=twsrc%5Etfw\">#Ukraine<\/a>, is 100% one of the most incredible videos I have ever seen.<br><br>This Russian POW has the heart of a lion \ud83e\udd81 <a href=\"https:\/\/t.co\/KIx1rsN0CZ\">pic.twitter.com\/KIx1rsN0CZ<\/a><\/p>&mdash; Jackie Singh \ud83c\uddfa\ud83c\udde6 \ud83c\uddfa\ud83c\uddf8 (@hackingbutlegal) <a href=\"https:\/\/twitter.com\/hackingbutlegal\/status\/1500465032966062082?ref_src=twsrc%5Etfw\">March 6, 2022<\/a><\/blockquote> <script async src=\"https:\/\/platform.twitter.com\/widgets.js\" charset=\"utf-8\"><\/script> \n\n\n\n<p><strong>Rusima se \u201cispira mozak\u201d<\/strong><\/p>\n\n\n\n<p>Zapitao je i \u201cda li je iskupljenje mogu\u0107e?\u201d<\/p>\n\n\n\n<p>\u201cI\u0107i \u0107emo u zatvor ili dobiti \u0161ta god zaslu\u017eujemo. Spremni smo na sve. Ali ho\u0107e li to donijeti iskupljenje? \u017dao mi je ljudi koji su ostali u Rusiji, oni nisu krivi. Njihova krivica je \u0161to su pogre\u0161no informirani. Neki nemaju internet, nemaju \u0161anse da koriste ne\u0161to alternativno, stalno im se ispira mozak.\u201d<\/p>\n\n\n\n<p>Do naroda u Rusiji dolaze jednostrane informacije da su Ukrajinu zauzeli fa\u0161isti, i potrebno je da narod zna \u0161ta se ustvari doga\u0111a, podcrtao je on.<\/p>\n\n\n\n<p>\u201cDa budem otvoren, za one koji gledaju ovaj video: mo\u017eete misliti o meni \u0161ta god \u017eelite, da sam bio prisiljen, zastra\u0161en ili je tekst pripremljen unaprijed. Ali re\u0107i \u0107u vam direktno: Da netko do\u0111e na moju teritoriju, uradio bih isto \u0161to su i ovi ljudi. I bio bih u pravu. I oni su upravo sada,\u201d podcrtao je.<\/p>\n\n\n\n<p>\u201cMoj djed se borio. A ja sam ovdje kao pripadnik odreda smrti. Ovo je moj osobni ose\u0107aj u vezi sa ruskim vojnim snagama\u201d, dodao je.<\/p>\n\n\n\n<p>Zatim je imao poruku za ruske vojnike.<\/p>\n\n\n\n<p>\u201cAko me \u010dujete: ljudi, budite hrabri. Meni je lak\u0161e, ja sam ve\u0107 u ovoj situaciji. Vi ste u napetoj situaciji, idete protiv svog komandanta. Ali ovo je genocid. Ovi ljudi su jednostavno ubijani.\u201d<\/p>\n\n\n\n<p><strong>\u201cRusija ionako ovdje ne mo\u017ee pobijediti\u201d<\/strong><\/p>\n\n\n\n<p>Tako\u0111er je istakao da \u201cRusija ionako ovdje ne mo\u017ee pobijediti.\u201d<\/p>\n\n\n\n<p>\u201cSve varijante su o\u010digledne, \u010dak i ako budemo i\u0161li do samog kraja, a zaista se nadam da se to ne\u0107e dogoditi. Mo\u017eemo izvr\u0161iti invaziju na teritoriju, ali ne mo\u017eemo izvr\u0161iti invaziju na ljude. Ne bismo mogli zadr\u017eati ovu teritoriju. I potpuna praznina bi bila oko nas. \u017divjeli bismo kao na otoku. Nitko ne bi pri\u010dao sa nama, i bili bi u pravu. Rusa bi bilo sramota da prizna da je Rus, zbog djela koja sada \u010dinimo.\u201d<\/p>\n\n\n\n<p>\u201cPreklinjem vas. Zaustavite se dok ne bude prekasno. Dajte nam priliku da se vratimo ku\u0107i. Napravite pravi izbor. Vratite se ku\u0107i, ljudi su ve\u0107 po\u010deli da se okupljaju (u Rusiji). Po\u010dinju da shva\u0107aju neke stvari. Ovo je u\u017easno.\u201d<\/p>\n\n\n\n<p>\u201cNe mogu prona\u0107i rije\u010di da se izvinem ukrajinskom narodu\u201d, istakao je.<\/p>\n\n\n\n<p><strong>\u201cRusi ne \u017eele ukrajinsku krv\u201d<\/strong><\/p>\n\n\n\n<p>Rekao je da je sada zadatak vojnika da sprije\u010de \u201cpotpuno uni\u0161tenje ova dva naroda\u201d te je imao i poruku za ukrajinske vlasti.<\/p>\n\n\n\n<p>\u201cNe\u0107emo uspjeti bez va\u0161e pomo\u0107i. Ljudi u ruskoj vojsci koji se nalaze ovdje, mnogih je sramota. Oni ne \u017eele rat. Ne \u017eele da vas ubijaju\u2026. idite i u Rusiju, pitajte ih da li \u017eele ukrajinsku krv? Siguran sam da bi samo idiot rekao \u201cda\u201d.\u201d<\/p>\n\n\n\n<p>On je istakao da Rusija sada ima \u201cogroman problem\u201d i da istina mora da se prenese narodu u toj zemlji.<\/p>\n\n\n\n<p>\u201c\u010cak i ako tre\u0107ina onih koji se vrate bude u stanju da to ta\u010dno ispri\u010da, to \u0107e biti velika korist. I zahvaljuju\u0107i vama ovo \u0107e se desiti\u201d, poru\u010dio je on ukrajinskim vlastima.<\/p>\n\n\n\n<p>Izvor:N1<\/p>\n","protected":false},"excerpt":{"rendered":"<p>Ruski vojnik zarobljen u Ukrajini je tokom svog obra\u0107anja objasnio da je do\u0161ao u tu zemlju jer je bio pogre\u0161no informisan da su Ukrajinu \u201cpreuzeli nacisti\u201d, da osje\u0107a stid zbog onoga \u0161to ruske vojne snage \u010dine u toj u zemlji, te ih je pozvao da se zaustave \u201cdok ne bude kasno\u201d, prenosi N1. \u201cRe\u010deno nam [&hellip;]<\/p>\n","protected":false},"author":2,"featured_media":118875,"comment_status":"closed","ping_status":"closed","sticky":false,"template":"","format":"standard","meta":{"h5ap_radio_sources":[],"footnotes":""},"categories":[1],"tags":[],"class_list":["post-118874","post","type-post","status-publish","format-standard","has-post-thumbnail","hentry","category-bihiregija"],"yoast_head":"<!-- This site is optimized with the Yoast SEO plugin v27.5 - https:\/\/yoast.com\/product\/yoast-seo-wordpress\/ -->\n<title>Ruski vojnik zarobljen u Ukrajini: Osje\u0107am stid, ne znam za\u0161to to radimo - RADIO LJUBU\u0160KI<\/title>\n<meta name=\"robots\" content=\"index, follow, max-snippet:-1, max-image-preview:large, max-video-preview:-1\" \/>\n<link rel=\"canonical\" href=\"https:\/\/radioljubuski.ba\/index.php\/2022\/03\/07\/ruski-vojnik-zarobljen-u-ukrajini-osjecam-stid-ne-znam-zasto-to-radimo\/\" \/>\n<meta property=\"og:locale\" content=\"hr_HR\" \/>\n<meta property=\"og:type\" content=\"article\" \/>\n<meta property=\"og:title\" content=\"Ruski vojnik zarobljen u Ukrajini: Osje\u0107am stid, ne znam za\u0161to to radimo - RADIO LJUBU\u0160KI\" \/>\n<meta property=\"og:description\" content=\"Ruski vojnik zarobljen u Ukrajini je tokom svog obra\u0107anja objasnio da je do\u0161ao u tu zemlju jer je bio pogre\u0161no informisan da su Ukrajinu \u201cpreuzeli nacisti\u201d, da osje\u0107a stid zbog onoga \u0161to ruske vojne snage \u010dine u toj u zemlji, te ih je pozvao da se zaustave \u201cdok ne bude kasno\u201d, prenosi N1. \u201cRe\u010deno nam [&hellip;]\" \/>\n<meta property=\"og:url\" content=\"https:\/\/radioljubuski.ba\/index.php\/2022\/03\/07\/ruski-vojnik-zarobljen-u-ukrajini-osjecam-stid-ne-znam-zasto-to-radimo\/\" \/>\n<meta property=\"og:site_name\" content=\"RADIO LJUBU\u0160KI\" \/>\n<meta property=\"article:publisher\" content=\"https:\/\/www.facebook.com\/Radiio-Ljubuski-1490835324566332\" \/>\n<meta property=\"article:published_time\" content=\"2022-03-07T12:13:48+00:00\" \/>\n<meta property=\"article:modified_time\" content=\"2022-03-07T12:13:49+00:00\" \/>\n<meta property=\"og:image\" content=\"https:\/\/radioljubuski.ba\/wp-content\/uploads\/2022\/03\/8-2022-03-07-11-44-13-RUSKI-VOJNIK.png\" \/>\n\t<meta property=\"og:image:width\" content=\"1000\" \/>\n\t<meta property=\"og:image:height\" content=\"625\" \/>\n\t<meta property=\"og:image:type\" content=\"image\/png\" \/>\n<meta name=\"author\" content=\"Radio Ljubu\u0161ki\" \/>\n<meta name=\"twitter:card\" content=\"summary_large_image\" \/>\n<meta name=\"twitter:creator\" content=\"@radioljubuski\" \/>\n<meta name=\"twitter:site\" content=\"@radioljubuski\" \/>\n<meta name=\"twitter:label1\" content=\"Napisao\/la\" \/>\n\t<meta name=\"twitter:data1\" content=\"Radio Ljubu\u0161ki\" \/>\n\t<meta name=\"twitter:label2\" content=\"Procijenjeno vrijeme \u010ditanja\" \/>\n\t<meta name=\"twitter:data2\" content=\"4 minute\" \/>\n<script type=\"application\/ld+json\" class=\"yoast-schema-graph\">{\"@context\":\"https:\\\/\\\/schema.org\",\"@graph\":[{\"@type\":\"Article\",\"@id\":\"https:\\\/\\\/radioljubuski.ba\\\/index.php\\\/2022\\\/03\\\/07\\\/ruski-vojnik-zarobljen-u-ukrajini-osjecam-stid-ne-znam-zasto-to-radimo\\\/#article\",\"isPartOf\":{\"@id\":\"https:\\\/\\\/radioljubuski.ba\\\/index.php\\\/2022\\\/03\\\/07\\\/ruski-vojnik-zarobljen-u-ukrajini-osjecam-stid-ne-znam-zasto-to-radimo\\\/\"},\"author\":{\"name\":\"Radio Ljubu\u0161ki\",\"@id\":\"https:\\\/\\\/radioljubuski.ba\\\/#\\\/schema\\\/person\\\/19fc700381a780f69665d7956c469e3b\"},\"headline\":\"Ruski vojnik zarobljen u Ukrajini: Osje\u0107am stid, ne znam za\u0161to to radimo\",\"datePublished\":\"2022-03-07T12:13:48+00:00\",\"dateModified\":\"2022-03-07T12:13:49+00:00\",\"mainEntityOfPage\":{\"@id\":\"https:\\\/\\\/radioljubuski.ba\\\/index.php\\\/2022\\\/03\\\/07\\\/ruski-vojnik-zarobljen-u-ukrajini-osjecam-stid-ne-znam-zasto-to-radimo\\\/\"},\"wordCount\":806,\"publisher\":{\"@id\":\"https:\\\/\\\/radioljubuski.ba\\\/#organization\"},\"image\":{\"@id\":\"https:\\\/\\\/radioljubuski.ba\\\/index.php\\\/2022\\\/03\\\/07\\\/ruski-vojnik-zarobljen-u-ukrajini-osjecam-stid-ne-znam-zasto-to-radimo\\\/#primaryimage\"},\"thumbnailUrl\":\"https:\\\/\\\/radioljubuski.ba\\\/wp-content\\\/uploads\\\/2022\\\/03\\\/8-2022-03-07-11-44-13-RUSKI-VOJNIK.png\",\"articleSection\":[\"BIH i regija\"],\"inLanguage\":\"hr\"},{\"@type\":\"WebPage\",\"@id\":\"https:\\\/\\\/radioljubuski.ba\\\/index.php\\\/2022\\\/03\\\/07\\\/ruski-vojnik-zarobljen-u-ukrajini-osjecam-stid-ne-znam-zasto-to-radimo\\\/\",\"url\":\"https:\\\/\\\/radioljubuski.ba\\\/index.php\\\/2022\\\/03\\\/07\\\/ruski-vojnik-zarobljen-u-ukrajini-osjecam-stid-ne-znam-zasto-to-radimo\\\/\",\"name\":\"Ruski vojnik zarobljen u Ukrajini: Osje\u0107am stid, ne znam za\u0161to to radimo - RADIO LJUBU\u0160KI\",\"isPartOf\":{\"@id\":\"https:\\\/\\\/radioljubuski.ba\\\/#website\"},\"primaryImageOfPage\":{\"@id\":\"https:\\\/\\\/radioljubuski.ba\\\/index.php\\\/2022\\\/03\\\/07\\\/ruski-vojnik-zarobljen-u-ukrajini-osjecam-stid-ne-znam-zasto-to-radimo\\\/#primaryimage\"},\"image\":{\"@id\":\"https:\\\/\\\/radioljubuski.ba\\\/index.php\\\/2022\\\/03\\\/07\\\/ruski-vojnik-zarobljen-u-ukrajini-osjecam-stid-ne-znam-zasto-to-radimo\\\/#primaryimage\"},\"thumbnailUrl\":\"https:\\\/\\\/radioljubuski.ba\\\/wp-content\\\/uploads\\\/2022\\\/03\\\/8-2022-03-07-11-44-13-RUSKI-VOJNIK.png\",\"datePublished\":\"2022-03-07T12:13:48+00:00\",\"dateModified\":\"2022-03-07T12:13:49+00:00\",\"breadcrumb\":{\"@id\":\"https:\\\/\\\/radioljubuski.ba\\\/index.php\\\/2022\\\/03\\\/07\\\/ruski-vojnik-zarobljen-u-ukrajini-osjecam-stid-ne-znam-zasto-to-radimo\\\/#breadcrumb\"},\"inLanguage\":\"hr\",\"potentialAction\":[{\"@type\":\"ReadAction\",\"target\":[\"https:\\\/\\\/radioljubuski.ba\\\/index.php\\\/2022\\\/03\\\/07\\\/ruski-vojnik-zarobljen-u-ukrajini-osjecam-stid-ne-znam-zasto-to-radimo\\\/\"]}]},{\"@type\":\"ImageObject\",\"inLanguage\":\"hr\",\"@id\":\"https:\\\/\\\/radioljubuski.ba\\\/index.php\\\/2022\\\/03\\\/07\\\/ruski-vojnik-zarobljen-u-ukrajini-osjecam-stid-ne-znam-zasto-to-radimo\\\/#primaryimage\",\"url\":\"https:\\\/\\\/radioljubuski.ba\\\/wp-content\\\/uploads\\\/2022\\\/03\\\/8-2022-03-07-11-44-13-RUSKI-VOJNIK.png\",\"contentUrl\":\"https:\\\/\\\/radioljubuski.ba\\\/wp-content\\\/uploads\\\/2022\\\/03\\\/8-2022-03-07-11-44-13-RUSKI-VOJNIK.png\",\"width\":1000,\"height\":625},{\"@type\":\"BreadcrumbList\",\"@id\":\"https:\\\/\\\/radioljubuski.ba\\\/index.php\\\/2022\\\/03\\\/07\\\/ruski-vojnik-zarobljen-u-ukrajini-osjecam-stid-ne-znam-zasto-to-radimo\\\/#breadcrumb\",\"itemListElement\":[{\"@type\":\"ListItem\",\"position\":1,\"name\":\"Po\u010detna stranica\",\"item\":\"https:\\\/\\\/radioljubuski.ba\\\/\"},{\"@type\":\"ListItem\",\"position\":2,\"name\":\"Ruski vojnik zarobljen u Ukrajini: Osje\u0107am stid, ne znam za\u0161to to radimo\"}]},{\"@type\":\"WebSite\",\"@id\":\"https:\\\/\\\/radioljubuski.ba\\\/#website\",\"url\":\"https:\\\/\\\/radioljubuski.ba\\\/\",\"name\":\"Radio Ljubu\u0161ki\",\"description\":\"Sun\u010dana frekvencija Hercegovine\",\"publisher\":{\"@id\":\"https:\\\/\\\/radioljubuski.ba\\\/#organization\"},\"potentialAction\":[{\"@type\":\"SearchAction\",\"target\":{\"@type\":\"EntryPoint\",\"urlTemplate\":\"https:\\\/\\\/radioljubuski.ba\\\/?s={search_term_string}\"},\"query-input\":{\"@type\":\"PropertyValueSpecification\",\"valueRequired\":true,\"valueName\":\"search_term_string\"}}],\"inLanguage\":\"hr\"},{\"@type\":\"Organization\",\"@id\":\"https:\\\/\\\/radioljubuski.ba\\\/#organization\",\"name\":\"Radio Ljubu\u0161ki\",\"url\":\"https:\\\/\\\/radioljubuski.ba\\\/\",\"logo\":{\"@type\":\"ImageObject\",\"inLanguage\":\"hr\",\"@id\":\"https:\\\/\\\/radioljubuski.ba\\\/#\\\/schema\\\/logo\\\/image\\\/\",\"url\":\"https:\\\/\\\/radioljubuski.ba\\\/wp-content\\\/uploads\\\/2021\\\/02\\\/cropped-Radio_Ljubuski_logo1.jpg\",\"contentUrl\":\"https:\\\/\\\/radioljubuski.ba\\\/wp-content\\\/uploads\\\/2021\\\/02\\\/cropped-Radio_Ljubuski_logo1.jpg\",\"width\":512,\"height\":512,\"caption\":\"Radio Ljubu\u0161ki\"},\"image\":{\"@id\":\"https:\\\/\\\/radioljubuski.ba\\\/#\\\/schema\\\/logo\\\/image\\\/\"},\"sameAs\":[\"https:\\\/\\\/www.facebook.com\\\/Radiio-Ljubuski-1490835324566332\",\"https:\\\/\\\/x.com\\\/radioljubuski\",\"https:\\\/\\\/hr.linkedin.com\\\/company\\\/radio-ljubuski\",\"https:\\\/\\\/www.youtube.com\\\/channel\\\/UCHYaeO_n0Db3tjNGudGpXyw\"]},{\"@type\":\"Person\",\"@id\":\"https:\\\/\\\/radioljubuski.ba\\\/#\\\/schema\\\/person\\\/19fc700381a780f69665d7956c469e3b\",\"name\":\"Radio Ljubu\u0161ki\"}]}<\/script>\n<!-- \/ Yoast SEO plugin. -->","yoast_head_json":{"title":"Ruski vojnik zarobljen u Ukrajini: Osje\u0107am stid, ne znam za\u0161to to radimo - RADIO LJUBU\u0160KI","robots":{"index":"index","follow":"follow","max-snippet":"max-snippet:-1","max-image-preview":"max-image-preview:large","max-video-preview":"max-video-preview:-1"},"canonical":"https:\/\/radioljubuski.ba\/index.php\/2022\/03\/07\/ruski-vojnik-zarobljen-u-ukrajini-osjecam-stid-ne-znam-zasto-to-radimo\/","og_locale":"hr_HR","og_type":"article","og_title":"Ruski vojnik zarobljen u Ukrajini: Osje\u0107am stid, ne znam za\u0161to to radimo - RADIO LJUBU\u0160KI","og_description":"Ruski vojnik zarobljen u Ukrajini je tokom svog obra\u0107anja objasnio da je do\u0161ao u tu zemlju jer je bio pogre\u0161no informisan da su Ukrajinu \u201cpreuzeli nacisti\u201d, da osje\u0107a stid zbog onoga \u0161to ruske vojne snage \u010dine u toj u zemlji, te ih je pozvao da se zaustave \u201cdok ne bude kasno\u201d, prenosi N1. \u201cRe\u010deno nam [&hellip;]","og_url":"https:\/\/radioljubuski.ba\/index.php\/2022\/03\/07\/ruski-vojnik-zarobljen-u-ukrajini-osjecam-stid-ne-znam-zasto-to-radimo\/","og_site_name":"RADIO LJUBU\u0160KI","article_publisher":"https:\/\/www.facebook.com\/Radiio-Ljubuski-1490835324566332","article_published_time":"2022-03-07T12:13:48+00:00","article_modified_time":"2022-03-07T12:13:49+00:00","og_image":[{"width":1000,"height":625,"url":"https:\/\/radioljubuski.ba\/wp-content\/uploads\/2022\/03\/8-2022-03-07-11-44-13-RUSKI-VOJNIK.png","type":"image\/png"}],"author":"Radio Ljubu\u0161ki","twitter_card":"summary_large_image","twitter_creator":"@radioljubuski","twitter_site":"@radioljubuski","twitter_misc":{"Napisao\/la":"Radio Ljubu\u0161ki","Procijenjeno vrijeme \u010ditanja":"4 minute"},"schema":{"@context":"https:\/\/schema.org","@graph":[{"@type":"Article","@id":"https:\/\/radioljubuski.ba\/index.php\/2022\/03\/07\/ruski-vojnik-zarobljen-u-ukrajini-osjecam-stid-ne-znam-zasto-to-radimo\/#article","isPartOf":{"@id":"https:\/\/radioljubuski.ba\/index.php\/2022\/03\/07\/ruski-vojnik-zarobljen-u-ukrajini-osjecam-stid-ne-znam-zasto-to-radimo\/"},"author":{"name":"Radio Ljubu\u0161ki","@id":"https:\/\/radioljubuski.ba\/#\/schema\/person\/19fc700381a780f69665d7956c469e3b"},"headline":"Ruski vojnik zarobljen u Ukrajini: Osje\u0107am stid, ne znam za\u0161to to radimo","datePublished":"2022-03-07T12:13:48+00:00","dateModified":"2022-03-07T12:13:49+00:00","mainEntityOfPage":{"@id":"https:\/\/radioljubuski.ba\/index.php\/2022\/03\/07\/ruski-vojnik-zarobljen-u-ukrajini-osjecam-stid-ne-znam-zasto-to-radimo\/"},"wordCount":806,"publisher":{"@id":"https:\/\/radioljubuski.ba\/#organization"},"image":{"@id":"https:\/\/radioljubuski.ba\/index.php\/2022\/03\/07\/ruski-vojnik-zarobljen-u-ukrajini-osjecam-stid-ne-znam-zasto-to-radimo\/#primaryimage"},"thumbnailUrl":"https:\/\/radioljubuski.ba\/wp-content\/uploads\/2022\/03\/8-2022-03-07-11-44-13-RUSKI-VOJNIK.png","articleSection":["BIH i regija"],"inLanguage":"hr"},{"@type":"WebPage","@id":"https:\/\/radioljubuski.ba\/index.php\/2022\/03\/07\/ruski-vojnik-zarobljen-u-ukrajini-osjecam-stid-ne-znam-zasto-to-radimo\/","url":"https:\/\/radioljubuski.ba\/index.php\/2022\/03\/07\/ruski-vojnik-zarobljen-u-ukrajini-osjecam-stid-ne-znam-zasto-to-radimo\/","name":"Ruski vojnik zarobljen u Ukrajini: Osje\u0107am stid, ne znam za\u0161to to radimo - RADIO LJUBU\u0160KI","isPartOf":{"@id":"https:\/\/radioljubuski.ba\/#website"},"primaryImageOfPage":{"@id":"https:\/\/radioljubuski.ba\/index.php\/2022\/03\/07\/ruski-vojnik-zarobljen-u-ukrajini-osjecam-stid-ne-znam-zasto-to-radimo\/#primaryimage"},"image":{"@id":"https:\/\/radioljubuski.ba\/index.php\/2022\/03\/07\/ruski-vojnik-zarobljen-u-ukrajini-osjecam-stid-ne-znam-zasto-to-radimo\/#primaryimage"},"thumbnailUrl":"https:\/\/radioljubuski.ba\/wp-content\/uploads\/2022\/03\/8-2022-03-07-11-44-13-RUSKI-VOJNIK.png","datePublished":"2022-03-07T12:13:48+00:00","dateModified":"2022-03-07T12:13:49+00:00","breadcrumb":{"@id":"https:\/\/radioljubuski.ba\/index.php\/2022\/03\/07\/ruski-vojnik-zarobljen-u-ukrajini-osjecam-stid-ne-znam-zasto-to-radimo\/#breadcrumb"},"inLanguage":"hr","potentialAction":[{"@type":"ReadAction","target":["https:\/\/radioljubuski.ba\/index.php\/2022\/03\/07\/ruski-vojnik-zarobljen-u-ukrajini-osjecam-stid-ne-znam-zasto-to-radimo\/"]}]},{"@type":"ImageObject","inLanguage":"hr","@id":"https:\/\/radioljubuski.ba\/index.php\/2022\/03\/07\/ruski-vojnik-zarobljen-u-ukrajini-osjecam-stid-ne-znam-zasto-to-radimo\/#primaryimage","url":"https:\/\/radioljubuski.ba\/wp-content\/uploads\/2022\/03\/8-2022-03-07-11-44-13-RUSKI-VOJNIK.png","contentUrl":"https:\/\/radioljubuski.ba\/wp-content\/uploads\/2022\/03\/8-2022-03-07-11-44-13-RUSKI-VOJNIK.png","width":1000,"height":625},{"@type":"BreadcrumbList","@id":"https:\/\/radioljubuski.ba\/index.php\/2022\/03\/07\/ruski-vojnik-zarobljen-u-ukrajini-osjecam-stid-ne-znam-zasto-to-radimo\/#breadcrumb","itemListElement":[{"@type":"ListItem","position":1,"name":"Po\u010detna stranica","item":"https:\/\/radioljubuski.ba\/"},{"@type":"ListItem","position":2,"name":"Ruski vojnik zarobljen u Ukrajini: Osje\u0107am stid, ne znam za\u0161to to radimo"}]},{"@type":"WebSite","@id":"https:\/\/radioljubuski.ba\/#website","url":"https:\/\/radioljubuski.ba\/","name":"Radio Ljubu\u0161ki","description":"Sun\u010dana frekvencija Hercegovine","publisher":{"@id":"https:\/\/radioljubuski.ba\/#organization"},"potentialAction":[{"@type":"SearchAction","target":{"@type":"EntryPoint","urlTemplate":"https:\/\/radioljubuski.ba\/?s={search_term_string}"},"query-input":{"@type":"PropertyValueSpecification","valueRequired":true,"valueName":"search_term_string"}}],"inLanguage":"hr"},{"@type":"Organization","@id":"https:\/\/radioljubuski.ba\/#organization","name":"Radio Ljubu\u0161ki","url":"https:\/\/radioljubuski.ba\/","logo":{"@type":"ImageObject","inLanguage":"hr","@id":"https:\/\/radioljubuski.ba\/#\/schema\/logo\/image\/","url":"https:\/\/radioljubuski.ba\/wp-content\/uploads\/2021\/02\/cropped-Radio_Ljubuski_logo1.jpg","contentUrl":"https:\/\/radioljubuski.ba\/wp-content\/uploads\/2021\/02\/cropped-Radio_Ljubuski_logo1.jpg","width":512,"height":512,"caption":"Radio Ljubu\u0161ki"},"image":{"@id":"https:\/\/radioljubuski.ba\/#\/schema\/logo\/image\/"},"sameAs":["https:\/\/www.facebook.com\/Radiio-Ljubuski-1490835324566332","https:\/\/x.com\/radioljubuski","https:\/\/hr.linkedin.com\/company\/radio-ljubuski","https:\/\/www.youtube.com\/channel\/UCHYaeO_n0Db3tjNGudGpXyw"]},{"@type":"Person","@id":"https:\/\/radioljubuski.ba\/#\/schema\/person\/19fc700381a780f69665d7956c469e3b","name":"Radio Ljubu\u0161ki"}]}},"_links":{"self":[{"href":"https:\/\/radioljubuski.ba\/index.php\/wp-json\/wp\/v2\/posts\/118874","targetHints":{"allow":["GET"]}}],"collection":[{"href":"https:\/\/radioljubuski.ba\/index.php\/wp-json\/wp\/v2\/posts"}],"about":[{"href":"https:\/\/radioljubuski.ba\/index.php\/wp-json\/wp\/v2\/types\/post"}],"author":[{"embeddable":true,"href":"https:\/\/radioljubuski.ba\/index.php\/wp-json\/wp\/v2\/users\/2"}],"replies":[{"embeddable":true,"href":"https:\/\/radioljubuski.ba\/index.php\/wp-json\/wp\/v2\/comments?post=118874"}],"version-history":[{"count":1,"href":"https:\/\/radioljubuski.ba\/index.php\/wp-json\/wp\/v2\/posts\/118874\/revisions"}],"predecessor-version":[{"id":118877,"href":"https:\/\/radioljubuski.ba\/index.php\/wp-json\/wp\/v2\/posts\/118874\/revisions\/118877"}],"wp:featuredmedia":[{"embeddable":true,"href":"https:\/\/radioljubuski.ba\/index.php\/wp-json\/wp\/v2\/media\/118875"}],"wp:attachment":[{"href":"https:\/\/radioljubuski.ba\/index.php\/wp-json\/wp\/v2\/media?parent=118874"}],"wp:term":[{"taxonomy":"category","embeddable":true,"href":"https:\/\/radioljubuski.ba\/index.php\/wp-json\/wp\/v2\/categories?post=118874"},{"taxonomy":"post_tag","embeddable":true,"href":"https:\/\/radioljubuski.ba\/index.php\/wp-json\/wp\/v2\/tags?post=118874"}],"curies":[{"name":"wp","href":"https:\/\/api.w.org\/{rel}","templated":true}]}}