{"id":118880,"date":"2022-03-07T13:15:51","date_gmt":"2022-03-07T12:15:51","guid":{"rendered":"https:\/\/radioljubuski.ba\/?p=118880"},"modified":"2022-03-07T13:15:51","modified_gmt":"2022-03-07T12:15:51","slug":"pucao-iz-pistolja-u-koloni-svatova-okicenih-ratnim-zastavama","status":"publish","type":"post","link":"https:\/\/radioljubuski.ba\/index.php\/2022\/03\/07\/pucao-iz-pistolja-u-koloni-svatova-okicenih-ratnim-zastavama\/","title":{"rendered":"Pucao iz pi\u0161tolja u koloni svatova oki\u0107enih ratnim zastavama"},"content":{"rendered":"\n<p>Policiji u Zvorniku prijavljen M.B. iz \u0160eti\u0107a u Zvorniku da puca iz pi\u0161tolja u koloni svatova oki\u0107enih ratnim zastavama.<\/p>\n\n\n\n<p>&#8220;Policiji je slu\u010daj prijavljen u subotu ko 13.40 sati, a prijavitelj je navedeni doga\u0111aj snimio telefonom&#8221;, navodi se u priop\u0107enju PU Zvornik.&nbsp;<\/p>\n\n\n\n<p>Navode da su postupili po navedenoj prijavi i iza\u0161li na lice mjesta, te potvrdili navode prijave, a &nbsp;prona\u0111ene su i \u010dahure plinskog pi\u0161tolja.&nbsp;<\/p>\n\n\n\n<p>&#8220;O svemu navedenom je obavije\u0161ten de\u017eurni tu\u017eitelj Okru\u017enog javnog tu\u017eiteljstva Bijeljina, koji je nalo\u017eio poduzimanje svih potrebnih mjera i radnji u cilju utvr\u0111ivanja okolnosti navedenog doga\u0111aja, te dostavljanje izvje\u0161taja o preduzetim mjerama i radnjama&#8221;, navode iz policije.<\/p>\n\n\n\n<p>Policijska uprava Zvornik jo\u0161 jednom apelira na sve gra\u0111ane da se uzdr\u017ee od pucanja tijekom slavlja, jer upotreba oru\u017eja na javnim mjestima mo\u017ee dovesti do ugro\u017eavanja ne\u010dijeg \u017eivota ili imovine, kao i do uznemiravanja gra\u0111ana. &nbsp;<\/p>\n\n\n\n<p>Izvor:pogled.ba<\/p>\n","protected":false},"excerpt":{"rendered":"<p>Policiji u Zvorniku prijavljen M.B. iz \u0160eti\u0107a u Zvorniku da puca iz pi\u0161tolja u koloni svatova oki\u0107enih ratnim zastavama. &#8220;Policiji je slu\u010daj prijavljen u subotu ko 13.40 sati, a prijavitelj je navedeni doga\u0111aj snimio telefonom&#8221;, navodi se u priop\u0107enju PU Zvornik.&nbsp; Navode da su postupili po navedenoj prijavi i iza\u0161li na lice mjesta, te potvrdili [&hellip;]<\/p>\n","protected":false},"author":2,"featured_media":118881,"comment_status":"closed","ping_status":"closed","sticky":false,"template":"","format":"standard","meta":{"h5ap_radio_sources":[],"footnotes":""},"categories":[1],"tags":[],"class_list":["post-118880","post","type-post","status-publish","format-standard","has-post-thumbnail","hentry","category-bihiregija"],"yoast_head":"<!-- This site is optimized with the Yoast SEO plugin v27.5 - https:\/\/yoast.com\/product\/yoast-seo-wordpress\/ -->\n<title>Pucao iz pi\u0161tolja u koloni svatova oki\u0107enih ratnim zastavama - RADIO LJUBU\u0160KI<\/title>\n<meta name=\"robots\" content=\"index, follow, max-snippet:-1, max-image-preview:large, max-video-preview:-1\" \/>\n<link rel=\"canonical\" href=\"https:\/\/radioljubuski.ba\/index.php\/2022\/03\/07\/pucao-iz-pistolja-u-koloni-svatova-okicenih-ratnim-zastavama\/\" \/>\n<meta property=\"og:locale\" content=\"hr_HR\" \/>\n<meta property=\"og:type\" content=\"article\" \/>\n<meta property=\"og:title\" content=\"Pucao iz pi\u0161tolja u koloni svatova oki\u0107enih ratnim zastavama - RADIO LJUBU\u0160KI\" \/>\n<meta property=\"og:description\" content=\"Policiji u Zvorniku prijavljen M.B. iz \u0160eti\u0107a u Zvorniku da puca iz pi\u0161tolja u koloni svatova oki\u0107enih ratnim zastavama. &#8220;Policiji je slu\u010daj prijavljen u subotu ko 13.40 sati, a prijavitelj je navedeni doga\u0111aj snimio telefonom&#8221;, navodi se u priop\u0107enju PU Zvornik.&nbsp; Navode da su postupili po navedenoj prijavi i iza\u0161li na lice mjesta, te potvrdili [&hellip;]\" \/>\n<meta property=\"og:url\" content=\"https:\/\/radioljubuski.ba\/index.php\/2022\/03\/07\/pucao-iz-pistolja-u-koloni-svatova-okicenih-ratnim-zastavama\/\" \/>\n<meta property=\"og:site_name\" content=\"RADIO LJUBU\u0160KI\" \/>\n<meta property=\"article:publisher\" content=\"https:\/\/www.facebook.com\/Radiio-Ljubuski-1490835324566332\" \/>\n<meta property=\"article:published_time\" content=\"2022-03-07T12:15:51+00:00\" \/>\n<meta property=\"og:image\" content=\"https:\/\/radioljubuski.ba\/wp-content\/uploads\/2022\/03\/8-2021-09-27-12-04-06-banja-luka-policija.png\" \/>\n\t<meta property=\"og:image:width\" content=\"1000\" \/>\n\t<meta property=\"og:image:height\" content=\"625\" \/>\n\t<meta property=\"og:image:type\" content=\"image\/png\" \/>\n<meta name=\"author\" content=\"Radio Ljubu\u0161ki\" \/>\n<meta name=\"twitter:card\" content=\"summary_large_image\" \/>\n<meta name=\"twitter:creator\" content=\"@radioljubuski\" \/>\n<meta name=\"twitter:site\" content=\"@radioljubuski\" \/>\n<meta name=\"twitter:label1\" content=\"Napisao\/la\" \/>\n\t<meta name=\"twitter:data1\" content=\"Radio Ljubu\u0161ki\" \/>\n\t<meta name=\"twitter:label2\" content=\"Procijenjeno vrijeme \u010ditanja\" \/>\n\t<meta name=\"twitter:data2\" content=\"1 minuta\" \/>\n<script type=\"application\/ld+json\" class=\"yoast-schema-graph\">{\"@context\":\"https:\\\/\\\/schema.org\",\"@graph\":[{\"@type\":\"Article\",\"@id\":\"https:\\\/\\\/radioljubuski.ba\\\/index.php\\\/2022\\\/03\\\/07\\\/pucao-iz-pistolja-u-koloni-svatova-okicenih-ratnim-zastavama\\\/#article\",\"isPartOf\":{\"@id\":\"https:\\\/\\\/radioljubuski.ba\\\/index.php\\\/2022\\\/03\\\/07\\\/pucao-iz-pistolja-u-koloni-svatova-okicenih-ratnim-zastavama\\\/\"},\"author\":{\"name\":\"Radio Ljubu\u0161ki\",\"@id\":\"https:\\\/\\\/radioljubuski.ba\\\/#\\\/schema\\\/person\\\/19fc700381a780f69665d7956c469e3b\"},\"headline\":\"Pucao iz pi\u0161tolja u koloni svatova oki\u0107enih ratnim zastavama\",\"datePublished\":\"2022-03-07T12:15:51+00:00\",\"mainEntityOfPage\":{\"@id\":\"https:\\\/\\\/radioljubuski.ba\\\/index.php\\\/2022\\\/03\\\/07\\\/pucao-iz-pistolja-u-koloni-svatova-okicenih-ratnim-zastavama\\\/\"},\"wordCount\":179,\"publisher\":{\"@id\":\"https:\\\/\\\/radioljubuski.ba\\\/#organization\"},\"image\":{\"@id\":\"https:\\\/\\\/radioljubuski.ba\\\/index.php\\\/2022\\\/03\\\/07\\\/pucao-iz-pistolja-u-koloni-svatova-okicenih-ratnim-zastavama\\\/#primaryimage\"},\"thumbnailUrl\":\"https:\\\/\\\/radioljubuski.ba\\\/wp-content\\\/uploads\\\/2022\\\/03\\\/8-2021-09-27-12-04-06-banja-luka-policija.png\",\"articleSection\":[\"BIH i regija\"],\"inLanguage\":\"hr\"},{\"@type\":\"WebPage\",\"@id\":\"https:\\\/\\\/radioljubuski.ba\\\/index.php\\\/2022\\\/03\\\/07\\\/pucao-iz-pistolja-u-koloni-svatova-okicenih-ratnim-zastavama\\\/\",\"url\":\"https:\\\/\\\/radioljubuski.ba\\\/index.php\\\/2022\\\/03\\\/07\\\/pucao-iz-pistolja-u-koloni-svatova-okicenih-ratnim-zastavama\\\/\",\"name\":\"Pucao iz pi\u0161tolja u koloni svatova oki\u0107enih ratnim zastavama - RADIO LJUBU\u0160KI\",\"isPartOf\":{\"@id\":\"https:\\\/\\\/radioljubuski.ba\\\/#website\"},\"primaryImageOfPage\":{\"@id\":\"https:\\\/\\\/radioljubuski.ba\\\/index.php\\\/2022\\\/03\\\/07\\\/pucao-iz-pistolja-u-koloni-svatova-okicenih-ratnim-zastavama\\\/#primaryimage\"},\"image\":{\"@id\":\"https:\\\/\\\/radioljubuski.ba\\\/index.php\\\/2022\\\/03\\\/07\\\/pucao-iz-pistolja-u-koloni-svatova-okicenih-ratnim-zastavama\\\/#primaryimage\"},\"thumbnailUrl\":\"https:\\\/\\\/radioljubuski.ba\\\/wp-content\\\/uploads\\\/2022\\\/03\\\/8-2021-09-27-12-04-06-banja-luka-policija.png\",\"datePublished\":\"2022-03-07T12:15:51+00:00\",\"breadcrumb\":{\"@id\":\"https:\\\/\\\/radioljubuski.ba\\\/index.php\\\/2022\\\/03\\\/07\\\/pucao-iz-pistolja-u-koloni-svatova-okicenih-ratnim-zastavama\\\/#breadcrumb\"},\"inLanguage\":\"hr\",\"potentialAction\":[{\"@type\":\"ReadAction\",\"target\":[\"https:\\\/\\\/radioljubuski.ba\\\/index.php\\\/2022\\\/03\\\/07\\\/pucao-iz-pistolja-u-koloni-svatova-okicenih-ratnim-zastavama\\\/\"]}]},{\"@type\":\"ImageObject\",\"inLanguage\":\"hr\",\"@id\":\"https:\\\/\\\/radioljubuski.ba\\\/index.php\\\/2022\\\/03\\\/07\\\/pucao-iz-pistolja-u-koloni-svatova-okicenih-ratnim-zastavama\\\/#primaryimage\",\"url\":\"https:\\\/\\\/radioljubuski.ba\\\/wp-content\\\/uploads\\\/2022\\\/03\\\/8-2021-09-27-12-04-06-banja-luka-policija.png\",\"contentUrl\":\"https:\\\/\\\/radioljubuski.ba\\\/wp-content\\\/uploads\\\/2022\\\/03\\\/8-2021-09-27-12-04-06-banja-luka-policija.png\",\"width\":1000,\"height\":625},{\"@type\":\"BreadcrumbList\",\"@id\":\"https:\\\/\\\/radioljubuski.ba\\\/index.php\\\/2022\\\/03\\\/07\\\/pucao-iz-pistolja-u-koloni-svatova-okicenih-ratnim-zastavama\\\/#breadcrumb\",\"itemListElement\":[{\"@type\":\"ListItem\",\"position\":1,\"name\":\"Po\u010detna stranica\",\"item\":\"https:\\\/\\\/radioljubuski.ba\\\/\"},{\"@type\":\"ListItem\",\"position\":2,\"name\":\"Pucao iz pi\u0161tolja u koloni svatova oki\u0107enih ratnim zastavama\"}]},{\"@type\":\"WebSite\",\"@id\":\"https:\\\/\\\/radioljubuski.ba\\\/#website\",\"url\":\"https:\\\/\\\/radioljubuski.ba\\\/\",\"name\":\"Radio Ljubu\u0161ki\",\"description\":\"Sun\u010dana frekvencija Hercegovine\",\"publisher\":{\"@id\":\"https:\\\/\\\/radioljubuski.ba\\\/#organization\"},\"potentialAction\":[{\"@type\":\"SearchAction\",\"target\":{\"@type\":\"EntryPoint\",\"urlTemplate\":\"https:\\\/\\\/radioljubuski.ba\\\/?s={search_term_string}\"},\"query-input\":{\"@type\":\"PropertyValueSpecification\",\"valueRequired\":true,\"valueName\":\"search_term_string\"}}],\"inLanguage\":\"hr\"},{\"@type\":\"Organization\",\"@id\":\"https:\\\/\\\/radioljubuski.ba\\\/#organization\",\"name\":\"Radio Ljubu\u0161ki\",\"url\":\"https:\\\/\\\/radioljubuski.ba\\\/\",\"logo\":{\"@type\":\"ImageObject\",\"inLanguage\":\"hr\",\"@id\":\"https:\\\/\\\/radioljubuski.ba\\\/#\\\/schema\\\/logo\\\/image\\\/\",\"url\":\"https:\\\/\\\/radioljubuski.ba\\\/wp-content\\\/uploads\\\/2021\\\/02\\\/cropped-Radio_Ljubuski_logo1.jpg\",\"contentUrl\":\"https:\\\/\\\/radioljubuski.ba\\\/wp-content\\\/uploads\\\/2021\\\/02\\\/cropped-Radio_Ljubuski_logo1.jpg\",\"width\":512,\"height\":512,\"caption\":\"Radio Ljubu\u0161ki\"},\"image\":{\"@id\":\"https:\\\/\\\/radioljubuski.ba\\\/#\\\/schema\\\/logo\\\/image\\\/\"},\"sameAs\":[\"https:\\\/\\\/www.facebook.com\\\/Radiio-Ljubuski-1490835324566332\",\"https:\\\/\\\/x.com\\\/radioljubuski\",\"https:\\\/\\\/hr.linkedin.com\\\/company\\\/radio-ljubuski\",\"https:\\\/\\\/www.youtube.com\\\/channel\\\/UCHYaeO_n0Db3tjNGudGpXyw\"]},{\"@type\":\"Person\",\"@id\":\"https:\\\/\\\/radioljubuski.ba\\\/#\\\/schema\\\/person\\\/19fc700381a780f69665d7956c469e3b\",\"name\":\"Radio Ljubu\u0161ki\"}]}<\/script>\n<!-- \/ Yoast SEO plugin. -->","yoast_head_json":{"title":"Pucao iz pi\u0161tolja u koloni svatova oki\u0107enih ratnim zastavama - RADIO LJUBU\u0160KI","robots":{"index":"index","follow":"follow","max-snippet":"max-snippet:-1","max-image-preview":"max-image-preview:large","max-video-preview":"max-video-preview:-1"},"canonical":"https:\/\/radioljubuski.ba\/index.php\/2022\/03\/07\/pucao-iz-pistolja-u-koloni-svatova-okicenih-ratnim-zastavama\/","og_locale":"hr_HR","og_type":"article","og_title":"Pucao iz pi\u0161tolja u koloni svatova oki\u0107enih ratnim zastavama - RADIO LJUBU\u0160KI","og_description":"Policiji u Zvorniku prijavljen M.B. iz \u0160eti\u0107a u Zvorniku da puca iz pi\u0161tolja u koloni svatova oki\u0107enih ratnim zastavama. &#8220;Policiji je slu\u010daj prijavljen u subotu ko 13.40 sati, a prijavitelj je navedeni doga\u0111aj snimio telefonom&#8221;, navodi se u priop\u0107enju PU Zvornik.&nbsp; Navode da su postupili po navedenoj prijavi i iza\u0161li na lice mjesta, te potvrdili [&hellip;]","og_url":"https:\/\/radioljubuski.ba\/index.php\/2022\/03\/07\/pucao-iz-pistolja-u-koloni-svatova-okicenih-ratnim-zastavama\/","og_site_name":"RADIO LJUBU\u0160KI","article_publisher":"https:\/\/www.facebook.com\/Radiio-Ljubuski-1490835324566332","article_published_time":"2022-03-07T12:15:51+00:00","og_image":[{"width":1000,"height":625,"url":"https:\/\/radioljubuski.ba\/wp-content\/uploads\/2022\/03\/8-2021-09-27-12-04-06-banja-luka-policija.png","type":"image\/png"}],"author":"Radio Ljubu\u0161ki","twitter_card":"summary_large_image","twitter_creator":"@radioljubuski","twitter_site":"@radioljubuski","twitter_misc":{"Napisao\/la":"Radio Ljubu\u0161ki","Procijenjeno vrijeme \u010ditanja":"1 minuta"},"schema":{"@context":"https:\/\/schema.org","@graph":[{"@type":"Article","@id":"https:\/\/radioljubuski.ba\/index.php\/2022\/03\/07\/pucao-iz-pistolja-u-koloni-svatova-okicenih-ratnim-zastavama\/#article","isPartOf":{"@id":"https:\/\/radioljubuski.ba\/index.php\/2022\/03\/07\/pucao-iz-pistolja-u-koloni-svatova-okicenih-ratnim-zastavama\/"},"author":{"name":"Radio Ljubu\u0161ki","@id":"https:\/\/radioljubuski.ba\/#\/schema\/person\/19fc700381a780f69665d7956c469e3b"},"headline":"Pucao iz pi\u0161tolja u koloni svatova oki\u0107enih ratnim zastavama","datePublished":"2022-03-07T12:15:51+00:00","mainEntityOfPage":{"@id":"https:\/\/radioljubuski.ba\/index.php\/2022\/03\/07\/pucao-iz-pistolja-u-koloni-svatova-okicenih-ratnim-zastavama\/"},"wordCount":179,"publisher":{"@id":"https:\/\/radioljubuski.ba\/#organization"},"image":{"@id":"https:\/\/radioljubuski.ba\/index.php\/2022\/03\/07\/pucao-iz-pistolja-u-koloni-svatova-okicenih-ratnim-zastavama\/#primaryimage"},"thumbnailUrl":"https:\/\/radioljubuski.ba\/wp-content\/uploads\/2022\/03\/8-2021-09-27-12-04-06-banja-luka-policija.png","articleSection":["BIH i regija"],"inLanguage":"hr"},{"@type":"WebPage","@id":"https:\/\/radioljubuski.ba\/index.php\/2022\/03\/07\/pucao-iz-pistolja-u-koloni-svatova-okicenih-ratnim-zastavama\/","url":"https:\/\/radioljubuski.ba\/index.php\/2022\/03\/07\/pucao-iz-pistolja-u-koloni-svatova-okicenih-ratnim-zastavama\/","name":"Pucao iz pi\u0161tolja u koloni svatova oki\u0107enih ratnim zastavama - RADIO LJUBU\u0160KI","isPartOf":{"@id":"https:\/\/radioljubuski.ba\/#website"},"primaryImageOfPage":{"@id":"https:\/\/radioljubuski.ba\/index.php\/2022\/03\/07\/pucao-iz-pistolja-u-koloni-svatova-okicenih-ratnim-zastavama\/#primaryimage"},"image":{"@id":"https:\/\/radioljubuski.ba\/index.php\/2022\/03\/07\/pucao-iz-pistolja-u-koloni-svatova-okicenih-ratnim-zastavama\/#primaryimage"},"thumbnailUrl":"https:\/\/radioljubuski.ba\/wp-content\/uploads\/2022\/03\/8-2021-09-27-12-04-06-banja-luka-policija.png","datePublished":"2022-03-07T12:15:51+00:00","breadcrumb":{"@id":"https:\/\/radioljubuski.ba\/index.php\/2022\/03\/07\/pucao-iz-pistolja-u-koloni-svatova-okicenih-ratnim-zastavama\/#breadcrumb"},"inLanguage":"hr","potentialAction":[{"@type":"ReadAction","target":["https:\/\/radioljubuski.ba\/index.php\/2022\/03\/07\/pucao-iz-pistolja-u-koloni-svatova-okicenih-ratnim-zastavama\/"]}]},{"@type":"ImageObject","inLanguage":"hr","@id":"https:\/\/radioljubuski.ba\/index.php\/2022\/03\/07\/pucao-iz-pistolja-u-koloni-svatova-okicenih-ratnim-zastavama\/#primaryimage","url":"https:\/\/radioljubuski.ba\/wp-content\/uploads\/2022\/03\/8-2021-09-27-12-04-06-banja-luka-policija.png","contentUrl":"https:\/\/radioljubuski.ba\/wp-content\/uploads\/2022\/03\/8-2021-09-27-12-04-06-banja-luka-policija.png","width":1000,"height":625},{"@type":"BreadcrumbList","@id":"https:\/\/radioljubuski.ba\/index.php\/2022\/03\/07\/pucao-iz-pistolja-u-koloni-svatova-okicenih-ratnim-zastavama\/#breadcrumb","itemListElement":[{"@type":"ListItem","position":1,"name":"Po\u010detna stranica","item":"https:\/\/radioljubuski.ba\/"},{"@type":"ListItem","position":2,"name":"Pucao iz pi\u0161tolja u koloni svatova oki\u0107enih ratnim zastavama"}]},{"@type":"WebSite","@id":"https:\/\/radioljubuski.ba\/#website","url":"https:\/\/radioljubuski.ba\/","name":"Radio Ljubu\u0161ki","description":"Sun\u010dana frekvencija Hercegovine","publisher":{"@id":"https:\/\/radioljubuski.ba\/#organization"},"potentialAction":[{"@type":"SearchAction","target":{"@type":"EntryPoint","urlTemplate":"https:\/\/radioljubuski.ba\/?s={search_term_string}"},"query-input":{"@type":"PropertyValueSpecification","valueRequired":true,"valueName":"search_term_string"}}],"inLanguage":"hr"},{"@type":"Organization","@id":"https:\/\/radioljubuski.ba\/#organization","name":"Radio Ljubu\u0161ki","url":"https:\/\/radioljubuski.ba\/","logo":{"@type":"ImageObject","inLanguage":"hr","@id":"https:\/\/radioljubuski.ba\/#\/schema\/logo\/image\/","url":"https:\/\/radioljubuski.ba\/wp-content\/uploads\/2021\/02\/cropped-Radio_Ljubuski_logo1.jpg","contentUrl":"https:\/\/radioljubuski.ba\/wp-content\/uploads\/2021\/02\/cropped-Radio_Ljubuski_logo1.jpg","width":512,"height":512,"caption":"Radio Ljubu\u0161ki"},"image":{"@id":"https:\/\/radioljubuski.ba\/#\/schema\/logo\/image\/"},"sameAs":["https:\/\/www.facebook.com\/Radiio-Ljubuski-1490835324566332","https:\/\/x.com\/radioljubuski","https:\/\/hr.linkedin.com\/company\/radio-ljubuski","https:\/\/www.youtube.com\/channel\/UCHYaeO_n0Db3tjNGudGpXyw"]},{"@type":"Person","@id":"https:\/\/radioljubuski.ba\/#\/schema\/person\/19fc700381a780f69665d7956c469e3b","name":"Radio Ljubu\u0161ki"}]}},"_links":{"self":[{"href":"https:\/\/radioljubuski.ba\/index.php\/wp-json\/wp\/v2\/posts\/118880","targetHints":{"allow":["GET"]}}],"collection":[{"href":"https:\/\/radioljubuski.ba\/index.php\/wp-json\/wp\/v2\/posts"}],"about":[{"href":"https:\/\/radioljubuski.ba\/index.php\/wp-json\/wp\/v2\/types\/post"}],"author":[{"embeddable":true,"href":"https:\/\/radioljubuski.ba\/index.php\/wp-json\/wp\/v2\/users\/2"}],"replies":[{"embeddable":true,"href":"https:\/\/radioljubuski.ba\/index.php\/wp-json\/wp\/v2\/comments?post=118880"}],"version-history":[{"count":1,"href":"https:\/\/radioljubuski.ba\/index.php\/wp-json\/wp\/v2\/posts\/118880\/revisions"}],"predecessor-version":[{"id":118882,"href":"https:\/\/radioljubuski.ba\/index.php\/wp-json\/wp\/v2\/posts\/118880\/revisions\/118882"}],"wp:featuredmedia":[{"embeddable":true,"href":"https:\/\/radioljubuski.ba\/index.php\/wp-json\/wp\/v2\/media\/118881"}],"wp:attachment":[{"href":"https:\/\/radioljubuski.ba\/index.php\/wp-json\/wp\/v2\/media?parent=118880"}],"wp:term":[{"taxonomy":"category","embeddable":true,"href":"https:\/\/radioljubuski.ba\/index.php\/wp-json\/wp\/v2\/categories?post=118880"},{"taxonomy":"post_tag","embeddable":true,"href":"https:\/\/radioljubuski.ba\/index.php\/wp-json\/wp\/v2\/tags?post=118880"}],"curies":[{"name":"wp","href":"https:\/\/api.w.org\/{rel}","templated":true}]}}