{"id":118883,"date":"2022-03-07T13:17:23","date_gmt":"2022-03-07T12:17:23","guid":{"rendered":"https:\/\/radioljubuski.ba\/?p=118883"},"modified":"2022-03-07T13:17:24","modified_gmt":"2022-03-07T12:17:24","slug":"dvojica-razbojnika-prilikom-pljacke-povrijedili-jednu-osobu","status":"publish","type":"post","link":"https:\/\/radioljubuski.ba\/index.php\/2022\/03\/07\/dvojica-razbojnika-prilikom-pljacke-povrijedili-jednu-osobu\/","title":{"rendered":"Dvojica razbojnika prilikom plja\u010dke povrijedili jednu osobu"},"content":{"rendered":"\n<p>Policija u Banja Luci traga za dvojicom nepoznatih razbojnika koji su od o\u0161te\u0107ene osobe uzeli neutvr\u0111enu koli\u010dinu novca, dok je \u017ertva razbojni\u0161tva zadobila povrede.<\/p>\n\n\n\n<p>&#8220;Policijski slu\u017ebenici Policijske uprave Banja Luka, poduzimaju sve mjere i radnje u cilju rasvjetljavanja krivi\u010dnog djela razbojni\u0161tvo nakon \u0161to je 5. o\u017eujka oko 15.20 sati prijavljeno da su dva nepoznata mu\u0161karca, po\u010dinili razbojni\u0161tvo nad o\u0161te\u0107nom osobom, kojom prilikom je otu\u0111ena neutvr\u0111ena koli\u010dina novca&#8221;, navodi se u priop\u0107enju.&nbsp;<\/p>\n\n\n\n<p>O svemu je informiran de\u017eurni tu\u017eitelj Okru\u017enog javnog tu\u017eiteljstva Banja Luka.<\/p>\n\n\n\n<p>Izvor:pogled.ba<\/p>\n","protected":false},"excerpt":{"rendered":"<p>Policija u Banja Luci traga za dvojicom nepoznatih razbojnika koji su od o\u0161te\u0107ene osobe uzeli neutvr\u0111enu koli\u010dinu novca, dok je \u017ertva razbojni\u0161tva zadobila povrede. &#8220;Policijski slu\u017ebenici Policijske uprave Banja Luka, poduzimaju sve mjere i radnje u cilju rasvjetljavanja krivi\u010dnog djela razbojni\u0161tvo nakon \u0161to je 5. o\u017eujka oko 15.20 sati prijavljeno da su dva nepoznata mu\u0161karca, [&hellip;]<\/p>\n","protected":false},"author":2,"featured_media":1324,"comment_status":"closed","ping_status":"closed","sticky":false,"template":"","format":"standard","meta":{"h5ap_radio_sources":[],"footnotes":""},"categories":[1],"tags":[],"class_list":["post-118883","post","type-post","status-publish","format-standard","has-post-thumbnail","hentry","category-bihiregija"],"yoast_head":"<!-- This site is optimized with the Yoast SEO plugin v27.5 - https:\/\/yoast.com\/product\/yoast-seo-wordpress\/ -->\n<title>Dvojica razbojnika prilikom plja\u010dke povrijedili jednu osobu - RADIO LJUBU\u0160KI<\/title>\n<meta name=\"robots\" content=\"index, follow, max-snippet:-1, max-image-preview:large, max-video-preview:-1\" \/>\n<link rel=\"canonical\" href=\"https:\/\/radioljubuski.ba\/index.php\/2022\/03\/07\/dvojica-razbojnika-prilikom-pljacke-povrijedili-jednu-osobu\/\" \/>\n<meta property=\"og:locale\" content=\"hr_HR\" \/>\n<meta property=\"og:type\" content=\"article\" \/>\n<meta property=\"og:title\" content=\"Dvojica razbojnika prilikom plja\u010dke povrijedili jednu osobu - RADIO LJUBU\u0160KI\" \/>\n<meta property=\"og:description\" content=\"Policija u Banja Luci traga za dvojicom nepoznatih razbojnika koji su od o\u0161te\u0107ene osobe uzeli neutvr\u0111enu koli\u010dinu novca, dok je \u017ertva razbojni\u0161tva zadobila povrede. &#8220;Policijski slu\u017ebenici Policijske uprave Banja Luka, poduzimaju sve mjere i radnje u cilju rasvjetljavanja krivi\u010dnog djela razbojni\u0161tvo nakon \u0161to je 5. o\u017eujka oko 15.20 sati prijavljeno da su dva nepoznata mu\u0161karca, [&hellip;]\" \/>\n<meta property=\"og:url\" content=\"https:\/\/radioljubuski.ba\/index.php\/2022\/03\/07\/dvojica-razbojnika-prilikom-pljacke-povrijedili-jednu-osobu\/\" \/>\n<meta property=\"og:site_name\" content=\"RADIO LJUBU\u0160KI\" \/>\n<meta property=\"article:publisher\" content=\"https:\/\/www.facebook.com\/Radiio-Ljubuski-1490835324566332\" \/>\n<meta property=\"article:published_time\" content=\"2022-03-07T12:17:23+00:00\" \/>\n<meta property=\"article:modified_time\" content=\"2022-03-07T12:17:24+00:00\" \/>\n<meta property=\"og:image\" content=\"https:\/\/radioljubuski.ba\/wp-content\/uploads\/2021\/03\/pljackas.jpg\" \/>\n\t<meta property=\"og:image:width\" content=\"810\" \/>\n\t<meta property=\"og:image:height\" content=\"530\" \/>\n\t<meta property=\"og:image:type\" content=\"image\/jpeg\" \/>\n<meta name=\"author\" content=\"Radio Ljubu\u0161ki\" \/>\n<meta name=\"twitter:card\" content=\"summary_large_image\" \/>\n<meta name=\"twitter:creator\" content=\"@radioljubuski\" \/>\n<meta name=\"twitter:site\" content=\"@radioljubuski\" \/>\n<meta name=\"twitter:label1\" content=\"Napisao\/la\" \/>\n\t<meta name=\"twitter:data1\" content=\"Radio Ljubu\u0161ki\" \/>\n\t<meta name=\"twitter:label2\" content=\"Procijenjeno vrijeme \u010ditanja\" \/>\n\t<meta name=\"twitter:data2\" content=\"1 minuta\" \/>\n<script type=\"application\/ld+json\" class=\"yoast-schema-graph\">{\"@context\":\"https:\\\/\\\/schema.org\",\"@graph\":[{\"@type\":\"Article\",\"@id\":\"https:\\\/\\\/radioljubuski.ba\\\/index.php\\\/2022\\\/03\\\/07\\\/dvojica-razbojnika-prilikom-pljacke-povrijedili-jednu-osobu\\\/#article\",\"isPartOf\":{\"@id\":\"https:\\\/\\\/radioljubuski.ba\\\/index.php\\\/2022\\\/03\\\/07\\\/dvojica-razbojnika-prilikom-pljacke-povrijedili-jednu-osobu\\\/\"},\"author\":{\"name\":\"Radio Ljubu\u0161ki\",\"@id\":\"https:\\\/\\\/radioljubuski.ba\\\/#\\\/schema\\\/person\\\/19fc700381a780f69665d7956c469e3b\"},\"headline\":\"Dvojica razbojnika prilikom plja\u010dke povrijedili jednu osobu\",\"datePublished\":\"2022-03-07T12:17:23+00:00\",\"dateModified\":\"2022-03-07T12:17:24+00:00\",\"mainEntityOfPage\":{\"@id\":\"https:\\\/\\\/radioljubuski.ba\\\/index.php\\\/2022\\\/03\\\/07\\\/dvojica-razbojnika-prilikom-pljacke-povrijedili-jednu-osobu\\\/\"},\"wordCount\":114,\"publisher\":{\"@id\":\"https:\\\/\\\/radioljubuski.ba\\\/#organization\"},\"image\":{\"@id\":\"https:\\\/\\\/radioljubuski.ba\\\/index.php\\\/2022\\\/03\\\/07\\\/dvojica-razbojnika-prilikom-pljacke-povrijedili-jednu-osobu\\\/#primaryimage\"},\"thumbnailUrl\":\"https:\\\/\\\/radioljubuski.ba\\\/wp-content\\\/uploads\\\/2021\\\/03\\\/pljackas.jpg\",\"articleSection\":[\"BIH i regija\"],\"inLanguage\":\"hr\"},{\"@type\":\"WebPage\",\"@id\":\"https:\\\/\\\/radioljubuski.ba\\\/index.php\\\/2022\\\/03\\\/07\\\/dvojica-razbojnika-prilikom-pljacke-povrijedili-jednu-osobu\\\/\",\"url\":\"https:\\\/\\\/radioljubuski.ba\\\/index.php\\\/2022\\\/03\\\/07\\\/dvojica-razbojnika-prilikom-pljacke-povrijedili-jednu-osobu\\\/\",\"name\":\"Dvojica razbojnika prilikom plja\u010dke povrijedili jednu osobu - RADIO LJUBU\u0160KI\",\"isPartOf\":{\"@id\":\"https:\\\/\\\/radioljubuski.ba\\\/#website\"},\"primaryImageOfPage\":{\"@id\":\"https:\\\/\\\/radioljubuski.ba\\\/index.php\\\/2022\\\/03\\\/07\\\/dvojica-razbojnika-prilikom-pljacke-povrijedili-jednu-osobu\\\/#primaryimage\"},\"image\":{\"@id\":\"https:\\\/\\\/radioljubuski.ba\\\/index.php\\\/2022\\\/03\\\/07\\\/dvojica-razbojnika-prilikom-pljacke-povrijedili-jednu-osobu\\\/#primaryimage\"},\"thumbnailUrl\":\"https:\\\/\\\/radioljubuski.ba\\\/wp-content\\\/uploads\\\/2021\\\/03\\\/pljackas.jpg\",\"datePublished\":\"2022-03-07T12:17:23+00:00\",\"dateModified\":\"2022-03-07T12:17:24+00:00\",\"breadcrumb\":{\"@id\":\"https:\\\/\\\/radioljubuski.ba\\\/index.php\\\/2022\\\/03\\\/07\\\/dvojica-razbojnika-prilikom-pljacke-povrijedili-jednu-osobu\\\/#breadcrumb\"},\"inLanguage\":\"hr\",\"potentialAction\":[{\"@type\":\"ReadAction\",\"target\":[\"https:\\\/\\\/radioljubuski.ba\\\/index.php\\\/2022\\\/03\\\/07\\\/dvojica-razbojnika-prilikom-pljacke-povrijedili-jednu-osobu\\\/\"]}]},{\"@type\":\"ImageObject\",\"inLanguage\":\"hr\",\"@id\":\"https:\\\/\\\/radioljubuski.ba\\\/index.php\\\/2022\\\/03\\\/07\\\/dvojica-razbojnika-prilikom-pljacke-povrijedili-jednu-osobu\\\/#primaryimage\",\"url\":\"https:\\\/\\\/radioljubuski.ba\\\/wp-content\\\/uploads\\\/2021\\\/03\\\/pljackas.jpg\",\"contentUrl\":\"https:\\\/\\\/radioljubuski.ba\\\/wp-content\\\/uploads\\\/2021\\\/03\\\/pljackas.jpg\",\"width\":810,\"height\":530},{\"@type\":\"BreadcrumbList\",\"@id\":\"https:\\\/\\\/radioljubuski.ba\\\/index.php\\\/2022\\\/03\\\/07\\\/dvojica-razbojnika-prilikom-pljacke-povrijedili-jednu-osobu\\\/#breadcrumb\",\"itemListElement\":[{\"@type\":\"ListItem\",\"position\":1,\"name\":\"Po\u010detna stranica\",\"item\":\"https:\\\/\\\/radioljubuski.ba\\\/\"},{\"@type\":\"ListItem\",\"position\":2,\"name\":\"Dvojica razbojnika prilikom plja\u010dke povrijedili jednu osobu\"}]},{\"@type\":\"WebSite\",\"@id\":\"https:\\\/\\\/radioljubuski.ba\\\/#website\",\"url\":\"https:\\\/\\\/radioljubuski.ba\\\/\",\"name\":\"Radio Ljubu\u0161ki\",\"description\":\"Sun\u010dana frekvencija Hercegovine\",\"publisher\":{\"@id\":\"https:\\\/\\\/radioljubuski.ba\\\/#organization\"},\"potentialAction\":[{\"@type\":\"SearchAction\",\"target\":{\"@type\":\"EntryPoint\",\"urlTemplate\":\"https:\\\/\\\/radioljubuski.ba\\\/?s={search_term_string}\"},\"query-input\":{\"@type\":\"PropertyValueSpecification\",\"valueRequired\":true,\"valueName\":\"search_term_string\"}}],\"inLanguage\":\"hr\"},{\"@type\":\"Organization\",\"@id\":\"https:\\\/\\\/radioljubuski.ba\\\/#organization\",\"name\":\"Radio Ljubu\u0161ki\",\"url\":\"https:\\\/\\\/radioljubuski.ba\\\/\",\"logo\":{\"@type\":\"ImageObject\",\"inLanguage\":\"hr\",\"@id\":\"https:\\\/\\\/radioljubuski.ba\\\/#\\\/schema\\\/logo\\\/image\\\/\",\"url\":\"https:\\\/\\\/radioljubuski.ba\\\/wp-content\\\/uploads\\\/2021\\\/02\\\/cropped-Radio_Ljubuski_logo1.jpg\",\"contentUrl\":\"https:\\\/\\\/radioljubuski.ba\\\/wp-content\\\/uploads\\\/2021\\\/02\\\/cropped-Radio_Ljubuski_logo1.jpg\",\"width\":512,\"height\":512,\"caption\":\"Radio Ljubu\u0161ki\"},\"image\":{\"@id\":\"https:\\\/\\\/radioljubuski.ba\\\/#\\\/schema\\\/logo\\\/image\\\/\"},\"sameAs\":[\"https:\\\/\\\/www.facebook.com\\\/Radiio-Ljubuski-1490835324566332\",\"https:\\\/\\\/x.com\\\/radioljubuski\",\"https:\\\/\\\/hr.linkedin.com\\\/company\\\/radio-ljubuski\",\"https:\\\/\\\/www.youtube.com\\\/channel\\\/UCHYaeO_n0Db3tjNGudGpXyw\"]},{\"@type\":\"Person\",\"@id\":\"https:\\\/\\\/radioljubuski.ba\\\/#\\\/schema\\\/person\\\/19fc700381a780f69665d7956c469e3b\",\"name\":\"Radio Ljubu\u0161ki\"}]}<\/script>\n<!-- \/ Yoast SEO plugin. -->","yoast_head_json":{"title":"Dvojica razbojnika prilikom plja\u010dke povrijedili jednu osobu - RADIO LJUBU\u0160KI","robots":{"index":"index","follow":"follow","max-snippet":"max-snippet:-1","max-image-preview":"max-image-preview:large","max-video-preview":"max-video-preview:-1"},"canonical":"https:\/\/radioljubuski.ba\/index.php\/2022\/03\/07\/dvojica-razbojnika-prilikom-pljacke-povrijedili-jednu-osobu\/","og_locale":"hr_HR","og_type":"article","og_title":"Dvojica razbojnika prilikom plja\u010dke povrijedili jednu osobu - RADIO LJUBU\u0160KI","og_description":"Policija u Banja Luci traga za dvojicom nepoznatih razbojnika koji su od o\u0161te\u0107ene osobe uzeli neutvr\u0111enu koli\u010dinu novca, dok je \u017ertva razbojni\u0161tva zadobila povrede. &#8220;Policijski slu\u017ebenici Policijske uprave Banja Luka, poduzimaju sve mjere i radnje u cilju rasvjetljavanja krivi\u010dnog djela razbojni\u0161tvo nakon \u0161to je 5. o\u017eujka oko 15.20 sati prijavljeno da su dva nepoznata mu\u0161karca, [&hellip;]","og_url":"https:\/\/radioljubuski.ba\/index.php\/2022\/03\/07\/dvojica-razbojnika-prilikom-pljacke-povrijedili-jednu-osobu\/","og_site_name":"RADIO LJUBU\u0160KI","article_publisher":"https:\/\/www.facebook.com\/Radiio-Ljubuski-1490835324566332","article_published_time":"2022-03-07T12:17:23+00:00","article_modified_time":"2022-03-07T12:17:24+00:00","og_image":[{"width":810,"height":530,"url":"https:\/\/radioljubuski.ba\/wp-content\/uploads\/2021\/03\/pljackas.jpg","type":"image\/jpeg"}],"author":"Radio Ljubu\u0161ki","twitter_card":"summary_large_image","twitter_creator":"@radioljubuski","twitter_site":"@radioljubuski","twitter_misc":{"Napisao\/la":"Radio Ljubu\u0161ki","Procijenjeno vrijeme \u010ditanja":"1 minuta"},"schema":{"@context":"https:\/\/schema.org","@graph":[{"@type":"Article","@id":"https:\/\/radioljubuski.ba\/index.php\/2022\/03\/07\/dvojica-razbojnika-prilikom-pljacke-povrijedili-jednu-osobu\/#article","isPartOf":{"@id":"https:\/\/radioljubuski.ba\/index.php\/2022\/03\/07\/dvojica-razbojnika-prilikom-pljacke-povrijedili-jednu-osobu\/"},"author":{"name":"Radio Ljubu\u0161ki","@id":"https:\/\/radioljubuski.ba\/#\/schema\/person\/19fc700381a780f69665d7956c469e3b"},"headline":"Dvojica razbojnika prilikom plja\u010dke povrijedili jednu osobu","datePublished":"2022-03-07T12:17:23+00:00","dateModified":"2022-03-07T12:17:24+00:00","mainEntityOfPage":{"@id":"https:\/\/radioljubuski.ba\/index.php\/2022\/03\/07\/dvojica-razbojnika-prilikom-pljacke-povrijedili-jednu-osobu\/"},"wordCount":114,"publisher":{"@id":"https:\/\/radioljubuski.ba\/#organization"},"image":{"@id":"https:\/\/radioljubuski.ba\/index.php\/2022\/03\/07\/dvojica-razbojnika-prilikom-pljacke-povrijedili-jednu-osobu\/#primaryimage"},"thumbnailUrl":"https:\/\/radioljubuski.ba\/wp-content\/uploads\/2021\/03\/pljackas.jpg","articleSection":["BIH i regija"],"inLanguage":"hr"},{"@type":"WebPage","@id":"https:\/\/radioljubuski.ba\/index.php\/2022\/03\/07\/dvojica-razbojnika-prilikom-pljacke-povrijedili-jednu-osobu\/","url":"https:\/\/radioljubuski.ba\/index.php\/2022\/03\/07\/dvojica-razbojnika-prilikom-pljacke-povrijedili-jednu-osobu\/","name":"Dvojica razbojnika prilikom plja\u010dke povrijedili jednu osobu - RADIO LJUBU\u0160KI","isPartOf":{"@id":"https:\/\/radioljubuski.ba\/#website"},"primaryImageOfPage":{"@id":"https:\/\/radioljubuski.ba\/index.php\/2022\/03\/07\/dvojica-razbojnika-prilikom-pljacke-povrijedili-jednu-osobu\/#primaryimage"},"image":{"@id":"https:\/\/radioljubuski.ba\/index.php\/2022\/03\/07\/dvojica-razbojnika-prilikom-pljacke-povrijedili-jednu-osobu\/#primaryimage"},"thumbnailUrl":"https:\/\/radioljubuski.ba\/wp-content\/uploads\/2021\/03\/pljackas.jpg","datePublished":"2022-03-07T12:17:23+00:00","dateModified":"2022-03-07T12:17:24+00:00","breadcrumb":{"@id":"https:\/\/radioljubuski.ba\/index.php\/2022\/03\/07\/dvojica-razbojnika-prilikom-pljacke-povrijedili-jednu-osobu\/#breadcrumb"},"inLanguage":"hr","potentialAction":[{"@type":"ReadAction","target":["https:\/\/radioljubuski.ba\/index.php\/2022\/03\/07\/dvojica-razbojnika-prilikom-pljacke-povrijedili-jednu-osobu\/"]}]},{"@type":"ImageObject","inLanguage":"hr","@id":"https:\/\/radioljubuski.ba\/index.php\/2022\/03\/07\/dvojica-razbojnika-prilikom-pljacke-povrijedili-jednu-osobu\/#primaryimage","url":"https:\/\/radioljubuski.ba\/wp-content\/uploads\/2021\/03\/pljackas.jpg","contentUrl":"https:\/\/radioljubuski.ba\/wp-content\/uploads\/2021\/03\/pljackas.jpg","width":810,"height":530},{"@type":"BreadcrumbList","@id":"https:\/\/radioljubuski.ba\/index.php\/2022\/03\/07\/dvojica-razbojnika-prilikom-pljacke-povrijedili-jednu-osobu\/#breadcrumb","itemListElement":[{"@type":"ListItem","position":1,"name":"Po\u010detna stranica","item":"https:\/\/radioljubuski.ba\/"},{"@type":"ListItem","position":2,"name":"Dvojica razbojnika prilikom plja\u010dke povrijedili jednu osobu"}]},{"@type":"WebSite","@id":"https:\/\/radioljubuski.ba\/#website","url":"https:\/\/radioljubuski.ba\/","name":"Radio Ljubu\u0161ki","description":"Sun\u010dana frekvencija Hercegovine","publisher":{"@id":"https:\/\/radioljubuski.ba\/#organization"},"potentialAction":[{"@type":"SearchAction","target":{"@type":"EntryPoint","urlTemplate":"https:\/\/radioljubuski.ba\/?s={search_term_string}"},"query-input":{"@type":"PropertyValueSpecification","valueRequired":true,"valueName":"search_term_string"}}],"inLanguage":"hr"},{"@type":"Organization","@id":"https:\/\/radioljubuski.ba\/#organization","name":"Radio Ljubu\u0161ki","url":"https:\/\/radioljubuski.ba\/","logo":{"@type":"ImageObject","inLanguage":"hr","@id":"https:\/\/radioljubuski.ba\/#\/schema\/logo\/image\/","url":"https:\/\/radioljubuski.ba\/wp-content\/uploads\/2021\/02\/cropped-Radio_Ljubuski_logo1.jpg","contentUrl":"https:\/\/radioljubuski.ba\/wp-content\/uploads\/2021\/02\/cropped-Radio_Ljubuski_logo1.jpg","width":512,"height":512,"caption":"Radio Ljubu\u0161ki"},"image":{"@id":"https:\/\/radioljubuski.ba\/#\/schema\/logo\/image\/"},"sameAs":["https:\/\/www.facebook.com\/Radiio-Ljubuski-1490835324566332","https:\/\/x.com\/radioljubuski","https:\/\/hr.linkedin.com\/company\/radio-ljubuski","https:\/\/www.youtube.com\/channel\/UCHYaeO_n0Db3tjNGudGpXyw"]},{"@type":"Person","@id":"https:\/\/radioljubuski.ba\/#\/schema\/person\/19fc700381a780f69665d7956c469e3b","name":"Radio Ljubu\u0161ki"}]}},"_links":{"self":[{"href":"https:\/\/radioljubuski.ba\/index.php\/wp-json\/wp\/v2\/posts\/118883","targetHints":{"allow":["GET"]}}],"collection":[{"href":"https:\/\/radioljubuski.ba\/index.php\/wp-json\/wp\/v2\/posts"}],"about":[{"href":"https:\/\/radioljubuski.ba\/index.php\/wp-json\/wp\/v2\/types\/post"}],"author":[{"embeddable":true,"href":"https:\/\/radioljubuski.ba\/index.php\/wp-json\/wp\/v2\/users\/2"}],"replies":[{"embeddable":true,"href":"https:\/\/radioljubuski.ba\/index.php\/wp-json\/wp\/v2\/comments?post=118883"}],"version-history":[{"count":1,"href":"https:\/\/radioljubuski.ba\/index.php\/wp-json\/wp\/v2\/posts\/118883\/revisions"}],"predecessor-version":[{"id":118884,"href":"https:\/\/radioljubuski.ba\/index.php\/wp-json\/wp\/v2\/posts\/118883\/revisions\/118884"}],"wp:featuredmedia":[{"embeddable":true,"href":"https:\/\/radioljubuski.ba\/index.php\/wp-json\/wp\/v2\/media\/1324"}],"wp:attachment":[{"href":"https:\/\/radioljubuski.ba\/index.php\/wp-json\/wp\/v2\/media?parent=118883"}],"wp:term":[{"taxonomy":"category","embeddable":true,"href":"https:\/\/radioljubuski.ba\/index.php\/wp-json\/wp\/v2\/categories?post=118883"},{"taxonomy":"post_tag","embeddable":true,"href":"https:\/\/radioljubuski.ba\/index.php\/wp-json\/wp\/v2\/tags?post=118883"}],"curies":[{"name":"wp","href":"https:\/\/api.w.org\/{rel}","templated":true}]}}