{"id":118885,"date":"2022-03-07T13:18:38","date_gmt":"2022-03-07T12:18:38","guid":{"rendered":"https:\/\/radioljubuski.ba\/?p=118885"},"modified":"2022-03-07T13:18:39","modified_gmt":"2022-03-07T12:18:39","slug":"ministru-ukrali-torbicu-u-kojoj-su-mu-bili-dokumenti-i-20-000-eura","status":"publish","type":"post","link":"https:\/\/radioljubuski.ba\/index.php\/2022\/03\/07\/ministru-ukrali-torbicu-u-kojoj-su-mu-bili-dokumenti-i-20-000-eura\/","title":{"rendered":"Ministru ukrali torbicu u kojoj su mu bili dokumenti i 20 000 eura"},"content":{"rendered":"\n<p>Vojin Mitrovi\u0107, ministar komunikacija i transporta BiH, izgubio je u \u010detvrtak u Banja Luci torbicu sa osobnim dokumentima, platnim karticama i 20.000 eura, pi\u0161e portal Insajder.in.<\/p>\n\n\n\n<p>Mitrovi\u0107 je kratko za &#8220;Nezavisne novine&#8221; rekao da je na sastanku i da je &#8220;nebitno sve&#8221;.&nbsp;<\/p>\n\n\n\n<p>Insajder pi\u0161e da im je potvrdio da je torbicu sa novcem i osobnim dokumentima zaboravio u jednom banjalu\u010dkom ugostiteljskom objektu.<\/p>\n\n\n\n<p>&#8220;Trebao sam da i\u0107i za Beograd da dam kaparu za stan i iz tog razloga sam kod sebe imao 20.000 eura, ina\u010de nikada uza se ne nosim previ\u0161e novca, a kamoli toliko. Imao sam i veliku torbu i dao sam je voza\u010du, a mala torbica u kojoj je bio taj novac, moji i suprugini dokumenti, diplomatska putovnica i sve platne kartice ostala je na stolu&#8221;, naveo je Mitrovi\u0107 za spomenuti portal.<\/p>\n\n\n\n<p>Kako je dodao, obi\u010dno pla\u0107a karticom, ali je ovaj put izvadio novac iz d\u017eepa i platio, a torbica je ostala.&nbsp;<\/p>\n\n\n\n<p>&#8220;Tek kasnije kada smo ve\u0107 bili u automobilu primijetio sam da nema torbice i odmah smo se vratili, ali torbice nije bilo. Prijavio sam sve policiji, oni su valjda pregledali nadzorne kamere, ali nisam dobio informacije jesu li na kamerama vidjeli \u0161to se dogodilo sa torbicom. \u0160to da radim, dogodilo se to \u0161to se dogodilo, nadam se da \u0107e policija prona\u0107i lopova, ali da sam optimista &#8211; nisam&#8221;, rekao je Mitrovi\u0107.<\/p>\n\n\n\n<p>Iz policije su potvrdili da imaju zaprimljenu prijavu po kojoj se postupa.<\/p>\n\n\n\n<p>Izvor:nezavisne.com<\/p>\n","protected":false},"excerpt":{"rendered":"<p>Vojin Mitrovi\u0107, ministar komunikacija i transporta BiH, izgubio je u \u010detvrtak u Banja Luci torbicu sa osobnim dokumentima, platnim karticama i 20.000 eura, pi\u0161e portal Insajder.in. Mitrovi\u0107 je kratko za &#8220;Nezavisne novine&#8221; rekao da je na sastanku i da je &#8220;nebitno sve&#8221;.&nbsp; Insajder pi\u0161e da im je potvrdio da je torbicu sa novcem i osobnim [&hellip;]<\/p>\n","protected":false},"author":2,"featured_media":118887,"comment_status":"closed","ping_status":"closed","sticky":false,"template":"","format":"standard","meta":{"h5ap_radio_sources":[],"footnotes":""},"categories":[1],"tags":[],"class_list":["post-118885","post","type-post","status-publish","format-standard","has-post-thumbnail","hentry","category-bihiregija"],"yoast_head":"<!-- This site is optimized with the Yoast SEO plugin v27.5 - https:\/\/yoast.com\/product\/yoast-seo-wordpress\/ -->\n<title>Ministru ukrali torbicu u kojoj su mu bili dokumenti i 20 000 eura - RADIO LJUBU\u0160KI<\/title>\n<meta name=\"robots\" content=\"index, follow, max-snippet:-1, max-image-preview:large, max-video-preview:-1\" \/>\n<link rel=\"canonical\" href=\"https:\/\/radioljubuski.ba\/index.php\/2022\/03\/07\/ministru-ukrali-torbicu-u-kojoj-su-mu-bili-dokumenti-i-20-000-eura\/\" \/>\n<meta property=\"og:locale\" content=\"hr_HR\" \/>\n<meta property=\"og:type\" content=\"article\" \/>\n<meta property=\"og:title\" content=\"Ministru ukrali torbicu u kojoj su mu bili dokumenti i 20 000 eura - RADIO LJUBU\u0160KI\" \/>\n<meta property=\"og:description\" content=\"Vojin Mitrovi\u0107, ministar komunikacija i transporta BiH, izgubio je u \u010detvrtak u Banja Luci torbicu sa osobnim dokumentima, platnim karticama i 20.000 eura, pi\u0161e portal Insajder.in. Mitrovi\u0107 je kratko za &#8220;Nezavisne novine&#8221; rekao da je na sastanku i da je &#8220;nebitno sve&#8221;.&nbsp; Insajder pi\u0161e da im je potvrdio da je torbicu sa novcem i osobnim [&hellip;]\" \/>\n<meta property=\"og:url\" content=\"https:\/\/radioljubuski.ba\/index.php\/2022\/03\/07\/ministru-ukrali-torbicu-u-kojoj-su-mu-bili-dokumenti-i-20-000-eura\/\" \/>\n<meta property=\"og:site_name\" content=\"RADIO LJUBU\u0160KI\" \/>\n<meta property=\"article:publisher\" content=\"https:\/\/www.facebook.com\/Radiio-Ljubuski-1490835324566332\" \/>\n<meta property=\"article:published_time\" content=\"2022-03-07T12:18:38+00:00\" \/>\n<meta property=\"article:modified_time\" content=\"2022-03-07T12:18:39+00:00\" \/>\n<meta property=\"og:image\" content=\"https:\/\/radioljubuski.ba\/wp-content\/uploads\/2022\/03\/2-2022-03-07-11-23-07-Bez-itrovic.jpg\" \/>\n\t<meta property=\"og:image:width\" content=\"1000\" \/>\n\t<meta property=\"og:image:height\" content=\"625\" \/>\n\t<meta property=\"og:image:type\" content=\"image\/jpeg\" \/>\n<meta name=\"author\" content=\"Radio Ljubu\u0161ki\" \/>\n<meta name=\"twitter:card\" content=\"summary_large_image\" \/>\n<meta name=\"twitter:creator\" content=\"@radioljubuski\" \/>\n<meta name=\"twitter:site\" content=\"@radioljubuski\" \/>\n<meta name=\"twitter:label1\" content=\"Napisao\/la\" \/>\n\t<meta name=\"twitter:data1\" content=\"Radio Ljubu\u0161ki\" \/>\n\t<meta name=\"twitter:label2\" content=\"Procijenjeno vrijeme \u010ditanja\" \/>\n\t<meta name=\"twitter:data2\" content=\"2 minute\" \/>\n<script type=\"application\/ld+json\" class=\"yoast-schema-graph\">{\"@context\":\"https:\\\/\\\/schema.org\",\"@graph\":[{\"@type\":\"Article\",\"@id\":\"https:\\\/\\\/radioljubuski.ba\\\/index.php\\\/2022\\\/03\\\/07\\\/ministru-ukrali-torbicu-u-kojoj-su-mu-bili-dokumenti-i-20-000-eura\\\/#article\",\"isPartOf\":{\"@id\":\"https:\\\/\\\/radioljubuski.ba\\\/index.php\\\/2022\\\/03\\\/07\\\/ministru-ukrali-torbicu-u-kojoj-su-mu-bili-dokumenti-i-20-000-eura\\\/\"},\"author\":{\"name\":\"Radio Ljubu\u0161ki\",\"@id\":\"https:\\\/\\\/radioljubuski.ba\\\/#\\\/schema\\\/person\\\/19fc700381a780f69665d7956c469e3b\"},\"headline\":\"Ministru ukrali torbicu u kojoj su mu bili dokumenti i 20 000 eura\",\"datePublished\":\"2022-03-07T12:18:38+00:00\",\"dateModified\":\"2022-03-07T12:18:39+00:00\",\"mainEntityOfPage\":{\"@id\":\"https:\\\/\\\/radioljubuski.ba\\\/index.php\\\/2022\\\/03\\\/07\\\/ministru-ukrali-torbicu-u-kojoj-su-mu-bili-dokumenti-i-20-000-eura\\\/\"},\"wordCount\":262,\"publisher\":{\"@id\":\"https:\\\/\\\/radioljubuski.ba\\\/#organization\"},\"image\":{\"@id\":\"https:\\\/\\\/radioljubuski.ba\\\/index.php\\\/2022\\\/03\\\/07\\\/ministru-ukrali-torbicu-u-kojoj-su-mu-bili-dokumenti-i-20-000-eura\\\/#primaryimage\"},\"thumbnailUrl\":\"https:\\\/\\\/radioljubuski.ba\\\/wp-content\\\/uploads\\\/2022\\\/03\\\/2-2022-03-07-11-23-07-Bez-itrovic.jpg\",\"articleSection\":[\"BIH i regija\"],\"inLanguage\":\"hr\"},{\"@type\":\"WebPage\",\"@id\":\"https:\\\/\\\/radioljubuski.ba\\\/index.php\\\/2022\\\/03\\\/07\\\/ministru-ukrali-torbicu-u-kojoj-su-mu-bili-dokumenti-i-20-000-eura\\\/\",\"url\":\"https:\\\/\\\/radioljubuski.ba\\\/index.php\\\/2022\\\/03\\\/07\\\/ministru-ukrali-torbicu-u-kojoj-su-mu-bili-dokumenti-i-20-000-eura\\\/\",\"name\":\"Ministru ukrali torbicu u kojoj su mu bili dokumenti i 20 000 eura - RADIO LJUBU\u0160KI\",\"isPartOf\":{\"@id\":\"https:\\\/\\\/radioljubuski.ba\\\/#website\"},\"primaryImageOfPage\":{\"@id\":\"https:\\\/\\\/radioljubuski.ba\\\/index.php\\\/2022\\\/03\\\/07\\\/ministru-ukrali-torbicu-u-kojoj-su-mu-bili-dokumenti-i-20-000-eura\\\/#primaryimage\"},\"image\":{\"@id\":\"https:\\\/\\\/radioljubuski.ba\\\/index.php\\\/2022\\\/03\\\/07\\\/ministru-ukrali-torbicu-u-kojoj-su-mu-bili-dokumenti-i-20-000-eura\\\/#primaryimage\"},\"thumbnailUrl\":\"https:\\\/\\\/radioljubuski.ba\\\/wp-content\\\/uploads\\\/2022\\\/03\\\/2-2022-03-07-11-23-07-Bez-itrovic.jpg\",\"datePublished\":\"2022-03-07T12:18:38+00:00\",\"dateModified\":\"2022-03-07T12:18:39+00:00\",\"breadcrumb\":{\"@id\":\"https:\\\/\\\/radioljubuski.ba\\\/index.php\\\/2022\\\/03\\\/07\\\/ministru-ukrali-torbicu-u-kojoj-su-mu-bili-dokumenti-i-20-000-eura\\\/#breadcrumb\"},\"inLanguage\":\"hr\",\"potentialAction\":[{\"@type\":\"ReadAction\",\"target\":[\"https:\\\/\\\/radioljubuski.ba\\\/index.php\\\/2022\\\/03\\\/07\\\/ministru-ukrali-torbicu-u-kojoj-su-mu-bili-dokumenti-i-20-000-eura\\\/\"]}]},{\"@type\":\"ImageObject\",\"inLanguage\":\"hr\",\"@id\":\"https:\\\/\\\/radioljubuski.ba\\\/index.php\\\/2022\\\/03\\\/07\\\/ministru-ukrali-torbicu-u-kojoj-su-mu-bili-dokumenti-i-20-000-eura\\\/#primaryimage\",\"url\":\"https:\\\/\\\/radioljubuski.ba\\\/wp-content\\\/uploads\\\/2022\\\/03\\\/2-2022-03-07-11-23-07-Bez-itrovic.jpg\",\"contentUrl\":\"https:\\\/\\\/radioljubuski.ba\\\/wp-content\\\/uploads\\\/2022\\\/03\\\/2-2022-03-07-11-23-07-Bez-itrovic.jpg\",\"width\":1000,\"height\":625},{\"@type\":\"BreadcrumbList\",\"@id\":\"https:\\\/\\\/radioljubuski.ba\\\/index.php\\\/2022\\\/03\\\/07\\\/ministru-ukrali-torbicu-u-kojoj-su-mu-bili-dokumenti-i-20-000-eura\\\/#breadcrumb\",\"itemListElement\":[{\"@type\":\"ListItem\",\"position\":1,\"name\":\"Po\u010detna stranica\",\"item\":\"https:\\\/\\\/radioljubuski.ba\\\/\"},{\"@type\":\"ListItem\",\"position\":2,\"name\":\"Ministru ukrali torbicu u kojoj su mu bili dokumenti i 20 000 eura\"}]},{\"@type\":\"WebSite\",\"@id\":\"https:\\\/\\\/radioljubuski.ba\\\/#website\",\"url\":\"https:\\\/\\\/radioljubuski.ba\\\/\",\"name\":\"Radio Ljubu\u0161ki\",\"description\":\"Sun\u010dana frekvencija Hercegovine\",\"publisher\":{\"@id\":\"https:\\\/\\\/radioljubuski.ba\\\/#organization\"},\"potentialAction\":[{\"@type\":\"SearchAction\",\"target\":{\"@type\":\"EntryPoint\",\"urlTemplate\":\"https:\\\/\\\/radioljubuski.ba\\\/?s={search_term_string}\"},\"query-input\":{\"@type\":\"PropertyValueSpecification\",\"valueRequired\":true,\"valueName\":\"search_term_string\"}}],\"inLanguage\":\"hr\"},{\"@type\":\"Organization\",\"@id\":\"https:\\\/\\\/radioljubuski.ba\\\/#organization\",\"name\":\"Radio Ljubu\u0161ki\",\"url\":\"https:\\\/\\\/radioljubuski.ba\\\/\",\"logo\":{\"@type\":\"ImageObject\",\"inLanguage\":\"hr\",\"@id\":\"https:\\\/\\\/radioljubuski.ba\\\/#\\\/schema\\\/logo\\\/image\\\/\",\"url\":\"https:\\\/\\\/radioljubuski.ba\\\/wp-content\\\/uploads\\\/2021\\\/02\\\/cropped-Radio_Ljubuski_logo1.jpg\",\"contentUrl\":\"https:\\\/\\\/radioljubuski.ba\\\/wp-content\\\/uploads\\\/2021\\\/02\\\/cropped-Radio_Ljubuski_logo1.jpg\",\"width\":512,\"height\":512,\"caption\":\"Radio Ljubu\u0161ki\"},\"image\":{\"@id\":\"https:\\\/\\\/radioljubuski.ba\\\/#\\\/schema\\\/logo\\\/image\\\/\"},\"sameAs\":[\"https:\\\/\\\/www.facebook.com\\\/Radiio-Ljubuski-1490835324566332\",\"https:\\\/\\\/x.com\\\/radioljubuski\",\"https:\\\/\\\/hr.linkedin.com\\\/company\\\/radio-ljubuski\",\"https:\\\/\\\/www.youtube.com\\\/channel\\\/UCHYaeO_n0Db3tjNGudGpXyw\"]},{\"@type\":\"Person\",\"@id\":\"https:\\\/\\\/radioljubuski.ba\\\/#\\\/schema\\\/person\\\/19fc700381a780f69665d7956c469e3b\",\"name\":\"Radio Ljubu\u0161ki\"}]}<\/script>\n<!-- \/ Yoast SEO plugin. -->","yoast_head_json":{"title":"Ministru ukrali torbicu u kojoj su mu bili dokumenti i 20 000 eura - RADIO LJUBU\u0160KI","robots":{"index":"index","follow":"follow","max-snippet":"max-snippet:-1","max-image-preview":"max-image-preview:large","max-video-preview":"max-video-preview:-1"},"canonical":"https:\/\/radioljubuski.ba\/index.php\/2022\/03\/07\/ministru-ukrali-torbicu-u-kojoj-su-mu-bili-dokumenti-i-20-000-eura\/","og_locale":"hr_HR","og_type":"article","og_title":"Ministru ukrali torbicu u kojoj su mu bili dokumenti i 20 000 eura - RADIO LJUBU\u0160KI","og_description":"Vojin Mitrovi\u0107, ministar komunikacija i transporta BiH, izgubio je u \u010detvrtak u Banja Luci torbicu sa osobnim dokumentima, platnim karticama i 20.000 eura, pi\u0161e portal Insajder.in. Mitrovi\u0107 je kratko za &#8220;Nezavisne novine&#8221; rekao da je na sastanku i da je &#8220;nebitno sve&#8221;.&nbsp; Insajder pi\u0161e da im je potvrdio da je torbicu sa novcem i osobnim [&hellip;]","og_url":"https:\/\/radioljubuski.ba\/index.php\/2022\/03\/07\/ministru-ukrali-torbicu-u-kojoj-su-mu-bili-dokumenti-i-20-000-eura\/","og_site_name":"RADIO LJUBU\u0160KI","article_publisher":"https:\/\/www.facebook.com\/Radiio-Ljubuski-1490835324566332","article_published_time":"2022-03-07T12:18:38+00:00","article_modified_time":"2022-03-07T12:18:39+00:00","og_image":[{"width":1000,"height":625,"url":"https:\/\/radioljubuski.ba\/wp-content\/uploads\/2022\/03\/2-2022-03-07-11-23-07-Bez-itrovic.jpg","type":"image\/jpeg"}],"author":"Radio Ljubu\u0161ki","twitter_card":"summary_large_image","twitter_creator":"@radioljubuski","twitter_site":"@radioljubuski","twitter_misc":{"Napisao\/la":"Radio Ljubu\u0161ki","Procijenjeno vrijeme \u010ditanja":"2 minute"},"schema":{"@context":"https:\/\/schema.org","@graph":[{"@type":"Article","@id":"https:\/\/radioljubuski.ba\/index.php\/2022\/03\/07\/ministru-ukrali-torbicu-u-kojoj-su-mu-bili-dokumenti-i-20-000-eura\/#article","isPartOf":{"@id":"https:\/\/radioljubuski.ba\/index.php\/2022\/03\/07\/ministru-ukrali-torbicu-u-kojoj-su-mu-bili-dokumenti-i-20-000-eura\/"},"author":{"name":"Radio Ljubu\u0161ki","@id":"https:\/\/radioljubuski.ba\/#\/schema\/person\/19fc700381a780f69665d7956c469e3b"},"headline":"Ministru ukrali torbicu u kojoj su mu bili dokumenti i 20 000 eura","datePublished":"2022-03-07T12:18:38+00:00","dateModified":"2022-03-07T12:18:39+00:00","mainEntityOfPage":{"@id":"https:\/\/radioljubuski.ba\/index.php\/2022\/03\/07\/ministru-ukrali-torbicu-u-kojoj-su-mu-bili-dokumenti-i-20-000-eura\/"},"wordCount":262,"publisher":{"@id":"https:\/\/radioljubuski.ba\/#organization"},"image":{"@id":"https:\/\/radioljubuski.ba\/index.php\/2022\/03\/07\/ministru-ukrali-torbicu-u-kojoj-su-mu-bili-dokumenti-i-20-000-eura\/#primaryimage"},"thumbnailUrl":"https:\/\/radioljubuski.ba\/wp-content\/uploads\/2022\/03\/2-2022-03-07-11-23-07-Bez-itrovic.jpg","articleSection":["BIH i regija"],"inLanguage":"hr"},{"@type":"WebPage","@id":"https:\/\/radioljubuski.ba\/index.php\/2022\/03\/07\/ministru-ukrali-torbicu-u-kojoj-su-mu-bili-dokumenti-i-20-000-eura\/","url":"https:\/\/radioljubuski.ba\/index.php\/2022\/03\/07\/ministru-ukrali-torbicu-u-kojoj-su-mu-bili-dokumenti-i-20-000-eura\/","name":"Ministru ukrali torbicu u kojoj su mu bili dokumenti i 20 000 eura - RADIO LJUBU\u0160KI","isPartOf":{"@id":"https:\/\/radioljubuski.ba\/#website"},"primaryImageOfPage":{"@id":"https:\/\/radioljubuski.ba\/index.php\/2022\/03\/07\/ministru-ukrali-torbicu-u-kojoj-su-mu-bili-dokumenti-i-20-000-eura\/#primaryimage"},"image":{"@id":"https:\/\/radioljubuski.ba\/index.php\/2022\/03\/07\/ministru-ukrali-torbicu-u-kojoj-su-mu-bili-dokumenti-i-20-000-eura\/#primaryimage"},"thumbnailUrl":"https:\/\/radioljubuski.ba\/wp-content\/uploads\/2022\/03\/2-2022-03-07-11-23-07-Bez-itrovic.jpg","datePublished":"2022-03-07T12:18:38+00:00","dateModified":"2022-03-07T12:18:39+00:00","breadcrumb":{"@id":"https:\/\/radioljubuski.ba\/index.php\/2022\/03\/07\/ministru-ukrali-torbicu-u-kojoj-su-mu-bili-dokumenti-i-20-000-eura\/#breadcrumb"},"inLanguage":"hr","potentialAction":[{"@type":"ReadAction","target":["https:\/\/radioljubuski.ba\/index.php\/2022\/03\/07\/ministru-ukrali-torbicu-u-kojoj-su-mu-bili-dokumenti-i-20-000-eura\/"]}]},{"@type":"ImageObject","inLanguage":"hr","@id":"https:\/\/radioljubuski.ba\/index.php\/2022\/03\/07\/ministru-ukrali-torbicu-u-kojoj-su-mu-bili-dokumenti-i-20-000-eura\/#primaryimage","url":"https:\/\/radioljubuski.ba\/wp-content\/uploads\/2022\/03\/2-2022-03-07-11-23-07-Bez-itrovic.jpg","contentUrl":"https:\/\/radioljubuski.ba\/wp-content\/uploads\/2022\/03\/2-2022-03-07-11-23-07-Bez-itrovic.jpg","width":1000,"height":625},{"@type":"BreadcrumbList","@id":"https:\/\/radioljubuski.ba\/index.php\/2022\/03\/07\/ministru-ukrali-torbicu-u-kojoj-su-mu-bili-dokumenti-i-20-000-eura\/#breadcrumb","itemListElement":[{"@type":"ListItem","position":1,"name":"Po\u010detna stranica","item":"https:\/\/radioljubuski.ba\/"},{"@type":"ListItem","position":2,"name":"Ministru ukrali torbicu u kojoj su mu bili dokumenti i 20 000 eura"}]},{"@type":"WebSite","@id":"https:\/\/radioljubuski.ba\/#website","url":"https:\/\/radioljubuski.ba\/","name":"Radio Ljubu\u0161ki","description":"Sun\u010dana frekvencija Hercegovine","publisher":{"@id":"https:\/\/radioljubuski.ba\/#organization"},"potentialAction":[{"@type":"SearchAction","target":{"@type":"EntryPoint","urlTemplate":"https:\/\/radioljubuski.ba\/?s={search_term_string}"},"query-input":{"@type":"PropertyValueSpecification","valueRequired":true,"valueName":"search_term_string"}}],"inLanguage":"hr"},{"@type":"Organization","@id":"https:\/\/radioljubuski.ba\/#organization","name":"Radio Ljubu\u0161ki","url":"https:\/\/radioljubuski.ba\/","logo":{"@type":"ImageObject","inLanguage":"hr","@id":"https:\/\/radioljubuski.ba\/#\/schema\/logo\/image\/","url":"https:\/\/radioljubuski.ba\/wp-content\/uploads\/2021\/02\/cropped-Radio_Ljubuski_logo1.jpg","contentUrl":"https:\/\/radioljubuski.ba\/wp-content\/uploads\/2021\/02\/cropped-Radio_Ljubuski_logo1.jpg","width":512,"height":512,"caption":"Radio Ljubu\u0161ki"},"image":{"@id":"https:\/\/radioljubuski.ba\/#\/schema\/logo\/image\/"},"sameAs":["https:\/\/www.facebook.com\/Radiio-Ljubuski-1490835324566332","https:\/\/x.com\/radioljubuski","https:\/\/hr.linkedin.com\/company\/radio-ljubuski","https:\/\/www.youtube.com\/channel\/UCHYaeO_n0Db3tjNGudGpXyw"]},{"@type":"Person","@id":"https:\/\/radioljubuski.ba\/#\/schema\/person\/19fc700381a780f69665d7956c469e3b","name":"Radio Ljubu\u0161ki"}]}},"_links":{"self":[{"href":"https:\/\/radioljubuski.ba\/index.php\/wp-json\/wp\/v2\/posts\/118885","targetHints":{"allow":["GET"]}}],"collection":[{"href":"https:\/\/radioljubuski.ba\/index.php\/wp-json\/wp\/v2\/posts"}],"about":[{"href":"https:\/\/radioljubuski.ba\/index.php\/wp-json\/wp\/v2\/types\/post"}],"author":[{"embeddable":true,"href":"https:\/\/radioljubuski.ba\/index.php\/wp-json\/wp\/v2\/users\/2"}],"replies":[{"embeddable":true,"href":"https:\/\/radioljubuski.ba\/index.php\/wp-json\/wp\/v2\/comments?post=118885"}],"version-history":[{"count":1,"href":"https:\/\/radioljubuski.ba\/index.php\/wp-json\/wp\/v2\/posts\/118885\/revisions"}],"predecessor-version":[{"id":118888,"href":"https:\/\/radioljubuski.ba\/index.php\/wp-json\/wp\/v2\/posts\/118885\/revisions\/118888"}],"wp:featuredmedia":[{"embeddable":true,"href":"https:\/\/radioljubuski.ba\/index.php\/wp-json\/wp\/v2\/media\/118887"}],"wp:attachment":[{"href":"https:\/\/radioljubuski.ba\/index.php\/wp-json\/wp\/v2\/media?parent=118885"}],"wp:term":[{"taxonomy":"category","embeddable":true,"href":"https:\/\/radioljubuski.ba\/index.php\/wp-json\/wp\/v2\/categories?post=118885"},{"taxonomy":"post_tag","embeddable":true,"href":"https:\/\/radioljubuski.ba\/index.php\/wp-json\/wp\/v2\/tags?post=118885"}],"curies":[{"name":"wp","href":"https:\/\/api.w.org\/{rel}","templated":true}]}}