{"id":118898,"date":"2022-03-07T13:29:36","date_gmt":"2022-03-07T12:29:36","guid":{"rendered":"https:\/\/radioljubuski.ba\/?p=118898"},"modified":"2022-03-07T13:29:38","modified_gmt":"2022-03-07T12:29:38","slug":"lukac-video-u-kojem-se-poziva-na-ubojstvo-dodika-snimljen-u-sarajevu","status":"publish","type":"post","link":"https:\/\/radioljubuski.ba\/index.php\/2022\/03\/07\/lukac-video-u-kojem-se-poziva-na-ubojstvo-dodika-snimljen-u-sarajevu\/","title":{"rendered":"Luka\u010d: Video u kojem se poziva na ubojstvo Dodika snimljen u Sarajevu"},"content":{"rendered":"\n<p>Ministar unutarnjih poslova Republike Srpske Dragan Luka\u010d rekao je danas kako je video u kojem se poziva na ubojstvo srpskog \u010dlana Predsjedni\u0161tva BiH Milorada Dodika snimljen u jednom ugostiteljskom objektu u Sarajevu.<\/p>\n\n\n\n<p>Luka\u010d je rekao novinarima da je MUP Srpske locirao mjesto snimanja, te istaknuo kako je sve pripremljeno i montirano zbog \u010dega je MUP poduzeo sve potrebne mjere.<\/p>\n\n\n\n<p>On je dodao da MUP Srpske sa ostalim nadle\u017enim policijskim agencijama u BiH radi na tome da otkrije koje sve to izre\u017eirao i \u0161to je povod.<\/p>\n\n\n\n<p>Luka\u010d je podsjetio da je nedavno u Prijedoru jedna medijska ku\u0107a iz BiH snimala prilog u kome je jedna osoba bo\u0161nja\u010dke nacionalnosti, prolaze\u0107i ispred prijedorske d\u017eamije, reklo da treba sru\u0161iti taj objekat.<\/p>\n\n\n\n<p>&#8220;Policija ozbiljno radi na tome, a utvr\u0111eno je da se i tu radi o montiranom i pripremljenom snimku&#8221;, rekao je Luka\u010d i dodao da je ta medijska ku\u0107a time izazvala vjersku i nacionalnu mr\u017enju i netrpeljivost.<\/p>\n\n\n\n<p>On je dodao da netko namjerno nastoji izazvati vjersku i nacionalnu mr\u017enju u Srpskoj, te strah me\u0111u ljudima.<\/p>\n\n\n\n<p>&#8220;Ne\u0107emo to dozvoliti&#8221;, rekao je Luka\u010d.<\/p>\n\n\n\n<figure class=\"wp-block-embed is-type-wp-embed is-provider-radio-ljubuski wp-block-embed-radio-ljubuski\"><div class=\"wp-block-embed__wrapper\">\n<blockquote class=\"wp-embedded-content\" data-secret=\"3nEnMiKbnb\"><a href=\"https:\/\/radioljubuski.ba\/index.php\/2022\/03\/07\/objavljen-snimak-prijetnje-tko-ce-ubiti-milorada-dodika-za-milijun-eura\/\">Objavljen snimak prijetnje: &#8220;Tko \u0107e ubiti Milorada Dodika za milijun eura?&#8221;<\/a><\/blockquote><iframe loading=\"lazy\" class=\"wp-embedded-content\" sandbox=\"allow-scripts\" security=\"restricted\" style=\"position: absolute; clip: rect(1px, 1px, 1px, 1px);\" title=\"&#8220;Objavljen snimak prijetnje: &#8220;Tko \u0107e ubiti Milorada Dodika za milijun eura?&#8221;&#8221; &#8212;   RADIO LJUBU\u0160KI\" src=\"https:\/\/radioljubuski.ba\/index.php\/2022\/03\/07\/objavljen-snimak-prijetnje-tko-ce-ubiti-milorada-dodika-za-milijun-eura\/embed\/#?secret=2P03yacaUC#?secret=3nEnMiKbnb\" data-secret=\"3nEnMiKbnb\" width=\"600\" height=\"338\" frameborder=\"0\" marginwidth=\"0\" marginheight=\"0\" scrolling=\"no\"><\/iframe>\n<\/div><\/figure>\n\n\n\n<p>Izvor:pogled.ba<\/p>\n","protected":false},"excerpt":{"rendered":"<p>Ministar unutarnjih poslova Republike Srpske Dragan Luka\u010d rekao je danas kako je video u kojem se poziva na ubojstvo srpskog \u010dlana Predsjedni\u0161tva BiH Milorada Dodika snimljen u jednom ugostiteljskom objektu u Sarajevu. Luka\u010d je rekao novinarima da je MUP Srpske locirao mjesto snimanja, te istaknuo kako je sve pripremljeno i montirano zbog \u010dega je MUP [&hellip;]<\/p>\n","protected":false},"author":2,"featured_media":118899,"comment_status":"closed","ping_status":"closed","sticky":false,"template":"","format":"standard","meta":{"h5ap_radio_sources":[],"footnotes":""},"categories":[1],"tags":[],"class_list":["post-118898","post","type-post","status-publish","format-standard","has-post-thumbnail","hentry","category-bihiregija"],"yoast_head":"<!-- This site is optimized with the Yoast SEO plugin v27.5 - https:\/\/yoast.com\/product\/yoast-seo-wordpress\/ -->\n<title>Luka\u010d: Video u kojem se poziva na ubojstvo Dodika snimljen u Sarajevu - RADIO LJUBU\u0160KI<\/title>\n<meta name=\"robots\" content=\"index, follow, max-snippet:-1, max-image-preview:large, max-video-preview:-1\" \/>\n<link rel=\"canonical\" href=\"https:\/\/radioljubuski.ba\/index.php\/2022\/03\/07\/lukac-video-u-kojem-se-poziva-na-ubojstvo-dodika-snimljen-u-sarajevu\/\" \/>\n<meta property=\"og:locale\" content=\"hr_HR\" \/>\n<meta property=\"og:type\" content=\"article\" \/>\n<meta property=\"og:title\" content=\"Luka\u010d: Video u kojem se poziva na ubojstvo Dodika snimljen u Sarajevu - RADIO LJUBU\u0160KI\" \/>\n<meta property=\"og:description\" content=\"Ministar unutarnjih poslova Republike Srpske Dragan Luka\u010d rekao je danas kako je video u kojem se poziva na ubojstvo srpskog \u010dlana Predsjedni\u0161tva BiH Milorada Dodika snimljen u jednom ugostiteljskom objektu u Sarajevu. Luka\u010d je rekao novinarima da je MUP Srpske locirao mjesto snimanja, te istaknuo kako je sve pripremljeno i montirano zbog \u010dega je MUP [&hellip;]\" \/>\n<meta property=\"og:url\" content=\"https:\/\/radioljubuski.ba\/index.php\/2022\/03\/07\/lukac-video-u-kojem-se-poziva-na-ubojstvo-dodika-snimljen-u-sarajevu\/\" \/>\n<meta property=\"og:site_name\" content=\"RADIO LJUBU\u0160KI\" \/>\n<meta property=\"article:publisher\" content=\"https:\/\/www.facebook.com\/Radiio-Ljubuski-1490835324566332\" \/>\n<meta property=\"article:published_time\" content=\"2022-03-07T12:29:36+00:00\" \/>\n<meta property=\"article:modified_time\" content=\"2022-03-07T12:29:38+00:00\" \/>\n<meta property=\"og:image\" content=\"https:\/\/radioljubuski.ba\/wp-content\/uploads\/2022\/03\/XmGicR4b_Dragan_Lukac_AA.jpg\" \/>\n\t<meta property=\"og:image:width\" content=\"1000\" \/>\n\t<meta property=\"og:image:height\" content=\"625\" \/>\n\t<meta property=\"og:image:type\" content=\"image\/jpeg\" \/>\n<meta name=\"author\" content=\"Radio Ljubu\u0161ki\" \/>\n<meta name=\"twitter:card\" content=\"summary_large_image\" \/>\n<meta name=\"twitter:creator\" content=\"@radioljubuski\" \/>\n<meta name=\"twitter:site\" content=\"@radioljubuski\" \/>\n<meta name=\"twitter:label1\" content=\"Napisao\/la\" \/>\n\t<meta name=\"twitter:data1\" content=\"Radio Ljubu\u0161ki\" \/>\n\t<meta name=\"twitter:label2\" content=\"Procijenjeno vrijeme \u010ditanja\" \/>\n\t<meta name=\"twitter:data2\" content=\"1 minuta\" \/>\n<script type=\"application\/ld+json\" class=\"yoast-schema-graph\">{\"@context\":\"https:\\\/\\\/schema.org\",\"@graph\":[{\"@type\":\"Article\",\"@id\":\"https:\\\/\\\/radioljubuski.ba\\\/index.php\\\/2022\\\/03\\\/07\\\/lukac-video-u-kojem-se-poziva-na-ubojstvo-dodika-snimljen-u-sarajevu\\\/#article\",\"isPartOf\":{\"@id\":\"https:\\\/\\\/radioljubuski.ba\\\/index.php\\\/2022\\\/03\\\/07\\\/lukac-video-u-kojem-se-poziva-na-ubojstvo-dodika-snimljen-u-sarajevu\\\/\"},\"author\":{\"name\":\"Radio Ljubu\u0161ki\",\"@id\":\"https:\\\/\\\/radioljubuski.ba\\\/#\\\/schema\\\/person\\\/19fc700381a780f69665d7956c469e3b\"},\"headline\":\"Luka\u010d: Video u kojem se poziva na ubojstvo Dodika snimljen u Sarajevu\",\"datePublished\":\"2022-03-07T12:29:36+00:00\",\"dateModified\":\"2022-03-07T12:29:38+00:00\",\"mainEntityOfPage\":{\"@id\":\"https:\\\/\\\/radioljubuski.ba\\\/index.php\\\/2022\\\/03\\\/07\\\/lukac-video-u-kojem-se-poziva-na-ubojstvo-dodika-snimljen-u-sarajevu\\\/\"},\"wordCount\":213,\"publisher\":{\"@id\":\"https:\\\/\\\/radioljubuski.ba\\\/#organization\"},\"image\":{\"@id\":\"https:\\\/\\\/radioljubuski.ba\\\/index.php\\\/2022\\\/03\\\/07\\\/lukac-video-u-kojem-se-poziva-na-ubojstvo-dodika-snimljen-u-sarajevu\\\/#primaryimage\"},\"thumbnailUrl\":\"https:\\\/\\\/radioljubuski.ba\\\/wp-content\\\/uploads\\\/2022\\\/03\\\/XmGicR4b_Dragan_Lukac_AA.jpg\",\"articleSection\":[\"BIH i regija\"],\"inLanguage\":\"hr\"},{\"@type\":\"WebPage\",\"@id\":\"https:\\\/\\\/radioljubuski.ba\\\/index.php\\\/2022\\\/03\\\/07\\\/lukac-video-u-kojem-se-poziva-na-ubojstvo-dodika-snimljen-u-sarajevu\\\/\",\"url\":\"https:\\\/\\\/radioljubuski.ba\\\/index.php\\\/2022\\\/03\\\/07\\\/lukac-video-u-kojem-se-poziva-na-ubojstvo-dodika-snimljen-u-sarajevu\\\/\",\"name\":\"Luka\u010d: Video u kojem se poziva na ubojstvo Dodika snimljen u Sarajevu - RADIO LJUBU\u0160KI\",\"isPartOf\":{\"@id\":\"https:\\\/\\\/radioljubuski.ba\\\/#website\"},\"primaryImageOfPage\":{\"@id\":\"https:\\\/\\\/radioljubuski.ba\\\/index.php\\\/2022\\\/03\\\/07\\\/lukac-video-u-kojem-se-poziva-na-ubojstvo-dodika-snimljen-u-sarajevu\\\/#primaryimage\"},\"image\":{\"@id\":\"https:\\\/\\\/radioljubuski.ba\\\/index.php\\\/2022\\\/03\\\/07\\\/lukac-video-u-kojem-se-poziva-na-ubojstvo-dodika-snimljen-u-sarajevu\\\/#primaryimage\"},\"thumbnailUrl\":\"https:\\\/\\\/radioljubuski.ba\\\/wp-content\\\/uploads\\\/2022\\\/03\\\/XmGicR4b_Dragan_Lukac_AA.jpg\",\"datePublished\":\"2022-03-07T12:29:36+00:00\",\"dateModified\":\"2022-03-07T12:29:38+00:00\",\"breadcrumb\":{\"@id\":\"https:\\\/\\\/radioljubuski.ba\\\/index.php\\\/2022\\\/03\\\/07\\\/lukac-video-u-kojem-se-poziva-na-ubojstvo-dodika-snimljen-u-sarajevu\\\/#breadcrumb\"},\"inLanguage\":\"hr\",\"potentialAction\":[{\"@type\":\"ReadAction\",\"target\":[\"https:\\\/\\\/radioljubuski.ba\\\/index.php\\\/2022\\\/03\\\/07\\\/lukac-video-u-kojem-se-poziva-na-ubojstvo-dodika-snimljen-u-sarajevu\\\/\"]}]},{\"@type\":\"ImageObject\",\"inLanguage\":\"hr\",\"@id\":\"https:\\\/\\\/radioljubuski.ba\\\/index.php\\\/2022\\\/03\\\/07\\\/lukac-video-u-kojem-se-poziva-na-ubojstvo-dodika-snimljen-u-sarajevu\\\/#primaryimage\",\"url\":\"https:\\\/\\\/radioljubuski.ba\\\/wp-content\\\/uploads\\\/2022\\\/03\\\/XmGicR4b_Dragan_Lukac_AA.jpg\",\"contentUrl\":\"https:\\\/\\\/radioljubuski.ba\\\/wp-content\\\/uploads\\\/2022\\\/03\\\/XmGicR4b_Dragan_Lukac_AA.jpg\",\"width\":1000,\"height\":625},{\"@type\":\"BreadcrumbList\",\"@id\":\"https:\\\/\\\/radioljubuski.ba\\\/index.php\\\/2022\\\/03\\\/07\\\/lukac-video-u-kojem-se-poziva-na-ubojstvo-dodika-snimljen-u-sarajevu\\\/#breadcrumb\",\"itemListElement\":[{\"@type\":\"ListItem\",\"position\":1,\"name\":\"Po\u010detna stranica\",\"item\":\"https:\\\/\\\/radioljubuski.ba\\\/\"},{\"@type\":\"ListItem\",\"position\":2,\"name\":\"Luka\u010d: Video u kojem se poziva na ubojstvo Dodika snimljen u Sarajevu\"}]},{\"@type\":\"WebSite\",\"@id\":\"https:\\\/\\\/radioljubuski.ba\\\/#website\",\"url\":\"https:\\\/\\\/radioljubuski.ba\\\/\",\"name\":\"Radio Ljubu\u0161ki\",\"description\":\"Sun\u010dana frekvencija Hercegovine\",\"publisher\":{\"@id\":\"https:\\\/\\\/radioljubuski.ba\\\/#organization\"},\"potentialAction\":[{\"@type\":\"SearchAction\",\"target\":{\"@type\":\"EntryPoint\",\"urlTemplate\":\"https:\\\/\\\/radioljubuski.ba\\\/?s={search_term_string}\"},\"query-input\":{\"@type\":\"PropertyValueSpecification\",\"valueRequired\":true,\"valueName\":\"search_term_string\"}}],\"inLanguage\":\"hr\"},{\"@type\":\"Organization\",\"@id\":\"https:\\\/\\\/radioljubuski.ba\\\/#organization\",\"name\":\"Radio Ljubu\u0161ki\",\"url\":\"https:\\\/\\\/radioljubuski.ba\\\/\",\"logo\":{\"@type\":\"ImageObject\",\"inLanguage\":\"hr\",\"@id\":\"https:\\\/\\\/radioljubuski.ba\\\/#\\\/schema\\\/logo\\\/image\\\/\",\"url\":\"https:\\\/\\\/radioljubuski.ba\\\/wp-content\\\/uploads\\\/2021\\\/02\\\/cropped-Radio_Ljubuski_logo1.jpg\",\"contentUrl\":\"https:\\\/\\\/radioljubuski.ba\\\/wp-content\\\/uploads\\\/2021\\\/02\\\/cropped-Radio_Ljubuski_logo1.jpg\",\"width\":512,\"height\":512,\"caption\":\"Radio Ljubu\u0161ki\"},\"image\":{\"@id\":\"https:\\\/\\\/radioljubuski.ba\\\/#\\\/schema\\\/logo\\\/image\\\/\"},\"sameAs\":[\"https:\\\/\\\/www.facebook.com\\\/Radiio-Ljubuski-1490835324566332\",\"https:\\\/\\\/x.com\\\/radioljubuski\",\"https:\\\/\\\/hr.linkedin.com\\\/company\\\/radio-ljubuski\",\"https:\\\/\\\/www.youtube.com\\\/channel\\\/UCHYaeO_n0Db3tjNGudGpXyw\"]},{\"@type\":\"Person\",\"@id\":\"https:\\\/\\\/radioljubuski.ba\\\/#\\\/schema\\\/person\\\/19fc700381a780f69665d7956c469e3b\",\"name\":\"Radio Ljubu\u0161ki\"}]}<\/script>\n<!-- \/ Yoast SEO plugin. -->","yoast_head_json":{"title":"Luka\u010d: Video u kojem se poziva na ubojstvo Dodika snimljen u Sarajevu - RADIO LJUBU\u0160KI","robots":{"index":"index","follow":"follow","max-snippet":"max-snippet:-1","max-image-preview":"max-image-preview:large","max-video-preview":"max-video-preview:-1"},"canonical":"https:\/\/radioljubuski.ba\/index.php\/2022\/03\/07\/lukac-video-u-kojem-se-poziva-na-ubojstvo-dodika-snimljen-u-sarajevu\/","og_locale":"hr_HR","og_type":"article","og_title":"Luka\u010d: Video u kojem se poziva na ubojstvo Dodika snimljen u Sarajevu - RADIO LJUBU\u0160KI","og_description":"Ministar unutarnjih poslova Republike Srpske Dragan Luka\u010d rekao je danas kako je video u kojem se poziva na ubojstvo srpskog \u010dlana Predsjedni\u0161tva BiH Milorada Dodika snimljen u jednom ugostiteljskom objektu u Sarajevu. Luka\u010d je rekao novinarima da je MUP Srpske locirao mjesto snimanja, te istaknuo kako je sve pripremljeno i montirano zbog \u010dega je MUP [&hellip;]","og_url":"https:\/\/radioljubuski.ba\/index.php\/2022\/03\/07\/lukac-video-u-kojem-se-poziva-na-ubojstvo-dodika-snimljen-u-sarajevu\/","og_site_name":"RADIO LJUBU\u0160KI","article_publisher":"https:\/\/www.facebook.com\/Radiio-Ljubuski-1490835324566332","article_published_time":"2022-03-07T12:29:36+00:00","article_modified_time":"2022-03-07T12:29:38+00:00","og_image":[{"width":1000,"height":625,"url":"https:\/\/radioljubuski.ba\/wp-content\/uploads\/2022\/03\/XmGicR4b_Dragan_Lukac_AA.jpg","type":"image\/jpeg"}],"author":"Radio Ljubu\u0161ki","twitter_card":"summary_large_image","twitter_creator":"@radioljubuski","twitter_site":"@radioljubuski","twitter_misc":{"Napisao\/la":"Radio Ljubu\u0161ki","Procijenjeno vrijeme \u010ditanja":"1 minuta"},"schema":{"@context":"https:\/\/schema.org","@graph":[{"@type":"Article","@id":"https:\/\/radioljubuski.ba\/index.php\/2022\/03\/07\/lukac-video-u-kojem-se-poziva-na-ubojstvo-dodika-snimljen-u-sarajevu\/#article","isPartOf":{"@id":"https:\/\/radioljubuski.ba\/index.php\/2022\/03\/07\/lukac-video-u-kojem-se-poziva-na-ubojstvo-dodika-snimljen-u-sarajevu\/"},"author":{"name":"Radio Ljubu\u0161ki","@id":"https:\/\/radioljubuski.ba\/#\/schema\/person\/19fc700381a780f69665d7956c469e3b"},"headline":"Luka\u010d: Video u kojem se poziva na ubojstvo Dodika snimljen u Sarajevu","datePublished":"2022-03-07T12:29:36+00:00","dateModified":"2022-03-07T12:29:38+00:00","mainEntityOfPage":{"@id":"https:\/\/radioljubuski.ba\/index.php\/2022\/03\/07\/lukac-video-u-kojem-se-poziva-na-ubojstvo-dodika-snimljen-u-sarajevu\/"},"wordCount":213,"publisher":{"@id":"https:\/\/radioljubuski.ba\/#organization"},"image":{"@id":"https:\/\/radioljubuski.ba\/index.php\/2022\/03\/07\/lukac-video-u-kojem-se-poziva-na-ubojstvo-dodika-snimljen-u-sarajevu\/#primaryimage"},"thumbnailUrl":"https:\/\/radioljubuski.ba\/wp-content\/uploads\/2022\/03\/XmGicR4b_Dragan_Lukac_AA.jpg","articleSection":["BIH i regija"],"inLanguage":"hr"},{"@type":"WebPage","@id":"https:\/\/radioljubuski.ba\/index.php\/2022\/03\/07\/lukac-video-u-kojem-se-poziva-na-ubojstvo-dodika-snimljen-u-sarajevu\/","url":"https:\/\/radioljubuski.ba\/index.php\/2022\/03\/07\/lukac-video-u-kojem-se-poziva-na-ubojstvo-dodika-snimljen-u-sarajevu\/","name":"Luka\u010d: Video u kojem se poziva na ubojstvo Dodika snimljen u Sarajevu - RADIO LJUBU\u0160KI","isPartOf":{"@id":"https:\/\/radioljubuski.ba\/#website"},"primaryImageOfPage":{"@id":"https:\/\/radioljubuski.ba\/index.php\/2022\/03\/07\/lukac-video-u-kojem-se-poziva-na-ubojstvo-dodika-snimljen-u-sarajevu\/#primaryimage"},"image":{"@id":"https:\/\/radioljubuski.ba\/index.php\/2022\/03\/07\/lukac-video-u-kojem-se-poziva-na-ubojstvo-dodika-snimljen-u-sarajevu\/#primaryimage"},"thumbnailUrl":"https:\/\/radioljubuski.ba\/wp-content\/uploads\/2022\/03\/XmGicR4b_Dragan_Lukac_AA.jpg","datePublished":"2022-03-07T12:29:36+00:00","dateModified":"2022-03-07T12:29:38+00:00","breadcrumb":{"@id":"https:\/\/radioljubuski.ba\/index.php\/2022\/03\/07\/lukac-video-u-kojem-se-poziva-na-ubojstvo-dodika-snimljen-u-sarajevu\/#breadcrumb"},"inLanguage":"hr","potentialAction":[{"@type":"ReadAction","target":["https:\/\/radioljubuski.ba\/index.php\/2022\/03\/07\/lukac-video-u-kojem-se-poziva-na-ubojstvo-dodika-snimljen-u-sarajevu\/"]}]},{"@type":"ImageObject","inLanguage":"hr","@id":"https:\/\/radioljubuski.ba\/index.php\/2022\/03\/07\/lukac-video-u-kojem-se-poziva-na-ubojstvo-dodika-snimljen-u-sarajevu\/#primaryimage","url":"https:\/\/radioljubuski.ba\/wp-content\/uploads\/2022\/03\/XmGicR4b_Dragan_Lukac_AA.jpg","contentUrl":"https:\/\/radioljubuski.ba\/wp-content\/uploads\/2022\/03\/XmGicR4b_Dragan_Lukac_AA.jpg","width":1000,"height":625},{"@type":"BreadcrumbList","@id":"https:\/\/radioljubuski.ba\/index.php\/2022\/03\/07\/lukac-video-u-kojem-se-poziva-na-ubojstvo-dodika-snimljen-u-sarajevu\/#breadcrumb","itemListElement":[{"@type":"ListItem","position":1,"name":"Po\u010detna stranica","item":"https:\/\/radioljubuski.ba\/"},{"@type":"ListItem","position":2,"name":"Luka\u010d: Video u kojem se poziva na ubojstvo Dodika snimljen u Sarajevu"}]},{"@type":"WebSite","@id":"https:\/\/radioljubuski.ba\/#website","url":"https:\/\/radioljubuski.ba\/","name":"Radio Ljubu\u0161ki","description":"Sun\u010dana frekvencija Hercegovine","publisher":{"@id":"https:\/\/radioljubuski.ba\/#organization"},"potentialAction":[{"@type":"SearchAction","target":{"@type":"EntryPoint","urlTemplate":"https:\/\/radioljubuski.ba\/?s={search_term_string}"},"query-input":{"@type":"PropertyValueSpecification","valueRequired":true,"valueName":"search_term_string"}}],"inLanguage":"hr"},{"@type":"Organization","@id":"https:\/\/radioljubuski.ba\/#organization","name":"Radio Ljubu\u0161ki","url":"https:\/\/radioljubuski.ba\/","logo":{"@type":"ImageObject","inLanguage":"hr","@id":"https:\/\/radioljubuski.ba\/#\/schema\/logo\/image\/","url":"https:\/\/radioljubuski.ba\/wp-content\/uploads\/2021\/02\/cropped-Radio_Ljubuski_logo1.jpg","contentUrl":"https:\/\/radioljubuski.ba\/wp-content\/uploads\/2021\/02\/cropped-Radio_Ljubuski_logo1.jpg","width":512,"height":512,"caption":"Radio Ljubu\u0161ki"},"image":{"@id":"https:\/\/radioljubuski.ba\/#\/schema\/logo\/image\/"},"sameAs":["https:\/\/www.facebook.com\/Radiio-Ljubuski-1490835324566332","https:\/\/x.com\/radioljubuski","https:\/\/hr.linkedin.com\/company\/radio-ljubuski","https:\/\/www.youtube.com\/channel\/UCHYaeO_n0Db3tjNGudGpXyw"]},{"@type":"Person","@id":"https:\/\/radioljubuski.ba\/#\/schema\/person\/19fc700381a780f69665d7956c469e3b","name":"Radio Ljubu\u0161ki"}]}},"_links":{"self":[{"href":"https:\/\/radioljubuski.ba\/index.php\/wp-json\/wp\/v2\/posts\/118898","targetHints":{"allow":["GET"]}}],"collection":[{"href":"https:\/\/radioljubuski.ba\/index.php\/wp-json\/wp\/v2\/posts"}],"about":[{"href":"https:\/\/radioljubuski.ba\/index.php\/wp-json\/wp\/v2\/types\/post"}],"author":[{"embeddable":true,"href":"https:\/\/radioljubuski.ba\/index.php\/wp-json\/wp\/v2\/users\/2"}],"replies":[{"embeddable":true,"href":"https:\/\/radioljubuski.ba\/index.php\/wp-json\/wp\/v2\/comments?post=118898"}],"version-history":[{"count":1,"href":"https:\/\/radioljubuski.ba\/index.php\/wp-json\/wp\/v2\/posts\/118898\/revisions"}],"predecessor-version":[{"id":118900,"href":"https:\/\/radioljubuski.ba\/index.php\/wp-json\/wp\/v2\/posts\/118898\/revisions\/118900"}],"wp:featuredmedia":[{"embeddable":true,"href":"https:\/\/radioljubuski.ba\/index.php\/wp-json\/wp\/v2\/media\/118899"}],"wp:attachment":[{"href":"https:\/\/radioljubuski.ba\/index.php\/wp-json\/wp\/v2\/media?parent=118898"}],"wp:term":[{"taxonomy":"category","embeddable":true,"href":"https:\/\/radioljubuski.ba\/index.php\/wp-json\/wp\/v2\/categories?post=118898"},{"taxonomy":"post_tag","embeddable":true,"href":"https:\/\/radioljubuski.ba\/index.php\/wp-json\/wp\/v2\/tags?post=118898"}],"curies":[{"name":"wp","href":"https:\/\/api.w.org\/{rel}","templated":true}]}}