{"id":118901,"date":"2022-03-07T13:30:53","date_gmt":"2022-03-07T12:30:53","guid":{"rendered":"https:\/\/radioljubuski.ba\/?p=118901"},"modified":"2022-03-07T13:30:54","modified_gmt":"2022-03-07T12:30:54","slug":"gradani-bih-naoruzani-do-zuba-evo-tko-najvise-objavljeni-su-podaci","status":"publish","type":"post","link":"https:\/\/radioljubuski.ba\/index.php\/2022\/03\/07\/gradani-bih-naoruzani-do-zuba-evo-tko-najvise-objavljeni-su-podaci\/","title":{"rendered":"Gra\u0111ani BiH naoru\u017eani do zuba, evo tko najvi\u0161e. Objavljeni su podaci"},"content":{"rendered":"\n<p>Gra\u0111ani Bosne i Hercegovine i 30 godina nakon rata dobro su naoru\u017eani, a vlastima u toj zemlji uspijeva prona\u0107i i oduzeti tek simboli\u010dne koli\u010dine skrivenog naoru\u017eanja, proistje\u010de iz podataka koje prikupljaju i obra\u0111uju policijske i sigurnosne agencije u BiH i inozemstvu.<\/p>\n\n\n\n<p>Prema podacima koje je prikupilo i obradilo vladin Koordinacijski odbor za malo oru\u017eje i lako naoru\u017eanje u 2021. godini u BiH je bilo zakonito registrirano 320 tisu\u0107a komada razli\u010ditog oru\u017eja.<\/p>\n\n\n\n<p>Od toga je ne\u0161to vi\u0161e od 195 tisu\u0107a komada u posjedu osoba koje \u017eive u Federaciji BiH, u Republici Srpskoj naoru\u017eano je ne\u0161to vi\u0161e od 125 tisu\u0107a osoba, a preostalih 3700 naoru\u017eanih je s podru\u010dja distrikta Br\u010dko, prenijele su u ponedjeljak banjolu\u010dke &#8220;Nezavisne novine&#8221;.<\/p>\n\n\n\n<p>Koliko je uz to jo\u0161 oru\u017eja u BiH koje je ostalo skriveno nakon rata i nikada nije prijavljeno vlastima samo se naga\u0111a, a dr\u017eavne policijske agencije u toj zemlji uspjele su tijekom 2021. zaplijeniti tek 63 komada takvog oru\u017eja. Procjena je kako, zajedno s akcijama koje su provele entitetske i \u017eupanijske policije u Federaciji BiH, ukupna brojka zaplijenjenog oru\u017eja u pro\u0161loj godini nije bila ve\u0107a od 1400.&nbsp;<\/p>\n\n\n\n<p>Pouzdano se ipak zna kako je u razli\u010ditim oru\u017eanim obra\u010dunima u BiH 2021. ubijeno 28 osoba, a vatrenim je oru\u017ejem samoubojstvo po\u010dinilo devet osoba.<\/p>\n\n\n\n<p>Organizacija Small Arms Survey, \u010dije je sjedi\u0161te u \u017denevi, prikuplja podatke o posjedovanju razli\u010ditog oru\u017eja u gotovo svim zemljama svijeta te procjene o posjedovanju nelegalnog oru\u017eja. Prema pokazateljima te organizacije, dostupnim na mre\u017enim stranicama, koji se odnose na 2018., BiH spada me\u0111u dr\u017eave \u010dije je stanovni\u0161tvo me\u0111u najbolje naoru\u017eanim jer se pretpostavlja da tamo, uz registrirano oru\u017eje, civili posjeduju jo\u0161 dodatnih 820 tisu\u0107a komada neprijavljenog oru\u017eja.<\/p>\n\n\n\n<p>Iz toga proistje\u010de kako gra\u0111ani BiH imaju na raspolaganju milijun i 185 tisu\u0107a komada razli\u010ditog oru\u017eja, odnosno vi\u0161e od 30 na 100 stanovnika.<\/p>\n\n\n\n<p>Policijske agencije u zemlji pak raspola\u017eu s manje od 30 tisu\u0107a komada oru\u017eja.<\/p>\n\n\n\n<p>BiH uz sve to ima dodatni problem zbog kompleksnog unutarnjeg ustroja, jer posjedovanje oru\u017eja regulira \u010dak 12 zakona na razli\u010ditim razinama, koji su neujedna\u010deni, a godinama traju napori da se oni usklade s pravnom praksom Europske unije.<\/p>\n\n\n\n<p>Izvor:pogled.ba<\/p>\n","protected":false},"excerpt":{"rendered":"<p>Gra\u0111ani Bosne i Hercegovine i 30 godina nakon rata dobro su naoru\u017eani, a vlastima u toj zemlji uspijeva prona\u0107i i oduzeti tek simboli\u010dne koli\u010dine skrivenog naoru\u017eanja, proistje\u010de iz podataka koje prikupljaju i obra\u0111uju policijske i sigurnosne agencije u BiH i inozemstvu. Prema podacima koje je prikupilo i obradilo vladin Koordinacijski odbor za malo oru\u017eje i [&hellip;]<\/p>\n","protected":false},"author":2,"featured_media":118902,"comment_status":"closed","ping_status":"closed","sticky":false,"template":"","format":"standard","meta":{"h5ap_radio_sources":[],"footnotes":""},"categories":[1],"tags":[],"class_list":["post-118901","post","type-post","status-publish","format-standard","has-post-thumbnail","hentry","category-bihiregija"],"yoast_head":"<!-- This site is optimized with the Yoast SEO plugin v27.5 - https:\/\/yoast.com\/product\/yoast-seo-wordpress\/ -->\n<title>Gra\u0111ani BiH naoru\u017eani do zuba, evo tko najvi\u0161e. Objavljeni su podaci - RADIO LJUBU\u0160KI<\/title>\n<meta name=\"robots\" content=\"index, follow, max-snippet:-1, max-image-preview:large, max-video-preview:-1\" \/>\n<link rel=\"canonical\" href=\"https:\/\/radioljubuski.ba\/index.php\/2022\/03\/07\/gradani-bih-naoruzani-do-zuba-evo-tko-najvise-objavljeni-su-podaci\/\" \/>\n<meta property=\"og:locale\" content=\"hr_HR\" \/>\n<meta property=\"og:type\" content=\"article\" \/>\n<meta property=\"og:title\" content=\"Gra\u0111ani BiH naoru\u017eani do zuba, evo tko najvi\u0161e. Objavljeni su podaci - RADIO LJUBU\u0160KI\" \/>\n<meta property=\"og:description\" content=\"Gra\u0111ani Bosne i Hercegovine i 30 godina nakon rata dobro su naoru\u017eani, a vlastima u toj zemlji uspijeva prona\u0107i i oduzeti tek simboli\u010dne koli\u010dine skrivenog naoru\u017eanja, proistje\u010de iz podataka koje prikupljaju i obra\u0111uju policijske i sigurnosne agencije u BiH i inozemstvu. Prema podacima koje je prikupilo i obradilo vladin Koordinacijski odbor za malo oru\u017eje i [&hellip;]\" \/>\n<meta property=\"og:url\" content=\"https:\/\/radioljubuski.ba\/index.php\/2022\/03\/07\/gradani-bih-naoruzani-do-zuba-evo-tko-najvise-objavljeni-su-podaci\/\" \/>\n<meta property=\"og:site_name\" content=\"RADIO LJUBU\u0160KI\" \/>\n<meta property=\"article:publisher\" content=\"https:\/\/www.facebook.com\/Radiio-Ljubuski-1490835324566332\" \/>\n<meta property=\"article:published_time\" content=\"2022-03-07T12:30:53+00:00\" \/>\n<meta property=\"article:modified_time\" content=\"2022-03-07T12:30:54+00:00\" \/>\n<meta property=\"og:image\" content=\"https:\/\/radioljubuski.ba\/wp-content\/uploads\/2022\/03\/nO7BMwp1_oruzje_4.jpg\" \/>\n\t<meta property=\"og:image:width\" content=\"1000\" \/>\n\t<meta property=\"og:image:height\" content=\"625\" \/>\n\t<meta property=\"og:image:type\" content=\"image\/jpeg\" \/>\n<meta name=\"author\" content=\"Radio Ljubu\u0161ki\" \/>\n<meta name=\"twitter:card\" content=\"summary_large_image\" \/>\n<meta name=\"twitter:creator\" content=\"@radioljubuski\" \/>\n<meta name=\"twitter:site\" content=\"@radioljubuski\" \/>\n<meta name=\"twitter:label1\" content=\"Napisao\/la\" \/>\n\t<meta name=\"twitter:data1\" content=\"Radio Ljubu\u0161ki\" \/>\n\t<meta name=\"twitter:label2\" content=\"Procijenjeno vrijeme \u010ditanja\" \/>\n\t<meta name=\"twitter:data2\" content=\"2 minute\" \/>\n<script type=\"application\/ld+json\" class=\"yoast-schema-graph\">{\"@context\":\"https:\\\/\\\/schema.org\",\"@graph\":[{\"@type\":\"Article\",\"@id\":\"https:\\\/\\\/radioljubuski.ba\\\/index.php\\\/2022\\\/03\\\/07\\\/gradani-bih-naoruzani-do-zuba-evo-tko-najvise-objavljeni-su-podaci\\\/#article\",\"isPartOf\":{\"@id\":\"https:\\\/\\\/radioljubuski.ba\\\/index.php\\\/2022\\\/03\\\/07\\\/gradani-bih-naoruzani-do-zuba-evo-tko-najvise-objavljeni-su-podaci\\\/\"},\"author\":{\"name\":\"Radio Ljubu\u0161ki\",\"@id\":\"https:\\\/\\\/radioljubuski.ba\\\/#\\\/schema\\\/person\\\/19fc700381a780f69665d7956c469e3b\"},\"headline\":\"Gra\u0111ani BiH naoru\u017eani do zuba, evo tko najvi\u0161e. Objavljeni su podaci\",\"datePublished\":\"2022-03-07T12:30:53+00:00\",\"dateModified\":\"2022-03-07T12:30:54+00:00\",\"mainEntityOfPage\":{\"@id\":\"https:\\\/\\\/radioljubuski.ba\\\/index.php\\\/2022\\\/03\\\/07\\\/gradani-bih-naoruzani-do-zuba-evo-tko-najvise-objavljeni-su-podaci\\\/\"},\"wordCount\":406,\"publisher\":{\"@id\":\"https:\\\/\\\/radioljubuski.ba\\\/#organization\"},\"image\":{\"@id\":\"https:\\\/\\\/radioljubuski.ba\\\/index.php\\\/2022\\\/03\\\/07\\\/gradani-bih-naoruzani-do-zuba-evo-tko-najvise-objavljeni-su-podaci\\\/#primaryimage\"},\"thumbnailUrl\":\"https:\\\/\\\/radioljubuski.ba\\\/wp-content\\\/uploads\\\/2022\\\/03\\\/nO7BMwp1_oruzje_4.jpg\",\"articleSection\":[\"BIH i regija\"],\"inLanguage\":\"hr\"},{\"@type\":\"WebPage\",\"@id\":\"https:\\\/\\\/radioljubuski.ba\\\/index.php\\\/2022\\\/03\\\/07\\\/gradani-bih-naoruzani-do-zuba-evo-tko-najvise-objavljeni-su-podaci\\\/\",\"url\":\"https:\\\/\\\/radioljubuski.ba\\\/index.php\\\/2022\\\/03\\\/07\\\/gradani-bih-naoruzani-do-zuba-evo-tko-najvise-objavljeni-su-podaci\\\/\",\"name\":\"Gra\u0111ani BiH naoru\u017eani do zuba, evo tko najvi\u0161e. Objavljeni su podaci - RADIO LJUBU\u0160KI\",\"isPartOf\":{\"@id\":\"https:\\\/\\\/radioljubuski.ba\\\/#website\"},\"primaryImageOfPage\":{\"@id\":\"https:\\\/\\\/radioljubuski.ba\\\/index.php\\\/2022\\\/03\\\/07\\\/gradani-bih-naoruzani-do-zuba-evo-tko-najvise-objavljeni-su-podaci\\\/#primaryimage\"},\"image\":{\"@id\":\"https:\\\/\\\/radioljubuski.ba\\\/index.php\\\/2022\\\/03\\\/07\\\/gradani-bih-naoruzani-do-zuba-evo-tko-najvise-objavljeni-su-podaci\\\/#primaryimage\"},\"thumbnailUrl\":\"https:\\\/\\\/radioljubuski.ba\\\/wp-content\\\/uploads\\\/2022\\\/03\\\/nO7BMwp1_oruzje_4.jpg\",\"datePublished\":\"2022-03-07T12:30:53+00:00\",\"dateModified\":\"2022-03-07T12:30:54+00:00\",\"breadcrumb\":{\"@id\":\"https:\\\/\\\/radioljubuski.ba\\\/index.php\\\/2022\\\/03\\\/07\\\/gradani-bih-naoruzani-do-zuba-evo-tko-najvise-objavljeni-su-podaci\\\/#breadcrumb\"},\"inLanguage\":\"hr\",\"potentialAction\":[{\"@type\":\"ReadAction\",\"target\":[\"https:\\\/\\\/radioljubuski.ba\\\/index.php\\\/2022\\\/03\\\/07\\\/gradani-bih-naoruzani-do-zuba-evo-tko-najvise-objavljeni-su-podaci\\\/\"]}]},{\"@type\":\"ImageObject\",\"inLanguage\":\"hr\",\"@id\":\"https:\\\/\\\/radioljubuski.ba\\\/index.php\\\/2022\\\/03\\\/07\\\/gradani-bih-naoruzani-do-zuba-evo-tko-najvise-objavljeni-su-podaci\\\/#primaryimage\",\"url\":\"https:\\\/\\\/radioljubuski.ba\\\/wp-content\\\/uploads\\\/2022\\\/03\\\/nO7BMwp1_oruzje_4.jpg\",\"contentUrl\":\"https:\\\/\\\/radioljubuski.ba\\\/wp-content\\\/uploads\\\/2022\\\/03\\\/nO7BMwp1_oruzje_4.jpg\",\"width\":1000,\"height\":625},{\"@type\":\"BreadcrumbList\",\"@id\":\"https:\\\/\\\/radioljubuski.ba\\\/index.php\\\/2022\\\/03\\\/07\\\/gradani-bih-naoruzani-do-zuba-evo-tko-najvise-objavljeni-su-podaci\\\/#breadcrumb\",\"itemListElement\":[{\"@type\":\"ListItem\",\"position\":1,\"name\":\"Po\u010detna stranica\",\"item\":\"https:\\\/\\\/radioljubuski.ba\\\/\"},{\"@type\":\"ListItem\",\"position\":2,\"name\":\"Gra\u0111ani BiH naoru\u017eani do zuba, evo tko najvi\u0161e. Objavljeni su podaci\"}]},{\"@type\":\"WebSite\",\"@id\":\"https:\\\/\\\/radioljubuski.ba\\\/#website\",\"url\":\"https:\\\/\\\/radioljubuski.ba\\\/\",\"name\":\"Radio Ljubu\u0161ki\",\"description\":\"Sun\u010dana frekvencija Hercegovine\",\"publisher\":{\"@id\":\"https:\\\/\\\/radioljubuski.ba\\\/#organization\"},\"potentialAction\":[{\"@type\":\"SearchAction\",\"target\":{\"@type\":\"EntryPoint\",\"urlTemplate\":\"https:\\\/\\\/radioljubuski.ba\\\/?s={search_term_string}\"},\"query-input\":{\"@type\":\"PropertyValueSpecification\",\"valueRequired\":true,\"valueName\":\"search_term_string\"}}],\"inLanguage\":\"hr\"},{\"@type\":\"Organization\",\"@id\":\"https:\\\/\\\/radioljubuski.ba\\\/#organization\",\"name\":\"Radio Ljubu\u0161ki\",\"url\":\"https:\\\/\\\/radioljubuski.ba\\\/\",\"logo\":{\"@type\":\"ImageObject\",\"inLanguage\":\"hr\",\"@id\":\"https:\\\/\\\/radioljubuski.ba\\\/#\\\/schema\\\/logo\\\/image\\\/\",\"url\":\"https:\\\/\\\/radioljubuski.ba\\\/wp-content\\\/uploads\\\/2021\\\/02\\\/cropped-Radio_Ljubuski_logo1.jpg\",\"contentUrl\":\"https:\\\/\\\/radioljubuski.ba\\\/wp-content\\\/uploads\\\/2021\\\/02\\\/cropped-Radio_Ljubuski_logo1.jpg\",\"width\":512,\"height\":512,\"caption\":\"Radio Ljubu\u0161ki\"},\"image\":{\"@id\":\"https:\\\/\\\/radioljubuski.ba\\\/#\\\/schema\\\/logo\\\/image\\\/\"},\"sameAs\":[\"https:\\\/\\\/www.facebook.com\\\/Radiio-Ljubuski-1490835324566332\",\"https:\\\/\\\/x.com\\\/radioljubuski\",\"https:\\\/\\\/hr.linkedin.com\\\/company\\\/radio-ljubuski\",\"https:\\\/\\\/www.youtube.com\\\/channel\\\/UCHYaeO_n0Db3tjNGudGpXyw\"]},{\"@type\":\"Person\",\"@id\":\"https:\\\/\\\/radioljubuski.ba\\\/#\\\/schema\\\/person\\\/19fc700381a780f69665d7956c469e3b\",\"name\":\"Radio Ljubu\u0161ki\"}]}<\/script>\n<!-- \/ Yoast SEO plugin. -->","yoast_head_json":{"title":"Gra\u0111ani BiH naoru\u017eani do zuba, evo tko najvi\u0161e. Objavljeni su podaci - RADIO LJUBU\u0160KI","robots":{"index":"index","follow":"follow","max-snippet":"max-snippet:-1","max-image-preview":"max-image-preview:large","max-video-preview":"max-video-preview:-1"},"canonical":"https:\/\/radioljubuski.ba\/index.php\/2022\/03\/07\/gradani-bih-naoruzani-do-zuba-evo-tko-najvise-objavljeni-su-podaci\/","og_locale":"hr_HR","og_type":"article","og_title":"Gra\u0111ani BiH naoru\u017eani do zuba, evo tko najvi\u0161e. Objavljeni su podaci - RADIO LJUBU\u0160KI","og_description":"Gra\u0111ani Bosne i Hercegovine i 30 godina nakon rata dobro su naoru\u017eani, a vlastima u toj zemlji uspijeva prona\u0107i i oduzeti tek simboli\u010dne koli\u010dine skrivenog naoru\u017eanja, proistje\u010de iz podataka koje prikupljaju i obra\u0111uju policijske i sigurnosne agencije u BiH i inozemstvu. Prema podacima koje je prikupilo i obradilo vladin Koordinacijski odbor za malo oru\u017eje i [&hellip;]","og_url":"https:\/\/radioljubuski.ba\/index.php\/2022\/03\/07\/gradani-bih-naoruzani-do-zuba-evo-tko-najvise-objavljeni-su-podaci\/","og_site_name":"RADIO LJUBU\u0160KI","article_publisher":"https:\/\/www.facebook.com\/Radiio-Ljubuski-1490835324566332","article_published_time":"2022-03-07T12:30:53+00:00","article_modified_time":"2022-03-07T12:30:54+00:00","og_image":[{"width":1000,"height":625,"url":"https:\/\/radioljubuski.ba\/wp-content\/uploads\/2022\/03\/nO7BMwp1_oruzje_4.jpg","type":"image\/jpeg"}],"author":"Radio Ljubu\u0161ki","twitter_card":"summary_large_image","twitter_creator":"@radioljubuski","twitter_site":"@radioljubuski","twitter_misc":{"Napisao\/la":"Radio Ljubu\u0161ki","Procijenjeno vrijeme \u010ditanja":"2 minute"},"schema":{"@context":"https:\/\/schema.org","@graph":[{"@type":"Article","@id":"https:\/\/radioljubuski.ba\/index.php\/2022\/03\/07\/gradani-bih-naoruzani-do-zuba-evo-tko-najvise-objavljeni-su-podaci\/#article","isPartOf":{"@id":"https:\/\/radioljubuski.ba\/index.php\/2022\/03\/07\/gradani-bih-naoruzani-do-zuba-evo-tko-najvise-objavljeni-su-podaci\/"},"author":{"name":"Radio Ljubu\u0161ki","@id":"https:\/\/radioljubuski.ba\/#\/schema\/person\/19fc700381a780f69665d7956c469e3b"},"headline":"Gra\u0111ani BiH naoru\u017eani do zuba, evo tko najvi\u0161e. Objavljeni su podaci","datePublished":"2022-03-07T12:30:53+00:00","dateModified":"2022-03-07T12:30:54+00:00","mainEntityOfPage":{"@id":"https:\/\/radioljubuski.ba\/index.php\/2022\/03\/07\/gradani-bih-naoruzani-do-zuba-evo-tko-najvise-objavljeni-su-podaci\/"},"wordCount":406,"publisher":{"@id":"https:\/\/radioljubuski.ba\/#organization"},"image":{"@id":"https:\/\/radioljubuski.ba\/index.php\/2022\/03\/07\/gradani-bih-naoruzani-do-zuba-evo-tko-najvise-objavljeni-su-podaci\/#primaryimage"},"thumbnailUrl":"https:\/\/radioljubuski.ba\/wp-content\/uploads\/2022\/03\/nO7BMwp1_oruzje_4.jpg","articleSection":["BIH i regija"],"inLanguage":"hr"},{"@type":"WebPage","@id":"https:\/\/radioljubuski.ba\/index.php\/2022\/03\/07\/gradani-bih-naoruzani-do-zuba-evo-tko-najvise-objavljeni-su-podaci\/","url":"https:\/\/radioljubuski.ba\/index.php\/2022\/03\/07\/gradani-bih-naoruzani-do-zuba-evo-tko-najvise-objavljeni-su-podaci\/","name":"Gra\u0111ani BiH naoru\u017eani do zuba, evo tko najvi\u0161e. Objavljeni su podaci - RADIO LJUBU\u0160KI","isPartOf":{"@id":"https:\/\/radioljubuski.ba\/#website"},"primaryImageOfPage":{"@id":"https:\/\/radioljubuski.ba\/index.php\/2022\/03\/07\/gradani-bih-naoruzani-do-zuba-evo-tko-najvise-objavljeni-su-podaci\/#primaryimage"},"image":{"@id":"https:\/\/radioljubuski.ba\/index.php\/2022\/03\/07\/gradani-bih-naoruzani-do-zuba-evo-tko-najvise-objavljeni-su-podaci\/#primaryimage"},"thumbnailUrl":"https:\/\/radioljubuski.ba\/wp-content\/uploads\/2022\/03\/nO7BMwp1_oruzje_4.jpg","datePublished":"2022-03-07T12:30:53+00:00","dateModified":"2022-03-07T12:30:54+00:00","breadcrumb":{"@id":"https:\/\/radioljubuski.ba\/index.php\/2022\/03\/07\/gradani-bih-naoruzani-do-zuba-evo-tko-najvise-objavljeni-su-podaci\/#breadcrumb"},"inLanguage":"hr","potentialAction":[{"@type":"ReadAction","target":["https:\/\/radioljubuski.ba\/index.php\/2022\/03\/07\/gradani-bih-naoruzani-do-zuba-evo-tko-najvise-objavljeni-su-podaci\/"]}]},{"@type":"ImageObject","inLanguage":"hr","@id":"https:\/\/radioljubuski.ba\/index.php\/2022\/03\/07\/gradani-bih-naoruzani-do-zuba-evo-tko-najvise-objavljeni-su-podaci\/#primaryimage","url":"https:\/\/radioljubuski.ba\/wp-content\/uploads\/2022\/03\/nO7BMwp1_oruzje_4.jpg","contentUrl":"https:\/\/radioljubuski.ba\/wp-content\/uploads\/2022\/03\/nO7BMwp1_oruzje_4.jpg","width":1000,"height":625},{"@type":"BreadcrumbList","@id":"https:\/\/radioljubuski.ba\/index.php\/2022\/03\/07\/gradani-bih-naoruzani-do-zuba-evo-tko-najvise-objavljeni-su-podaci\/#breadcrumb","itemListElement":[{"@type":"ListItem","position":1,"name":"Po\u010detna stranica","item":"https:\/\/radioljubuski.ba\/"},{"@type":"ListItem","position":2,"name":"Gra\u0111ani BiH naoru\u017eani do zuba, evo tko najvi\u0161e. Objavljeni su podaci"}]},{"@type":"WebSite","@id":"https:\/\/radioljubuski.ba\/#website","url":"https:\/\/radioljubuski.ba\/","name":"Radio Ljubu\u0161ki","description":"Sun\u010dana frekvencija Hercegovine","publisher":{"@id":"https:\/\/radioljubuski.ba\/#organization"},"potentialAction":[{"@type":"SearchAction","target":{"@type":"EntryPoint","urlTemplate":"https:\/\/radioljubuski.ba\/?s={search_term_string}"},"query-input":{"@type":"PropertyValueSpecification","valueRequired":true,"valueName":"search_term_string"}}],"inLanguage":"hr"},{"@type":"Organization","@id":"https:\/\/radioljubuski.ba\/#organization","name":"Radio Ljubu\u0161ki","url":"https:\/\/radioljubuski.ba\/","logo":{"@type":"ImageObject","inLanguage":"hr","@id":"https:\/\/radioljubuski.ba\/#\/schema\/logo\/image\/","url":"https:\/\/radioljubuski.ba\/wp-content\/uploads\/2021\/02\/cropped-Radio_Ljubuski_logo1.jpg","contentUrl":"https:\/\/radioljubuski.ba\/wp-content\/uploads\/2021\/02\/cropped-Radio_Ljubuski_logo1.jpg","width":512,"height":512,"caption":"Radio Ljubu\u0161ki"},"image":{"@id":"https:\/\/radioljubuski.ba\/#\/schema\/logo\/image\/"},"sameAs":["https:\/\/www.facebook.com\/Radiio-Ljubuski-1490835324566332","https:\/\/x.com\/radioljubuski","https:\/\/hr.linkedin.com\/company\/radio-ljubuski","https:\/\/www.youtube.com\/channel\/UCHYaeO_n0Db3tjNGudGpXyw"]},{"@type":"Person","@id":"https:\/\/radioljubuski.ba\/#\/schema\/person\/19fc700381a780f69665d7956c469e3b","name":"Radio Ljubu\u0161ki"}]}},"_links":{"self":[{"href":"https:\/\/radioljubuski.ba\/index.php\/wp-json\/wp\/v2\/posts\/118901","targetHints":{"allow":["GET"]}}],"collection":[{"href":"https:\/\/radioljubuski.ba\/index.php\/wp-json\/wp\/v2\/posts"}],"about":[{"href":"https:\/\/radioljubuski.ba\/index.php\/wp-json\/wp\/v2\/types\/post"}],"author":[{"embeddable":true,"href":"https:\/\/radioljubuski.ba\/index.php\/wp-json\/wp\/v2\/users\/2"}],"replies":[{"embeddable":true,"href":"https:\/\/radioljubuski.ba\/index.php\/wp-json\/wp\/v2\/comments?post=118901"}],"version-history":[{"count":1,"href":"https:\/\/radioljubuski.ba\/index.php\/wp-json\/wp\/v2\/posts\/118901\/revisions"}],"predecessor-version":[{"id":118903,"href":"https:\/\/radioljubuski.ba\/index.php\/wp-json\/wp\/v2\/posts\/118901\/revisions\/118903"}],"wp:featuredmedia":[{"embeddable":true,"href":"https:\/\/radioljubuski.ba\/index.php\/wp-json\/wp\/v2\/media\/118902"}],"wp:attachment":[{"href":"https:\/\/radioljubuski.ba\/index.php\/wp-json\/wp\/v2\/media?parent=118901"}],"wp:term":[{"taxonomy":"category","embeddable":true,"href":"https:\/\/radioljubuski.ba\/index.php\/wp-json\/wp\/v2\/categories?post=118901"},{"taxonomy":"post_tag","embeddable":true,"href":"https:\/\/radioljubuski.ba\/index.php\/wp-json\/wp\/v2\/tags?post=118901"}],"curies":[{"name":"wp","href":"https:\/\/api.w.org\/{rel}","templated":true}]}}