{"id":118904,"date":"2022-03-07T13:31:54","date_gmt":"2022-03-07T12:31:54","guid":{"rendered":"https:\/\/radioljubuski.ba\/?p=118904"},"modified":"2022-03-07T13:31:55","modified_gmt":"2022-03-07T12:31:55","slug":"cijene-hrane-otisle-u-nebo-ruse-se-rekordi-pogledajte-sto-je-najvise-poskupjelo","status":"publish","type":"post","link":"https:\/\/radioljubuski.ba\/index.php\/2022\/03\/07\/cijene-hrane-otisle-u-nebo-ruse-se-rekordi-pogledajte-sto-je-najvise-poskupjelo\/","title":{"rendered":"Cijene hrane oti\u0161le u nebo: Ru\u0161e se rekordi, pogledajte \u0161to je najvi\u0161e poskupjelo"},"content":{"rendered":"\n<p>Cijene hrane u svijetu porasle su u velja\u010di 24,1 posto u odnosu na isti pro\u0161logodi\u0161nji mjesec, dosegnuv\u0161i najvi\u0161u razinu otkada agencija Ujedinjenih naroda FAO prati podatke, potaknute poskupljenjem biljnih ulja i mlijeka i mlije\u010dnih proizvoda.<\/p>\n\n\n\n<p>FAO-v indeks cijena ko\u0161arice osnovnih prehrambenih proizvoda porastao je u velja\u010di za 3,9 posto u odnosu na revidiranu vrijednost za sije\u010danj, na prosje\u010dnih 140,7 bodova, \u0161to je njegova najvi\u0161a vrijednost otkada je agencija UN-a po\u010dela objavljivati izvje\u0161\u0107a.<\/p>\n\n\n\n<p>U odnosu na velja\u010du pro\u0161le godine porastao je za 24,1 posto, pokazuje izvje\u0161\u0107e FAO-a, objavljeno u petak.<\/p>\n\n\n\n<p>Najvi\u0161e su u velja\u010di porasle cijene biljnih ulja, za 8,5 posto u odnosu na sije\u010danj, dosegnuv\u0161i najvi\u0161u razinu otkada FAO prati podatke, odra\u017eavaju\u0107i poskupljenje palminog, sojinog i suncokretovog ulja.<\/p>\n\n\n\n<p>U FAO-u isti\u010du strah od poreme\u0107aja u izvozu suncokretovog ulja iz crnomorske regije nakon ruskog napada na Ukrajinu, koja zajedno s Rusijom \u010dini oko 80 posto svjetskog izvoznog tr\u017ei\u0161ta.<\/p>\n\n\n\n<p>Cijene \u017eitarica porasle su na mjese\u010dnoj razini 3,0 posto, odra\u017eavaju\u0107i skok cijena kukuruza, za 5,1 posto, i cijena p\u0161enice, za 2,1 posto, pod utjecajem neizvjesne opskrbe preko crnomorskih luka.<\/p>\n\n\n\n<p>Podaci za velja\u010du uglavnom su prikupljeni prije ruske invazije na Ukrajinu i analiti\u010dari upozoravaju da bi produljeni sukob mogao sna\u017eno utjecati na izvoz \u017eitarica.<\/p>\n\n\n\n<p>FAO-ov indeks cijena mlije\u010dnih proizvoda porastao je 6,4 posto u odnosu na sije\u010danj, poduprt oskudnom globalnom opskrbom, a indeks koji pokazuje kretanje cijena mesa za 1,1 posto.<\/p>\n\n\n\n<p>Samo je \u0161e\u0107er pojeftinio u odnosu na sije\u010danj, za 1,9 posto, djelomice zahvaljuju\u0107i povoljnim izgledima za proizvodnju u velikim izvoznicama Indiji i Tajlandu.<\/p>\n\n\n\n<p>Zabrinutost za urod i izvoz tek djelomice obja\u0161njava aktualni skok cijena, isti\u010de u priop\u0107enju ekonomist FAO-a Upali Galketi Aratchilage.<\/p>\n\n\n\n<p>\u201cZnatno su ja\u010di pokreta\u010d rasta cijena \u010dimbenici izvan samog sektora proizvodnje hrane, posebice u energetskom i sektorima proizvodnje umjetnih gnojiva i sto\u010dne hrane\u201d, obja\u0161njava Aratchilage.<\/p>\n\n\n\n<p>Svi ti faktori smanjuu zaradu proizvo\u0111a\u010da hrane i odvra\u0107aju ih od ulaganja i \u0161irenja proizvodnje, dodaje.<\/p>\n\n\n\n<p>Vi\u0161e cijene hrane pridonijele su \u0161irem porastu inflacije u uvjetima kada se gospodarstva oporavljaju od krize uzrokovane koronavirusom, a FAO je upozorio da vi\u0161i tro\u0161kovi dovode u opasnost siroma\u0161nije stanovni\u0161tvo u zemljama koje se oslanjaju na uvoz.<\/p>\n\n\n\n<p><strong>Ve\u0107a proizvodnja p\u0161enice?<\/strong><\/p>\n\n\n\n<p>U odvojenom izvje\u0161\u0107u o ponudi i potra\u017enji na tr\u017ei\u0161tima \u017eitarica FAO procjenjuje da \u0107e proizvodnja p\u0161enice ove godine porasti 1,9 posto, na 790 milijuna tona, zahvaljuju\u0107i o\u010dekivanom boljem prinosu i ve\u0107im zasijanim povr\u0161inama u Kanadi, SAD-u i Aziji.<\/p>\n\n\n\n<p>Upozorili su ipak da njezine projekcije ne uzimaju u obzir mogu\u0107i utjecaj sukoba izme\u0111u Rusije i Ukrajine.<\/p>\n\n\n\n<p>Proizvodnja kukuruza u Argentini i Brazilu trebala bi biti iznad iznad prosjeka, posebice u Brazilu gdje se o\u010dekuje rekordnih 112 milijuna tona.<\/p>\n\n\n\n<p>Potro\u0161nja \u017eitarica u sezoni 2022\/2023. trebala bi porasti 1,5 posto, na 2,8 milijardi tona.<\/p>\n\n\n\n<p>Zalihe bi na kraju sezone u ovoj godini trebale iznositi 836,8 milijuna tona, \u010dime se FAO podigao procjenu iz velja\u010de za 1,4 posto.<\/p>\n\n\n\n<p>Izvor:pogled.ba<\/p>\n","protected":false},"excerpt":{"rendered":"<p>Cijene hrane u svijetu porasle su u velja\u010di 24,1 posto u odnosu na isti pro\u0161logodi\u0161nji mjesec, dosegnuv\u0161i najvi\u0161u razinu otkada agencija Ujedinjenih naroda FAO prati podatke, potaknute poskupljenjem biljnih ulja i mlijeka i mlije\u010dnih proizvoda. FAO-v indeks cijena ko\u0161arice osnovnih prehrambenih proizvoda porastao je u velja\u010di za 3,9 posto u odnosu na revidiranu vrijednost za [&hellip;]<\/p>\n","protected":false},"author":2,"featured_media":118162,"comment_status":"closed","ping_status":"closed","sticky":false,"template":"","format":"standard","meta":{"h5ap_radio_sources":[],"footnotes":""},"categories":[1],"tags":[],"class_list":["post-118904","post","type-post","status-publish","format-standard","has-post-thumbnail","hentry","category-bihiregija"],"yoast_head":"<!-- This site is optimized with the Yoast SEO plugin v27.5 - https:\/\/yoast.com\/product\/yoast-seo-wordpress\/ -->\n<title>Cijene hrane oti\u0161le u nebo: Ru\u0161e se rekordi, pogledajte \u0161to je najvi\u0161e poskupjelo - RADIO LJUBU\u0160KI<\/title>\n<meta name=\"robots\" content=\"index, follow, max-snippet:-1, max-image-preview:large, max-video-preview:-1\" \/>\n<link rel=\"canonical\" href=\"https:\/\/radioljubuski.ba\/index.php\/2022\/03\/07\/cijene-hrane-otisle-u-nebo-ruse-se-rekordi-pogledajte-sto-je-najvise-poskupjelo\/\" \/>\n<meta property=\"og:locale\" content=\"hr_HR\" \/>\n<meta property=\"og:type\" content=\"article\" \/>\n<meta property=\"og:title\" content=\"Cijene hrane oti\u0161le u nebo: Ru\u0161e se rekordi, pogledajte \u0161to je najvi\u0161e poskupjelo - RADIO LJUBU\u0160KI\" \/>\n<meta property=\"og:description\" content=\"Cijene hrane u svijetu porasle su u velja\u010di 24,1 posto u odnosu na isti pro\u0161logodi\u0161nji mjesec, dosegnuv\u0161i najvi\u0161u razinu otkada agencija Ujedinjenih naroda FAO prati podatke, potaknute poskupljenjem biljnih ulja i mlijeka i mlije\u010dnih proizvoda. FAO-v indeks cijena ko\u0161arice osnovnih prehrambenih proizvoda porastao je u velja\u010di za 3,9 posto u odnosu na revidiranu vrijednost za [&hellip;]\" \/>\n<meta property=\"og:url\" content=\"https:\/\/radioljubuski.ba\/index.php\/2022\/03\/07\/cijene-hrane-otisle-u-nebo-ruse-se-rekordi-pogledajte-sto-je-najvise-poskupjelo\/\" \/>\n<meta property=\"og:site_name\" content=\"RADIO LJUBU\u0160KI\" \/>\n<meta property=\"article:publisher\" content=\"https:\/\/www.facebook.com\/Radiio-Ljubuski-1490835324566332\" \/>\n<meta property=\"article:published_time\" content=\"2022-03-07T12:31:54+00:00\" \/>\n<meta property=\"article:modified_time\" content=\"2022-03-07T12:31:55+00:00\" \/>\n<meta property=\"og:image\" content=\"https:\/\/radioljubuski.ba\/wp-content\/uploads\/2022\/03\/iOrxZMnv_trznica.jpg\" \/>\n\t<meta property=\"og:image:width\" content=\"1000\" \/>\n\t<meta property=\"og:image:height\" content=\"625\" \/>\n\t<meta property=\"og:image:type\" content=\"image\/jpeg\" \/>\n<meta name=\"author\" content=\"Radio Ljubu\u0161ki\" \/>\n<meta name=\"twitter:card\" content=\"summary_large_image\" \/>\n<meta name=\"twitter:creator\" content=\"@radioljubuski\" \/>\n<meta name=\"twitter:site\" content=\"@radioljubuski\" \/>\n<meta name=\"twitter:label1\" content=\"Napisao\/la\" \/>\n\t<meta name=\"twitter:data1\" content=\"Radio Ljubu\u0161ki\" \/>\n\t<meta name=\"twitter:label2\" content=\"Procijenjeno vrijeme \u010ditanja\" \/>\n\t<meta name=\"twitter:data2\" content=\"3 minute\" \/>\n<script type=\"application\/ld+json\" class=\"yoast-schema-graph\">{\"@context\":\"https:\\\/\\\/schema.org\",\"@graph\":[{\"@type\":\"Article\",\"@id\":\"https:\\\/\\\/radioljubuski.ba\\\/index.php\\\/2022\\\/03\\\/07\\\/cijene-hrane-otisle-u-nebo-ruse-se-rekordi-pogledajte-sto-je-najvise-poskupjelo\\\/#article\",\"isPartOf\":{\"@id\":\"https:\\\/\\\/radioljubuski.ba\\\/index.php\\\/2022\\\/03\\\/07\\\/cijene-hrane-otisle-u-nebo-ruse-se-rekordi-pogledajte-sto-je-najvise-poskupjelo\\\/\"},\"author\":{\"name\":\"Radio Ljubu\u0161ki\",\"@id\":\"https:\\\/\\\/radioljubuski.ba\\\/#\\\/schema\\\/person\\\/19fc700381a780f69665d7956c469e3b\"},\"headline\":\"Cijene hrane oti\u0161le u nebo: Ru\u0161e se rekordi, pogledajte \u0161to je najvi\u0161e poskupjelo\",\"datePublished\":\"2022-03-07T12:31:54+00:00\",\"dateModified\":\"2022-03-07T12:31:55+00:00\",\"mainEntityOfPage\":{\"@id\":\"https:\\\/\\\/radioljubuski.ba\\\/index.php\\\/2022\\\/03\\\/07\\\/cijene-hrane-otisle-u-nebo-ruse-se-rekordi-pogledajte-sto-je-najvise-poskupjelo\\\/\"},\"wordCount\":532,\"publisher\":{\"@id\":\"https:\\\/\\\/radioljubuski.ba\\\/#organization\"},\"image\":{\"@id\":\"https:\\\/\\\/radioljubuski.ba\\\/index.php\\\/2022\\\/03\\\/07\\\/cijene-hrane-otisle-u-nebo-ruse-se-rekordi-pogledajte-sto-je-najvise-poskupjelo\\\/#primaryimage\"},\"thumbnailUrl\":\"https:\\\/\\\/radioljubuski.ba\\\/wp-content\\\/uploads\\\/2022\\\/03\\\/iOrxZMnv_trznica.jpg\",\"articleSection\":[\"BIH i regija\"],\"inLanguage\":\"hr\"},{\"@type\":\"WebPage\",\"@id\":\"https:\\\/\\\/radioljubuski.ba\\\/index.php\\\/2022\\\/03\\\/07\\\/cijene-hrane-otisle-u-nebo-ruse-se-rekordi-pogledajte-sto-je-najvise-poskupjelo\\\/\",\"url\":\"https:\\\/\\\/radioljubuski.ba\\\/index.php\\\/2022\\\/03\\\/07\\\/cijene-hrane-otisle-u-nebo-ruse-se-rekordi-pogledajte-sto-je-najvise-poskupjelo\\\/\",\"name\":\"Cijene hrane oti\u0161le u nebo: Ru\u0161e se rekordi, pogledajte \u0161to je najvi\u0161e poskupjelo - RADIO LJUBU\u0160KI\",\"isPartOf\":{\"@id\":\"https:\\\/\\\/radioljubuski.ba\\\/#website\"},\"primaryImageOfPage\":{\"@id\":\"https:\\\/\\\/radioljubuski.ba\\\/index.php\\\/2022\\\/03\\\/07\\\/cijene-hrane-otisle-u-nebo-ruse-se-rekordi-pogledajte-sto-je-najvise-poskupjelo\\\/#primaryimage\"},\"image\":{\"@id\":\"https:\\\/\\\/radioljubuski.ba\\\/index.php\\\/2022\\\/03\\\/07\\\/cijene-hrane-otisle-u-nebo-ruse-se-rekordi-pogledajte-sto-je-najvise-poskupjelo\\\/#primaryimage\"},\"thumbnailUrl\":\"https:\\\/\\\/radioljubuski.ba\\\/wp-content\\\/uploads\\\/2022\\\/03\\\/iOrxZMnv_trznica.jpg\",\"datePublished\":\"2022-03-07T12:31:54+00:00\",\"dateModified\":\"2022-03-07T12:31:55+00:00\",\"breadcrumb\":{\"@id\":\"https:\\\/\\\/radioljubuski.ba\\\/index.php\\\/2022\\\/03\\\/07\\\/cijene-hrane-otisle-u-nebo-ruse-se-rekordi-pogledajte-sto-je-najvise-poskupjelo\\\/#breadcrumb\"},\"inLanguage\":\"hr\",\"potentialAction\":[{\"@type\":\"ReadAction\",\"target\":[\"https:\\\/\\\/radioljubuski.ba\\\/index.php\\\/2022\\\/03\\\/07\\\/cijene-hrane-otisle-u-nebo-ruse-se-rekordi-pogledajte-sto-je-najvise-poskupjelo\\\/\"]}]},{\"@type\":\"ImageObject\",\"inLanguage\":\"hr\",\"@id\":\"https:\\\/\\\/radioljubuski.ba\\\/index.php\\\/2022\\\/03\\\/07\\\/cijene-hrane-otisle-u-nebo-ruse-se-rekordi-pogledajte-sto-je-najvise-poskupjelo\\\/#primaryimage\",\"url\":\"https:\\\/\\\/radioljubuski.ba\\\/wp-content\\\/uploads\\\/2022\\\/03\\\/iOrxZMnv_trznica.jpg\",\"contentUrl\":\"https:\\\/\\\/radioljubuski.ba\\\/wp-content\\\/uploads\\\/2022\\\/03\\\/iOrxZMnv_trznica.jpg\",\"width\":1000,\"height\":625},{\"@type\":\"BreadcrumbList\",\"@id\":\"https:\\\/\\\/radioljubuski.ba\\\/index.php\\\/2022\\\/03\\\/07\\\/cijene-hrane-otisle-u-nebo-ruse-se-rekordi-pogledajte-sto-je-najvise-poskupjelo\\\/#breadcrumb\",\"itemListElement\":[{\"@type\":\"ListItem\",\"position\":1,\"name\":\"Po\u010detna stranica\",\"item\":\"https:\\\/\\\/radioljubuski.ba\\\/\"},{\"@type\":\"ListItem\",\"position\":2,\"name\":\"Cijene hrane oti\u0161le u nebo: Ru\u0161e se rekordi, pogledajte \u0161to je najvi\u0161e poskupjelo\"}]},{\"@type\":\"WebSite\",\"@id\":\"https:\\\/\\\/radioljubuski.ba\\\/#website\",\"url\":\"https:\\\/\\\/radioljubuski.ba\\\/\",\"name\":\"Radio Ljubu\u0161ki\",\"description\":\"Sun\u010dana frekvencija Hercegovine\",\"publisher\":{\"@id\":\"https:\\\/\\\/radioljubuski.ba\\\/#organization\"},\"potentialAction\":[{\"@type\":\"SearchAction\",\"target\":{\"@type\":\"EntryPoint\",\"urlTemplate\":\"https:\\\/\\\/radioljubuski.ba\\\/?s={search_term_string}\"},\"query-input\":{\"@type\":\"PropertyValueSpecification\",\"valueRequired\":true,\"valueName\":\"search_term_string\"}}],\"inLanguage\":\"hr\"},{\"@type\":\"Organization\",\"@id\":\"https:\\\/\\\/radioljubuski.ba\\\/#organization\",\"name\":\"Radio Ljubu\u0161ki\",\"url\":\"https:\\\/\\\/radioljubuski.ba\\\/\",\"logo\":{\"@type\":\"ImageObject\",\"inLanguage\":\"hr\",\"@id\":\"https:\\\/\\\/radioljubuski.ba\\\/#\\\/schema\\\/logo\\\/image\\\/\",\"url\":\"https:\\\/\\\/radioljubuski.ba\\\/wp-content\\\/uploads\\\/2021\\\/02\\\/cropped-Radio_Ljubuski_logo1.jpg\",\"contentUrl\":\"https:\\\/\\\/radioljubuski.ba\\\/wp-content\\\/uploads\\\/2021\\\/02\\\/cropped-Radio_Ljubuski_logo1.jpg\",\"width\":512,\"height\":512,\"caption\":\"Radio Ljubu\u0161ki\"},\"image\":{\"@id\":\"https:\\\/\\\/radioljubuski.ba\\\/#\\\/schema\\\/logo\\\/image\\\/\"},\"sameAs\":[\"https:\\\/\\\/www.facebook.com\\\/Radiio-Ljubuski-1490835324566332\",\"https:\\\/\\\/x.com\\\/radioljubuski\",\"https:\\\/\\\/hr.linkedin.com\\\/company\\\/radio-ljubuski\",\"https:\\\/\\\/www.youtube.com\\\/channel\\\/UCHYaeO_n0Db3tjNGudGpXyw\"]},{\"@type\":\"Person\",\"@id\":\"https:\\\/\\\/radioljubuski.ba\\\/#\\\/schema\\\/person\\\/19fc700381a780f69665d7956c469e3b\",\"name\":\"Radio Ljubu\u0161ki\"}]}<\/script>\n<!-- \/ Yoast SEO plugin. -->","yoast_head_json":{"title":"Cijene hrane oti\u0161le u nebo: Ru\u0161e se rekordi, pogledajte \u0161to je najvi\u0161e poskupjelo - RADIO LJUBU\u0160KI","robots":{"index":"index","follow":"follow","max-snippet":"max-snippet:-1","max-image-preview":"max-image-preview:large","max-video-preview":"max-video-preview:-1"},"canonical":"https:\/\/radioljubuski.ba\/index.php\/2022\/03\/07\/cijene-hrane-otisle-u-nebo-ruse-se-rekordi-pogledajte-sto-je-najvise-poskupjelo\/","og_locale":"hr_HR","og_type":"article","og_title":"Cijene hrane oti\u0161le u nebo: Ru\u0161e se rekordi, pogledajte \u0161to je najvi\u0161e poskupjelo - RADIO LJUBU\u0160KI","og_description":"Cijene hrane u svijetu porasle su u velja\u010di 24,1 posto u odnosu na isti pro\u0161logodi\u0161nji mjesec, dosegnuv\u0161i najvi\u0161u razinu otkada agencija Ujedinjenih naroda FAO prati podatke, potaknute poskupljenjem biljnih ulja i mlijeka i mlije\u010dnih proizvoda. FAO-v indeks cijena ko\u0161arice osnovnih prehrambenih proizvoda porastao je u velja\u010di za 3,9 posto u odnosu na revidiranu vrijednost za [&hellip;]","og_url":"https:\/\/radioljubuski.ba\/index.php\/2022\/03\/07\/cijene-hrane-otisle-u-nebo-ruse-se-rekordi-pogledajte-sto-je-najvise-poskupjelo\/","og_site_name":"RADIO LJUBU\u0160KI","article_publisher":"https:\/\/www.facebook.com\/Radiio-Ljubuski-1490835324566332","article_published_time":"2022-03-07T12:31:54+00:00","article_modified_time":"2022-03-07T12:31:55+00:00","og_image":[{"width":1000,"height":625,"url":"https:\/\/radioljubuski.ba\/wp-content\/uploads\/2022\/03\/iOrxZMnv_trznica.jpg","type":"image\/jpeg"}],"author":"Radio Ljubu\u0161ki","twitter_card":"summary_large_image","twitter_creator":"@radioljubuski","twitter_site":"@radioljubuski","twitter_misc":{"Napisao\/la":"Radio Ljubu\u0161ki","Procijenjeno vrijeme \u010ditanja":"3 minute"},"schema":{"@context":"https:\/\/schema.org","@graph":[{"@type":"Article","@id":"https:\/\/radioljubuski.ba\/index.php\/2022\/03\/07\/cijene-hrane-otisle-u-nebo-ruse-se-rekordi-pogledajte-sto-je-najvise-poskupjelo\/#article","isPartOf":{"@id":"https:\/\/radioljubuski.ba\/index.php\/2022\/03\/07\/cijene-hrane-otisle-u-nebo-ruse-se-rekordi-pogledajte-sto-je-najvise-poskupjelo\/"},"author":{"name":"Radio Ljubu\u0161ki","@id":"https:\/\/radioljubuski.ba\/#\/schema\/person\/19fc700381a780f69665d7956c469e3b"},"headline":"Cijene hrane oti\u0161le u nebo: Ru\u0161e se rekordi, pogledajte \u0161to je najvi\u0161e poskupjelo","datePublished":"2022-03-07T12:31:54+00:00","dateModified":"2022-03-07T12:31:55+00:00","mainEntityOfPage":{"@id":"https:\/\/radioljubuski.ba\/index.php\/2022\/03\/07\/cijene-hrane-otisle-u-nebo-ruse-se-rekordi-pogledajte-sto-je-najvise-poskupjelo\/"},"wordCount":532,"publisher":{"@id":"https:\/\/radioljubuski.ba\/#organization"},"image":{"@id":"https:\/\/radioljubuski.ba\/index.php\/2022\/03\/07\/cijene-hrane-otisle-u-nebo-ruse-se-rekordi-pogledajte-sto-je-najvise-poskupjelo\/#primaryimage"},"thumbnailUrl":"https:\/\/radioljubuski.ba\/wp-content\/uploads\/2022\/03\/iOrxZMnv_trznica.jpg","articleSection":["BIH i regija"],"inLanguage":"hr"},{"@type":"WebPage","@id":"https:\/\/radioljubuski.ba\/index.php\/2022\/03\/07\/cijene-hrane-otisle-u-nebo-ruse-se-rekordi-pogledajte-sto-je-najvise-poskupjelo\/","url":"https:\/\/radioljubuski.ba\/index.php\/2022\/03\/07\/cijene-hrane-otisle-u-nebo-ruse-se-rekordi-pogledajte-sto-je-najvise-poskupjelo\/","name":"Cijene hrane oti\u0161le u nebo: Ru\u0161e se rekordi, pogledajte \u0161to je najvi\u0161e poskupjelo - RADIO LJUBU\u0160KI","isPartOf":{"@id":"https:\/\/radioljubuski.ba\/#website"},"primaryImageOfPage":{"@id":"https:\/\/radioljubuski.ba\/index.php\/2022\/03\/07\/cijene-hrane-otisle-u-nebo-ruse-se-rekordi-pogledajte-sto-je-najvise-poskupjelo\/#primaryimage"},"image":{"@id":"https:\/\/radioljubuski.ba\/index.php\/2022\/03\/07\/cijene-hrane-otisle-u-nebo-ruse-se-rekordi-pogledajte-sto-je-najvise-poskupjelo\/#primaryimage"},"thumbnailUrl":"https:\/\/radioljubuski.ba\/wp-content\/uploads\/2022\/03\/iOrxZMnv_trznica.jpg","datePublished":"2022-03-07T12:31:54+00:00","dateModified":"2022-03-07T12:31:55+00:00","breadcrumb":{"@id":"https:\/\/radioljubuski.ba\/index.php\/2022\/03\/07\/cijene-hrane-otisle-u-nebo-ruse-se-rekordi-pogledajte-sto-je-najvise-poskupjelo\/#breadcrumb"},"inLanguage":"hr","potentialAction":[{"@type":"ReadAction","target":["https:\/\/radioljubuski.ba\/index.php\/2022\/03\/07\/cijene-hrane-otisle-u-nebo-ruse-se-rekordi-pogledajte-sto-je-najvise-poskupjelo\/"]}]},{"@type":"ImageObject","inLanguage":"hr","@id":"https:\/\/radioljubuski.ba\/index.php\/2022\/03\/07\/cijene-hrane-otisle-u-nebo-ruse-se-rekordi-pogledajte-sto-je-najvise-poskupjelo\/#primaryimage","url":"https:\/\/radioljubuski.ba\/wp-content\/uploads\/2022\/03\/iOrxZMnv_trznica.jpg","contentUrl":"https:\/\/radioljubuski.ba\/wp-content\/uploads\/2022\/03\/iOrxZMnv_trznica.jpg","width":1000,"height":625},{"@type":"BreadcrumbList","@id":"https:\/\/radioljubuski.ba\/index.php\/2022\/03\/07\/cijene-hrane-otisle-u-nebo-ruse-se-rekordi-pogledajte-sto-je-najvise-poskupjelo\/#breadcrumb","itemListElement":[{"@type":"ListItem","position":1,"name":"Po\u010detna stranica","item":"https:\/\/radioljubuski.ba\/"},{"@type":"ListItem","position":2,"name":"Cijene hrane oti\u0161le u nebo: Ru\u0161e se rekordi, pogledajte \u0161to je najvi\u0161e poskupjelo"}]},{"@type":"WebSite","@id":"https:\/\/radioljubuski.ba\/#website","url":"https:\/\/radioljubuski.ba\/","name":"Radio Ljubu\u0161ki","description":"Sun\u010dana frekvencija Hercegovine","publisher":{"@id":"https:\/\/radioljubuski.ba\/#organization"},"potentialAction":[{"@type":"SearchAction","target":{"@type":"EntryPoint","urlTemplate":"https:\/\/radioljubuski.ba\/?s={search_term_string}"},"query-input":{"@type":"PropertyValueSpecification","valueRequired":true,"valueName":"search_term_string"}}],"inLanguage":"hr"},{"@type":"Organization","@id":"https:\/\/radioljubuski.ba\/#organization","name":"Radio Ljubu\u0161ki","url":"https:\/\/radioljubuski.ba\/","logo":{"@type":"ImageObject","inLanguage":"hr","@id":"https:\/\/radioljubuski.ba\/#\/schema\/logo\/image\/","url":"https:\/\/radioljubuski.ba\/wp-content\/uploads\/2021\/02\/cropped-Radio_Ljubuski_logo1.jpg","contentUrl":"https:\/\/radioljubuski.ba\/wp-content\/uploads\/2021\/02\/cropped-Radio_Ljubuski_logo1.jpg","width":512,"height":512,"caption":"Radio Ljubu\u0161ki"},"image":{"@id":"https:\/\/radioljubuski.ba\/#\/schema\/logo\/image\/"},"sameAs":["https:\/\/www.facebook.com\/Radiio-Ljubuski-1490835324566332","https:\/\/x.com\/radioljubuski","https:\/\/hr.linkedin.com\/company\/radio-ljubuski","https:\/\/www.youtube.com\/channel\/UCHYaeO_n0Db3tjNGudGpXyw"]},{"@type":"Person","@id":"https:\/\/radioljubuski.ba\/#\/schema\/person\/19fc700381a780f69665d7956c469e3b","name":"Radio Ljubu\u0161ki"}]}},"_links":{"self":[{"href":"https:\/\/radioljubuski.ba\/index.php\/wp-json\/wp\/v2\/posts\/118904","targetHints":{"allow":["GET"]}}],"collection":[{"href":"https:\/\/radioljubuski.ba\/index.php\/wp-json\/wp\/v2\/posts"}],"about":[{"href":"https:\/\/radioljubuski.ba\/index.php\/wp-json\/wp\/v2\/types\/post"}],"author":[{"embeddable":true,"href":"https:\/\/radioljubuski.ba\/index.php\/wp-json\/wp\/v2\/users\/2"}],"replies":[{"embeddable":true,"href":"https:\/\/radioljubuski.ba\/index.php\/wp-json\/wp\/v2\/comments?post=118904"}],"version-history":[{"count":1,"href":"https:\/\/radioljubuski.ba\/index.php\/wp-json\/wp\/v2\/posts\/118904\/revisions"}],"predecessor-version":[{"id":118905,"href":"https:\/\/radioljubuski.ba\/index.php\/wp-json\/wp\/v2\/posts\/118904\/revisions\/118905"}],"wp:featuredmedia":[{"embeddable":true,"href":"https:\/\/radioljubuski.ba\/index.php\/wp-json\/wp\/v2\/media\/118162"}],"wp:attachment":[{"href":"https:\/\/radioljubuski.ba\/index.php\/wp-json\/wp\/v2\/media?parent=118904"}],"wp:term":[{"taxonomy":"category","embeddable":true,"href":"https:\/\/radioljubuski.ba\/index.php\/wp-json\/wp\/v2\/categories?post=118904"},{"taxonomy":"post_tag","embeddable":true,"href":"https:\/\/radioljubuski.ba\/index.php\/wp-json\/wp\/v2\/tags?post=118904"}],"curies":[{"name":"wp","href":"https:\/\/api.w.org\/{rel}","templated":true}]}}