{"id":118917,"date":"2022-03-07T13:38:17","date_gmt":"2022-03-07T12:38:17","guid":{"rendered":"https:\/\/radioljubuski.ba\/?p=118917"},"modified":"2022-03-07T13:38:18","modified_gmt":"2022-03-07T12:38:18","slug":"kroz-yourjob-projekt-u-bih-zaposleno-oko-500-mladih-osoba-o-iskustvu-govorili-mostarci","status":"publish","type":"post","link":"https:\/\/radioljubuski.ba\/index.php\/2022\/03\/07\/kroz-yourjob-projekt-u-bih-zaposleno-oko-500-mladih-osoba-o-iskustvu-govorili-mostarci\/","title":{"rendered":"Kroz YourJob projekt u BiH zaposleno oko 500 mladih osoba, o iskustvu govorili Mostarci"},"content":{"rendered":"\n<p>Oko 500 mladih osoba iz Bosne i Hercegovine prona\u0161lo je stalno zaposlenje nakon zavr\u0161ene aktivnosti unutar projekta YourJob, dok je 70 mladih zakora\u010dilo u proces samozapo\u0161ljavanja \u2013 re\u010deno je u ponedjeljak u Mostaru na okruglom stolu &#8220;Nezaposlenost mladih i va\u017enost prvog radnog iskustva&#8221;.<\/p>\n\n\n\n<p>Ovaj projekt potpore mladima pri zapo\u0161ljavanju u na\u0161oj zemlji provodi Caritas BiH zajedno s Caritasom biskupije Banja Luka i Caritasom biskupije Mostar-Duvno i Trebinje-Mrkan.<\/p>\n\n\n\n<p>Miroslav Valenta, nacionalni koordinator YourJob projekta kazao je kako projekt funkcionira kroz savjetovali\u0161ta za zapo\u0161ljavanje u Banjoj Luci, \u010capljini i Mostaru.<\/p>\n\n\n\n<p>&#8211; Kroz ta savjetovali\u0161ta nudimo mladima mogu\u0107nost da se uklju\u010de na tr\u017ei\u0161te rada. Projekt nudi radionice profesionalne orijentacije, obuke za aktivno tra\u017eenje posla, seminare za ja\u010danje vje\u0161tina, pripravni\u010dke programe, inkubatore poslovnih ideja i grantove za pokretanje socijalnih poduze\u0107a \u2013 objasnio je Valenta.<\/p>\n\n\n\n<p>Marinko Martinovi\u0107 iz Mostara aplicirao je svoj projekt pokretanja vlastitog fitness centra koji je nedavno za\u017eivio.<\/p>\n\n\n\n<p>&#8211; To je bilo moje prvo zaposlenje. Rije\u010d je o velikom projektu koji je bio izazov, ali kroz koji sam dobio odre\u0111ena sredstva koja su mi, uz moje financijsko u\u010de\u0161\u0107e, iznimno pomogla. Osim toga, dobio sam i administrativnu, kao i pravnu pomo\u0107 \u2013 istaknuo je Martinovi\u0107.<\/p>\n\n\n\n<p>Kao pripravnica u humanitarnoj udruzi Minores koja poma\u017ee besku\u0107nicima i socijalno ugro\u017eenim osobama i mladima kroz projekt se zaposlila mlada \u017dana Mikuli\u0107 iz Mostara.<\/p>\n\n\n\n<p>&#8211; Nakon neuspje\u0161nog tra\u017eenja posla po zavr\u0161etku fakulteta, prijatelj mi je predlo\u017eio da apliciram na ovaj projekt. Minores je u to vrijeme tra\u017eio pripravnika kako bi rad udruge podigao na vi\u0161u razinu. Vidjela sam tu izvrsnu priliku za zaposlenje \u2013 kazala je.<\/p>\n\n\n\n<p>Mikuli\u0107 smatra da su mladi u na\u0161oj zemlji demotivirani jer nakon visokog obrazovanja te\u0161ko pronalaze posao, ali isti\u010de da ovaj projekt pru\u017ea veliku motivaciju i vjeru.<\/p>\n\n\n\n<p>Mladi su unutar projekta, izme\u0111u ostaloga, imali priliku raditi pripravni\u010dki sta\u017e u mostarskim vrti\u0107ima, kao i u udruzi Vedri osmijeh, potvrdila je to ravnateljica ovih institucija Danijela Kegelj.<\/p>\n\n\n\n<p>&#8211; Dvostruki je zna\u010daj ovakvih projekata, najprije jer je mladima pru\u017eena mogu\u0107nost da se preispitaju, osna\u017ee, provjere, nau\u010de stvari u praksi koje nisu mogli pro\u0107i na fakultetu, a s druge strane \u0161alje se poruka da nekoga ipak brine \u0161to \u0107e biti s njima \u2013 dodala je Kegelj.<\/p>\n\n\n\n<p>Smatra da bi ustanove i poduze\u0107a trebali inicirati da se ovakvi projekti nastave jer imaju, kako navodi, obostranu korist.<\/p>\n\n\n\n<p>Vrijednost projekta za Bosnu i Hercegovinu u protekle tri godine je 1,5 milijuna eura, a kroz njega je pro\u0161lo vi\u0161e od 2 i pol tisu\u0107e mladih osoba.<br>YourJob projekt financiraju donatori iz inozemstva, Austrijska razvojna agencija, Renovabis i Caritas Austrije.<\/p>\n\n\n\n<p>Izvor:pogled.ba<\/p>\n","protected":false},"excerpt":{"rendered":"<p>Oko 500 mladih osoba iz Bosne i Hercegovine prona\u0161lo je stalno zaposlenje nakon zavr\u0161ene aktivnosti unutar projekta YourJob, dok je 70 mladih zakora\u010dilo u proces samozapo\u0161ljavanja \u2013 re\u010deno je u ponedjeljak u Mostaru na okruglom stolu &#8220;Nezaposlenost mladih i va\u017enost prvog radnog iskustva&#8221;. Ovaj projekt potpore mladima pri zapo\u0161ljavanju u na\u0161oj zemlji provodi Caritas BiH [&hellip;]<\/p>\n","protected":false},"author":2,"featured_media":118918,"comment_status":"closed","ping_status":"closed","sticky":false,"template":"","format":"standard","meta":{"h5ap_radio_sources":[],"footnotes":""},"categories":[1],"tags":[],"class_list":["post-118917","post","type-post","status-publish","format-standard","has-post-thumbnail","hentry","category-bihiregija"],"yoast_head":"<!-- This site is optimized with the Yoast SEO plugin v27.5 - https:\/\/yoast.com\/product\/yoast-seo-wordpress\/ -->\n<title>Kroz YourJob projekt u BiH zaposleno oko 500 mladih osoba, o iskustvu govorili Mostarci - RADIO LJUBU\u0160KI<\/title>\n<meta name=\"robots\" content=\"index, follow, max-snippet:-1, max-image-preview:large, max-video-preview:-1\" \/>\n<link rel=\"canonical\" href=\"https:\/\/radioljubuski.ba\/index.php\/2022\/03\/07\/kroz-yourjob-projekt-u-bih-zaposleno-oko-500-mladih-osoba-o-iskustvu-govorili-mostarci\/\" \/>\n<meta property=\"og:locale\" content=\"hr_HR\" \/>\n<meta property=\"og:type\" content=\"article\" \/>\n<meta property=\"og:title\" content=\"Kroz YourJob projekt u BiH zaposleno oko 500 mladih osoba, o iskustvu govorili Mostarci - RADIO LJUBU\u0160KI\" \/>\n<meta property=\"og:description\" content=\"Oko 500 mladih osoba iz Bosne i Hercegovine prona\u0161lo je stalno zaposlenje nakon zavr\u0161ene aktivnosti unutar projekta YourJob, dok je 70 mladih zakora\u010dilo u proces samozapo\u0161ljavanja \u2013 re\u010deno je u ponedjeljak u Mostaru na okruglom stolu &#8220;Nezaposlenost mladih i va\u017enost prvog radnog iskustva&#8221;. Ovaj projekt potpore mladima pri zapo\u0161ljavanju u na\u0161oj zemlji provodi Caritas BiH [&hellip;]\" \/>\n<meta property=\"og:url\" content=\"https:\/\/radioljubuski.ba\/index.php\/2022\/03\/07\/kroz-yourjob-projekt-u-bih-zaposleno-oko-500-mladih-osoba-o-iskustvu-govorili-mostarci\/\" \/>\n<meta property=\"og:site_name\" content=\"RADIO LJUBU\u0160KI\" \/>\n<meta property=\"article:publisher\" content=\"https:\/\/www.facebook.com\/Radiio-Ljubuski-1490835324566332\" \/>\n<meta property=\"article:published_time\" content=\"2022-03-07T12:38:17+00:00\" \/>\n<meta property=\"article:modified_time\" content=\"2022-03-07T12:38:18+00:00\" \/>\n<meta property=\"og:image\" content=\"https:\/\/radioljubuski.ba\/wp-content\/uploads\/2022\/03\/8-2022-03-07-12-59-10-YOURJOB.jpg\" \/>\n\t<meta property=\"og:image:width\" content=\"1000\" \/>\n\t<meta property=\"og:image:height\" content=\"625\" \/>\n\t<meta property=\"og:image:type\" content=\"image\/jpeg\" \/>\n<meta name=\"author\" content=\"Radio Ljubu\u0161ki\" \/>\n<meta name=\"twitter:card\" content=\"summary_large_image\" \/>\n<meta name=\"twitter:creator\" content=\"@radioljubuski\" \/>\n<meta name=\"twitter:site\" content=\"@radioljubuski\" \/>\n<meta name=\"twitter:label1\" content=\"Napisao\/la\" \/>\n\t<meta name=\"twitter:data1\" content=\"Radio Ljubu\u0161ki\" \/>\n\t<meta name=\"twitter:label2\" content=\"Procijenjeno vrijeme \u010ditanja\" \/>\n\t<meta name=\"twitter:data2\" content=\"2 minute\" \/>\n<script type=\"application\/ld+json\" class=\"yoast-schema-graph\">{\"@context\":\"https:\\\/\\\/schema.org\",\"@graph\":[{\"@type\":\"Article\",\"@id\":\"https:\\\/\\\/radioljubuski.ba\\\/index.php\\\/2022\\\/03\\\/07\\\/kroz-yourjob-projekt-u-bih-zaposleno-oko-500-mladih-osoba-o-iskustvu-govorili-mostarci\\\/#article\",\"isPartOf\":{\"@id\":\"https:\\\/\\\/radioljubuski.ba\\\/index.php\\\/2022\\\/03\\\/07\\\/kroz-yourjob-projekt-u-bih-zaposleno-oko-500-mladih-osoba-o-iskustvu-govorili-mostarci\\\/\"},\"author\":{\"name\":\"Radio Ljubu\u0161ki\",\"@id\":\"https:\\\/\\\/radioljubuski.ba\\\/#\\\/schema\\\/person\\\/19fc700381a780f69665d7956c469e3b\"},\"headline\":\"Kroz YourJob projekt u BiH zaposleno oko 500 mladih osoba, o iskustvu govorili Mostarci\",\"datePublished\":\"2022-03-07T12:38:17+00:00\",\"dateModified\":\"2022-03-07T12:38:18+00:00\",\"mainEntityOfPage\":{\"@id\":\"https:\\\/\\\/radioljubuski.ba\\\/index.php\\\/2022\\\/03\\\/07\\\/kroz-yourjob-projekt-u-bih-zaposleno-oko-500-mladih-osoba-o-iskustvu-govorili-mostarci\\\/\"},\"wordCount\":475,\"publisher\":{\"@id\":\"https:\\\/\\\/radioljubuski.ba\\\/#organization\"},\"image\":{\"@id\":\"https:\\\/\\\/radioljubuski.ba\\\/index.php\\\/2022\\\/03\\\/07\\\/kroz-yourjob-projekt-u-bih-zaposleno-oko-500-mladih-osoba-o-iskustvu-govorili-mostarci\\\/#primaryimage\"},\"thumbnailUrl\":\"https:\\\/\\\/radioljubuski.ba\\\/wp-content\\\/uploads\\\/2022\\\/03\\\/8-2022-03-07-12-59-10-YOURJOB.jpg\",\"articleSection\":[\"BIH i regija\"],\"inLanguage\":\"hr\"},{\"@type\":\"WebPage\",\"@id\":\"https:\\\/\\\/radioljubuski.ba\\\/index.php\\\/2022\\\/03\\\/07\\\/kroz-yourjob-projekt-u-bih-zaposleno-oko-500-mladih-osoba-o-iskustvu-govorili-mostarci\\\/\",\"url\":\"https:\\\/\\\/radioljubuski.ba\\\/index.php\\\/2022\\\/03\\\/07\\\/kroz-yourjob-projekt-u-bih-zaposleno-oko-500-mladih-osoba-o-iskustvu-govorili-mostarci\\\/\",\"name\":\"Kroz YourJob projekt u BiH zaposleno oko 500 mladih osoba, o iskustvu govorili Mostarci - RADIO LJUBU\u0160KI\",\"isPartOf\":{\"@id\":\"https:\\\/\\\/radioljubuski.ba\\\/#website\"},\"primaryImageOfPage\":{\"@id\":\"https:\\\/\\\/radioljubuski.ba\\\/index.php\\\/2022\\\/03\\\/07\\\/kroz-yourjob-projekt-u-bih-zaposleno-oko-500-mladih-osoba-o-iskustvu-govorili-mostarci\\\/#primaryimage\"},\"image\":{\"@id\":\"https:\\\/\\\/radioljubuski.ba\\\/index.php\\\/2022\\\/03\\\/07\\\/kroz-yourjob-projekt-u-bih-zaposleno-oko-500-mladih-osoba-o-iskustvu-govorili-mostarci\\\/#primaryimage\"},\"thumbnailUrl\":\"https:\\\/\\\/radioljubuski.ba\\\/wp-content\\\/uploads\\\/2022\\\/03\\\/8-2022-03-07-12-59-10-YOURJOB.jpg\",\"datePublished\":\"2022-03-07T12:38:17+00:00\",\"dateModified\":\"2022-03-07T12:38:18+00:00\",\"breadcrumb\":{\"@id\":\"https:\\\/\\\/radioljubuski.ba\\\/index.php\\\/2022\\\/03\\\/07\\\/kroz-yourjob-projekt-u-bih-zaposleno-oko-500-mladih-osoba-o-iskustvu-govorili-mostarci\\\/#breadcrumb\"},\"inLanguage\":\"hr\",\"potentialAction\":[{\"@type\":\"ReadAction\",\"target\":[\"https:\\\/\\\/radioljubuski.ba\\\/index.php\\\/2022\\\/03\\\/07\\\/kroz-yourjob-projekt-u-bih-zaposleno-oko-500-mladih-osoba-o-iskustvu-govorili-mostarci\\\/\"]}]},{\"@type\":\"ImageObject\",\"inLanguage\":\"hr\",\"@id\":\"https:\\\/\\\/radioljubuski.ba\\\/index.php\\\/2022\\\/03\\\/07\\\/kroz-yourjob-projekt-u-bih-zaposleno-oko-500-mladih-osoba-o-iskustvu-govorili-mostarci\\\/#primaryimage\",\"url\":\"https:\\\/\\\/radioljubuski.ba\\\/wp-content\\\/uploads\\\/2022\\\/03\\\/8-2022-03-07-12-59-10-YOURJOB.jpg\",\"contentUrl\":\"https:\\\/\\\/radioljubuski.ba\\\/wp-content\\\/uploads\\\/2022\\\/03\\\/8-2022-03-07-12-59-10-YOURJOB.jpg\",\"width\":1000,\"height\":625},{\"@type\":\"BreadcrumbList\",\"@id\":\"https:\\\/\\\/radioljubuski.ba\\\/index.php\\\/2022\\\/03\\\/07\\\/kroz-yourjob-projekt-u-bih-zaposleno-oko-500-mladih-osoba-o-iskustvu-govorili-mostarci\\\/#breadcrumb\",\"itemListElement\":[{\"@type\":\"ListItem\",\"position\":1,\"name\":\"Po\u010detna stranica\",\"item\":\"https:\\\/\\\/radioljubuski.ba\\\/\"},{\"@type\":\"ListItem\",\"position\":2,\"name\":\"Kroz YourJob projekt u BiH zaposleno oko 500 mladih osoba, o iskustvu govorili Mostarci\"}]},{\"@type\":\"WebSite\",\"@id\":\"https:\\\/\\\/radioljubuski.ba\\\/#website\",\"url\":\"https:\\\/\\\/radioljubuski.ba\\\/\",\"name\":\"Radio Ljubu\u0161ki\",\"description\":\"Sun\u010dana frekvencija Hercegovine\",\"publisher\":{\"@id\":\"https:\\\/\\\/radioljubuski.ba\\\/#organization\"},\"potentialAction\":[{\"@type\":\"SearchAction\",\"target\":{\"@type\":\"EntryPoint\",\"urlTemplate\":\"https:\\\/\\\/radioljubuski.ba\\\/?s={search_term_string}\"},\"query-input\":{\"@type\":\"PropertyValueSpecification\",\"valueRequired\":true,\"valueName\":\"search_term_string\"}}],\"inLanguage\":\"hr\"},{\"@type\":\"Organization\",\"@id\":\"https:\\\/\\\/radioljubuski.ba\\\/#organization\",\"name\":\"Radio Ljubu\u0161ki\",\"url\":\"https:\\\/\\\/radioljubuski.ba\\\/\",\"logo\":{\"@type\":\"ImageObject\",\"inLanguage\":\"hr\",\"@id\":\"https:\\\/\\\/radioljubuski.ba\\\/#\\\/schema\\\/logo\\\/image\\\/\",\"url\":\"https:\\\/\\\/radioljubuski.ba\\\/wp-content\\\/uploads\\\/2021\\\/02\\\/cropped-Radio_Ljubuski_logo1.jpg\",\"contentUrl\":\"https:\\\/\\\/radioljubuski.ba\\\/wp-content\\\/uploads\\\/2021\\\/02\\\/cropped-Radio_Ljubuski_logo1.jpg\",\"width\":512,\"height\":512,\"caption\":\"Radio Ljubu\u0161ki\"},\"image\":{\"@id\":\"https:\\\/\\\/radioljubuski.ba\\\/#\\\/schema\\\/logo\\\/image\\\/\"},\"sameAs\":[\"https:\\\/\\\/www.facebook.com\\\/Radiio-Ljubuski-1490835324566332\",\"https:\\\/\\\/x.com\\\/radioljubuski\",\"https:\\\/\\\/hr.linkedin.com\\\/company\\\/radio-ljubuski\",\"https:\\\/\\\/www.youtube.com\\\/channel\\\/UCHYaeO_n0Db3tjNGudGpXyw\"]},{\"@type\":\"Person\",\"@id\":\"https:\\\/\\\/radioljubuski.ba\\\/#\\\/schema\\\/person\\\/19fc700381a780f69665d7956c469e3b\",\"name\":\"Radio Ljubu\u0161ki\"}]}<\/script>\n<!-- \/ Yoast SEO plugin. -->","yoast_head_json":{"title":"Kroz YourJob projekt u BiH zaposleno oko 500 mladih osoba, o iskustvu govorili Mostarci - RADIO LJUBU\u0160KI","robots":{"index":"index","follow":"follow","max-snippet":"max-snippet:-1","max-image-preview":"max-image-preview:large","max-video-preview":"max-video-preview:-1"},"canonical":"https:\/\/radioljubuski.ba\/index.php\/2022\/03\/07\/kroz-yourjob-projekt-u-bih-zaposleno-oko-500-mladih-osoba-o-iskustvu-govorili-mostarci\/","og_locale":"hr_HR","og_type":"article","og_title":"Kroz YourJob projekt u BiH zaposleno oko 500 mladih osoba, o iskustvu govorili Mostarci - RADIO LJUBU\u0160KI","og_description":"Oko 500 mladih osoba iz Bosne i Hercegovine prona\u0161lo je stalno zaposlenje nakon zavr\u0161ene aktivnosti unutar projekta YourJob, dok je 70 mladih zakora\u010dilo u proces samozapo\u0161ljavanja \u2013 re\u010deno je u ponedjeljak u Mostaru na okruglom stolu &#8220;Nezaposlenost mladih i va\u017enost prvog radnog iskustva&#8221;. Ovaj projekt potpore mladima pri zapo\u0161ljavanju u na\u0161oj zemlji provodi Caritas BiH [&hellip;]","og_url":"https:\/\/radioljubuski.ba\/index.php\/2022\/03\/07\/kroz-yourjob-projekt-u-bih-zaposleno-oko-500-mladih-osoba-o-iskustvu-govorili-mostarci\/","og_site_name":"RADIO LJUBU\u0160KI","article_publisher":"https:\/\/www.facebook.com\/Radiio-Ljubuski-1490835324566332","article_published_time":"2022-03-07T12:38:17+00:00","article_modified_time":"2022-03-07T12:38:18+00:00","og_image":[{"width":1000,"height":625,"url":"https:\/\/radioljubuski.ba\/wp-content\/uploads\/2022\/03\/8-2022-03-07-12-59-10-YOURJOB.jpg","type":"image\/jpeg"}],"author":"Radio Ljubu\u0161ki","twitter_card":"summary_large_image","twitter_creator":"@radioljubuski","twitter_site":"@radioljubuski","twitter_misc":{"Napisao\/la":"Radio Ljubu\u0161ki","Procijenjeno vrijeme \u010ditanja":"2 minute"},"schema":{"@context":"https:\/\/schema.org","@graph":[{"@type":"Article","@id":"https:\/\/radioljubuski.ba\/index.php\/2022\/03\/07\/kroz-yourjob-projekt-u-bih-zaposleno-oko-500-mladih-osoba-o-iskustvu-govorili-mostarci\/#article","isPartOf":{"@id":"https:\/\/radioljubuski.ba\/index.php\/2022\/03\/07\/kroz-yourjob-projekt-u-bih-zaposleno-oko-500-mladih-osoba-o-iskustvu-govorili-mostarci\/"},"author":{"name":"Radio Ljubu\u0161ki","@id":"https:\/\/radioljubuski.ba\/#\/schema\/person\/19fc700381a780f69665d7956c469e3b"},"headline":"Kroz YourJob projekt u BiH zaposleno oko 500 mladih osoba, o iskustvu govorili Mostarci","datePublished":"2022-03-07T12:38:17+00:00","dateModified":"2022-03-07T12:38:18+00:00","mainEntityOfPage":{"@id":"https:\/\/radioljubuski.ba\/index.php\/2022\/03\/07\/kroz-yourjob-projekt-u-bih-zaposleno-oko-500-mladih-osoba-o-iskustvu-govorili-mostarci\/"},"wordCount":475,"publisher":{"@id":"https:\/\/radioljubuski.ba\/#organization"},"image":{"@id":"https:\/\/radioljubuski.ba\/index.php\/2022\/03\/07\/kroz-yourjob-projekt-u-bih-zaposleno-oko-500-mladih-osoba-o-iskustvu-govorili-mostarci\/#primaryimage"},"thumbnailUrl":"https:\/\/radioljubuski.ba\/wp-content\/uploads\/2022\/03\/8-2022-03-07-12-59-10-YOURJOB.jpg","articleSection":["BIH i regija"],"inLanguage":"hr"},{"@type":"WebPage","@id":"https:\/\/radioljubuski.ba\/index.php\/2022\/03\/07\/kroz-yourjob-projekt-u-bih-zaposleno-oko-500-mladih-osoba-o-iskustvu-govorili-mostarci\/","url":"https:\/\/radioljubuski.ba\/index.php\/2022\/03\/07\/kroz-yourjob-projekt-u-bih-zaposleno-oko-500-mladih-osoba-o-iskustvu-govorili-mostarci\/","name":"Kroz YourJob projekt u BiH zaposleno oko 500 mladih osoba, o iskustvu govorili Mostarci - RADIO LJUBU\u0160KI","isPartOf":{"@id":"https:\/\/radioljubuski.ba\/#website"},"primaryImageOfPage":{"@id":"https:\/\/radioljubuski.ba\/index.php\/2022\/03\/07\/kroz-yourjob-projekt-u-bih-zaposleno-oko-500-mladih-osoba-o-iskustvu-govorili-mostarci\/#primaryimage"},"image":{"@id":"https:\/\/radioljubuski.ba\/index.php\/2022\/03\/07\/kroz-yourjob-projekt-u-bih-zaposleno-oko-500-mladih-osoba-o-iskustvu-govorili-mostarci\/#primaryimage"},"thumbnailUrl":"https:\/\/radioljubuski.ba\/wp-content\/uploads\/2022\/03\/8-2022-03-07-12-59-10-YOURJOB.jpg","datePublished":"2022-03-07T12:38:17+00:00","dateModified":"2022-03-07T12:38:18+00:00","breadcrumb":{"@id":"https:\/\/radioljubuski.ba\/index.php\/2022\/03\/07\/kroz-yourjob-projekt-u-bih-zaposleno-oko-500-mladih-osoba-o-iskustvu-govorili-mostarci\/#breadcrumb"},"inLanguage":"hr","potentialAction":[{"@type":"ReadAction","target":["https:\/\/radioljubuski.ba\/index.php\/2022\/03\/07\/kroz-yourjob-projekt-u-bih-zaposleno-oko-500-mladih-osoba-o-iskustvu-govorili-mostarci\/"]}]},{"@type":"ImageObject","inLanguage":"hr","@id":"https:\/\/radioljubuski.ba\/index.php\/2022\/03\/07\/kroz-yourjob-projekt-u-bih-zaposleno-oko-500-mladih-osoba-o-iskustvu-govorili-mostarci\/#primaryimage","url":"https:\/\/radioljubuski.ba\/wp-content\/uploads\/2022\/03\/8-2022-03-07-12-59-10-YOURJOB.jpg","contentUrl":"https:\/\/radioljubuski.ba\/wp-content\/uploads\/2022\/03\/8-2022-03-07-12-59-10-YOURJOB.jpg","width":1000,"height":625},{"@type":"BreadcrumbList","@id":"https:\/\/radioljubuski.ba\/index.php\/2022\/03\/07\/kroz-yourjob-projekt-u-bih-zaposleno-oko-500-mladih-osoba-o-iskustvu-govorili-mostarci\/#breadcrumb","itemListElement":[{"@type":"ListItem","position":1,"name":"Po\u010detna stranica","item":"https:\/\/radioljubuski.ba\/"},{"@type":"ListItem","position":2,"name":"Kroz YourJob projekt u BiH zaposleno oko 500 mladih osoba, o iskustvu govorili Mostarci"}]},{"@type":"WebSite","@id":"https:\/\/radioljubuski.ba\/#website","url":"https:\/\/radioljubuski.ba\/","name":"Radio Ljubu\u0161ki","description":"Sun\u010dana frekvencija Hercegovine","publisher":{"@id":"https:\/\/radioljubuski.ba\/#organization"},"potentialAction":[{"@type":"SearchAction","target":{"@type":"EntryPoint","urlTemplate":"https:\/\/radioljubuski.ba\/?s={search_term_string}"},"query-input":{"@type":"PropertyValueSpecification","valueRequired":true,"valueName":"search_term_string"}}],"inLanguage":"hr"},{"@type":"Organization","@id":"https:\/\/radioljubuski.ba\/#organization","name":"Radio Ljubu\u0161ki","url":"https:\/\/radioljubuski.ba\/","logo":{"@type":"ImageObject","inLanguage":"hr","@id":"https:\/\/radioljubuski.ba\/#\/schema\/logo\/image\/","url":"https:\/\/radioljubuski.ba\/wp-content\/uploads\/2021\/02\/cropped-Radio_Ljubuski_logo1.jpg","contentUrl":"https:\/\/radioljubuski.ba\/wp-content\/uploads\/2021\/02\/cropped-Radio_Ljubuski_logo1.jpg","width":512,"height":512,"caption":"Radio Ljubu\u0161ki"},"image":{"@id":"https:\/\/radioljubuski.ba\/#\/schema\/logo\/image\/"},"sameAs":["https:\/\/www.facebook.com\/Radiio-Ljubuski-1490835324566332","https:\/\/x.com\/radioljubuski","https:\/\/hr.linkedin.com\/company\/radio-ljubuski","https:\/\/www.youtube.com\/channel\/UCHYaeO_n0Db3tjNGudGpXyw"]},{"@type":"Person","@id":"https:\/\/radioljubuski.ba\/#\/schema\/person\/19fc700381a780f69665d7956c469e3b","name":"Radio Ljubu\u0161ki"}]}},"_links":{"self":[{"href":"https:\/\/radioljubuski.ba\/index.php\/wp-json\/wp\/v2\/posts\/118917","targetHints":{"allow":["GET"]}}],"collection":[{"href":"https:\/\/radioljubuski.ba\/index.php\/wp-json\/wp\/v2\/posts"}],"about":[{"href":"https:\/\/radioljubuski.ba\/index.php\/wp-json\/wp\/v2\/types\/post"}],"author":[{"embeddable":true,"href":"https:\/\/radioljubuski.ba\/index.php\/wp-json\/wp\/v2\/users\/2"}],"replies":[{"embeddable":true,"href":"https:\/\/radioljubuski.ba\/index.php\/wp-json\/wp\/v2\/comments?post=118917"}],"version-history":[{"count":1,"href":"https:\/\/radioljubuski.ba\/index.php\/wp-json\/wp\/v2\/posts\/118917\/revisions"}],"predecessor-version":[{"id":118919,"href":"https:\/\/radioljubuski.ba\/index.php\/wp-json\/wp\/v2\/posts\/118917\/revisions\/118919"}],"wp:featuredmedia":[{"embeddable":true,"href":"https:\/\/radioljubuski.ba\/index.php\/wp-json\/wp\/v2\/media\/118918"}],"wp:attachment":[{"href":"https:\/\/radioljubuski.ba\/index.php\/wp-json\/wp\/v2\/media?parent=118917"}],"wp:term":[{"taxonomy":"category","embeddable":true,"href":"https:\/\/radioljubuski.ba\/index.php\/wp-json\/wp\/v2\/categories?post=118917"},{"taxonomy":"post_tag","embeddable":true,"href":"https:\/\/radioljubuski.ba\/index.php\/wp-json\/wp\/v2\/tags?post=118917"}],"curies":[{"name":"wp","href":"https:\/\/api.w.org\/{rel}","templated":true}]}}