{"id":119004,"date":"2022-03-07T15:12:25","date_gmt":"2022-03-07T14:12:25","guid":{"rendered":"https:\/\/radioljubuski.ba\/?p=119004"},"modified":"2022-03-07T15:12:27","modified_gmt":"2022-03-07T14:12:27","slug":"za-ustavni-sud-uloga-naroda-vaznija-nego-gradana-dom-naroda-treba-imati-primat","status":"publish","type":"post","link":"https:\/\/radioljubuski.ba\/index.php\/2022\/03\/07\/za-ustavni-sud-uloga-naroda-vaznija-nego-gradana-dom-naroda-treba-imati-primat\/","title":{"rendered":"Za Ustavni sud uloga naroda va\u017enija nego gra\u0111ana, Dom naroda treba imati primat"},"content":{"rendered":"\n<p><strong>Predsjednik HDZ-a 1990. Ilija Cvitanovi\u0107 nagovijestio je mogu\u0107nost da \u0107e se u sljede\u0107ih tjedan dana otvoriti nova runda razgovora oko izmjena Izbornoga zakona izme\u0111u hrvatskih i bo\u0161nja\u010dkih stranaka.<\/strong><\/p>\n\n\n\n<p>U me\u0111uvremenu se, kako doznaje Ve\u010dernji list BiH, nastavlja i tiha diplomatska aktivnost najva\u017enijih me\u0111unarodnih aktera iz SAD-a i EU-a kako bi se strane uvjerile u potrebu postizanja dogovora i sprje\u010davanja eskalacije krize koja bi mogla dodatno poremetiti odnose u BiH nakon sljede\u0107ih izbora ako se odr\u017ee prema neustavnom Izbornom zakonu koji je sudski osporen, \u0161to pak omogu\u0107ava nastavak preglasavanja i majorizacije Hrvata, ali i diskriminacije manjina s obzirom na to da ponovno nemaju mogu\u0107nost kandidirati se za najva\u017enije pozicije u dr\u017eavi.<\/p>\n\n\n\n<p><strong>Zaklju\u010dci HNS-a BiH<\/strong><\/p>\n\n\n\n<p>Vrlo je izvjesno da bi se du\u017enosnici hrvatskih i bo\u0161nja\u010dkih stranaka ponovno sastali kako bi se provjerilo postoje li dodirne to\u010dke za sklapanje eventualnog sporazuma. Po Cvitanovi\u0107evu mi\u0161ljenju, a \u0161to su istaknuli i u zaklju\u010dcima Hrvatskog narodnog sabora BiH, za Hrvate je konstitutivnost naroda i legitimno politi\u010dko predstavljanje, koji su temelj Daytonskog sporazuma, donja linija svih zahtjeva.<\/p>\n\n\n\n<p>Iako je u dosada\u0161njim razgovorima izbor \u010dlanova Predsjedni\u0161tva BiH istican u prvi plan, za hrvatsku stranu od klju\u010dne je va\u017enosti osigurati legitimni izbor izaslanika u federalni, a kasnije posredno i u dr\u017eavni Dom naroda Federacije BiH. Upravo zbog nemogu\u0107nosti potpuno ovladati FBiH zna\u010dajan dio bo\u0161nja\u010dkih stranaka inzistira na slabljenju uloge Doma naroda ovog entiteta.<\/p>\n\n\n\n<p>Ako bi pak Hrvati na to pristali, potpisali bi sebi smrtnu presudu, a takva bi odluka bila u potpunosti protivna odlukama Ustavnoga suda BiH u dva najva\u017enija predmeta koja su dosad donesena. To je najprije odluka Ustavnoga suda po apelaciji Alije Izetbegovi\u0107a o konstitutivnosti naroda, a onda i odluka po apelaciji Bo\u017ee Ljubi\u0107a koja je potvrdila legitimno politi\u010dko predstavljanje. Klju\u010dna poruka presude Ustavnoga suda po zahtjevu nekada\u0161njeg bo\u0161nja\u010dkog \u010delnika i \u010dlana Predsjedni\u0161tva BiH Izetbegovi\u0107a svodi se na re\u010denicu da je \u201ckonstitutivnost naroda natkrovljuju\u0107e na\u010delo Ustava, kojem se moraju povinovati i entiteti\u201d. To zapravo sugerira da je Dom naroda po svojoj te\u017eini va\u017eniji nego Zastupni\u010dki dom. Odnosno da je, po Ustavu BiH, va\u017enije zajam\u010diti pravo naroda nego gra\u0111ana.<\/p>\n\n\n\n<p>Idu\u0107i korak dalje, Ustavni sud BiH je presudom \u201cIzetbegovi\u0107\u201d sugerirao da, kao temeljno, natkrovlju\u0107e na\u010delo, ovlasti Doma naroda treba pro\u0161iriti, a eventualno reducirati ovlasti Zastupni\u010dkog doma. Ina\u010de, da je kojim slu\u010dajem Ustavni sud BiH naglasio da su gra\u0111ani i nekonstitutivni narodi natkrovljuju\u0107e na\u010delo Ustava, u tom slu\u010daju moglo bi se govoriti o reduciranju ovlasti Doma naroda. Kako se pak ne uspijeva \u201cuvjeriti\u201d Hrvate da pristanu na vlastito eutanaziranje slabljenjem uloge Doma naroda, nastavlja se s obmanama kako je presuda u slu\u010daju \u201cLjubi\u0107\u201d provedena. No, to nije slu\u010daj, \u0161to je, uostalom, nedavno jasno istaknuo Ustavni sud BiH.<\/p>\n\n\n\n<p><strong>\u201cLjubi\u0107\u201d nije proveden<\/strong><\/p>\n\n\n\n<p>\u2013 Ustavni sud utvrdio je pojedine odredbe Izbornog zakona BiH koje nisu u skladu s Ustavom, ali su\u0161tinski ono obrazlo\u017eenje, to o\u010dito svi preska\u010du. Ono \u0161to je u obrazlo\u017eenju re\u010deno oko legitimnog predstavljanja tuma\u010di se na drugi na\u010din \u2013 rekao je sudac Tadi\u0107.<\/p>\n\n\n\n<p>Presuda \u201cLjubi\u0107\u201d dodatno je utvrdila ulogu Doma naroda navode\u0107i da je rije\u010d o domu konstitutivnih naroda, a ne \u017eupanija te je pri tome istaknuto da se na\u010delo konstitutivnosti mo\u017ee ostvariti jedino ako se popunjavanje Doma naroda zasniva na jasno preciziranim kriterijima koji trebaju dovesti do \u0161to potpunijeg predstavljanja svakog od triju konstitutivnih naroda u FBiH. Suprotno navedenom, neadekvatno politi\u010dko predstavljanje dovodi do neravnopravnosti bilo kojeg od konstitutivnih naroda, a time i povrede Ustava BiH.<\/p>\n\n\n\n<p>\/HMS\/<\/p>\n","protected":false},"excerpt":{"rendered":"<p>Predsjednik HDZ-a 1990. Ilija Cvitanovi\u0107 nagovijestio je mogu\u0107nost da \u0107e se u sljede\u0107ih tjedan dana otvoriti nova runda razgovora oko izmjena Izbornoga zakona izme\u0111u hrvatskih i bo\u0161nja\u010dkih stranaka. U me\u0111uvremenu se, kako doznaje Ve\u010dernji list BiH, nastavlja i tiha diplomatska aktivnost najva\u017enijih me\u0111unarodnih aktera iz SAD-a i EU-a kako bi se strane uvjerile u potrebu [&hellip;]<\/p>\n","protected":false},"author":2,"featured_media":70196,"comment_status":"closed","ping_status":"closed","sticky":false,"template":"","format":"standard","meta":{"h5ap_radio_sources":[],"footnotes":""},"categories":[1],"tags":[],"class_list":["post-119004","post","type-post","status-publish","format-standard","has-post-thumbnail","hentry","category-bihiregija"],"yoast_head":"<!-- This site is optimized with the Yoast SEO plugin v27.5 - https:\/\/yoast.com\/product\/yoast-seo-wordpress\/ -->\n<title>Za Ustavni sud uloga naroda va\u017enija nego gra\u0111ana, Dom naroda treba imati primat - RADIO LJUBU\u0160KI<\/title>\n<meta name=\"robots\" content=\"index, follow, max-snippet:-1, max-image-preview:large, max-video-preview:-1\" \/>\n<link rel=\"canonical\" href=\"https:\/\/radioljubuski.ba\/index.php\/2022\/03\/07\/za-ustavni-sud-uloga-naroda-vaznija-nego-gradana-dom-naroda-treba-imati-primat\/\" \/>\n<meta property=\"og:locale\" content=\"hr_HR\" \/>\n<meta property=\"og:type\" content=\"article\" \/>\n<meta property=\"og:title\" content=\"Za Ustavni sud uloga naroda va\u017enija nego gra\u0111ana, Dom naroda treba imati primat - RADIO LJUBU\u0160KI\" \/>\n<meta property=\"og:description\" content=\"Predsjednik HDZ-a 1990. Ilija Cvitanovi\u0107 nagovijestio je mogu\u0107nost da \u0107e se u sljede\u0107ih tjedan dana otvoriti nova runda razgovora oko izmjena Izbornoga zakona izme\u0111u hrvatskih i bo\u0161nja\u010dkih stranaka. U me\u0111uvremenu se, kako doznaje Ve\u010dernji list BiH, nastavlja i tiha diplomatska aktivnost najva\u017enijih me\u0111unarodnih aktera iz SAD-a i EU-a kako bi se strane uvjerile u potrebu [&hellip;]\" \/>\n<meta property=\"og:url\" content=\"https:\/\/radioljubuski.ba\/index.php\/2022\/03\/07\/za-ustavni-sud-uloga-naroda-vaznija-nego-gradana-dom-naroda-treba-imati-primat\/\" \/>\n<meta property=\"og:site_name\" content=\"RADIO LJUBU\u0160KI\" \/>\n<meta property=\"article:publisher\" content=\"https:\/\/www.facebook.com\/Radiio-Ljubuski-1490835324566332\" \/>\n<meta property=\"article:published_time\" content=\"2022-03-07T14:12:25+00:00\" \/>\n<meta property=\"article:modified_time\" content=\"2022-03-07T14:12:27+00:00\" \/>\n<meta property=\"og:image\" content=\"https:\/\/radioljubuski.ba\/wp-content\/uploads\/2021\/10\/naupZKhT_izetbegovic_covic_tucanje_n1.jpg\" \/>\n\t<meta property=\"og:image:width\" content=\"1000\" \/>\n\t<meta property=\"og:image:height\" content=\"625\" \/>\n\t<meta property=\"og:image:type\" content=\"image\/jpeg\" \/>\n<meta name=\"author\" content=\"Radio Ljubu\u0161ki\" \/>\n<meta name=\"twitter:card\" content=\"summary_large_image\" \/>\n<meta name=\"twitter:creator\" content=\"@radioljubuski\" \/>\n<meta name=\"twitter:site\" content=\"@radioljubuski\" \/>\n<meta name=\"twitter:label1\" content=\"Napisao\/la\" \/>\n\t<meta name=\"twitter:data1\" content=\"Radio Ljubu\u0161ki\" \/>\n\t<meta name=\"twitter:label2\" content=\"Procijenjeno vrijeme \u010ditanja\" \/>\n\t<meta name=\"twitter:data2\" content=\"3 minute\" \/>\n<script type=\"application\/ld+json\" class=\"yoast-schema-graph\">{\"@context\":\"https:\\\/\\\/schema.org\",\"@graph\":[{\"@type\":\"Article\",\"@id\":\"https:\\\/\\\/radioljubuski.ba\\\/index.php\\\/2022\\\/03\\\/07\\\/za-ustavni-sud-uloga-naroda-vaznija-nego-gradana-dom-naroda-treba-imati-primat\\\/#article\",\"isPartOf\":{\"@id\":\"https:\\\/\\\/radioljubuski.ba\\\/index.php\\\/2022\\\/03\\\/07\\\/za-ustavni-sud-uloga-naroda-vaznija-nego-gradana-dom-naroda-treba-imati-primat\\\/\"},\"author\":{\"name\":\"Radio Ljubu\u0161ki\",\"@id\":\"https:\\\/\\\/radioljubuski.ba\\\/#\\\/schema\\\/person\\\/19fc700381a780f69665d7956c469e3b\"},\"headline\":\"Za Ustavni sud uloga naroda va\u017enija nego gra\u0111ana, Dom naroda treba imati primat\",\"datePublished\":\"2022-03-07T14:12:25+00:00\",\"dateModified\":\"2022-03-07T14:12:27+00:00\",\"mainEntityOfPage\":{\"@id\":\"https:\\\/\\\/radioljubuski.ba\\\/index.php\\\/2022\\\/03\\\/07\\\/za-ustavni-sud-uloga-naroda-vaznija-nego-gradana-dom-naroda-treba-imati-primat\\\/\"},\"wordCount\":649,\"publisher\":{\"@id\":\"https:\\\/\\\/radioljubuski.ba\\\/#organization\"},\"image\":{\"@id\":\"https:\\\/\\\/radioljubuski.ba\\\/index.php\\\/2022\\\/03\\\/07\\\/za-ustavni-sud-uloga-naroda-vaznija-nego-gradana-dom-naroda-treba-imati-primat\\\/#primaryimage\"},\"thumbnailUrl\":\"https:\\\/\\\/radioljubuski.ba\\\/wp-content\\\/uploads\\\/2021\\\/10\\\/naupZKhT_izetbegovic_covic_tucanje_n1.jpg\",\"articleSection\":[\"BIH i regija\"],\"inLanguage\":\"hr\"},{\"@type\":\"WebPage\",\"@id\":\"https:\\\/\\\/radioljubuski.ba\\\/index.php\\\/2022\\\/03\\\/07\\\/za-ustavni-sud-uloga-naroda-vaznija-nego-gradana-dom-naroda-treba-imati-primat\\\/\",\"url\":\"https:\\\/\\\/radioljubuski.ba\\\/index.php\\\/2022\\\/03\\\/07\\\/za-ustavni-sud-uloga-naroda-vaznija-nego-gradana-dom-naroda-treba-imati-primat\\\/\",\"name\":\"Za Ustavni sud uloga naroda va\u017enija nego gra\u0111ana, Dom naroda treba imati primat - RADIO LJUBU\u0160KI\",\"isPartOf\":{\"@id\":\"https:\\\/\\\/radioljubuski.ba\\\/#website\"},\"primaryImageOfPage\":{\"@id\":\"https:\\\/\\\/radioljubuski.ba\\\/index.php\\\/2022\\\/03\\\/07\\\/za-ustavni-sud-uloga-naroda-vaznija-nego-gradana-dom-naroda-treba-imati-primat\\\/#primaryimage\"},\"image\":{\"@id\":\"https:\\\/\\\/radioljubuski.ba\\\/index.php\\\/2022\\\/03\\\/07\\\/za-ustavni-sud-uloga-naroda-vaznija-nego-gradana-dom-naroda-treba-imati-primat\\\/#primaryimage\"},\"thumbnailUrl\":\"https:\\\/\\\/radioljubuski.ba\\\/wp-content\\\/uploads\\\/2021\\\/10\\\/naupZKhT_izetbegovic_covic_tucanje_n1.jpg\",\"datePublished\":\"2022-03-07T14:12:25+00:00\",\"dateModified\":\"2022-03-07T14:12:27+00:00\",\"breadcrumb\":{\"@id\":\"https:\\\/\\\/radioljubuski.ba\\\/index.php\\\/2022\\\/03\\\/07\\\/za-ustavni-sud-uloga-naroda-vaznija-nego-gradana-dom-naroda-treba-imati-primat\\\/#breadcrumb\"},\"inLanguage\":\"hr\",\"potentialAction\":[{\"@type\":\"ReadAction\",\"target\":[\"https:\\\/\\\/radioljubuski.ba\\\/index.php\\\/2022\\\/03\\\/07\\\/za-ustavni-sud-uloga-naroda-vaznija-nego-gradana-dom-naroda-treba-imati-primat\\\/\"]}]},{\"@type\":\"ImageObject\",\"inLanguage\":\"hr\",\"@id\":\"https:\\\/\\\/radioljubuski.ba\\\/index.php\\\/2022\\\/03\\\/07\\\/za-ustavni-sud-uloga-naroda-vaznija-nego-gradana-dom-naroda-treba-imati-primat\\\/#primaryimage\",\"url\":\"https:\\\/\\\/radioljubuski.ba\\\/wp-content\\\/uploads\\\/2021\\\/10\\\/naupZKhT_izetbegovic_covic_tucanje_n1.jpg\",\"contentUrl\":\"https:\\\/\\\/radioljubuski.ba\\\/wp-content\\\/uploads\\\/2021\\\/10\\\/naupZKhT_izetbegovic_covic_tucanje_n1.jpg\",\"width\":1000,\"height\":625},{\"@type\":\"BreadcrumbList\",\"@id\":\"https:\\\/\\\/radioljubuski.ba\\\/index.php\\\/2022\\\/03\\\/07\\\/za-ustavni-sud-uloga-naroda-vaznija-nego-gradana-dom-naroda-treba-imati-primat\\\/#breadcrumb\",\"itemListElement\":[{\"@type\":\"ListItem\",\"position\":1,\"name\":\"Po\u010detna stranica\",\"item\":\"https:\\\/\\\/radioljubuski.ba\\\/\"},{\"@type\":\"ListItem\",\"position\":2,\"name\":\"Za Ustavni sud uloga naroda va\u017enija nego gra\u0111ana, Dom naroda treba imati primat\"}]},{\"@type\":\"WebSite\",\"@id\":\"https:\\\/\\\/radioljubuski.ba\\\/#website\",\"url\":\"https:\\\/\\\/radioljubuski.ba\\\/\",\"name\":\"Radio Ljubu\u0161ki\",\"description\":\"Sun\u010dana frekvencija Hercegovine\",\"publisher\":{\"@id\":\"https:\\\/\\\/radioljubuski.ba\\\/#organization\"},\"potentialAction\":[{\"@type\":\"SearchAction\",\"target\":{\"@type\":\"EntryPoint\",\"urlTemplate\":\"https:\\\/\\\/radioljubuski.ba\\\/?s={search_term_string}\"},\"query-input\":{\"@type\":\"PropertyValueSpecification\",\"valueRequired\":true,\"valueName\":\"search_term_string\"}}],\"inLanguage\":\"hr\"},{\"@type\":\"Organization\",\"@id\":\"https:\\\/\\\/radioljubuski.ba\\\/#organization\",\"name\":\"Radio Ljubu\u0161ki\",\"url\":\"https:\\\/\\\/radioljubuski.ba\\\/\",\"logo\":{\"@type\":\"ImageObject\",\"inLanguage\":\"hr\",\"@id\":\"https:\\\/\\\/radioljubuski.ba\\\/#\\\/schema\\\/logo\\\/image\\\/\",\"url\":\"https:\\\/\\\/radioljubuski.ba\\\/wp-content\\\/uploads\\\/2021\\\/02\\\/cropped-Radio_Ljubuski_logo1.jpg\",\"contentUrl\":\"https:\\\/\\\/radioljubuski.ba\\\/wp-content\\\/uploads\\\/2021\\\/02\\\/cropped-Radio_Ljubuski_logo1.jpg\",\"width\":512,\"height\":512,\"caption\":\"Radio Ljubu\u0161ki\"},\"image\":{\"@id\":\"https:\\\/\\\/radioljubuski.ba\\\/#\\\/schema\\\/logo\\\/image\\\/\"},\"sameAs\":[\"https:\\\/\\\/www.facebook.com\\\/Radiio-Ljubuski-1490835324566332\",\"https:\\\/\\\/x.com\\\/radioljubuski\",\"https:\\\/\\\/hr.linkedin.com\\\/company\\\/radio-ljubuski\",\"https:\\\/\\\/www.youtube.com\\\/channel\\\/UCHYaeO_n0Db3tjNGudGpXyw\"]},{\"@type\":\"Person\",\"@id\":\"https:\\\/\\\/radioljubuski.ba\\\/#\\\/schema\\\/person\\\/19fc700381a780f69665d7956c469e3b\",\"name\":\"Radio Ljubu\u0161ki\"}]}<\/script>\n<!-- \/ Yoast SEO plugin. -->","yoast_head_json":{"title":"Za Ustavni sud uloga naroda va\u017enija nego gra\u0111ana, Dom naroda treba imati primat - RADIO LJUBU\u0160KI","robots":{"index":"index","follow":"follow","max-snippet":"max-snippet:-1","max-image-preview":"max-image-preview:large","max-video-preview":"max-video-preview:-1"},"canonical":"https:\/\/radioljubuski.ba\/index.php\/2022\/03\/07\/za-ustavni-sud-uloga-naroda-vaznija-nego-gradana-dom-naroda-treba-imati-primat\/","og_locale":"hr_HR","og_type":"article","og_title":"Za Ustavni sud uloga naroda va\u017enija nego gra\u0111ana, Dom naroda treba imati primat - RADIO LJUBU\u0160KI","og_description":"Predsjednik HDZ-a 1990. Ilija Cvitanovi\u0107 nagovijestio je mogu\u0107nost da \u0107e se u sljede\u0107ih tjedan dana otvoriti nova runda razgovora oko izmjena Izbornoga zakona izme\u0111u hrvatskih i bo\u0161nja\u010dkih stranaka. U me\u0111uvremenu se, kako doznaje Ve\u010dernji list BiH, nastavlja i tiha diplomatska aktivnost najva\u017enijih me\u0111unarodnih aktera iz SAD-a i EU-a kako bi se strane uvjerile u potrebu [&hellip;]","og_url":"https:\/\/radioljubuski.ba\/index.php\/2022\/03\/07\/za-ustavni-sud-uloga-naroda-vaznija-nego-gradana-dom-naroda-treba-imati-primat\/","og_site_name":"RADIO LJUBU\u0160KI","article_publisher":"https:\/\/www.facebook.com\/Radiio-Ljubuski-1490835324566332","article_published_time":"2022-03-07T14:12:25+00:00","article_modified_time":"2022-03-07T14:12:27+00:00","og_image":[{"width":1000,"height":625,"url":"https:\/\/radioljubuski.ba\/wp-content\/uploads\/2021\/10\/naupZKhT_izetbegovic_covic_tucanje_n1.jpg","type":"image\/jpeg"}],"author":"Radio Ljubu\u0161ki","twitter_card":"summary_large_image","twitter_creator":"@radioljubuski","twitter_site":"@radioljubuski","twitter_misc":{"Napisao\/la":"Radio Ljubu\u0161ki","Procijenjeno vrijeme \u010ditanja":"3 minute"},"schema":{"@context":"https:\/\/schema.org","@graph":[{"@type":"Article","@id":"https:\/\/radioljubuski.ba\/index.php\/2022\/03\/07\/za-ustavni-sud-uloga-naroda-vaznija-nego-gradana-dom-naroda-treba-imati-primat\/#article","isPartOf":{"@id":"https:\/\/radioljubuski.ba\/index.php\/2022\/03\/07\/za-ustavni-sud-uloga-naroda-vaznija-nego-gradana-dom-naroda-treba-imati-primat\/"},"author":{"name":"Radio Ljubu\u0161ki","@id":"https:\/\/radioljubuski.ba\/#\/schema\/person\/19fc700381a780f69665d7956c469e3b"},"headline":"Za Ustavni sud uloga naroda va\u017enija nego gra\u0111ana, Dom naroda treba imati primat","datePublished":"2022-03-07T14:12:25+00:00","dateModified":"2022-03-07T14:12:27+00:00","mainEntityOfPage":{"@id":"https:\/\/radioljubuski.ba\/index.php\/2022\/03\/07\/za-ustavni-sud-uloga-naroda-vaznija-nego-gradana-dom-naroda-treba-imati-primat\/"},"wordCount":649,"publisher":{"@id":"https:\/\/radioljubuski.ba\/#organization"},"image":{"@id":"https:\/\/radioljubuski.ba\/index.php\/2022\/03\/07\/za-ustavni-sud-uloga-naroda-vaznija-nego-gradana-dom-naroda-treba-imati-primat\/#primaryimage"},"thumbnailUrl":"https:\/\/radioljubuski.ba\/wp-content\/uploads\/2021\/10\/naupZKhT_izetbegovic_covic_tucanje_n1.jpg","articleSection":["BIH i regija"],"inLanguage":"hr"},{"@type":"WebPage","@id":"https:\/\/radioljubuski.ba\/index.php\/2022\/03\/07\/za-ustavni-sud-uloga-naroda-vaznija-nego-gradana-dom-naroda-treba-imati-primat\/","url":"https:\/\/radioljubuski.ba\/index.php\/2022\/03\/07\/za-ustavni-sud-uloga-naroda-vaznija-nego-gradana-dom-naroda-treba-imati-primat\/","name":"Za Ustavni sud uloga naroda va\u017enija nego gra\u0111ana, Dom naroda treba imati primat - RADIO LJUBU\u0160KI","isPartOf":{"@id":"https:\/\/radioljubuski.ba\/#website"},"primaryImageOfPage":{"@id":"https:\/\/radioljubuski.ba\/index.php\/2022\/03\/07\/za-ustavni-sud-uloga-naroda-vaznija-nego-gradana-dom-naroda-treba-imati-primat\/#primaryimage"},"image":{"@id":"https:\/\/radioljubuski.ba\/index.php\/2022\/03\/07\/za-ustavni-sud-uloga-naroda-vaznija-nego-gradana-dom-naroda-treba-imati-primat\/#primaryimage"},"thumbnailUrl":"https:\/\/radioljubuski.ba\/wp-content\/uploads\/2021\/10\/naupZKhT_izetbegovic_covic_tucanje_n1.jpg","datePublished":"2022-03-07T14:12:25+00:00","dateModified":"2022-03-07T14:12:27+00:00","breadcrumb":{"@id":"https:\/\/radioljubuski.ba\/index.php\/2022\/03\/07\/za-ustavni-sud-uloga-naroda-vaznija-nego-gradana-dom-naroda-treba-imati-primat\/#breadcrumb"},"inLanguage":"hr","potentialAction":[{"@type":"ReadAction","target":["https:\/\/radioljubuski.ba\/index.php\/2022\/03\/07\/za-ustavni-sud-uloga-naroda-vaznija-nego-gradana-dom-naroda-treba-imati-primat\/"]}]},{"@type":"ImageObject","inLanguage":"hr","@id":"https:\/\/radioljubuski.ba\/index.php\/2022\/03\/07\/za-ustavni-sud-uloga-naroda-vaznija-nego-gradana-dom-naroda-treba-imati-primat\/#primaryimage","url":"https:\/\/radioljubuski.ba\/wp-content\/uploads\/2021\/10\/naupZKhT_izetbegovic_covic_tucanje_n1.jpg","contentUrl":"https:\/\/radioljubuski.ba\/wp-content\/uploads\/2021\/10\/naupZKhT_izetbegovic_covic_tucanje_n1.jpg","width":1000,"height":625},{"@type":"BreadcrumbList","@id":"https:\/\/radioljubuski.ba\/index.php\/2022\/03\/07\/za-ustavni-sud-uloga-naroda-vaznija-nego-gradana-dom-naroda-treba-imati-primat\/#breadcrumb","itemListElement":[{"@type":"ListItem","position":1,"name":"Po\u010detna stranica","item":"https:\/\/radioljubuski.ba\/"},{"@type":"ListItem","position":2,"name":"Za Ustavni sud uloga naroda va\u017enija nego gra\u0111ana, Dom naroda treba imati primat"}]},{"@type":"WebSite","@id":"https:\/\/radioljubuski.ba\/#website","url":"https:\/\/radioljubuski.ba\/","name":"Radio Ljubu\u0161ki","description":"Sun\u010dana frekvencija Hercegovine","publisher":{"@id":"https:\/\/radioljubuski.ba\/#organization"},"potentialAction":[{"@type":"SearchAction","target":{"@type":"EntryPoint","urlTemplate":"https:\/\/radioljubuski.ba\/?s={search_term_string}"},"query-input":{"@type":"PropertyValueSpecification","valueRequired":true,"valueName":"search_term_string"}}],"inLanguage":"hr"},{"@type":"Organization","@id":"https:\/\/radioljubuski.ba\/#organization","name":"Radio Ljubu\u0161ki","url":"https:\/\/radioljubuski.ba\/","logo":{"@type":"ImageObject","inLanguage":"hr","@id":"https:\/\/radioljubuski.ba\/#\/schema\/logo\/image\/","url":"https:\/\/radioljubuski.ba\/wp-content\/uploads\/2021\/02\/cropped-Radio_Ljubuski_logo1.jpg","contentUrl":"https:\/\/radioljubuski.ba\/wp-content\/uploads\/2021\/02\/cropped-Radio_Ljubuski_logo1.jpg","width":512,"height":512,"caption":"Radio Ljubu\u0161ki"},"image":{"@id":"https:\/\/radioljubuski.ba\/#\/schema\/logo\/image\/"},"sameAs":["https:\/\/www.facebook.com\/Radiio-Ljubuski-1490835324566332","https:\/\/x.com\/radioljubuski","https:\/\/hr.linkedin.com\/company\/radio-ljubuski","https:\/\/www.youtube.com\/channel\/UCHYaeO_n0Db3tjNGudGpXyw"]},{"@type":"Person","@id":"https:\/\/radioljubuski.ba\/#\/schema\/person\/19fc700381a780f69665d7956c469e3b","name":"Radio Ljubu\u0161ki"}]}},"_links":{"self":[{"href":"https:\/\/radioljubuski.ba\/index.php\/wp-json\/wp\/v2\/posts\/119004","targetHints":{"allow":["GET"]}}],"collection":[{"href":"https:\/\/radioljubuski.ba\/index.php\/wp-json\/wp\/v2\/posts"}],"about":[{"href":"https:\/\/radioljubuski.ba\/index.php\/wp-json\/wp\/v2\/types\/post"}],"author":[{"embeddable":true,"href":"https:\/\/radioljubuski.ba\/index.php\/wp-json\/wp\/v2\/users\/2"}],"replies":[{"embeddable":true,"href":"https:\/\/radioljubuski.ba\/index.php\/wp-json\/wp\/v2\/comments?post=119004"}],"version-history":[{"count":1,"href":"https:\/\/radioljubuski.ba\/index.php\/wp-json\/wp\/v2\/posts\/119004\/revisions"}],"predecessor-version":[{"id":119005,"href":"https:\/\/radioljubuski.ba\/index.php\/wp-json\/wp\/v2\/posts\/119004\/revisions\/119005"}],"wp:featuredmedia":[{"embeddable":true,"href":"https:\/\/radioljubuski.ba\/index.php\/wp-json\/wp\/v2\/media\/70196"}],"wp:attachment":[{"href":"https:\/\/radioljubuski.ba\/index.php\/wp-json\/wp\/v2\/media?parent=119004"}],"wp:term":[{"taxonomy":"category","embeddable":true,"href":"https:\/\/radioljubuski.ba\/index.php\/wp-json\/wp\/v2\/categories?post=119004"},{"taxonomy":"post_tag","embeddable":true,"href":"https:\/\/radioljubuski.ba\/index.php\/wp-json\/wp\/v2\/tags?post=119004"}],"curies":[{"name":"wp","href":"https:\/\/api.w.org\/{rel}","templated":true}]}}