{"id":119006,"date":"2022-03-07T15:14:14","date_gmt":"2022-03-07T14:14:14","guid":{"rendered":"https:\/\/radioljubuski.ba\/?p=119006"},"modified":"2022-03-07T15:14:15","modified_gmt":"2022-03-07T14:14:15","slug":"vulin-prijem-kosova-u-nato-bio-bi-izravna-prijetnja-srbiji-oruzanim-sukobom","status":"publish","type":"post","link":"https:\/\/radioljubuski.ba\/index.php\/2022\/03\/07\/vulin-prijem-kosova-u-nato-bio-bi-izravna-prijetnja-srbiji-oruzanim-sukobom\/","title":{"rendered":"Vulin: Prijem Kosova u NATO bio bi &#8220;izravna prijetnja Srbiji oru\u017eanim sukobom\u201c"},"content":{"rendered":"\n<p>Prijem Kosova u NATO bio bi &#8220;izravna prijetnja Srbiji oru\u017eanim sukobom\u201c, ocijenio je u ponedjeljak srbijanski ministar unutarnjih poslova Aleksandar Vulin, ustvrdiv\u0161i kako bi time bila prekr\u0161ena Rezolucija 1244 Vije\u0107a sigurnosti Ujedinjenih naroda (VS UN), te povelja Sjevernoatlanskog saveza.<\/p>\n\n\n\n<p>Kosovski parlament pro\u0161log je tjedna, potaknut invazijom Rusije na Ukrajinu, usvojio rezoluciju kojom poziva vladu na pokretanje pregovora o \u010dlanstvu u NATO-u. &nbsp;&nbsp;<\/p>\n\n\n\n<p>Kosovo je pod nadzorom me\u0111unarodnih snaga (KFOR) od 1999. nakon zavr\u0161etka ratnih sukoba izme\u0111u etni\u010dkih Albanaca i srbijanskih snaga, te povla\u010denja srpske vojske i policije, dok slu\u017ebeni Beograd inzistira na po\u0161tivanju Rezolucije 1244 VS UN-a koja Srbiji priznaje teritorijalni integritet na Kosovu.<\/p>\n\n\n\n<p>\u201eHo\u0107ete da od Kosova napravite \u010dlanicu NATO bez da je ispunjen ijedan standard, a mapa puta za NATO je kompliciranija nego za Europsku uniju&#8221;, upitao je Vulin gostuju\u0107i danas u programu provladine komercijalne TV Pink.<\/p>\n\n\n\n<p>&#8220;Ako sve to presko\u010dite vi ih (Kosovo) samo pripremate da im date mogu\u0107nost da napadnu Srbe, da provociraju dr\u017eavu Srbiju do granice da ona ne mo\u017ee a da ne odgovori\u201c, rekao je Vulin.<\/p>\n\n\n\n<p>Tada bi, kako je ocijenio, rekli da po 5. \u010dlanu Povelje NATO \u010dlanica tog saveza mora biti za\u0161ti\u0107ena, \u0161to bi otvorilo mogu\u0107nost da se bombardira Srbija.<\/p>\n\n\n\n<p>Vulin je rekao kako osim toga ne bi bilo drugog razloga da se Kosovo primi u NATO.&nbsp;<\/p>\n\n\n\n<p>. Ako sve to presko\u010dite vi ih samo pripremate da im date mogu\u0107nost da napadnu Srbe, da provociraju dr\u017eavu Srbije do granice da ona ne mo\u017ee da ne odgovori&#8221;<\/p>\n\n\n\n<p>Izvor:pogled.ba<\/p>\n","protected":false},"excerpt":{"rendered":"<p>Prijem Kosova u NATO bio bi &#8220;izravna prijetnja Srbiji oru\u017eanim sukobom\u201c, ocijenio je u ponedjeljak srbijanski ministar unutarnjih poslova Aleksandar Vulin, ustvrdiv\u0161i kako bi time bila prekr\u0161ena Rezolucija 1244 Vije\u0107a sigurnosti Ujedinjenih naroda (VS UN), te povelja Sjevernoatlanskog saveza. Kosovski parlament pro\u0161log je tjedna, potaknut invazijom Rusije na Ukrajinu, usvojio rezoluciju kojom poziva vladu na [&hellip;]<\/p>\n","protected":false},"author":2,"featured_media":119007,"comment_status":"closed","ping_status":"closed","sticky":false,"template":"","format":"standard","meta":{"h5ap_radio_sources":[],"footnotes":""},"categories":[1],"tags":[],"class_list":["post-119006","post","type-post","status-publish","format-standard","has-post-thumbnail","hentry","category-bihiregija"],"yoast_head":"<!-- This site is optimized with the Yoast SEO plugin v27.5 - https:\/\/yoast.com\/product\/yoast-seo-wordpress\/ -->\n<title>Vulin: Prijem Kosova u NATO bio bi &quot;izravna prijetnja Srbiji oru\u017eanim sukobom\u201c - RADIO LJUBU\u0160KI<\/title>\n<meta name=\"robots\" content=\"index, follow, max-snippet:-1, max-image-preview:large, max-video-preview:-1\" \/>\n<link rel=\"canonical\" href=\"https:\/\/radioljubuski.ba\/index.php\/2022\/03\/07\/vulin-prijem-kosova-u-nato-bio-bi-izravna-prijetnja-srbiji-oruzanim-sukobom\/\" \/>\n<meta property=\"og:locale\" content=\"hr_HR\" \/>\n<meta property=\"og:type\" content=\"article\" \/>\n<meta property=\"og:title\" content=\"Vulin: Prijem Kosova u NATO bio bi &quot;izravna prijetnja Srbiji oru\u017eanim sukobom\u201c - RADIO LJUBU\u0160KI\" \/>\n<meta property=\"og:description\" content=\"Prijem Kosova u NATO bio bi &#8220;izravna prijetnja Srbiji oru\u017eanim sukobom\u201c, ocijenio je u ponedjeljak srbijanski ministar unutarnjih poslova Aleksandar Vulin, ustvrdiv\u0161i kako bi time bila prekr\u0161ena Rezolucija 1244 Vije\u0107a sigurnosti Ujedinjenih naroda (VS UN), te povelja Sjevernoatlanskog saveza. Kosovski parlament pro\u0161log je tjedna, potaknut invazijom Rusije na Ukrajinu, usvojio rezoluciju kojom poziva vladu na [&hellip;]\" \/>\n<meta property=\"og:url\" content=\"https:\/\/radioljubuski.ba\/index.php\/2022\/03\/07\/vulin-prijem-kosova-u-nato-bio-bi-izravna-prijetnja-srbiji-oruzanim-sukobom\/\" \/>\n<meta property=\"og:site_name\" content=\"RADIO LJUBU\u0160KI\" \/>\n<meta property=\"article:publisher\" content=\"https:\/\/www.facebook.com\/Radiio-Ljubuski-1490835324566332\" \/>\n<meta property=\"article:published_time\" content=\"2022-03-07T14:14:14+00:00\" \/>\n<meta property=\"article:modified_time\" content=\"2022-03-07T14:14:15+00:00\" \/>\n<meta property=\"og:image\" content=\"https:\/\/radioljubuski.ba\/wp-content\/uploads\/2022\/03\/npySLbRI_aleksandar_vulin.jpg\" \/>\n\t<meta property=\"og:image:width\" content=\"1000\" \/>\n\t<meta property=\"og:image:height\" content=\"625\" \/>\n\t<meta property=\"og:image:type\" content=\"image\/jpeg\" \/>\n<meta name=\"author\" content=\"Radio Ljubu\u0161ki\" \/>\n<meta name=\"twitter:card\" content=\"summary_large_image\" \/>\n<meta name=\"twitter:creator\" content=\"@radioljubuski\" \/>\n<meta name=\"twitter:site\" content=\"@radioljubuski\" \/>\n<meta name=\"twitter:label1\" content=\"Napisao\/la\" \/>\n\t<meta name=\"twitter:data1\" content=\"Radio Ljubu\u0161ki\" \/>\n\t<meta name=\"twitter:label2\" content=\"Procijenjeno vrijeme \u010ditanja\" \/>\n\t<meta name=\"twitter:data2\" content=\"2 minute\" \/>\n<script type=\"application\/ld+json\" class=\"yoast-schema-graph\">{\"@context\":\"https:\\\/\\\/schema.org\",\"@graph\":[{\"@type\":\"Article\",\"@id\":\"https:\\\/\\\/radioljubuski.ba\\\/index.php\\\/2022\\\/03\\\/07\\\/vulin-prijem-kosova-u-nato-bio-bi-izravna-prijetnja-srbiji-oruzanim-sukobom\\\/#article\",\"isPartOf\":{\"@id\":\"https:\\\/\\\/radioljubuski.ba\\\/index.php\\\/2022\\\/03\\\/07\\\/vulin-prijem-kosova-u-nato-bio-bi-izravna-prijetnja-srbiji-oruzanim-sukobom\\\/\"},\"author\":{\"name\":\"Radio Ljubu\u0161ki\",\"@id\":\"https:\\\/\\\/radioljubuski.ba\\\/#\\\/schema\\\/person\\\/19fc700381a780f69665d7956c469e3b\"},\"headline\":\"Vulin: Prijem Kosova u NATO bio bi &#8220;izravna prijetnja Srbiji oru\u017eanim sukobom\u201c\",\"datePublished\":\"2022-03-07T14:14:14+00:00\",\"dateModified\":\"2022-03-07T14:14:15+00:00\",\"mainEntityOfPage\":{\"@id\":\"https:\\\/\\\/radioljubuski.ba\\\/index.php\\\/2022\\\/03\\\/07\\\/vulin-prijem-kosova-u-nato-bio-bi-izravna-prijetnja-srbiji-oruzanim-sukobom\\\/\"},\"wordCount\":282,\"publisher\":{\"@id\":\"https:\\\/\\\/radioljubuski.ba\\\/#organization\"},\"image\":{\"@id\":\"https:\\\/\\\/radioljubuski.ba\\\/index.php\\\/2022\\\/03\\\/07\\\/vulin-prijem-kosova-u-nato-bio-bi-izravna-prijetnja-srbiji-oruzanim-sukobom\\\/#primaryimage\"},\"thumbnailUrl\":\"https:\\\/\\\/radioljubuski.ba\\\/wp-content\\\/uploads\\\/2022\\\/03\\\/npySLbRI_aleksandar_vulin.jpg\",\"articleSection\":[\"BIH i regija\"],\"inLanguage\":\"hr\"},{\"@type\":\"WebPage\",\"@id\":\"https:\\\/\\\/radioljubuski.ba\\\/index.php\\\/2022\\\/03\\\/07\\\/vulin-prijem-kosova-u-nato-bio-bi-izravna-prijetnja-srbiji-oruzanim-sukobom\\\/\",\"url\":\"https:\\\/\\\/radioljubuski.ba\\\/index.php\\\/2022\\\/03\\\/07\\\/vulin-prijem-kosova-u-nato-bio-bi-izravna-prijetnja-srbiji-oruzanim-sukobom\\\/\",\"name\":\"Vulin: Prijem Kosova u NATO bio bi \\\"izravna prijetnja Srbiji oru\u017eanim sukobom\u201c - RADIO LJUBU\u0160KI\",\"isPartOf\":{\"@id\":\"https:\\\/\\\/radioljubuski.ba\\\/#website\"},\"primaryImageOfPage\":{\"@id\":\"https:\\\/\\\/radioljubuski.ba\\\/index.php\\\/2022\\\/03\\\/07\\\/vulin-prijem-kosova-u-nato-bio-bi-izravna-prijetnja-srbiji-oruzanim-sukobom\\\/#primaryimage\"},\"image\":{\"@id\":\"https:\\\/\\\/radioljubuski.ba\\\/index.php\\\/2022\\\/03\\\/07\\\/vulin-prijem-kosova-u-nato-bio-bi-izravna-prijetnja-srbiji-oruzanim-sukobom\\\/#primaryimage\"},\"thumbnailUrl\":\"https:\\\/\\\/radioljubuski.ba\\\/wp-content\\\/uploads\\\/2022\\\/03\\\/npySLbRI_aleksandar_vulin.jpg\",\"datePublished\":\"2022-03-07T14:14:14+00:00\",\"dateModified\":\"2022-03-07T14:14:15+00:00\",\"breadcrumb\":{\"@id\":\"https:\\\/\\\/radioljubuski.ba\\\/index.php\\\/2022\\\/03\\\/07\\\/vulin-prijem-kosova-u-nato-bio-bi-izravna-prijetnja-srbiji-oruzanim-sukobom\\\/#breadcrumb\"},\"inLanguage\":\"hr\",\"potentialAction\":[{\"@type\":\"ReadAction\",\"target\":[\"https:\\\/\\\/radioljubuski.ba\\\/index.php\\\/2022\\\/03\\\/07\\\/vulin-prijem-kosova-u-nato-bio-bi-izravna-prijetnja-srbiji-oruzanim-sukobom\\\/\"]}]},{\"@type\":\"ImageObject\",\"inLanguage\":\"hr\",\"@id\":\"https:\\\/\\\/radioljubuski.ba\\\/index.php\\\/2022\\\/03\\\/07\\\/vulin-prijem-kosova-u-nato-bio-bi-izravna-prijetnja-srbiji-oruzanim-sukobom\\\/#primaryimage\",\"url\":\"https:\\\/\\\/radioljubuski.ba\\\/wp-content\\\/uploads\\\/2022\\\/03\\\/npySLbRI_aleksandar_vulin.jpg\",\"contentUrl\":\"https:\\\/\\\/radioljubuski.ba\\\/wp-content\\\/uploads\\\/2022\\\/03\\\/npySLbRI_aleksandar_vulin.jpg\",\"width\":1000,\"height\":625},{\"@type\":\"BreadcrumbList\",\"@id\":\"https:\\\/\\\/radioljubuski.ba\\\/index.php\\\/2022\\\/03\\\/07\\\/vulin-prijem-kosova-u-nato-bio-bi-izravna-prijetnja-srbiji-oruzanim-sukobom\\\/#breadcrumb\",\"itemListElement\":[{\"@type\":\"ListItem\",\"position\":1,\"name\":\"Po\u010detna stranica\",\"item\":\"https:\\\/\\\/radioljubuski.ba\\\/\"},{\"@type\":\"ListItem\",\"position\":2,\"name\":\"Vulin: Prijem Kosova u NATO bio bi &#8220;izravna prijetnja Srbiji oru\u017eanim sukobom\u201c\"}]},{\"@type\":\"WebSite\",\"@id\":\"https:\\\/\\\/radioljubuski.ba\\\/#website\",\"url\":\"https:\\\/\\\/radioljubuski.ba\\\/\",\"name\":\"Radio Ljubu\u0161ki\",\"description\":\"Sun\u010dana frekvencija Hercegovine\",\"publisher\":{\"@id\":\"https:\\\/\\\/radioljubuski.ba\\\/#organization\"},\"potentialAction\":[{\"@type\":\"SearchAction\",\"target\":{\"@type\":\"EntryPoint\",\"urlTemplate\":\"https:\\\/\\\/radioljubuski.ba\\\/?s={search_term_string}\"},\"query-input\":{\"@type\":\"PropertyValueSpecification\",\"valueRequired\":true,\"valueName\":\"search_term_string\"}}],\"inLanguage\":\"hr\"},{\"@type\":\"Organization\",\"@id\":\"https:\\\/\\\/radioljubuski.ba\\\/#organization\",\"name\":\"Radio Ljubu\u0161ki\",\"url\":\"https:\\\/\\\/radioljubuski.ba\\\/\",\"logo\":{\"@type\":\"ImageObject\",\"inLanguage\":\"hr\",\"@id\":\"https:\\\/\\\/radioljubuski.ba\\\/#\\\/schema\\\/logo\\\/image\\\/\",\"url\":\"https:\\\/\\\/radioljubuski.ba\\\/wp-content\\\/uploads\\\/2021\\\/02\\\/cropped-Radio_Ljubuski_logo1.jpg\",\"contentUrl\":\"https:\\\/\\\/radioljubuski.ba\\\/wp-content\\\/uploads\\\/2021\\\/02\\\/cropped-Radio_Ljubuski_logo1.jpg\",\"width\":512,\"height\":512,\"caption\":\"Radio Ljubu\u0161ki\"},\"image\":{\"@id\":\"https:\\\/\\\/radioljubuski.ba\\\/#\\\/schema\\\/logo\\\/image\\\/\"},\"sameAs\":[\"https:\\\/\\\/www.facebook.com\\\/Radiio-Ljubuski-1490835324566332\",\"https:\\\/\\\/x.com\\\/radioljubuski\",\"https:\\\/\\\/hr.linkedin.com\\\/company\\\/radio-ljubuski\",\"https:\\\/\\\/www.youtube.com\\\/channel\\\/UCHYaeO_n0Db3tjNGudGpXyw\"]},{\"@type\":\"Person\",\"@id\":\"https:\\\/\\\/radioljubuski.ba\\\/#\\\/schema\\\/person\\\/19fc700381a780f69665d7956c469e3b\",\"name\":\"Radio Ljubu\u0161ki\"}]}<\/script>\n<!-- \/ Yoast SEO plugin. -->","yoast_head_json":{"title":"Vulin: Prijem Kosova u NATO bio bi \"izravna prijetnja Srbiji oru\u017eanim sukobom\u201c - RADIO LJUBU\u0160KI","robots":{"index":"index","follow":"follow","max-snippet":"max-snippet:-1","max-image-preview":"max-image-preview:large","max-video-preview":"max-video-preview:-1"},"canonical":"https:\/\/radioljubuski.ba\/index.php\/2022\/03\/07\/vulin-prijem-kosova-u-nato-bio-bi-izravna-prijetnja-srbiji-oruzanim-sukobom\/","og_locale":"hr_HR","og_type":"article","og_title":"Vulin: Prijem Kosova u NATO bio bi \"izravna prijetnja Srbiji oru\u017eanim sukobom\u201c - RADIO LJUBU\u0160KI","og_description":"Prijem Kosova u NATO bio bi &#8220;izravna prijetnja Srbiji oru\u017eanim sukobom\u201c, ocijenio je u ponedjeljak srbijanski ministar unutarnjih poslova Aleksandar Vulin, ustvrdiv\u0161i kako bi time bila prekr\u0161ena Rezolucija 1244 Vije\u0107a sigurnosti Ujedinjenih naroda (VS UN), te povelja Sjevernoatlanskog saveza. Kosovski parlament pro\u0161log je tjedna, potaknut invazijom Rusije na Ukrajinu, usvojio rezoluciju kojom poziva vladu na [&hellip;]","og_url":"https:\/\/radioljubuski.ba\/index.php\/2022\/03\/07\/vulin-prijem-kosova-u-nato-bio-bi-izravna-prijetnja-srbiji-oruzanim-sukobom\/","og_site_name":"RADIO LJUBU\u0160KI","article_publisher":"https:\/\/www.facebook.com\/Radiio-Ljubuski-1490835324566332","article_published_time":"2022-03-07T14:14:14+00:00","article_modified_time":"2022-03-07T14:14:15+00:00","og_image":[{"width":1000,"height":625,"url":"https:\/\/radioljubuski.ba\/wp-content\/uploads\/2022\/03\/npySLbRI_aleksandar_vulin.jpg","type":"image\/jpeg"}],"author":"Radio Ljubu\u0161ki","twitter_card":"summary_large_image","twitter_creator":"@radioljubuski","twitter_site":"@radioljubuski","twitter_misc":{"Napisao\/la":"Radio Ljubu\u0161ki","Procijenjeno vrijeme \u010ditanja":"2 minute"},"schema":{"@context":"https:\/\/schema.org","@graph":[{"@type":"Article","@id":"https:\/\/radioljubuski.ba\/index.php\/2022\/03\/07\/vulin-prijem-kosova-u-nato-bio-bi-izravna-prijetnja-srbiji-oruzanim-sukobom\/#article","isPartOf":{"@id":"https:\/\/radioljubuski.ba\/index.php\/2022\/03\/07\/vulin-prijem-kosova-u-nato-bio-bi-izravna-prijetnja-srbiji-oruzanim-sukobom\/"},"author":{"name":"Radio Ljubu\u0161ki","@id":"https:\/\/radioljubuski.ba\/#\/schema\/person\/19fc700381a780f69665d7956c469e3b"},"headline":"Vulin: Prijem Kosova u NATO bio bi &#8220;izravna prijetnja Srbiji oru\u017eanim sukobom\u201c","datePublished":"2022-03-07T14:14:14+00:00","dateModified":"2022-03-07T14:14:15+00:00","mainEntityOfPage":{"@id":"https:\/\/radioljubuski.ba\/index.php\/2022\/03\/07\/vulin-prijem-kosova-u-nato-bio-bi-izravna-prijetnja-srbiji-oruzanim-sukobom\/"},"wordCount":282,"publisher":{"@id":"https:\/\/radioljubuski.ba\/#organization"},"image":{"@id":"https:\/\/radioljubuski.ba\/index.php\/2022\/03\/07\/vulin-prijem-kosova-u-nato-bio-bi-izravna-prijetnja-srbiji-oruzanim-sukobom\/#primaryimage"},"thumbnailUrl":"https:\/\/radioljubuski.ba\/wp-content\/uploads\/2022\/03\/npySLbRI_aleksandar_vulin.jpg","articleSection":["BIH i regija"],"inLanguage":"hr"},{"@type":"WebPage","@id":"https:\/\/radioljubuski.ba\/index.php\/2022\/03\/07\/vulin-prijem-kosova-u-nato-bio-bi-izravna-prijetnja-srbiji-oruzanim-sukobom\/","url":"https:\/\/radioljubuski.ba\/index.php\/2022\/03\/07\/vulin-prijem-kosova-u-nato-bio-bi-izravna-prijetnja-srbiji-oruzanim-sukobom\/","name":"Vulin: Prijem Kosova u NATO bio bi \"izravna prijetnja Srbiji oru\u017eanim sukobom\u201c - RADIO LJUBU\u0160KI","isPartOf":{"@id":"https:\/\/radioljubuski.ba\/#website"},"primaryImageOfPage":{"@id":"https:\/\/radioljubuski.ba\/index.php\/2022\/03\/07\/vulin-prijem-kosova-u-nato-bio-bi-izravna-prijetnja-srbiji-oruzanim-sukobom\/#primaryimage"},"image":{"@id":"https:\/\/radioljubuski.ba\/index.php\/2022\/03\/07\/vulin-prijem-kosova-u-nato-bio-bi-izravna-prijetnja-srbiji-oruzanim-sukobom\/#primaryimage"},"thumbnailUrl":"https:\/\/radioljubuski.ba\/wp-content\/uploads\/2022\/03\/npySLbRI_aleksandar_vulin.jpg","datePublished":"2022-03-07T14:14:14+00:00","dateModified":"2022-03-07T14:14:15+00:00","breadcrumb":{"@id":"https:\/\/radioljubuski.ba\/index.php\/2022\/03\/07\/vulin-prijem-kosova-u-nato-bio-bi-izravna-prijetnja-srbiji-oruzanim-sukobom\/#breadcrumb"},"inLanguage":"hr","potentialAction":[{"@type":"ReadAction","target":["https:\/\/radioljubuski.ba\/index.php\/2022\/03\/07\/vulin-prijem-kosova-u-nato-bio-bi-izravna-prijetnja-srbiji-oruzanim-sukobom\/"]}]},{"@type":"ImageObject","inLanguage":"hr","@id":"https:\/\/radioljubuski.ba\/index.php\/2022\/03\/07\/vulin-prijem-kosova-u-nato-bio-bi-izravna-prijetnja-srbiji-oruzanim-sukobom\/#primaryimage","url":"https:\/\/radioljubuski.ba\/wp-content\/uploads\/2022\/03\/npySLbRI_aleksandar_vulin.jpg","contentUrl":"https:\/\/radioljubuski.ba\/wp-content\/uploads\/2022\/03\/npySLbRI_aleksandar_vulin.jpg","width":1000,"height":625},{"@type":"BreadcrumbList","@id":"https:\/\/radioljubuski.ba\/index.php\/2022\/03\/07\/vulin-prijem-kosova-u-nato-bio-bi-izravna-prijetnja-srbiji-oruzanim-sukobom\/#breadcrumb","itemListElement":[{"@type":"ListItem","position":1,"name":"Po\u010detna stranica","item":"https:\/\/radioljubuski.ba\/"},{"@type":"ListItem","position":2,"name":"Vulin: Prijem Kosova u NATO bio bi &#8220;izravna prijetnja Srbiji oru\u017eanim sukobom\u201c"}]},{"@type":"WebSite","@id":"https:\/\/radioljubuski.ba\/#website","url":"https:\/\/radioljubuski.ba\/","name":"Radio Ljubu\u0161ki","description":"Sun\u010dana frekvencija Hercegovine","publisher":{"@id":"https:\/\/radioljubuski.ba\/#organization"},"potentialAction":[{"@type":"SearchAction","target":{"@type":"EntryPoint","urlTemplate":"https:\/\/radioljubuski.ba\/?s={search_term_string}"},"query-input":{"@type":"PropertyValueSpecification","valueRequired":true,"valueName":"search_term_string"}}],"inLanguage":"hr"},{"@type":"Organization","@id":"https:\/\/radioljubuski.ba\/#organization","name":"Radio Ljubu\u0161ki","url":"https:\/\/radioljubuski.ba\/","logo":{"@type":"ImageObject","inLanguage":"hr","@id":"https:\/\/radioljubuski.ba\/#\/schema\/logo\/image\/","url":"https:\/\/radioljubuski.ba\/wp-content\/uploads\/2021\/02\/cropped-Radio_Ljubuski_logo1.jpg","contentUrl":"https:\/\/radioljubuski.ba\/wp-content\/uploads\/2021\/02\/cropped-Radio_Ljubuski_logo1.jpg","width":512,"height":512,"caption":"Radio Ljubu\u0161ki"},"image":{"@id":"https:\/\/radioljubuski.ba\/#\/schema\/logo\/image\/"},"sameAs":["https:\/\/www.facebook.com\/Radiio-Ljubuski-1490835324566332","https:\/\/x.com\/radioljubuski","https:\/\/hr.linkedin.com\/company\/radio-ljubuski","https:\/\/www.youtube.com\/channel\/UCHYaeO_n0Db3tjNGudGpXyw"]},{"@type":"Person","@id":"https:\/\/radioljubuski.ba\/#\/schema\/person\/19fc700381a780f69665d7956c469e3b","name":"Radio Ljubu\u0161ki"}]}},"_links":{"self":[{"href":"https:\/\/radioljubuski.ba\/index.php\/wp-json\/wp\/v2\/posts\/119006","targetHints":{"allow":["GET"]}}],"collection":[{"href":"https:\/\/radioljubuski.ba\/index.php\/wp-json\/wp\/v2\/posts"}],"about":[{"href":"https:\/\/radioljubuski.ba\/index.php\/wp-json\/wp\/v2\/types\/post"}],"author":[{"embeddable":true,"href":"https:\/\/radioljubuski.ba\/index.php\/wp-json\/wp\/v2\/users\/2"}],"replies":[{"embeddable":true,"href":"https:\/\/radioljubuski.ba\/index.php\/wp-json\/wp\/v2\/comments?post=119006"}],"version-history":[{"count":1,"href":"https:\/\/radioljubuski.ba\/index.php\/wp-json\/wp\/v2\/posts\/119006\/revisions"}],"predecessor-version":[{"id":119008,"href":"https:\/\/radioljubuski.ba\/index.php\/wp-json\/wp\/v2\/posts\/119006\/revisions\/119008"}],"wp:featuredmedia":[{"embeddable":true,"href":"https:\/\/radioljubuski.ba\/index.php\/wp-json\/wp\/v2\/media\/119007"}],"wp:attachment":[{"href":"https:\/\/radioljubuski.ba\/index.php\/wp-json\/wp\/v2\/media?parent=119006"}],"wp:term":[{"taxonomy":"category","embeddable":true,"href":"https:\/\/radioljubuski.ba\/index.php\/wp-json\/wp\/v2\/categories?post=119006"},{"taxonomy":"post_tag","embeddable":true,"href":"https:\/\/radioljubuski.ba\/index.php\/wp-json\/wp\/v2\/tags?post=119006"}],"curies":[{"name":"wp","href":"https:\/\/api.w.org\/{rel}","templated":true}]}}