{"id":119009,"date":"2022-03-07T15:15:24","date_gmt":"2022-03-07T14:15:24","guid":{"rendered":"https:\/\/radioljubuski.ba\/?p=119009"},"modified":"2022-03-07T15:15:25","modified_gmt":"2022-03-07T14:15:25","slug":"tonci-tadic-putin-je-pokvareni-gad-zao-covjek-nuklearna-prijetnja-je-blef","status":"publish","type":"post","link":"https:\/\/radioljubuski.ba\/index.php\/2022\/03\/07\/tonci-tadic-putin-je-pokvareni-gad-zao-covjek-nuklearna-prijetnja-je-blef\/","title":{"rendered":"Ton\u010di Tadi\u0107: Putin je pokvareni gad, zao \u010dovjek. Nuklearna prijetnja je blef"},"content":{"rendered":"\n<p>Atomski fizi\u010dar Ton\u010di Tadi\u0107 gostovao je u <a href=\"https:\/\/hr.n1info.com\/vijesti\/prijetnja-nuklearnim-oruzjem-jadan-blef-putin-je-pokvareni-gad-i-zao-covjek\/\" target=\"_blank\" rel=\"noreferrer noopener\">N1 <\/a>studiju u\u017eivo i komentirao kolika je doista mogu\u0107nost nuklearnog rata, \u0161to se spominje s ruske strane tijekom invazije na Ukrajinu.<\/p>\n\n\n\n<p>U no\u0107i s \u010detvrtka na petak granatirana je najve\u0107a nuklearna elektrana u Europi u Zapori\u017eju u Ukrajini. Upitan kolika je doista opasnost od tog napada, Tadi\u0107 je rekao da sve ovisi o tome koliko ljudi u ruskom zapovjedni\u0161tvu misle.<\/p>\n\n\n\n<p>\u201cJa sam do prije par dana \u010dvrsto vjerovao da misle, ali sad u to nisam siguran. Samo kompletni idiot mo\u017ee narediti pucanje artiljerijom na nuklearku. Sad ka\u017eu da nisu ga\u0111ali reaktor, te\u0161ko da bi ga o\u0161tetili i da jesu, oni su gra\u0111eni po modelu WWR, to su reaktori u betonskom oklopu, koji su za\u0161ti\u0107eni od jedne granate.<\/p>\n\n\n\n<p>Problem je u tome \u0161to su oni ga\u0111ali sve drugo. Silno me iznerviralo to da bilo tko ide tu\u0107i po bilo \u010demu oko nuklearki. Ga\u0111anje kontrolnog postrojenja je zabrinjavaju\u0107e. Koliki lumen mora\u0161 biti da radi\u0161 takvo ne\u0161to?\u201d, upitao je.<\/p>\n\n\n\n<p><strong>\u201cHo\u0107e li se Ukrajina prestati boriti kad nestane struje? Ne, ne\u0107e.\u201d<\/strong><\/p>\n\n\n\n<p>\u201cJako je upitno \u0161to oni zapravo \u017eele posti\u0107i time. Jednostavna logika ka\u017ee oduzeti Ukrajini opskrbu elektri\u010dnom energijom, pa ako zauzmu sve nukelarke, Ukrajina \u0107e ostati bez struje i \u0161to onda? Ho\u0107e li se Ukrajina prestati boriti? Ne, ne\u0107e. Za ratna zbivanja struja iz nuklearke nije nu\u017ena. Time se posti\u017ee maltretiranje civilnog stanovni\u0161tva, koje ne\u0107e imati grijanja ni struje\u201d, rekao je Tadi\u0107.<\/p>\n\n\n\n<p>U nuklearki Zapori\u017eje ostao je raditi jedan reaktor koji stvara toplu vodu za sam grad, ostali su raditi djelatnici nuklearke. Oni jesu pod prismotrom ruskih okupacijskih snaga i oni, naravno, \u010dine apsolutno sve da ne do\u0111e do ve\u0107eg zla, rekao je.<\/p>\n\n\n\n<p>\u0160to se ti\u010de \u010cernobila, od njega nema straha, ka\u017ee na\u0161 atomski fizi\u010dar. \u201cOnaj najproblemati\u010dniji reaktor je pod toliko koli\u010dinom betona. Problem je okoli\u0161 kojim su pro\u0161li, dizala se radioaktivna pra\u0161ina i pitanje je koliko su im zapovjednici rekli da nose maske, ali u svakom slu\u010daju nitko normalan ne ide kroz tu \u0161umu, u \u010cernobil se ide samo po betoniranim stazama, sve je ostalo kontaminirano\u201d, rekao je Tadi\u0107, dodav\u0161i da je \u201ckrv ruskih mladi\u0107a koji su tamo pro\u0161li na Putinovim rukama\u201d.<\/p>\n\n\n\n<p><strong>\u201cBrine me faza rata kad postane o\u010dito da Rusija gubi\u201d<\/strong><\/p>\n\n\n\n<p>Istaknuo je da ga brine jedna druga faza rata.<\/p>\n\n\n\n<p>\u201cMene ne brine ova faza rata, nego ona faza kad postane o\u010dito da Rusija gubi rat i kad se bude morala povla\u010diti i kad iza sebe bude ostavljala \u0161tetu, i kad postoji mogu\u0107nost sumanutih poteza\u201d, rekao je Tadi\u0107.<\/p>\n\n\n\n<p>Komentiraju\u0107i atmosferske prilike, Tadi\u0107 je rekao da bi u slu\u010daju bilo kakve nuklearne katastrofe Rusi sami sebe kontaminirali, jer strujanja uglavnom idu od zapada prema istoku.<\/p>\n\n\n\n<p>\u0160to se ti\u010de prijetnji nuklearnim oru\u017ejem, Tadi\u0107 je rekao da se njime \u201cma\u0161e\u201d samo u slu\u010daju da nema drugih poteza na raspolaganju, odnosno kad je u opasnosti integritet zemlje.<\/p>\n\n\n\n<p>\u201cTo pokazuje paniku jer nisu o\u010dekivali ovakav odgovor Zapada i odgovor Ukrajinaca, koji \u0107e dovesti u pitanje sposobnost ruske vojske, o kojoj smo se naslu\u0161ali nevjerojatnih mitova i legendi zadnjih 20 godina\u201d, rekao je Tadi\u0107, dodav\u0161i da o ispaljivanju nuklearne bojeve glave \u201cnitko normalan ne razmi\u0161lja\u201d, jer to zna\u010di \u010ditavu salvu s druge strane.<\/p>\n\n\n\n<p>\u201cSAD i Rusija su prili\u010dno izjedna\u010deni s koli\u010dinom strate\u0161kih nuklearnih bojnih glava, tu se pri\u010daju mitovi o silnom ruskom potencijalu od 6.490 bojevih glava, a najve\u0107i dio njih je za otpis, veliki dio je konzerviran i ostaje 1588 koje su doista spremne za akciju, s ameri\u010dke strane ima ih 1664\u201d, rekao je Tadi\u0107.<\/p>\n\n\n\n<p><strong>\u0160to kad bi se ispalila samo jedna nuklearna bojeva glava?<\/strong><\/p>\n\n\n\n<p>Objasnio je i \u0161to bi se dogodilo kad bi se ispalila samo jedna bojeva glava.<\/p>\n\n\n\n<p>\u201cBojeve glave od otprilike sto kilotona, to bi zna\u010dilo da je zbrisana, pretvorena u pustinju povr\u0161ina od kilometar i pol od centra eksplozije, tu nikakav jod ne poma\u017ee. Zna\u010di da su potpuno sravnjene zgrade u krugu oko 4 kilometra od centra. Ono \u0161to je stra\u0161nije da su u krugu od 6 kilometara oko eksplozije svi ljudi i sva \u017eiva bi\u0107a isparena, toplina je takva da \u010dovjek naprosto nestane.<\/p>\n\n\n\n<p>Opekotine tre\u0107eg stupnja su u krugu od 7 do 8 kilometara, ali nitko vam ne mo\u017ee pomo\u0107i. Sve pri\u010de o jodu su potpuno besmislene, kad iza\u0111e\u0161 iz skloni\u0161ta, sva voda je kontaminirana, sva hrana tako\u0111er. Samo netko jako zao, a ja smatram da Vladimir Putin nije paranoidni manijak kao Hitler, nego pokvareni gad i jako zao \u010dovjek, mo\u017ee prijetiti nuklearnim ratom radi ruskih imperijalnih ambicija\u201d, rekao je Tadi\u0107.<\/p>\n\n\n\n<p>\u201cTo je jadan, jeftin blef na koji, na svu sre\u0107u, nitko na Zapadu nije nasjeo\u201d, dodao je.<\/p>\n\n\n\n<p>\u201c\u010covjek koji lansira nuklearnu bojevu glavu, svjesno \u017ertvuje svoje stanovni\u0161tvo, jer zna da \u0107e uslijediti odgovor NATO-a. Ispaljivanjem nuklearnih bojevih glava vra\u0107amo se u mla\u0111e kameno doba\u201d, rekao je Tadi\u0107.<\/p>\n\n\n\n<p><strong>Ljudska svijest jedina nada<\/strong><br>Jedinu nadu u takvom slu\u010daju potpunog pomra\u010denja zdravog razuma, isti\u010de atomski fizi\u010dar, \u010dini ljudska svijest, jer bojeve glave ne lansiraju ra\u010dunala, nego ljudi.<\/p>\n\n\n\n<p>\u201cU ruskoj obrambenoj nuklearnoj strategiji pi\u0161e da se nuklearno oru\u017eje osloba\u0111a ako je ugro\u017eena opstojnost Ruske Federacije i bilo koji kapetan podmornice \u0107e triput promisliti ho\u0107e li to napraviti, jer nema nigdje nikakvih podataka da netko Rusiju napada. To je jadno pla\u0161enje javnosti u \u010dlanicama NATO-a\u201d, rekao je Tadi\u0107.<\/p>\n\n\n\n<p>Izvor:N1<\/p>\n","protected":false},"excerpt":{"rendered":"<p>Atomski fizi\u010dar Ton\u010di Tadi\u0107 gostovao je u N1 studiju u\u017eivo i komentirao kolika je doista mogu\u0107nost nuklearnog rata, \u0161to se spominje s ruske strane tijekom invazije na Ukrajinu. U no\u0107i s \u010detvrtka na petak granatirana je najve\u0107a nuklearna elektrana u Europi u Zapori\u017eju u Ukrajini. Upitan kolika je doista opasnost od tog napada, Tadi\u0107 je [&hellip;]<\/p>\n","protected":false},"author":2,"featured_media":119010,"comment_status":"closed","ping_status":"closed","sticky":false,"template":"","format":"standard","meta":{"h5ap_radio_sources":[],"footnotes":""},"categories":[1],"tags":[],"class_list":["post-119009","post","type-post","status-publish","format-standard","has-post-thumbnail","hentry","category-bihiregija"],"yoast_head":"<!-- This site is optimized with the Yoast SEO plugin v27.5 - https:\/\/yoast.com\/product\/yoast-seo-wordpress\/ -->\n<title>Ton\u010di Tadi\u0107: Putin je pokvareni gad, zao \u010dovjek. Nuklearna prijetnja je blef - RADIO LJUBU\u0160KI<\/title>\n<meta name=\"robots\" content=\"index, follow, max-snippet:-1, max-image-preview:large, max-video-preview:-1\" \/>\n<link rel=\"canonical\" href=\"https:\/\/radioljubuski.ba\/index.php\/2022\/03\/07\/tonci-tadic-putin-je-pokvareni-gad-zao-covjek-nuklearna-prijetnja-je-blef\/\" \/>\n<meta property=\"og:locale\" content=\"hr_HR\" \/>\n<meta property=\"og:type\" content=\"article\" \/>\n<meta property=\"og:title\" content=\"Ton\u010di Tadi\u0107: Putin je pokvareni gad, zao \u010dovjek. Nuklearna prijetnja je blef - RADIO LJUBU\u0160KI\" \/>\n<meta property=\"og:description\" content=\"Atomski fizi\u010dar Ton\u010di Tadi\u0107 gostovao je u N1 studiju u\u017eivo i komentirao kolika je doista mogu\u0107nost nuklearnog rata, \u0161to se spominje s ruske strane tijekom invazije na Ukrajinu. U no\u0107i s \u010detvrtka na petak granatirana je najve\u0107a nuklearna elektrana u Europi u Zapori\u017eju u Ukrajini. Upitan kolika je doista opasnost od tog napada, Tadi\u0107 je [&hellip;]\" \/>\n<meta property=\"og:url\" content=\"https:\/\/radioljubuski.ba\/index.php\/2022\/03\/07\/tonci-tadic-putin-je-pokvareni-gad-zao-covjek-nuklearna-prijetnja-je-blef\/\" \/>\n<meta property=\"og:site_name\" content=\"RADIO LJUBU\u0160KI\" \/>\n<meta property=\"article:publisher\" content=\"https:\/\/www.facebook.com\/Radiio-Ljubuski-1490835324566332\" \/>\n<meta property=\"article:published_time\" content=\"2022-03-07T14:15:24+00:00\" \/>\n<meta property=\"article:modified_time\" content=\"2022-03-07T14:15:25+00:00\" \/>\n<meta property=\"og:image\" content=\"https:\/\/radioljubuski.ba\/wp-content\/uploads\/2022\/03\/8-2022-03-07-13-33-28-TADIC-TONCI.jpg\" \/>\n\t<meta property=\"og:image:width\" content=\"1000\" \/>\n\t<meta property=\"og:image:height\" content=\"625\" \/>\n\t<meta property=\"og:image:type\" content=\"image\/jpeg\" \/>\n<meta name=\"author\" content=\"Radio Ljubu\u0161ki\" \/>\n<meta name=\"twitter:card\" content=\"summary_large_image\" \/>\n<meta name=\"twitter:creator\" content=\"@radioljubuski\" \/>\n<meta name=\"twitter:site\" content=\"@radioljubuski\" \/>\n<meta name=\"twitter:label1\" content=\"Napisao\/la\" \/>\n\t<meta name=\"twitter:data1\" content=\"Radio Ljubu\u0161ki\" \/>\n\t<meta name=\"twitter:label2\" content=\"Procijenjeno vrijeme \u010ditanja\" \/>\n\t<meta name=\"twitter:data2\" content=\"4 minute\" \/>\n<script type=\"application\/ld+json\" class=\"yoast-schema-graph\">{\"@context\":\"https:\\\/\\\/schema.org\",\"@graph\":[{\"@type\":\"Article\",\"@id\":\"https:\\\/\\\/radioljubuski.ba\\\/index.php\\\/2022\\\/03\\\/07\\\/tonci-tadic-putin-je-pokvareni-gad-zao-covjek-nuklearna-prijetnja-je-blef\\\/#article\",\"isPartOf\":{\"@id\":\"https:\\\/\\\/radioljubuski.ba\\\/index.php\\\/2022\\\/03\\\/07\\\/tonci-tadic-putin-je-pokvareni-gad-zao-covjek-nuklearna-prijetnja-je-blef\\\/\"},\"author\":{\"name\":\"Radio Ljubu\u0161ki\",\"@id\":\"https:\\\/\\\/radioljubuski.ba\\\/#\\\/schema\\\/person\\\/19fc700381a780f69665d7956c469e3b\"},\"headline\":\"Ton\u010di Tadi\u0107: Putin je pokvareni gad, zao \u010dovjek. Nuklearna prijetnja je blef\",\"datePublished\":\"2022-03-07T14:15:24+00:00\",\"dateModified\":\"2022-03-07T14:15:25+00:00\",\"mainEntityOfPage\":{\"@id\":\"https:\\\/\\\/radioljubuski.ba\\\/index.php\\\/2022\\\/03\\\/07\\\/tonci-tadic-putin-je-pokvareni-gad-zao-covjek-nuklearna-prijetnja-je-blef\\\/\"},\"wordCount\":963,\"publisher\":{\"@id\":\"https:\\\/\\\/radioljubuski.ba\\\/#organization\"},\"image\":{\"@id\":\"https:\\\/\\\/radioljubuski.ba\\\/index.php\\\/2022\\\/03\\\/07\\\/tonci-tadic-putin-je-pokvareni-gad-zao-covjek-nuklearna-prijetnja-je-blef\\\/#primaryimage\"},\"thumbnailUrl\":\"https:\\\/\\\/radioljubuski.ba\\\/wp-content\\\/uploads\\\/2022\\\/03\\\/8-2022-03-07-13-33-28-TADIC-TONCI.jpg\",\"articleSection\":[\"BIH i regija\"],\"inLanguage\":\"hr\"},{\"@type\":\"WebPage\",\"@id\":\"https:\\\/\\\/radioljubuski.ba\\\/index.php\\\/2022\\\/03\\\/07\\\/tonci-tadic-putin-je-pokvareni-gad-zao-covjek-nuklearna-prijetnja-je-blef\\\/\",\"url\":\"https:\\\/\\\/radioljubuski.ba\\\/index.php\\\/2022\\\/03\\\/07\\\/tonci-tadic-putin-je-pokvareni-gad-zao-covjek-nuklearna-prijetnja-je-blef\\\/\",\"name\":\"Ton\u010di Tadi\u0107: Putin je pokvareni gad, zao \u010dovjek. Nuklearna prijetnja je blef - RADIO LJUBU\u0160KI\",\"isPartOf\":{\"@id\":\"https:\\\/\\\/radioljubuski.ba\\\/#website\"},\"primaryImageOfPage\":{\"@id\":\"https:\\\/\\\/radioljubuski.ba\\\/index.php\\\/2022\\\/03\\\/07\\\/tonci-tadic-putin-je-pokvareni-gad-zao-covjek-nuklearna-prijetnja-je-blef\\\/#primaryimage\"},\"image\":{\"@id\":\"https:\\\/\\\/radioljubuski.ba\\\/index.php\\\/2022\\\/03\\\/07\\\/tonci-tadic-putin-je-pokvareni-gad-zao-covjek-nuklearna-prijetnja-je-blef\\\/#primaryimage\"},\"thumbnailUrl\":\"https:\\\/\\\/radioljubuski.ba\\\/wp-content\\\/uploads\\\/2022\\\/03\\\/8-2022-03-07-13-33-28-TADIC-TONCI.jpg\",\"datePublished\":\"2022-03-07T14:15:24+00:00\",\"dateModified\":\"2022-03-07T14:15:25+00:00\",\"breadcrumb\":{\"@id\":\"https:\\\/\\\/radioljubuski.ba\\\/index.php\\\/2022\\\/03\\\/07\\\/tonci-tadic-putin-je-pokvareni-gad-zao-covjek-nuklearna-prijetnja-je-blef\\\/#breadcrumb\"},\"inLanguage\":\"hr\",\"potentialAction\":[{\"@type\":\"ReadAction\",\"target\":[\"https:\\\/\\\/radioljubuski.ba\\\/index.php\\\/2022\\\/03\\\/07\\\/tonci-tadic-putin-je-pokvareni-gad-zao-covjek-nuklearna-prijetnja-je-blef\\\/\"]}]},{\"@type\":\"ImageObject\",\"inLanguage\":\"hr\",\"@id\":\"https:\\\/\\\/radioljubuski.ba\\\/index.php\\\/2022\\\/03\\\/07\\\/tonci-tadic-putin-je-pokvareni-gad-zao-covjek-nuklearna-prijetnja-je-blef\\\/#primaryimage\",\"url\":\"https:\\\/\\\/radioljubuski.ba\\\/wp-content\\\/uploads\\\/2022\\\/03\\\/8-2022-03-07-13-33-28-TADIC-TONCI.jpg\",\"contentUrl\":\"https:\\\/\\\/radioljubuski.ba\\\/wp-content\\\/uploads\\\/2022\\\/03\\\/8-2022-03-07-13-33-28-TADIC-TONCI.jpg\",\"width\":1000,\"height\":625},{\"@type\":\"BreadcrumbList\",\"@id\":\"https:\\\/\\\/radioljubuski.ba\\\/index.php\\\/2022\\\/03\\\/07\\\/tonci-tadic-putin-je-pokvareni-gad-zao-covjek-nuklearna-prijetnja-je-blef\\\/#breadcrumb\",\"itemListElement\":[{\"@type\":\"ListItem\",\"position\":1,\"name\":\"Po\u010detna stranica\",\"item\":\"https:\\\/\\\/radioljubuski.ba\\\/\"},{\"@type\":\"ListItem\",\"position\":2,\"name\":\"Ton\u010di Tadi\u0107: Putin je pokvareni gad, zao \u010dovjek. Nuklearna prijetnja je blef\"}]},{\"@type\":\"WebSite\",\"@id\":\"https:\\\/\\\/radioljubuski.ba\\\/#website\",\"url\":\"https:\\\/\\\/radioljubuski.ba\\\/\",\"name\":\"Radio Ljubu\u0161ki\",\"description\":\"Sun\u010dana frekvencija Hercegovine\",\"publisher\":{\"@id\":\"https:\\\/\\\/radioljubuski.ba\\\/#organization\"},\"potentialAction\":[{\"@type\":\"SearchAction\",\"target\":{\"@type\":\"EntryPoint\",\"urlTemplate\":\"https:\\\/\\\/radioljubuski.ba\\\/?s={search_term_string}\"},\"query-input\":{\"@type\":\"PropertyValueSpecification\",\"valueRequired\":true,\"valueName\":\"search_term_string\"}}],\"inLanguage\":\"hr\"},{\"@type\":\"Organization\",\"@id\":\"https:\\\/\\\/radioljubuski.ba\\\/#organization\",\"name\":\"Radio Ljubu\u0161ki\",\"url\":\"https:\\\/\\\/radioljubuski.ba\\\/\",\"logo\":{\"@type\":\"ImageObject\",\"inLanguage\":\"hr\",\"@id\":\"https:\\\/\\\/radioljubuski.ba\\\/#\\\/schema\\\/logo\\\/image\\\/\",\"url\":\"https:\\\/\\\/radioljubuski.ba\\\/wp-content\\\/uploads\\\/2021\\\/02\\\/cropped-Radio_Ljubuski_logo1.jpg\",\"contentUrl\":\"https:\\\/\\\/radioljubuski.ba\\\/wp-content\\\/uploads\\\/2021\\\/02\\\/cropped-Radio_Ljubuski_logo1.jpg\",\"width\":512,\"height\":512,\"caption\":\"Radio Ljubu\u0161ki\"},\"image\":{\"@id\":\"https:\\\/\\\/radioljubuski.ba\\\/#\\\/schema\\\/logo\\\/image\\\/\"},\"sameAs\":[\"https:\\\/\\\/www.facebook.com\\\/Radiio-Ljubuski-1490835324566332\",\"https:\\\/\\\/x.com\\\/radioljubuski\",\"https:\\\/\\\/hr.linkedin.com\\\/company\\\/radio-ljubuski\",\"https:\\\/\\\/www.youtube.com\\\/channel\\\/UCHYaeO_n0Db3tjNGudGpXyw\"]},{\"@type\":\"Person\",\"@id\":\"https:\\\/\\\/radioljubuski.ba\\\/#\\\/schema\\\/person\\\/19fc700381a780f69665d7956c469e3b\",\"name\":\"Radio Ljubu\u0161ki\"}]}<\/script>\n<!-- \/ Yoast SEO plugin. -->","yoast_head_json":{"title":"Ton\u010di Tadi\u0107: Putin je pokvareni gad, zao \u010dovjek. Nuklearna prijetnja je blef - RADIO LJUBU\u0160KI","robots":{"index":"index","follow":"follow","max-snippet":"max-snippet:-1","max-image-preview":"max-image-preview:large","max-video-preview":"max-video-preview:-1"},"canonical":"https:\/\/radioljubuski.ba\/index.php\/2022\/03\/07\/tonci-tadic-putin-je-pokvareni-gad-zao-covjek-nuklearna-prijetnja-je-blef\/","og_locale":"hr_HR","og_type":"article","og_title":"Ton\u010di Tadi\u0107: Putin je pokvareni gad, zao \u010dovjek. Nuklearna prijetnja je blef - RADIO LJUBU\u0160KI","og_description":"Atomski fizi\u010dar Ton\u010di Tadi\u0107 gostovao je u N1 studiju u\u017eivo i komentirao kolika je doista mogu\u0107nost nuklearnog rata, \u0161to se spominje s ruske strane tijekom invazije na Ukrajinu. U no\u0107i s \u010detvrtka na petak granatirana je najve\u0107a nuklearna elektrana u Europi u Zapori\u017eju u Ukrajini. Upitan kolika je doista opasnost od tog napada, Tadi\u0107 je [&hellip;]","og_url":"https:\/\/radioljubuski.ba\/index.php\/2022\/03\/07\/tonci-tadic-putin-je-pokvareni-gad-zao-covjek-nuklearna-prijetnja-je-blef\/","og_site_name":"RADIO LJUBU\u0160KI","article_publisher":"https:\/\/www.facebook.com\/Radiio-Ljubuski-1490835324566332","article_published_time":"2022-03-07T14:15:24+00:00","article_modified_time":"2022-03-07T14:15:25+00:00","og_image":[{"width":1000,"height":625,"url":"https:\/\/radioljubuski.ba\/wp-content\/uploads\/2022\/03\/8-2022-03-07-13-33-28-TADIC-TONCI.jpg","type":"image\/jpeg"}],"author":"Radio Ljubu\u0161ki","twitter_card":"summary_large_image","twitter_creator":"@radioljubuski","twitter_site":"@radioljubuski","twitter_misc":{"Napisao\/la":"Radio Ljubu\u0161ki","Procijenjeno vrijeme \u010ditanja":"4 minute"},"schema":{"@context":"https:\/\/schema.org","@graph":[{"@type":"Article","@id":"https:\/\/radioljubuski.ba\/index.php\/2022\/03\/07\/tonci-tadic-putin-je-pokvareni-gad-zao-covjek-nuklearna-prijetnja-je-blef\/#article","isPartOf":{"@id":"https:\/\/radioljubuski.ba\/index.php\/2022\/03\/07\/tonci-tadic-putin-je-pokvareni-gad-zao-covjek-nuklearna-prijetnja-je-blef\/"},"author":{"name":"Radio Ljubu\u0161ki","@id":"https:\/\/radioljubuski.ba\/#\/schema\/person\/19fc700381a780f69665d7956c469e3b"},"headline":"Ton\u010di Tadi\u0107: Putin je pokvareni gad, zao \u010dovjek. Nuklearna prijetnja je blef","datePublished":"2022-03-07T14:15:24+00:00","dateModified":"2022-03-07T14:15:25+00:00","mainEntityOfPage":{"@id":"https:\/\/radioljubuski.ba\/index.php\/2022\/03\/07\/tonci-tadic-putin-je-pokvareni-gad-zao-covjek-nuklearna-prijetnja-je-blef\/"},"wordCount":963,"publisher":{"@id":"https:\/\/radioljubuski.ba\/#organization"},"image":{"@id":"https:\/\/radioljubuski.ba\/index.php\/2022\/03\/07\/tonci-tadic-putin-je-pokvareni-gad-zao-covjek-nuklearna-prijetnja-je-blef\/#primaryimage"},"thumbnailUrl":"https:\/\/radioljubuski.ba\/wp-content\/uploads\/2022\/03\/8-2022-03-07-13-33-28-TADIC-TONCI.jpg","articleSection":["BIH i regija"],"inLanguage":"hr"},{"@type":"WebPage","@id":"https:\/\/radioljubuski.ba\/index.php\/2022\/03\/07\/tonci-tadic-putin-je-pokvareni-gad-zao-covjek-nuklearna-prijetnja-je-blef\/","url":"https:\/\/radioljubuski.ba\/index.php\/2022\/03\/07\/tonci-tadic-putin-je-pokvareni-gad-zao-covjek-nuklearna-prijetnja-je-blef\/","name":"Ton\u010di Tadi\u0107: Putin je pokvareni gad, zao \u010dovjek. Nuklearna prijetnja je blef - RADIO LJUBU\u0160KI","isPartOf":{"@id":"https:\/\/radioljubuski.ba\/#website"},"primaryImageOfPage":{"@id":"https:\/\/radioljubuski.ba\/index.php\/2022\/03\/07\/tonci-tadic-putin-je-pokvareni-gad-zao-covjek-nuklearna-prijetnja-je-blef\/#primaryimage"},"image":{"@id":"https:\/\/radioljubuski.ba\/index.php\/2022\/03\/07\/tonci-tadic-putin-je-pokvareni-gad-zao-covjek-nuklearna-prijetnja-je-blef\/#primaryimage"},"thumbnailUrl":"https:\/\/radioljubuski.ba\/wp-content\/uploads\/2022\/03\/8-2022-03-07-13-33-28-TADIC-TONCI.jpg","datePublished":"2022-03-07T14:15:24+00:00","dateModified":"2022-03-07T14:15:25+00:00","breadcrumb":{"@id":"https:\/\/radioljubuski.ba\/index.php\/2022\/03\/07\/tonci-tadic-putin-je-pokvareni-gad-zao-covjek-nuklearna-prijetnja-je-blef\/#breadcrumb"},"inLanguage":"hr","potentialAction":[{"@type":"ReadAction","target":["https:\/\/radioljubuski.ba\/index.php\/2022\/03\/07\/tonci-tadic-putin-je-pokvareni-gad-zao-covjek-nuklearna-prijetnja-je-blef\/"]}]},{"@type":"ImageObject","inLanguage":"hr","@id":"https:\/\/radioljubuski.ba\/index.php\/2022\/03\/07\/tonci-tadic-putin-je-pokvareni-gad-zao-covjek-nuklearna-prijetnja-je-blef\/#primaryimage","url":"https:\/\/radioljubuski.ba\/wp-content\/uploads\/2022\/03\/8-2022-03-07-13-33-28-TADIC-TONCI.jpg","contentUrl":"https:\/\/radioljubuski.ba\/wp-content\/uploads\/2022\/03\/8-2022-03-07-13-33-28-TADIC-TONCI.jpg","width":1000,"height":625},{"@type":"BreadcrumbList","@id":"https:\/\/radioljubuski.ba\/index.php\/2022\/03\/07\/tonci-tadic-putin-je-pokvareni-gad-zao-covjek-nuklearna-prijetnja-je-blef\/#breadcrumb","itemListElement":[{"@type":"ListItem","position":1,"name":"Po\u010detna stranica","item":"https:\/\/radioljubuski.ba\/"},{"@type":"ListItem","position":2,"name":"Ton\u010di Tadi\u0107: Putin je pokvareni gad, zao \u010dovjek. Nuklearna prijetnja je blef"}]},{"@type":"WebSite","@id":"https:\/\/radioljubuski.ba\/#website","url":"https:\/\/radioljubuski.ba\/","name":"Radio Ljubu\u0161ki","description":"Sun\u010dana frekvencija Hercegovine","publisher":{"@id":"https:\/\/radioljubuski.ba\/#organization"},"potentialAction":[{"@type":"SearchAction","target":{"@type":"EntryPoint","urlTemplate":"https:\/\/radioljubuski.ba\/?s={search_term_string}"},"query-input":{"@type":"PropertyValueSpecification","valueRequired":true,"valueName":"search_term_string"}}],"inLanguage":"hr"},{"@type":"Organization","@id":"https:\/\/radioljubuski.ba\/#organization","name":"Radio Ljubu\u0161ki","url":"https:\/\/radioljubuski.ba\/","logo":{"@type":"ImageObject","inLanguage":"hr","@id":"https:\/\/radioljubuski.ba\/#\/schema\/logo\/image\/","url":"https:\/\/radioljubuski.ba\/wp-content\/uploads\/2021\/02\/cropped-Radio_Ljubuski_logo1.jpg","contentUrl":"https:\/\/radioljubuski.ba\/wp-content\/uploads\/2021\/02\/cropped-Radio_Ljubuski_logo1.jpg","width":512,"height":512,"caption":"Radio Ljubu\u0161ki"},"image":{"@id":"https:\/\/radioljubuski.ba\/#\/schema\/logo\/image\/"},"sameAs":["https:\/\/www.facebook.com\/Radiio-Ljubuski-1490835324566332","https:\/\/x.com\/radioljubuski","https:\/\/hr.linkedin.com\/company\/radio-ljubuski","https:\/\/www.youtube.com\/channel\/UCHYaeO_n0Db3tjNGudGpXyw"]},{"@type":"Person","@id":"https:\/\/radioljubuski.ba\/#\/schema\/person\/19fc700381a780f69665d7956c469e3b","name":"Radio Ljubu\u0161ki"}]}},"_links":{"self":[{"href":"https:\/\/radioljubuski.ba\/index.php\/wp-json\/wp\/v2\/posts\/119009","targetHints":{"allow":["GET"]}}],"collection":[{"href":"https:\/\/radioljubuski.ba\/index.php\/wp-json\/wp\/v2\/posts"}],"about":[{"href":"https:\/\/radioljubuski.ba\/index.php\/wp-json\/wp\/v2\/types\/post"}],"author":[{"embeddable":true,"href":"https:\/\/radioljubuski.ba\/index.php\/wp-json\/wp\/v2\/users\/2"}],"replies":[{"embeddable":true,"href":"https:\/\/radioljubuski.ba\/index.php\/wp-json\/wp\/v2\/comments?post=119009"}],"version-history":[{"count":1,"href":"https:\/\/radioljubuski.ba\/index.php\/wp-json\/wp\/v2\/posts\/119009\/revisions"}],"predecessor-version":[{"id":119011,"href":"https:\/\/radioljubuski.ba\/index.php\/wp-json\/wp\/v2\/posts\/119009\/revisions\/119011"}],"wp:featuredmedia":[{"embeddable":true,"href":"https:\/\/radioljubuski.ba\/index.php\/wp-json\/wp\/v2\/media\/119010"}],"wp:attachment":[{"href":"https:\/\/radioljubuski.ba\/index.php\/wp-json\/wp\/v2\/media?parent=119009"}],"wp:term":[{"taxonomy":"category","embeddable":true,"href":"https:\/\/radioljubuski.ba\/index.php\/wp-json\/wp\/v2\/categories?post=119009"},{"taxonomy":"post_tag","embeddable":true,"href":"https:\/\/radioljubuski.ba\/index.php\/wp-json\/wp\/v2\/tags?post=119009"}],"curies":[{"name":"wp","href":"https:\/\/api.w.org\/{rel}","templated":true}]}}