{"id":119015,"date":"2022-03-07T15:17:35","date_gmt":"2022-03-07T14:17:35","guid":{"rendered":"https:\/\/radioljubuski.ba\/?p=119015"},"modified":"2022-03-07T15:17:36","modified_gmt":"2022-03-07T14:17:36","slug":"izbjeglice-u-medugorju-u-ukrajini-djeca-ginu-molimo-za-njih-i-mir","status":"publish","type":"post","link":"https:\/\/radioljubuski.ba\/index.php\/2022\/03\/07\/izbjeglice-u-medugorju-u-ukrajini-djeca-ginu-molimo-za-njih-i-mir\/","title":{"rendered":"Izbjeglice u Me\u0111ugorju: U Ukrajini djeca ginu, molimo za njih i mir"},"content":{"rendered":"\n<p>Natalija je iz Ukrajine do\u0161la sa djecom u Me\u0111ugorje. Za <a href=\"https:\/\/ba.n1info.com\/vijesti\/izbjeglice-u-medjugorju-u-ukrajini-djeca-ginu-molimo-za-njih-i-mir\/\" target=\"_blank\" rel=\"noreferrer noopener\">N1<\/a> isti\u010de da je pobjegla sa svog ognji\u0161ta jer se bojala za svoj i \u017eivote svoje djece.<\/p>\n\n\n\n<p>\u201cDo\u0161li smo u Me\u0111ugorje da molimo za mir, da molimo za na\u0161u djecu, za budu\u0107nost, za slobodnu zemlju. Molimo se svakog dana\u201d, ka\u017ee Natalija.<\/p>\n\n\n\n<p>Nagla\u0161ava da njen suprug nije \u017eelio po\u0107i iz Ukrajine, ostao je da se bori za svoju zemlju. U Ukrajini su ostali i njeni roditelji.<\/p>\n\n\n\n<p>\u201cVrlo je te\u0161ka situacija trenutno, ljudi umiru, mnoga djeca umiru, previ\u0161e gradova je napadnuto\u201d, isti\u010de Natalija mole\u0107i za mir svugdje u svijetu.<\/p>\n\n\n\n<p>Iz Crvenog kri\u017ea isti\u010du da su sve pristigle izbjeglice relativno dobrog fizi\u010dkog zdravlja, ali da je sasvim jasno da \u0107e traumati\u010dna ratna iskustva ostaviti posljedice po njihovo psiholo\u0161ko zdravlje.<\/p>\n\n\n\n<p>\u201cOvo su na\u0161i prijatelji i ljudi u nevolji, svi \u017eelimo pomo\u0107i. Organizacija je na jednom zavidnom nivou. Oni ovdje mogu boraviti mjesec dana, shodno na\u0161em zakonu, a i mi im sugeriramo da idu prema razvijenijim zemljama, gdje su izbjegli\u010dka prava bolje definirana\u201d, poru\u010dio je za N1 Andrija Stoji\u0107, iz Crvenog kri\u017ea \u010citluka.<\/p>\n\n\n\n<p>Na 12. hitnoj sjednici Zastupni\u010dkog doma Parlamenta Bosne i Hercegovine, nekoliko zaklju\u010daka ticalo se i ukrajinskih izbjeglica, ali zbog nedolaska zastupnika iz Republike Srpske, svi zaklju\u010dci su dobili op\u0107u podr\u0161ku prisutnih, ali ne i entitetsku, pa se o\u010dekuje drugi krug glasanja.<\/p>\n\n\n\n<p>Jedan od zaklju\u010daka bio je upravo olak\u0161an ulazak ukrajinskih izbjeglica u BiH, samo sa osobnom iskaznicom i produ\u017een boravak, sa dosada\u0161njih 30, na 90 dana.<\/p>\n\n\n\n<p>Podsje\u0107amo, prije \u010detiri dana Europska unija pristala je da odobri privremeni boravak Ukrajincima koji bje\u017ee od rata, do tri godine.<\/p>\n\n\n\n<p>Pokrenut je mehanizam \u2013 koji nikada ranije nije kori\u0161ten \u2013 da se ukrajinskim dr\u017eavljanima i njihovim obiteljima omogu\u0107i pravo na rad, obrazovanje i socijalnu pomo\u0107.<\/p>\n\n\n\n<p>Izvor:N1<\/p>\n","protected":false},"excerpt":{"rendered":"<p>Natalija je iz Ukrajine do\u0161la sa djecom u Me\u0111ugorje. Za N1 isti\u010de da je pobjegla sa svog ognji\u0161ta jer se bojala za svoj i \u017eivote svoje djece. \u201cDo\u0161li smo u Me\u0111ugorje da molimo za mir, da molimo za na\u0161u djecu, za budu\u0107nost, za slobodnu zemlju. Molimo se svakog dana\u201d, ka\u017ee Natalija. Nagla\u0161ava da njen suprug [&hellip;]<\/p>\n","protected":false},"author":2,"featured_media":119016,"comment_status":"closed","ping_status":"closed","sticky":false,"template":"","format":"standard","meta":{"h5ap_radio_sources":[],"footnotes":""},"categories":[1],"tags":[],"class_list":["post-119015","post","type-post","status-publish","format-standard","has-post-thumbnail","hentry","category-bihiregija"],"yoast_head":"<!-- This site is optimized with the Yoast SEO plugin v27.5 - https:\/\/yoast.com\/product\/yoast-seo-wordpress\/ -->\n<title>Izbjeglice u Me\u0111ugorju: U Ukrajini djeca ginu, molimo za njih i mir - RADIO LJUBU\u0160KI<\/title>\n<meta name=\"robots\" content=\"index, follow, max-snippet:-1, max-image-preview:large, max-video-preview:-1\" \/>\n<link rel=\"canonical\" href=\"https:\/\/radioljubuski.ba\/index.php\/2022\/03\/07\/izbjeglice-u-medugorju-u-ukrajini-djeca-ginu-molimo-za-njih-i-mir\/\" \/>\n<meta property=\"og:locale\" content=\"hr_HR\" \/>\n<meta property=\"og:type\" content=\"article\" \/>\n<meta property=\"og:title\" content=\"Izbjeglice u Me\u0111ugorju: U Ukrajini djeca ginu, molimo za njih i mir - RADIO LJUBU\u0160KI\" \/>\n<meta property=\"og:description\" content=\"Natalija je iz Ukrajine do\u0161la sa djecom u Me\u0111ugorje. Za N1 isti\u010de da je pobjegla sa svog ognji\u0161ta jer se bojala za svoj i \u017eivote svoje djece. \u201cDo\u0161li smo u Me\u0111ugorje da molimo za mir, da molimo za na\u0161u djecu, za budu\u0107nost, za slobodnu zemlju. Molimo se svakog dana\u201d, ka\u017ee Natalija. Nagla\u0161ava da njen suprug [&hellip;]\" \/>\n<meta property=\"og:url\" content=\"https:\/\/radioljubuski.ba\/index.php\/2022\/03\/07\/izbjeglice-u-medugorju-u-ukrajini-djeca-ginu-molimo-za-njih-i-mir\/\" \/>\n<meta property=\"og:site_name\" content=\"RADIO LJUBU\u0160KI\" \/>\n<meta property=\"article:publisher\" content=\"https:\/\/www.facebook.com\/Radiio-Ljubuski-1490835324566332\" \/>\n<meta property=\"article:published_time\" content=\"2022-03-07T14:17:35+00:00\" \/>\n<meta property=\"article:modified_time\" content=\"2022-03-07T14:17:36+00:00\" \/>\n<meta property=\"og:image\" content=\"https:\/\/radioljubuski.ba\/wp-content\/uploads\/2022\/03\/8-2022-03-07-14-04-02-ukrajinske-izbjelice-medjugorje-900x495-1.png\" \/>\n\t<meta property=\"og:image:width\" content=\"1000\" \/>\n\t<meta property=\"og:image:height\" content=\"625\" \/>\n\t<meta property=\"og:image:type\" content=\"image\/png\" \/>\n<meta name=\"author\" content=\"Radio Ljubu\u0161ki\" \/>\n<meta name=\"twitter:card\" content=\"summary_large_image\" \/>\n<meta name=\"twitter:creator\" content=\"@radioljubuski\" \/>\n<meta name=\"twitter:site\" content=\"@radioljubuski\" \/>\n<meta name=\"twitter:label1\" content=\"Napisao\/la\" \/>\n\t<meta name=\"twitter:data1\" content=\"Radio Ljubu\u0161ki\" \/>\n\t<meta name=\"twitter:label2\" content=\"Procijenjeno vrijeme \u010ditanja\" \/>\n\t<meta name=\"twitter:data2\" content=\"2 minute\" \/>\n<script type=\"application\/ld+json\" class=\"yoast-schema-graph\">{\"@context\":\"https:\\\/\\\/schema.org\",\"@graph\":[{\"@type\":\"Article\",\"@id\":\"https:\\\/\\\/radioljubuski.ba\\\/index.php\\\/2022\\\/03\\\/07\\\/izbjeglice-u-medugorju-u-ukrajini-djeca-ginu-molimo-za-njih-i-mir\\\/#article\",\"isPartOf\":{\"@id\":\"https:\\\/\\\/radioljubuski.ba\\\/index.php\\\/2022\\\/03\\\/07\\\/izbjeglice-u-medugorju-u-ukrajini-djeca-ginu-molimo-za-njih-i-mir\\\/\"},\"author\":{\"name\":\"Radio Ljubu\u0161ki\",\"@id\":\"https:\\\/\\\/radioljubuski.ba\\\/#\\\/schema\\\/person\\\/19fc700381a780f69665d7956c469e3b\"},\"headline\":\"Izbjeglice u Me\u0111ugorju: U Ukrajini djeca ginu, molimo za njih i mir\",\"datePublished\":\"2022-03-07T14:17:35+00:00\",\"dateModified\":\"2022-03-07T14:17:36+00:00\",\"mainEntityOfPage\":{\"@id\":\"https:\\\/\\\/radioljubuski.ba\\\/index.php\\\/2022\\\/03\\\/07\\\/izbjeglice-u-medugorju-u-ukrajini-djeca-ginu-molimo-za-njih-i-mir\\\/\"},\"wordCount\":340,\"publisher\":{\"@id\":\"https:\\\/\\\/radioljubuski.ba\\\/#organization\"},\"image\":{\"@id\":\"https:\\\/\\\/radioljubuski.ba\\\/index.php\\\/2022\\\/03\\\/07\\\/izbjeglice-u-medugorju-u-ukrajini-djeca-ginu-molimo-za-njih-i-mir\\\/#primaryimage\"},\"thumbnailUrl\":\"https:\\\/\\\/radioljubuski.ba\\\/wp-content\\\/uploads\\\/2022\\\/03\\\/8-2022-03-07-14-04-02-ukrajinske-izbjelice-medjugorje-900x495-1.png\",\"articleSection\":[\"BIH i regija\"],\"inLanguage\":\"hr\"},{\"@type\":\"WebPage\",\"@id\":\"https:\\\/\\\/radioljubuski.ba\\\/index.php\\\/2022\\\/03\\\/07\\\/izbjeglice-u-medugorju-u-ukrajini-djeca-ginu-molimo-za-njih-i-mir\\\/\",\"url\":\"https:\\\/\\\/radioljubuski.ba\\\/index.php\\\/2022\\\/03\\\/07\\\/izbjeglice-u-medugorju-u-ukrajini-djeca-ginu-molimo-za-njih-i-mir\\\/\",\"name\":\"Izbjeglice u Me\u0111ugorju: U Ukrajini djeca ginu, molimo za njih i mir - RADIO LJUBU\u0160KI\",\"isPartOf\":{\"@id\":\"https:\\\/\\\/radioljubuski.ba\\\/#website\"},\"primaryImageOfPage\":{\"@id\":\"https:\\\/\\\/radioljubuski.ba\\\/index.php\\\/2022\\\/03\\\/07\\\/izbjeglice-u-medugorju-u-ukrajini-djeca-ginu-molimo-za-njih-i-mir\\\/#primaryimage\"},\"image\":{\"@id\":\"https:\\\/\\\/radioljubuski.ba\\\/index.php\\\/2022\\\/03\\\/07\\\/izbjeglice-u-medugorju-u-ukrajini-djeca-ginu-molimo-za-njih-i-mir\\\/#primaryimage\"},\"thumbnailUrl\":\"https:\\\/\\\/radioljubuski.ba\\\/wp-content\\\/uploads\\\/2022\\\/03\\\/8-2022-03-07-14-04-02-ukrajinske-izbjelice-medjugorje-900x495-1.png\",\"datePublished\":\"2022-03-07T14:17:35+00:00\",\"dateModified\":\"2022-03-07T14:17:36+00:00\",\"breadcrumb\":{\"@id\":\"https:\\\/\\\/radioljubuski.ba\\\/index.php\\\/2022\\\/03\\\/07\\\/izbjeglice-u-medugorju-u-ukrajini-djeca-ginu-molimo-za-njih-i-mir\\\/#breadcrumb\"},\"inLanguage\":\"hr\",\"potentialAction\":[{\"@type\":\"ReadAction\",\"target\":[\"https:\\\/\\\/radioljubuski.ba\\\/index.php\\\/2022\\\/03\\\/07\\\/izbjeglice-u-medugorju-u-ukrajini-djeca-ginu-molimo-za-njih-i-mir\\\/\"]}]},{\"@type\":\"ImageObject\",\"inLanguage\":\"hr\",\"@id\":\"https:\\\/\\\/radioljubuski.ba\\\/index.php\\\/2022\\\/03\\\/07\\\/izbjeglice-u-medugorju-u-ukrajini-djeca-ginu-molimo-za-njih-i-mir\\\/#primaryimage\",\"url\":\"https:\\\/\\\/radioljubuski.ba\\\/wp-content\\\/uploads\\\/2022\\\/03\\\/8-2022-03-07-14-04-02-ukrajinske-izbjelice-medjugorje-900x495-1.png\",\"contentUrl\":\"https:\\\/\\\/radioljubuski.ba\\\/wp-content\\\/uploads\\\/2022\\\/03\\\/8-2022-03-07-14-04-02-ukrajinske-izbjelice-medjugorje-900x495-1.png\",\"width\":1000,\"height\":625},{\"@type\":\"BreadcrumbList\",\"@id\":\"https:\\\/\\\/radioljubuski.ba\\\/index.php\\\/2022\\\/03\\\/07\\\/izbjeglice-u-medugorju-u-ukrajini-djeca-ginu-molimo-za-njih-i-mir\\\/#breadcrumb\",\"itemListElement\":[{\"@type\":\"ListItem\",\"position\":1,\"name\":\"Po\u010detna stranica\",\"item\":\"https:\\\/\\\/radioljubuski.ba\\\/\"},{\"@type\":\"ListItem\",\"position\":2,\"name\":\"Izbjeglice u Me\u0111ugorju: U Ukrajini djeca ginu, molimo za njih i mir\"}]},{\"@type\":\"WebSite\",\"@id\":\"https:\\\/\\\/radioljubuski.ba\\\/#website\",\"url\":\"https:\\\/\\\/radioljubuski.ba\\\/\",\"name\":\"Radio Ljubu\u0161ki\",\"description\":\"Sun\u010dana frekvencija Hercegovine\",\"publisher\":{\"@id\":\"https:\\\/\\\/radioljubuski.ba\\\/#organization\"},\"potentialAction\":[{\"@type\":\"SearchAction\",\"target\":{\"@type\":\"EntryPoint\",\"urlTemplate\":\"https:\\\/\\\/radioljubuski.ba\\\/?s={search_term_string}\"},\"query-input\":{\"@type\":\"PropertyValueSpecification\",\"valueRequired\":true,\"valueName\":\"search_term_string\"}}],\"inLanguage\":\"hr\"},{\"@type\":\"Organization\",\"@id\":\"https:\\\/\\\/radioljubuski.ba\\\/#organization\",\"name\":\"Radio Ljubu\u0161ki\",\"url\":\"https:\\\/\\\/radioljubuski.ba\\\/\",\"logo\":{\"@type\":\"ImageObject\",\"inLanguage\":\"hr\",\"@id\":\"https:\\\/\\\/radioljubuski.ba\\\/#\\\/schema\\\/logo\\\/image\\\/\",\"url\":\"https:\\\/\\\/radioljubuski.ba\\\/wp-content\\\/uploads\\\/2021\\\/02\\\/cropped-Radio_Ljubuski_logo1.jpg\",\"contentUrl\":\"https:\\\/\\\/radioljubuski.ba\\\/wp-content\\\/uploads\\\/2021\\\/02\\\/cropped-Radio_Ljubuski_logo1.jpg\",\"width\":512,\"height\":512,\"caption\":\"Radio Ljubu\u0161ki\"},\"image\":{\"@id\":\"https:\\\/\\\/radioljubuski.ba\\\/#\\\/schema\\\/logo\\\/image\\\/\"},\"sameAs\":[\"https:\\\/\\\/www.facebook.com\\\/Radiio-Ljubuski-1490835324566332\",\"https:\\\/\\\/x.com\\\/radioljubuski\",\"https:\\\/\\\/hr.linkedin.com\\\/company\\\/radio-ljubuski\",\"https:\\\/\\\/www.youtube.com\\\/channel\\\/UCHYaeO_n0Db3tjNGudGpXyw\"]},{\"@type\":\"Person\",\"@id\":\"https:\\\/\\\/radioljubuski.ba\\\/#\\\/schema\\\/person\\\/19fc700381a780f69665d7956c469e3b\",\"name\":\"Radio Ljubu\u0161ki\"}]}<\/script>\n<!-- \/ Yoast SEO plugin. -->","yoast_head_json":{"title":"Izbjeglice u Me\u0111ugorju: U Ukrajini djeca ginu, molimo za njih i mir - RADIO LJUBU\u0160KI","robots":{"index":"index","follow":"follow","max-snippet":"max-snippet:-1","max-image-preview":"max-image-preview:large","max-video-preview":"max-video-preview:-1"},"canonical":"https:\/\/radioljubuski.ba\/index.php\/2022\/03\/07\/izbjeglice-u-medugorju-u-ukrajini-djeca-ginu-molimo-za-njih-i-mir\/","og_locale":"hr_HR","og_type":"article","og_title":"Izbjeglice u Me\u0111ugorju: U Ukrajini djeca ginu, molimo za njih i mir - RADIO LJUBU\u0160KI","og_description":"Natalija je iz Ukrajine do\u0161la sa djecom u Me\u0111ugorje. Za N1 isti\u010de da je pobjegla sa svog ognji\u0161ta jer se bojala za svoj i \u017eivote svoje djece. \u201cDo\u0161li smo u Me\u0111ugorje da molimo za mir, da molimo za na\u0161u djecu, za budu\u0107nost, za slobodnu zemlju. Molimo se svakog dana\u201d, ka\u017ee Natalija. Nagla\u0161ava da njen suprug [&hellip;]","og_url":"https:\/\/radioljubuski.ba\/index.php\/2022\/03\/07\/izbjeglice-u-medugorju-u-ukrajini-djeca-ginu-molimo-za-njih-i-mir\/","og_site_name":"RADIO LJUBU\u0160KI","article_publisher":"https:\/\/www.facebook.com\/Radiio-Ljubuski-1490835324566332","article_published_time":"2022-03-07T14:17:35+00:00","article_modified_time":"2022-03-07T14:17:36+00:00","og_image":[{"width":1000,"height":625,"url":"https:\/\/radioljubuski.ba\/wp-content\/uploads\/2022\/03\/8-2022-03-07-14-04-02-ukrajinske-izbjelice-medjugorje-900x495-1.png","type":"image\/png"}],"author":"Radio Ljubu\u0161ki","twitter_card":"summary_large_image","twitter_creator":"@radioljubuski","twitter_site":"@radioljubuski","twitter_misc":{"Napisao\/la":"Radio Ljubu\u0161ki","Procijenjeno vrijeme \u010ditanja":"2 minute"},"schema":{"@context":"https:\/\/schema.org","@graph":[{"@type":"Article","@id":"https:\/\/radioljubuski.ba\/index.php\/2022\/03\/07\/izbjeglice-u-medugorju-u-ukrajini-djeca-ginu-molimo-za-njih-i-mir\/#article","isPartOf":{"@id":"https:\/\/radioljubuski.ba\/index.php\/2022\/03\/07\/izbjeglice-u-medugorju-u-ukrajini-djeca-ginu-molimo-za-njih-i-mir\/"},"author":{"name":"Radio Ljubu\u0161ki","@id":"https:\/\/radioljubuski.ba\/#\/schema\/person\/19fc700381a780f69665d7956c469e3b"},"headline":"Izbjeglice u Me\u0111ugorju: U Ukrajini djeca ginu, molimo za njih i mir","datePublished":"2022-03-07T14:17:35+00:00","dateModified":"2022-03-07T14:17:36+00:00","mainEntityOfPage":{"@id":"https:\/\/radioljubuski.ba\/index.php\/2022\/03\/07\/izbjeglice-u-medugorju-u-ukrajini-djeca-ginu-molimo-za-njih-i-mir\/"},"wordCount":340,"publisher":{"@id":"https:\/\/radioljubuski.ba\/#organization"},"image":{"@id":"https:\/\/radioljubuski.ba\/index.php\/2022\/03\/07\/izbjeglice-u-medugorju-u-ukrajini-djeca-ginu-molimo-za-njih-i-mir\/#primaryimage"},"thumbnailUrl":"https:\/\/radioljubuski.ba\/wp-content\/uploads\/2022\/03\/8-2022-03-07-14-04-02-ukrajinske-izbjelice-medjugorje-900x495-1.png","articleSection":["BIH i regija"],"inLanguage":"hr"},{"@type":"WebPage","@id":"https:\/\/radioljubuski.ba\/index.php\/2022\/03\/07\/izbjeglice-u-medugorju-u-ukrajini-djeca-ginu-molimo-za-njih-i-mir\/","url":"https:\/\/radioljubuski.ba\/index.php\/2022\/03\/07\/izbjeglice-u-medugorju-u-ukrajini-djeca-ginu-molimo-za-njih-i-mir\/","name":"Izbjeglice u Me\u0111ugorju: U Ukrajini djeca ginu, molimo za njih i mir - RADIO LJUBU\u0160KI","isPartOf":{"@id":"https:\/\/radioljubuski.ba\/#website"},"primaryImageOfPage":{"@id":"https:\/\/radioljubuski.ba\/index.php\/2022\/03\/07\/izbjeglice-u-medugorju-u-ukrajini-djeca-ginu-molimo-za-njih-i-mir\/#primaryimage"},"image":{"@id":"https:\/\/radioljubuski.ba\/index.php\/2022\/03\/07\/izbjeglice-u-medugorju-u-ukrajini-djeca-ginu-molimo-za-njih-i-mir\/#primaryimage"},"thumbnailUrl":"https:\/\/radioljubuski.ba\/wp-content\/uploads\/2022\/03\/8-2022-03-07-14-04-02-ukrajinske-izbjelice-medjugorje-900x495-1.png","datePublished":"2022-03-07T14:17:35+00:00","dateModified":"2022-03-07T14:17:36+00:00","breadcrumb":{"@id":"https:\/\/radioljubuski.ba\/index.php\/2022\/03\/07\/izbjeglice-u-medugorju-u-ukrajini-djeca-ginu-molimo-za-njih-i-mir\/#breadcrumb"},"inLanguage":"hr","potentialAction":[{"@type":"ReadAction","target":["https:\/\/radioljubuski.ba\/index.php\/2022\/03\/07\/izbjeglice-u-medugorju-u-ukrajini-djeca-ginu-molimo-za-njih-i-mir\/"]}]},{"@type":"ImageObject","inLanguage":"hr","@id":"https:\/\/radioljubuski.ba\/index.php\/2022\/03\/07\/izbjeglice-u-medugorju-u-ukrajini-djeca-ginu-molimo-za-njih-i-mir\/#primaryimage","url":"https:\/\/radioljubuski.ba\/wp-content\/uploads\/2022\/03\/8-2022-03-07-14-04-02-ukrajinske-izbjelice-medjugorje-900x495-1.png","contentUrl":"https:\/\/radioljubuski.ba\/wp-content\/uploads\/2022\/03\/8-2022-03-07-14-04-02-ukrajinske-izbjelice-medjugorje-900x495-1.png","width":1000,"height":625},{"@type":"BreadcrumbList","@id":"https:\/\/radioljubuski.ba\/index.php\/2022\/03\/07\/izbjeglice-u-medugorju-u-ukrajini-djeca-ginu-molimo-za-njih-i-mir\/#breadcrumb","itemListElement":[{"@type":"ListItem","position":1,"name":"Po\u010detna stranica","item":"https:\/\/radioljubuski.ba\/"},{"@type":"ListItem","position":2,"name":"Izbjeglice u Me\u0111ugorju: U Ukrajini djeca ginu, molimo za njih i mir"}]},{"@type":"WebSite","@id":"https:\/\/radioljubuski.ba\/#website","url":"https:\/\/radioljubuski.ba\/","name":"Radio Ljubu\u0161ki","description":"Sun\u010dana frekvencija Hercegovine","publisher":{"@id":"https:\/\/radioljubuski.ba\/#organization"},"potentialAction":[{"@type":"SearchAction","target":{"@type":"EntryPoint","urlTemplate":"https:\/\/radioljubuski.ba\/?s={search_term_string}"},"query-input":{"@type":"PropertyValueSpecification","valueRequired":true,"valueName":"search_term_string"}}],"inLanguage":"hr"},{"@type":"Organization","@id":"https:\/\/radioljubuski.ba\/#organization","name":"Radio Ljubu\u0161ki","url":"https:\/\/radioljubuski.ba\/","logo":{"@type":"ImageObject","inLanguage":"hr","@id":"https:\/\/radioljubuski.ba\/#\/schema\/logo\/image\/","url":"https:\/\/radioljubuski.ba\/wp-content\/uploads\/2021\/02\/cropped-Radio_Ljubuski_logo1.jpg","contentUrl":"https:\/\/radioljubuski.ba\/wp-content\/uploads\/2021\/02\/cropped-Radio_Ljubuski_logo1.jpg","width":512,"height":512,"caption":"Radio Ljubu\u0161ki"},"image":{"@id":"https:\/\/radioljubuski.ba\/#\/schema\/logo\/image\/"},"sameAs":["https:\/\/www.facebook.com\/Radiio-Ljubuski-1490835324566332","https:\/\/x.com\/radioljubuski","https:\/\/hr.linkedin.com\/company\/radio-ljubuski","https:\/\/www.youtube.com\/channel\/UCHYaeO_n0Db3tjNGudGpXyw"]},{"@type":"Person","@id":"https:\/\/radioljubuski.ba\/#\/schema\/person\/19fc700381a780f69665d7956c469e3b","name":"Radio Ljubu\u0161ki"}]}},"_links":{"self":[{"href":"https:\/\/radioljubuski.ba\/index.php\/wp-json\/wp\/v2\/posts\/119015","targetHints":{"allow":["GET"]}}],"collection":[{"href":"https:\/\/radioljubuski.ba\/index.php\/wp-json\/wp\/v2\/posts"}],"about":[{"href":"https:\/\/radioljubuski.ba\/index.php\/wp-json\/wp\/v2\/types\/post"}],"author":[{"embeddable":true,"href":"https:\/\/radioljubuski.ba\/index.php\/wp-json\/wp\/v2\/users\/2"}],"replies":[{"embeddable":true,"href":"https:\/\/radioljubuski.ba\/index.php\/wp-json\/wp\/v2\/comments?post=119015"}],"version-history":[{"count":1,"href":"https:\/\/radioljubuski.ba\/index.php\/wp-json\/wp\/v2\/posts\/119015\/revisions"}],"predecessor-version":[{"id":119017,"href":"https:\/\/radioljubuski.ba\/index.php\/wp-json\/wp\/v2\/posts\/119015\/revisions\/119017"}],"wp:featuredmedia":[{"embeddable":true,"href":"https:\/\/radioljubuski.ba\/index.php\/wp-json\/wp\/v2\/media\/119016"}],"wp:attachment":[{"href":"https:\/\/radioljubuski.ba\/index.php\/wp-json\/wp\/v2\/media?parent=119015"}],"wp:term":[{"taxonomy":"category","embeddable":true,"href":"https:\/\/radioljubuski.ba\/index.php\/wp-json\/wp\/v2\/categories?post=119015"},{"taxonomy":"post_tag","embeddable":true,"href":"https:\/\/radioljubuski.ba\/index.php\/wp-json\/wp\/v2\/tags?post=119015"}],"curies":[{"name":"wp","href":"https:\/\/api.w.org\/{rel}","templated":true}]}}