{"id":119021,"date":"2022-03-07T15:20:13","date_gmt":"2022-03-07T14:20:13","guid":{"rendered":"https:\/\/radioljubuski.ba\/?p=119021"},"modified":"2022-03-07T15:20:14","modified_gmt":"2022-03-07T14:20:14","slug":"boris-johnson-britanija-je-velikodusna-prema-izbjeglicama-ali-nema-ulaska-bez-provjere","status":"publish","type":"post","link":"https:\/\/radioljubuski.ba\/index.php\/2022\/03\/07\/boris-johnson-britanija-je-velikodusna-prema-izbjeglicama-ali-nema-ulaska-bez-provjere\/","title":{"rendered":"Boris Johnson: Britanija je velikodu\u0161na prema izbjeglicama, ali nema ulaska bez provjere"},"content":{"rendered":"\n<p>Britanski premijer Boris Johnson odbio je u ponedjeljak pozive da Britanija olak\u0161a zahtjev za dobivanje vize ukrajinskim izbjeglicama koji bje\u017ee od sukoba, rekav\u0161i da je Britanija velikodu\u0161na zemlja, no da mora provjeravati tko ulazi u zemlju.<\/p>\n\n\n\n<p>&#8220;Vrlo smo, vrlo velikodu\u0161na zemlja. No ono \u0161to \u017eelimo je kontrola i \u017eelimo imati mogu\u0107nost provjere&#8221;, rekao je novinarima. &#8220;Mislim da je to razumno, s obzirom na to \u0161to se doga\u0111a u Ukrajini, da imamo osnovnu mogu\u0107nost provjeriti tko ulazi u zemlju.&#8221;<\/p>\n\n\n\n<p>&#8220;Ono \u0161to ne\u0107emo imati je sustav po kojem ljudi mogu do\u0107i u Veliku Britaniju bez ikakvih provjera i kontrola &#8211; mislim da to nije ispravan pristup &#8211; no ono \u0161to \u0107emo mi imati je stav koji je vrlo, vrlo velikodu\u0161an.&#8221;<\/p>\n\n\n\n<p>&#8220;Dok se situacija u Ukrajini pogor\u0161ava, ljudi \u0107e \u017eeljeti vidjeti da ova zemlja otvara ruke ljudima koji bje\u017ee od progona, od ratne zone.&#8221;<\/p>\n\n\n\n<p>Francuski ministar unutarnjih poslova Gerald Darmanin u nedjelju je &nbsp;pozvao Britance da u\u010dine vi\u0161e za pomo\u0107 ukrajinskim izbjeglicama zapelima u francuskoj luci Calais nakon \u0161to su britanske vlasti mnogima poru\u010dile da zahtjev za vizu podnesu u Parizu i Bruxellesu.<\/p>\n\n\n\n<p>On je kazao kako su stotine ukrajinskih izbjeglica stigle u Calais proteklih dana, nadaju\u0107i se pridru\u017eivanju obiteljima u Velikoj Britaniji, no da je velik dio njih dobio odbijenicu britanskih slu\u017ebenika koji su ih uputili na konzulate u Parizu i Bruxell<\/p>\n\n\n\n<p>Johnson je tako\u0111er rekao da \u0107e razgovarati s ameri\u010dkim predsjednikom Joeom Bidenom i drugim svjetskim \u010delnicima kasnije u ponedjeljak.<\/p>\n\n\n\n<p>Razgovarao je tijekom posjeta britanskoj vojnoj bazi s kanadskim \u010delnikom Justinom Trudeauom i nizozemskim premijerom Markom Rutteom.<\/p>\n\n\n\n<p>Rekao je da Britanija \u017eeli i\u0107i jo\u0161 dalje sa sankcijama, i kod ku\u0107e, i ohrabrivanjem me\u0111unarodnih saveznika da u\u010dine vi\u0161e.<\/p>\n\n\n\n<p>&#8220;Mislim da moramo priznati da trebamo u\u010diniti vi\u0161e po pitanju sankcija, vi\u0161e je toga \u0161to mo\u017eemo u\u010diniti i toga \u0161to mislim da bismo trebali napraviti&#8221;, rekao je Johnson.<\/p>\n\n\n\n<p>Izvor:pogled.ba<\/p>\n","protected":false},"excerpt":{"rendered":"<p>Britanski premijer Boris Johnson odbio je u ponedjeljak pozive da Britanija olak\u0161a zahtjev za dobivanje vize ukrajinskim izbjeglicama koji bje\u017ee od sukoba, rekav\u0161i da je Britanija velikodu\u0161na zemlja, no da mora provjeravati tko ulazi u zemlju. &#8220;Vrlo smo, vrlo velikodu\u0161na zemlja. No ono \u0161to \u017eelimo je kontrola i \u017eelimo imati mogu\u0107nost provjere&#8221;, rekao je novinarima. [&hellip;]<\/p>\n","protected":false},"author":2,"featured_media":107781,"comment_status":"closed","ping_status":"closed","sticky":false,"template":"","format":"standard","meta":{"h5ap_radio_sources":[],"footnotes":""},"categories":[1],"tags":[],"class_list":["post-119021","post","type-post","status-publish","format-standard","has-post-thumbnail","hentry","category-bihiregija"],"yoast_head":"<!-- This site is optimized with the Yoast SEO plugin v27.5 - https:\/\/yoast.com\/product\/yoast-seo-wordpress\/ -->\n<title>Boris Johnson: Britanija je velikodu\u0161na prema izbjeglicama, ali nema ulaska bez provjere - RADIO LJUBU\u0160KI<\/title>\n<meta name=\"robots\" content=\"index, follow, max-snippet:-1, max-image-preview:large, max-video-preview:-1\" \/>\n<link rel=\"canonical\" href=\"https:\/\/radioljubuski.ba\/index.php\/2022\/03\/07\/boris-johnson-britanija-je-velikodusna-prema-izbjeglicama-ali-nema-ulaska-bez-provjere\/\" \/>\n<meta property=\"og:locale\" content=\"hr_HR\" \/>\n<meta property=\"og:type\" content=\"article\" \/>\n<meta property=\"og:title\" content=\"Boris Johnson: Britanija je velikodu\u0161na prema izbjeglicama, ali nema ulaska bez provjere - RADIO LJUBU\u0160KI\" \/>\n<meta property=\"og:description\" content=\"Britanski premijer Boris Johnson odbio je u ponedjeljak pozive da Britanija olak\u0161a zahtjev za dobivanje vize ukrajinskim izbjeglicama koji bje\u017ee od sukoba, rekav\u0161i da je Britanija velikodu\u0161na zemlja, no da mora provjeravati tko ulazi u zemlju. &#8220;Vrlo smo, vrlo velikodu\u0161na zemlja. No ono \u0161to \u017eelimo je kontrola i \u017eelimo imati mogu\u0107nost provjere&#8221;, rekao je novinarima. [&hellip;]\" \/>\n<meta property=\"og:url\" content=\"https:\/\/radioljubuski.ba\/index.php\/2022\/03\/07\/boris-johnson-britanija-je-velikodusna-prema-izbjeglicama-ali-nema-ulaska-bez-provjere\/\" \/>\n<meta property=\"og:site_name\" content=\"RADIO LJUBU\u0160KI\" \/>\n<meta property=\"article:publisher\" content=\"https:\/\/www.facebook.com\/Radiio-Ljubuski-1490835324566332\" \/>\n<meta property=\"article:published_time\" content=\"2022-03-07T14:20:13+00:00\" \/>\n<meta property=\"article:modified_time\" content=\"2022-03-07T14:20:14+00:00\" \/>\n<meta property=\"og:image\" content=\"https:\/\/radioljubuski.ba\/wp-content\/uploads\/2022\/01\/johnson.jpg\" \/>\n\t<meta property=\"og:image:width\" content=\"1000\" \/>\n\t<meta property=\"og:image:height\" content=\"625\" \/>\n\t<meta property=\"og:image:type\" content=\"image\/jpeg\" \/>\n<meta name=\"author\" content=\"Radio Ljubu\u0161ki\" \/>\n<meta name=\"twitter:card\" content=\"summary_large_image\" \/>\n<meta name=\"twitter:creator\" content=\"@radioljubuski\" \/>\n<meta name=\"twitter:site\" content=\"@radioljubuski\" \/>\n<meta name=\"twitter:label1\" content=\"Napisao\/la\" \/>\n\t<meta name=\"twitter:data1\" content=\"Radio Ljubu\u0161ki\" \/>\n\t<meta name=\"twitter:label2\" content=\"Procijenjeno vrijeme \u010ditanja\" \/>\n\t<meta name=\"twitter:data2\" content=\"2 minute\" \/>\n<script type=\"application\/ld+json\" class=\"yoast-schema-graph\">{\"@context\":\"https:\\\/\\\/schema.org\",\"@graph\":[{\"@type\":\"Article\",\"@id\":\"https:\\\/\\\/radioljubuski.ba\\\/index.php\\\/2022\\\/03\\\/07\\\/boris-johnson-britanija-je-velikodusna-prema-izbjeglicama-ali-nema-ulaska-bez-provjere\\\/#article\",\"isPartOf\":{\"@id\":\"https:\\\/\\\/radioljubuski.ba\\\/index.php\\\/2022\\\/03\\\/07\\\/boris-johnson-britanija-je-velikodusna-prema-izbjeglicama-ali-nema-ulaska-bez-provjere\\\/\"},\"author\":{\"name\":\"Radio Ljubu\u0161ki\",\"@id\":\"https:\\\/\\\/radioljubuski.ba\\\/#\\\/schema\\\/person\\\/19fc700381a780f69665d7956c469e3b\"},\"headline\":\"Boris Johnson: Britanija je velikodu\u0161na prema izbjeglicama, ali nema ulaska bez provjere\",\"datePublished\":\"2022-03-07T14:20:13+00:00\",\"dateModified\":\"2022-03-07T14:20:14+00:00\",\"mainEntityOfPage\":{\"@id\":\"https:\\\/\\\/radioljubuski.ba\\\/index.php\\\/2022\\\/03\\\/07\\\/boris-johnson-britanija-je-velikodusna-prema-izbjeglicama-ali-nema-ulaska-bez-provjere\\\/\"},\"wordCount\":352,\"publisher\":{\"@id\":\"https:\\\/\\\/radioljubuski.ba\\\/#organization\"},\"image\":{\"@id\":\"https:\\\/\\\/radioljubuski.ba\\\/index.php\\\/2022\\\/03\\\/07\\\/boris-johnson-britanija-je-velikodusna-prema-izbjeglicama-ali-nema-ulaska-bez-provjere\\\/#primaryimage\"},\"thumbnailUrl\":\"https:\\\/\\\/radioljubuski.ba\\\/wp-content\\\/uploads\\\/2022\\\/01\\\/johnson.jpg\",\"articleSection\":[\"BIH i regija\"],\"inLanguage\":\"hr\"},{\"@type\":\"WebPage\",\"@id\":\"https:\\\/\\\/radioljubuski.ba\\\/index.php\\\/2022\\\/03\\\/07\\\/boris-johnson-britanija-je-velikodusna-prema-izbjeglicama-ali-nema-ulaska-bez-provjere\\\/\",\"url\":\"https:\\\/\\\/radioljubuski.ba\\\/index.php\\\/2022\\\/03\\\/07\\\/boris-johnson-britanija-je-velikodusna-prema-izbjeglicama-ali-nema-ulaska-bez-provjere\\\/\",\"name\":\"Boris Johnson: Britanija je velikodu\u0161na prema izbjeglicama, ali nema ulaska bez provjere - RADIO LJUBU\u0160KI\",\"isPartOf\":{\"@id\":\"https:\\\/\\\/radioljubuski.ba\\\/#website\"},\"primaryImageOfPage\":{\"@id\":\"https:\\\/\\\/radioljubuski.ba\\\/index.php\\\/2022\\\/03\\\/07\\\/boris-johnson-britanija-je-velikodusna-prema-izbjeglicama-ali-nema-ulaska-bez-provjere\\\/#primaryimage\"},\"image\":{\"@id\":\"https:\\\/\\\/radioljubuski.ba\\\/index.php\\\/2022\\\/03\\\/07\\\/boris-johnson-britanija-je-velikodusna-prema-izbjeglicama-ali-nema-ulaska-bez-provjere\\\/#primaryimage\"},\"thumbnailUrl\":\"https:\\\/\\\/radioljubuski.ba\\\/wp-content\\\/uploads\\\/2022\\\/01\\\/johnson.jpg\",\"datePublished\":\"2022-03-07T14:20:13+00:00\",\"dateModified\":\"2022-03-07T14:20:14+00:00\",\"breadcrumb\":{\"@id\":\"https:\\\/\\\/radioljubuski.ba\\\/index.php\\\/2022\\\/03\\\/07\\\/boris-johnson-britanija-je-velikodusna-prema-izbjeglicama-ali-nema-ulaska-bez-provjere\\\/#breadcrumb\"},\"inLanguage\":\"hr\",\"potentialAction\":[{\"@type\":\"ReadAction\",\"target\":[\"https:\\\/\\\/radioljubuski.ba\\\/index.php\\\/2022\\\/03\\\/07\\\/boris-johnson-britanija-je-velikodusna-prema-izbjeglicama-ali-nema-ulaska-bez-provjere\\\/\"]}]},{\"@type\":\"ImageObject\",\"inLanguage\":\"hr\",\"@id\":\"https:\\\/\\\/radioljubuski.ba\\\/index.php\\\/2022\\\/03\\\/07\\\/boris-johnson-britanija-je-velikodusna-prema-izbjeglicama-ali-nema-ulaska-bez-provjere\\\/#primaryimage\",\"url\":\"https:\\\/\\\/radioljubuski.ba\\\/wp-content\\\/uploads\\\/2022\\\/01\\\/johnson.jpg\",\"contentUrl\":\"https:\\\/\\\/radioljubuski.ba\\\/wp-content\\\/uploads\\\/2022\\\/01\\\/johnson.jpg\",\"width\":1000,\"height\":625},{\"@type\":\"BreadcrumbList\",\"@id\":\"https:\\\/\\\/radioljubuski.ba\\\/index.php\\\/2022\\\/03\\\/07\\\/boris-johnson-britanija-je-velikodusna-prema-izbjeglicama-ali-nema-ulaska-bez-provjere\\\/#breadcrumb\",\"itemListElement\":[{\"@type\":\"ListItem\",\"position\":1,\"name\":\"Po\u010detna stranica\",\"item\":\"https:\\\/\\\/radioljubuski.ba\\\/\"},{\"@type\":\"ListItem\",\"position\":2,\"name\":\"Boris Johnson: Britanija je velikodu\u0161na prema izbjeglicama, ali nema ulaska bez provjere\"}]},{\"@type\":\"WebSite\",\"@id\":\"https:\\\/\\\/radioljubuski.ba\\\/#website\",\"url\":\"https:\\\/\\\/radioljubuski.ba\\\/\",\"name\":\"Radio Ljubu\u0161ki\",\"description\":\"Sun\u010dana frekvencija Hercegovine\",\"publisher\":{\"@id\":\"https:\\\/\\\/radioljubuski.ba\\\/#organization\"},\"potentialAction\":[{\"@type\":\"SearchAction\",\"target\":{\"@type\":\"EntryPoint\",\"urlTemplate\":\"https:\\\/\\\/radioljubuski.ba\\\/?s={search_term_string}\"},\"query-input\":{\"@type\":\"PropertyValueSpecification\",\"valueRequired\":true,\"valueName\":\"search_term_string\"}}],\"inLanguage\":\"hr\"},{\"@type\":\"Organization\",\"@id\":\"https:\\\/\\\/radioljubuski.ba\\\/#organization\",\"name\":\"Radio Ljubu\u0161ki\",\"url\":\"https:\\\/\\\/radioljubuski.ba\\\/\",\"logo\":{\"@type\":\"ImageObject\",\"inLanguage\":\"hr\",\"@id\":\"https:\\\/\\\/radioljubuski.ba\\\/#\\\/schema\\\/logo\\\/image\\\/\",\"url\":\"https:\\\/\\\/radioljubuski.ba\\\/wp-content\\\/uploads\\\/2021\\\/02\\\/cropped-Radio_Ljubuski_logo1.jpg\",\"contentUrl\":\"https:\\\/\\\/radioljubuski.ba\\\/wp-content\\\/uploads\\\/2021\\\/02\\\/cropped-Radio_Ljubuski_logo1.jpg\",\"width\":512,\"height\":512,\"caption\":\"Radio Ljubu\u0161ki\"},\"image\":{\"@id\":\"https:\\\/\\\/radioljubuski.ba\\\/#\\\/schema\\\/logo\\\/image\\\/\"},\"sameAs\":[\"https:\\\/\\\/www.facebook.com\\\/Radiio-Ljubuski-1490835324566332\",\"https:\\\/\\\/x.com\\\/radioljubuski\",\"https:\\\/\\\/hr.linkedin.com\\\/company\\\/radio-ljubuski\",\"https:\\\/\\\/www.youtube.com\\\/channel\\\/UCHYaeO_n0Db3tjNGudGpXyw\"]},{\"@type\":\"Person\",\"@id\":\"https:\\\/\\\/radioljubuski.ba\\\/#\\\/schema\\\/person\\\/19fc700381a780f69665d7956c469e3b\",\"name\":\"Radio Ljubu\u0161ki\"}]}<\/script>\n<!-- \/ Yoast SEO plugin. -->","yoast_head_json":{"title":"Boris Johnson: Britanija je velikodu\u0161na prema izbjeglicama, ali nema ulaska bez provjere - RADIO LJUBU\u0160KI","robots":{"index":"index","follow":"follow","max-snippet":"max-snippet:-1","max-image-preview":"max-image-preview:large","max-video-preview":"max-video-preview:-1"},"canonical":"https:\/\/radioljubuski.ba\/index.php\/2022\/03\/07\/boris-johnson-britanija-je-velikodusna-prema-izbjeglicama-ali-nema-ulaska-bez-provjere\/","og_locale":"hr_HR","og_type":"article","og_title":"Boris Johnson: Britanija je velikodu\u0161na prema izbjeglicama, ali nema ulaska bez provjere - RADIO LJUBU\u0160KI","og_description":"Britanski premijer Boris Johnson odbio je u ponedjeljak pozive da Britanija olak\u0161a zahtjev za dobivanje vize ukrajinskim izbjeglicama koji bje\u017ee od sukoba, rekav\u0161i da je Britanija velikodu\u0161na zemlja, no da mora provjeravati tko ulazi u zemlju. &#8220;Vrlo smo, vrlo velikodu\u0161na zemlja. No ono \u0161to \u017eelimo je kontrola i \u017eelimo imati mogu\u0107nost provjere&#8221;, rekao je novinarima. [&hellip;]","og_url":"https:\/\/radioljubuski.ba\/index.php\/2022\/03\/07\/boris-johnson-britanija-je-velikodusna-prema-izbjeglicama-ali-nema-ulaska-bez-provjere\/","og_site_name":"RADIO LJUBU\u0160KI","article_publisher":"https:\/\/www.facebook.com\/Radiio-Ljubuski-1490835324566332","article_published_time":"2022-03-07T14:20:13+00:00","article_modified_time":"2022-03-07T14:20:14+00:00","og_image":[{"width":1000,"height":625,"url":"https:\/\/radioljubuski.ba\/wp-content\/uploads\/2022\/01\/johnson.jpg","type":"image\/jpeg"}],"author":"Radio Ljubu\u0161ki","twitter_card":"summary_large_image","twitter_creator":"@radioljubuski","twitter_site":"@radioljubuski","twitter_misc":{"Napisao\/la":"Radio Ljubu\u0161ki","Procijenjeno vrijeme \u010ditanja":"2 minute"},"schema":{"@context":"https:\/\/schema.org","@graph":[{"@type":"Article","@id":"https:\/\/radioljubuski.ba\/index.php\/2022\/03\/07\/boris-johnson-britanija-je-velikodusna-prema-izbjeglicama-ali-nema-ulaska-bez-provjere\/#article","isPartOf":{"@id":"https:\/\/radioljubuski.ba\/index.php\/2022\/03\/07\/boris-johnson-britanija-je-velikodusna-prema-izbjeglicama-ali-nema-ulaska-bez-provjere\/"},"author":{"name":"Radio Ljubu\u0161ki","@id":"https:\/\/radioljubuski.ba\/#\/schema\/person\/19fc700381a780f69665d7956c469e3b"},"headline":"Boris Johnson: Britanija je velikodu\u0161na prema izbjeglicama, ali nema ulaska bez provjere","datePublished":"2022-03-07T14:20:13+00:00","dateModified":"2022-03-07T14:20:14+00:00","mainEntityOfPage":{"@id":"https:\/\/radioljubuski.ba\/index.php\/2022\/03\/07\/boris-johnson-britanija-je-velikodusna-prema-izbjeglicama-ali-nema-ulaska-bez-provjere\/"},"wordCount":352,"publisher":{"@id":"https:\/\/radioljubuski.ba\/#organization"},"image":{"@id":"https:\/\/radioljubuski.ba\/index.php\/2022\/03\/07\/boris-johnson-britanija-je-velikodusna-prema-izbjeglicama-ali-nema-ulaska-bez-provjere\/#primaryimage"},"thumbnailUrl":"https:\/\/radioljubuski.ba\/wp-content\/uploads\/2022\/01\/johnson.jpg","articleSection":["BIH i regija"],"inLanguage":"hr"},{"@type":"WebPage","@id":"https:\/\/radioljubuski.ba\/index.php\/2022\/03\/07\/boris-johnson-britanija-je-velikodusna-prema-izbjeglicama-ali-nema-ulaska-bez-provjere\/","url":"https:\/\/radioljubuski.ba\/index.php\/2022\/03\/07\/boris-johnson-britanija-je-velikodusna-prema-izbjeglicama-ali-nema-ulaska-bez-provjere\/","name":"Boris Johnson: Britanija je velikodu\u0161na prema izbjeglicama, ali nema ulaska bez provjere - RADIO LJUBU\u0160KI","isPartOf":{"@id":"https:\/\/radioljubuski.ba\/#website"},"primaryImageOfPage":{"@id":"https:\/\/radioljubuski.ba\/index.php\/2022\/03\/07\/boris-johnson-britanija-je-velikodusna-prema-izbjeglicama-ali-nema-ulaska-bez-provjere\/#primaryimage"},"image":{"@id":"https:\/\/radioljubuski.ba\/index.php\/2022\/03\/07\/boris-johnson-britanija-je-velikodusna-prema-izbjeglicama-ali-nema-ulaska-bez-provjere\/#primaryimage"},"thumbnailUrl":"https:\/\/radioljubuski.ba\/wp-content\/uploads\/2022\/01\/johnson.jpg","datePublished":"2022-03-07T14:20:13+00:00","dateModified":"2022-03-07T14:20:14+00:00","breadcrumb":{"@id":"https:\/\/radioljubuski.ba\/index.php\/2022\/03\/07\/boris-johnson-britanija-je-velikodusna-prema-izbjeglicama-ali-nema-ulaska-bez-provjere\/#breadcrumb"},"inLanguage":"hr","potentialAction":[{"@type":"ReadAction","target":["https:\/\/radioljubuski.ba\/index.php\/2022\/03\/07\/boris-johnson-britanija-je-velikodusna-prema-izbjeglicama-ali-nema-ulaska-bez-provjere\/"]}]},{"@type":"ImageObject","inLanguage":"hr","@id":"https:\/\/radioljubuski.ba\/index.php\/2022\/03\/07\/boris-johnson-britanija-je-velikodusna-prema-izbjeglicama-ali-nema-ulaska-bez-provjere\/#primaryimage","url":"https:\/\/radioljubuski.ba\/wp-content\/uploads\/2022\/01\/johnson.jpg","contentUrl":"https:\/\/radioljubuski.ba\/wp-content\/uploads\/2022\/01\/johnson.jpg","width":1000,"height":625},{"@type":"BreadcrumbList","@id":"https:\/\/radioljubuski.ba\/index.php\/2022\/03\/07\/boris-johnson-britanija-je-velikodusna-prema-izbjeglicama-ali-nema-ulaska-bez-provjere\/#breadcrumb","itemListElement":[{"@type":"ListItem","position":1,"name":"Po\u010detna stranica","item":"https:\/\/radioljubuski.ba\/"},{"@type":"ListItem","position":2,"name":"Boris Johnson: Britanija je velikodu\u0161na prema izbjeglicama, ali nema ulaska bez provjere"}]},{"@type":"WebSite","@id":"https:\/\/radioljubuski.ba\/#website","url":"https:\/\/radioljubuski.ba\/","name":"Radio Ljubu\u0161ki","description":"Sun\u010dana frekvencija Hercegovine","publisher":{"@id":"https:\/\/radioljubuski.ba\/#organization"},"potentialAction":[{"@type":"SearchAction","target":{"@type":"EntryPoint","urlTemplate":"https:\/\/radioljubuski.ba\/?s={search_term_string}"},"query-input":{"@type":"PropertyValueSpecification","valueRequired":true,"valueName":"search_term_string"}}],"inLanguage":"hr"},{"@type":"Organization","@id":"https:\/\/radioljubuski.ba\/#organization","name":"Radio Ljubu\u0161ki","url":"https:\/\/radioljubuski.ba\/","logo":{"@type":"ImageObject","inLanguage":"hr","@id":"https:\/\/radioljubuski.ba\/#\/schema\/logo\/image\/","url":"https:\/\/radioljubuski.ba\/wp-content\/uploads\/2021\/02\/cropped-Radio_Ljubuski_logo1.jpg","contentUrl":"https:\/\/radioljubuski.ba\/wp-content\/uploads\/2021\/02\/cropped-Radio_Ljubuski_logo1.jpg","width":512,"height":512,"caption":"Radio Ljubu\u0161ki"},"image":{"@id":"https:\/\/radioljubuski.ba\/#\/schema\/logo\/image\/"},"sameAs":["https:\/\/www.facebook.com\/Radiio-Ljubuski-1490835324566332","https:\/\/x.com\/radioljubuski","https:\/\/hr.linkedin.com\/company\/radio-ljubuski","https:\/\/www.youtube.com\/channel\/UCHYaeO_n0Db3tjNGudGpXyw"]},{"@type":"Person","@id":"https:\/\/radioljubuski.ba\/#\/schema\/person\/19fc700381a780f69665d7956c469e3b","name":"Radio Ljubu\u0161ki"}]}},"_links":{"self":[{"href":"https:\/\/radioljubuski.ba\/index.php\/wp-json\/wp\/v2\/posts\/119021","targetHints":{"allow":["GET"]}}],"collection":[{"href":"https:\/\/radioljubuski.ba\/index.php\/wp-json\/wp\/v2\/posts"}],"about":[{"href":"https:\/\/radioljubuski.ba\/index.php\/wp-json\/wp\/v2\/types\/post"}],"author":[{"embeddable":true,"href":"https:\/\/radioljubuski.ba\/index.php\/wp-json\/wp\/v2\/users\/2"}],"replies":[{"embeddable":true,"href":"https:\/\/radioljubuski.ba\/index.php\/wp-json\/wp\/v2\/comments?post=119021"}],"version-history":[{"count":1,"href":"https:\/\/radioljubuski.ba\/index.php\/wp-json\/wp\/v2\/posts\/119021\/revisions"}],"predecessor-version":[{"id":119022,"href":"https:\/\/radioljubuski.ba\/index.php\/wp-json\/wp\/v2\/posts\/119021\/revisions\/119022"}],"wp:featuredmedia":[{"embeddable":true,"href":"https:\/\/radioljubuski.ba\/index.php\/wp-json\/wp\/v2\/media\/107781"}],"wp:attachment":[{"href":"https:\/\/radioljubuski.ba\/index.php\/wp-json\/wp\/v2\/media?parent=119021"}],"wp:term":[{"taxonomy":"category","embeddable":true,"href":"https:\/\/radioljubuski.ba\/index.php\/wp-json\/wp\/v2\/categories?post=119021"},{"taxonomy":"post_tag","embeddable":true,"href":"https:\/\/radioljubuski.ba\/index.php\/wp-json\/wp\/v2\/tags?post=119021"}],"curies":[{"name":"wp","href":"https:\/\/api.w.org\/{rel}","templated":true}]}}